{"id":208373,"date":"2023-09-04T08:43:00","date_gmt":"2023-09-04T08:43:00","guid":{"rendered":"https:\/\/www.webdo.tn\/fr\/blog\/le-journaliste-khelifa-guesmi-arrete\/208373\/"},"modified":"2025-05-20T21:57:35","modified_gmt":"2025-05-20T21:57:35","slug":"le-journaliste-khelifa-guesmi-arrete","status":"publish","type":"post","link":"https:\/\/www.webdo.tn\/fr\/actualite\/national\/le-journaliste-khelifa-guesmi-arrete\/208373\/","title":{"rendered":"Le journaliste Khelifa Guesmi arr\u00eat\u00e9"},"content":{"rendered":"<p>Le journaliste Khelifa Guesmi a \u00e9t\u00e9 arr\u00eat\u00e9, hier, rapporte Mosaique FM.<\/p>\n<p>\t\t\t\t\t\t\t\t\tKhelifa Guesmi, journaliste et correspondant de Mosa\u00efque FM \u00e0 Kairouan, a \u00e9t\u00e9 arr\u00eat\u00e9, dimanche 3 septembre, par une unit\u00e9 s\u00e9curitaire.<\/p>\n<p>En \u00e9tat de libert\u00e9 dans l\u2019attente de l\u2019audience et du verdict de la cour de cassation dans l\u2019affaire du d\u00e9mant\u00e8lement d\u2019une cellule terroriste \u00e0 Kairouan, Khelifa Guesmi \u00e9tait sous le coup d\u2019une condamnation \u00e0 5 ans de prison.<\/p>\n<p>Condamn\u00e9, dans un premier temps \u00e0 un an de prison pour avoir refus\u00e9 de r\u00e9v\u00e9ler ses sources, sur fond de la publication d\u2019une information sur le d\u00e9mant\u00e8lement d\u2019une cellule terroriste \u00e0 Kairouan, Khelifa Guesmi avait \u00e9cop\u00e9 d\u2019une peine de cinq ans de prison, le 16 mai dernier.<\/p>\n<p>En novembre 2022, la Chambre p\u00e9nale sp\u00e9cialis\u00e9e dans les affaires de lutte contre le terrorisme au Tribunal de premi\u00e8re instance de Tunis, avait condamn\u00e9, Khelifa Guesmi \u00e0 un an de prison.<\/p>\n<p>Sa condamnation est en rapport avec l\u2019affaire de la publication d\u2019une information selon laquelle une cellule terroriste aurait \u00e9t\u00e9 d\u00e9mantel\u00e9e \u00e0 Kairouan.<\/p>\n<p>Il est accus\u00e9 d\u2019avoir \u00ab\u00a0divulgu\u00e9 intentionnellement l&rsquo;une des informations relatives aux op\u00e9rations d&rsquo;interception, d&rsquo;infiltration, de surveillance audiovisuelle ou des donn\u00e9es qui y sont collect\u00e9es\u00a0\u00bb.<\/p>\n<p>Khelifa Guesmi avait \u00e9t\u00e9 plac\u00e9 en garde \u00e0 vue le 18 mars 2022, le journaliste ayant refus\u00e9 de divulguer ses sources d\u2019information.\u00a0Il avait \u00e9t\u00e9 lib\u00e9r\u00e9 le 25 mars 2022 apr\u00e8s une semaine de garde \u00e0 vue.<\/p>\n","protected":false},"excerpt":{"rendered":"<p>Le journaliste Khelifa Guesmi a \u00e9t\u00e9 arr\u00eat\u00e9, hier, rapporte Mosaique FM.<\/p>\n","protected":false},"author":3162,"featured_media":249406,"comment_status":"open","ping_status":"closed","sticky":false,"template":"","format":"standard","meta":{"footnotes":""},"categories":[44],"tags":[2966,6889],"class_list":["post-208373","post","type-post","status-publish","format-standard","has-post-thumbnail","hentry","category-national","tag-arrestation","tag-khelifa-guesmi"],"yoast_head":"<!-- This site is optimized with the Yoast SEO Premium plugin v27.4 (Yoast SEO v27.5) - https:\/\/yoast.com\/product\/yoast-seo-premium-wordpress\/ -->\n<title>Le journaliste Khelifa Guesmi arr\u00eat\u00e9<\/title>\n<meta name=\"description\" content=\"Le journaliste Khelifa Guesmi a \u00e9t\u00e9 arr\u00eat\u00e9, hier, rapporte Mosaique FM.\" \/>\n<link rel=\"canonical\" href=\"https:\/\/www.webdo.tn\/fr\/actualite\/national\/le-journaliste-khelifa-guesmi-arrete\/208373\/\" \/>\n<meta property=\"og:locale\" content=\"fr_FR\" \/>\n<meta property=\"og:type\" content=\"article\" \/>\n<meta property=\"og:title\" content=\"Le journaliste Khelifa Guesmi arr\u00eat\u00e9\" \/>\n<meta property=\"og:description\" content=\"Le journaliste Khelifa Guesmi a \u00e9t\u00e9 arr\u00eat\u00e9, hier, rapporte Mosaique FM.\" \/>\n<meta property=\"og:url\" content=\"https:\/\/www.webdo.tn\/fr\/actualite\/national\/le-journaliste-khelifa-guesmi-arrete\/208373\/\" \/>\n<meta property=\"og:site_name\" content=\"webdo\" \/>\n<meta property=\"article:publisher\" content=\"https:\/\/www.facebook.com\/webdotn\" \/>\n<meta property=\"article:published_time\" content=\"2023-09-04T08:43:00+00:00\" \/>\n<meta property=\"article:modified_time\" content=\"2025-05-20T21:57:35+00:00\" \/>\n<meta property=\"og:image\" content=\"https:\/\/www.webdo.tn\/fr\/wp-content\/uploads\/2023\/09\/6798fd8634a8064490664d3f3dc16f87.jpg\" \/>\n\t<meta property=\"og:image:width\" content=\"703\" \/>\n\t<meta property=\"og:image:height\" content=\"375\" \/>\n\t<meta property=\"og:image:type\" content=\"image\/jpeg\" \/>\n<meta name=\"author\" content=\"MC\" \/>\n<meta name=\"twitter:card\" content=\"summary_large_image\" \/>\n<meta name=\"twitter:creator\" content=\"@webdo_tn\" \/>\n<meta name=\"twitter:site\" content=\"@webdo_tn\" \/>\n<meta name=\"twitter:label1\" content=\"\u00c9crit par\" \/>\n\t<meta name=\"twitter:data1\" content=\"MC\" \/>\n\t<meta name=\"twitter:label2\" content=\"Dur\u00e9e de lecture estim\u00e9e\" \/>\n\t<meta name=\"twitter:data2\" content=\"1 minute\" \/>\n<script type=\"application\/ld+json\" class=\"yoast-schema-graph\">{\"@context\":\"https:\\\/\\\/schema.org\",\"@graph\":[{\"@type\":\"NewsArticle\",\"@id\":\"https:\\\/\\\/www.webdo.tn\\\/fr\\\/actualite\\\/national\\\/le-journaliste-khelifa-guesmi-arrete\\\/208373\\\/#article\",\"isPartOf\":{\"@id\":\"https:\\\/\\\/www.webdo.tn\\\/fr\\\/actualite\\\/national\\\/le-journaliste-khelifa-guesmi-arrete\\\/208373\\\/\"},\"author\":{\"name\":\"MC\",\"@id\":\"https:\\\/\\\/www.webdo.tn\\\/fr\\\/#\\\/schema\\\/person\\\/2c4929cbf5a809e3bd38617c6ce150f6\"},\"headline\":\"Le journaliste Khelifa Guesmi arr\u00eat\u00e9\",\"datePublished\":\"2023-09-04T08:43:00+00:00\",\"dateModified\":\"2025-05-20T21:57:35+00:00\",\"mainEntityOfPage\":{\"@id\":\"https:\\\/\\\/www.webdo.tn\\\/fr\\\/actualite\\\/national\\\/le-journaliste-khelifa-guesmi-arrete\\\/208373\\\/\"},\"wordCount\":255,\"commentCount\":0,\"publisher\":{\"@id\":\"https:\\\/\\\/www.webdo.tn\\\/fr\\\/#organization\"},\"image\":{\"@id\":\"https:\\\/\\\/www.webdo.tn\\\/fr\\\/actualite\\\/national\\\/le-journaliste-khelifa-guesmi-arrete\\\/208373\\\/#primaryimage\"},\"thumbnailUrl\":\"https:\\\/\\\/www.webdo.tn\\\/fr\\\/wp-content\\\/uploads\\\/2023\\\/09\\\/6798fd8634a8064490664d3f3dc16f87.jpg\",\"keywords\":[\"arrestation\",\"khelifa guesmi\"],\"articleSection\":[\"National\"],\"inLanguage\":\"fr-FR\"},{\"@type\":\"WebPage\",\"@id\":\"https:\\\/\\\/www.webdo.tn\\\/fr\\\/actualite\\\/national\\\/le-journaliste-khelifa-guesmi-arrete\\\/208373\\\/\",\"url\":\"https:\\\/\\\/www.webdo.tn\\\/fr\\\/actualite\\\/national\\\/le-journaliste-khelifa-guesmi-arrete\\\/208373\\\/\",\"name\":\"Le journaliste Khelifa Guesmi arr\u00eat\u00e9\",\"isPartOf\":{\"@id\":\"https:\\\/\\\/www.webdo.tn\\\/fr\\\/#website\"},\"primaryImageOfPage\":{\"@id\":\"https:\\\/\\\/www.webdo.tn\\\/fr\\\/actualite\\\/national\\\/le-journaliste-khelifa-guesmi-arrete\\\/208373\\\/#primaryimage\"},\"image\":{\"@id\":\"https:\\\/\\\/www.webdo.tn\\\/fr\\\/actualite\\\/national\\\/le-journaliste-khelifa-guesmi-arrete\\\/208373\\\/#primaryimage\"},\"thumbnailUrl\":\"https:\\\/\\\/www.webdo.tn\\\/fr\\\/wp-content\\\/uploads\\\/2023\\\/09\\\/6798fd8634a8064490664d3f3dc16f87.jpg\",\"datePublished\":\"2023-09-04T08:43:00+00:00\",\"dateModified\":\"2025-05-20T21:57:35+00:00\",\"description\":\"Le journaliste Khelifa Guesmi a \u00e9t\u00e9 arr\u00eat\u00e9, hier, rapporte Mosaique FM.\",\"breadcrumb\":{\"@id\":\"https:\\\/\\\/www.webdo.tn\\\/fr\\\/actualite\\\/national\\\/le-journaliste-khelifa-guesmi-arrete\\\/208373\\\/#breadcrumb\"},\"inLanguage\":\"fr-FR\",\"potentialAction\":[{\"@type\":\"ReadAction\",\"target\":[\"https:\\\/\\\/www.webdo.tn\\\/fr\\\/actualite\\\/national\\\/le-journaliste-khelifa-guesmi-arrete\\\/208373\\\/\"]}]},{\"@type\":\"ImageObject\",\"inLanguage\":\"fr-FR\",\"@id\":\"https:\\\/\\\/www.webdo.tn\\\/fr\\\/actualite\\\/national\\\/le-journaliste-khelifa-guesmi-arrete\\\/208373\\\/#primaryimage\",\"url\":\"https:\\\/\\\/www.webdo.tn\\\/fr\\\/wp-content\\\/uploads\\\/2023\\\/09\\\/6798fd8634a8064490664d3f3dc16f87.jpg\",\"contentUrl\":\"https:\\\/\\\/www.webdo.tn\\\/fr\\\/wp-content\\\/uploads\\\/2023\\\/09\\\/6798fd8634a8064490664d3f3dc16f87.jpg\",\"width\":703,\"height\":375,\"caption\":\"Le journaliste Khelifa Guesmi arr\u00eat\u00e9\"},{\"@type\":\"BreadcrumbList\",\"@id\":\"https:\\\/\\\/www.webdo.tn\\\/fr\\\/actualite\\\/national\\\/le-journaliste-khelifa-guesmi-arrete\\\/208373\\\/#breadcrumb\",\"itemListElement\":[{\"@type\":\"ListItem\",\"position\":1,\"name\":\"Accueil\",\"item\":\"https:\\\/\\\/www.webdo.tn\\\/fr\\\/\"},{\"@type\":\"ListItem\",\"position\":2,\"name\":\"Le journaliste Khelifa Guesmi arr\u00eat\u00e9\"}]},{\"@type\":\"WebSite\",\"@id\":\"https:\\\/\\\/www.webdo.tn\\\/fr\\\/#website\",\"url\":\"https:\\\/\\\/www.webdo.tn\\\/fr\\\/\",\"name\":\"webdo\",\"description\":\"Tunisie - News en Tunisie et \u00e0 l&#039;international sur Webdo.tn\",\"publisher\":{\"@id\":\"https:\\\/\\\/www.webdo.tn\\\/fr\\\/#organization\"},\"potentialAction\":[{\"@type\":\"SearchAction\",\"target\":{\"@type\":\"EntryPoint\",\"urlTemplate\":\"https:\\\/\\\/www.webdo.tn\\\/fr\\\/?s={search_term_string}\"},\"query-input\":{\"@type\":\"PropertyValueSpecification\",\"valueRequired\":true,\"valueName\":\"search_term_string\"}}],\"inLanguage\":\"fr-FR\"},{\"@type\":\"Organization\",\"@id\":\"https:\\\/\\\/www.webdo.tn\\\/fr\\\/#organization\",\"name\":\"Webdo\",\"alternateName\":\"Webdo.tn\",\"url\":\"https:\\\/\\\/www.webdo.tn\\\/fr\\\/\",\"logo\":{\"@type\":\"ImageObject\",\"inLanguage\":\"fr-FR\",\"@id\":\"https:\\\/\\\/www.webdo.tn\\\/fr\\\/#\\\/schema\\\/logo\\\/image\\\/\",\"url\":\"https:\\\/\\\/www.webdo.tn\\\/fr\\\/wp-content\\\/uploads\\\/2025\\\/06\\\/Webdo-Tunisie_168377.jpg\",\"contentUrl\":\"https:\\\/\\\/www.webdo.tn\\\/fr\\\/wp-content\\\/uploads\\\/2025\\\/06\\\/Webdo-Tunisie_168377.jpg\",\"width\":301,\"height\":301,\"caption\":\"Webdo\"},\"image\":{\"@id\":\"https:\\\/\\\/www.webdo.tn\\\/fr\\\/#\\\/schema\\\/logo\\\/image\\\/\"},\"sameAs\":[\"https:\\\/\\\/www.facebook.com\\\/webdotn\",\"https:\\\/\\\/x.com\\\/webdo_tn\"],\"description\":\"Webdo est un m\u00e9dia num\u00e9rique tunisien fond\u00e9 en 2010, sp\u00e9cialis\u00e9 dans l\u2019actualit\u00e9 nationale et internationale, l\u2019\u00e9conomie, la soci\u00e9t\u00e9 et les analyses politiques. Le site s\u2019adresse \u00e0 un large public francophone et couvre l\u2019information tunisienne en temps r\u00e9el.\",\"email\":\"redac@webdo.tn\",\"legalName\":\"YNJ SARL\",\"foundingDate\":\"2010-09-06\",\"numberOfEmployees\":{\"@type\":\"QuantitativeValue\",\"minValue\":\"11\",\"maxValue\":\"50\"}},{\"@type\":\"Person\",\"@id\":\"https:\\\/\\\/www.webdo.tn\\\/fr\\\/#\\\/schema\\\/person\\\/2c4929cbf5a809e3bd38617c6ce150f6\",\"name\":\"MC\",\"image\":{\"@type\":\"ImageObject\",\"inLanguage\":\"fr-FR\",\"@id\":\"https:\\\/\\\/secure.gravatar.com\\\/avatar\\\/a545bbb6f84efdd5553dbbc2895e3ca8f1d12c5215e00a041c9670b54aa9b18a?s=96&d=mm&r=g\",\"url\":\"https:\\\/\\\/secure.gravatar.com\\\/avatar\\\/a545bbb6f84efdd5553dbbc2895e3ca8f1d12c5215e00a041c9670b54aa9b18a?s=96&d=mm&r=g\",\"contentUrl\":\"https:\\\/\\\/secure.gravatar.com\\\/avatar\\\/a545bbb6f84efdd5553dbbc2895e3ca8f1d12c5215e00a041c9670b54aa9b18a?s=96&d=mm&r=g\",\"caption\":\"MC\"},\"url\":\"https:\\\/\\\/www.webdo.tn\\\/fr\\\/actualite\\\/author\\\/mc\\\/\"}]}<\/script>\n<!-- \/ Yoast SEO Premium plugin. -->","yoast_head_json":{"title":"Le journaliste Khelifa Guesmi arr\u00eat\u00e9","description":"Le journaliste Khelifa Guesmi a \u00e9t\u00e9 arr\u00eat\u00e9, hier, rapporte Mosaique FM.","canonical":"https:\/\/www.webdo.tn\/fr\/actualite\/national\/le-journaliste-khelifa-guesmi-arrete\/208373\/","og_locale":"fr_FR","og_type":"article","og_title":"Le journaliste Khelifa Guesmi arr\u00eat\u00e9","og_description":"Le journaliste Khelifa Guesmi a \u00e9t\u00e9 arr\u00eat\u00e9, hier, rapporte Mosaique FM.","og_url":"https:\/\/www.webdo.tn\/fr\/actualite\/national\/le-journaliste-khelifa-guesmi-arrete\/208373\/","og_site_name":"webdo","article_publisher":"https:\/\/www.facebook.com\/webdotn","article_published_time":"2023-09-04T08:43:00+00:00","article_modified_time":"2025-05-20T21:57:35+00:00","og_image":[{"width":703,"height":375,"url":"https:\/\/www.webdo.tn\/fr\/wp-content\/uploads\/2023\/09\/6798fd8634a8064490664d3f3dc16f87.jpg","type":"image\/jpeg"}],"author":"MC","twitter_card":"summary_large_image","twitter_creator":"@webdo_tn","twitter_site":"@webdo_tn","twitter_misc":{"\u00c9crit par":"MC","Dur\u00e9e de lecture estim\u00e9e":"1 minute"},"schema":{"@context":"https:\/\/schema.org","@graph":[{"@type":"NewsArticle","@id":"https:\/\/www.webdo.tn\/fr\/actualite\/national\/le-journaliste-khelifa-guesmi-arrete\/208373\/#article","isPartOf":{"@id":"https:\/\/www.webdo.tn\/fr\/actualite\/national\/le-journaliste-khelifa-guesmi-arrete\/208373\/"},"author":{"name":"MC","@id":"https:\/\/www.webdo.tn\/fr\/#\/schema\/person\/2c4929cbf5a809e3bd38617c6ce150f6"},"headline":"Le journaliste Khelifa Guesmi arr\u00eat\u00e9","datePublished":"2023-09-04T08:43:00+00:00","dateModified":"2025-05-20T21:57:35+00:00","mainEntityOfPage":{"@id":"https:\/\/www.webdo.tn\/fr\/actualite\/national\/le-journaliste-khelifa-guesmi-arrete\/208373\/"},"wordCount":255,"commentCount":0,"publisher":{"@id":"https:\/\/www.webdo.tn\/fr\/#organization"},"image":{"@id":"https:\/\/www.webdo.tn\/fr\/actualite\/national\/le-journaliste-khelifa-guesmi-arrete\/208373\/#primaryimage"},"thumbnailUrl":"https:\/\/www.webdo.tn\/fr\/wp-content\/uploads\/2023\/09\/6798fd8634a8064490664d3f3dc16f87.jpg","keywords":["arrestation","khelifa guesmi"],"articleSection":["National"],"inLanguage":"fr-FR"},{"@type":"WebPage","@id":"https:\/\/www.webdo.tn\/fr\/actualite\/national\/le-journaliste-khelifa-guesmi-arrete\/208373\/","url":"https:\/\/www.webdo.tn\/fr\/actualite\/national\/le-journaliste-khelifa-guesmi-arrete\/208373\/","name":"Le journaliste Khelifa Guesmi arr\u00eat\u00e9","isPartOf":{"@id":"https:\/\/www.webdo.tn\/fr\/#website"},"primaryImageOfPage":{"@id":"https:\/\/www.webdo.tn\/fr\/actualite\/national\/le-journaliste-khelifa-guesmi-arrete\/208373\/#primaryimage"},"image":{"@id":"https:\/\/www.webdo.tn\/fr\/actualite\/national\/le-journaliste-khelifa-guesmi-arrete\/208373\/#primaryimage"},"thumbnailUrl":"https:\/\/www.webdo.tn\/fr\/wp-content\/uploads\/2023\/09\/6798fd8634a8064490664d3f3dc16f87.jpg","datePublished":"2023-09-04T08:43:00+00:00","dateModified":"2025-05-20T21:57:35+00:00","description":"Le journaliste Khelifa Guesmi a \u00e9t\u00e9 arr\u00eat\u00e9, hier, rapporte Mosaique FM.","breadcrumb":{"@id":"https:\/\/www.webdo.tn\/fr\/actualite\/national\/le-journaliste-khelifa-guesmi-arrete\/208373\/#breadcrumb"},"inLanguage":"fr-FR","potentialAction":[{"@type":"ReadAction","target":["https:\/\/www.webdo.tn\/fr\/actualite\/national\/le-journaliste-khelifa-guesmi-arrete\/208373\/"]}]},{"@type":"ImageObject","inLanguage":"fr-FR","@id":"https:\/\/www.webdo.tn\/fr\/actualite\/national\/le-journaliste-khelifa-guesmi-arrete\/208373\/#primaryimage","url":"https:\/\/www.webdo.tn\/fr\/wp-content\/uploads\/2023\/09\/6798fd8634a8064490664d3f3dc16f87.jpg","contentUrl":"https:\/\/www.webdo.tn\/fr\/wp-content\/uploads\/2023\/09\/6798fd8634a8064490664d3f3dc16f87.jpg","width":703,"height":375,"caption":"Le journaliste Khelifa Guesmi arr\u00eat\u00e9"},{"@type":"BreadcrumbList","@id":"https:\/\/www.webdo.tn\/fr\/actualite\/national\/le-journaliste-khelifa-guesmi-arrete\/208373\/#breadcrumb","itemListElement":[{"@type":"ListItem","position":1,"name":"Accueil","item":"https:\/\/www.webdo.tn\/fr\/"},{"@type":"ListItem","position":2,"name":"Le journaliste Khelifa Guesmi arr\u00eat\u00e9"}]},{"@type":"WebSite","@id":"https:\/\/www.webdo.tn\/fr\/#website","url":"https:\/\/www.webdo.tn\/fr\/","name":"webdo","description":"Tunisie - News en Tunisie et \u00e0 l&#039;international sur Webdo.tn","publisher":{"@id":"https:\/\/www.webdo.tn\/fr\/#organization"},"potentialAction":[{"@type":"SearchAction","target":{"@type":"EntryPoint","urlTemplate":"https:\/\/www.webdo.tn\/fr\/?s={search_term_string}"},"query-input":{"@type":"PropertyValueSpecification","valueRequired":true,"valueName":"search_term_string"}}],"inLanguage":"fr-FR"},{"@type":"Organization","@id":"https:\/\/www.webdo.tn\/fr\/#organization","name":"Webdo","alternateName":"Webdo.tn","url":"https:\/\/www.webdo.tn\/fr\/","logo":{"@type":"ImageObject","inLanguage":"fr-FR","@id":"https:\/\/www.webdo.tn\/fr\/#\/schema\/logo\/image\/","url":"https:\/\/www.webdo.tn\/fr\/wp-content\/uploads\/2025\/06\/Webdo-Tunisie_168377.jpg","contentUrl":"https:\/\/www.webdo.tn\/fr\/wp-content\/uploads\/2025\/06\/Webdo-Tunisie_168377.jpg","width":301,"height":301,"caption":"Webdo"},"image":{"@id":"https:\/\/www.webdo.tn\/fr\/#\/schema\/logo\/image\/"},"sameAs":["https:\/\/www.facebook.com\/webdotn","https:\/\/x.com\/webdo_tn"],"description":"Webdo est un m\u00e9dia num\u00e9rique tunisien fond\u00e9 en 2010, sp\u00e9cialis\u00e9 dans l\u2019actualit\u00e9 nationale et internationale, l\u2019\u00e9conomie, la soci\u00e9t\u00e9 et les analyses politiques. Le site s\u2019adresse \u00e0 un large public francophone et couvre l\u2019information tunisienne en temps r\u00e9el.","email":"redac@webdo.tn","legalName":"YNJ SARL","foundingDate":"2010-09-06","numberOfEmployees":{"@type":"QuantitativeValue","minValue":"11","maxValue":"50"}},{"@type":"Person","@id":"https:\/\/www.webdo.tn\/fr\/#\/schema\/person\/2c4929cbf5a809e3bd38617c6ce150f6","name":"MC","image":{"@type":"ImageObject","inLanguage":"fr-FR","@id":"https:\/\/secure.gravatar.com\/avatar\/a545bbb6f84efdd5553dbbc2895e3ca8f1d12c5215e00a041c9670b54aa9b18a?s=96&d=mm&r=g","url":"https:\/\/secure.gravatar.com\/avatar\/a545bbb6f84efdd5553dbbc2895e3ca8f1d12c5215e00a041c9670b54aa9b18a?s=96&d=mm&r=g","contentUrl":"https:\/\/secure.gravatar.com\/avatar\/a545bbb6f84efdd5553dbbc2895e3ca8f1d12c5215e00a041c9670b54aa9b18a?s=96&d=mm&r=g","caption":"MC"},"url":"https:\/\/www.webdo.tn\/fr\/actualite\/author\/mc\/"}]}},"_links":{"self":[{"href":"https:\/\/www.webdo.tn\/fr\/wp-json\/wp\/v2\/posts\/208373","targetHints":{"allow":["GET"]}}],"collection":[{"href":"https:\/\/www.webdo.tn\/fr\/wp-json\/wp\/v2\/posts"}],"about":[{"href":"https:\/\/www.webdo.tn\/fr\/wp-json\/wp\/v2\/types\/post"}],"author":[{"embeddable":true,"href":"https:\/\/www.webdo.tn\/fr\/wp-json\/wp\/v2\/users\/3162"}],"replies":[{"embeddable":true,"href":"https:\/\/www.webdo.tn\/fr\/wp-json\/wp\/v2\/comments?post=208373"}],"version-history":[{"count":0,"href":"https:\/\/www.webdo.tn\/fr\/wp-json\/wp\/v2\/posts\/208373\/revisions"}],"wp:featuredmedia":[{"embeddable":true,"href":"https:\/\/www.webdo.tn\/fr\/wp-json\/wp\/v2\/media\/249406"}],"wp:attachment":[{"href":"https:\/\/www.webdo.tn\/fr\/wp-json\/wp\/v2\/media?parent=208373"}],"wp:term":[{"taxonomy":"category","embeddable":true,"href":"https:\/\/www.webdo.tn\/fr\/wp-json\/wp\/v2\/categories?post=208373"},{"taxonomy":"post_tag","embeddable":true,"href":"https:\/\/www.webdo.tn\/fr\/wp-json\/wp\/v2\/tags?post=208373"}],"curies":[{"name":"wp","href":"https:\/\/api.w.org\/{rel}","templated":true}]}}