{"id":208369,"date":"2023-09-03T16:47:00","date_gmt":"2023-09-03T16:47:00","guid":{"rendered":"https:\/\/www.webdo.tn\/fr\/blog\/la-tunisie-a-importe-12-de-ses-besoins-en-electricite-en-2022\/208369\/"},"modified":"2025-05-20T22:41:28","modified_gmt":"2025-05-20T22:41:28","slug":"la-tunisie-a-importe-12-de-ses-besoins-en-electricite-en-2022","status":"publish","type":"post","link":"https:\/\/www.webdo.tn\/fr\/actualite\/national\/la-tunisie-a-importe-12-de-ses-besoins-en-electricite-en-2022\/208369\/","title":{"rendered":"La Tunisie a import\u00e9 12% de ses besoins en \u00e9lectricit\u00e9 en 2022"},"content":{"rendered":"<p>La Tunisie a import\u00e9 12% de ses besoins en \u00e9lectricit\u00e9, en 2022, a r\u00e9v\u00e9l\u00e9 une \u00e9tude men\u00e9e par l&rsquo;Ordre des ing\u00e9nieurs tunisiens (OIT) sur \u00ab\u00a0La politique de l&rsquo;\u00e9nergie en Tunisie et son r\u00f4le en mati\u00e8re de d\u00e9veloppement\u00a0\u00bb.<\/p>\n<p>\t\t\t\t\t\t\t\t\tLes r\u00e9sultats de cette \u00e9tude ont \u00e9t\u00e9 pr\u00e9sent\u00e9s, samedi, \u00e0 l&rsquo;occasion d&rsquo;un d\u00e9bat sur le secteur de l&rsquo;\u00e9nergie en Tunisie. Ils ont montr\u00e9 que le d\u00e9ficit en \u00e9nergie continue d&rsquo;augmenter pour atteindre plus de 60% du d\u00e9ficit commercial, face \u00e0 une r\u00e9gression importante du rythme de production en 2022. En effet, la production nationale de p\u00e9trole brut a chut\u00e9 de 12% et de gaz naturel de 7%, compar\u00e9 \u00e0 l&rsquo;ann\u00e9e 2021.<\/p>\n<p>L&rsquo;\u00e9tude a, \u00e9galement, montr\u00e9 une progression de la consommation en 2022 o\u00f9 la demande d&rsquo;\u00e9nergie primaire a augment\u00e9 de 2%, celle de \u00e9lectricit\u00e9 de 5% et des produits p\u00e9troliers de 0,8%.<\/p>\n<p>Quant \u00e0 la demande de gaz naturel, elle a baiss\u00e9 de 4% par rapport \u00e0 l&rsquo;ann\u00e9e 2021, en raison de la hausse consid\u00e9rable enregistr\u00e9e dans l&rsquo;importation de l&rsquo;\u00e9lectricit\u00e9.<\/p>\n<p>Entam\u00e9 depuis six mois environ, l&rsquo;\u00e9tude a, par ailleurs, r\u00e9v\u00e9l\u00e9 une tr\u00e8s faible contribution des \u00e9nergies renouvelables dans le syst\u00e8me \u00e9nerg\u00e9tique actuel.<\/p>\n<p>La strat\u00e9gie \u00e9nerg\u00e9tique en Tunisie devrait, selon la m\u00eame \u00e9tude, \u00eatre ax\u00e9e sur deux points principaux: renforcer l&rsquo;efficacit\u00e9 \u00e9nerg\u00e9tique et d\u00e9velopper les sources d&rsquo;\u00e9nergie renouvelable en abaissant la demande d&rsquo;\u00e9nergie de 30% \u00e0 l&rsquo;horizon de 2030. L&rsquo;objectif \u00e9tant d&rsquo;augmenter \u00e0 30% la contribution de l&rsquo;\u00e9nergie renouvelable dans la production d&rsquo;\u00e9lectricit\u00e9 en 2030.<\/p>\n","protected":false},"excerpt":{"rendered":"<p>La Tunisie a import\u00e9 12% de ses besoins en \u00e9lectricit\u00e9, en 2022, a r\u00e9v\u00e9l\u00e9 une \u00e9tude men\u00e9e par l&rsquo;Ordre des ing\u00e9nieurs tunisiens (OIT) sur  La politique de l&rsquo;\u00e9ner&#8230;<\/p>\n","protected":false},"author":3175,"featured_media":249402,"comment_status":"open","ping_status":"closed","sticky":false,"template":"","format":"standard","meta":{"footnotes":""},"categories":[44],"tags":[3765,3598,2608],"class_list":["post-208369","post","type-post","status-publish","format-standard","has-post-thumbnail","hentry","category-national","tag-electricite","tag-importation","tag-tunisie"],"yoast_head":"<!-- This site is optimized with the Yoast SEO Premium plugin v27.4 (Yoast SEO v27.4) - https:\/\/yoast.com\/product\/yoast-seo-premium-wordpress\/ -->\n<title>La Tunisie a import\u00e9 12% de ses besoins en \u00e9lectricit\u00e9 en 2022<\/title>\n<meta name=\"description\" content=\"La Tunisie a import\u00e9 12% de ses besoins en \u00e9lectricit\u00e9, en 2022, a r\u00e9v\u00e9l\u00e9 une \u00e9tude men\u00e9e par l&#039;Ordre des ing\u00e9nieurs tunisiens (OIT) sur La politique de l&#039;\u00e9ner...\" \/>\n<link rel=\"canonical\" href=\"https:\/\/www.webdo.tn\/fr\/actualite\/national\/la-tunisie-a-importe-12-de-ses-besoins-en-electricite-en-2022\/208369\/\" \/>\n<meta property=\"og:locale\" content=\"fr_FR\" \/>\n<meta property=\"og:type\" content=\"article\" \/>\n<meta property=\"og:title\" content=\"La Tunisie a import\u00e9 12% de ses besoins en \u00e9lectricit\u00e9 en 2022\" \/>\n<meta property=\"og:description\" content=\"La Tunisie a import\u00e9 12% de ses besoins en \u00e9lectricit\u00e9, en 2022, a r\u00e9v\u00e9l\u00e9 une \u00e9tude men\u00e9e par l&#039;Ordre des ing\u00e9nieurs tunisiens (OIT) sur La politique de l&#039;\u00e9ner...\" \/>\n<meta property=\"og:url\" content=\"https:\/\/www.webdo.tn\/fr\/actualite\/national\/la-tunisie-a-importe-12-de-ses-besoins-en-electricite-en-2022\/208369\/\" \/>\n<meta property=\"og:site_name\" content=\"webdo\" \/>\n<meta property=\"article:publisher\" content=\"https:\/\/www.facebook.com\/webdotn\" \/>\n<meta property=\"article:published_time\" content=\"2023-09-03T16:47:00+00:00\" \/>\n<meta property=\"article:modified_time\" content=\"2025-05-20T22:41:28+00:00\" \/>\n<meta property=\"og:image\" content=\"https:\/\/www.webdo.tn\/fr\/wp-content\/uploads\/2023\/09\/d1a37a2845153ad4388a47b167c52a18.jpg\" \/>\n\t<meta property=\"og:image:width\" content=\"750\" \/>\n\t<meta property=\"og:image:height\" content=\"400\" \/>\n\t<meta property=\"og:image:type\" content=\"image\/jpeg\" \/>\n<meta name=\"author\" content=\"CL\" \/>\n<meta name=\"twitter:card\" content=\"summary_large_image\" \/>\n<meta name=\"twitter:creator\" content=\"@webdo_tn\" \/>\n<meta name=\"twitter:site\" content=\"@webdo_tn\" \/>\n<meta name=\"twitter:label1\" content=\"\u00c9crit par\" \/>\n\t<meta name=\"twitter:data1\" content=\"CL\" \/>\n\t<meta name=\"twitter:label2\" content=\"Dur\u00e9e de lecture estim\u00e9e\" \/>\n\t<meta name=\"twitter:data2\" content=\"1 minute\" \/>\n<script type=\"application\/ld+json\" class=\"yoast-schema-graph\">{\"@context\":\"https:\\\/\\\/schema.org\",\"@graph\":[{\"@type\":\"NewsArticle\",\"@id\":\"https:\\\/\\\/www.webdo.tn\\\/fr\\\/actualite\\\/national\\\/la-tunisie-a-importe-12-de-ses-besoins-en-electricite-en-2022\\\/208369\\\/#article\",\"isPartOf\":{\"@id\":\"https:\\\/\\\/www.webdo.tn\\\/fr\\\/actualite\\\/national\\\/la-tunisie-a-importe-12-de-ses-besoins-en-electricite-en-2022\\\/208369\\\/\"},\"author\":{\"name\":\"CL\",\"@id\":\"https:\\\/\\\/www.webdo.tn\\\/fr\\\/#\\\/schema\\\/person\\\/f35b42a42c5e2511bbd282959d6385cc\"},\"headline\":\"La Tunisie a import\u00e9 12% de ses besoins en \u00e9lectricit\u00e9 en 2022\",\"datePublished\":\"2023-09-03T16:47:00+00:00\",\"dateModified\":\"2025-05-20T22:41:28+00:00\",\"mainEntityOfPage\":{\"@id\":\"https:\\\/\\\/www.webdo.tn\\\/fr\\\/actualite\\\/national\\\/la-tunisie-a-importe-12-de-ses-besoins-en-electricite-en-2022\\\/208369\\\/\"},\"wordCount\":279,\"commentCount\":0,\"publisher\":{\"@id\":\"https:\\\/\\\/www.webdo.tn\\\/fr\\\/#organization\"},\"image\":{\"@id\":\"https:\\\/\\\/www.webdo.tn\\\/fr\\\/actualite\\\/national\\\/la-tunisie-a-importe-12-de-ses-besoins-en-electricite-en-2022\\\/208369\\\/#primaryimage\"},\"thumbnailUrl\":\"https:\\\/\\\/www.webdo.tn\\\/fr\\\/wp-content\\\/uploads\\\/2023\\\/09\\\/d1a37a2845153ad4388a47b167c52a18.jpg\",\"keywords\":[\"\u00e9lectricit\u00e9\",\"importation\",\"Tunisie\"],\"articleSection\":[\"National\"],\"inLanguage\":\"fr-FR\"},{\"@type\":\"WebPage\",\"@id\":\"https:\\\/\\\/www.webdo.tn\\\/fr\\\/actualite\\\/national\\\/la-tunisie-a-importe-12-de-ses-besoins-en-electricite-en-2022\\\/208369\\\/\",\"url\":\"https:\\\/\\\/www.webdo.tn\\\/fr\\\/actualite\\\/national\\\/la-tunisie-a-importe-12-de-ses-besoins-en-electricite-en-2022\\\/208369\\\/\",\"name\":\"La Tunisie a import\u00e9 12% de ses besoins en \u00e9lectricit\u00e9 en 2022\",\"isPartOf\":{\"@id\":\"https:\\\/\\\/www.webdo.tn\\\/fr\\\/#website\"},\"primaryImageOfPage\":{\"@id\":\"https:\\\/\\\/www.webdo.tn\\\/fr\\\/actualite\\\/national\\\/la-tunisie-a-importe-12-de-ses-besoins-en-electricite-en-2022\\\/208369\\\/#primaryimage\"},\"image\":{\"@id\":\"https:\\\/\\\/www.webdo.tn\\\/fr\\\/actualite\\\/national\\\/la-tunisie-a-importe-12-de-ses-besoins-en-electricite-en-2022\\\/208369\\\/#primaryimage\"},\"thumbnailUrl\":\"https:\\\/\\\/www.webdo.tn\\\/fr\\\/wp-content\\\/uploads\\\/2023\\\/09\\\/d1a37a2845153ad4388a47b167c52a18.jpg\",\"datePublished\":\"2023-09-03T16:47:00+00:00\",\"dateModified\":\"2025-05-20T22:41:28+00:00\",\"description\":\"La Tunisie a import\u00e9 12% de ses besoins en \u00e9lectricit\u00e9, en 2022, a r\u00e9v\u00e9l\u00e9 une \u00e9tude men\u00e9e par l'Ordre des ing\u00e9nieurs tunisiens (OIT) sur La politique de l'\u00e9ner...\",\"breadcrumb\":{\"@id\":\"https:\\\/\\\/www.webdo.tn\\\/fr\\\/actualite\\\/national\\\/la-tunisie-a-importe-12-de-ses-besoins-en-electricite-en-2022\\\/208369\\\/#breadcrumb\"},\"inLanguage\":\"fr-FR\",\"potentialAction\":[{\"@type\":\"ReadAction\",\"target\":[\"https:\\\/\\\/www.webdo.tn\\\/fr\\\/actualite\\\/national\\\/la-tunisie-a-importe-12-de-ses-besoins-en-electricite-en-2022\\\/208369\\\/\"]}]},{\"@type\":\"ImageObject\",\"inLanguage\":\"fr-FR\",\"@id\":\"https:\\\/\\\/www.webdo.tn\\\/fr\\\/actualite\\\/national\\\/la-tunisie-a-importe-12-de-ses-besoins-en-electricite-en-2022\\\/208369\\\/#primaryimage\",\"url\":\"https:\\\/\\\/www.webdo.tn\\\/fr\\\/wp-content\\\/uploads\\\/2023\\\/09\\\/d1a37a2845153ad4388a47b167c52a18.jpg\",\"contentUrl\":\"https:\\\/\\\/www.webdo.tn\\\/fr\\\/wp-content\\\/uploads\\\/2023\\\/09\\\/d1a37a2845153ad4388a47b167c52a18.jpg\",\"width\":750,\"height\":400,\"caption\":\"La Tunisie a import\u00e9 12% de ses besoins en \u00e9lectricit\u00e9 en 2022\"},{\"@type\":\"BreadcrumbList\",\"@id\":\"https:\\\/\\\/www.webdo.tn\\\/fr\\\/actualite\\\/national\\\/la-tunisie-a-importe-12-de-ses-besoins-en-electricite-en-2022\\\/208369\\\/#breadcrumb\",\"itemListElement\":[{\"@type\":\"ListItem\",\"position\":1,\"name\":\"Accueil\",\"item\":\"https:\\\/\\\/www.webdo.tn\\\/fr\\\/\"},{\"@type\":\"ListItem\",\"position\":2,\"name\":\"La Tunisie a import\u00e9 12% de ses besoins en \u00e9lectricit\u00e9 en 2022\"}]},{\"@type\":\"WebSite\",\"@id\":\"https:\\\/\\\/www.webdo.tn\\\/fr\\\/#website\",\"url\":\"https:\\\/\\\/www.webdo.tn\\\/fr\\\/\",\"name\":\"webdo\",\"description\":\"Tunisie - News en Tunisie et \u00e0 l&#039;international sur Webdo.tn\",\"publisher\":{\"@id\":\"https:\\\/\\\/www.webdo.tn\\\/fr\\\/#organization\"},\"potentialAction\":[{\"@type\":\"SearchAction\",\"target\":{\"@type\":\"EntryPoint\",\"urlTemplate\":\"https:\\\/\\\/www.webdo.tn\\\/fr\\\/?s={search_term_string}\"},\"query-input\":{\"@type\":\"PropertyValueSpecification\",\"valueRequired\":true,\"valueName\":\"search_term_string\"}}],\"inLanguage\":\"fr-FR\"},{\"@type\":\"Organization\",\"@id\":\"https:\\\/\\\/www.webdo.tn\\\/fr\\\/#organization\",\"name\":\"Webdo\",\"alternateName\":\"Webdo.tn\",\"url\":\"https:\\\/\\\/www.webdo.tn\\\/fr\\\/\",\"logo\":{\"@type\":\"ImageObject\",\"inLanguage\":\"fr-FR\",\"@id\":\"https:\\\/\\\/www.webdo.tn\\\/fr\\\/#\\\/schema\\\/logo\\\/image\\\/\",\"url\":\"https:\\\/\\\/www.webdo.tn\\\/fr\\\/wp-content\\\/uploads\\\/2025\\\/06\\\/Webdo-Tunisie_168377.jpg\",\"contentUrl\":\"https:\\\/\\\/www.webdo.tn\\\/fr\\\/wp-content\\\/uploads\\\/2025\\\/06\\\/Webdo-Tunisie_168377.jpg\",\"width\":301,\"height\":301,\"caption\":\"Webdo\"},\"image\":{\"@id\":\"https:\\\/\\\/www.webdo.tn\\\/fr\\\/#\\\/schema\\\/logo\\\/image\\\/\"},\"sameAs\":[\"https:\\\/\\\/www.facebook.com\\\/webdotn\",\"https:\\\/\\\/x.com\\\/webdo_tn\"],\"description\":\"Webdo est un m\u00e9dia num\u00e9rique tunisien fond\u00e9 en 2010, sp\u00e9cialis\u00e9 dans l\u2019actualit\u00e9 nationale et internationale, l\u2019\u00e9conomie, la soci\u00e9t\u00e9 et les analyses politiques. Le site s\u2019adresse \u00e0 un large public francophone et couvre l\u2019information tunisienne en temps r\u00e9el.\",\"email\":\"redac@webdo.tn\",\"legalName\":\"YNJ SARL\",\"foundingDate\":\"2010-09-06\",\"numberOfEmployees\":{\"@type\":\"QuantitativeValue\",\"minValue\":\"11\",\"maxValue\":\"50\"}},{\"@type\":\"Person\",\"@id\":\"https:\\\/\\\/www.webdo.tn\\\/fr\\\/#\\\/schema\\\/person\\\/f35b42a42c5e2511bbd282959d6385cc\",\"name\":\"CL\",\"image\":{\"@type\":\"ImageObject\",\"inLanguage\":\"fr-FR\",\"@id\":\"https:\\\/\\\/secure.gravatar.com\\\/avatar\\\/1447a49909b67aa657c488aec6512e1dd6143a480c1ecfee9b5b5cd74eb3b59e?s=96&d=mm&r=g\",\"url\":\"https:\\\/\\\/secure.gravatar.com\\\/avatar\\\/1447a49909b67aa657c488aec6512e1dd6143a480c1ecfee9b5b5cd74eb3b59e?s=96&d=mm&r=g\",\"contentUrl\":\"https:\\\/\\\/secure.gravatar.com\\\/avatar\\\/1447a49909b67aa657c488aec6512e1dd6143a480c1ecfee9b5b5cd74eb3b59e?s=96&d=mm&r=g\",\"caption\":\"CL\"},\"url\":\"https:\\\/\\\/www.webdo.tn\\\/fr\\\/actualite\\\/author\\\/cl\\\/\"}]}<\/script>\n<!-- \/ Yoast SEO Premium plugin. -->","yoast_head_json":{"title":"La Tunisie a import\u00e9 12% de ses besoins en \u00e9lectricit\u00e9 en 2022","description":"La Tunisie a import\u00e9 12% de ses besoins en \u00e9lectricit\u00e9, en 2022, a r\u00e9v\u00e9l\u00e9 une \u00e9tude men\u00e9e par l'Ordre des ing\u00e9nieurs tunisiens (OIT) sur La politique de l'\u00e9ner...","canonical":"https:\/\/www.webdo.tn\/fr\/actualite\/national\/la-tunisie-a-importe-12-de-ses-besoins-en-electricite-en-2022\/208369\/","og_locale":"fr_FR","og_type":"article","og_title":"La Tunisie a import\u00e9 12% de ses besoins en \u00e9lectricit\u00e9 en 2022","og_description":"La Tunisie a import\u00e9 12% de ses besoins en \u00e9lectricit\u00e9, en 2022, a r\u00e9v\u00e9l\u00e9 une \u00e9tude men\u00e9e par l'Ordre des ing\u00e9nieurs tunisiens (OIT) sur La politique de l'\u00e9ner...","og_url":"https:\/\/www.webdo.tn\/fr\/actualite\/national\/la-tunisie-a-importe-12-de-ses-besoins-en-electricite-en-2022\/208369\/","og_site_name":"webdo","article_publisher":"https:\/\/www.facebook.com\/webdotn","article_published_time":"2023-09-03T16:47:00+00:00","article_modified_time":"2025-05-20T22:41:28+00:00","og_image":[{"width":750,"height":400,"url":"https:\/\/www.webdo.tn\/fr\/wp-content\/uploads\/2023\/09\/d1a37a2845153ad4388a47b167c52a18.jpg","type":"image\/jpeg"}],"author":"CL","twitter_card":"summary_large_image","twitter_creator":"@webdo_tn","twitter_site":"@webdo_tn","twitter_misc":{"\u00c9crit par":"CL","Dur\u00e9e de lecture estim\u00e9e":"1 minute"},"schema":{"@context":"https:\/\/schema.org","@graph":[{"@type":"NewsArticle","@id":"https:\/\/www.webdo.tn\/fr\/actualite\/national\/la-tunisie-a-importe-12-de-ses-besoins-en-electricite-en-2022\/208369\/#article","isPartOf":{"@id":"https:\/\/www.webdo.tn\/fr\/actualite\/national\/la-tunisie-a-importe-12-de-ses-besoins-en-electricite-en-2022\/208369\/"},"author":{"name":"CL","@id":"https:\/\/www.webdo.tn\/fr\/#\/schema\/person\/f35b42a42c5e2511bbd282959d6385cc"},"headline":"La Tunisie a import\u00e9 12% de ses besoins en \u00e9lectricit\u00e9 en 2022","datePublished":"2023-09-03T16:47:00+00:00","dateModified":"2025-05-20T22:41:28+00:00","mainEntityOfPage":{"@id":"https:\/\/www.webdo.tn\/fr\/actualite\/national\/la-tunisie-a-importe-12-de-ses-besoins-en-electricite-en-2022\/208369\/"},"wordCount":279,"commentCount":0,"publisher":{"@id":"https:\/\/www.webdo.tn\/fr\/#organization"},"image":{"@id":"https:\/\/www.webdo.tn\/fr\/actualite\/national\/la-tunisie-a-importe-12-de-ses-besoins-en-electricite-en-2022\/208369\/#primaryimage"},"thumbnailUrl":"https:\/\/www.webdo.tn\/fr\/wp-content\/uploads\/2023\/09\/d1a37a2845153ad4388a47b167c52a18.jpg","keywords":["\u00e9lectricit\u00e9","importation","Tunisie"],"articleSection":["National"],"inLanguage":"fr-FR"},{"@type":"WebPage","@id":"https:\/\/www.webdo.tn\/fr\/actualite\/national\/la-tunisie-a-importe-12-de-ses-besoins-en-electricite-en-2022\/208369\/","url":"https:\/\/www.webdo.tn\/fr\/actualite\/national\/la-tunisie-a-importe-12-de-ses-besoins-en-electricite-en-2022\/208369\/","name":"La Tunisie a import\u00e9 12% de ses besoins en \u00e9lectricit\u00e9 en 2022","isPartOf":{"@id":"https:\/\/www.webdo.tn\/fr\/#website"},"primaryImageOfPage":{"@id":"https:\/\/www.webdo.tn\/fr\/actualite\/national\/la-tunisie-a-importe-12-de-ses-besoins-en-electricite-en-2022\/208369\/#primaryimage"},"image":{"@id":"https:\/\/www.webdo.tn\/fr\/actualite\/national\/la-tunisie-a-importe-12-de-ses-besoins-en-electricite-en-2022\/208369\/#primaryimage"},"thumbnailUrl":"https:\/\/www.webdo.tn\/fr\/wp-content\/uploads\/2023\/09\/d1a37a2845153ad4388a47b167c52a18.jpg","datePublished":"2023-09-03T16:47:00+00:00","dateModified":"2025-05-20T22:41:28+00:00","description":"La Tunisie a import\u00e9 12% de ses besoins en \u00e9lectricit\u00e9, en 2022, a r\u00e9v\u00e9l\u00e9 une \u00e9tude men\u00e9e par l'Ordre des ing\u00e9nieurs tunisiens (OIT) sur La politique de l'\u00e9ner...","breadcrumb":{"@id":"https:\/\/www.webdo.tn\/fr\/actualite\/national\/la-tunisie-a-importe-12-de-ses-besoins-en-electricite-en-2022\/208369\/#breadcrumb"},"inLanguage":"fr-FR","potentialAction":[{"@type":"ReadAction","target":["https:\/\/www.webdo.tn\/fr\/actualite\/national\/la-tunisie-a-importe-12-de-ses-besoins-en-electricite-en-2022\/208369\/"]}]},{"@type":"ImageObject","inLanguage":"fr-FR","@id":"https:\/\/www.webdo.tn\/fr\/actualite\/national\/la-tunisie-a-importe-12-de-ses-besoins-en-electricite-en-2022\/208369\/#primaryimage","url":"https:\/\/www.webdo.tn\/fr\/wp-content\/uploads\/2023\/09\/d1a37a2845153ad4388a47b167c52a18.jpg","contentUrl":"https:\/\/www.webdo.tn\/fr\/wp-content\/uploads\/2023\/09\/d1a37a2845153ad4388a47b167c52a18.jpg","width":750,"height":400,"caption":"La Tunisie a import\u00e9 12% de ses besoins en \u00e9lectricit\u00e9 en 2022"},{"@type":"BreadcrumbList","@id":"https:\/\/www.webdo.tn\/fr\/actualite\/national\/la-tunisie-a-importe-12-de-ses-besoins-en-electricite-en-2022\/208369\/#breadcrumb","itemListElement":[{"@type":"ListItem","position":1,"name":"Accueil","item":"https:\/\/www.webdo.tn\/fr\/"},{"@type":"ListItem","position":2,"name":"La Tunisie a import\u00e9 12% de ses besoins en \u00e9lectricit\u00e9 en 2022"}]},{"@type":"WebSite","@id":"https:\/\/www.webdo.tn\/fr\/#website","url":"https:\/\/www.webdo.tn\/fr\/","name":"webdo","description":"Tunisie - News en Tunisie et \u00e0 l&#039;international sur Webdo.tn","publisher":{"@id":"https:\/\/www.webdo.tn\/fr\/#organization"},"potentialAction":[{"@type":"SearchAction","target":{"@type":"EntryPoint","urlTemplate":"https:\/\/www.webdo.tn\/fr\/?s={search_term_string}"},"query-input":{"@type":"PropertyValueSpecification","valueRequired":true,"valueName":"search_term_string"}}],"inLanguage":"fr-FR"},{"@type":"Organization","@id":"https:\/\/www.webdo.tn\/fr\/#organization","name":"Webdo","alternateName":"Webdo.tn","url":"https:\/\/www.webdo.tn\/fr\/","logo":{"@type":"ImageObject","inLanguage":"fr-FR","@id":"https:\/\/www.webdo.tn\/fr\/#\/schema\/logo\/image\/","url":"https:\/\/www.webdo.tn\/fr\/wp-content\/uploads\/2025\/06\/Webdo-Tunisie_168377.jpg","contentUrl":"https:\/\/www.webdo.tn\/fr\/wp-content\/uploads\/2025\/06\/Webdo-Tunisie_168377.jpg","width":301,"height":301,"caption":"Webdo"},"image":{"@id":"https:\/\/www.webdo.tn\/fr\/#\/schema\/logo\/image\/"},"sameAs":["https:\/\/www.facebook.com\/webdotn","https:\/\/x.com\/webdo_tn"],"description":"Webdo est un m\u00e9dia num\u00e9rique tunisien fond\u00e9 en 2010, sp\u00e9cialis\u00e9 dans l\u2019actualit\u00e9 nationale et internationale, l\u2019\u00e9conomie, la soci\u00e9t\u00e9 et les analyses politiques. Le site s\u2019adresse \u00e0 un large public francophone et couvre l\u2019information tunisienne en temps r\u00e9el.","email":"redac@webdo.tn","legalName":"YNJ SARL","foundingDate":"2010-09-06","numberOfEmployees":{"@type":"QuantitativeValue","minValue":"11","maxValue":"50"}},{"@type":"Person","@id":"https:\/\/www.webdo.tn\/fr\/#\/schema\/person\/f35b42a42c5e2511bbd282959d6385cc","name":"CL","image":{"@type":"ImageObject","inLanguage":"fr-FR","@id":"https:\/\/secure.gravatar.com\/avatar\/1447a49909b67aa657c488aec6512e1dd6143a480c1ecfee9b5b5cd74eb3b59e?s=96&d=mm&r=g","url":"https:\/\/secure.gravatar.com\/avatar\/1447a49909b67aa657c488aec6512e1dd6143a480c1ecfee9b5b5cd74eb3b59e?s=96&d=mm&r=g","contentUrl":"https:\/\/secure.gravatar.com\/avatar\/1447a49909b67aa657c488aec6512e1dd6143a480c1ecfee9b5b5cd74eb3b59e?s=96&d=mm&r=g","caption":"CL"},"url":"https:\/\/www.webdo.tn\/fr\/actualite\/author\/cl\/"}]}},"_links":{"self":[{"href":"https:\/\/www.webdo.tn\/fr\/wp-json\/wp\/v2\/posts\/208369","targetHints":{"allow":["GET"]}}],"collection":[{"href":"https:\/\/www.webdo.tn\/fr\/wp-json\/wp\/v2\/posts"}],"about":[{"href":"https:\/\/www.webdo.tn\/fr\/wp-json\/wp\/v2\/types\/post"}],"author":[{"embeddable":true,"href":"https:\/\/www.webdo.tn\/fr\/wp-json\/wp\/v2\/users\/3175"}],"replies":[{"embeddable":true,"href":"https:\/\/www.webdo.tn\/fr\/wp-json\/wp\/v2\/comments?post=208369"}],"version-history":[{"count":0,"href":"https:\/\/www.webdo.tn\/fr\/wp-json\/wp\/v2\/posts\/208369\/revisions"}],"wp:featuredmedia":[{"embeddable":true,"href":"https:\/\/www.webdo.tn\/fr\/wp-json\/wp\/v2\/media\/249402"}],"wp:attachment":[{"href":"https:\/\/www.webdo.tn\/fr\/wp-json\/wp\/v2\/media?parent=208369"}],"wp:term":[{"taxonomy":"category","embeddable":true,"href":"https:\/\/www.webdo.tn\/fr\/wp-json\/wp\/v2\/categories?post=208369"},{"taxonomy":"post_tag","embeddable":true,"href":"https:\/\/www.webdo.tn\/fr\/wp-json\/wp\/v2\/tags?post=208369"}],"curies":[{"name":"wp","href":"https:\/\/api.w.org\/{rel}","templated":true}]}}