{"id":208338,"date":"2023-09-01T14:46:00","date_gmt":"2023-09-01T14:46:00","guid":{"rendered":"https:\/\/www.webdo.tn\/fr\/blog\/sahbi-atig-admis-a-l-hopital\/208338\/"},"modified":"2025-05-20T21:57:39","modified_gmt":"2025-05-20T21:57:39","slug":"sahbi-atig-admis-a-l-hopital","status":"publish","type":"post","link":"https:\/\/www.webdo.tn\/fr\/actualite\/national\/sahbi-atig-admis-a-l-hopital\/208338\/","title":{"rendered":"Sahbi Atig admis \u00e0 l\u2019h\u00f4pital"},"content":{"rendered":"<p>Le dirigeant d\u2019Ennahdha, actuellement en d\u00e9tention, a \u00e9t\u00e9 admis \u00e0 l\u2019h\u00f4pital en raison de la d\u00e9gradation de son \u00e9tat de sant\u00e9, annonce son \u00e9pouse.<\/p>\n<p>\t\t\t\t\t\t\t\t\tDans un post publi\u00e9 sur les r\u00e9seaux sociaux, l\u2019\u00e9pouse de Sahbi Atig, Zeineb Mraihi, indique qu\u2019il a \u00e9t\u00e9 transport\u00e9 \u00e0 l\u2019h\u00f4pital.<\/p>\n<p>Sahbi Atig avait \u00e9t\u00e9 arr\u00eat\u00e9 le 6 mai dernier \u00e0 l\u2019a\u00e9roport Tunis-Carthage alors qu\u2019il s\u2019appr\u00eatait \u00e0 se rendre en Turquie pour participer \u00e0 un s\u00e9minaire scientifique. Son arrestation est en lien avec le cambriolage de sa maison dont l\u2019auteur a \u00e9galement \u00e9t\u00e9 arr\u00eat\u00e9.<\/p>\n<p>Il a fait l\u2019objet d\u2019un mandat de d\u00e9p\u00f4t \u00e9mis par le parquet du Tribunal de premi\u00e8re instance de l&rsquo;Ariana, le 13 mai. Le parquet avait ordonn\u00e9 une information judiciaire contre lui et deux autres personnes et ce, pour formation d&rsquo;une alliance pour blanchiment d&rsquo;argent, d\u00e9tention ill\u00e9gale de devises et faux t\u00e9moignage dans un crime de formation d&rsquo;une alliance.<\/p>\n<p>Criant \u00e0 l\u2019injustice, il a entam\u00e9 une gr\u00e8ve de la faim au point que son \u00e9tat de sant\u00e9 s\u2019est d\u00e9grad\u00e9. D\u00e9but juin, il a \u00e9t\u00e9 admis en service de r\u00e9animation suite \u00e0 la d\u00e9t\u00e9rioration de son \u00e9tat de sant\u00e9. Le 10 juillet, il a suspendu sa gr\u00e8ve de la faim.<\/p>\n","protected":false},"excerpt":{"rendered":"<p>Le dirigeant d\u2019Ennahdha, actuellement en d\u00e9tention, a \u00e9t\u00e9 admis \u00e0 l\u2019h\u00f4pital en raison de la d\u00e9gradation de son \u00e9tat de sant\u00e9, annonce son \u00e9pouse.<\/p>\n","protected":false},"author":3162,"featured_media":249424,"comment_status":"open","ping_status":"closed","sticky":false,"template":"","format":"standard","meta":{"footnotes":""},"categories":[44],"tags":[3286,4259,2731],"class_list":["post-208338","post","type-post","status-publish","format-standard","has-post-thumbnail","hentry","category-national","tag-detention","tag-sahbi-atig","tag-sante"],"yoast_head":"<!-- This site is optimized with the Yoast SEO Premium plugin v27.4 (Yoast SEO v27.5) - https:\/\/yoast.com\/product\/yoast-seo-premium-wordpress\/ -->\n<title>Sahbi Atig admis \u00e0 l\u2019h\u00f4pital<\/title>\n<meta name=\"description\" content=\"Le dirigeant d\u2019Ennahdha, actuellement en d\u00e9tention, a \u00e9t\u00e9 admis \u00e0 l\u2019h\u00f4pital en raison de la d\u00e9gradation de son \u00e9tat de sant\u00e9, annonce son \u00e9pouse.\" \/>\n<link rel=\"canonical\" href=\"https:\/\/www.webdo.tn\/fr\/actualite\/national\/sahbi-atig-admis-a-l-hopital\/208338\/\" \/>\n<meta property=\"og:locale\" content=\"fr_FR\" \/>\n<meta property=\"og:type\" content=\"article\" \/>\n<meta property=\"og:title\" content=\"Sahbi Atig admis \u00e0 l\u2019h\u00f4pital\" \/>\n<meta property=\"og:description\" content=\"Le dirigeant d\u2019Ennahdha, actuellement en d\u00e9tention, a \u00e9t\u00e9 admis \u00e0 l\u2019h\u00f4pital en raison de la d\u00e9gradation de son \u00e9tat de sant\u00e9, annonce son \u00e9pouse.\" \/>\n<meta property=\"og:url\" content=\"https:\/\/www.webdo.tn\/fr\/actualite\/national\/sahbi-atig-admis-a-l-hopital\/208338\/\" \/>\n<meta property=\"og:site_name\" content=\"webdo\" \/>\n<meta property=\"article:publisher\" content=\"https:\/\/www.facebook.com\/webdotn\" \/>\n<meta property=\"article:published_time\" content=\"2023-09-01T14:46:00+00:00\" \/>\n<meta property=\"article:modified_time\" content=\"2025-05-20T21:57:39+00:00\" \/>\n<meta property=\"og:image\" content=\"https:\/\/www.webdo.tn\/fr\/wp-content\/uploads\/2023\/09\/91c64793cd0b859c61169b28e6d1c12e.jpg\" \/>\n\t<meta property=\"og:image:width\" content=\"750\" \/>\n\t<meta property=\"og:image:height\" content=\"400\" \/>\n\t<meta property=\"og:image:type\" content=\"image\/jpeg\" \/>\n<meta name=\"author\" content=\"MC\" \/>\n<meta name=\"twitter:card\" content=\"summary_large_image\" \/>\n<meta name=\"twitter:creator\" content=\"@webdo_tn\" \/>\n<meta name=\"twitter:site\" content=\"@webdo_tn\" \/>\n<meta name=\"twitter:label1\" content=\"\u00c9crit par\" \/>\n\t<meta name=\"twitter:data1\" content=\"MC\" \/>\n\t<meta name=\"twitter:label2\" content=\"Dur\u00e9e de lecture estim\u00e9e\" \/>\n\t<meta name=\"twitter:data2\" content=\"1 minute\" \/>\n<script type=\"application\/ld+json\" class=\"yoast-schema-graph\">{\"@context\":\"https:\\\/\\\/schema.org\",\"@graph\":[{\"@type\":\"NewsArticle\",\"@id\":\"https:\\\/\\\/www.webdo.tn\\\/fr\\\/actualite\\\/national\\\/sahbi-atig-admis-a-l-hopital\\\/208338\\\/#article\",\"isPartOf\":{\"@id\":\"https:\\\/\\\/www.webdo.tn\\\/fr\\\/actualite\\\/national\\\/sahbi-atig-admis-a-l-hopital\\\/208338\\\/\"},\"author\":{\"name\":\"MC\",\"@id\":\"https:\\\/\\\/www.webdo.tn\\\/fr\\\/#\\\/schema\\\/person\\\/2c4929cbf5a809e3bd38617c6ce150f6\"},\"headline\":\"Sahbi Atig admis \u00e0 l\u2019h\u00f4pital\",\"datePublished\":\"2023-09-01T14:46:00+00:00\",\"dateModified\":\"2025-05-20T21:57:39+00:00\",\"mainEntityOfPage\":{\"@id\":\"https:\\\/\\\/www.webdo.tn\\\/fr\\\/actualite\\\/national\\\/sahbi-atig-admis-a-l-hopital\\\/208338\\\/\"},\"wordCount\":232,\"commentCount\":0,\"publisher\":{\"@id\":\"https:\\\/\\\/www.webdo.tn\\\/fr\\\/#organization\"},\"image\":{\"@id\":\"https:\\\/\\\/www.webdo.tn\\\/fr\\\/actualite\\\/national\\\/sahbi-atig-admis-a-l-hopital\\\/208338\\\/#primaryimage\"},\"thumbnailUrl\":\"https:\\\/\\\/www.webdo.tn\\\/fr\\\/wp-content\\\/uploads\\\/2023\\\/09\\\/91c64793cd0b859c61169b28e6d1c12e.jpg\",\"keywords\":[\"d\u00e9tention\",\"sahbi atig\",\"Sant\u00e9\"],\"articleSection\":[\"National\"],\"inLanguage\":\"fr-FR\"},{\"@type\":\"WebPage\",\"@id\":\"https:\\\/\\\/www.webdo.tn\\\/fr\\\/actualite\\\/national\\\/sahbi-atig-admis-a-l-hopital\\\/208338\\\/\",\"url\":\"https:\\\/\\\/www.webdo.tn\\\/fr\\\/actualite\\\/national\\\/sahbi-atig-admis-a-l-hopital\\\/208338\\\/\",\"name\":\"Sahbi Atig admis \u00e0 l\u2019h\u00f4pital\",\"isPartOf\":{\"@id\":\"https:\\\/\\\/www.webdo.tn\\\/fr\\\/#website\"},\"primaryImageOfPage\":{\"@id\":\"https:\\\/\\\/www.webdo.tn\\\/fr\\\/actualite\\\/national\\\/sahbi-atig-admis-a-l-hopital\\\/208338\\\/#primaryimage\"},\"image\":{\"@id\":\"https:\\\/\\\/www.webdo.tn\\\/fr\\\/actualite\\\/national\\\/sahbi-atig-admis-a-l-hopital\\\/208338\\\/#primaryimage\"},\"thumbnailUrl\":\"https:\\\/\\\/www.webdo.tn\\\/fr\\\/wp-content\\\/uploads\\\/2023\\\/09\\\/91c64793cd0b859c61169b28e6d1c12e.jpg\",\"datePublished\":\"2023-09-01T14:46:00+00:00\",\"dateModified\":\"2025-05-20T21:57:39+00:00\",\"description\":\"Le dirigeant d\u2019Ennahdha, actuellement en d\u00e9tention, a \u00e9t\u00e9 admis \u00e0 l\u2019h\u00f4pital en raison de la d\u00e9gradation de son \u00e9tat de sant\u00e9, annonce son \u00e9pouse.\",\"breadcrumb\":{\"@id\":\"https:\\\/\\\/www.webdo.tn\\\/fr\\\/actualite\\\/national\\\/sahbi-atig-admis-a-l-hopital\\\/208338\\\/#breadcrumb\"},\"inLanguage\":\"fr-FR\",\"potentialAction\":[{\"@type\":\"ReadAction\",\"target\":[\"https:\\\/\\\/www.webdo.tn\\\/fr\\\/actualite\\\/national\\\/sahbi-atig-admis-a-l-hopital\\\/208338\\\/\"]}]},{\"@type\":\"ImageObject\",\"inLanguage\":\"fr-FR\",\"@id\":\"https:\\\/\\\/www.webdo.tn\\\/fr\\\/actualite\\\/national\\\/sahbi-atig-admis-a-l-hopital\\\/208338\\\/#primaryimage\",\"url\":\"https:\\\/\\\/www.webdo.tn\\\/fr\\\/wp-content\\\/uploads\\\/2023\\\/09\\\/91c64793cd0b859c61169b28e6d1c12e.jpg\",\"contentUrl\":\"https:\\\/\\\/www.webdo.tn\\\/fr\\\/wp-content\\\/uploads\\\/2023\\\/09\\\/91c64793cd0b859c61169b28e6d1c12e.jpg\",\"width\":750,\"height\":400,\"caption\":\"Sahbi Atig admis \u00e0 l\u2019h\u00f4pital\"},{\"@type\":\"BreadcrumbList\",\"@id\":\"https:\\\/\\\/www.webdo.tn\\\/fr\\\/actualite\\\/national\\\/sahbi-atig-admis-a-l-hopital\\\/208338\\\/#breadcrumb\",\"itemListElement\":[{\"@type\":\"ListItem\",\"position\":1,\"name\":\"Accueil\",\"item\":\"https:\\\/\\\/www.webdo.tn\\\/fr\\\/\"},{\"@type\":\"ListItem\",\"position\":2,\"name\":\"Sahbi Atig admis \u00e0 l\u2019h\u00f4pital\"}]},{\"@type\":\"WebSite\",\"@id\":\"https:\\\/\\\/www.webdo.tn\\\/fr\\\/#website\",\"url\":\"https:\\\/\\\/www.webdo.tn\\\/fr\\\/\",\"name\":\"webdo\",\"description\":\"Tunisie - News en Tunisie et \u00e0 l&#039;international sur Webdo.tn\",\"publisher\":{\"@id\":\"https:\\\/\\\/www.webdo.tn\\\/fr\\\/#organization\"},\"potentialAction\":[{\"@type\":\"SearchAction\",\"target\":{\"@type\":\"EntryPoint\",\"urlTemplate\":\"https:\\\/\\\/www.webdo.tn\\\/fr\\\/?s={search_term_string}\"},\"query-input\":{\"@type\":\"PropertyValueSpecification\",\"valueRequired\":true,\"valueName\":\"search_term_string\"}}],\"inLanguage\":\"fr-FR\"},{\"@type\":\"Organization\",\"@id\":\"https:\\\/\\\/www.webdo.tn\\\/fr\\\/#organization\",\"name\":\"Webdo\",\"alternateName\":\"Webdo.tn\",\"url\":\"https:\\\/\\\/www.webdo.tn\\\/fr\\\/\",\"logo\":{\"@type\":\"ImageObject\",\"inLanguage\":\"fr-FR\",\"@id\":\"https:\\\/\\\/www.webdo.tn\\\/fr\\\/#\\\/schema\\\/logo\\\/image\\\/\",\"url\":\"https:\\\/\\\/www.webdo.tn\\\/fr\\\/wp-content\\\/uploads\\\/2025\\\/06\\\/Webdo-Tunisie_168377.jpg\",\"contentUrl\":\"https:\\\/\\\/www.webdo.tn\\\/fr\\\/wp-content\\\/uploads\\\/2025\\\/06\\\/Webdo-Tunisie_168377.jpg\",\"width\":301,\"height\":301,\"caption\":\"Webdo\"},\"image\":{\"@id\":\"https:\\\/\\\/www.webdo.tn\\\/fr\\\/#\\\/schema\\\/logo\\\/image\\\/\"},\"sameAs\":[\"https:\\\/\\\/www.facebook.com\\\/webdotn\",\"https:\\\/\\\/x.com\\\/webdo_tn\"],\"description\":\"Webdo est un m\u00e9dia num\u00e9rique tunisien fond\u00e9 en 2010, sp\u00e9cialis\u00e9 dans l\u2019actualit\u00e9 nationale et internationale, l\u2019\u00e9conomie, la soci\u00e9t\u00e9 et les analyses politiques. Le site s\u2019adresse \u00e0 un large public francophone et couvre l\u2019information tunisienne en temps r\u00e9el.\",\"email\":\"redac@webdo.tn\",\"legalName\":\"YNJ SARL\",\"foundingDate\":\"2010-09-06\",\"numberOfEmployees\":{\"@type\":\"QuantitativeValue\",\"minValue\":\"11\",\"maxValue\":\"50\"}},{\"@type\":\"Person\",\"@id\":\"https:\\\/\\\/www.webdo.tn\\\/fr\\\/#\\\/schema\\\/person\\\/2c4929cbf5a809e3bd38617c6ce150f6\",\"name\":\"MC\",\"image\":{\"@type\":\"ImageObject\",\"inLanguage\":\"fr-FR\",\"@id\":\"https:\\\/\\\/secure.gravatar.com\\\/avatar\\\/a545bbb6f84efdd5553dbbc2895e3ca8f1d12c5215e00a041c9670b54aa9b18a?s=96&d=mm&r=g\",\"url\":\"https:\\\/\\\/secure.gravatar.com\\\/avatar\\\/a545bbb6f84efdd5553dbbc2895e3ca8f1d12c5215e00a041c9670b54aa9b18a?s=96&d=mm&r=g\",\"contentUrl\":\"https:\\\/\\\/secure.gravatar.com\\\/avatar\\\/a545bbb6f84efdd5553dbbc2895e3ca8f1d12c5215e00a041c9670b54aa9b18a?s=96&d=mm&r=g\",\"caption\":\"MC\"},\"url\":\"https:\\\/\\\/www.webdo.tn\\\/fr\\\/actualite\\\/author\\\/mc\\\/\"}]}<\/script>\n<!-- \/ Yoast SEO Premium plugin. -->","yoast_head_json":{"title":"Sahbi Atig admis \u00e0 l\u2019h\u00f4pital","description":"Le dirigeant d\u2019Ennahdha, actuellement en d\u00e9tention, a \u00e9t\u00e9 admis \u00e0 l\u2019h\u00f4pital en raison de la d\u00e9gradation de son \u00e9tat de sant\u00e9, annonce son \u00e9pouse.","canonical":"https:\/\/www.webdo.tn\/fr\/actualite\/national\/sahbi-atig-admis-a-l-hopital\/208338\/","og_locale":"fr_FR","og_type":"article","og_title":"Sahbi Atig admis \u00e0 l\u2019h\u00f4pital","og_description":"Le dirigeant d\u2019Ennahdha, actuellement en d\u00e9tention, a \u00e9t\u00e9 admis \u00e0 l\u2019h\u00f4pital en raison de la d\u00e9gradation de son \u00e9tat de sant\u00e9, annonce son \u00e9pouse.","og_url":"https:\/\/www.webdo.tn\/fr\/actualite\/national\/sahbi-atig-admis-a-l-hopital\/208338\/","og_site_name":"webdo","article_publisher":"https:\/\/www.facebook.com\/webdotn","article_published_time":"2023-09-01T14:46:00+00:00","article_modified_time":"2025-05-20T21:57:39+00:00","og_image":[{"width":750,"height":400,"url":"https:\/\/www.webdo.tn\/fr\/wp-content\/uploads\/2023\/09\/91c64793cd0b859c61169b28e6d1c12e.jpg","type":"image\/jpeg"}],"author":"MC","twitter_card":"summary_large_image","twitter_creator":"@webdo_tn","twitter_site":"@webdo_tn","twitter_misc":{"\u00c9crit par":"MC","Dur\u00e9e de lecture estim\u00e9e":"1 minute"},"schema":{"@context":"https:\/\/schema.org","@graph":[{"@type":"NewsArticle","@id":"https:\/\/www.webdo.tn\/fr\/actualite\/national\/sahbi-atig-admis-a-l-hopital\/208338\/#article","isPartOf":{"@id":"https:\/\/www.webdo.tn\/fr\/actualite\/national\/sahbi-atig-admis-a-l-hopital\/208338\/"},"author":{"name":"MC","@id":"https:\/\/www.webdo.tn\/fr\/#\/schema\/person\/2c4929cbf5a809e3bd38617c6ce150f6"},"headline":"Sahbi Atig admis \u00e0 l\u2019h\u00f4pital","datePublished":"2023-09-01T14:46:00+00:00","dateModified":"2025-05-20T21:57:39+00:00","mainEntityOfPage":{"@id":"https:\/\/www.webdo.tn\/fr\/actualite\/national\/sahbi-atig-admis-a-l-hopital\/208338\/"},"wordCount":232,"commentCount":0,"publisher":{"@id":"https:\/\/www.webdo.tn\/fr\/#organization"},"image":{"@id":"https:\/\/www.webdo.tn\/fr\/actualite\/national\/sahbi-atig-admis-a-l-hopital\/208338\/#primaryimage"},"thumbnailUrl":"https:\/\/www.webdo.tn\/fr\/wp-content\/uploads\/2023\/09\/91c64793cd0b859c61169b28e6d1c12e.jpg","keywords":["d\u00e9tention","sahbi atig","Sant\u00e9"],"articleSection":["National"],"inLanguage":"fr-FR"},{"@type":"WebPage","@id":"https:\/\/www.webdo.tn\/fr\/actualite\/national\/sahbi-atig-admis-a-l-hopital\/208338\/","url":"https:\/\/www.webdo.tn\/fr\/actualite\/national\/sahbi-atig-admis-a-l-hopital\/208338\/","name":"Sahbi Atig admis \u00e0 l\u2019h\u00f4pital","isPartOf":{"@id":"https:\/\/www.webdo.tn\/fr\/#website"},"primaryImageOfPage":{"@id":"https:\/\/www.webdo.tn\/fr\/actualite\/national\/sahbi-atig-admis-a-l-hopital\/208338\/#primaryimage"},"image":{"@id":"https:\/\/www.webdo.tn\/fr\/actualite\/national\/sahbi-atig-admis-a-l-hopital\/208338\/#primaryimage"},"thumbnailUrl":"https:\/\/www.webdo.tn\/fr\/wp-content\/uploads\/2023\/09\/91c64793cd0b859c61169b28e6d1c12e.jpg","datePublished":"2023-09-01T14:46:00+00:00","dateModified":"2025-05-20T21:57:39+00:00","description":"Le dirigeant d\u2019Ennahdha, actuellement en d\u00e9tention, a \u00e9t\u00e9 admis \u00e0 l\u2019h\u00f4pital en raison de la d\u00e9gradation de son \u00e9tat de sant\u00e9, annonce son \u00e9pouse.","breadcrumb":{"@id":"https:\/\/www.webdo.tn\/fr\/actualite\/national\/sahbi-atig-admis-a-l-hopital\/208338\/#breadcrumb"},"inLanguage":"fr-FR","potentialAction":[{"@type":"ReadAction","target":["https:\/\/www.webdo.tn\/fr\/actualite\/national\/sahbi-atig-admis-a-l-hopital\/208338\/"]}]},{"@type":"ImageObject","inLanguage":"fr-FR","@id":"https:\/\/www.webdo.tn\/fr\/actualite\/national\/sahbi-atig-admis-a-l-hopital\/208338\/#primaryimage","url":"https:\/\/www.webdo.tn\/fr\/wp-content\/uploads\/2023\/09\/91c64793cd0b859c61169b28e6d1c12e.jpg","contentUrl":"https:\/\/www.webdo.tn\/fr\/wp-content\/uploads\/2023\/09\/91c64793cd0b859c61169b28e6d1c12e.jpg","width":750,"height":400,"caption":"Sahbi Atig admis \u00e0 l\u2019h\u00f4pital"},{"@type":"BreadcrumbList","@id":"https:\/\/www.webdo.tn\/fr\/actualite\/national\/sahbi-atig-admis-a-l-hopital\/208338\/#breadcrumb","itemListElement":[{"@type":"ListItem","position":1,"name":"Accueil","item":"https:\/\/www.webdo.tn\/fr\/"},{"@type":"ListItem","position":2,"name":"Sahbi Atig admis \u00e0 l\u2019h\u00f4pital"}]},{"@type":"WebSite","@id":"https:\/\/www.webdo.tn\/fr\/#website","url":"https:\/\/www.webdo.tn\/fr\/","name":"webdo","description":"Tunisie - News en Tunisie et \u00e0 l&#039;international sur Webdo.tn","publisher":{"@id":"https:\/\/www.webdo.tn\/fr\/#organization"},"potentialAction":[{"@type":"SearchAction","target":{"@type":"EntryPoint","urlTemplate":"https:\/\/www.webdo.tn\/fr\/?s={search_term_string}"},"query-input":{"@type":"PropertyValueSpecification","valueRequired":true,"valueName":"search_term_string"}}],"inLanguage":"fr-FR"},{"@type":"Organization","@id":"https:\/\/www.webdo.tn\/fr\/#organization","name":"Webdo","alternateName":"Webdo.tn","url":"https:\/\/www.webdo.tn\/fr\/","logo":{"@type":"ImageObject","inLanguage":"fr-FR","@id":"https:\/\/www.webdo.tn\/fr\/#\/schema\/logo\/image\/","url":"https:\/\/www.webdo.tn\/fr\/wp-content\/uploads\/2025\/06\/Webdo-Tunisie_168377.jpg","contentUrl":"https:\/\/www.webdo.tn\/fr\/wp-content\/uploads\/2025\/06\/Webdo-Tunisie_168377.jpg","width":301,"height":301,"caption":"Webdo"},"image":{"@id":"https:\/\/www.webdo.tn\/fr\/#\/schema\/logo\/image\/"},"sameAs":["https:\/\/www.facebook.com\/webdotn","https:\/\/x.com\/webdo_tn"],"description":"Webdo est un m\u00e9dia num\u00e9rique tunisien fond\u00e9 en 2010, sp\u00e9cialis\u00e9 dans l\u2019actualit\u00e9 nationale et internationale, l\u2019\u00e9conomie, la soci\u00e9t\u00e9 et les analyses politiques. Le site s\u2019adresse \u00e0 un large public francophone et couvre l\u2019information tunisienne en temps r\u00e9el.","email":"redac@webdo.tn","legalName":"YNJ SARL","foundingDate":"2010-09-06","numberOfEmployees":{"@type":"QuantitativeValue","minValue":"11","maxValue":"50"}},{"@type":"Person","@id":"https:\/\/www.webdo.tn\/fr\/#\/schema\/person\/2c4929cbf5a809e3bd38617c6ce150f6","name":"MC","image":{"@type":"ImageObject","inLanguage":"fr-FR","@id":"https:\/\/secure.gravatar.com\/avatar\/a545bbb6f84efdd5553dbbc2895e3ca8f1d12c5215e00a041c9670b54aa9b18a?s=96&d=mm&r=g","url":"https:\/\/secure.gravatar.com\/avatar\/a545bbb6f84efdd5553dbbc2895e3ca8f1d12c5215e00a041c9670b54aa9b18a?s=96&d=mm&r=g","contentUrl":"https:\/\/secure.gravatar.com\/avatar\/a545bbb6f84efdd5553dbbc2895e3ca8f1d12c5215e00a041c9670b54aa9b18a?s=96&d=mm&r=g","caption":"MC"},"url":"https:\/\/www.webdo.tn\/fr\/actualite\/author\/mc\/"}]}},"_links":{"self":[{"href":"https:\/\/www.webdo.tn\/fr\/wp-json\/wp\/v2\/posts\/208338","targetHints":{"allow":["GET"]}}],"collection":[{"href":"https:\/\/www.webdo.tn\/fr\/wp-json\/wp\/v2\/posts"}],"about":[{"href":"https:\/\/www.webdo.tn\/fr\/wp-json\/wp\/v2\/types\/post"}],"author":[{"embeddable":true,"href":"https:\/\/www.webdo.tn\/fr\/wp-json\/wp\/v2\/users\/3162"}],"replies":[{"embeddable":true,"href":"https:\/\/www.webdo.tn\/fr\/wp-json\/wp\/v2\/comments?post=208338"}],"version-history":[{"count":0,"href":"https:\/\/www.webdo.tn\/fr\/wp-json\/wp\/v2\/posts\/208338\/revisions"}],"wp:featuredmedia":[{"embeddable":true,"href":"https:\/\/www.webdo.tn\/fr\/wp-json\/wp\/v2\/media\/249424"}],"wp:attachment":[{"href":"https:\/\/www.webdo.tn\/fr\/wp-json\/wp\/v2\/media?parent=208338"}],"wp:term":[{"taxonomy":"category","embeddable":true,"href":"https:\/\/www.webdo.tn\/fr\/wp-json\/wp\/v2\/categories?post=208338"},{"taxonomy":"post_tag","embeddable":true,"href":"https:\/\/www.webdo.tn\/fr\/wp-json\/wp\/v2\/tags?post=208338"}],"curies":[{"name":"wp","href":"https:\/\/api.w.org\/{rel}","templated":true}]}}