{"id":208336,"date":"2023-09-01T13:49:00","date_gmt":"2023-09-01T13:49:00","guid":{"rendered":"https:\/\/www.webdo.tn\/fr\/blog\/opportunite-de-reprise-a-l-iset-pour-les-etudiants-ayant-interrompu-leurs-etudes\/208336\/"},"modified":"2025-05-20T21:57:39","modified_gmt":"2025-05-20T21:57:39","slug":"opportunite-de-reprise-a-l-iset-pour-les-etudiants-ayant-interrompu-leurs-etudes","status":"publish","type":"post","link":"https:\/\/www.webdo.tn\/fr\/actualite\/national\/opportunite-de-reprise-a-l-iset-pour-les-etudiants-ayant-interrompu-leurs-etudes\/208336\/","title":{"rendered":"Opportunit\u00e9 de reprise \u00e0 l\u2019ISET pour les \u00e9tudiants ayant interrompu leurs \u00e9tudes"},"content":{"rendered":"<p>La direction g\u00e9n\u00e9rale des \u00e9tudes technologiques (DGET) a annonc\u00e9, ce vendredi 1er septembre 2023, que les \u00e9tudiants ayant suspendu leurs \u00e9tudes dans le r\u00e9seau des instituts sup\u00e9rieurs des \u00e9tudes technologiques (ISET) et qui d\u00e9sirent reprendre les cours pour obtenir une licence nationale peuvent s&rsquo;inscrire \u00e0 partir d&rsquo;aujourd&rsquo;hui et jusqu&rsquo;au 15 septembre en cours sur le site www.didousoft.com.<\/p>\n<p>\t\t\t\t\t\t\t\t\tLa DGET pr\u00e9cise, dans un communiqu\u00e9 publi\u00e9 aujourd\u2019hui, que l&rsquo;inscription concerne les \u00e9tudiants ayant arr\u00eat\u00e9 leurs \u00e9tudes depuis plus d&rsquo;un an et qui n&rsquo;ont pas chang\u00e9 de fili\u00e8re.<\/p>\n<p>L&rsquo;inscription concerne aussi les \u00e9tudiants ayant obtenu le baccalaur\u00e9at et qui ont \u00e9t\u00e9 orient\u00e9s \u00e0 un institut sup\u00e9rieur des \u00e9tudes technologiques mais n&rsquo;ont pas finalis\u00e9 les proc\u00e9dures administratives d&rsquo;inscription depuis plus d&rsquo;un an.<\/p>\n<p>Sont \u00e9galement concern\u00e9s, selon le communiqu\u00e9, les \u00e9tudiants de l&rsquo;ancien r\u00e9gime ayant r\u00e9ussi le premier niveau d&rsquo;\u00e9tudes, les \u00e9tudiants ayant r\u00e9ussi la premi\u00e8re ann\u00e9e du r\u00e9gime LMD (Licence Master Doctorat) et les \u00e9tudiants redoublants en 1\u00e8re ann\u00e9e et qui ont arr\u00eat\u00e9 les \u00e9tudes.<\/p>\n<p>Les \u00e9tudiants redoublants ou admis en 2\u00e8me ann\u00e9e et ayant interrompu leurs \u00e9tudes, les redoublants en 3\u00e8me ann\u00e9e, les \u00e9tudiants qui n&rsquo;ont pas finalis\u00e9 leurs projets de fin d&rsquo;\u00e9tudes ainsi que les \u00e9tudiants qui n&rsquo;ont pas termin\u00e9 leurs stages en 1\u00e8re ou 2\u00e8me ann\u00e9e sont aussi concern\u00e9s par la possibilit\u00e9 d&rsquo;inscription.<\/p>\n","protected":false},"excerpt":{"rendered":"<p>La direction g\u00e9n\u00e9rale des \u00e9tudes technologiques (DGET) a annonc\u00e9, ce vendredi 1er septembre 2023, que les \u00e9tudiants ayant suspendu leurs \u00e9tudes dans le r\u00e9seau d&#8230;<\/p>\n","protected":false},"author":3162,"featured_media":249423,"comment_status":"open","ping_status":"closed","sticky":false,"template":"","format":"standard","meta":{"footnotes":""},"categories":[44],"tags":[7997,7996,2608],"class_list":["post-208336","post","type-post","status-publish","format-standard","has-post-thumbnail","hentry","category-national","tag-etudes-superieures","tag-iset","tag-tunisie"],"yoast_head":"<!-- This site is optimized with the Yoast SEO Premium plugin v27.5 (Yoast SEO v27.5) - https:\/\/yoast.com\/product\/yoast-seo-premium-wordpress\/ -->\n<title>Opportunit\u00e9 de reprise \u00e0 l\u2019ISET pour les \u00e9tudiants ayant interrompu leurs \u00e9tudes<\/title>\n<meta name=\"description\" content=\"La direction g\u00e9n\u00e9rale des \u00e9tudes technologiques (DGET) a annonc\u00e9, ce vendredi 1er septembre 2023, que les \u00e9tudiants ayant suspendu leurs \u00e9tudes dans le r\u00e9seau d...\" \/>\n<link rel=\"canonical\" href=\"https:\/\/www.webdo.tn\/fr\/actualite\/national\/opportunite-de-reprise-a-l-iset-pour-les-etudiants-ayant-interrompu-leurs-etudes\/208336\/\" \/>\n<meta property=\"og:locale\" content=\"fr_FR\" \/>\n<meta property=\"og:type\" content=\"article\" \/>\n<meta property=\"og:title\" content=\"Opportunit\u00e9 de reprise \u00e0 l\u2019ISET pour les \u00e9tudiants ayant interrompu leurs \u00e9tudes\" \/>\n<meta property=\"og:description\" content=\"La direction g\u00e9n\u00e9rale des \u00e9tudes technologiques (DGET) a annonc\u00e9, ce vendredi 1er septembre 2023, que les \u00e9tudiants ayant suspendu leurs \u00e9tudes dans le r\u00e9seau d...\" \/>\n<meta property=\"og:url\" content=\"https:\/\/www.webdo.tn\/fr\/actualite\/national\/opportunite-de-reprise-a-l-iset-pour-les-etudiants-ayant-interrompu-leurs-etudes\/208336\/\" \/>\n<meta property=\"og:site_name\" content=\"webdo\" \/>\n<meta property=\"article:publisher\" content=\"https:\/\/www.facebook.com\/webdotn\" \/>\n<meta property=\"article:published_time\" content=\"2023-09-01T13:49:00+00:00\" \/>\n<meta property=\"article:modified_time\" content=\"2025-05-20T21:57:39+00:00\" \/>\n<meta property=\"og:image\" content=\"https:\/\/www.webdo.tn\/fr\/wp-content\/uploads\/2023\/09\/9bd91b19140957fadd4457544aae5a3a.jpg\" \/>\n\t<meta property=\"og:image:width\" content=\"750\" \/>\n\t<meta property=\"og:image:height\" content=\"400\" \/>\n\t<meta property=\"og:image:type\" content=\"image\/jpeg\" \/>\n<meta name=\"author\" content=\"MC\" \/>\n<meta name=\"twitter:card\" content=\"summary_large_image\" \/>\n<meta name=\"twitter:creator\" content=\"@webdo_tn\" \/>\n<meta name=\"twitter:site\" content=\"@webdo_tn\" \/>\n<meta name=\"twitter:label1\" content=\"\u00c9crit par\" \/>\n\t<meta name=\"twitter:data1\" content=\"MC\" \/>\n\t<meta name=\"twitter:label2\" content=\"Dur\u00e9e de lecture estim\u00e9e\" \/>\n\t<meta name=\"twitter:data2\" content=\"1 minute\" \/>\n<script type=\"application\/ld+json\" class=\"yoast-schema-graph\">{\"@context\":\"https:\\\/\\\/schema.org\",\"@graph\":[{\"@type\":\"NewsArticle\",\"@id\":\"https:\\\/\\\/www.webdo.tn\\\/fr\\\/actualite\\\/national\\\/opportunite-de-reprise-a-l-iset-pour-les-etudiants-ayant-interrompu-leurs-etudes\\\/208336\\\/#article\",\"isPartOf\":{\"@id\":\"https:\\\/\\\/www.webdo.tn\\\/fr\\\/actualite\\\/national\\\/opportunite-de-reprise-a-l-iset-pour-les-etudiants-ayant-interrompu-leurs-etudes\\\/208336\\\/\"},\"author\":{\"name\":\"MC\",\"@id\":\"https:\\\/\\\/www.webdo.tn\\\/fr\\\/#\\\/schema\\\/person\\\/2c4929cbf5a809e3bd38617c6ce150f6\"},\"headline\":\"Opportunit\u00e9 de reprise \u00e0 l\u2019ISET pour les \u00e9tudiants ayant interrompu leurs \u00e9tudes\",\"datePublished\":\"2023-09-01T13:49:00+00:00\",\"dateModified\":\"2025-05-20T21:57:39+00:00\",\"mainEntityOfPage\":{\"@id\":\"https:\\\/\\\/www.webdo.tn\\\/fr\\\/actualite\\\/national\\\/opportunite-de-reprise-a-l-iset-pour-les-etudiants-ayant-interrompu-leurs-etudes\\\/208336\\\/\"},\"wordCount\":265,\"commentCount\":0,\"publisher\":{\"@id\":\"https:\\\/\\\/www.webdo.tn\\\/fr\\\/#organization\"},\"image\":{\"@id\":\"https:\\\/\\\/www.webdo.tn\\\/fr\\\/actualite\\\/national\\\/opportunite-de-reprise-a-l-iset-pour-les-etudiants-ayant-interrompu-leurs-etudes\\\/208336\\\/#primaryimage\"},\"thumbnailUrl\":\"https:\\\/\\\/www.webdo.tn\\\/fr\\\/wp-content\\\/uploads\\\/2023\\\/09\\\/9bd91b19140957fadd4457544aae5a3a.jpg\",\"keywords\":[\"\u00e9tudes sup\u00e9rieures\",\"iset\",\"Tunisie\"],\"articleSection\":[\"National\"],\"inLanguage\":\"fr-FR\"},{\"@type\":\"WebPage\",\"@id\":\"https:\\\/\\\/www.webdo.tn\\\/fr\\\/actualite\\\/national\\\/opportunite-de-reprise-a-l-iset-pour-les-etudiants-ayant-interrompu-leurs-etudes\\\/208336\\\/\",\"url\":\"https:\\\/\\\/www.webdo.tn\\\/fr\\\/actualite\\\/national\\\/opportunite-de-reprise-a-l-iset-pour-les-etudiants-ayant-interrompu-leurs-etudes\\\/208336\\\/\",\"name\":\"Opportunit\u00e9 de reprise \u00e0 l\u2019ISET pour les \u00e9tudiants ayant interrompu leurs \u00e9tudes\",\"isPartOf\":{\"@id\":\"https:\\\/\\\/www.webdo.tn\\\/fr\\\/#website\"},\"primaryImageOfPage\":{\"@id\":\"https:\\\/\\\/www.webdo.tn\\\/fr\\\/actualite\\\/national\\\/opportunite-de-reprise-a-l-iset-pour-les-etudiants-ayant-interrompu-leurs-etudes\\\/208336\\\/#primaryimage\"},\"image\":{\"@id\":\"https:\\\/\\\/www.webdo.tn\\\/fr\\\/actualite\\\/national\\\/opportunite-de-reprise-a-l-iset-pour-les-etudiants-ayant-interrompu-leurs-etudes\\\/208336\\\/#primaryimage\"},\"thumbnailUrl\":\"https:\\\/\\\/www.webdo.tn\\\/fr\\\/wp-content\\\/uploads\\\/2023\\\/09\\\/9bd91b19140957fadd4457544aae5a3a.jpg\",\"datePublished\":\"2023-09-01T13:49:00+00:00\",\"dateModified\":\"2025-05-20T21:57:39+00:00\",\"description\":\"La direction g\u00e9n\u00e9rale des \u00e9tudes technologiques (DGET) a annonc\u00e9, ce vendredi 1er septembre 2023, que les \u00e9tudiants ayant suspendu leurs \u00e9tudes dans le r\u00e9seau d...\",\"breadcrumb\":{\"@id\":\"https:\\\/\\\/www.webdo.tn\\\/fr\\\/actualite\\\/national\\\/opportunite-de-reprise-a-l-iset-pour-les-etudiants-ayant-interrompu-leurs-etudes\\\/208336\\\/#breadcrumb\"},\"inLanguage\":\"fr-FR\",\"potentialAction\":[{\"@type\":\"ReadAction\",\"target\":[\"https:\\\/\\\/www.webdo.tn\\\/fr\\\/actualite\\\/national\\\/opportunite-de-reprise-a-l-iset-pour-les-etudiants-ayant-interrompu-leurs-etudes\\\/208336\\\/\"]}]},{\"@type\":\"ImageObject\",\"inLanguage\":\"fr-FR\",\"@id\":\"https:\\\/\\\/www.webdo.tn\\\/fr\\\/actualite\\\/national\\\/opportunite-de-reprise-a-l-iset-pour-les-etudiants-ayant-interrompu-leurs-etudes\\\/208336\\\/#primaryimage\",\"url\":\"https:\\\/\\\/www.webdo.tn\\\/fr\\\/wp-content\\\/uploads\\\/2023\\\/09\\\/9bd91b19140957fadd4457544aae5a3a.jpg\",\"contentUrl\":\"https:\\\/\\\/www.webdo.tn\\\/fr\\\/wp-content\\\/uploads\\\/2023\\\/09\\\/9bd91b19140957fadd4457544aae5a3a.jpg\",\"width\":750,\"height\":400,\"caption\":\"Opportunit\u00e9 de reprise \u00e0 l\u2019ISET pour les \u00e9tudiants ayant interrompu leurs \u00e9tudes\"},{\"@type\":\"BreadcrumbList\",\"@id\":\"https:\\\/\\\/www.webdo.tn\\\/fr\\\/actualite\\\/national\\\/opportunite-de-reprise-a-l-iset-pour-les-etudiants-ayant-interrompu-leurs-etudes\\\/208336\\\/#breadcrumb\",\"itemListElement\":[{\"@type\":\"ListItem\",\"position\":1,\"name\":\"Accueil\",\"item\":\"https:\\\/\\\/www.webdo.tn\\\/fr\\\/\"},{\"@type\":\"ListItem\",\"position\":2,\"name\":\"Opportunit\u00e9 de reprise \u00e0 l\u2019ISET pour les \u00e9tudiants ayant interrompu leurs \u00e9tudes\"}]},{\"@type\":\"WebSite\",\"@id\":\"https:\\\/\\\/www.webdo.tn\\\/fr\\\/#website\",\"url\":\"https:\\\/\\\/www.webdo.tn\\\/fr\\\/\",\"name\":\"webdo\",\"description\":\"Tunisie - News en Tunisie et \u00e0 l&#039;international sur Webdo.tn\",\"publisher\":{\"@id\":\"https:\\\/\\\/www.webdo.tn\\\/fr\\\/#organization\"},\"potentialAction\":[{\"@type\":\"SearchAction\",\"target\":{\"@type\":\"EntryPoint\",\"urlTemplate\":\"https:\\\/\\\/www.webdo.tn\\\/fr\\\/?s={search_term_string}\"},\"query-input\":{\"@type\":\"PropertyValueSpecification\",\"valueRequired\":true,\"valueName\":\"search_term_string\"}}],\"inLanguage\":\"fr-FR\"},{\"@type\":\"Organization\",\"@id\":\"https:\\\/\\\/www.webdo.tn\\\/fr\\\/#organization\",\"name\":\"Webdo\",\"alternateName\":\"Webdo.tn\",\"url\":\"https:\\\/\\\/www.webdo.tn\\\/fr\\\/\",\"logo\":{\"@type\":\"ImageObject\",\"inLanguage\":\"fr-FR\",\"@id\":\"https:\\\/\\\/www.webdo.tn\\\/fr\\\/#\\\/schema\\\/logo\\\/image\\\/\",\"url\":\"https:\\\/\\\/www.webdo.tn\\\/fr\\\/wp-content\\\/uploads\\\/2025\\\/06\\\/Webdo-Tunisie_168377.jpg\",\"contentUrl\":\"https:\\\/\\\/www.webdo.tn\\\/fr\\\/wp-content\\\/uploads\\\/2025\\\/06\\\/Webdo-Tunisie_168377.jpg\",\"width\":301,\"height\":301,\"caption\":\"Webdo\"},\"image\":{\"@id\":\"https:\\\/\\\/www.webdo.tn\\\/fr\\\/#\\\/schema\\\/logo\\\/image\\\/\"},\"sameAs\":[\"https:\\\/\\\/www.facebook.com\\\/webdotn\",\"https:\\\/\\\/x.com\\\/webdo_tn\"],\"description\":\"Webdo est un m\u00e9dia num\u00e9rique tunisien fond\u00e9 en 2010, sp\u00e9cialis\u00e9 dans l\u2019actualit\u00e9 nationale et internationale, l\u2019\u00e9conomie, la soci\u00e9t\u00e9 et les analyses politiques. Le site s\u2019adresse \u00e0 un large public francophone et couvre l\u2019information tunisienne en temps r\u00e9el.\",\"email\":\"redac@webdo.tn\",\"legalName\":\"YNJ SARL\",\"foundingDate\":\"2010-09-06\",\"numberOfEmployees\":{\"@type\":\"QuantitativeValue\",\"minValue\":\"11\",\"maxValue\":\"50\"}},{\"@type\":\"Person\",\"@id\":\"https:\\\/\\\/www.webdo.tn\\\/fr\\\/#\\\/schema\\\/person\\\/2c4929cbf5a809e3bd38617c6ce150f6\",\"name\":\"MC\",\"image\":{\"@type\":\"ImageObject\",\"inLanguage\":\"fr-FR\",\"@id\":\"https:\\\/\\\/secure.gravatar.com\\\/avatar\\\/a545bbb6f84efdd5553dbbc2895e3ca8f1d12c5215e00a041c9670b54aa9b18a?s=96&d=mm&r=g\",\"url\":\"https:\\\/\\\/secure.gravatar.com\\\/avatar\\\/a545bbb6f84efdd5553dbbc2895e3ca8f1d12c5215e00a041c9670b54aa9b18a?s=96&d=mm&r=g\",\"contentUrl\":\"https:\\\/\\\/secure.gravatar.com\\\/avatar\\\/a545bbb6f84efdd5553dbbc2895e3ca8f1d12c5215e00a041c9670b54aa9b18a?s=96&d=mm&r=g\",\"caption\":\"MC\"},\"url\":\"https:\\\/\\\/www.webdo.tn\\\/fr\\\/actualite\\\/author\\\/mc\\\/\"}]}<\/script>\n<!-- \/ Yoast SEO Premium plugin. -->","yoast_head_json":{"title":"Opportunit\u00e9 de reprise \u00e0 l\u2019ISET pour les \u00e9tudiants ayant interrompu leurs \u00e9tudes","description":"La direction g\u00e9n\u00e9rale des \u00e9tudes technologiques (DGET) a annonc\u00e9, ce vendredi 1er septembre 2023, que les \u00e9tudiants ayant suspendu leurs \u00e9tudes dans le r\u00e9seau d...","canonical":"https:\/\/www.webdo.tn\/fr\/actualite\/national\/opportunite-de-reprise-a-l-iset-pour-les-etudiants-ayant-interrompu-leurs-etudes\/208336\/","og_locale":"fr_FR","og_type":"article","og_title":"Opportunit\u00e9 de reprise \u00e0 l\u2019ISET pour les \u00e9tudiants ayant interrompu leurs \u00e9tudes","og_description":"La direction g\u00e9n\u00e9rale des \u00e9tudes technologiques (DGET) a annonc\u00e9, ce vendredi 1er septembre 2023, que les \u00e9tudiants ayant suspendu leurs \u00e9tudes dans le r\u00e9seau d...","og_url":"https:\/\/www.webdo.tn\/fr\/actualite\/national\/opportunite-de-reprise-a-l-iset-pour-les-etudiants-ayant-interrompu-leurs-etudes\/208336\/","og_site_name":"webdo","article_publisher":"https:\/\/www.facebook.com\/webdotn","article_published_time":"2023-09-01T13:49:00+00:00","article_modified_time":"2025-05-20T21:57:39+00:00","og_image":[{"width":750,"height":400,"url":"https:\/\/www.webdo.tn\/fr\/wp-content\/uploads\/2023\/09\/9bd91b19140957fadd4457544aae5a3a.jpg","type":"image\/jpeg"}],"author":"MC","twitter_card":"summary_large_image","twitter_creator":"@webdo_tn","twitter_site":"@webdo_tn","twitter_misc":{"\u00c9crit par":"MC","Dur\u00e9e de lecture estim\u00e9e":"1 minute"},"schema":{"@context":"https:\/\/schema.org","@graph":[{"@type":"NewsArticle","@id":"https:\/\/www.webdo.tn\/fr\/actualite\/national\/opportunite-de-reprise-a-l-iset-pour-les-etudiants-ayant-interrompu-leurs-etudes\/208336\/#article","isPartOf":{"@id":"https:\/\/www.webdo.tn\/fr\/actualite\/national\/opportunite-de-reprise-a-l-iset-pour-les-etudiants-ayant-interrompu-leurs-etudes\/208336\/"},"author":{"name":"MC","@id":"https:\/\/www.webdo.tn\/fr\/#\/schema\/person\/2c4929cbf5a809e3bd38617c6ce150f6"},"headline":"Opportunit\u00e9 de reprise \u00e0 l\u2019ISET pour les \u00e9tudiants ayant interrompu leurs \u00e9tudes","datePublished":"2023-09-01T13:49:00+00:00","dateModified":"2025-05-20T21:57:39+00:00","mainEntityOfPage":{"@id":"https:\/\/www.webdo.tn\/fr\/actualite\/national\/opportunite-de-reprise-a-l-iset-pour-les-etudiants-ayant-interrompu-leurs-etudes\/208336\/"},"wordCount":265,"commentCount":0,"publisher":{"@id":"https:\/\/www.webdo.tn\/fr\/#organization"},"image":{"@id":"https:\/\/www.webdo.tn\/fr\/actualite\/national\/opportunite-de-reprise-a-l-iset-pour-les-etudiants-ayant-interrompu-leurs-etudes\/208336\/#primaryimage"},"thumbnailUrl":"https:\/\/www.webdo.tn\/fr\/wp-content\/uploads\/2023\/09\/9bd91b19140957fadd4457544aae5a3a.jpg","keywords":["\u00e9tudes sup\u00e9rieures","iset","Tunisie"],"articleSection":["National"],"inLanguage":"fr-FR"},{"@type":"WebPage","@id":"https:\/\/www.webdo.tn\/fr\/actualite\/national\/opportunite-de-reprise-a-l-iset-pour-les-etudiants-ayant-interrompu-leurs-etudes\/208336\/","url":"https:\/\/www.webdo.tn\/fr\/actualite\/national\/opportunite-de-reprise-a-l-iset-pour-les-etudiants-ayant-interrompu-leurs-etudes\/208336\/","name":"Opportunit\u00e9 de reprise \u00e0 l\u2019ISET pour les \u00e9tudiants ayant interrompu leurs \u00e9tudes","isPartOf":{"@id":"https:\/\/www.webdo.tn\/fr\/#website"},"primaryImageOfPage":{"@id":"https:\/\/www.webdo.tn\/fr\/actualite\/national\/opportunite-de-reprise-a-l-iset-pour-les-etudiants-ayant-interrompu-leurs-etudes\/208336\/#primaryimage"},"image":{"@id":"https:\/\/www.webdo.tn\/fr\/actualite\/national\/opportunite-de-reprise-a-l-iset-pour-les-etudiants-ayant-interrompu-leurs-etudes\/208336\/#primaryimage"},"thumbnailUrl":"https:\/\/www.webdo.tn\/fr\/wp-content\/uploads\/2023\/09\/9bd91b19140957fadd4457544aae5a3a.jpg","datePublished":"2023-09-01T13:49:00+00:00","dateModified":"2025-05-20T21:57:39+00:00","description":"La direction g\u00e9n\u00e9rale des \u00e9tudes technologiques (DGET) a annonc\u00e9, ce vendredi 1er septembre 2023, que les \u00e9tudiants ayant suspendu leurs \u00e9tudes dans le r\u00e9seau d...","breadcrumb":{"@id":"https:\/\/www.webdo.tn\/fr\/actualite\/national\/opportunite-de-reprise-a-l-iset-pour-les-etudiants-ayant-interrompu-leurs-etudes\/208336\/#breadcrumb"},"inLanguage":"fr-FR","potentialAction":[{"@type":"ReadAction","target":["https:\/\/www.webdo.tn\/fr\/actualite\/national\/opportunite-de-reprise-a-l-iset-pour-les-etudiants-ayant-interrompu-leurs-etudes\/208336\/"]}]},{"@type":"ImageObject","inLanguage":"fr-FR","@id":"https:\/\/www.webdo.tn\/fr\/actualite\/national\/opportunite-de-reprise-a-l-iset-pour-les-etudiants-ayant-interrompu-leurs-etudes\/208336\/#primaryimage","url":"https:\/\/www.webdo.tn\/fr\/wp-content\/uploads\/2023\/09\/9bd91b19140957fadd4457544aae5a3a.jpg","contentUrl":"https:\/\/www.webdo.tn\/fr\/wp-content\/uploads\/2023\/09\/9bd91b19140957fadd4457544aae5a3a.jpg","width":750,"height":400,"caption":"Opportunit\u00e9 de reprise \u00e0 l\u2019ISET pour les \u00e9tudiants ayant interrompu leurs \u00e9tudes"},{"@type":"BreadcrumbList","@id":"https:\/\/www.webdo.tn\/fr\/actualite\/national\/opportunite-de-reprise-a-l-iset-pour-les-etudiants-ayant-interrompu-leurs-etudes\/208336\/#breadcrumb","itemListElement":[{"@type":"ListItem","position":1,"name":"Accueil","item":"https:\/\/www.webdo.tn\/fr\/"},{"@type":"ListItem","position":2,"name":"Opportunit\u00e9 de reprise \u00e0 l\u2019ISET pour les \u00e9tudiants ayant interrompu leurs \u00e9tudes"}]},{"@type":"WebSite","@id":"https:\/\/www.webdo.tn\/fr\/#website","url":"https:\/\/www.webdo.tn\/fr\/","name":"webdo","description":"Tunisie - News en Tunisie et \u00e0 l&#039;international sur Webdo.tn","publisher":{"@id":"https:\/\/www.webdo.tn\/fr\/#organization"},"potentialAction":[{"@type":"SearchAction","target":{"@type":"EntryPoint","urlTemplate":"https:\/\/www.webdo.tn\/fr\/?s={search_term_string}"},"query-input":{"@type":"PropertyValueSpecification","valueRequired":true,"valueName":"search_term_string"}}],"inLanguage":"fr-FR"},{"@type":"Organization","@id":"https:\/\/www.webdo.tn\/fr\/#organization","name":"Webdo","alternateName":"Webdo.tn","url":"https:\/\/www.webdo.tn\/fr\/","logo":{"@type":"ImageObject","inLanguage":"fr-FR","@id":"https:\/\/www.webdo.tn\/fr\/#\/schema\/logo\/image\/","url":"https:\/\/www.webdo.tn\/fr\/wp-content\/uploads\/2025\/06\/Webdo-Tunisie_168377.jpg","contentUrl":"https:\/\/www.webdo.tn\/fr\/wp-content\/uploads\/2025\/06\/Webdo-Tunisie_168377.jpg","width":301,"height":301,"caption":"Webdo"},"image":{"@id":"https:\/\/www.webdo.tn\/fr\/#\/schema\/logo\/image\/"},"sameAs":["https:\/\/www.facebook.com\/webdotn","https:\/\/x.com\/webdo_tn"],"description":"Webdo est un m\u00e9dia num\u00e9rique tunisien fond\u00e9 en 2010, sp\u00e9cialis\u00e9 dans l\u2019actualit\u00e9 nationale et internationale, l\u2019\u00e9conomie, la soci\u00e9t\u00e9 et les analyses politiques. Le site s\u2019adresse \u00e0 un large public francophone et couvre l\u2019information tunisienne en temps r\u00e9el.","email":"redac@webdo.tn","legalName":"YNJ SARL","foundingDate":"2010-09-06","numberOfEmployees":{"@type":"QuantitativeValue","minValue":"11","maxValue":"50"}},{"@type":"Person","@id":"https:\/\/www.webdo.tn\/fr\/#\/schema\/person\/2c4929cbf5a809e3bd38617c6ce150f6","name":"MC","image":{"@type":"ImageObject","inLanguage":"fr-FR","@id":"https:\/\/secure.gravatar.com\/avatar\/a545bbb6f84efdd5553dbbc2895e3ca8f1d12c5215e00a041c9670b54aa9b18a?s=96&d=mm&r=g","url":"https:\/\/secure.gravatar.com\/avatar\/a545bbb6f84efdd5553dbbc2895e3ca8f1d12c5215e00a041c9670b54aa9b18a?s=96&d=mm&r=g","contentUrl":"https:\/\/secure.gravatar.com\/avatar\/a545bbb6f84efdd5553dbbc2895e3ca8f1d12c5215e00a041c9670b54aa9b18a?s=96&d=mm&r=g","caption":"MC"},"url":"https:\/\/www.webdo.tn\/fr\/actualite\/author\/mc\/"}]}},"_links":{"self":[{"href":"https:\/\/www.webdo.tn\/fr\/wp-json\/wp\/v2\/posts\/208336","targetHints":{"allow":["GET"]}}],"collection":[{"href":"https:\/\/www.webdo.tn\/fr\/wp-json\/wp\/v2\/posts"}],"about":[{"href":"https:\/\/www.webdo.tn\/fr\/wp-json\/wp\/v2\/types\/post"}],"author":[{"embeddable":true,"href":"https:\/\/www.webdo.tn\/fr\/wp-json\/wp\/v2\/users\/3162"}],"replies":[{"embeddable":true,"href":"https:\/\/www.webdo.tn\/fr\/wp-json\/wp\/v2\/comments?post=208336"}],"version-history":[{"count":0,"href":"https:\/\/www.webdo.tn\/fr\/wp-json\/wp\/v2\/posts\/208336\/revisions"}],"wp:featuredmedia":[{"embeddable":true,"href":"https:\/\/www.webdo.tn\/fr\/wp-json\/wp\/v2\/media\/249423"}],"wp:attachment":[{"href":"https:\/\/www.webdo.tn\/fr\/wp-json\/wp\/v2\/media?parent=208336"}],"wp:term":[{"taxonomy":"category","embeddable":true,"href":"https:\/\/www.webdo.tn\/fr\/wp-json\/wp\/v2\/categories?post=208336"},{"taxonomy":"post_tag","embeddable":true,"href":"https:\/\/www.webdo.tn\/fr\/wp-json\/wp\/v2\/tags?post=208336"}],"curies":[{"name":"wp","href":"https:\/\/api.w.org\/{rel}","templated":true}]}}