{"id":208323,"date":"2023-08-31T20:02:00","date_gmt":"2023-08-31T20:02:00","guid":{"rendered":"https:\/\/www.webdo.tn\/fr\/blog\/kamel-deguiche-appelle-a-parachever-les-travaux-de-reamenagement-d-el-menzah-dans-les-delais\/208323\/"},"modified":"2025-05-17T21:12:24","modified_gmt":"2025-05-17T21:12:24","slug":"kamel-deguiche-appelle-a-parachever-les-travaux-de-reamenagement-d-el-menzah-dans-les-delais","status":"publish","type":"post","link":"https:\/\/www.webdo.tn\/fr\/actualite\/sport\/kamel-deguiche-appelle-a-parachever-les-travaux-de-reamenagement-d-el-menzah-dans-les-delais\/208323\/","title":{"rendered":"Kamel D\u00e9guiche appelle \u00e0 parachever les travaux de r\u00e9am\u00e9nagement d&rsquo;El Menzah dans les d\u00e9lais"},"content":{"rendered":"<p>Le ministre de la jeunesse et du sport, Kamel D\u00e9guiche s&rsquo;est rendu, ce jeudi 31 ao\u00fbt 2023, sur le chantier du stade Olympique d&rsquo;El Menzah pour prendre \u00e9tat de l&rsquo;avancement de ses travaux de r\u00e9am\u00e9nagement, selon un communiqu\u00e9 publi\u00e9 par le minist\u00e8re.<\/p>\n<p>\t\t\t\t\t\t\t\t\tLe ministre a vu s&rsquo;enqu\u00e9rir des travaux engag\u00e9s concernent l&rsquo;am\u00e9nagement des espaces de la zone inf\u00e9rieures des gradins, l&rsquo;installation des nouveaux gradins et la consolidation de la structure du stade, outre la pose des structures m\u00e9talliques et la refonte des vestiaires.<\/p>\n<p>Kamel D\u00e9guiche a profit\u00e9 de cette visite pour appeler les intervenants \u00e0 multiplier les efforts pour parachever les diff\u00e9rents composantes du projet dans les normes et les qualit\u00e9s requises, tout en respectant les d\u00e9lais.<\/p>\n","protected":false},"excerpt":{"rendered":"<p>Le ministre de la jeunesse et du sport, Kamel D\u00e9guiche s&rsquo;est rendu, ce jeudi 31 ao\u00fbt 2023, sur le chantier du stade Olympique d&rsquo;El Menzah pour prendre \u00e9tat de l&#8230;<\/p>\n","protected":false},"author":3169,"featured_media":278684,"comment_status":"open","ping_status":"closed","sticky":false,"template":"","format":"standard","meta":{"footnotes":""},"categories":[2593],"tags":[9581,4823,7203,4416,2608],"class_list":["post-208323","post","type-post","status-publish","format-standard","has-post-thumbnail","hentry","category-sport","tag-amenagement","tag-el-menzah","tag-kamel-deguiche","tag-sport","tag-tunisie"],"yoast_head":"<!-- This site is optimized with the Yoast SEO Premium plugin v27.5 (Yoast SEO v27.5) - https:\/\/yoast.com\/product\/yoast-seo-premium-wordpress\/ -->\n<title>Kamel D\u00e9guiche appelle \u00e0 parachever les travaux de r\u00e9am\u00e9nagement d&#039;El Menzah dans les d\u00e9lais<\/title>\n<meta name=\"description\" content=\"Le ministre de la jeunesse et du sport, Kamel D\u00e9guiche s&#039;est rendu, ce jeudi 31 ao\u00fbt 2023, sur le chantier du stade Olympique d&#039;El Menzah pour prendre \u00e9tat de l...\" \/>\n<link rel=\"canonical\" href=\"https:\/\/www.webdo.tn\/fr\/actualite\/sport\/kamel-deguiche-appelle-a-parachever-les-travaux-de-reamenagement-d-el-menzah-dans-les-delais\/208323\/\" \/>\n<meta property=\"og:locale\" content=\"fr_FR\" \/>\n<meta property=\"og:type\" content=\"article\" \/>\n<meta property=\"og:title\" content=\"Kamel D\u00e9guiche appelle \u00e0 parachever les travaux de r\u00e9am\u00e9nagement d&#039;El Menzah dans les d\u00e9lais\" \/>\n<meta property=\"og:description\" content=\"Le ministre de la jeunesse et du sport, Kamel D\u00e9guiche s&#039;est rendu, ce jeudi 31 ao\u00fbt 2023, sur le chantier du stade Olympique d&#039;El Menzah pour prendre \u00e9tat de l...\" \/>\n<meta property=\"og:url\" content=\"https:\/\/www.webdo.tn\/fr\/actualite\/sport\/kamel-deguiche-appelle-a-parachever-les-travaux-de-reamenagement-d-el-menzah-dans-les-delais\/208323\/\" \/>\n<meta property=\"og:site_name\" content=\"webdo\" \/>\n<meta property=\"article:publisher\" content=\"https:\/\/www.facebook.com\/webdotn\" \/>\n<meta property=\"article:published_time\" content=\"2023-08-31T20:02:00+00:00\" \/>\n<meta property=\"article:modified_time\" content=\"2025-05-17T21:12:24+00:00\" \/>\n<meta property=\"og:image\" content=\"https:\/\/www.webdo.tn\/fr\/wp-content\/uploads\/2023\/08\/1017433d14d735c5fc70febf10be10a4.jpg\" \/>\n\t<meta property=\"og:image:width\" content=\"750\" \/>\n\t<meta property=\"og:image:height\" content=\"400\" \/>\n\t<meta property=\"og:image:type\" content=\"image\/jpeg\" \/>\n<meta name=\"author\" content=\"Webdo\" \/>\n<meta name=\"twitter:card\" content=\"summary_large_image\" \/>\n<meta name=\"twitter:creator\" content=\"@webdo_tn\" \/>\n<meta name=\"twitter:site\" content=\"@webdo_tn\" \/>\n<meta name=\"twitter:label1\" content=\"\u00c9crit par\" \/>\n\t<meta name=\"twitter:data1\" content=\"Webdo\" \/>\n\t<meta name=\"twitter:label2\" content=\"Dur\u00e9e de lecture estim\u00e9e\" \/>\n\t<meta name=\"twitter:data2\" content=\"1 minute\" \/>\n<script type=\"application\/ld+json\" class=\"yoast-schema-graph\">{\"@context\":\"https:\\\/\\\/schema.org\",\"@graph\":[{\"@type\":\"NewsArticle\",\"@id\":\"https:\\\/\\\/www.webdo.tn\\\/fr\\\/actualite\\\/sport\\\/kamel-deguiche-appelle-a-parachever-les-travaux-de-reamenagement-d-el-menzah-dans-les-delais\\\/208323\\\/#article\",\"isPartOf\":{\"@id\":\"https:\\\/\\\/www.webdo.tn\\\/fr\\\/actualite\\\/sport\\\/kamel-deguiche-appelle-a-parachever-les-travaux-de-reamenagement-d-el-menzah-dans-les-delais\\\/208323\\\/\"},\"author\":{\"name\":\"Webdo\",\"@id\":\"https:\\\/\\\/www.webdo.tn\\\/fr\\\/#\\\/schema\\\/person\\\/1f4e491e0907b413d61089e8eb573acc\"},\"headline\":\"Kamel D\u00e9guiche appelle \u00e0 parachever les travaux de r\u00e9am\u00e9nagement d&rsquo;El Menzah dans les d\u00e9lais\",\"datePublished\":\"2023-08-31T20:02:00+00:00\",\"dateModified\":\"2025-05-17T21:12:24+00:00\",\"mainEntityOfPage\":{\"@id\":\"https:\\\/\\\/www.webdo.tn\\\/fr\\\/actualite\\\/sport\\\/kamel-deguiche-appelle-a-parachever-les-travaux-de-reamenagement-d-el-menzah-dans-les-delais\\\/208323\\\/\"},\"wordCount\":152,\"commentCount\":0,\"publisher\":{\"@id\":\"https:\\\/\\\/www.webdo.tn\\\/fr\\\/#organization\"},\"image\":{\"@id\":\"https:\\\/\\\/www.webdo.tn\\\/fr\\\/actualite\\\/sport\\\/kamel-deguiche-appelle-a-parachever-les-travaux-de-reamenagement-d-el-menzah-dans-les-delais\\\/208323\\\/#primaryimage\"},\"thumbnailUrl\":\"https:\\\/\\\/www.webdo.tn\\\/fr\\\/wp-content\\\/uploads\\\/2023\\\/08\\\/1017433d14d735c5fc70febf10be10a4.jpg\",\"keywords\":[\"Am\u00e9nagement\",\"El Menzah\",\"Kamel Deguiche\",\"Sport\",\"Tunisie\"],\"articleSection\":[\"Sport\"],\"inLanguage\":\"fr-FR\"},{\"@type\":\"WebPage\",\"@id\":\"https:\\\/\\\/www.webdo.tn\\\/fr\\\/actualite\\\/sport\\\/kamel-deguiche-appelle-a-parachever-les-travaux-de-reamenagement-d-el-menzah-dans-les-delais\\\/208323\\\/\",\"url\":\"https:\\\/\\\/www.webdo.tn\\\/fr\\\/actualite\\\/sport\\\/kamel-deguiche-appelle-a-parachever-les-travaux-de-reamenagement-d-el-menzah-dans-les-delais\\\/208323\\\/\",\"name\":\"Kamel D\u00e9guiche appelle \u00e0 parachever les travaux de r\u00e9am\u00e9nagement d'El Menzah dans les d\u00e9lais\",\"isPartOf\":{\"@id\":\"https:\\\/\\\/www.webdo.tn\\\/fr\\\/#website\"},\"primaryImageOfPage\":{\"@id\":\"https:\\\/\\\/www.webdo.tn\\\/fr\\\/actualite\\\/sport\\\/kamel-deguiche-appelle-a-parachever-les-travaux-de-reamenagement-d-el-menzah-dans-les-delais\\\/208323\\\/#primaryimage\"},\"image\":{\"@id\":\"https:\\\/\\\/www.webdo.tn\\\/fr\\\/actualite\\\/sport\\\/kamel-deguiche-appelle-a-parachever-les-travaux-de-reamenagement-d-el-menzah-dans-les-delais\\\/208323\\\/#primaryimage\"},\"thumbnailUrl\":\"https:\\\/\\\/www.webdo.tn\\\/fr\\\/wp-content\\\/uploads\\\/2023\\\/08\\\/1017433d14d735c5fc70febf10be10a4.jpg\",\"datePublished\":\"2023-08-31T20:02:00+00:00\",\"dateModified\":\"2025-05-17T21:12:24+00:00\",\"description\":\"Le ministre de la jeunesse et du sport, Kamel D\u00e9guiche s'est rendu, ce jeudi 31 ao\u00fbt 2023, sur le chantier du stade Olympique d'El Menzah pour prendre \u00e9tat de l...\",\"breadcrumb\":{\"@id\":\"https:\\\/\\\/www.webdo.tn\\\/fr\\\/actualite\\\/sport\\\/kamel-deguiche-appelle-a-parachever-les-travaux-de-reamenagement-d-el-menzah-dans-les-delais\\\/208323\\\/#breadcrumb\"},\"inLanguage\":\"fr-FR\",\"potentialAction\":[{\"@type\":\"ReadAction\",\"target\":[\"https:\\\/\\\/www.webdo.tn\\\/fr\\\/actualite\\\/sport\\\/kamel-deguiche-appelle-a-parachever-les-travaux-de-reamenagement-d-el-menzah-dans-les-delais\\\/208323\\\/\"]}]},{\"@type\":\"ImageObject\",\"inLanguage\":\"fr-FR\",\"@id\":\"https:\\\/\\\/www.webdo.tn\\\/fr\\\/actualite\\\/sport\\\/kamel-deguiche-appelle-a-parachever-les-travaux-de-reamenagement-d-el-menzah-dans-les-delais\\\/208323\\\/#primaryimage\",\"url\":\"https:\\\/\\\/www.webdo.tn\\\/fr\\\/wp-content\\\/uploads\\\/2023\\\/08\\\/1017433d14d735c5fc70febf10be10a4.jpg\",\"contentUrl\":\"https:\\\/\\\/www.webdo.tn\\\/fr\\\/wp-content\\\/uploads\\\/2023\\\/08\\\/1017433d14d735c5fc70febf10be10a4.jpg\",\"width\":750,\"height\":400,\"caption\":\"Kamel D\u00e9guiche appelle \u00e0 parachever les travaux de r\u00e9am\u00e9nagement d'El Menzah dans les d\u00e9lais\"},{\"@type\":\"BreadcrumbList\",\"@id\":\"https:\\\/\\\/www.webdo.tn\\\/fr\\\/actualite\\\/sport\\\/kamel-deguiche-appelle-a-parachever-les-travaux-de-reamenagement-d-el-menzah-dans-les-delais\\\/208323\\\/#breadcrumb\",\"itemListElement\":[{\"@type\":\"ListItem\",\"position\":1,\"name\":\"Accueil\",\"item\":\"https:\\\/\\\/www.webdo.tn\\\/fr\\\/\"},{\"@type\":\"ListItem\",\"position\":2,\"name\":\"Kamel D\u00e9guiche appelle \u00e0 parachever les travaux de r\u00e9am\u00e9nagement d&rsquo;El Menzah dans les d\u00e9lais\"}]},{\"@type\":\"WebSite\",\"@id\":\"https:\\\/\\\/www.webdo.tn\\\/fr\\\/#website\",\"url\":\"https:\\\/\\\/www.webdo.tn\\\/fr\\\/\",\"name\":\"webdo\",\"description\":\"Tunisie - News en Tunisie et \u00e0 l&#039;international sur Webdo.tn\",\"publisher\":{\"@id\":\"https:\\\/\\\/www.webdo.tn\\\/fr\\\/#organization\"},\"potentialAction\":[{\"@type\":\"SearchAction\",\"target\":{\"@type\":\"EntryPoint\",\"urlTemplate\":\"https:\\\/\\\/www.webdo.tn\\\/fr\\\/?s={search_term_string}\"},\"query-input\":{\"@type\":\"PropertyValueSpecification\",\"valueRequired\":true,\"valueName\":\"search_term_string\"}}],\"inLanguage\":\"fr-FR\"},{\"@type\":\"Organization\",\"@id\":\"https:\\\/\\\/www.webdo.tn\\\/fr\\\/#organization\",\"name\":\"Webdo\",\"alternateName\":\"Webdo.tn\",\"url\":\"https:\\\/\\\/www.webdo.tn\\\/fr\\\/\",\"logo\":{\"@type\":\"ImageObject\",\"inLanguage\":\"fr-FR\",\"@id\":\"https:\\\/\\\/www.webdo.tn\\\/fr\\\/#\\\/schema\\\/logo\\\/image\\\/\",\"url\":\"https:\\\/\\\/www.webdo.tn\\\/fr\\\/wp-content\\\/uploads\\\/2025\\\/06\\\/Webdo-Tunisie_168377.jpg\",\"contentUrl\":\"https:\\\/\\\/www.webdo.tn\\\/fr\\\/wp-content\\\/uploads\\\/2025\\\/06\\\/Webdo-Tunisie_168377.jpg\",\"width\":301,\"height\":301,\"caption\":\"Webdo\"},\"image\":{\"@id\":\"https:\\\/\\\/www.webdo.tn\\\/fr\\\/#\\\/schema\\\/logo\\\/image\\\/\"},\"sameAs\":[\"https:\\\/\\\/www.facebook.com\\\/webdotn\",\"https:\\\/\\\/x.com\\\/webdo_tn\"],\"description\":\"Webdo est un m\u00e9dia num\u00e9rique tunisien fond\u00e9 en 2010, sp\u00e9cialis\u00e9 dans l\u2019actualit\u00e9 nationale et internationale, l\u2019\u00e9conomie, la soci\u00e9t\u00e9 et les analyses politiques. Le site s\u2019adresse \u00e0 un large public francophone et couvre l\u2019information tunisienne en temps r\u00e9el.\",\"email\":\"redac@webdo.tn\",\"legalName\":\"YNJ SARL\",\"foundingDate\":\"2010-09-06\",\"numberOfEmployees\":{\"@type\":\"QuantitativeValue\",\"minValue\":\"11\",\"maxValue\":\"50\"}},{\"@type\":\"Person\",\"@id\":\"https:\\\/\\\/www.webdo.tn\\\/fr\\\/#\\\/schema\\\/person\\\/1f4e491e0907b413d61089e8eb573acc\",\"name\":\"Webdo\",\"image\":{\"@type\":\"ImageObject\",\"inLanguage\":\"fr-FR\",\"@id\":\"https:\\\/\\\/secure.gravatar.com\\\/avatar\\\/de97aeec1bb80978a9dbb127e47dfc88aaacb2f3c29aac907d8d3222e3495d49?s=96&d=mm&r=g\",\"url\":\"https:\\\/\\\/secure.gravatar.com\\\/avatar\\\/de97aeec1bb80978a9dbb127e47dfc88aaacb2f3c29aac907d8d3222e3495d49?s=96&d=mm&r=g\",\"contentUrl\":\"https:\\\/\\\/secure.gravatar.com\\\/avatar\\\/de97aeec1bb80978a9dbb127e47dfc88aaacb2f3c29aac907d8d3222e3495d49?s=96&d=mm&r=g\",\"caption\":\"Webdo\"},\"url\":\"https:\\\/\\\/www.webdo.tn\\\/fr\\\/actualite\\\/author\\\/webdo\\\/\"}]}<\/script>\n<!-- \/ Yoast SEO Premium plugin. -->","yoast_head_json":{"title":"Kamel D\u00e9guiche appelle \u00e0 parachever les travaux de r\u00e9am\u00e9nagement d'El Menzah dans les d\u00e9lais","description":"Le ministre de la jeunesse et du sport, Kamel D\u00e9guiche s'est rendu, ce jeudi 31 ao\u00fbt 2023, sur le chantier du stade Olympique d'El Menzah pour prendre \u00e9tat de l...","canonical":"https:\/\/www.webdo.tn\/fr\/actualite\/sport\/kamel-deguiche-appelle-a-parachever-les-travaux-de-reamenagement-d-el-menzah-dans-les-delais\/208323\/","og_locale":"fr_FR","og_type":"article","og_title":"Kamel D\u00e9guiche appelle \u00e0 parachever les travaux de r\u00e9am\u00e9nagement d'El Menzah dans les d\u00e9lais","og_description":"Le ministre de la jeunesse et du sport, Kamel D\u00e9guiche s'est rendu, ce jeudi 31 ao\u00fbt 2023, sur le chantier du stade Olympique d'El Menzah pour prendre \u00e9tat de l...","og_url":"https:\/\/www.webdo.tn\/fr\/actualite\/sport\/kamel-deguiche-appelle-a-parachever-les-travaux-de-reamenagement-d-el-menzah-dans-les-delais\/208323\/","og_site_name":"webdo","article_publisher":"https:\/\/www.facebook.com\/webdotn","article_published_time":"2023-08-31T20:02:00+00:00","article_modified_time":"2025-05-17T21:12:24+00:00","og_image":[{"width":750,"height":400,"url":"https:\/\/www.webdo.tn\/fr\/wp-content\/uploads\/2023\/08\/1017433d14d735c5fc70febf10be10a4.jpg","type":"image\/jpeg"}],"author":"Webdo","twitter_card":"summary_large_image","twitter_creator":"@webdo_tn","twitter_site":"@webdo_tn","twitter_misc":{"\u00c9crit par":"Webdo","Dur\u00e9e de lecture estim\u00e9e":"1 minute"},"schema":{"@context":"https:\/\/schema.org","@graph":[{"@type":"NewsArticle","@id":"https:\/\/www.webdo.tn\/fr\/actualite\/sport\/kamel-deguiche-appelle-a-parachever-les-travaux-de-reamenagement-d-el-menzah-dans-les-delais\/208323\/#article","isPartOf":{"@id":"https:\/\/www.webdo.tn\/fr\/actualite\/sport\/kamel-deguiche-appelle-a-parachever-les-travaux-de-reamenagement-d-el-menzah-dans-les-delais\/208323\/"},"author":{"name":"Webdo","@id":"https:\/\/www.webdo.tn\/fr\/#\/schema\/person\/1f4e491e0907b413d61089e8eb573acc"},"headline":"Kamel D\u00e9guiche appelle \u00e0 parachever les travaux de r\u00e9am\u00e9nagement d&rsquo;El Menzah dans les d\u00e9lais","datePublished":"2023-08-31T20:02:00+00:00","dateModified":"2025-05-17T21:12:24+00:00","mainEntityOfPage":{"@id":"https:\/\/www.webdo.tn\/fr\/actualite\/sport\/kamel-deguiche-appelle-a-parachever-les-travaux-de-reamenagement-d-el-menzah-dans-les-delais\/208323\/"},"wordCount":152,"commentCount":0,"publisher":{"@id":"https:\/\/www.webdo.tn\/fr\/#organization"},"image":{"@id":"https:\/\/www.webdo.tn\/fr\/actualite\/sport\/kamel-deguiche-appelle-a-parachever-les-travaux-de-reamenagement-d-el-menzah-dans-les-delais\/208323\/#primaryimage"},"thumbnailUrl":"https:\/\/www.webdo.tn\/fr\/wp-content\/uploads\/2023\/08\/1017433d14d735c5fc70febf10be10a4.jpg","keywords":["Am\u00e9nagement","El Menzah","Kamel Deguiche","Sport","Tunisie"],"articleSection":["Sport"],"inLanguage":"fr-FR"},{"@type":"WebPage","@id":"https:\/\/www.webdo.tn\/fr\/actualite\/sport\/kamel-deguiche-appelle-a-parachever-les-travaux-de-reamenagement-d-el-menzah-dans-les-delais\/208323\/","url":"https:\/\/www.webdo.tn\/fr\/actualite\/sport\/kamel-deguiche-appelle-a-parachever-les-travaux-de-reamenagement-d-el-menzah-dans-les-delais\/208323\/","name":"Kamel D\u00e9guiche appelle \u00e0 parachever les travaux de r\u00e9am\u00e9nagement d'El Menzah dans les d\u00e9lais","isPartOf":{"@id":"https:\/\/www.webdo.tn\/fr\/#website"},"primaryImageOfPage":{"@id":"https:\/\/www.webdo.tn\/fr\/actualite\/sport\/kamel-deguiche-appelle-a-parachever-les-travaux-de-reamenagement-d-el-menzah-dans-les-delais\/208323\/#primaryimage"},"image":{"@id":"https:\/\/www.webdo.tn\/fr\/actualite\/sport\/kamel-deguiche-appelle-a-parachever-les-travaux-de-reamenagement-d-el-menzah-dans-les-delais\/208323\/#primaryimage"},"thumbnailUrl":"https:\/\/www.webdo.tn\/fr\/wp-content\/uploads\/2023\/08\/1017433d14d735c5fc70febf10be10a4.jpg","datePublished":"2023-08-31T20:02:00+00:00","dateModified":"2025-05-17T21:12:24+00:00","description":"Le ministre de la jeunesse et du sport, Kamel D\u00e9guiche s'est rendu, ce jeudi 31 ao\u00fbt 2023, sur le chantier du stade Olympique d'El Menzah pour prendre \u00e9tat de l...","breadcrumb":{"@id":"https:\/\/www.webdo.tn\/fr\/actualite\/sport\/kamel-deguiche-appelle-a-parachever-les-travaux-de-reamenagement-d-el-menzah-dans-les-delais\/208323\/#breadcrumb"},"inLanguage":"fr-FR","potentialAction":[{"@type":"ReadAction","target":["https:\/\/www.webdo.tn\/fr\/actualite\/sport\/kamel-deguiche-appelle-a-parachever-les-travaux-de-reamenagement-d-el-menzah-dans-les-delais\/208323\/"]}]},{"@type":"ImageObject","inLanguage":"fr-FR","@id":"https:\/\/www.webdo.tn\/fr\/actualite\/sport\/kamel-deguiche-appelle-a-parachever-les-travaux-de-reamenagement-d-el-menzah-dans-les-delais\/208323\/#primaryimage","url":"https:\/\/www.webdo.tn\/fr\/wp-content\/uploads\/2023\/08\/1017433d14d735c5fc70febf10be10a4.jpg","contentUrl":"https:\/\/www.webdo.tn\/fr\/wp-content\/uploads\/2023\/08\/1017433d14d735c5fc70febf10be10a4.jpg","width":750,"height":400,"caption":"Kamel D\u00e9guiche appelle \u00e0 parachever les travaux de r\u00e9am\u00e9nagement d'El Menzah dans les d\u00e9lais"},{"@type":"BreadcrumbList","@id":"https:\/\/www.webdo.tn\/fr\/actualite\/sport\/kamel-deguiche-appelle-a-parachever-les-travaux-de-reamenagement-d-el-menzah-dans-les-delais\/208323\/#breadcrumb","itemListElement":[{"@type":"ListItem","position":1,"name":"Accueil","item":"https:\/\/www.webdo.tn\/fr\/"},{"@type":"ListItem","position":2,"name":"Kamel D\u00e9guiche appelle \u00e0 parachever les travaux de r\u00e9am\u00e9nagement d&rsquo;El Menzah dans les d\u00e9lais"}]},{"@type":"WebSite","@id":"https:\/\/www.webdo.tn\/fr\/#website","url":"https:\/\/www.webdo.tn\/fr\/","name":"webdo","description":"Tunisie - News en Tunisie et \u00e0 l&#039;international sur Webdo.tn","publisher":{"@id":"https:\/\/www.webdo.tn\/fr\/#organization"},"potentialAction":[{"@type":"SearchAction","target":{"@type":"EntryPoint","urlTemplate":"https:\/\/www.webdo.tn\/fr\/?s={search_term_string}"},"query-input":{"@type":"PropertyValueSpecification","valueRequired":true,"valueName":"search_term_string"}}],"inLanguage":"fr-FR"},{"@type":"Organization","@id":"https:\/\/www.webdo.tn\/fr\/#organization","name":"Webdo","alternateName":"Webdo.tn","url":"https:\/\/www.webdo.tn\/fr\/","logo":{"@type":"ImageObject","inLanguage":"fr-FR","@id":"https:\/\/www.webdo.tn\/fr\/#\/schema\/logo\/image\/","url":"https:\/\/www.webdo.tn\/fr\/wp-content\/uploads\/2025\/06\/Webdo-Tunisie_168377.jpg","contentUrl":"https:\/\/www.webdo.tn\/fr\/wp-content\/uploads\/2025\/06\/Webdo-Tunisie_168377.jpg","width":301,"height":301,"caption":"Webdo"},"image":{"@id":"https:\/\/www.webdo.tn\/fr\/#\/schema\/logo\/image\/"},"sameAs":["https:\/\/www.facebook.com\/webdotn","https:\/\/x.com\/webdo_tn"],"description":"Webdo est un m\u00e9dia num\u00e9rique tunisien fond\u00e9 en 2010, sp\u00e9cialis\u00e9 dans l\u2019actualit\u00e9 nationale et internationale, l\u2019\u00e9conomie, la soci\u00e9t\u00e9 et les analyses politiques. Le site s\u2019adresse \u00e0 un large public francophone et couvre l\u2019information tunisienne en temps r\u00e9el.","email":"redac@webdo.tn","legalName":"YNJ SARL","foundingDate":"2010-09-06","numberOfEmployees":{"@type":"QuantitativeValue","minValue":"11","maxValue":"50"}},{"@type":"Person","@id":"https:\/\/www.webdo.tn\/fr\/#\/schema\/person\/1f4e491e0907b413d61089e8eb573acc","name":"Webdo","image":{"@type":"ImageObject","inLanguage":"fr-FR","@id":"https:\/\/secure.gravatar.com\/avatar\/de97aeec1bb80978a9dbb127e47dfc88aaacb2f3c29aac907d8d3222e3495d49?s=96&d=mm&r=g","url":"https:\/\/secure.gravatar.com\/avatar\/de97aeec1bb80978a9dbb127e47dfc88aaacb2f3c29aac907d8d3222e3495d49?s=96&d=mm&r=g","contentUrl":"https:\/\/secure.gravatar.com\/avatar\/de97aeec1bb80978a9dbb127e47dfc88aaacb2f3c29aac907d8d3222e3495d49?s=96&d=mm&r=g","caption":"Webdo"},"url":"https:\/\/www.webdo.tn\/fr\/actualite\/author\/webdo\/"}]}},"_links":{"self":[{"href":"https:\/\/www.webdo.tn\/fr\/wp-json\/wp\/v2\/posts\/208323","targetHints":{"allow":["GET"]}}],"collection":[{"href":"https:\/\/www.webdo.tn\/fr\/wp-json\/wp\/v2\/posts"}],"about":[{"href":"https:\/\/www.webdo.tn\/fr\/wp-json\/wp\/v2\/types\/post"}],"author":[{"embeddable":true,"href":"https:\/\/www.webdo.tn\/fr\/wp-json\/wp\/v2\/users\/3169"}],"replies":[{"embeddable":true,"href":"https:\/\/www.webdo.tn\/fr\/wp-json\/wp\/v2\/comments?post=208323"}],"version-history":[{"count":0,"href":"https:\/\/www.webdo.tn\/fr\/wp-json\/wp\/v2\/posts\/208323\/revisions"}],"wp:featuredmedia":[{"embeddable":true,"href":"https:\/\/www.webdo.tn\/fr\/wp-json\/wp\/v2\/media\/278684"}],"wp:attachment":[{"href":"https:\/\/www.webdo.tn\/fr\/wp-json\/wp\/v2\/media?parent=208323"}],"wp:term":[{"taxonomy":"category","embeddable":true,"href":"https:\/\/www.webdo.tn\/fr\/wp-json\/wp\/v2\/categories?post=208323"},{"taxonomy":"post_tag","embeddable":true,"href":"https:\/\/www.webdo.tn\/fr\/wp-json\/wp\/v2\/tags?post=208323"}],"curies":[{"name":"wp","href":"https:\/\/api.w.org\/{rel}","templated":true}]}}