{"id":208305,"date":"2023-08-31T10:42:00","date_gmt":"2023-08-31T10:42:00","guid":{"rendered":"https:\/\/www.webdo.tn\/fr\/blog\/l-ancien-maire-d-ezzahra-sera-t-il-libere\/208305\/"},"modified":"2025-05-20T21:57:43","modified_gmt":"2025-05-20T21:57:43","slug":"l-ancien-maire-d-ezzahra-sera-t-il-libere","status":"publish","type":"post","link":"https:\/\/www.webdo.tn\/fr\/actualite\/national\/l-ancien-maire-d-ezzahra-sera-t-il-libere\/208305\/","title":{"rendered":"L\u2019ancien maire d\u2019Ezzahra sera-t-il lib\u00e9r\u00e9 ?"},"content":{"rendered":"<p>Rayen Hamzaoui, ancien maire d\u2019Ezzahra est d\u00e9tenu depuis plus de trois mois et son \u00e9tat de sant\u00e9 s\u2019est d\u00e9grad\u00e9 suite \u00e0 la gr\u00e8ve de la faim qu&rsquo;il observe depuis treize jours.<\/p>\n<p>\t\t\t\t\t\t\t\t\tLa Chambre d&rsquo;accusation sp\u00e9cialis\u00e9e dans l&rsquo;examen des affaires de terrorisme pr\u00e8s la Cour d&rsquo;appel de Tunis doit examiner, ce jeudi 31 ao\u00fbt 2023,\u00a0 la demande de lib\u00e9ration de l\u2019ancien maire, arr\u00eat\u00e9 en lien avec une enqu\u00eate li\u00e9e au complot contre la s\u00fbret\u00e9 int\u00e9rieure de l&rsquo;\u00c9tat.<\/p>\n<p>La semaine derni\u00e8re, son comit\u00e9 de d\u00e9fense a tir\u00e9 la sonnette d\u2019alarme en indiquant que l&rsquo;\u00e9tat de sant\u00e9 de Rayen Hamzaoui s&rsquo;est d\u00e9t\u00e9rior\u00e9 alors que l&rsquo;administration p\u00e9nitentiaire avait refus\u00e9 de le transf\u00e9rer \u00e0 l&rsquo;h\u00f4pital pour \u00eatre plac\u00e9 sous surveillance m\u00e9dicale.<\/p>\n<p>Rayen Hamzaoui a entam\u00e9, le 18 ao\u00fbt dernier, une gr\u00e8ve de la faim avec pour objectif de d\u00e9noncer la nonchalance pour transf\u00e9rer son dossier du bureau de l&rsquo;instruction vers la chambre d&rsquo;accusations, mais aussi pour d\u00e9noncer les conditions \u00ab\u00a0inhumaines\u00a0\u00bb de d\u00e9tention en prison.<\/p>\n<p>L\u2019ancien maire d\u2019Ezzahra a expliqu\u00e9 dans une lettre en date du 18 ao\u00fbt 2023 avoir \u00e9t\u00e9 arr\u00eat\u00e9 et emprisonn\u00e9 depuis plus de 90 jours sans preuves de sa culpabilit\u00e9. Il a clam\u00e9 son innocence en l&rsquo;absence d\u2019\u00e9l\u00e9ments prouvant les accusations de complot contre la s\u00fbret\u00e9 de l&rsquo;\u00c9tat dont il fait l&rsquo;objet.<\/p>\n<p>Le juge d&rsquo;instruction du P\u00f4le judiciaire de lutte contre le terrorisme a \u00e9mis des mandats de d\u00e9p\u00f4t contre Rayen Hamzaoui et deux militaires \u00e0 la retraite, soup\u00e7onn\u00e9s de former une alliance dans le but de nuire \u00e0 la s\u00fbret\u00e9 de l&rsquo;\u00c9tat et de commettre des crimes \u00e0 caract\u00e8re terroriste.<\/p>\n","protected":false},"excerpt":{"rendered":"<p>Rayen Hamzaoui, ancien maire d\u2019Ezzahra est d\u00e9tenu depuis plus de trois mois et son \u00e9tat de sant\u00e9 s\u2019est d\u00e9grad\u00e9 suite \u00e0 la gr\u00e8ve de la faim qu&rsquo;il observe depuis&#8230;<\/p>\n","protected":false},"author":3162,"featured_media":249447,"comment_status":"open","ping_status":"closed","sticky":false,"template":"","format":"standard","meta":{"footnotes":""},"categories":[44],"tags":[3784,8017,4888,8018,5346],"class_list":["post-208305","post","type-post","status-publish","format-standard","has-post-thumbnail","hentry","category-national","tag-complot","tag-ezzahra","tag-maire","tag-rayen-hamzaoui","tag-surete-de-letat"],"yoast_head":"<!-- This site is optimized with the Yoast SEO Premium plugin v27.4 (Yoast SEO v27.5) - https:\/\/yoast.com\/product\/yoast-seo-premium-wordpress\/ -->\n<title>L\u2019ancien maire d\u2019Ezzahra sera-t-il lib\u00e9r\u00e9 ?<\/title>\n<meta name=\"description\" content=\"Rayen Hamzaoui, ancien maire d\u2019Ezzahra est d\u00e9tenu depuis plus de trois mois et son \u00e9tat de sant\u00e9 s\u2019est d\u00e9grad\u00e9 suite \u00e0 la gr\u00e8ve de la faim qu&#039;il observe depuis...\" \/>\n<link rel=\"canonical\" href=\"https:\/\/www.webdo.tn\/fr\/actualite\/national\/l-ancien-maire-d-ezzahra-sera-t-il-libere\/208305\/\" \/>\n<meta property=\"og:locale\" content=\"fr_FR\" \/>\n<meta property=\"og:type\" content=\"article\" \/>\n<meta property=\"og:title\" content=\"L\u2019ancien maire d\u2019Ezzahra sera-t-il lib\u00e9r\u00e9 ?\" \/>\n<meta property=\"og:description\" content=\"Rayen Hamzaoui, ancien maire d\u2019Ezzahra est d\u00e9tenu depuis plus de trois mois et son \u00e9tat de sant\u00e9 s\u2019est d\u00e9grad\u00e9 suite \u00e0 la gr\u00e8ve de la faim qu&#039;il observe depuis...\" \/>\n<meta property=\"og:url\" content=\"https:\/\/www.webdo.tn\/fr\/actualite\/national\/l-ancien-maire-d-ezzahra-sera-t-il-libere\/208305\/\" \/>\n<meta property=\"og:site_name\" content=\"webdo\" \/>\n<meta property=\"article:publisher\" content=\"https:\/\/www.facebook.com\/webdotn\" \/>\n<meta property=\"article:published_time\" content=\"2023-08-31T10:42:00+00:00\" \/>\n<meta property=\"article:modified_time\" content=\"2025-05-20T21:57:43+00:00\" \/>\n<meta property=\"og:image\" content=\"https:\/\/www.webdo.tn\/fr\/wp-content\/uploads\/2023\/08\/1c2b3eb4db0e108af40ac059fc631a5b.jpeg\" \/>\n\t<meta property=\"og:image:width\" content=\"750\" \/>\n\t<meta property=\"og:image:height\" content=\"400\" \/>\n\t<meta property=\"og:image:type\" content=\"image\/jpeg\" \/>\n<meta name=\"author\" content=\"MC\" \/>\n<meta name=\"twitter:card\" content=\"summary_large_image\" \/>\n<meta name=\"twitter:creator\" content=\"@webdo_tn\" \/>\n<meta name=\"twitter:site\" content=\"@webdo_tn\" \/>\n<meta name=\"twitter:label1\" content=\"\u00c9crit par\" \/>\n\t<meta name=\"twitter:data1\" content=\"MC\" \/>\n\t<meta name=\"twitter:label2\" content=\"Dur\u00e9e de lecture estim\u00e9e\" \/>\n\t<meta name=\"twitter:data2\" content=\"1 minute\" \/>\n<script type=\"application\/ld+json\" class=\"yoast-schema-graph\">{\"@context\":\"https:\\\/\\\/schema.org\",\"@graph\":[{\"@type\":\"NewsArticle\",\"@id\":\"https:\\\/\\\/www.webdo.tn\\\/fr\\\/actualite\\\/national\\\/l-ancien-maire-d-ezzahra-sera-t-il-libere\\\/208305\\\/#article\",\"isPartOf\":{\"@id\":\"https:\\\/\\\/www.webdo.tn\\\/fr\\\/actualite\\\/national\\\/l-ancien-maire-d-ezzahra-sera-t-il-libere\\\/208305\\\/\"},\"author\":{\"name\":\"MC\",\"@id\":\"https:\\\/\\\/www.webdo.tn\\\/fr\\\/#\\\/schema\\\/person\\\/2c4929cbf5a809e3bd38617c6ce150f6\"},\"headline\":\"L\u2019ancien maire d\u2019Ezzahra sera-t-il lib\u00e9r\u00e9 ?\",\"datePublished\":\"2023-08-31T10:42:00+00:00\",\"dateModified\":\"2025-05-20T21:57:43+00:00\",\"mainEntityOfPage\":{\"@id\":\"https:\\\/\\\/www.webdo.tn\\\/fr\\\/actualite\\\/national\\\/l-ancien-maire-d-ezzahra-sera-t-il-libere\\\/208305\\\/\"},\"wordCount\":317,\"commentCount\":0,\"publisher\":{\"@id\":\"https:\\\/\\\/www.webdo.tn\\\/fr\\\/#organization\"},\"image\":{\"@id\":\"https:\\\/\\\/www.webdo.tn\\\/fr\\\/actualite\\\/national\\\/l-ancien-maire-d-ezzahra-sera-t-il-libere\\\/208305\\\/#primaryimage\"},\"thumbnailUrl\":\"https:\\\/\\\/www.webdo.tn\\\/fr\\\/wp-content\\\/uploads\\\/2023\\\/08\\\/1c2b3eb4db0e108af40ac059fc631a5b.jpeg\",\"keywords\":[\"complot\",\"Ezzahra\",\"Maire\",\"rayen hamzaoui\",\"s\u00fbret\u00e9 de l'\u00e9tat\"],\"articleSection\":[\"National\"],\"inLanguage\":\"fr-FR\"},{\"@type\":\"WebPage\",\"@id\":\"https:\\\/\\\/www.webdo.tn\\\/fr\\\/actualite\\\/national\\\/l-ancien-maire-d-ezzahra-sera-t-il-libere\\\/208305\\\/\",\"url\":\"https:\\\/\\\/www.webdo.tn\\\/fr\\\/actualite\\\/national\\\/l-ancien-maire-d-ezzahra-sera-t-il-libere\\\/208305\\\/\",\"name\":\"L\u2019ancien maire d\u2019Ezzahra sera-t-il lib\u00e9r\u00e9 ?\",\"isPartOf\":{\"@id\":\"https:\\\/\\\/www.webdo.tn\\\/fr\\\/#website\"},\"primaryImageOfPage\":{\"@id\":\"https:\\\/\\\/www.webdo.tn\\\/fr\\\/actualite\\\/national\\\/l-ancien-maire-d-ezzahra-sera-t-il-libere\\\/208305\\\/#primaryimage\"},\"image\":{\"@id\":\"https:\\\/\\\/www.webdo.tn\\\/fr\\\/actualite\\\/national\\\/l-ancien-maire-d-ezzahra-sera-t-il-libere\\\/208305\\\/#primaryimage\"},\"thumbnailUrl\":\"https:\\\/\\\/www.webdo.tn\\\/fr\\\/wp-content\\\/uploads\\\/2023\\\/08\\\/1c2b3eb4db0e108af40ac059fc631a5b.jpeg\",\"datePublished\":\"2023-08-31T10:42:00+00:00\",\"dateModified\":\"2025-05-20T21:57:43+00:00\",\"description\":\"Rayen Hamzaoui, ancien maire d\u2019Ezzahra est d\u00e9tenu depuis plus de trois mois et son \u00e9tat de sant\u00e9 s\u2019est d\u00e9grad\u00e9 suite \u00e0 la gr\u00e8ve de la faim qu'il observe depuis...\",\"breadcrumb\":{\"@id\":\"https:\\\/\\\/www.webdo.tn\\\/fr\\\/actualite\\\/national\\\/l-ancien-maire-d-ezzahra-sera-t-il-libere\\\/208305\\\/#breadcrumb\"},\"inLanguage\":\"fr-FR\",\"potentialAction\":[{\"@type\":\"ReadAction\",\"target\":[\"https:\\\/\\\/www.webdo.tn\\\/fr\\\/actualite\\\/national\\\/l-ancien-maire-d-ezzahra-sera-t-il-libere\\\/208305\\\/\"]}]},{\"@type\":\"ImageObject\",\"inLanguage\":\"fr-FR\",\"@id\":\"https:\\\/\\\/www.webdo.tn\\\/fr\\\/actualite\\\/national\\\/l-ancien-maire-d-ezzahra-sera-t-il-libere\\\/208305\\\/#primaryimage\",\"url\":\"https:\\\/\\\/www.webdo.tn\\\/fr\\\/wp-content\\\/uploads\\\/2023\\\/08\\\/1c2b3eb4db0e108af40ac059fc631a5b.jpeg\",\"contentUrl\":\"https:\\\/\\\/www.webdo.tn\\\/fr\\\/wp-content\\\/uploads\\\/2023\\\/08\\\/1c2b3eb4db0e108af40ac059fc631a5b.jpeg\",\"width\":750,\"height\":400,\"caption\":\"L\u2019ancien maire d\u2019Ezzahra sera-t-il lib\u00e9r\u00e9 ?\"},{\"@type\":\"BreadcrumbList\",\"@id\":\"https:\\\/\\\/www.webdo.tn\\\/fr\\\/actualite\\\/national\\\/l-ancien-maire-d-ezzahra-sera-t-il-libere\\\/208305\\\/#breadcrumb\",\"itemListElement\":[{\"@type\":\"ListItem\",\"position\":1,\"name\":\"Accueil\",\"item\":\"https:\\\/\\\/www.webdo.tn\\\/fr\\\/\"},{\"@type\":\"ListItem\",\"position\":2,\"name\":\"L\u2019ancien maire d\u2019Ezzahra sera-t-il lib\u00e9r\u00e9 ?\"}]},{\"@type\":\"WebSite\",\"@id\":\"https:\\\/\\\/www.webdo.tn\\\/fr\\\/#website\",\"url\":\"https:\\\/\\\/www.webdo.tn\\\/fr\\\/\",\"name\":\"webdo\",\"description\":\"Tunisie - News en Tunisie et \u00e0 l&#039;international sur Webdo.tn\",\"publisher\":{\"@id\":\"https:\\\/\\\/www.webdo.tn\\\/fr\\\/#organization\"},\"potentialAction\":[{\"@type\":\"SearchAction\",\"target\":{\"@type\":\"EntryPoint\",\"urlTemplate\":\"https:\\\/\\\/www.webdo.tn\\\/fr\\\/?s={search_term_string}\"},\"query-input\":{\"@type\":\"PropertyValueSpecification\",\"valueRequired\":true,\"valueName\":\"search_term_string\"}}],\"inLanguage\":\"fr-FR\"},{\"@type\":\"Organization\",\"@id\":\"https:\\\/\\\/www.webdo.tn\\\/fr\\\/#organization\",\"name\":\"Webdo\",\"alternateName\":\"Webdo.tn\",\"url\":\"https:\\\/\\\/www.webdo.tn\\\/fr\\\/\",\"logo\":{\"@type\":\"ImageObject\",\"inLanguage\":\"fr-FR\",\"@id\":\"https:\\\/\\\/www.webdo.tn\\\/fr\\\/#\\\/schema\\\/logo\\\/image\\\/\",\"url\":\"https:\\\/\\\/www.webdo.tn\\\/fr\\\/wp-content\\\/uploads\\\/2025\\\/06\\\/Webdo-Tunisie_168377.jpg\",\"contentUrl\":\"https:\\\/\\\/www.webdo.tn\\\/fr\\\/wp-content\\\/uploads\\\/2025\\\/06\\\/Webdo-Tunisie_168377.jpg\",\"width\":301,\"height\":301,\"caption\":\"Webdo\"},\"image\":{\"@id\":\"https:\\\/\\\/www.webdo.tn\\\/fr\\\/#\\\/schema\\\/logo\\\/image\\\/\"},\"sameAs\":[\"https:\\\/\\\/www.facebook.com\\\/webdotn\",\"https:\\\/\\\/x.com\\\/webdo_tn\"],\"description\":\"Webdo est un m\u00e9dia num\u00e9rique tunisien fond\u00e9 en 2010, sp\u00e9cialis\u00e9 dans l\u2019actualit\u00e9 nationale et internationale, l\u2019\u00e9conomie, la soci\u00e9t\u00e9 et les analyses politiques. Le site s\u2019adresse \u00e0 un large public francophone et couvre l\u2019information tunisienne en temps r\u00e9el.\",\"email\":\"redac@webdo.tn\",\"legalName\":\"YNJ SARL\",\"foundingDate\":\"2010-09-06\",\"numberOfEmployees\":{\"@type\":\"QuantitativeValue\",\"minValue\":\"11\",\"maxValue\":\"50\"}},{\"@type\":\"Person\",\"@id\":\"https:\\\/\\\/www.webdo.tn\\\/fr\\\/#\\\/schema\\\/person\\\/2c4929cbf5a809e3bd38617c6ce150f6\",\"name\":\"MC\",\"image\":{\"@type\":\"ImageObject\",\"inLanguage\":\"fr-FR\",\"@id\":\"https:\\\/\\\/secure.gravatar.com\\\/avatar\\\/a545bbb6f84efdd5553dbbc2895e3ca8f1d12c5215e00a041c9670b54aa9b18a?s=96&d=mm&r=g\",\"url\":\"https:\\\/\\\/secure.gravatar.com\\\/avatar\\\/a545bbb6f84efdd5553dbbc2895e3ca8f1d12c5215e00a041c9670b54aa9b18a?s=96&d=mm&r=g\",\"contentUrl\":\"https:\\\/\\\/secure.gravatar.com\\\/avatar\\\/a545bbb6f84efdd5553dbbc2895e3ca8f1d12c5215e00a041c9670b54aa9b18a?s=96&d=mm&r=g\",\"caption\":\"MC\"},\"url\":\"https:\\\/\\\/www.webdo.tn\\\/fr\\\/actualite\\\/author\\\/mc\\\/\"}]}<\/script>\n<!-- \/ Yoast SEO Premium plugin. -->","yoast_head_json":{"title":"L\u2019ancien maire d\u2019Ezzahra sera-t-il lib\u00e9r\u00e9 ?","description":"Rayen Hamzaoui, ancien maire d\u2019Ezzahra est d\u00e9tenu depuis plus de trois mois et son \u00e9tat de sant\u00e9 s\u2019est d\u00e9grad\u00e9 suite \u00e0 la gr\u00e8ve de la faim qu'il observe depuis...","canonical":"https:\/\/www.webdo.tn\/fr\/actualite\/national\/l-ancien-maire-d-ezzahra-sera-t-il-libere\/208305\/","og_locale":"fr_FR","og_type":"article","og_title":"L\u2019ancien maire d\u2019Ezzahra sera-t-il lib\u00e9r\u00e9 ?","og_description":"Rayen Hamzaoui, ancien maire d\u2019Ezzahra est d\u00e9tenu depuis plus de trois mois et son \u00e9tat de sant\u00e9 s\u2019est d\u00e9grad\u00e9 suite \u00e0 la gr\u00e8ve de la faim qu'il observe depuis...","og_url":"https:\/\/www.webdo.tn\/fr\/actualite\/national\/l-ancien-maire-d-ezzahra-sera-t-il-libere\/208305\/","og_site_name":"webdo","article_publisher":"https:\/\/www.facebook.com\/webdotn","article_published_time":"2023-08-31T10:42:00+00:00","article_modified_time":"2025-05-20T21:57:43+00:00","og_image":[{"width":750,"height":400,"url":"https:\/\/www.webdo.tn\/fr\/wp-content\/uploads\/2023\/08\/1c2b3eb4db0e108af40ac059fc631a5b.jpeg","type":"image\/jpeg"}],"author":"MC","twitter_card":"summary_large_image","twitter_creator":"@webdo_tn","twitter_site":"@webdo_tn","twitter_misc":{"\u00c9crit par":"MC","Dur\u00e9e de lecture estim\u00e9e":"1 minute"},"schema":{"@context":"https:\/\/schema.org","@graph":[{"@type":"NewsArticle","@id":"https:\/\/www.webdo.tn\/fr\/actualite\/national\/l-ancien-maire-d-ezzahra-sera-t-il-libere\/208305\/#article","isPartOf":{"@id":"https:\/\/www.webdo.tn\/fr\/actualite\/national\/l-ancien-maire-d-ezzahra-sera-t-il-libere\/208305\/"},"author":{"name":"MC","@id":"https:\/\/www.webdo.tn\/fr\/#\/schema\/person\/2c4929cbf5a809e3bd38617c6ce150f6"},"headline":"L\u2019ancien maire d\u2019Ezzahra sera-t-il lib\u00e9r\u00e9 ?","datePublished":"2023-08-31T10:42:00+00:00","dateModified":"2025-05-20T21:57:43+00:00","mainEntityOfPage":{"@id":"https:\/\/www.webdo.tn\/fr\/actualite\/national\/l-ancien-maire-d-ezzahra-sera-t-il-libere\/208305\/"},"wordCount":317,"commentCount":0,"publisher":{"@id":"https:\/\/www.webdo.tn\/fr\/#organization"},"image":{"@id":"https:\/\/www.webdo.tn\/fr\/actualite\/national\/l-ancien-maire-d-ezzahra-sera-t-il-libere\/208305\/#primaryimage"},"thumbnailUrl":"https:\/\/www.webdo.tn\/fr\/wp-content\/uploads\/2023\/08\/1c2b3eb4db0e108af40ac059fc631a5b.jpeg","keywords":["complot","Ezzahra","Maire","rayen hamzaoui","s\u00fbret\u00e9 de l'\u00e9tat"],"articleSection":["National"],"inLanguage":"fr-FR"},{"@type":"WebPage","@id":"https:\/\/www.webdo.tn\/fr\/actualite\/national\/l-ancien-maire-d-ezzahra-sera-t-il-libere\/208305\/","url":"https:\/\/www.webdo.tn\/fr\/actualite\/national\/l-ancien-maire-d-ezzahra-sera-t-il-libere\/208305\/","name":"L\u2019ancien maire d\u2019Ezzahra sera-t-il lib\u00e9r\u00e9 ?","isPartOf":{"@id":"https:\/\/www.webdo.tn\/fr\/#website"},"primaryImageOfPage":{"@id":"https:\/\/www.webdo.tn\/fr\/actualite\/national\/l-ancien-maire-d-ezzahra-sera-t-il-libere\/208305\/#primaryimage"},"image":{"@id":"https:\/\/www.webdo.tn\/fr\/actualite\/national\/l-ancien-maire-d-ezzahra-sera-t-il-libere\/208305\/#primaryimage"},"thumbnailUrl":"https:\/\/www.webdo.tn\/fr\/wp-content\/uploads\/2023\/08\/1c2b3eb4db0e108af40ac059fc631a5b.jpeg","datePublished":"2023-08-31T10:42:00+00:00","dateModified":"2025-05-20T21:57:43+00:00","description":"Rayen Hamzaoui, ancien maire d\u2019Ezzahra est d\u00e9tenu depuis plus de trois mois et son \u00e9tat de sant\u00e9 s\u2019est d\u00e9grad\u00e9 suite \u00e0 la gr\u00e8ve de la faim qu'il observe depuis...","breadcrumb":{"@id":"https:\/\/www.webdo.tn\/fr\/actualite\/national\/l-ancien-maire-d-ezzahra-sera-t-il-libere\/208305\/#breadcrumb"},"inLanguage":"fr-FR","potentialAction":[{"@type":"ReadAction","target":["https:\/\/www.webdo.tn\/fr\/actualite\/national\/l-ancien-maire-d-ezzahra-sera-t-il-libere\/208305\/"]}]},{"@type":"ImageObject","inLanguage":"fr-FR","@id":"https:\/\/www.webdo.tn\/fr\/actualite\/national\/l-ancien-maire-d-ezzahra-sera-t-il-libere\/208305\/#primaryimage","url":"https:\/\/www.webdo.tn\/fr\/wp-content\/uploads\/2023\/08\/1c2b3eb4db0e108af40ac059fc631a5b.jpeg","contentUrl":"https:\/\/www.webdo.tn\/fr\/wp-content\/uploads\/2023\/08\/1c2b3eb4db0e108af40ac059fc631a5b.jpeg","width":750,"height":400,"caption":"L\u2019ancien maire d\u2019Ezzahra sera-t-il lib\u00e9r\u00e9 ?"},{"@type":"BreadcrumbList","@id":"https:\/\/www.webdo.tn\/fr\/actualite\/national\/l-ancien-maire-d-ezzahra-sera-t-il-libere\/208305\/#breadcrumb","itemListElement":[{"@type":"ListItem","position":1,"name":"Accueil","item":"https:\/\/www.webdo.tn\/fr\/"},{"@type":"ListItem","position":2,"name":"L\u2019ancien maire d\u2019Ezzahra sera-t-il lib\u00e9r\u00e9 ?"}]},{"@type":"WebSite","@id":"https:\/\/www.webdo.tn\/fr\/#website","url":"https:\/\/www.webdo.tn\/fr\/","name":"webdo","description":"Tunisie - News en Tunisie et \u00e0 l&#039;international sur Webdo.tn","publisher":{"@id":"https:\/\/www.webdo.tn\/fr\/#organization"},"potentialAction":[{"@type":"SearchAction","target":{"@type":"EntryPoint","urlTemplate":"https:\/\/www.webdo.tn\/fr\/?s={search_term_string}"},"query-input":{"@type":"PropertyValueSpecification","valueRequired":true,"valueName":"search_term_string"}}],"inLanguage":"fr-FR"},{"@type":"Organization","@id":"https:\/\/www.webdo.tn\/fr\/#organization","name":"Webdo","alternateName":"Webdo.tn","url":"https:\/\/www.webdo.tn\/fr\/","logo":{"@type":"ImageObject","inLanguage":"fr-FR","@id":"https:\/\/www.webdo.tn\/fr\/#\/schema\/logo\/image\/","url":"https:\/\/www.webdo.tn\/fr\/wp-content\/uploads\/2025\/06\/Webdo-Tunisie_168377.jpg","contentUrl":"https:\/\/www.webdo.tn\/fr\/wp-content\/uploads\/2025\/06\/Webdo-Tunisie_168377.jpg","width":301,"height":301,"caption":"Webdo"},"image":{"@id":"https:\/\/www.webdo.tn\/fr\/#\/schema\/logo\/image\/"},"sameAs":["https:\/\/www.facebook.com\/webdotn","https:\/\/x.com\/webdo_tn"],"description":"Webdo est un m\u00e9dia num\u00e9rique tunisien fond\u00e9 en 2010, sp\u00e9cialis\u00e9 dans l\u2019actualit\u00e9 nationale et internationale, l\u2019\u00e9conomie, la soci\u00e9t\u00e9 et les analyses politiques. Le site s\u2019adresse \u00e0 un large public francophone et couvre l\u2019information tunisienne en temps r\u00e9el.","email":"redac@webdo.tn","legalName":"YNJ SARL","foundingDate":"2010-09-06","numberOfEmployees":{"@type":"QuantitativeValue","minValue":"11","maxValue":"50"}},{"@type":"Person","@id":"https:\/\/www.webdo.tn\/fr\/#\/schema\/person\/2c4929cbf5a809e3bd38617c6ce150f6","name":"MC","image":{"@type":"ImageObject","inLanguage":"fr-FR","@id":"https:\/\/secure.gravatar.com\/avatar\/a545bbb6f84efdd5553dbbc2895e3ca8f1d12c5215e00a041c9670b54aa9b18a?s=96&d=mm&r=g","url":"https:\/\/secure.gravatar.com\/avatar\/a545bbb6f84efdd5553dbbc2895e3ca8f1d12c5215e00a041c9670b54aa9b18a?s=96&d=mm&r=g","contentUrl":"https:\/\/secure.gravatar.com\/avatar\/a545bbb6f84efdd5553dbbc2895e3ca8f1d12c5215e00a041c9670b54aa9b18a?s=96&d=mm&r=g","caption":"MC"},"url":"https:\/\/www.webdo.tn\/fr\/actualite\/author\/mc\/"}]}},"_links":{"self":[{"href":"https:\/\/www.webdo.tn\/fr\/wp-json\/wp\/v2\/posts\/208305","targetHints":{"allow":["GET"]}}],"collection":[{"href":"https:\/\/www.webdo.tn\/fr\/wp-json\/wp\/v2\/posts"}],"about":[{"href":"https:\/\/www.webdo.tn\/fr\/wp-json\/wp\/v2\/types\/post"}],"author":[{"embeddable":true,"href":"https:\/\/www.webdo.tn\/fr\/wp-json\/wp\/v2\/users\/3162"}],"replies":[{"embeddable":true,"href":"https:\/\/www.webdo.tn\/fr\/wp-json\/wp\/v2\/comments?post=208305"}],"version-history":[{"count":0,"href":"https:\/\/www.webdo.tn\/fr\/wp-json\/wp\/v2\/posts\/208305\/revisions"}],"wp:featuredmedia":[{"embeddable":true,"href":"https:\/\/www.webdo.tn\/fr\/wp-json\/wp\/v2\/media\/249447"}],"wp:attachment":[{"href":"https:\/\/www.webdo.tn\/fr\/wp-json\/wp\/v2\/media?parent=208305"}],"wp:term":[{"taxonomy":"category","embeddable":true,"href":"https:\/\/www.webdo.tn\/fr\/wp-json\/wp\/v2\/categories?post=208305"},{"taxonomy":"post_tag","embeddable":true,"href":"https:\/\/www.webdo.tn\/fr\/wp-json\/wp\/v2\/tags?post=208305"}],"curies":[{"name":"wp","href":"https:\/\/api.w.org\/{rel}","templated":true}]}}