{"id":208292,"date":"2023-08-30T18:34:00","date_gmt":"2023-08-30T18:34:00","guid":{"rendered":"https:\/\/www.webdo.tn\/fr\/blog\/audition-de-wadii-el-jari-a-el-gorjani\/208292\/"},"modified":"2023-08-30T18:34:00","modified_gmt":"2023-08-30T18:34:00","slug":"audition-de-wadii-el-jari-a-el-gorjani","status":"publish","type":"post","link":"https:\/\/www.webdo.tn\/fr\/actualite\/sport\/audition-de-wadii-el-jari-a-el-gorjani\/208292\/","title":{"rendered":"Audition de Wadii El Jari \u00e0 El Gorjani"},"content":{"rendered":"<p>Le pr\u00e9sident de la F\u00e9d\u00e9ration tunisienne de football, Wadii El Jari, a \u00e9t\u00e9 auditionn\u00e9 \u00e0 El Gorjani, ce mercredi 30 ao\u00fbt, selon Mosaique FM. Il est rentr\u00e9 libre \u00e0 la fin de son audition.<\/p>\n<p>\t\t\t\t\t\t\t\t\tLa Pr\u00e9sident de la FTF a \u00e9t\u00e9 entendu par les agents de la direction des recherches financi\u00e8res et \u00e9conomiques relevant de la brigade judiciaire d&rsquo;El Gorjani. Ces derniers l&rsquo;ont int\u00e9rrog\u00e9 dans le cadre d&rsquo;une enqu\u00eate concernant des contrats sign\u00e9s par la F\u00e9d\u00e9ration tunisienne de football, en ligne avec la gestion administrative et financi\u00e8re de la FTF.<\/p>\n","protected":false},"excerpt":{"rendered":"<p>Le pr\u00e9sident de la F\u00e9d\u00e9ration tunisienne de football, Wadii El Jari, a \u00e9t\u00e9 auditionn\u00e9 \u00e0 El Gorjani, ce mercredi 30 ao\u00fbt, selon Mosaique FM. Il est rentr\u00e9 libre&#8230;<\/p>\n","protected":false},"author":3169,"featured_media":249438,"comment_status":"open","ping_status":"closed","sticky":false,"template":"","format":"standard","meta":{"footnotes":""},"categories":[2593],"tags":[3043,8009,2622,3728,2619,2608,8010],"class_list":["post-208292","post","type-post","status-publish","format-standard","has-post-thumbnail","hentry","category-sport","tag-audition","tag-el-gorjani","tag-football","tag-ftf","tag-justice","tag-tunisie","tag-wadii-el-jari"],"yoast_head":"<!-- This site is optimized with the Yoast SEO Premium plugin v27.4 (Yoast SEO v27.5) - https:\/\/yoast.com\/product\/yoast-seo-premium-wordpress\/ -->\n<title>Audition de Wadii El Jari \u00e0 El Gorjani<\/title>\n<meta name=\"description\" content=\"Le pr\u00e9sident de la F\u00e9d\u00e9ration tunisienne de football, Wadii El Jari, a \u00e9t\u00e9 auditionn\u00e9 \u00e0 El Gorjani, ce mercredi 30 ao\u00fbt, selon Mosaique FM. Il est rentr\u00e9 libre...\" \/>\n<link rel=\"canonical\" href=\"https:\/\/www.webdo.tn\/fr\/actualite\/sport\/audition-de-wadii-el-jari-a-el-gorjani\/208292\/\" \/>\n<meta property=\"og:locale\" content=\"fr_FR\" \/>\n<meta property=\"og:type\" content=\"article\" \/>\n<meta property=\"og:title\" content=\"Audition de Wadii El Jari \u00e0 El Gorjani\" \/>\n<meta property=\"og:description\" content=\"Le pr\u00e9sident de la F\u00e9d\u00e9ration tunisienne de football, Wadii El Jari, a \u00e9t\u00e9 auditionn\u00e9 \u00e0 El Gorjani, ce mercredi 30 ao\u00fbt, selon Mosaique FM. Il est rentr\u00e9 libre...\" \/>\n<meta property=\"og:url\" content=\"https:\/\/www.webdo.tn\/fr\/actualite\/sport\/audition-de-wadii-el-jari-a-el-gorjani\/208292\/\" \/>\n<meta property=\"og:site_name\" content=\"webdo\" \/>\n<meta property=\"article:publisher\" content=\"https:\/\/www.facebook.com\/webdotn\" \/>\n<meta property=\"article:published_time\" content=\"2023-08-30T18:34:00+00:00\" \/>\n<meta property=\"og:image\" content=\"https:\/\/www.webdo.tn\/fr\/wp-content\/uploads\/2023\/08\/5fa090d8f29249565a52c954e05bc0cf.jpg\" \/>\n\t<meta property=\"og:image:width\" content=\"750\" \/>\n\t<meta property=\"og:image:height\" content=\"400\" \/>\n\t<meta property=\"og:image:type\" content=\"image\/jpeg\" \/>\n<meta name=\"author\" content=\"Webdo\" \/>\n<meta name=\"twitter:card\" content=\"summary_large_image\" \/>\n<meta name=\"twitter:creator\" content=\"@webdo_tn\" \/>\n<meta name=\"twitter:site\" content=\"@webdo_tn\" \/>\n<meta name=\"twitter:label1\" content=\"\u00c9crit par\" \/>\n\t<meta name=\"twitter:data1\" content=\"Webdo\" \/>\n<script type=\"application\/ld+json\" class=\"yoast-schema-graph\">{\"@context\":\"https:\\\/\\\/schema.org\",\"@graph\":[{\"@type\":\"NewsArticle\",\"@id\":\"https:\\\/\\\/www.webdo.tn\\\/fr\\\/actualite\\\/sport\\\/audition-de-wadii-el-jari-a-el-gorjani\\\/208292\\\/#article\",\"isPartOf\":{\"@id\":\"https:\\\/\\\/www.webdo.tn\\\/fr\\\/actualite\\\/sport\\\/audition-de-wadii-el-jari-a-el-gorjani\\\/208292\\\/\"},\"author\":{\"name\":\"Webdo\",\"@id\":\"https:\\\/\\\/www.webdo.tn\\\/fr\\\/#\\\/schema\\\/person\\\/1f4e491e0907b413d61089e8eb573acc\"},\"headline\":\"Audition de Wadii El Jari \u00e0 El Gorjani\",\"datePublished\":\"2023-08-30T18:34:00+00:00\",\"mainEntityOfPage\":{\"@id\":\"https:\\\/\\\/www.webdo.tn\\\/fr\\\/actualite\\\/sport\\\/audition-de-wadii-el-jari-a-el-gorjani\\\/208292\\\/\"},\"wordCount\":109,\"commentCount\":0,\"publisher\":{\"@id\":\"https:\\\/\\\/www.webdo.tn\\\/fr\\\/#organization\"},\"image\":{\"@id\":\"https:\\\/\\\/www.webdo.tn\\\/fr\\\/actualite\\\/sport\\\/audition-de-wadii-el-jari-a-el-gorjani\\\/208292\\\/#primaryimage\"},\"thumbnailUrl\":\"https:\\\/\\\/www.webdo.tn\\\/fr\\\/wp-content\\\/uploads\\\/2023\\\/08\\\/5fa090d8f29249565a52c954e05bc0cf.jpg\",\"keywords\":[\"audition\",\"el gorjani\",\"football\",\"FTF\",\"justice\",\"Tunisie\",\"wadii el jari\"],\"articleSection\":[\"Sport\"],\"inLanguage\":\"fr-FR\"},{\"@type\":\"WebPage\",\"@id\":\"https:\\\/\\\/www.webdo.tn\\\/fr\\\/actualite\\\/sport\\\/audition-de-wadii-el-jari-a-el-gorjani\\\/208292\\\/\",\"url\":\"https:\\\/\\\/www.webdo.tn\\\/fr\\\/actualite\\\/sport\\\/audition-de-wadii-el-jari-a-el-gorjani\\\/208292\\\/\",\"name\":\"Audition de Wadii El Jari \u00e0 El Gorjani\",\"isPartOf\":{\"@id\":\"https:\\\/\\\/www.webdo.tn\\\/fr\\\/#website\"},\"primaryImageOfPage\":{\"@id\":\"https:\\\/\\\/www.webdo.tn\\\/fr\\\/actualite\\\/sport\\\/audition-de-wadii-el-jari-a-el-gorjani\\\/208292\\\/#primaryimage\"},\"image\":{\"@id\":\"https:\\\/\\\/www.webdo.tn\\\/fr\\\/actualite\\\/sport\\\/audition-de-wadii-el-jari-a-el-gorjani\\\/208292\\\/#primaryimage\"},\"thumbnailUrl\":\"https:\\\/\\\/www.webdo.tn\\\/fr\\\/wp-content\\\/uploads\\\/2023\\\/08\\\/5fa090d8f29249565a52c954e05bc0cf.jpg\",\"datePublished\":\"2023-08-30T18:34:00+00:00\",\"description\":\"Le pr\u00e9sident de la F\u00e9d\u00e9ration tunisienne de football, Wadii El Jari, a \u00e9t\u00e9 auditionn\u00e9 \u00e0 El Gorjani, ce mercredi 30 ao\u00fbt, selon Mosaique FM. Il est rentr\u00e9 libre...\",\"breadcrumb\":{\"@id\":\"https:\\\/\\\/www.webdo.tn\\\/fr\\\/actualite\\\/sport\\\/audition-de-wadii-el-jari-a-el-gorjani\\\/208292\\\/#breadcrumb\"},\"inLanguage\":\"fr-FR\",\"potentialAction\":[{\"@type\":\"ReadAction\",\"target\":[\"https:\\\/\\\/www.webdo.tn\\\/fr\\\/actualite\\\/sport\\\/audition-de-wadii-el-jari-a-el-gorjani\\\/208292\\\/\"]}]},{\"@type\":\"ImageObject\",\"inLanguage\":\"fr-FR\",\"@id\":\"https:\\\/\\\/www.webdo.tn\\\/fr\\\/actualite\\\/sport\\\/audition-de-wadii-el-jari-a-el-gorjani\\\/208292\\\/#primaryimage\",\"url\":\"https:\\\/\\\/www.webdo.tn\\\/fr\\\/wp-content\\\/uploads\\\/2023\\\/08\\\/5fa090d8f29249565a52c954e05bc0cf.jpg\",\"contentUrl\":\"https:\\\/\\\/www.webdo.tn\\\/fr\\\/wp-content\\\/uploads\\\/2023\\\/08\\\/5fa090d8f29249565a52c954e05bc0cf.jpg\",\"width\":750,\"height\":400,\"caption\":\"Audition de Wadii El Jari \u00e0 El Gorjani\"},{\"@type\":\"BreadcrumbList\",\"@id\":\"https:\\\/\\\/www.webdo.tn\\\/fr\\\/actualite\\\/sport\\\/audition-de-wadii-el-jari-a-el-gorjani\\\/208292\\\/#breadcrumb\",\"itemListElement\":[{\"@type\":\"ListItem\",\"position\":1,\"name\":\"Accueil\",\"item\":\"https:\\\/\\\/www.webdo.tn\\\/fr\\\/\"},{\"@type\":\"ListItem\",\"position\":2,\"name\":\"Audition de Wadii El Jari \u00e0 El Gorjani\"}]},{\"@type\":\"WebSite\",\"@id\":\"https:\\\/\\\/www.webdo.tn\\\/fr\\\/#website\",\"url\":\"https:\\\/\\\/www.webdo.tn\\\/fr\\\/\",\"name\":\"webdo\",\"description\":\"Tunisie - News en Tunisie et \u00e0 l&#039;international sur Webdo.tn\",\"publisher\":{\"@id\":\"https:\\\/\\\/www.webdo.tn\\\/fr\\\/#organization\"},\"potentialAction\":[{\"@type\":\"SearchAction\",\"target\":{\"@type\":\"EntryPoint\",\"urlTemplate\":\"https:\\\/\\\/www.webdo.tn\\\/fr\\\/?s={search_term_string}\"},\"query-input\":{\"@type\":\"PropertyValueSpecification\",\"valueRequired\":true,\"valueName\":\"search_term_string\"}}],\"inLanguage\":\"fr-FR\"},{\"@type\":\"Organization\",\"@id\":\"https:\\\/\\\/www.webdo.tn\\\/fr\\\/#organization\",\"name\":\"Webdo\",\"alternateName\":\"Webdo.tn\",\"url\":\"https:\\\/\\\/www.webdo.tn\\\/fr\\\/\",\"logo\":{\"@type\":\"ImageObject\",\"inLanguage\":\"fr-FR\",\"@id\":\"https:\\\/\\\/www.webdo.tn\\\/fr\\\/#\\\/schema\\\/logo\\\/image\\\/\",\"url\":\"https:\\\/\\\/www.webdo.tn\\\/fr\\\/wp-content\\\/uploads\\\/2025\\\/06\\\/Webdo-Tunisie_168377.jpg\",\"contentUrl\":\"https:\\\/\\\/www.webdo.tn\\\/fr\\\/wp-content\\\/uploads\\\/2025\\\/06\\\/Webdo-Tunisie_168377.jpg\",\"width\":301,\"height\":301,\"caption\":\"Webdo\"},\"image\":{\"@id\":\"https:\\\/\\\/www.webdo.tn\\\/fr\\\/#\\\/schema\\\/logo\\\/image\\\/\"},\"sameAs\":[\"https:\\\/\\\/www.facebook.com\\\/webdotn\",\"https:\\\/\\\/x.com\\\/webdo_tn\"],\"description\":\"Webdo est un m\u00e9dia num\u00e9rique tunisien fond\u00e9 en 2010, sp\u00e9cialis\u00e9 dans l\u2019actualit\u00e9 nationale et internationale, l\u2019\u00e9conomie, la soci\u00e9t\u00e9 et les analyses politiques. Le site s\u2019adresse \u00e0 un large public francophone et couvre l\u2019information tunisienne en temps r\u00e9el.\",\"email\":\"redac@webdo.tn\",\"legalName\":\"YNJ SARL\",\"foundingDate\":\"2010-09-06\",\"numberOfEmployees\":{\"@type\":\"QuantitativeValue\",\"minValue\":\"11\",\"maxValue\":\"50\"}},{\"@type\":\"Person\",\"@id\":\"https:\\\/\\\/www.webdo.tn\\\/fr\\\/#\\\/schema\\\/person\\\/1f4e491e0907b413d61089e8eb573acc\",\"name\":\"Webdo\",\"image\":{\"@type\":\"ImageObject\",\"inLanguage\":\"fr-FR\",\"@id\":\"https:\\\/\\\/secure.gravatar.com\\\/avatar\\\/de97aeec1bb80978a9dbb127e47dfc88aaacb2f3c29aac907d8d3222e3495d49?s=96&d=mm&r=g\",\"url\":\"https:\\\/\\\/secure.gravatar.com\\\/avatar\\\/de97aeec1bb80978a9dbb127e47dfc88aaacb2f3c29aac907d8d3222e3495d49?s=96&d=mm&r=g\",\"contentUrl\":\"https:\\\/\\\/secure.gravatar.com\\\/avatar\\\/de97aeec1bb80978a9dbb127e47dfc88aaacb2f3c29aac907d8d3222e3495d49?s=96&d=mm&r=g\",\"caption\":\"Webdo\"},\"url\":\"https:\\\/\\\/www.webdo.tn\\\/fr\\\/actualite\\\/author\\\/webdo\\\/\"}]}<\/script>\n<!-- \/ Yoast SEO Premium plugin. -->","yoast_head_json":{"title":"Audition de Wadii El Jari \u00e0 El Gorjani","description":"Le pr\u00e9sident de la F\u00e9d\u00e9ration tunisienne de football, Wadii El Jari, a \u00e9t\u00e9 auditionn\u00e9 \u00e0 El Gorjani, ce mercredi 30 ao\u00fbt, selon Mosaique FM. Il est rentr\u00e9 libre...","canonical":"https:\/\/www.webdo.tn\/fr\/actualite\/sport\/audition-de-wadii-el-jari-a-el-gorjani\/208292\/","og_locale":"fr_FR","og_type":"article","og_title":"Audition de Wadii El Jari \u00e0 El Gorjani","og_description":"Le pr\u00e9sident de la F\u00e9d\u00e9ration tunisienne de football, Wadii El Jari, a \u00e9t\u00e9 auditionn\u00e9 \u00e0 El Gorjani, ce mercredi 30 ao\u00fbt, selon Mosaique FM. Il est rentr\u00e9 libre...","og_url":"https:\/\/www.webdo.tn\/fr\/actualite\/sport\/audition-de-wadii-el-jari-a-el-gorjani\/208292\/","og_site_name":"webdo","article_publisher":"https:\/\/www.facebook.com\/webdotn","article_published_time":"2023-08-30T18:34:00+00:00","og_image":[{"width":750,"height":400,"url":"https:\/\/www.webdo.tn\/fr\/wp-content\/uploads\/2023\/08\/5fa090d8f29249565a52c954e05bc0cf.jpg","type":"image\/jpeg"}],"author":"Webdo","twitter_card":"summary_large_image","twitter_creator":"@webdo_tn","twitter_site":"@webdo_tn","twitter_misc":{"\u00c9crit par":"Webdo"},"schema":{"@context":"https:\/\/schema.org","@graph":[{"@type":"NewsArticle","@id":"https:\/\/www.webdo.tn\/fr\/actualite\/sport\/audition-de-wadii-el-jari-a-el-gorjani\/208292\/#article","isPartOf":{"@id":"https:\/\/www.webdo.tn\/fr\/actualite\/sport\/audition-de-wadii-el-jari-a-el-gorjani\/208292\/"},"author":{"name":"Webdo","@id":"https:\/\/www.webdo.tn\/fr\/#\/schema\/person\/1f4e491e0907b413d61089e8eb573acc"},"headline":"Audition de Wadii El Jari \u00e0 El Gorjani","datePublished":"2023-08-30T18:34:00+00:00","mainEntityOfPage":{"@id":"https:\/\/www.webdo.tn\/fr\/actualite\/sport\/audition-de-wadii-el-jari-a-el-gorjani\/208292\/"},"wordCount":109,"commentCount":0,"publisher":{"@id":"https:\/\/www.webdo.tn\/fr\/#organization"},"image":{"@id":"https:\/\/www.webdo.tn\/fr\/actualite\/sport\/audition-de-wadii-el-jari-a-el-gorjani\/208292\/#primaryimage"},"thumbnailUrl":"https:\/\/www.webdo.tn\/fr\/wp-content\/uploads\/2023\/08\/5fa090d8f29249565a52c954e05bc0cf.jpg","keywords":["audition","el gorjani","football","FTF","justice","Tunisie","wadii el jari"],"articleSection":["Sport"],"inLanguage":"fr-FR"},{"@type":"WebPage","@id":"https:\/\/www.webdo.tn\/fr\/actualite\/sport\/audition-de-wadii-el-jari-a-el-gorjani\/208292\/","url":"https:\/\/www.webdo.tn\/fr\/actualite\/sport\/audition-de-wadii-el-jari-a-el-gorjani\/208292\/","name":"Audition de Wadii El Jari \u00e0 El Gorjani","isPartOf":{"@id":"https:\/\/www.webdo.tn\/fr\/#website"},"primaryImageOfPage":{"@id":"https:\/\/www.webdo.tn\/fr\/actualite\/sport\/audition-de-wadii-el-jari-a-el-gorjani\/208292\/#primaryimage"},"image":{"@id":"https:\/\/www.webdo.tn\/fr\/actualite\/sport\/audition-de-wadii-el-jari-a-el-gorjani\/208292\/#primaryimage"},"thumbnailUrl":"https:\/\/www.webdo.tn\/fr\/wp-content\/uploads\/2023\/08\/5fa090d8f29249565a52c954e05bc0cf.jpg","datePublished":"2023-08-30T18:34:00+00:00","description":"Le pr\u00e9sident de la F\u00e9d\u00e9ration tunisienne de football, Wadii El Jari, a \u00e9t\u00e9 auditionn\u00e9 \u00e0 El Gorjani, ce mercredi 30 ao\u00fbt, selon Mosaique FM. Il est rentr\u00e9 libre...","breadcrumb":{"@id":"https:\/\/www.webdo.tn\/fr\/actualite\/sport\/audition-de-wadii-el-jari-a-el-gorjani\/208292\/#breadcrumb"},"inLanguage":"fr-FR","potentialAction":[{"@type":"ReadAction","target":["https:\/\/www.webdo.tn\/fr\/actualite\/sport\/audition-de-wadii-el-jari-a-el-gorjani\/208292\/"]}]},{"@type":"ImageObject","inLanguage":"fr-FR","@id":"https:\/\/www.webdo.tn\/fr\/actualite\/sport\/audition-de-wadii-el-jari-a-el-gorjani\/208292\/#primaryimage","url":"https:\/\/www.webdo.tn\/fr\/wp-content\/uploads\/2023\/08\/5fa090d8f29249565a52c954e05bc0cf.jpg","contentUrl":"https:\/\/www.webdo.tn\/fr\/wp-content\/uploads\/2023\/08\/5fa090d8f29249565a52c954e05bc0cf.jpg","width":750,"height":400,"caption":"Audition de Wadii El Jari \u00e0 El Gorjani"},{"@type":"BreadcrumbList","@id":"https:\/\/www.webdo.tn\/fr\/actualite\/sport\/audition-de-wadii-el-jari-a-el-gorjani\/208292\/#breadcrumb","itemListElement":[{"@type":"ListItem","position":1,"name":"Accueil","item":"https:\/\/www.webdo.tn\/fr\/"},{"@type":"ListItem","position":2,"name":"Audition de Wadii El Jari \u00e0 El Gorjani"}]},{"@type":"WebSite","@id":"https:\/\/www.webdo.tn\/fr\/#website","url":"https:\/\/www.webdo.tn\/fr\/","name":"webdo","description":"Tunisie - News en Tunisie et \u00e0 l&#039;international sur Webdo.tn","publisher":{"@id":"https:\/\/www.webdo.tn\/fr\/#organization"},"potentialAction":[{"@type":"SearchAction","target":{"@type":"EntryPoint","urlTemplate":"https:\/\/www.webdo.tn\/fr\/?s={search_term_string}"},"query-input":{"@type":"PropertyValueSpecification","valueRequired":true,"valueName":"search_term_string"}}],"inLanguage":"fr-FR"},{"@type":"Organization","@id":"https:\/\/www.webdo.tn\/fr\/#organization","name":"Webdo","alternateName":"Webdo.tn","url":"https:\/\/www.webdo.tn\/fr\/","logo":{"@type":"ImageObject","inLanguage":"fr-FR","@id":"https:\/\/www.webdo.tn\/fr\/#\/schema\/logo\/image\/","url":"https:\/\/www.webdo.tn\/fr\/wp-content\/uploads\/2025\/06\/Webdo-Tunisie_168377.jpg","contentUrl":"https:\/\/www.webdo.tn\/fr\/wp-content\/uploads\/2025\/06\/Webdo-Tunisie_168377.jpg","width":301,"height":301,"caption":"Webdo"},"image":{"@id":"https:\/\/www.webdo.tn\/fr\/#\/schema\/logo\/image\/"},"sameAs":["https:\/\/www.facebook.com\/webdotn","https:\/\/x.com\/webdo_tn"],"description":"Webdo est un m\u00e9dia num\u00e9rique tunisien fond\u00e9 en 2010, sp\u00e9cialis\u00e9 dans l\u2019actualit\u00e9 nationale et internationale, l\u2019\u00e9conomie, la soci\u00e9t\u00e9 et les analyses politiques. Le site s\u2019adresse \u00e0 un large public francophone et couvre l\u2019information tunisienne en temps r\u00e9el.","email":"redac@webdo.tn","legalName":"YNJ SARL","foundingDate":"2010-09-06","numberOfEmployees":{"@type":"QuantitativeValue","minValue":"11","maxValue":"50"}},{"@type":"Person","@id":"https:\/\/www.webdo.tn\/fr\/#\/schema\/person\/1f4e491e0907b413d61089e8eb573acc","name":"Webdo","image":{"@type":"ImageObject","inLanguage":"fr-FR","@id":"https:\/\/secure.gravatar.com\/avatar\/de97aeec1bb80978a9dbb127e47dfc88aaacb2f3c29aac907d8d3222e3495d49?s=96&d=mm&r=g","url":"https:\/\/secure.gravatar.com\/avatar\/de97aeec1bb80978a9dbb127e47dfc88aaacb2f3c29aac907d8d3222e3495d49?s=96&d=mm&r=g","contentUrl":"https:\/\/secure.gravatar.com\/avatar\/de97aeec1bb80978a9dbb127e47dfc88aaacb2f3c29aac907d8d3222e3495d49?s=96&d=mm&r=g","caption":"Webdo"},"url":"https:\/\/www.webdo.tn\/fr\/actualite\/author\/webdo\/"}]}},"_links":{"self":[{"href":"https:\/\/www.webdo.tn\/fr\/wp-json\/wp\/v2\/posts\/208292","targetHints":{"allow":["GET"]}}],"collection":[{"href":"https:\/\/www.webdo.tn\/fr\/wp-json\/wp\/v2\/posts"}],"about":[{"href":"https:\/\/www.webdo.tn\/fr\/wp-json\/wp\/v2\/types\/post"}],"author":[{"embeddable":true,"href":"https:\/\/www.webdo.tn\/fr\/wp-json\/wp\/v2\/users\/3169"}],"replies":[{"embeddable":true,"href":"https:\/\/www.webdo.tn\/fr\/wp-json\/wp\/v2\/comments?post=208292"}],"version-history":[{"count":0,"href":"https:\/\/www.webdo.tn\/fr\/wp-json\/wp\/v2\/posts\/208292\/revisions"}],"wp:featuredmedia":[{"embeddable":true,"href":"https:\/\/www.webdo.tn\/fr\/wp-json\/wp\/v2\/media\/249438"}],"wp:attachment":[{"href":"https:\/\/www.webdo.tn\/fr\/wp-json\/wp\/v2\/media?parent=208292"}],"wp:term":[{"taxonomy":"category","embeddable":true,"href":"https:\/\/www.webdo.tn\/fr\/wp-json\/wp\/v2\/categories?post=208292"},{"taxonomy":"post_tag","embeddable":true,"href":"https:\/\/www.webdo.tn\/fr\/wp-json\/wp\/v2\/tags?post=208292"}],"curies":[{"name":"wp","href":"https:\/\/api.w.org\/{rel}","templated":true}]}}