{"id":208275,"date":"2023-08-29T20:07:00","date_gmt":"2023-08-29T20:07:00","guid":{"rendered":"https:\/\/www.webdo.tn\/fr\/blog\/publication-du-decret-presidentiel-des-mouvements-des-magistrats-financiers\/208275\/"},"modified":"2025-05-17T21:12:22","modified_gmt":"2025-05-17T21:12:22","slug":"publication-du-decret-presidentiel-des-mouvements-des-magistrats-financiers","status":"publish","type":"post","link":"https:\/\/www.webdo.tn\/fr\/actualite\/national\/publication-du-decret-presidentiel-des-mouvements-des-magistrats-financiers\/208275\/","title":{"rendered":"Publication du d\u00e9cret pr\u00e9sidentiel des mouvements des magistrats financiers"},"content":{"rendered":"<p>Le d\u00e9cret pr\u00e9sidentiel r\u00e9gissant le mouvement des juges financiers, au titre de l\u2019ann\u00e9e 2023-2024, a \u00e9t\u00e9 publi\u00e9 dans le Journal Officiel de la R\u00e9publique Tunisienne ce mardi 29 ao\u00fbt 2023.<\/p>\n<p>\t\t\t\t\t\t\t\t\tAinsi, selon ce d\u00e9cret concerne :\u00a0<br \/>\nComme conseillers \u00a0: Mohamed Ben Salah, Issam Hamdi, Kaouther Nsiri, Anis Bchir, Olfa Ben Ahmed, Hela Bouguila, Khalil Abdelmoumen, Khadija Ben Brahim, Ines Abbes, Senda Ben Ammar, Sahla Naccache, Rania Heni, Racha Ghorbal, Anis Hamdaoui, Marwa Mechergui, Kaouther Jaafer, Saida Marabtini.<\/p>\n<p>Comme pr\u00e9sident de section de chambre de sanctions des erreurs de gestion \u00a0: Houcem Eddine Guezzi.<\/p>\n<p>Comme pr\u00e9sident de section de chambre r\u00e9gionale de Sfax \u00a0: Souhir Neyfer.<\/p>\n<p>Comme procureur de chambre centrale : Najoua Ben Ali Sameh Ben Hamma<\/p>\n<p>Comme procureur de section de chambre r\u00e9gionale de Gafsa : Chaker Jadly<\/p>\n<p>Comme pr\u00e9sident de chambre d\u2019appel \u00a0: Narjes Sellami<\/p>\n","protected":false},"excerpt":{"rendered":"<p>Le d\u00e9cret pr\u00e9sidentiel r\u00e9gissant le mouvement des juges financiers, au titre de l\u2019ann\u00e9e 2023-2024, a \u00e9t\u00e9 publi\u00e9 dans le Journal Officiel de la R\u00e9publique Tunisi&#8230;<\/p>\n","protected":false},"author":3169,"featured_media":278678,"comment_status":"open","ping_status":"closed","sticky":false,"template":"","format":"standard","meta":{"footnotes":""},"categories":[44],"tags":[3766,9698,2608],"class_list":["post-208275","post","type-post","status-publish","format-standard","has-post-thumbnail","hentry","category-national","tag-decret","tag-juge-financiers","tag-tunisie"],"yoast_head":"<!-- This site is optimized with the Yoast SEO Premium plugin v27.5 (Yoast SEO v27.5) - https:\/\/yoast.com\/product\/yoast-seo-premium-wordpress\/ -->\n<title>Publication du d\u00e9cret pr\u00e9sidentiel des mouvements des magistrats financiers<\/title>\n<meta name=\"description\" content=\"Le d\u00e9cret pr\u00e9sidentiel r\u00e9gissant le mouvement des juges financiers, au titre de l\u2019ann\u00e9e 2023-2024, a \u00e9t\u00e9 publi\u00e9 dans le Journal Officiel de la R\u00e9publique Tunisi...\" \/>\n<link rel=\"canonical\" href=\"https:\/\/www.webdo.tn\/fr\/actualite\/national\/publication-du-decret-presidentiel-des-mouvements-des-magistrats-financiers\/208275\/\" \/>\n<meta property=\"og:locale\" content=\"fr_FR\" \/>\n<meta property=\"og:type\" content=\"article\" \/>\n<meta property=\"og:title\" content=\"Publication du d\u00e9cret pr\u00e9sidentiel des mouvements des magistrats financiers\" \/>\n<meta property=\"og:description\" content=\"Le d\u00e9cret pr\u00e9sidentiel r\u00e9gissant le mouvement des juges financiers, au titre de l\u2019ann\u00e9e 2023-2024, a \u00e9t\u00e9 publi\u00e9 dans le Journal Officiel de la R\u00e9publique Tunisi...\" \/>\n<meta property=\"og:url\" content=\"https:\/\/www.webdo.tn\/fr\/actualite\/national\/publication-du-decret-presidentiel-des-mouvements-des-magistrats-financiers\/208275\/\" \/>\n<meta property=\"og:site_name\" content=\"webdo\" \/>\n<meta property=\"article:publisher\" content=\"https:\/\/www.facebook.com\/webdotn\" \/>\n<meta property=\"article:published_time\" content=\"2023-08-29T20:07:00+00:00\" \/>\n<meta property=\"article:modified_time\" content=\"2025-05-17T21:12:22+00:00\" \/>\n<meta property=\"og:image\" content=\"https:\/\/www.webdo.tn\/fr\/wp-content\/uploads\/2023\/08\/02c08fc7a29ffc0bd5fffdd57cbf55d8.jpeg\" \/>\n\t<meta property=\"og:image:width\" content=\"750\" \/>\n\t<meta property=\"og:image:height\" content=\"400\" \/>\n\t<meta property=\"og:image:type\" content=\"image\/jpeg\" \/>\n<meta name=\"author\" content=\"Webdo\" \/>\n<meta name=\"twitter:card\" content=\"summary_large_image\" \/>\n<meta name=\"twitter:creator\" content=\"@webdo_tn\" \/>\n<meta name=\"twitter:site\" content=\"@webdo_tn\" \/>\n<meta name=\"twitter:label1\" content=\"\u00c9crit par\" \/>\n\t<meta name=\"twitter:data1\" content=\"Webdo\" \/>\n\t<meta name=\"twitter:label2\" content=\"Dur\u00e9e de lecture estim\u00e9e\" \/>\n\t<meta name=\"twitter:data2\" content=\"1 minute\" \/>\n<script type=\"application\/ld+json\" class=\"yoast-schema-graph\">{\"@context\":\"https:\\\/\\\/schema.org\",\"@graph\":[{\"@type\":\"NewsArticle\",\"@id\":\"https:\\\/\\\/www.webdo.tn\\\/fr\\\/actualite\\\/national\\\/publication-du-decret-presidentiel-des-mouvements-des-magistrats-financiers\\\/208275\\\/#article\",\"isPartOf\":{\"@id\":\"https:\\\/\\\/www.webdo.tn\\\/fr\\\/actualite\\\/national\\\/publication-du-decret-presidentiel-des-mouvements-des-magistrats-financiers\\\/208275\\\/\"},\"author\":{\"name\":\"Webdo\",\"@id\":\"https:\\\/\\\/www.webdo.tn\\\/fr\\\/#\\\/schema\\\/person\\\/1f4e491e0907b413d61089e8eb573acc\"},\"headline\":\"Publication du d\u00e9cret pr\u00e9sidentiel des mouvements des magistrats financiers\",\"datePublished\":\"2023-08-29T20:07:00+00:00\",\"dateModified\":\"2025-05-17T21:12:22+00:00\",\"mainEntityOfPage\":{\"@id\":\"https:\\\/\\\/www.webdo.tn\\\/fr\\\/actualite\\\/national\\\/publication-du-decret-presidentiel-des-mouvements-des-magistrats-financiers\\\/208275\\\/\"},\"wordCount\":153,\"commentCount\":0,\"publisher\":{\"@id\":\"https:\\\/\\\/www.webdo.tn\\\/fr\\\/#organization\"},\"image\":{\"@id\":\"https:\\\/\\\/www.webdo.tn\\\/fr\\\/actualite\\\/national\\\/publication-du-decret-presidentiel-des-mouvements-des-magistrats-financiers\\\/208275\\\/#primaryimage\"},\"thumbnailUrl\":\"https:\\\/\\\/www.webdo.tn\\\/fr\\\/wp-content\\\/uploads\\\/2023\\\/08\\\/02c08fc7a29ffc0bd5fffdd57cbf55d8.jpeg\",\"keywords\":[\"D\u00e9cret\",\"juge financiers\",\"Tunisie\"],\"articleSection\":[\"National\"],\"inLanguage\":\"fr-FR\"},{\"@type\":\"WebPage\",\"@id\":\"https:\\\/\\\/www.webdo.tn\\\/fr\\\/actualite\\\/national\\\/publication-du-decret-presidentiel-des-mouvements-des-magistrats-financiers\\\/208275\\\/\",\"url\":\"https:\\\/\\\/www.webdo.tn\\\/fr\\\/actualite\\\/national\\\/publication-du-decret-presidentiel-des-mouvements-des-magistrats-financiers\\\/208275\\\/\",\"name\":\"Publication du d\u00e9cret pr\u00e9sidentiel des mouvements des magistrats financiers\",\"isPartOf\":{\"@id\":\"https:\\\/\\\/www.webdo.tn\\\/fr\\\/#website\"},\"primaryImageOfPage\":{\"@id\":\"https:\\\/\\\/www.webdo.tn\\\/fr\\\/actualite\\\/national\\\/publication-du-decret-presidentiel-des-mouvements-des-magistrats-financiers\\\/208275\\\/#primaryimage\"},\"image\":{\"@id\":\"https:\\\/\\\/www.webdo.tn\\\/fr\\\/actualite\\\/national\\\/publication-du-decret-presidentiel-des-mouvements-des-magistrats-financiers\\\/208275\\\/#primaryimage\"},\"thumbnailUrl\":\"https:\\\/\\\/www.webdo.tn\\\/fr\\\/wp-content\\\/uploads\\\/2023\\\/08\\\/02c08fc7a29ffc0bd5fffdd57cbf55d8.jpeg\",\"datePublished\":\"2023-08-29T20:07:00+00:00\",\"dateModified\":\"2025-05-17T21:12:22+00:00\",\"description\":\"Le d\u00e9cret pr\u00e9sidentiel r\u00e9gissant le mouvement des juges financiers, au titre de l\u2019ann\u00e9e 2023-2024, a \u00e9t\u00e9 publi\u00e9 dans le Journal Officiel de la R\u00e9publique Tunisi...\",\"breadcrumb\":{\"@id\":\"https:\\\/\\\/www.webdo.tn\\\/fr\\\/actualite\\\/national\\\/publication-du-decret-presidentiel-des-mouvements-des-magistrats-financiers\\\/208275\\\/#breadcrumb\"},\"inLanguage\":\"fr-FR\",\"potentialAction\":[{\"@type\":\"ReadAction\",\"target\":[\"https:\\\/\\\/www.webdo.tn\\\/fr\\\/actualite\\\/national\\\/publication-du-decret-presidentiel-des-mouvements-des-magistrats-financiers\\\/208275\\\/\"]}]},{\"@type\":\"ImageObject\",\"inLanguage\":\"fr-FR\",\"@id\":\"https:\\\/\\\/www.webdo.tn\\\/fr\\\/actualite\\\/national\\\/publication-du-decret-presidentiel-des-mouvements-des-magistrats-financiers\\\/208275\\\/#primaryimage\",\"url\":\"https:\\\/\\\/www.webdo.tn\\\/fr\\\/wp-content\\\/uploads\\\/2023\\\/08\\\/02c08fc7a29ffc0bd5fffdd57cbf55d8.jpeg\",\"contentUrl\":\"https:\\\/\\\/www.webdo.tn\\\/fr\\\/wp-content\\\/uploads\\\/2023\\\/08\\\/02c08fc7a29ffc0bd5fffdd57cbf55d8.jpeg\",\"width\":750,\"height\":400,\"caption\":\"Publication du d\u00e9cret pr\u00e9sidentiel des mouvements des magistrats financiers\"},{\"@type\":\"BreadcrumbList\",\"@id\":\"https:\\\/\\\/www.webdo.tn\\\/fr\\\/actualite\\\/national\\\/publication-du-decret-presidentiel-des-mouvements-des-magistrats-financiers\\\/208275\\\/#breadcrumb\",\"itemListElement\":[{\"@type\":\"ListItem\",\"position\":1,\"name\":\"Accueil\",\"item\":\"https:\\\/\\\/www.webdo.tn\\\/fr\\\/\"},{\"@type\":\"ListItem\",\"position\":2,\"name\":\"Publication du d\u00e9cret pr\u00e9sidentiel des mouvements des magistrats financiers\"}]},{\"@type\":\"WebSite\",\"@id\":\"https:\\\/\\\/www.webdo.tn\\\/fr\\\/#website\",\"url\":\"https:\\\/\\\/www.webdo.tn\\\/fr\\\/\",\"name\":\"webdo\",\"description\":\"Tunisie - News en Tunisie et \u00e0 l&#039;international sur Webdo.tn\",\"publisher\":{\"@id\":\"https:\\\/\\\/www.webdo.tn\\\/fr\\\/#organization\"},\"potentialAction\":[{\"@type\":\"SearchAction\",\"target\":{\"@type\":\"EntryPoint\",\"urlTemplate\":\"https:\\\/\\\/www.webdo.tn\\\/fr\\\/?s={search_term_string}\"},\"query-input\":{\"@type\":\"PropertyValueSpecification\",\"valueRequired\":true,\"valueName\":\"search_term_string\"}}],\"inLanguage\":\"fr-FR\"},{\"@type\":\"Organization\",\"@id\":\"https:\\\/\\\/www.webdo.tn\\\/fr\\\/#organization\",\"name\":\"Webdo\",\"alternateName\":\"Webdo.tn\",\"url\":\"https:\\\/\\\/www.webdo.tn\\\/fr\\\/\",\"logo\":{\"@type\":\"ImageObject\",\"inLanguage\":\"fr-FR\",\"@id\":\"https:\\\/\\\/www.webdo.tn\\\/fr\\\/#\\\/schema\\\/logo\\\/image\\\/\",\"url\":\"https:\\\/\\\/www.webdo.tn\\\/fr\\\/wp-content\\\/uploads\\\/2025\\\/06\\\/Webdo-Tunisie_168377.jpg\",\"contentUrl\":\"https:\\\/\\\/www.webdo.tn\\\/fr\\\/wp-content\\\/uploads\\\/2025\\\/06\\\/Webdo-Tunisie_168377.jpg\",\"width\":301,\"height\":301,\"caption\":\"Webdo\"},\"image\":{\"@id\":\"https:\\\/\\\/www.webdo.tn\\\/fr\\\/#\\\/schema\\\/logo\\\/image\\\/\"},\"sameAs\":[\"https:\\\/\\\/www.facebook.com\\\/webdotn\",\"https:\\\/\\\/x.com\\\/webdo_tn\"],\"description\":\"Webdo est un m\u00e9dia num\u00e9rique tunisien fond\u00e9 en 2010, sp\u00e9cialis\u00e9 dans l\u2019actualit\u00e9 nationale et internationale, l\u2019\u00e9conomie, la soci\u00e9t\u00e9 et les analyses politiques. Le site s\u2019adresse \u00e0 un large public francophone et couvre l\u2019information tunisienne en temps r\u00e9el.\",\"email\":\"redac@webdo.tn\",\"legalName\":\"YNJ SARL\",\"foundingDate\":\"2010-09-06\",\"numberOfEmployees\":{\"@type\":\"QuantitativeValue\",\"minValue\":\"11\",\"maxValue\":\"50\"}},{\"@type\":\"Person\",\"@id\":\"https:\\\/\\\/www.webdo.tn\\\/fr\\\/#\\\/schema\\\/person\\\/1f4e491e0907b413d61089e8eb573acc\",\"name\":\"Webdo\",\"image\":{\"@type\":\"ImageObject\",\"inLanguage\":\"fr-FR\",\"@id\":\"https:\\\/\\\/secure.gravatar.com\\\/avatar\\\/de97aeec1bb80978a9dbb127e47dfc88aaacb2f3c29aac907d8d3222e3495d49?s=96&d=mm&r=g\",\"url\":\"https:\\\/\\\/secure.gravatar.com\\\/avatar\\\/de97aeec1bb80978a9dbb127e47dfc88aaacb2f3c29aac907d8d3222e3495d49?s=96&d=mm&r=g\",\"contentUrl\":\"https:\\\/\\\/secure.gravatar.com\\\/avatar\\\/de97aeec1bb80978a9dbb127e47dfc88aaacb2f3c29aac907d8d3222e3495d49?s=96&d=mm&r=g\",\"caption\":\"Webdo\"},\"url\":\"https:\\\/\\\/www.webdo.tn\\\/fr\\\/actualite\\\/author\\\/webdo\\\/\"}]}<\/script>\n<!-- \/ Yoast SEO Premium plugin. -->","yoast_head_json":{"title":"Publication du d\u00e9cret pr\u00e9sidentiel des mouvements des magistrats financiers","description":"Le d\u00e9cret pr\u00e9sidentiel r\u00e9gissant le mouvement des juges financiers, au titre de l\u2019ann\u00e9e 2023-2024, a \u00e9t\u00e9 publi\u00e9 dans le Journal Officiel de la R\u00e9publique Tunisi...","canonical":"https:\/\/www.webdo.tn\/fr\/actualite\/national\/publication-du-decret-presidentiel-des-mouvements-des-magistrats-financiers\/208275\/","og_locale":"fr_FR","og_type":"article","og_title":"Publication du d\u00e9cret pr\u00e9sidentiel des mouvements des magistrats financiers","og_description":"Le d\u00e9cret pr\u00e9sidentiel r\u00e9gissant le mouvement des juges financiers, au titre de l\u2019ann\u00e9e 2023-2024, a \u00e9t\u00e9 publi\u00e9 dans le Journal Officiel de la R\u00e9publique Tunisi...","og_url":"https:\/\/www.webdo.tn\/fr\/actualite\/national\/publication-du-decret-presidentiel-des-mouvements-des-magistrats-financiers\/208275\/","og_site_name":"webdo","article_publisher":"https:\/\/www.facebook.com\/webdotn","article_published_time":"2023-08-29T20:07:00+00:00","article_modified_time":"2025-05-17T21:12:22+00:00","og_image":[{"width":750,"height":400,"url":"https:\/\/www.webdo.tn\/fr\/wp-content\/uploads\/2023\/08\/02c08fc7a29ffc0bd5fffdd57cbf55d8.jpeg","type":"image\/jpeg"}],"author":"Webdo","twitter_card":"summary_large_image","twitter_creator":"@webdo_tn","twitter_site":"@webdo_tn","twitter_misc":{"\u00c9crit par":"Webdo","Dur\u00e9e de lecture estim\u00e9e":"1 minute"},"schema":{"@context":"https:\/\/schema.org","@graph":[{"@type":"NewsArticle","@id":"https:\/\/www.webdo.tn\/fr\/actualite\/national\/publication-du-decret-presidentiel-des-mouvements-des-magistrats-financiers\/208275\/#article","isPartOf":{"@id":"https:\/\/www.webdo.tn\/fr\/actualite\/national\/publication-du-decret-presidentiel-des-mouvements-des-magistrats-financiers\/208275\/"},"author":{"name":"Webdo","@id":"https:\/\/www.webdo.tn\/fr\/#\/schema\/person\/1f4e491e0907b413d61089e8eb573acc"},"headline":"Publication du d\u00e9cret pr\u00e9sidentiel des mouvements des magistrats financiers","datePublished":"2023-08-29T20:07:00+00:00","dateModified":"2025-05-17T21:12:22+00:00","mainEntityOfPage":{"@id":"https:\/\/www.webdo.tn\/fr\/actualite\/national\/publication-du-decret-presidentiel-des-mouvements-des-magistrats-financiers\/208275\/"},"wordCount":153,"commentCount":0,"publisher":{"@id":"https:\/\/www.webdo.tn\/fr\/#organization"},"image":{"@id":"https:\/\/www.webdo.tn\/fr\/actualite\/national\/publication-du-decret-presidentiel-des-mouvements-des-magistrats-financiers\/208275\/#primaryimage"},"thumbnailUrl":"https:\/\/www.webdo.tn\/fr\/wp-content\/uploads\/2023\/08\/02c08fc7a29ffc0bd5fffdd57cbf55d8.jpeg","keywords":["D\u00e9cret","juge financiers","Tunisie"],"articleSection":["National"],"inLanguage":"fr-FR"},{"@type":"WebPage","@id":"https:\/\/www.webdo.tn\/fr\/actualite\/national\/publication-du-decret-presidentiel-des-mouvements-des-magistrats-financiers\/208275\/","url":"https:\/\/www.webdo.tn\/fr\/actualite\/national\/publication-du-decret-presidentiel-des-mouvements-des-magistrats-financiers\/208275\/","name":"Publication du d\u00e9cret pr\u00e9sidentiel des mouvements des magistrats financiers","isPartOf":{"@id":"https:\/\/www.webdo.tn\/fr\/#website"},"primaryImageOfPage":{"@id":"https:\/\/www.webdo.tn\/fr\/actualite\/national\/publication-du-decret-presidentiel-des-mouvements-des-magistrats-financiers\/208275\/#primaryimage"},"image":{"@id":"https:\/\/www.webdo.tn\/fr\/actualite\/national\/publication-du-decret-presidentiel-des-mouvements-des-magistrats-financiers\/208275\/#primaryimage"},"thumbnailUrl":"https:\/\/www.webdo.tn\/fr\/wp-content\/uploads\/2023\/08\/02c08fc7a29ffc0bd5fffdd57cbf55d8.jpeg","datePublished":"2023-08-29T20:07:00+00:00","dateModified":"2025-05-17T21:12:22+00:00","description":"Le d\u00e9cret pr\u00e9sidentiel r\u00e9gissant le mouvement des juges financiers, au titre de l\u2019ann\u00e9e 2023-2024, a \u00e9t\u00e9 publi\u00e9 dans le Journal Officiel de la R\u00e9publique Tunisi...","breadcrumb":{"@id":"https:\/\/www.webdo.tn\/fr\/actualite\/national\/publication-du-decret-presidentiel-des-mouvements-des-magistrats-financiers\/208275\/#breadcrumb"},"inLanguage":"fr-FR","potentialAction":[{"@type":"ReadAction","target":["https:\/\/www.webdo.tn\/fr\/actualite\/national\/publication-du-decret-presidentiel-des-mouvements-des-magistrats-financiers\/208275\/"]}]},{"@type":"ImageObject","inLanguage":"fr-FR","@id":"https:\/\/www.webdo.tn\/fr\/actualite\/national\/publication-du-decret-presidentiel-des-mouvements-des-magistrats-financiers\/208275\/#primaryimage","url":"https:\/\/www.webdo.tn\/fr\/wp-content\/uploads\/2023\/08\/02c08fc7a29ffc0bd5fffdd57cbf55d8.jpeg","contentUrl":"https:\/\/www.webdo.tn\/fr\/wp-content\/uploads\/2023\/08\/02c08fc7a29ffc0bd5fffdd57cbf55d8.jpeg","width":750,"height":400,"caption":"Publication du d\u00e9cret pr\u00e9sidentiel des mouvements des magistrats financiers"},{"@type":"BreadcrumbList","@id":"https:\/\/www.webdo.tn\/fr\/actualite\/national\/publication-du-decret-presidentiel-des-mouvements-des-magistrats-financiers\/208275\/#breadcrumb","itemListElement":[{"@type":"ListItem","position":1,"name":"Accueil","item":"https:\/\/www.webdo.tn\/fr\/"},{"@type":"ListItem","position":2,"name":"Publication du d\u00e9cret pr\u00e9sidentiel des mouvements des magistrats financiers"}]},{"@type":"WebSite","@id":"https:\/\/www.webdo.tn\/fr\/#website","url":"https:\/\/www.webdo.tn\/fr\/","name":"webdo","description":"Tunisie - News en Tunisie et \u00e0 l&#039;international sur Webdo.tn","publisher":{"@id":"https:\/\/www.webdo.tn\/fr\/#organization"},"potentialAction":[{"@type":"SearchAction","target":{"@type":"EntryPoint","urlTemplate":"https:\/\/www.webdo.tn\/fr\/?s={search_term_string}"},"query-input":{"@type":"PropertyValueSpecification","valueRequired":true,"valueName":"search_term_string"}}],"inLanguage":"fr-FR"},{"@type":"Organization","@id":"https:\/\/www.webdo.tn\/fr\/#organization","name":"Webdo","alternateName":"Webdo.tn","url":"https:\/\/www.webdo.tn\/fr\/","logo":{"@type":"ImageObject","inLanguage":"fr-FR","@id":"https:\/\/www.webdo.tn\/fr\/#\/schema\/logo\/image\/","url":"https:\/\/www.webdo.tn\/fr\/wp-content\/uploads\/2025\/06\/Webdo-Tunisie_168377.jpg","contentUrl":"https:\/\/www.webdo.tn\/fr\/wp-content\/uploads\/2025\/06\/Webdo-Tunisie_168377.jpg","width":301,"height":301,"caption":"Webdo"},"image":{"@id":"https:\/\/www.webdo.tn\/fr\/#\/schema\/logo\/image\/"},"sameAs":["https:\/\/www.facebook.com\/webdotn","https:\/\/x.com\/webdo_tn"],"description":"Webdo est un m\u00e9dia num\u00e9rique tunisien fond\u00e9 en 2010, sp\u00e9cialis\u00e9 dans l\u2019actualit\u00e9 nationale et internationale, l\u2019\u00e9conomie, la soci\u00e9t\u00e9 et les analyses politiques. Le site s\u2019adresse \u00e0 un large public francophone et couvre l\u2019information tunisienne en temps r\u00e9el.","email":"redac@webdo.tn","legalName":"YNJ SARL","foundingDate":"2010-09-06","numberOfEmployees":{"@type":"QuantitativeValue","minValue":"11","maxValue":"50"}},{"@type":"Person","@id":"https:\/\/www.webdo.tn\/fr\/#\/schema\/person\/1f4e491e0907b413d61089e8eb573acc","name":"Webdo","image":{"@type":"ImageObject","inLanguage":"fr-FR","@id":"https:\/\/secure.gravatar.com\/avatar\/de97aeec1bb80978a9dbb127e47dfc88aaacb2f3c29aac907d8d3222e3495d49?s=96&d=mm&r=g","url":"https:\/\/secure.gravatar.com\/avatar\/de97aeec1bb80978a9dbb127e47dfc88aaacb2f3c29aac907d8d3222e3495d49?s=96&d=mm&r=g","contentUrl":"https:\/\/secure.gravatar.com\/avatar\/de97aeec1bb80978a9dbb127e47dfc88aaacb2f3c29aac907d8d3222e3495d49?s=96&d=mm&r=g","caption":"Webdo"},"url":"https:\/\/www.webdo.tn\/fr\/actualite\/author\/webdo\/"}]}},"_links":{"self":[{"href":"https:\/\/www.webdo.tn\/fr\/wp-json\/wp\/v2\/posts\/208275","targetHints":{"allow":["GET"]}}],"collection":[{"href":"https:\/\/www.webdo.tn\/fr\/wp-json\/wp\/v2\/posts"}],"about":[{"href":"https:\/\/www.webdo.tn\/fr\/wp-json\/wp\/v2\/types\/post"}],"author":[{"embeddable":true,"href":"https:\/\/www.webdo.tn\/fr\/wp-json\/wp\/v2\/users\/3169"}],"replies":[{"embeddable":true,"href":"https:\/\/www.webdo.tn\/fr\/wp-json\/wp\/v2\/comments?post=208275"}],"version-history":[{"count":0,"href":"https:\/\/www.webdo.tn\/fr\/wp-json\/wp\/v2\/posts\/208275\/revisions"}],"wp:featuredmedia":[{"embeddable":true,"href":"https:\/\/www.webdo.tn\/fr\/wp-json\/wp\/v2\/media\/278678"}],"wp:attachment":[{"href":"https:\/\/www.webdo.tn\/fr\/wp-json\/wp\/v2\/media?parent=208275"}],"wp:term":[{"taxonomy":"category","embeddable":true,"href":"https:\/\/www.webdo.tn\/fr\/wp-json\/wp\/v2\/categories?post=208275"},{"taxonomy":"post_tag","embeddable":true,"href":"https:\/\/www.webdo.tn\/fr\/wp-json\/wp\/v2\/tags?post=208275"}],"curies":[{"name":"wp","href":"https:\/\/api.w.org\/{rel}","templated":true}]}}