{"id":208270,"date":"2023-08-29T18:18:00","date_gmt":"2023-08-29T18:18:00","guid":{"rendered":"https:\/\/www.webdo.tn\/fr\/blog\/kais-saied-remet-a-quatre-nouveaux-ambassadeurs-leurs-lettres-de-creance\/208270\/"},"modified":"2025-05-17T21:12:21","modified_gmt":"2025-05-17T21:12:21","slug":"kais-saied-remet-a-quatre-nouveaux-ambassadeurs-leurs-lettres-de-creance","status":"publish","type":"post","link":"https:\/\/www.webdo.tn\/fr\/actualite\/national\/kais-saied-remet-a-quatre-nouveaux-ambassadeurs-leurs-lettres-de-creance\/208270\/","title":{"rendered":"Kais Sa\u00efed remet \u00e0 quatre nouveaux ambassadeurs leurs lettres de cr\u00e9ance"},"content":{"rendered":"<p>Le pr\u00e9sident de la R\u00e9publique, Ka\u00efs Sa\u00efed, a remis \u00e0 quatre nouveaux ambassadeurs de la Tunisie, leurs lettres de cr\u00e9ance, et ce \u00e0 l&rsquo;occasion d&rsquo;une c\u00e9r\u00e9monie tenue, ce mardi 29 ao\u00fbt 2023, au Palais de Carthage.<\/p>\n<p>\t\t\t\t\t\t\t\t\tCes nouveaux ambassadeurs sont : Imen Laajili Laamari, ambassadrice extraordinaire et pl\u00e9nipotentiaire de la R\u00e9publique Tunisienne aupr\u00e8s de la R\u00e9publique de Serbie, Ahmed Besgha\u00efer, ambassadeur extraordinaire et pl\u00e9nipotentiaire de la R\u00e9publique Tunisienne aupr\u00e8s de la R\u00e9publique de Turquie, Imed Rahmouni, ambassadeur extraordinaire et pl\u00e9nipotentiaire de la R\u00e9publique Tunisienne aupr\u00e8s de la R\u00e9publique islamique d&rsquo;Iran, et enfin,\u00a0Chokri Leta\u00efef, ambassadeur extraordinaire et pl\u00e9nipotentiaire de la R\u00e9publique Tunisienne aupr\u00e8s de la R\u00e9publique d&rsquo;Irak.<\/p>\n<p>Les\u00a0ambassadeurs fra\u00eechement nomm\u00e9s ont pr\u00eat\u00e9 serment devant le pr\u00e9sident de la R\u00e9publique en pr\u00e9sence du ministre des Affaires \u00e9trang\u00e8res, de la Migration et des Tunisiens \u00e0 l&rsquo;\u00e9tranger, Nabil Ammar.<\/p>\n","protected":false},"excerpt":{"rendered":"<p>Le pr\u00e9sident de la R\u00e9publique, Ka\u00efs Sa\u00efed, a remis \u00e0 quatre nouveaux ambassadeurs de la Tunisie, leurs lettres de cr\u00e9ance, et ce \u00e0 l&rsquo;occasion d&rsquo;une c\u00e9r\u00e9monie te&#8230;<\/p>\n","protected":false},"author":3169,"featured_media":278674,"comment_status":"open","ping_status":"closed","sticky":false,"template":"","format":"standard","meta":{"footnotes":""},"categories":[44],"tags":[5121,3223,2614,9695,2608],"class_list":["post-208270","post","type-post","status-publish","format-standard","has-post-thumbnail","hentry","category-national","tag-ambassadeurs","tag-carthage","tag-kais-saied","tag-lettre-de-creance","tag-tunisie"],"yoast_head":"<!-- This site is optimized with the Yoast SEO Premium plugin v27.5 (Yoast SEO v27.5) - https:\/\/yoast.com\/product\/yoast-seo-premium-wordpress\/ -->\n<title>Kais Sa\u00efed remet \u00e0 quatre nouveaux ambassadeurs leurs lettres de cr\u00e9ance<\/title>\n<meta name=\"description\" content=\"Le pr\u00e9sident de la R\u00e9publique, Ka\u00efs Sa\u00efed, a remis \u00e0 quatre nouveaux ambassadeurs de la Tunisie, leurs lettres de cr\u00e9ance, et ce \u00e0 l&#039;occasion d&#039;une c\u00e9r\u00e9monie te...\" \/>\n<link rel=\"canonical\" href=\"https:\/\/www.webdo.tn\/fr\/actualite\/national\/kais-saied-remet-a-quatre-nouveaux-ambassadeurs-leurs-lettres-de-creance\/208270\/\" \/>\n<meta property=\"og:locale\" content=\"fr_FR\" \/>\n<meta property=\"og:type\" content=\"article\" \/>\n<meta property=\"og:title\" content=\"Kais Sa\u00efed remet \u00e0 quatre nouveaux ambassadeurs leurs lettres de cr\u00e9ance\" \/>\n<meta property=\"og:description\" content=\"Le pr\u00e9sident de la R\u00e9publique, Ka\u00efs Sa\u00efed, a remis \u00e0 quatre nouveaux ambassadeurs de la Tunisie, leurs lettres de cr\u00e9ance, et ce \u00e0 l&#039;occasion d&#039;une c\u00e9r\u00e9monie te...\" \/>\n<meta property=\"og:url\" content=\"https:\/\/www.webdo.tn\/fr\/actualite\/national\/kais-saied-remet-a-quatre-nouveaux-ambassadeurs-leurs-lettres-de-creance\/208270\/\" \/>\n<meta property=\"og:site_name\" content=\"webdo\" \/>\n<meta property=\"article:publisher\" content=\"https:\/\/www.facebook.com\/webdotn\" \/>\n<meta property=\"article:published_time\" content=\"2023-08-29T18:18:00+00:00\" \/>\n<meta property=\"article:modified_time\" content=\"2025-05-17T21:12:21+00:00\" \/>\n<meta property=\"og:image\" content=\"https:\/\/www.webdo.tn\/fr\/wp-content\/uploads\/2023\/08\/91cee85627189509a888814c72d26d9f.jpg\" \/>\n\t<meta property=\"og:image:width\" content=\"750\" \/>\n\t<meta property=\"og:image:height\" content=\"400\" \/>\n\t<meta property=\"og:image:type\" content=\"image\/jpeg\" \/>\n<meta name=\"author\" content=\"Webdo\" \/>\n<meta name=\"twitter:card\" content=\"summary_large_image\" \/>\n<meta name=\"twitter:creator\" content=\"@webdo_tn\" \/>\n<meta name=\"twitter:site\" content=\"@webdo_tn\" \/>\n<meta name=\"twitter:label1\" content=\"\u00c9crit par\" \/>\n\t<meta name=\"twitter:data1\" content=\"Webdo\" \/>\n\t<meta name=\"twitter:label2\" content=\"Dur\u00e9e de lecture estim\u00e9e\" \/>\n\t<meta name=\"twitter:data2\" content=\"1 minute\" \/>\n<script type=\"application\/ld+json\" class=\"yoast-schema-graph\">{\"@context\":\"https:\\\/\\\/schema.org\",\"@graph\":[{\"@type\":\"NewsArticle\",\"@id\":\"https:\\\/\\\/www.webdo.tn\\\/fr\\\/actualite\\\/national\\\/kais-saied-remet-a-quatre-nouveaux-ambassadeurs-leurs-lettres-de-creance\\\/208270\\\/#article\",\"isPartOf\":{\"@id\":\"https:\\\/\\\/www.webdo.tn\\\/fr\\\/actualite\\\/national\\\/kais-saied-remet-a-quatre-nouveaux-ambassadeurs-leurs-lettres-de-creance\\\/208270\\\/\"},\"author\":{\"name\":\"Webdo\",\"@id\":\"https:\\\/\\\/www.webdo.tn\\\/fr\\\/#\\\/schema\\\/person\\\/1f4e491e0907b413d61089e8eb573acc\"},\"headline\":\"Kais Sa\u00efed remet \u00e0 quatre nouveaux ambassadeurs leurs lettres de cr\u00e9ance\",\"datePublished\":\"2023-08-29T18:18:00+00:00\",\"dateModified\":\"2025-05-17T21:12:21+00:00\",\"mainEntityOfPage\":{\"@id\":\"https:\\\/\\\/www.webdo.tn\\\/fr\\\/actualite\\\/national\\\/kais-saied-remet-a-quatre-nouveaux-ambassadeurs-leurs-lettres-de-creance\\\/208270\\\/\"},\"wordCount\":181,\"commentCount\":0,\"publisher\":{\"@id\":\"https:\\\/\\\/www.webdo.tn\\\/fr\\\/#organization\"},\"image\":{\"@id\":\"https:\\\/\\\/www.webdo.tn\\\/fr\\\/actualite\\\/national\\\/kais-saied-remet-a-quatre-nouveaux-ambassadeurs-leurs-lettres-de-creance\\\/208270\\\/#primaryimage\"},\"thumbnailUrl\":\"https:\\\/\\\/www.webdo.tn\\\/fr\\\/wp-content\\\/uploads\\\/2023\\\/08\\\/91cee85627189509a888814c72d26d9f.jpg\",\"keywords\":[\"ambassadeurs\",\"Carthage\",\"Kais Saied\",\"lettre de cr\u00e9ance\",\"Tunisie\"],\"articleSection\":[\"National\"],\"inLanguage\":\"fr-FR\"},{\"@type\":\"WebPage\",\"@id\":\"https:\\\/\\\/www.webdo.tn\\\/fr\\\/actualite\\\/national\\\/kais-saied-remet-a-quatre-nouveaux-ambassadeurs-leurs-lettres-de-creance\\\/208270\\\/\",\"url\":\"https:\\\/\\\/www.webdo.tn\\\/fr\\\/actualite\\\/national\\\/kais-saied-remet-a-quatre-nouveaux-ambassadeurs-leurs-lettres-de-creance\\\/208270\\\/\",\"name\":\"Kais Sa\u00efed remet \u00e0 quatre nouveaux ambassadeurs leurs lettres de cr\u00e9ance\",\"isPartOf\":{\"@id\":\"https:\\\/\\\/www.webdo.tn\\\/fr\\\/#website\"},\"primaryImageOfPage\":{\"@id\":\"https:\\\/\\\/www.webdo.tn\\\/fr\\\/actualite\\\/national\\\/kais-saied-remet-a-quatre-nouveaux-ambassadeurs-leurs-lettres-de-creance\\\/208270\\\/#primaryimage\"},\"image\":{\"@id\":\"https:\\\/\\\/www.webdo.tn\\\/fr\\\/actualite\\\/national\\\/kais-saied-remet-a-quatre-nouveaux-ambassadeurs-leurs-lettres-de-creance\\\/208270\\\/#primaryimage\"},\"thumbnailUrl\":\"https:\\\/\\\/www.webdo.tn\\\/fr\\\/wp-content\\\/uploads\\\/2023\\\/08\\\/91cee85627189509a888814c72d26d9f.jpg\",\"datePublished\":\"2023-08-29T18:18:00+00:00\",\"dateModified\":\"2025-05-17T21:12:21+00:00\",\"description\":\"Le pr\u00e9sident de la R\u00e9publique, Ka\u00efs Sa\u00efed, a remis \u00e0 quatre nouveaux ambassadeurs de la Tunisie, leurs lettres de cr\u00e9ance, et ce \u00e0 l'occasion d'une c\u00e9r\u00e9monie te...\",\"breadcrumb\":{\"@id\":\"https:\\\/\\\/www.webdo.tn\\\/fr\\\/actualite\\\/national\\\/kais-saied-remet-a-quatre-nouveaux-ambassadeurs-leurs-lettres-de-creance\\\/208270\\\/#breadcrumb\"},\"inLanguage\":\"fr-FR\",\"potentialAction\":[{\"@type\":\"ReadAction\",\"target\":[\"https:\\\/\\\/www.webdo.tn\\\/fr\\\/actualite\\\/national\\\/kais-saied-remet-a-quatre-nouveaux-ambassadeurs-leurs-lettres-de-creance\\\/208270\\\/\"]}]},{\"@type\":\"ImageObject\",\"inLanguage\":\"fr-FR\",\"@id\":\"https:\\\/\\\/www.webdo.tn\\\/fr\\\/actualite\\\/national\\\/kais-saied-remet-a-quatre-nouveaux-ambassadeurs-leurs-lettres-de-creance\\\/208270\\\/#primaryimage\",\"url\":\"https:\\\/\\\/www.webdo.tn\\\/fr\\\/wp-content\\\/uploads\\\/2023\\\/08\\\/91cee85627189509a888814c72d26d9f.jpg\",\"contentUrl\":\"https:\\\/\\\/www.webdo.tn\\\/fr\\\/wp-content\\\/uploads\\\/2023\\\/08\\\/91cee85627189509a888814c72d26d9f.jpg\",\"width\":750,\"height\":400,\"caption\":\"Kais Sa\u00efed remet \u00e0 quatre nouveaux ambassadeurs leurs lettres de cr\u00e9ance\"},{\"@type\":\"BreadcrumbList\",\"@id\":\"https:\\\/\\\/www.webdo.tn\\\/fr\\\/actualite\\\/national\\\/kais-saied-remet-a-quatre-nouveaux-ambassadeurs-leurs-lettres-de-creance\\\/208270\\\/#breadcrumb\",\"itemListElement\":[{\"@type\":\"ListItem\",\"position\":1,\"name\":\"Accueil\",\"item\":\"https:\\\/\\\/www.webdo.tn\\\/fr\\\/\"},{\"@type\":\"ListItem\",\"position\":2,\"name\":\"Kais Sa\u00efed remet \u00e0 quatre nouveaux ambassadeurs leurs lettres de cr\u00e9ance\"}]},{\"@type\":\"WebSite\",\"@id\":\"https:\\\/\\\/www.webdo.tn\\\/fr\\\/#website\",\"url\":\"https:\\\/\\\/www.webdo.tn\\\/fr\\\/\",\"name\":\"webdo\",\"description\":\"Tunisie - News en Tunisie et \u00e0 l&#039;international sur Webdo.tn\",\"publisher\":{\"@id\":\"https:\\\/\\\/www.webdo.tn\\\/fr\\\/#organization\"},\"potentialAction\":[{\"@type\":\"SearchAction\",\"target\":{\"@type\":\"EntryPoint\",\"urlTemplate\":\"https:\\\/\\\/www.webdo.tn\\\/fr\\\/?s={search_term_string}\"},\"query-input\":{\"@type\":\"PropertyValueSpecification\",\"valueRequired\":true,\"valueName\":\"search_term_string\"}}],\"inLanguage\":\"fr-FR\"},{\"@type\":\"Organization\",\"@id\":\"https:\\\/\\\/www.webdo.tn\\\/fr\\\/#organization\",\"name\":\"Webdo\",\"alternateName\":\"Webdo.tn\",\"url\":\"https:\\\/\\\/www.webdo.tn\\\/fr\\\/\",\"logo\":{\"@type\":\"ImageObject\",\"inLanguage\":\"fr-FR\",\"@id\":\"https:\\\/\\\/www.webdo.tn\\\/fr\\\/#\\\/schema\\\/logo\\\/image\\\/\",\"url\":\"https:\\\/\\\/www.webdo.tn\\\/fr\\\/wp-content\\\/uploads\\\/2025\\\/06\\\/Webdo-Tunisie_168377.jpg\",\"contentUrl\":\"https:\\\/\\\/www.webdo.tn\\\/fr\\\/wp-content\\\/uploads\\\/2025\\\/06\\\/Webdo-Tunisie_168377.jpg\",\"width\":301,\"height\":301,\"caption\":\"Webdo\"},\"image\":{\"@id\":\"https:\\\/\\\/www.webdo.tn\\\/fr\\\/#\\\/schema\\\/logo\\\/image\\\/\"},\"sameAs\":[\"https:\\\/\\\/www.facebook.com\\\/webdotn\",\"https:\\\/\\\/x.com\\\/webdo_tn\"],\"description\":\"Webdo est un m\u00e9dia num\u00e9rique tunisien fond\u00e9 en 2010, sp\u00e9cialis\u00e9 dans l\u2019actualit\u00e9 nationale et internationale, l\u2019\u00e9conomie, la soci\u00e9t\u00e9 et les analyses politiques. Le site s\u2019adresse \u00e0 un large public francophone et couvre l\u2019information tunisienne en temps r\u00e9el.\",\"email\":\"redac@webdo.tn\",\"legalName\":\"YNJ SARL\",\"foundingDate\":\"2010-09-06\",\"numberOfEmployees\":{\"@type\":\"QuantitativeValue\",\"minValue\":\"11\",\"maxValue\":\"50\"}},{\"@type\":\"Person\",\"@id\":\"https:\\\/\\\/www.webdo.tn\\\/fr\\\/#\\\/schema\\\/person\\\/1f4e491e0907b413d61089e8eb573acc\",\"name\":\"Webdo\",\"image\":{\"@type\":\"ImageObject\",\"inLanguage\":\"fr-FR\",\"@id\":\"https:\\\/\\\/secure.gravatar.com\\\/avatar\\\/de97aeec1bb80978a9dbb127e47dfc88aaacb2f3c29aac907d8d3222e3495d49?s=96&d=mm&r=g\",\"url\":\"https:\\\/\\\/secure.gravatar.com\\\/avatar\\\/de97aeec1bb80978a9dbb127e47dfc88aaacb2f3c29aac907d8d3222e3495d49?s=96&d=mm&r=g\",\"contentUrl\":\"https:\\\/\\\/secure.gravatar.com\\\/avatar\\\/de97aeec1bb80978a9dbb127e47dfc88aaacb2f3c29aac907d8d3222e3495d49?s=96&d=mm&r=g\",\"caption\":\"Webdo\"},\"url\":\"https:\\\/\\\/www.webdo.tn\\\/fr\\\/actualite\\\/author\\\/webdo\\\/\"}]}<\/script>\n<!-- \/ Yoast SEO Premium plugin. -->","yoast_head_json":{"title":"Kais Sa\u00efed remet \u00e0 quatre nouveaux ambassadeurs leurs lettres de cr\u00e9ance","description":"Le pr\u00e9sident de la R\u00e9publique, Ka\u00efs Sa\u00efed, a remis \u00e0 quatre nouveaux ambassadeurs de la Tunisie, leurs lettres de cr\u00e9ance, et ce \u00e0 l'occasion d'une c\u00e9r\u00e9monie te...","canonical":"https:\/\/www.webdo.tn\/fr\/actualite\/national\/kais-saied-remet-a-quatre-nouveaux-ambassadeurs-leurs-lettres-de-creance\/208270\/","og_locale":"fr_FR","og_type":"article","og_title":"Kais Sa\u00efed remet \u00e0 quatre nouveaux ambassadeurs leurs lettres de cr\u00e9ance","og_description":"Le pr\u00e9sident de la R\u00e9publique, Ka\u00efs Sa\u00efed, a remis \u00e0 quatre nouveaux ambassadeurs de la Tunisie, leurs lettres de cr\u00e9ance, et ce \u00e0 l'occasion d'une c\u00e9r\u00e9monie te...","og_url":"https:\/\/www.webdo.tn\/fr\/actualite\/national\/kais-saied-remet-a-quatre-nouveaux-ambassadeurs-leurs-lettres-de-creance\/208270\/","og_site_name":"webdo","article_publisher":"https:\/\/www.facebook.com\/webdotn","article_published_time":"2023-08-29T18:18:00+00:00","article_modified_time":"2025-05-17T21:12:21+00:00","og_image":[{"width":750,"height":400,"url":"https:\/\/www.webdo.tn\/fr\/wp-content\/uploads\/2023\/08\/91cee85627189509a888814c72d26d9f.jpg","type":"image\/jpeg"}],"author":"Webdo","twitter_card":"summary_large_image","twitter_creator":"@webdo_tn","twitter_site":"@webdo_tn","twitter_misc":{"\u00c9crit par":"Webdo","Dur\u00e9e de lecture estim\u00e9e":"1 minute"},"schema":{"@context":"https:\/\/schema.org","@graph":[{"@type":"NewsArticle","@id":"https:\/\/www.webdo.tn\/fr\/actualite\/national\/kais-saied-remet-a-quatre-nouveaux-ambassadeurs-leurs-lettres-de-creance\/208270\/#article","isPartOf":{"@id":"https:\/\/www.webdo.tn\/fr\/actualite\/national\/kais-saied-remet-a-quatre-nouveaux-ambassadeurs-leurs-lettres-de-creance\/208270\/"},"author":{"name":"Webdo","@id":"https:\/\/www.webdo.tn\/fr\/#\/schema\/person\/1f4e491e0907b413d61089e8eb573acc"},"headline":"Kais Sa\u00efed remet \u00e0 quatre nouveaux ambassadeurs leurs lettres de cr\u00e9ance","datePublished":"2023-08-29T18:18:00+00:00","dateModified":"2025-05-17T21:12:21+00:00","mainEntityOfPage":{"@id":"https:\/\/www.webdo.tn\/fr\/actualite\/national\/kais-saied-remet-a-quatre-nouveaux-ambassadeurs-leurs-lettres-de-creance\/208270\/"},"wordCount":181,"commentCount":0,"publisher":{"@id":"https:\/\/www.webdo.tn\/fr\/#organization"},"image":{"@id":"https:\/\/www.webdo.tn\/fr\/actualite\/national\/kais-saied-remet-a-quatre-nouveaux-ambassadeurs-leurs-lettres-de-creance\/208270\/#primaryimage"},"thumbnailUrl":"https:\/\/www.webdo.tn\/fr\/wp-content\/uploads\/2023\/08\/91cee85627189509a888814c72d26d9f.jpg","keywords":["ambassadeurs","Carthage","Kais Saied","lettre de cr\u00e9ance","Tunisie"],"articleSection":["National"],"inLanguage":"fr-FR"},{"@type":"WebPage","@id":"https:\/\/www.webdo.tn\/fr\/actualite\/national\/kais-saied-remet-a-quatre-nouveaux-ambassadeurs-leurs-lettres-de-creance\/208270\/","url":"https:\/\/www.webdo.tn\/fr\/actualite\/national\/kais-saied-remet-a-quatre-nouveaux-ambassadeurs-leurs-lettres-de-creance\/208270\/","name":"Kais Sa\u00efed remet \u00e0 quatre nouveaux ambassadeurs leurs lettres de cr\u00e9ance","isPartOf":{"@id":"https:\/\/www.webdo.tn\/fr\/#website"},"primaryImageOfPage":{"@id":"https:\/\/www.webdo.tn\/fr\/actualite\/national\/kais-saied-remet-a-quatre-nouveaux-ambassadeurs-leurs-lettres-de-creance\/208270\/#primaryimage"},"image":{"@id":"https:\/\/www.webdo.tn\/fr\/actualite\/national\/kais-saied-remet-a-quatre-nouveaux-ambassadeurs-leurs-lettres-de-creance\/208270\/#primaryimage"},"thumbnailUrl":"https:\/\/www.webdo.tn\/fr\/wp-content\/uploads\/2023\/08\/91cee85627189509a888814c72d26d9f.jpg","datePublished":"2023-08-29T18:18:00+00:00","dateModified":"2025-05-17T21:12:21+00:00","description":"Le pr\u00e9sident de la R\u00e9publique, Ka\u00efs Sa\u00efed, a remis \u00e0 quatre nouveaux ambassadeurs de la Tunisie, leurs lettres de cr\u00e9ance, et ce \u00e0 l'occasion d'une c\u00e9r\u00e9monie te...","breadcrumb":{"@id":"https:\/\/www.webdo.tn\/fr\/actualite\/national\/kais-saied-remet-a-quatre-nouveaux-ambassadeurs-leurs-lettres-de-creance\/208270\/#breadcrumb"},"inLanguage":"fr-FR","potentialAction":[{"@type":"ReadAction","target":["https:\/\/www.webdo.tn\/fr\/actualite\/national\/kais-saied-remet-a-quatre-nouveaux-ambassadeurs-leurs-lettres-de-creance\/208270\/"]}]},{"@type":"ImageObject","inLanguage":"fr-FR","@id":"https:\/\/www.webdo.tn\/fr\/actualite\/national\/kais-saied-remet-a-quatre-nouveaux-ambassadeurs-leurs-lettres-de-creance\/208270\/#primaryimage","url":"https:\/\/www.webdo.tn\/fr\/wp-content\/uploads\/2023\/08\/91cee85627189509a888814c72d26d9f.jpg","contentUrl":"https:\/\/www.webdo.tn\/fr\/wp-content\/uploads\/2023\/08\/91cee85627189509a888814c72d26d9f.jpg","width":750,"height":400,"caption":"Kais Sa\u00efed remet \u00e0 quatre nouveaux ambassadeurs leurs lettres de cr\u00e9ance"},{"@type":"BreadcrumbList","@id":"https:\/\/www.webdo.tn\/fr\/actualite\/national\/kais-saied-remet-a-quatre-nouveaux-ambassadeurs-leurs-lettres-de-creance\/208270\/#breadcrumb","itemListElement":[{"@type":"ListItem","position":1,"name":"Accueil","item":"https:\/\/www.webdo.tn\/fr\/"},{"@type":"ListItem","position":2,"name":"Kais Sa\u00efed remet \u00e0 quatre nouveaux ambassadeurs leurs lettres de cr\u00e9ance"}]},{"@type":"WebSite","@id":"https:\/\/www.webdo.tn\/fr\/#website","url":"https:\/\/www.webdo.tn\/fr\/","name":"webdo","description":"Tunisie - News en Tunisie et \u00e0 l&#039;international sur Webdo.tn","publisher":{"@id":"https:\/\/www.webdo.tn\/fr\/#organization"},"potentialAction":[{"@type":"SearchAction","target":{"@type":"EntryPoint","urlTemplate":"https:\/\/www.webdo.tn\/fr\/?s={search_term_string}"},"query-input":{"@type":"PropertyValueSpecification","valueRequired":true,"valueName":"search_term_string"}}],"inLanguage":"fr-FR"},{"@type":"Organization","@id":"https:\/\/www.webdo.tn\/fr\/#organization","name":"Webdo","alternateName":"Webdo.tn","url":"https:\/\/www.webdo.tn\/fr\/","logo":{"@type":"ImageObject","inLanguage":"fr-FR","@id":"https:\/\/www.webdo.tn\/fr\/#\/schema\/logo\/image\/","url":"https:\/\/www.webdo.tn\/fr\/wp-content\/uploads\/2025\/06\/Webdo-Tunisie_168377.jpg","contentUrl":"https:\/\/www.webdo.tn\/fr\/wp-content\/uploads\/2025\/06\/Webdo-Tunisie_168377.jpg","width":301,"height":301,"caption":"Webdo"},"image":{"@id":"https:\/\/www.webdo.tn\/fr\/#\/schema\/logo\/image\/"},"sameAs":["https:\/\/www.facebook.com\/webdotn","https:\/\/x.com\/webdo_tn"],"description":"Webdo est un m\u00e9dia num\u00e9rique tunisien fond\u00e9 en 2010, sp\u00e9cialis\u00e9 dans l\u2019actualit\u00e9 nationale et internationale, l\u2019\u00e9conomie, la soci\u00e9t\u00e9 et les analyses politiques. Le site s\u2019adresse \u00e0 un large public francophone et couvre l\u2019information tunisienne en temps r\u00e9el.","email":"redac@webdo.tn","legalName":"YNJ SARL","foundingDate":"2010-09-06","numberOfEmployees":{"@type":"QuantitativeValue","minValue":"11","maxValue":"50"}},{"@type":"Person","@id":"https:\/\/www.webdo.tn\/fr\/#\/schema\/person\/1f4e491e0907b413d61089e8eb573acc","name":"Webdo","image":{"@type":"ImageObject","inLanguage":"fr-FR","@id":"https:\/\/secure.gravatar.com\/avatar\/de97aeec1bb80978a9dbb127e47dfc88aaacb2f3c29aac907d8d3222e3495d49?s=96&d=mm&r=g","url":"https:\/\/secure.gravatar.com\/avatar\/de97aeec1bb80978a9dbb127e47dfc88aaacb2f3c29aac907d8d3222e3495d49?s=96&d=mm&r=g","contentUrl":"https:\/\/secure.gravatar.com\/avatar\/de97aeec1bb80978a9dbb127e47dfc88aaacb2f3c29aac907d8d3222e3495d49?s=96&d=mm&r=g","caption":"Webdo"},"url":"https:\/\/www.webdo.tn\/fr\/actualite\/author\/webdo\/"}]}},"_links":{"self":[{"href":"https:\/\/www.webdo.tn\/fr\/wp-json\/wp\/v2\/posts\/208270","targetHints":{"allow":["GET"]}}],"collection":[{"href":"https:\/\/www.webdo.tn\/fr\/wp-json\/wp\/v2\/posts"}],"about":[{"href":"https:\/\/www.webdo.tn\/fr\/wp-json\/wp\/v2\/types\/post"}],"author":[{"embeddable":true,"href":"https:\/\/www.webdo.tn\/fr\/wp-json\/wp\/v2\/users\/3169"}],"replies":[{"embeddable":true,"href":"https:\/\/www.webdo.tn\/fr\/wp-json\/wp\/v2\/comments?post=208270"}],"version-history":[{"count":0,"href":"https:\/\/www.webdo.tn\/fr\/wp-json\/wp\/v2\/posts\/208270\/revisions"}],"wp:featuredmedia":[{"embeddable":true,"href":"https:\/\/www.webdo.tn\/fr\/wp-json\/wp\/v2\/media\/278674"}],"wp:attachment":[{"href":"https:\/\/www.webdo.tn\/fr\/wp-json\/wp\/v2\/media?parent=208270"}],"wp:term":[{"taxonomy":"category","embeddable":true,"href":"https:\/\/www.webdo.tn\/fr\/wp-json\/wp\/v2\/categories?post=208270"},{"taxonomy":"post_tag","embeddable":true,"href":"https:\/\/www.webdo.tn\/fr\/wp-json\/wp\/v2\/tags?post=208270"}],"curies":[{"name":"wp","href":"https:\/\/api.w.org\/{rel}","templated":true}]}}