{"id":208261,"date":"2023-08-29T13:10:00","date_gmt":"2023-08-29T13:10:00","guid":{"rendered":"https:\/\/www.webdo.tn\/fr\/blog\/tunisie-pluies-et-chutes-de-grele-attendues\/208261\/"},"modified":"2025-05-20T21:57:47","modified_gmt":"2025-05-20T21:57:47","slug":"tunisie-pluies-et-chutes-de-grele-attendues","status":"publish","type":"post","link":"https:\/\/www.webdo.tn\/fr\/actualite\/national\/tunisie-pluies-et-chutes-de-grele-attendues\/208261\/","title":{"rendered":"Tunisie : Pluies et chutes de gr\u00eale attendues"},"content":{"rendered":"<p>L&rsquo;Institut national de la m\u00e9t\u00e9orologie (INM) pr\u00e9voit des pluies et des chutes de gr\u00eale \u00e0 partir d\u2019aujourd\u2019hui jusqu\u2019\u00e0 jeudi.<\/p>\n<p>\t\t\t\t\t\t\t\t\tL\u2019INM indique que le temps sera passag\u00e8rement nuageux, ce mardi 29 ao\u00fbt. Les nuages seront progressivement denses avec apparition de cellules orageuses accompagn\u00e9es de pluies localement intenses sur les r\u00e9gions de l&rsquo;extr\u00eame Nord, avec des chutes de gr\u00eale.<\/p>\n<p>Les temp\u00e9ratures maximales oscilleront entre 25 et 38 degr\u00e9s selon les r\u00e9gions alors que le vent soufflera relativement fort pr\u00e8s des c\u00f4tes.<\/p>\n<p>Demain, mercredi 30 ao\u00fbt, des cellules orageuses seront observ\u00e9es et seront accompagn\u00e9es de pluies dans les r\u00e9gions du centre-ouest et du sud du pays.<\/p>\n<p>De fortes pluies, accompagn\u00e9es de vents tr\u00e8s forts et de chutes de gr\u00eales, sont attendues \u00e0 Nabeul, Zaghouan, Sousse, Monastir, Mahdia et Kairouan et devraient atteindre 70mm.<\/p>\n<p>Le ph\u00e9nom\u00e8ne devrait se poursuivre, jeudi 31 ao\u00fbt dans l\u2019est et le sud du pays.<\/p>\n","protected":false},"excerpt":{"rendered":"<p>L&rsquo;Institut national de la m\u00e9t\u00e9orologie (INM) pr\u00e9voit des pluies et des chutes de gr\u00eale \u00e0 partir d\u2019aujourd\u2019hui jusqu\u2019\u00e0 jeudi.<\/p>\n","protected":false},"author":3162,"featured_media":249460,"comment_status":"open","ping_status":"closed","sticky":false,"template":"","format":"standard","meta":{"footnotes":""},"categories":[44],"tags":[2674,2670,2671,2608],"class_list":["post-208261","post","type-post","status-publish","format-standard","has-post-thumbnail","hentry","category-national","tag-grele","tag-meteo","tag-pluie","tag-tunisie"],"yoast_head":"<!-- This site is optimized with the Yoast SEO Premium plugin v27.5 (Yoast SEO v27.5) - https:\/\/yoast.com\/product\/yoast-seo-premium-wordpress\/ -->\n<title>Tunisie : Pluies et chutes de gr\u00eale attendues<\/title>\n<meta name=\"description\" content=\"L&#039;Institut national de la m\u00e9t\u00e9orologie (INM) pr\u00e9voit des pluies et des chutes de gr\u00eale \u00e0 partir d\u2019aujourd\u2019hui jusqu\u2019\u00e0 jeudi.\" \/>\n<link rel=\"canonical\" href=\"https:\/\/www.webdo.tn\/fr\/actualite\/national\/tunisie-pluies-et-chutes-de-grele-attendues\/208261\/\" \/>\n<meta property=\"og:locale\" content=\"fr_FR\" \/>\n<meta property=\"og:type\" content=\"article\" \/>\n<meta property=\"og:title\" content=\"Tunisie : Pluies et chutes de gr\u00eale attendues\" \/>\n<meta property=\"og:description\" content=\"L&#039;Institut national de la m\u00e9t\u00e9orologie (INM) pr\u00e9voit des pluies et des chutes de gr\u00eale \u00e0 partir d\u2019aujourd\u2019hui jusqu\u2019\u00e0 jeudi.\" \/>\n<meta property=\"og:url\" content=\"https:\/\/www.webdo.tn\/fr\/actualite\/national\/tunisie-pluies-et-chutes-de-grele-attendues\/208261\/\" \/>\n<meta property=\"og:site_name\" content=\"webdo\" \/>\n<meta property=\"article:publisher\" content=\"https:\/\/www.facebook.com\/webdotn\" \/>\n<meta property=\"article:published_time\" content=\"2023-08-29T13:10:00+00:00\" \/>\n<meta property=\"article:modified_time\" content=\"2025-05-20T21:57:47+00:00\" \/>\n<meta property=\"og:image\" content=\"https:\/\/www.webdo.tn\/fr\/wp-content\/uploads\/2023\/08\/ad1b708e62654f0b0ea2a58aa56257f6.jpg\" \/>\n\t<meta property=\"og:image:width\" content=\"750\" \/>\n\t<meta property=\"og:image:height\" content=\"400\" \/>\n\t<meta property=\"og:image:type\" content=\"image\/jpeg\" \/>\n<meta name=\"author\" content=\"MC\" \/>\n<meta name=\"twitter:card\" content=\"summary_large_image\" \/>\n<meta name=\"twitter:creator\" content=\"@webdo_tn\" \/>\n<meta name=\"twitter:site\" content=\"@webdo_tn\" \/>\n<meta name=\"twitter:label1\" content=\"\u00c9crit par\" \/>\n\t<meta name=\"twitter:data1\" content=\"MC\" \/>\n\t<meta name=\"twitter:label2\" content=\"Dur\u00e9e de lecture estim\u00e9e\" \/>\n\t<meta name=\"twitter:data2\" content=\"1 minute\" \/>\n<script type=\"application\/ld+json\" class=\"yoast-schema-graph\">{\"@context\":\"https:\\\/\\\/schema.org\",\"@graph\":[{\"@type\":\"NewsArticle\",\"@id\":\"https:\\\/\\\/www.webdo.tn\\\/fr\\\/actualite\\\/national\\\/tunisie-pluies-et-chutes-de-grele-attendues\\\/208261\\\/#article\",\"isPartOf\":{\"@id\":\"https:\\\/\\\/www.webdo.tn\\\/fr\\\/actualite\\\/national\\\/tunisie-pluies-et-chutes-de-grele-attendues\\\/208261\\\/\"},\"author\":{\"name\":\"MC\",\"@id\":\"https:\\\/\\\/www.webdo.tn\\\/fr\\\/#\\\/schema\\\/person\\\/2c4929cbf5a809e3bd38617c6ce150f6\"},\"headline\":\"Tunisie : Pluies et chutes de gr\u00eale attendues\",\"datePublished\":\"2023-08-29T13:10:00+00:00\",\"dateModified\":\"2025-05-20T21:57:47+00:00\",\"mainEntityOfPage\":{\"@id\":\"https:\\\/\\\/www.webdo.tn\\\/fr\\\/actualite\\\/national\\\/tunisie-pluies-et-chutes-de-grele-attendues\\\/208261\\\/\"},\"wordCount\":177,\"commentCount\":0,\"publisher\":{\"@id\":\"https:\\\/\\\/www.webdo.tn\\\/fr\\\/#organization\"},\"image\":{\"@id\":\"https:\\\/\\\/www.webdo.tn\\\/fr\\\/actualite\\\/national\\\/tunisie-pluies-et-chutes-de-grele-attendues\\\/208261\\\/#primaryimage\"},\"thumbnailUrl\":\"https:\\\/\\\/www.webdo.tn\\\/fr\\\/wp-content\\\/uploads\\\/2023\\\/08\\\/ad1b708e62654f0b0ea2a58aa56257f6.jpg\",\"keywords\":[\"gr\u00eale\",\"m\u00e9t\u00e9o\",\"Pluie\",\"Tunisie\"],\"articleSection\":[\"National\"],\"inLanguage\":\"fr-FR\"},{\"@type\":\"WebPage\",\"@id\":\"https:\\\/\\\/www.webdo.tn\\\/fr\\\/actualite\\\/national\\\/tunisie-pluies-et-chutes-de-grele-attendues\\\/208261\\\/\",\"url\":\"https:\\\/\\\/www.webdo.tn\\\/fr\\\/actualite\\\/national\\\/tunisie-pluies-et-chutes-de-grele-attendues\\\/208261\\\/\",\"name\":\"Tunisie : Pluies et chutes de gr\u00eale attendues\",\"isPartOf\":{\"@id\":\"https:\\\/\\\/www.webdo.tn\\\/fr\\\/#website\"},\"primaryImageOfPage\":{\"@id\":\"https:\\\/\\\/www.webdo.tn\\\/fr\\\/actualite\\\/national\\\/tunisie-pluies-et-chutes-de-grele-attendues\\\/208261\\\/#primaryimage\"},\"image\":{\"@id\":\"https:\\\/\\\/www.webdo.tn\\\/fr\\\/actualite\\\/national\\\/tunisie-pluies-et-chutes-de-grele-attendues\\\/208261\\\/#primaryimage\"},\"thumbnailUrl\":\"https:\\\/\\\/www.webdo.tn\\\/fr\\\/wp-content\\\/uploads\\\/2023\\\/08\\\/ad1b708e62654f0b0ea2a58aa56257f6.jpg\",\"datePublished\":\"2023-08-29T13:10:00+00:00\",\"dateModified\":\"2025-05-20T21:57:47+00:00\",\"description\":\"L'Institut national de la m\u00e9t\u00e9orologie (INM) pr\u00e9voit des pluies et des chutes de gr\u00eale \u00e0 partir d\u2019aujourd\u2019hui jusqu\u2019\u00e0 jeudi.\",\"breadcrumb\":{\"@id\":\"https:\\\/\\\/www.webdo.tn\\\/fr\\\/actualite\\\/national\\\/tunisie-pluies-et-chutes-de-grele-attendues\\\/208261\\\/#breadcrumb\"},\"inLanguage\":\"fr-FR\",\"potentialAction\":[{\"@type\":\"ReadAction\",\"target\":[\"https:\\\/\\\/www.webdo.tn\\\/fr\\\/actualite\\\/national\\\/tunisie-pluies-et-chutes-de-grele-attendues\\\/208261\\\/\"]}]},{\"@type\":\"ImageObject\",\"inLanguage\":\"fr-FR\",\"@id\":\"https:\\\/\\\/www.webdo.tn\\\/fr\\\/actualite\\\/national\\\/tunisie-pluies-et-chutes-de-grele-attendues\\\/208261\\\/#primaryimage\",\"url\":\"https:\\\/\\\/www.webdo.tn\\\/fr\\\/wp-content\\\/uploads\\\/2023\\\/08\\\/ad1b708e62654f0b0ea2a58aa56257f6.jpg\",\"contentUrl\":\"https:\\\/\\\/www.webdo.tn\\\/fr\\\/wp-content\\\/uploads\\\/2023\\\/08\\\/ad1b708e62654f0b0ea2a58aa56257f6.jpg\",\"width\":750,\"height\":400,\"caption\":\"Tunisie : Pluies et chutes de gr\u00eale attendues\"},{\"@type\":\"BreadcrumbList\",\"@id\":\"https:\\\/\\\/www.webdo.tn\\\/fr\\\/actualite\\\/national\\\/tunisie-pluies-et-chutes-de-grele-attendues\\\/208261\\\/#breadcrumb\",\"itemListElement\":[{\"@type\":\"ListItem\",\"position\":1,\"name\":\"Accueil\",\"item\":\"https:\\\/\\\/www.webdo.tn\\\/fr\\\/\"},{\"@type\":\"ListItem\",\"position\":2,\"name\":\"Tunisie : Pluies et chutes de gr\u00eale attendues\"}]},{\"@type\":\"WebSite\",\"@id\":\"https:\\\/\\\/www.webdo.tn\\\/fr\\\/#website\",\"url\":\"https:\\\/\\\/www.webdo.tn\\\/fr\\\/\",\"name\":\"webdo\",\"description\":\"Tunisie - News en Tunisie et \u00e0 l&#039;international sur Webdo.tn\",\"publisher\":{\"@id\":\"https:\\\/\\\/www.webdo.tn\\\/fr\\\/#organization\"},\"potentialAction\":[{\"@type\":\"SearchAction\",\"target\":{\"@type\":\"EntryPoint\",\"urlTemplate\":\"https:\\\/\\\/www.webdo.tn\\\/fr\\\/?s={search_term_string}\"},\"query-input\":{\"@type\":\"PropertyValueSpecification\",\"valueRequired\":true,\"valueName\":\"search_term_string\"}}],\"inLanguage\":\"fr-FR\"},{\"@type\":\"Organization\",\"@id\":\"https:\\\/\\\/www.webdo.tn\\\/fr\\\/#organization\",\"name\":\"Webdo\",\"alternateName\":\"Webdo.tn\",\"url\":\"https:\\\/\\\/www.webdo.tn\\\/fr\\\/\",\"logo\":{\"@type\":\"ImageObject\",\"inLanguage\":\"fr-FR\",\"@id\":\"https:\\\/\\\/www.webdo.tn\\\/fr\\\/#\\\/schema\\\/logo\\\/image\\\/\",\"url\":\"https:\\\/\\\/www.webdo.tn\\\/fr\\\/wp-content\\\/uploads\\\/2025\\\/06\\\/Webdo-Tunisie_168377.jpg\",\"contentUrl\":\"https:\\\/\\\/www.webdo.tn\\\/fr\\\/wp-content\\\/uploads\\\/2025\\\/06\\\/Webdo-Tunisie_168377.jpg\",\"width\":301,\"height\":301,\"caption\":\"Webdo\"},\"image\":{\"@id\":\"https:\\\/\\\/www.webdo.tn\\\/fr\\\/#\\\/schema\\\/logo\\\/image\\\/\"},\"sameAs\":[\"https:\\\/\\\/www.facebook.com\\\/webdotn\",\"https:\\\/\\\/x.com\\\/webdo_tn\"],\"description\":\"Webdo est un m\u00e9dia num\u00e9rique tunisien fond\u00e9 en 2010, sp\u00e9cialis\u00e9 dans l\u2019actualit\u00e9 nationale et internationale, l\u2019\u00e9conomie, la soci\u00e9t\u00e9 et les analyses politiques. Le site s\u2019adresse \u00e0 un large public francophone et couvre l\u2019information tunisienne en temps r\u00e9el.\",\"email\":\"redac@webdo.tn\",\"legalName\":\"YNJ SARL\",\"foundingDate\":\"2010-09-06\",\"numberOfEmployees\":{\"@type\":\"QuantitativeValue\",\"minValue\":\"11\",\"maxValue\":\"50\"}},{\"@type\":\"Person\",\"@id\":\"https:\\\/\\\/www.webdo.tn\\\/fr\\\/#\\\/schema\\\/person\\\/2c4929cbf5a809e3bd38617c6ce150f6\",\"name\":\"MC\",\"image\":{\"@type\":\"ImageObject\",\"inLanguage\":\"fr-FR\",\"@id\":\"https:\\\/\\\/secure.gravatar.com\\\/avatar\\\/a545bbb6f84efdd5553dbbc2895e3ca8f1d12c5215e00a041c9670b54aa9b18a?s=96&d=mm&r=g\",\"url\":\"https:\\\/\\\/secure.gravatar.com\\\/avatar\\\/a545bbb6f84efdd5553dbbc2895e3ca8f1d12c5215e00a041c9670b54aa9b18a?s=96&d=mm&r=g\",\"contentUrl\":\"https:\\\/\\\/secure.gravatar.com\\\/avatar\\\/a545bbb6f84efdd5553dbbc2895e3ca8f1d12c5215e00a041c9670b54aa9b18a?s=96&d=mm&r=g\",\"caption\":\"MC\"},\"url\":\"https:\\\/\\\/www.webdo.tn\\\/fr\\\/actualite\\\/author\\\/mc\\\/\"}]}<\/script>\n<!-- \/ Yoast SEO Premium plugin. -->","yoast_head_json":{"title":"Tunisie : Pluies et chutes de gr\u00eale attendues","description":"L'Institut national de la m\u00e9t\u00e9orologie (INM) pr\u00e9voit des pluies et des chutes de gr\u00eale \u00e0 partir d\u2019aujourd\u2019hui jusqu\u2019\u00e0 jeudi.","canonical":"https:\/\/www.webdo.tn\/fr\/actualite\/national\/tunisie-pluies-et-chutes-de-grele-attendues\/208261\/","og_locale":"fr_FR","og_type":"article","og_title":"Tunisie : Pluies et chutes de gr\u00eale attendues","og_description":"L'Institut national de la m\u00e9t\u00e9orologie (INM) pr\u00e9voit des pluies et des chutes de gr\u00eale \u00e0 partir d\u2019aujourd\u2019hui jusqu\u2019\u00e0 jeudi.","og_url":"https:\/\/www.webdo.tn\/fr\/actualite\/national\/tunisie-pluies-et-chutes-de-grele-attendues\/208261\/","og_site_name":"webdo","article_publisher":"https:\/\/www.facebook.com\/webdotn","article_published_time":"2023-08-29T13:10:00+00:00","article_modified_time":"2025-05-20T21:57:47+00:00","og_image":[{"width":750,"height":400,"url":"https:\/\/www.webdo.tn\/fr\/wp-content\/uploads\/2023\/08\/ad1b708e62654f0b0ea2a58aa56257f6.jpg","type":"image\/jpeg"}],"author":"MC","twitter_card":"summary_large_image","twitter_creator":"@webdo_tn","twitter_site":"@webdo_tn","twitter_misc":{"\u00c9crit par":"MC","Dur\u00e9e de lecture estim\u00e9e":"1 minute"},"schema":{"@context":"https:\/\/schema.org","@graph":[{"@type":"NewsArticle","@id":"https:\/\/www.webdo.tn\/fr\/actualite\/national\/tunisie-pluies-et-chutes-de-grele-attendues\/208261\/#article","isPartOf":{"@id":"https:\/\/www.webdo.tn\/fr\/actualite\/national\/tunisie-pluies-et-chutes-de-grele-attendues\/208261\/"},"author":{"name":"MC","@id":"https:\/\/www.webdo.tn\/fr\/#\/schema\/person\/2c4929cbf5a809e3bd38617c6ce150f6"},"headline":"Tunisie : Pluies et chutes de gr\u00eale attendues","datePublished":"2023-08-29T13:10:00+00:00","dateModified":"2025-05-20T21:57:47+00:00","mainEntityOfPage":{"@id":"https:\/\/www.webdo.tn\/fr\/actualite\/national\/tunisie-pluies-et-chutes-de-grele-attendues\/208261\/"},"wordCount":177,"commentCount":0,"publisher":{"@id":"https:\/\/www.webdo.tn\/fr\/#organization"},"image":{"@id":"https:\/\/www.webdo.tn\/fr\/actualite\/national\/tunisie-pluies-et-chutes-de-grele-attendues\/208261\/#primaryimage"},"thumbnailUrl":"https:\/\/www.webdo.tn\/fr\/wp-content\/uploads\/2023\/08\/ad1b708e62654f0b0ea2a58aa56257f6.jpg","keywords":["gr\u00eale","m\u00e9t\u00e9o","Pluie","Tunisie"],"articleSection":["National"],"inLanguage":"fr-FR"},{"@type":"WebPage","@id":"https:\/\/www.webdo.tn\/fr\/actualite\/national\/tunisie-pluies-et-chutes-de-grele-attendues\/208261\/","url":"https:\/\/www.webdo.tn\/fr\/actualite\/national\/tunisie-pluies-et-chutes-de-grele-attendues\/208261\/","name":"Tunisie : Pluies et chutes de gr\u00eale attendues","isPartOf":{"@id":"https:\/\/www.webdo.tn\/fr\/#website"},"primaryImageOfPage":{"@id":"https:\/\/www.webdo.tn\/fr\/actualite\/national\/tunisie-pluies-et-chutes-de-grele-attendues\/208261\/#primaryimage"},"image":{"@id":"https:\/\/www.webdo.tn\/fr\/actualite\/national\/tunisie-pluies-et-chutes-de-grele-attendues\/208261\/#primaryimage"},"thumbnailUrl":"https:\/\/www.webdo.tn\/fr\/wp-content\/uploads\/2023\/08\/ad1b708e62654f0b0ea2a58aa56257f6.jpg","datePublished":"2023-08-29T13:10:00+00:00","dateModified":"2025-05-20T21:57:47+00:00","description":"L'Institut national de la m\u00e9t\u00e9orologie (INM) pr\u00e9voit des pluies et des chutes de gr\u00eale \u00e0 partir d\u2019aujourd\u2019hui jusqu\u2019\u00e0 jeudi.","breadcrumb":{"@id":"https:\/\/www.webdo.tn\/fr\/actualite\/national\/tunisie-pluies-et-chutes-de-grele-attendues\/208261\/#breadcrumb"},"inLanguage":"fr-FR","potentialAction":[{"@type":"ReadAction","target":["https:\/\/www.webdo.tn\/fr\/actualite\/national\/tunisie-pluies-et-chutes-de-grele-attendues\/208261\/"]}]},{"@type":"ImageObject","inLanguage":"fr-FR","@id":"https:\/\/www.webdo.tn\/fr\/actualite\/national\/tunisie-pluies-et-chutes-de-grele-attendues\/208261\/#primaryimage","url":"https:\/\/www.webdo.tn\/fr\/wp-content\/uploads\/2023\/08\/ad1b708e62654f0b0ea2a58aa56257f6.jpg","contentUrl":"https:\/\/www.webdo.tn\/fr\/wp-content\/uploads\/2023\/08\/ad1b708e62654f0b0ea2a58aa56257f6.jpg","width":750,"height":400,"caption":"Tunisie : Pluies et chutes de gr\u00eale attendues"},{"@type":"BreadcrumbList","@id":"https:\/\/www.webdo.tn\/fr\/actualite\/national\/tunisie-pluies-et-chutes-de-grele-attendues\/208261\/#breadcrumb","itemListElement":[{"@type":"ListItem","position":1,"name":"Accueil","item":"https:\/\/www.webdo.tn\/fr\/"},{"@type":"ListItem","position":2,"name":"Tunisie : Pluies et chutes de gr\u00eale attendues"}]},{"@type":"WebSite","@id":"https:\/\/www.webdo.tn\/fr\/#website","url":"https:\/\/www.webdo.tn\/fr\/","name":"webdo","description":"Tunisie - News en Tunisie et \u00e0 l&#039;international sur Webdo.tn","publisher":{"@id":"https:\/\/www.webdo.tn\/fr\/#organization"},"potentialAction":[{"@type":"SearchAction","target":{"@type":"EntryPoint","urlTemplate":"https:\/\/www.webdo.tn\/fr\/?s={search_term_string}"},"query-input":{"@type":"PropertyValueSpecification","valueRequired":true,"valueName":"search_term_string"}}],"inLanguage":"fr-FR"},{"@type":"Organization","@id":"https:\/\/www.webdo.tn\/fr\/#organization","name":"Webdo","alternateName":"Webdo.tn","url":"https:\/\/www.webdo.tn\/fr\/","logo":{"@type":"ImageObject","inLanguage":"fr-FR","@id":"https:\/\/www.webdo.tn\/fr\/#\/schema\/logo\/image\/","url":"https:\/\/www.webdo.tn\/fr\/wp-content\/uploads\/2025\/06\/Webdo-Tunisie_168377.jpg","contentUrl":"https:\/\/www.webdo.tn\/fr\/wp-content\/uploads\/2025\/06\/Webdo-Tunisie_168377.jpg","width":301,"height":301,"caption":"Webdo"},"image":{"@id":"https:\/\/www.webdo.tn\/fr\/#\/schema\/logo\/image\/"},"sameAs":["https:\/\/www.facebook.com\/webdotn","https:\/\/x.com\/webdo_tn"],"description":"Webdo est un m\u00e9dia num\u00e9rique tunisien fond\u00e9 en 2010, sp\u00e9cialis\u00e9 dans l\u2019actualit\u00e9 nationale et internationale, l\u2019\u00e9conomie, la soci\u00e9t\u00e9 et les analyses politiques. Le site s\u2019adresse \u00e0 un large public francophone et couvre l\u2019information tunisienne en temps r\u00e9el.","email":"redac@webdo.tn","legalName":"YNJ SARL","foundingDate":"2010-09-06","numberOfEmployees":{"@type":"QuantitativeValue","minValue":"11","maxValue":"50"}},{"@type":"Person","@id":"https:\/\/www.webdo.tn\/fr\/#\/schema\/person\/2c4929cbf5a809e3bd38617c6ce150f6","name":"MC","image":{"@type":"ImageObject","inLanguage":"fr-FR","@id":"https:\/\/secure.gravatar.com\/avatar\/a545bbb6f84efdd5553dbbc2895e3ca8f1d12c5215e00a041c9670b54aa9b18a?s=96&d=mm&r=g","url":"https:\/\/secure.gravatar.com\/avatar\/a545bbb6f84efdd5553dbbc2895e3ca8f1d12c5215e00a041c9670b54aa9b18a?s=96&d=mm&r=g","contentUrl":"https:\/\/secure.gravatar.com\/avatar\/a545bbb6f84efdd5553dbbc2895e3ca8f1d12c5215e00a041c9670b54aa9b18a?s=96&d=mm&r=g","caption":"MC"},"url":"https:\/\/www.webdo.tn\/fr\/actualite\/author\/mc\/"}]}},"_links":{"self":[{"href":"https:\/\/www.webdo.tn\/fr\/wp-json\/wp\/v2\/posts\/208261","targetHints":{"allow":["GET"]}}],"collection":[{"href":"https:\/\/www.webdo.tn\/fr\/wp-json\/wp\/v2\/posts"}],"about":[{"href":"https:\/\/www.webdo.tn\/fr\/wp-json\/wp\/v2\/types\/post"}],"author":[{"embeddable":true,"href":"https:\/\/www.webdo.tn\/fr\/wp-json\/wp\/v2\/users\/3162"}],"replies":[{"embeddable":true,"href":"https:\/\/www.webdo.tn\/fr\/wp-json\/wp\/v2\/comments?post=208261"}],"version-history":[{"count":0,"href":"https:\/\/www.webdo.tn\/fr\/wp-json\/wp\/v2\/posts\/208261\/revisions"}],"wp:featuredmedia":[{"embeddable":true,"href":"https:\/\/www.webdo.tn\/fr\/wp-json\/wp\/v2\/media\/249460"}],"wp:attachment":[{"href":"https:\/\/www.webdo.tn\/fr\/wp-json\/wp\/v2\/media?parent=208261"}],"wp:term":[{"taxonomy":"category","embeddable":true,"href":"https:\/\/www.webdo.tn\/fr\/wp-json\/wp\/v2\/categories?post=208261"},{"taxonomy":"post_tag","embeddable":true,"href":"https:\/\/www.webdo.tn\/fr\/wp-json\/wp\/v2\/tags?post=208261"}],"curies":[{"name":"wp","href":"https:\/\/api.w.org\/{rel}","templated":true}]}}