{"id":208248,"date":"2023-08-28T19:59:00","date_gmt":"2023-08-28T19:59:00","guid":{"rendered":"https:\/\/www.webdo.tn\/fr\/blog\/report-de-la-greve-des-transporteurs-des-hydrocarbures\/208248\/"},"modified":"2023-08-28T19:59:00","modified_gmt":"2023-08-28T19:59:00","slug":"report-de-la-greve-des-transporteurs-des-hydrocarbures","status":"publish","type":"post","link":"https:\/\/www.webdo.tn\/fr\/actualite\/national\/report-de-la-greve-des-transporteurs-des-hydrocarbures\/208248\/","title":{"rendered":"Report de la gr\u00e8ve des transporteurs des hydrocarbures"},"content":{"rendered":"<p>La gr\u00e8ve dans le secteur des carburants a \u00e9t\u00e9 report\u00e9e aux 14 et 15 septembre 2023, suite \u00e0 une r\u00e9union du Comit\u00e9 central de r\u00e9conciliation au si\u00e8ge de l&rsquo;administration g\u00e9n\u00e9rale des conflits du travail, selon Mosaique FM.<\/p>\n<p>\t\t\t\t\t\t\t\t\tIl est \u00e0 rappeler que le 22 ao\u00fbt dernier, un pr\u00e9avis de gr\u00e8ve, pour les 31 ao\u00fbt et 1er septembre 2023, a \u00e9t\u00e9 \u00e9mis par la F\u00e9d\u00e9ration g\u00e9n\u00e9rale du p\u00e9trole et des produits chimiques relevant de l\u2019Union g\u00e9n\u00e9rale tunisienne du travail (UGTT) et sign\u00e9 par son secr\u00e9taire g\u00e9n\u00e9ral Salouen Smiri.<\/p>\n<p>La\u00a0r\u00e9union du Comit\u00e9 central de r\u00e9conciliation a vu les parties administrative et syndicale convenir de poursuivre leurs consultations sur les points \u00e9voqu\u00e9s dans le pr\u00e9avis\u00a0de gr\u00e8ve dans le cadre d&rsquo;une s\u00e9ance de travail qui se tiendra le 6 septembre 2023.<\/p>\n<p>Le syndicat proteste contre la non-application du PV du 17 f\u00e9vrier 2023, relatif notamment \u00e0 l\u2019augmentation salariale des agents du secteur de transport des carburants et la mise en place d\u2019une convention sectorielle d\u00e9di\u00e9e.<\/p>\n","protected":false},"excerpt":{"rendered":"<p>La gr\u00e8ve dans le secteur des carburants a \u00e9t\u00e9 report\u00e9e aux 14 et 15 septembre 2023, suite \u00e0 une r\u00e9union du Comit\u00e9 central de r\u00e9conciliation au si\u00e8ge de l&rsquo;admini&#8230;<\/p>\n","protected":false},"author":3169,"featured_media":249458,"comment_status":"open","ping_status":"closed","sticky":false,"template":"","format":"standard","meta":{"footnotes":""},"categories":[44],"tags":[6716,2647,4084,2680,2608],"class_list":["post-208248","post","type-post","status-publish","format-standard","has-post-thumbnail","hentry","category-national","tag-carburants","tag-greve","tag-hydrocarbures","tag-report","tag-tunisie"],"yoast_head":"<!-- This site is optimized with the Yoast SEO Premium plugin v27.4 (Yoast SEO v27.5) - https:\/\/yoast.com\/product\/yoast-seo-premium-wordpress\/ -->\n<title>Report de la gr\u00e8ve des transporteurs des hydrocarbures<\/title>\n<meta name=\"description\" content=\"La gr\u00e8ve dans le secteur des carburants a \u00e9t\u00e9 report\u00e9e aux 14 et 15 septembre 2023, suite \u00e0 une r\u00e9union du Comit\u00e9 central de r\u00e9conciliation au si\u00e8ge de l&#039;admini...\" \/>\n<link rel=\"canonical\" href=\"https:\/\/www.webdo.tn\/fr\/actualite\/national\/report-de-la-greve-des-transporteurs-des-hydrocarbures\/208248\/\" \/>\n<meta property=\"og:locale\" content=\"fr_FR\" \/>\n<meta property=\"og:type\" content=\"article\" \/>\n<meta property=\"og:title\" content=\"Report de la gr\u00e8ve des transporteurs des hydrocarbures\" \/>\n<meta property=\"og:description\" content=\"La gr\u00e8ve dans le secteur des carburants a \u00e9t\u00e9 report\u00e9e aux 14 et 15 septembre 2023, suite \u00e0 une r\u00e9union du Comit\u00e9 central de r\u00e9conciliation au si\u00e8ge de l&#039;admini...\" \/>\n<meta property=\"og:url\" content=\"https:\/\/www.webdo.tn\/fr\/actualite\/national\/report-de-la-greve-des-transporteurs-des-hydrocarbures\/208248\/\" \/>\n<meta property=\"og:site_name\" content=\"webdo\" \/>\n<meta property=\"article:publisher\" content=\"https:\/\/www.facebook.com\/webdotn\" \/>\n<meta property=\"article:published_time\" content=\"2023-08-28T19:59:00+00:00\" \/>\n<meta property=\"og:image\" content=\"https:\/\/www.webdo.tn\/fr\/wp-content\/uploads\/2023\/08\/546f1d7185e11a30ddbc580cf0aacb8c.jpeg\" \/>\n\t<meta property=\"og:image:width\" content=\"750\" \/>\n\t<meta property=\"og:image:height\" content=\"400\" \/>\n\t<meta property=\"og:image:type\" content=\"image\/jpeg\" \/>\n<meta name=\"author\" content=\"Webdo\" \/>\n<meta name=\"twitter:card\" content=\"summary_large_image\" \/>\n<meta name=\"twitter:creator\" content=\"@webdo_tn\" \/>\n<meta name=\"twitter:site\" content=\"@webdo_tn\" \/>\n<meta name=\"twitter:label1\" content=\"\u00c9crit par\" \/>\n\t<meta name=\"twitter:data1\" content=\"Webdo\" \/>\n\t<meta name=\"twitter:label2\" content=\"Dur\u00e9e de lecture estim\u00e9e\" \/>\n\t<meta name=\"twitter:data2\" content=\"1 minute\" \/>\n<script type=\"application\/ld+json\" class=\"yoast-schema-graph\">{\"@context\":\"https:\\\/\\\/schema.org\",\"@graph\":[{\"@type\":\"NewsArticle\",\"@id\":\"https:\\\/\\\/www.webdo.tn\\\/fr\\\/actualite\\\/national\\\/report-de-la-greve-des-transporteurs-des-hydrocarbures\\\/208248\\\/#article\",\"isPartOf\":{\"@id\":\"https:\\\/\\\/www.webdo.tn\\\/fr\\\/actualite\\\/national\\\/report-de-la-greve-des-transporteurs-des-hydrocarbures\\\/208248\\\/\"},\"author\":{\"name\":\"Webdo\",\"@id\":\"https:\\\/\\\/www.webdo.tn\\\/fr\\\/#\\\/schema\\\/person\\\/1f4e491e0907b413d61089e8eb573acc\"},\"headline\":\"Report de la gr\u00e8ve des transporteurs des hydrocarbures\",\"datePublished\":\"2023-08-28T19:59:00+00:00\",\"mainEntityOfPage\":{\"@id\":\"https:\\\/\\\/www.webdo.tn\\\/fr\\\/actualite\\\/national\\\/report-de-la-greve-des-transporteurs-des-hydrocarbures\\\/208248\\\/\"},\"wordCount\":194,\"commentCount\":0,\"publisher\":{\"@id\":\"https:\\\/\\\/www.webdo.tn\\\/fr\\\/#organization\"},\"image\":{\"@id\":\"https:\\\/\\\/www.webdo.tn\\\/fr\\\/actualite\\\/national\\\/report-de-la-greve-des-transporteurs-des-hydrocarbures\\\/208248\\\/#primaryimage\"},\"thumbnailUrl\":\"https:\\\/\\\/www.webdo.tn\\\/fr\\\/wp-content\\\/uploads\\\/2023\\\/08\\\/546f1d7185e11a30ddbc580cf0aacb8c.jpeg\",\"keywords\":[\"carburants\",\"Gr\u00e8ve\",\"hydrocarbures\",\"report\",\"Tunisie\"],\"articleSection\":[\"National\"],\"inLanguage\":\"fr-FR\"},{\"@type\":\"WebPage\",\"@id\":\"https:\\\/\\\/www.webdo.tn\\\/fr\\\/actualite\\\/national\\\/report-de-la-greve-des-transporteurs-des-hydrocarbures\\\/208248\\\/\",\"url\":\"https:\\\/\\\/www.webdo.tn\\\/fr\\\/actualite\\\/national\\\/report-de-la-greve-des-transporteurs-des-hydrocarbures\\\/208248\\\/\",\"name\":\"Report de la gr\u00e8ve des transporteurs des hydrocarbures\",\"isPartOf\":{\"@id\":\"https:\\\/\\\/www.webdo.tn\\\/fr\\\/#website\"},\"primaryImageOfPage\":{\"@id\":\"https:\\\/\\\/www.webdo.tn\\\/fr\\\/actualite\\\/national\\\/report-de-la-greve-des-transporteurs-des-hydrocarbures\\\/208248\\\/#primaryimage\"},\"image\":{\"@id\":\"https:\\\/\\\/www.webdo.tn\\\/fr\\\/actualite\\\/national\\\/report-de-la-greve-des-transporteurs-des-hydrocarbures\\\/208248\\\/#primaryimage\"},\"thumbnailUrl\":\"https:\\\/\\\/www.webdo.tn\\\/fr\\\/wp-content\\\/uploads\\\/2023\\\/08\\\/546f1d7185e11a30ddbc580cf0aacb8c.jpeg\",\"datePublished\":\"2023-08-28T19:59:00+00:00\",\"description\":\"La gr\u00e8ve dans le secteur des carburants a \u00e9t\u00e9 report\u00e9e aux 14 et 15 septembre 2023, suite \u00e0 une r\u00e9union du Comit\u00e9 central de r\u00e9conciliation au si\u00e8ge de l'admini...\",\"breadcrumb\":{\"@id\":\"https:\\\/\\\/www.webdo.tn\\\/fr\\\/actualite\\\/national\\\/report-de-la-greve-des-transporteurs-des-hydrocarbures\\\/208248\\\/#breadcrumb\"},\"inLanguage\":\"fr-FR\",\"potentialAction\":[{\"@type\":\"ReadAction\",\"target\":[\"https:\\\/\\\/www.webdo.tn\\\/fr\\\/actualite\\\/national\\\/report-de-la-greve-des-transporteurs-des-hydrocarbures\\\/208248\\\/\"]}]},{\"@type\":\"ImageObject\",\"inLanguage\":\"fr-FR\",\"@id\":\"https:\\\/\\\/www.webdo.tn\\\/fr\\\/actualite\\\/national\\\/report-de-la-greve-des-transporteurs-des-hydrocarbures\\\/208248\\\/#primaryimage\",\"url\":\"https:\\\/\\\/www.webdo.tn\\\/fr\\\/wp-content\\\/uploads\\\/2023\\\/08\\\/546f1d7185e11a30ddbc580cf0aacb8c.jpeg\",\"contentUrl\":\"https:\\\/\\\/www.webdo.tn\\\/fr\\\/wp-content\\\/uploads\\\/2023\\\/08\\\/546f1d7185e11a30ddbc580cf0aacb8c.jpeg\",\"width\":750,\"height\":400,\"caption\":\"Report de la gr\u00e8ve des transporteurs des hydrocarbures\"},{\"@type\":\"BreadcrumbList\",\"@id\":\"https:\\\/\\\/www.webdo.tn\\\/fr\\\/actualite\\\/national\\\/report-de-la-greve-des-transporteurs-des-hydrocarbures\\\/208248\\\/#breadcrumb\",\"itemListElement\":[{\"@type\":\"ListItem\",\"position\":1,\"name\":\"Accueil\",\"item\":\"https:\\\/\\\/www.webdo.tn\\\/fr\\\/\"},{\"@type\":\"ListItem\",\"position\":2,\"name\":\"Report de la gr\u00e8ve des transporteurs des hydrocarbures\"}]},{\"@type\":\"WebSite\",\"@id\":\"https:\\\/\\\/www.webdo.tn\\\/fr\\\/#website\",\"url\":\"https:\\\/\\\/www.webdo.tn\\\/fr\\\/\",\"name\":\"webdo\",\"description\":\"Tunisie - News en Tunisie et \u00e0 l&#039;international sur Webdo.tn\",\"publisher\":{\"@id\":\"https:\\\/\\\/www.webdo.tn\\\/fr\\\/#organization\"},\"potentialAction\":[{\"@type\":\"SearchAction\",\"target\":{\"@type\":\"EntryPoint\",\"urlTemplate\":\"https:\\\/\\\/www.webdo.tn\\\/fr\\\/?s={search_term_string}\"},\"query-input\":{\"@type\":\"PropertyValueSpecification\",\"valueRequired\":true,\"valueName\":\"search_term_string\"}}],\"inLanguage\":\"fr-FR\"},{\"@type\":\"Organization\",\"@id\":\"https:\\\/\\\/www.webdo.tn\\\/fr\\\/#organization\",\"name\":\"Webdo\",\"alternateName\":\"Webdo.tn\",\"url\":\"https:\\\/\\\/www.webdo.tn\\\/fr\\\/\",\"logo\":{\"@type\":\"ImageObject\",\"inLanguage\":\"fr-FR\",\"@id\":\"https:\\\/\\\/www.webdo.tn\\\/fr\\\/#\\\/schema\\\/logo\\\/image\\\/\",\"url\":\"https:\\\/\\\/www.webdo.tn\\\/fr\\\/wp-content\\\/uploads\\\/2025\\\/06\\\/Webdo-Tunisie_168377.jpg\",\"contentUrl\":\"https:\\\/\\\/www.webdo.tn\\\/fr\\\/wp-content\\\/uploads\\\/2025\\\/06\\\/Webdo-Tunisie_168377.jpg\",\"width\":301,\"height\":301,\"caption\":\"Webdo\"},\"image\":{\"@id\":\"https:\\\/\\\/www.webdo.tn\\\/fr\\\/#\\\/schema\\\/logo\\\/image\\\/\"},\"sameAs\":[\"https:\\\/\\\/www.facebook.com\\\/webdotn\",\"https:\\\/\\\/x.com\\\/webdo_tn\"],\"description\":\"Webdo est un m\u00e9dia num\u00e9rique tunisien fond\u00e9 en 2010, sp\u00e9cialis\u00e9 dans l\u2019actualit\u00e9 nationale et internationale, l\u2019\u00e9conomie, la soci\u00e9t\u00e9 et les analyses politiques. Le site s\u2019adresse \u00e0 un large public francophone et couvre l\u2019information tunisienne en temps r\u00e9el.\",\"email\":\"redac@webdo.tn\",\"legalName\":\"YNJ SARL\",\"foundingDate\":\"2010-09-06\",\"numberOfEmployees\":{\"@type\":\"QuantitativeValue\",\"minValue\":\"11\",\"maxValue\":\"50\"}},{\"@type\":\"Person\",\"@id\":\"https:\\\/\\\/www.webdo.tn\\\/fr\\\/#\\\/schema\\\/person\\\/1f4e491e0907b413d61089e8eb573acc\",\"name\":\"Webdo\",\"image\":{\"@type\":\"ImageObject\",\"inLanguage\":\"fr-FR\",\"@id\":\"https:\\\/\\\/secure.gravatar.com\\\/avatar\\\/de97aeec1bb80978a9dbb127e47dfc88aaacb2f3c29aac907d8d3222e3495d49?s=96&d=mm&r=g\",\"url\":\"https:\\\/\\\/secure.gravatar.com\\\/avatar\\\/de97aeec1bb80978a9dbb127e47dfc88aaacb2f3c29aac907d8d3222e3495d49?s=96&d=mm&r=g\",\"contentUrl\":\"https:\\\/\\\/secure.gravatar.com\\\/avatar\\\/de97aeec1bb80978a9dbb127e47dfc88aaacb2f3c29aac907d8d3222e3495d49?s=96&d=mm&r=g\",\"caption\":\"Webdo\"},\"url\":\"https:\\\/\\\/www.webdo.tn\\\/fr\\\/actualite\\\/author\\\/webdo\\\/\"}]}<\/script>\n<!-- \/ Yoast SEO Premium plugin. -->","yoast_head_json":{"title":"Report de la gr\u00e8ve des transporteurs des hydrocarbures","description":"La gr\u00e8ve dans le secteur des carburants a \u00e9t\u00e9 report\u00e9e aux 14 et 15 septembre 2023, suite \u00e0 une r\u00e9union du Comit\u00e9 central de r\u00e9conciliation au si\u00e8ge de l'admini...","canonical":"https:\/\/www.webdo.tn\/fr\/actualite\/national\/report-de-la-greve-des-transporteurs-des-hydrocarbures\/208248\/","og_locale":"fr_FR","og_type":"article","og_title":"Report de la gr\u00e8ve des transporteurs des hydrocarbures","og_description":"La gr\u00e8ve dans le secteur des carburants a \u00e9t\u00e9 report\u00e9e aux 14 et 15 septembre 2023, suite \u00e0 une r\u00e9union du Comit\u00e9 central de r\u00e9conciliation au si\u00e8ge de l'admini...","og_url":"https:\/\/www.webdo.tn\/fr\/actualite\/national\/report-de-la-greve-des-transporteurs-des-hydrocarbures\/208248\/","og_site_name":"webdo","article_publisher":"https:\/\/www.facebook.com\/webdotn","article_published_time":"2023-08-28T19:59:00+00:00","og_image":[{"width":750,"height":400,"url":"https:\/\/www.webdo.tn\/fr\/wp-content\/uploads\/2023\/08\/546f1d7185e11a30ddbc580cf0aacb8c.jpeg","type":"image\/jpeg"}],"author":"Webdo","twitter_card":"summary_large_image","twitter_creator":"@webdo_tn","twitter_site":"@webdo_tn","twitter_misc":{"\u00c9crit par":"Webdo","Dur\u00e9e de lecture estim\u00e9e":"1 minute"},"schema":{"@context":"https:\/\/schema.org","@graph":[{"@type":"NewsArticle","@id":"https:\/\/www.webdo.tn\/fr\/actualite\/national\/report-de-la-greve-des-transporteurs-des-hydrocarbures\/208248\/#article","isPartOf":{"@id":"https:\/\/www.webdo.tn\/fr\/actualite\/national\/report-de-la-greve-des-transporteurs-des-hydrocarbures\/208248\/"},"author":{"name":"Webdo","@id":"https:\/\/www.webdo.tn\/fr\/#\/schema\/person\/1f4e491e0907b413d61089e8eb573acc"},"headline":"Report de la gr\u00e8ve des transporteurs des hydrocarbures","datePublished":"2023-08-28T19:59:00+00:00","mainEntityOfPage":{"@id":"https:\/\/www.webdo.tn\/fr\/actualite\/national\/report-de-la-greve-des-transporteurs-des-hydrocarbures\/208248\/"},"wordCount":194,"commentCount":0,"publisher":{"@id":"https:\/\/www.webdo.tn\/fr\/#organization"},"image":{"@id":"https:\/\/www.webdo.tn\/fr\/actualite\/national\/report-de-la-greve-des-transporteurs-des-hydrocarbures\/208248\/#primaryimage"},"thumbnailUrl":"https:\/\/www.webdo.tn\/fr\/wp-content\/uploads\/2023\/08\/546f1d7185e11a30ddbc580cf0aacb8c.jpeg","keywords":["carburants","Gr\u00e8ve","hydrocarbures","report","Tunisie"],"articleSection":["National"],"inLanguage":"fr-FR"},{"@type":"WebPage","@id":"https:\/\/www.webdo.tn\/fr\/actualite\/national\/report-de-la-greve-des-transporteurs-des-hydrocarbures\/208248\/","url":"https:\/\/www.webdo.tn\/fr\/actualite\/national\/report-de-la-greve-des-transporteurs-des-hydrocarbures\/208248\/","name":"Report de la gr\u00e8ve des transporteurs des hydrocarbures","isPartOf":{"@id":"https:\/\/www.webdo.tn\/fr\/#website"},"primaryImageOfPage":{"@id":"https:\/\/www.webdo.tn\/fr\/actualite\/national\/report-de-la-greve-des-transporteurs-des-hydrocarbures\/208248\/#primaryimage"},"image":{"@id":"https:\/\/www.webdo.tn\/fr\/actualite\/national\/report-de-la-greve-des-transporteurs-des-hydrocarbures\/208248\/#primaryimage"},"thumbnailUrl":"https:\/\/www.webdo.tn\/fr\/wp-content\/uploads\/2023\/08\/546f1d7185e11a30ddbc580cf0aacb8c.jpeg","datePublished":"2023-08-28T19:59:00+00:00","description":"La gr\u00e8ve dans le secteur des carburants a \u00e9t\u00e9 report\u00e9e aux 14 et 15 septembre 2023, suite \u00e0 une r\u00e9union du Comit\u00e9 central de r\u00e9conciliation au si\u00e8ge de l'admini...","breadcrumb":{"@id":"https:\/\/www.webdo.tn\/fr\/actualite\/national\/report-de-la-greve-des-transporteurs-des-hydrocarbures\/208248\/#breadcrumb"},"inLanguage":"fr-FR","potentialAction":[{"@type":"ReadAction","target":["https:\/\/www.webdo.tn\/fr\/actualite\/national\/report-de-la-greve-des-transporteurs-des-hydrocarbures\/208248\/"]}]},{"@type":"ImageObject","inLanguage":"fr-FR","@id":"https:\/\/www.webdo.tn\/fr\/actualite\/national\/report-de-la-greve-des-transporteurs-des-hydrocarbures\/208248\/#primaryimage","url":"https:\/\/www.webdo.tn\/fr\/wp-content\/uploads\/2023\/08\/546f1d7185e11a30ddbc580cf0aacb8c.jpeg","contentUrl":"https:\/\/www.webdo.tn\/fr\/wp-content\/uploads\/2023\/08\/546f1d7185e11a30ddbc580cf0aacb8c.jpeg","width":750,"height":400,"caption":"Report de la gr\u00e8ve des transporteurs des hydrocarbures"},{"@type":"BreadcrumbList","@id":"https:\/\/www.webdo.tn\/fr\/actualite\/national\/report-de-la-greve-des-transporteurs-des-hydrocarbures\/208248\/#breadcrumb","itemListElement":[{"@type":"ListItem","position":1,"name":"Accueil","item":"https:\/\/www.webdo.tn\/fr\/"},{"@type":"ListItem","position":2,"name":"Report de la gr\u00e8ve des transporteurs des hydrocarbures"}]},{"@type":"WebSite","@id":"https:\/\/www.webdo.tn\/fr\/#website","url":"https:\/\/www.webdo.tn\/fr\/","name":"webdo","description":"Tunisie - News en Tunisie et \u00e0 l&#039;international sur Webdo.tn","publisher":{"@id":"https:\/\/www.webdo.tn\/fr\/#organization"},"potentialAction":[{"@type":"SearchAction","target":{"@type":"EntryPoint","urlTemplate":"https:\/\/www.webdo.tn\/fr\/?s={search_term_string}"},"query-input":{"@type":"PropertyValueSpecification","valueRequired":true,"valueName":"search_term_string"}}],"inLanguage":"fr-FR"},{"@type":"Organization","@id":"https:\/\/www.webdo.tn\/fr\/#organization","name":"Webdo","alternateName":"Webdo.tn","url":"https:\/\/www.webdo.tn\/fr\/","logo":{"@type":"ImageObject","inLanguage":"fr-FR","@id":"https:\/\/www.webdo.tn\/fr\/#\/schema\/logo\/image\/","url":"https:\/\/www.webdo.tn\/fr\/wp-content\/uploads\/2025\/06\/Webdo-Tunisie_168377.jpg","contentUrl":"https:\/\/www.webdo.tn\/fr\/wp-content\/uploads\/2025\/06\/Webdo-Tunisie_168377.jpg","width":301,"height":301,"caption":"Webdo"},"image":{"@id":"https:\/\/www.webdo.tn\/fr\/#\/schema\/logo\/image\/"},"sameAs":["https:\/\/www.facebook.com\/webdotn","https:\/\/x.com\/webdo_tn"],"description":"Webdo est un m\u00e9dia num\u00e9rique tunisien fond\u00e9 en 2010, sp\u00e9cialis\u00e9 dans l\u2019actualit\u00e9 nationale et internationale, l\u2019\u00e9conomie, la soci\u00e9t\u00e9 et les analyses politiques. Le site s\u2019adresse \u00e0 un large public francophone et couvre l\u2019information tunisienne en temps r\u00e9el.","email":"redac@webdo.tn","legalName":"YNJ SARL","foundingDate":"2010-09-06","numberOfEmployees":{"@type":"QuantitativeValue","minValue":"11","maxValue":"50"}},{"@type":"Person","@id":"https:\/\/www.webdo.tn\/fr\/#\/schema\/person\/1f4e491e0907b413d61089e8eb573acc","name":"Webdo","image":{"@type":"ImageObject","inLanguage":"fr-FR","@id":"https:\/\/secure.gravatar.com\/avatar\/de97aeec1bb80978a9dbb127e47dfc88aaacb2f3c29aac907d8d3222e3495d49?s=96&d=mm&r=g","url":"https:\/\/secure.gravatar.com\/avatar\/de97aeec1bb80978a9dbb127e47dfc88aaacb2f3c29aac907d8d3222e3495d49?s=96&d=mm&r=g","contentUrl":"https:\/\/secure.gravatar.com\/avatar\/de97aeec1bb80978a9dbb127e47dfc88aaacb2f3c29aac907d8d3222e3495d49?s=96&d=mm&r=g","caption":"Webdo"},"url":"https:\/\/www.webdo.tn\/fr\/actualite\/author\/webdo\/"}]}},"_links":{"self":[{"href":"https:\/\/www.webdo.tn\/fr\/wp-json\/wp\/v2\/posts\/208248","targetHints":{"allow":["GET"]}}],"collection":[{"href":"https:\/\/www.webdo.tn\/fr\/wp-json\/wp\/v2\/posts"}],"about":[{"href":"https:\/\/www.webdo.tn\/fr\/wp-json\/wp\/v2\/types\/post"}],"author":[{"embeddable":true,"href":"https:\/\/www.webdo.tn\/fr\/wp-json\/wp\/v2\/users\/3169"}],"replies":[{"embeddable":true,"href":"https:\/\/www.webdo.tn\/fr\/wp-json\/wp\/v2\/comments?post=208248"}],"version-history":[{"count":0,"href":"https:\/\/www.webdo.tn\/fr\/wp-json\/wp\/v2\/posts\/208248\/revisions"}],"wp:featuredmedia":[{"embeddable":true,"href":"https:\/\/www.webdo.tn\/fr\/wp-json\/wp\/v2\/media\/249458"}],"wp:attachment":[{"href":"https:\/\/www.webdo.tn\/fr\/wp-json\/wp\/v2\/media?parent=208248"}],"wp:term":[{"taxonomy":"category","embeddable":true,"href":"https:\/\/www.webdo.tn\/fr\/wp-json\/wp\/v2\/categories?post=208248"},{"taxonomy":"post_tag","embeddable":true,"href":"https:\/\/www.webdo.tn\/fr\/wp-json\/wp\/v2\/tags?post=208248"}],"curies":[{"name":"wp","href":"https:\/\/api.w.org\/{rel}","templated":true}]}}