{"id":208235,"date":"2023-08-28T11:01:00","date_gmt":"2023-08-28T11:01:00","guid":{"rendered":"https:\/\/www.webdo.tn\/fr\/blog\/une-dizaine-d-incendies-se-sont-declares-dans-cinq-gouvernorats\/208235\/"},"modified":"2025-05-20T21:57:45","modified_gmt":"2025-05-20T21:57:45","slug":"une-dizaine-d-incendies-se-sont-declares-dans-cinq-gouvernorats","status":"publish","type":"post","link":"https:\/\/www.webdo.tn\/fr\/actualite\/national\/une-dizaine-d-incendies-se-sont-declares-dans-cinq-gouvernorats\/208235\/","title":{"rendered":"Une dizaine d\u2019incendies se sont d\u00e9clar\u00e9s dans cinq gouvernorats"},"content":{"rendered":"<p>Plusieurs incendies se sont d\u00e9clar\u00e9s hier, dimanche dans plusieurs r\u00e9gions du pays.<\/p>\n<p>\t\t\t\t\t\t\t\t\tSelon le colonel Moez Tria\u00e2, porte-parole de la Protection civile, dix incendies se sont d\u00e9clar\u00e9s, au cours des derni\u00e8res 24 heures, dans cinq gouvernorats, \u00e0 savoir Jendouba, B\u00e9ja, Bizerte, Kairouan et l\u2019Ariana.<\/p>\n<p>Des agents de la Protection civile, des agents forestiers et un certain nombre de citoyens volontaires poursuivent leurs efforts pour ma\u00eetriser ces incendies qui se sont d\u00e9clar\u00e9s dimanche apr\u00e8s-midi.<\/p>\n<p>Les autorit\u00e9s locales et r\u00e9gionales ont \u00e9vacu\u00e9 des dizaines de familles par mesure de pr\u00e9caution dans plusieurs d\u00e9l\u00e9gations.<\/p>\n","protected":false},"excerpt":{"rendered":"<p>Plusieurs incendies se sont d\u00e9clar\u00e9s hier, dimanche dans plusieurs r\u00e9gions du pays.<\/p>\n","protected":false},"author":3162,"featured_media":249450,"comment_status":"open","ping_status":"closed","sticky":false,"template":"","format":"standard","meta":{"footnotes":""},"categories":[44],"tags":[5063,8021],"class_list":["post-208235","post","type-post","status-publish","format-standard","has-post-thumbnail","hentry","category-national","tag-gouvernorats","tag-incendies"],"yoast_head":"<!-- This site is optimized with the Yoast SEO Premium plugin v27.5 (Yoast SEO v27.5) - https:\/\/yoast.com\/product\/yoast-seo-premium-wordpress\/ -->\n<title>Une dizaine d\u2019incendies se sont d\u00e9clar\u00e9s dans cinq gouvernorats<\/title>\n<meta name=\"description\" content=\"Plusieurs incendies se sont d\u00e9clar\u00e9s hier, dimanche dans plusieurs r\u00e9gions du pays.\" \/>\n<link rel=\"canonical\" href=\"https:\/\/www.webdo.tn\/fr\/actualite\/national\/une-dizaine-d-incendies-se-sont-declares-dans-cinq-gouvernorats\/208235\/\" \/>\n<meta property=\"og:locale\" content=\"fr_FR\" \/>\n<meta property=\"og:type\" content=\"article\" \/>\n<meta property=\"og:title\" content=\"Une dizaine d\u2019incendies se sont d\u00e9clar\u00e9s dans cinq gouvernorats\" \/>\n<meta property=\"og:description\" content=\"Plusieurs incendies se sont d\u00e9clar\u00e9s hier, dimanche dans plusieurs r\u00e9gions du pays.\" \/>\n<meta property=\"og:url\" content=\"https:\/\/www.webdo.tn\/fr\/actualite\/national\/une-dizaine-d-incendies-se-sont-declares-dans-cinq-gouvernorats\/208235\/\" \/>\n<meta property=\"og:site_name\" content=\"webdo\" \/>\n<meta property=\"article:publisher\" content=\"https:\/\/www.facebook.com\/webdotn\" \/>\n<meta property=\"article:published_time\" content=\"2023-08-28T11:01:00+00:00\" \/>\n<meta property=\"article:modified_time\" content=\"2025-05-20T21:57:45+00:00\" \/>\n<meta property=\"og:image\" content=\"https:\/\/www.webdo.tn\/fr\/wp-content\/uploads\/2023\/08\/ef06b7dfe845095a0d1690a043861f05.jpg\" \/>\n\t<meta property=\"og:image:width\" content=\"650\" \/>\n\t<meta property=\"og:image:height\" content=\"347\" \/>\n\t<meta property=\"og:image:type\" content=\"image\/jpeg\" \/>\n<meta name=\"author\" content=\"MC\" \/>\n<meta name=\"twitter:card\" content=\"summary_large_image\" \/>\n<meta name=\"twitter:creator\" content=\"@webdo_tn\" \/>\n<meta name=\"twitter:site\" content=\"@webdo_tn\" \/>\n<meta name=\"twitter:label1\" content=\"\u00c9crit par\" \/>\n\t<meta name=\"twitter:data1\" content=\"MC\" \/>\n\t<meta name=\"twitter:label2\" content=\"Dur\u00e9e de lecture estim\u00e9e\" \/>\n\t<meta name=\"twitter:data2\" content=\"1 minute\" \/>\n<script type=\"application\/ld+json\" class=\"yoast-schema-graph\">{\"@context\":\"https:\\\/\\\/schema.org\",\"@graph\":[{\"@type\":\"NewsArticle\",\"@id\":\"https:\\\/\\\/www.webdo.tn\\\/fr\\\/actualite\\\/national\\\/une-dizaine-d-incendies-se-sont-declares-dans-cinq-gouvernorats\\\/208235\\\/#article\",\"isPartOf\":{\"@id\":\"https:\\\/\\\/www.webdo.tn\\\/fr\\\/actualite\\\/national\\\/une-dizaine-d-incendies-se-sont-declares-dans-cinq-gouvernorats\\\/208235\\\/\"},\"author\":{\"name\":\"MC\",\"@id\":\"https:\\\/\\\/www.webdo.tn\\\/fr\\\/#\\\/schema\\\/person\\\/2c4929cbf5a809e3bd38617c6ce150f6\"},\"headline\":\"Une dizaine d\u2019incendies se sont d\u00e9clar\u00e9s dans cinq gouvernorats\",\"datePublished\":\"2023-08-28T11:01:00+00:00\",\"dateModified\":\"2025-05-20T21:57:45+00:00\",\"mainEntityOfPage\":{\"@id\":\"https:\\\/\\\/www.webdo.tn\\\/fr\\\/actualite\\\/national\\\/une-dizaine-d-incendies-se-sont-declares-dans-cinq-gouvernorats\\\/208235\\\/\"},\"wordCount\":118,\"commentCount\":0,\"publisher\":{\"@id\":\"https:\\\/\\\/www.webdo.tn\\\/fr\\\/#organization\"},\"image\":{\"@id\":\"https:\\\/\\\/www.webdo.tn\\\/fr\\\/actualite\\\/national\\\/une-dizaine-d-incendies-se-sont-declares-dans-cinq-gouvernorats\\\/208235\\\/#primaryimage\"},\"thumbnailUrl\":\"https:\\\/\\\/www.webdo.tn\\\/fr\\\/wp-content\\\/uploads\\\/2023\\\/08\\\/ef06b7dfe845095a0d1690a043861f05.jpg\",\"keywords\":[\"gouvernorats\",\"Incendies\"],\"articleSection\":[\"National\"],\"inLanguage\":\"fr-FR\"},{\"@type\":\"WebPage\",\"@id\":\"https:\\\/\\\/www.webdo.tn\\\/fr\\\/actualite\\\/national\\\/une-dizaine-d-incendies-se-sont-declares-dans-cinq-gouvernorats\\\/208235\\\/\",\"url\":\"https:\\\/\\\/www.webdo.tn\\\/fr\\\/actualite\\\/national\\\/une-dizaine-d-incendies-se-sont-declares-dans-cinq-gouvernorats\\\/208235\\\/\",\"name\":\"Une dizaine d\u2019incendies se sont d\u00e9clar\u00e9s dans cinq gouvernorats\",\"isPartOf\":{\"@id\":\"https:\\\/\\\/www.webdo.tn\\\/fr\\\/#website\"},\"primaryImageOfPage\":{\"@id\":\"https:\\\/\\\/www.webdo.tn\\\/fr\\\/actualite\\\/national\\\/une-dizaine-d-incendies-se-sont-declares-dans-cinq-gouvernorats\\\/208235\\\/#primaryimage\"},\"image\":{\"@id\":\"https:\\\/\\\/www.webdo.tn\\\/fr\\\/actualite\\\/national\\\/une-dizaine-d-incendies-se-sont-declares-dans-cinq-gouvernorats\\\/208235\\\/#primaryimage\"},\"thumbnailUrl\":\"https:\\\/\\\/www.webdo.tn\\\/fr\\\/wp-content\\\/uploads\\\/2023\\\/08\\\/ef06b7dfe845095a0d1690a043861f05.jpg\",\"datePublished\":\"2023-08-28T11:01:00+00:00\",\"dateModified\":\"2025-05-20T21:57:45+00:00\",\"description\":\"Plusieurs incendies se sont d\u00e9clar\u00e9s hier, dimanche dans plusieurs r\u00e9gions du pays.\",\"breadcrumb\":{\"@id\":\"https:\\\/\\\/www.webdo.tn\\\/fr\\\/actualite\\\/national\\\/une-dizaine-d-incendies-se-sont-declares-dans-cinq-gouvernorats\\\/208235\\\/#breadcrumb\"},\"inLanguage\":\"fr-FR\",\"potentialAction\":[{\"@type\":\"ReadAction\",\"target\":[\"https:\\\/\\\/www.webdo.tn\\\/fr\\\/actualite\\\/national\\\/une-dizaine-d-incendies-se-sont-declares-dans-cinq-gouvernorats\\\/208235\\\/\"]}]},{\"@type\":\"ImageObject\",\"inLanguage\":\"fr-FR\",\"@id\":\"https:\\\/\\\/www.webdo.tn\\\/fr\\\/actualite\\\/national\\\/une-dizaine-d-incendies-se-sont-declares-dans-cinq-gouvernorats\\\/208235\\\/#primaryimage\",\"url\":\"https:\\\/\\\/www.webdo.tn\\\/fr\\\/wp-content\\\/uploads\\\/2023\\\/08\\\/ef06b7dfe845095a0d1690a043861f05.jpg\",\"contentUrl\":\"https:\\\/\\\/www.webdo.tn\\\/fr\\\/wp-content\\\/uploads\\\/2023\\\/08\\\/ef06b7dfe845095a0d1690a043861f05.jpg\",\"width\":650,\"height\":347,\"caption\":\"Une dizaine d\u2019incendies se sont d\u00e9clar\u00e9s dans cinq gouvernorats\"},{\"@type\":\"BreadcrumbList\",\"@id\":\"https:\\\/\\\/www.webdo.tn\\\/fr\\\/actualite\\\/national\\\/une-dizaine-d-incendies-se-sont-declares-dans-cinq-gouvernorats\\\/208235\\\/#breadcrumb\",\"itemListElement\":[{\"@type\":\"ListItem\",\"position\":1,\"name\":\"Accueil\",\"item\":\"https:\\\/\\\/www.webdo.tn\\\/fr\\\/\"},{\"@type\":\"ListItem\",\"position\":2,\"name\":\"Une dizaine d\u2019incendies se sont d\u00e9clar\u00e9s dans cinq gouvernorats\"}]},{\"@type\":\"WebSite\",\"@id\":\"https:\\\/\\\/www.webdo.tn\\\/fr\\\/#website\",\"url\":\"https:\\\/\\\/www.webdo.tn\\\/fr\\\/\",\"name\":\"webdo\",\"description\":\"Tunisie - News en Tunisie et \u00e0 l&#039;international sur Webdo.tn\",\"publisher\":{\"@id\":\"https:\\\/\\\/www.webdo.tn\\\/fr\\\/#organization\"},\"potentialAction\":[{\"@type\":\"SearchAction\",\"target\":{\"@type\":\"EntryPoint\",\"urlTemplate\":\"https:\\\/\\\/www.webdo.tn\\\/fr\\\/?s={search_term_string}\"},\"query-input\":{\"@type\":\"PropertyValueSpecification\",\"valueRequired\":true,\"valueName\":\"search_term_string\"}}],\"inLanguage\":\"fr-FR\"},{\"@type\":\"Organization\",\"@id\":\"https:\\\/\\\/www.webdo.tn\\\/fr\\\/#organization\",\"name\":\"Webdo\",\"alternateName\":\"Webdo.tn\",\"url\":\"https:\\\/\\\/www.webdo.tn\\\/fr\\\/\",\"logo\":{\"@type\":\"ImageObject\",\"inLanguage\":\"fr-FR\",\"@id\":\"https:\\\/\\\/www.webdo.tn\\\/fr\\\/#\\\/schema\\\/logo\\\/image\\\/\",\"url\":\"https:\\\/\\\/www.webdo.tn\\\/fr\\\/wp-content\\\/uploads\\\/2025\\\/06\\\/Webdo-Tunisie_168377.jpg\",\"contentUrl\":\"https:\\\/\\\/www.webdo.tn\\\/fr\\\/wp-content\\\/uploads\\\/2025\\\/06\\\/Webdo-Tunisie_168377.jpg\",\"width\":301,\"height\":301,\"caption\":\"Webdo\"},\"image\":{\"@id\":\"https:\\\/\\\/www.webdo.tn\\\/fr\\\/#\\\/schema\\\/logo\\\/image\\\/\"},\"sameAs\":[\"https:\\\/\\\/www.facebook.com\\\/webdotn\",\"https:\\\/\\\/x.com\\\/webdo_tn\"],\"description\":\"Webdo est un m\u00e9dia num\u00e9rique tunisien fond\u00e9 en 2010, sp\u00e9cialis\u00e9 dans l\u2019actualit\u00e9 nationale et internationale, l\u2019\u00e9conomie, la soci\u00e9t\u00e9 et les analyses politiques. Le site s\u2019adresse \u00e0 un large public francophone et couvre l\u2019information tunisienne en temps r\u00e9el.\",\"email\":\"redac@webdo.tn\",\"legalName\":\"YNJ SARL\",\"foundingDate\":\"2010-09-06\",\"numberOfEmployees\":{\"@type\":\"QuantitativeValue\",\"minValue\":\"11\",\"maxValue\":\"50\"}},{\"@type\":\"Person\",\"@id\":\"https:\\\/\\\/www.webdo.tn\\\/fr\\\/#\\\/schema\\\/person\\\/2c4929cbf5a809e3bd38617c6ce150f6\",\"name\":\"MC\",\"image\":{\"@type\":\"ImageObject\",\"inLanguage\":\"fr-FR\",\"@id\":\"https:\\\/\\\/secure.gravatar.com\\\/avatar\\\/a545bbb6f84efdd5553dbbc2895e3ca8f1d12c5215e00a041c9670b54aa9b18a?s=96&d=mm&r=g\",\"url\":\"https:\\\/\\\/secure.gravatar.com\\\/avatar\\\/a545bbb6f84efdd5553dbbc2895e3ca8f1d12c5215e00a041c9670b54aa9b18a?s=96&d=mm&r=g\",\"contentUrl\":\"https:\\\/\\\/secure.gravatar.com\\\/avatar\\\/a545bbb6f84efdd5553dbbc2895e3ca8f1d12c5215e00a041c9670b54aa9b18a?s=96&d=mm&r=g\",\"caption\":\"MC\"},\"url\":\"https:\\\/\\\/www.webdo.tn\\\/fr\\\/actualite\\\/author\\\/mc\\\/\"}]}<\/script>\n<!-- \/ Yoast SEO Premium plugin. -->","yoast_head_json":{"title":"Une dizaine d\u2019incendies se sont d\u00e9clar\u00e9s dans cinq gouvernorats","description":"Plusieurs incendies se sont d\u00e9clar\u00e9s hier, dimanche dans plusieurs r\u00e9gions du pays.","canonical":"https:\/\/www.webdo.tn\/fr\/actualite\/national\/une-dizaine-d-incendies-se-sont-declares-dans-cinq-gouvernorats\/208235\/","og_locale":"fr_FR","og_type":"article","og_title":"Une dizaine d\u2019incendies se sont d\u00e9clar\u00e9s dans cinq gouvernorats","og_description":"Plusieurs incendies se sont d\u00e9clar\u00e9s hier, dimanche dans plusieurs r\u00e9gions du pays.","og_url":"https:\/\/www.webdo.tn\/fr\/actualite\/national\/une-dizaine-d-incendies-se-sont-declares-dans-cinq-gouvernorats\/208235\/","og_site_name":"webdo","article_publisher":"https:\/\/www.facebook.com\/webdotn","article_published_time":"2023-08-28T11:01:00+00:00","article_modified_time":"2025-05-20T21:57:45+00:00","og_image":[{"width":650,"height":347,"url":"https:\/\/www.webdo.tn\/fr\/wp-content\/uploads\/2023\/08\/ef06b7dfe845095a0d1690a043861f05.jpg","type":"image\/jpeg"}],"author":"MC","twitter_card":"summary_large_image","twitter_creator":"@webdo_tn","twitter_site":"@webdo_tn","twitter_misc":{"\u00c9crit par":"MC","Dur\u00e9e de lecture estim\u00e9e":"1 minute"},"schema":{"@context":"https:\/\/schema.org","@graph":[{"@type":"NewsArticle","@id":"https:\/\/www.webdo.tn\/fr\/actualite\/national\/une-dizaine-d-incendies-se-sont-declares-dans-cinq-gouvernorats\/208235\/#article","isPartOf":{"@id":"https:\/\/www.webdo.tn\/fr\/actualite\/national\/une-dizaine-d-incendies-se-sont-declares-dans-cinq-gouvernorats\/208235\/"},"author":{"name":"MC","@id":"https:\/\/www.webdo.tn\/fr\/#\/schema\/person\/2c4929cbf5a809e3bd38617c6ce150f6"},"headline":"Une dizaine d\u2019incendies se sont d\u00e9clar\u00e9s dans cinq gouvernorats","datePublished":"2023-08-28T11:01:00+00:00","dateModified":"2025-05-20T21:57:45+00:00","mainEntityOfPage":{"@id":"https:\/\/www.webdo.tn\/fr\/actualite\/national\/une-dizaine-d-incendies-se-sont-declares-dans-cinq-gouvernorats\/208235\/"},"wordCount":118,"commentCount":0,"publisher":{"@id":"https:\/\/www.webdo.tn\/fr\/#organization"},"image":{"@id":"https:\/\/www.webdo.tn\/fr\/actualite\/national\/une-dizaine-d-incendies-se-sont-declares-dans-cinq-gouvernorats\/208235\/#primaryimage"},"thumbnailUrl":"https:\/\/www.webdo.tn\/fr\/wp-content\/uploads\/2023\/08\/ef06b7dfe845095a0d1690a043861f05.jpg","keywords":["gouvernorats","Incendies"],"articleSection":["National"],"inLanguage":"fr-FR"},{"@type":"WebPage","@id":"https:\/\/www.webdo.tn\/fr\/actualite\/national\/une-dizaine-d-incendies-se-sont-declares-dans-cinq-gouvernorats\/208235\/","url":"https:\/\/www.webdo.tn\/fr\/actualite\/national\/une-dizaine-d-incendies-se-sont-declares-dans-cinq-gouvernorats\/208235\/","name":"Une dizaine d\u2019incendies se sont d\u00e9clar\u00e9s dans cinq gouvernorats","isPartOf":{"@id":"https:\/\/www.webdo.tn\/fr\/#website"},"primaryImageOfPage":{"@id":"https:\/\/www.webdo.tn\/fr\/actualite\/national\/une-dizaine-d-incendies-se-sont-declares-dans-cinq-gouvernorats\/208235\/#primaryimage"},"image":{"@id":"https:\/\/www.webdo.tn\/fr\/actualite\/national\/une-dizaine-d-incendies-se-sont-declares-dans-cinq-gouvernorats\/208235\/#primaryimage"},"thumbnailUrl":"https:\/\/www.webdo.tn\/fr\/wp-content\/uploads\/2023\/08\/ef06b7dfe845095a0d1690a043861f05.jpg","datePublished":"2023-08-28T11:01:00+00:00","dateModified":"2025-05-20T21:57:45+00:00","description":"Plusieurs incendies se sont d\u00e9clar\u00e9s hier, dimanche dans plusieurs r\u00e9gions du pays.","breadcrumb":{"@id":"https:\/\/www.webdo.tn\/fr\/actualite\/national\/une-dizaine-d-incendies-se-sont-declares-dans-cinq-gouvernorats\/208235\/#breadcrumb"},"inLanguage":"fr-FR","potentialAction":[{"@type":"ReadAction","target":["https:\/\/www.webdo.tn\/fr\/actualite\/national\/une-dizaine-d-incendies-se-sont-declares-dans-cinq-gouvernorats\/208235\/"]}]},{"@type":"ImageObject","inLanguage":"fr-FR","@id":"https:\/\/www.webdo.tn\/fr\/actualite\/national\/une-dizaine-d-incendies-se-sont-declares-dans-cinq-gouvernorats\/208235\/#primaryimage","url":"https:\/\/www.webdo.tn\/fr\/wp-content\/uploads\/2023\/08\/ef06b7dfe845095a0d1690a043861f05.jpg","contentUrl":"https:\/\/www.webdo.tn\/fr\/wp-content\/uploads\/2023\/08\/ef06b7dfe845095a0d1690a043861f05.jpg","width":650,"height":347,"caption":"Une dizaine d\u2019incendies se sont d\u00e9clar\u00e9s dans cinq gouvernorats"},{"@type":"BreadcrumbList","@id":"https:\/\/www.webdo.tn\/fr\/actualite\/national\/une-dizaine-d-incendies-se-sont-declares-dans-cinq-gouvernorats\/208235\/#breadcrumb","itemListElement":[{"@type":"ListItem","position":1,"name":"Accueil","item":"https:\/\/www.webdo.tn\/fr\/"},{"@type":"ListItem","position":2,"name":"Une dizaine d\u2019incendies se sont d\u00e9clar\u00e9s dans cinq gouvernorats"}]},{"@type":"WebSite","@id":"https:\/\/www.webdo.tn\/fr\/#website","url":"https:\/\/www.webdo.tn\/fr\/","name":"webdo","description":"Tunisie - News en Tunisie et \u00e0 l&#039;international sur Webdo.tn","publisher":{"@id":"https:\/\/www.webdo.tn\/fr\/#organization"},"potentialAction":[{"@type":"SearchAction","target":{"@type":"EntryPoint","urlTemplate":"https:\/\/www.webdo.tn\/fr\/?s={search_term_string}"},"query-input":{"@type":"PropertyValueSpecification","valueRequired":true,"valueName":"search_term_string"}}],"inLanguage":"fr-FR"},{"@type":"Organization","@id":"https:\/\/www.webdo.tn\/fr\/#organization","name":"Webdo","alternateName":"Webdo.tn","url":"https:\/\/www.webdo.tn\/fr\/","logo":{"@type":"ImageObject","inLanguage":"fr-FR","@id":"https:\/\/www.webdo.tn\/fr\/#\/schema\/logo\/image\/","url":"https:\/\/www.webdo.tn\/fr\/wp-content\/uploads\/2025\/06\/Webdo-Tunisie_168377.jpg","contentUrl":"https:\/\/www.webdo.tn\/fr\/wp-content\/uploads\/2025\/06\/Webdo-Tunisie_168377.jpg","width":301,"height":301,"caption":"Webdo"},"image":{"@id":"https:\/\/www.webdo.tn\/fr\/#\/schema\/logo\/image\/"},"sameAs":["https:\/\/www.facebook.com\/webdotn","https:\/\/x.com\/webdo_tn"],"description":"Webdo est un m\u00e9dia num\u00e9rique tunisien fond\u00e9 en 2010, sp\u00e9cialis\u00e9 dans l\u2019actualit\u00e9 nationale et internationale, l\u2019\u00e9conomie, la soci\u00e9t\u00e9 et les analyses politiques. Le site s\u2019adresse \u00e0 un large public francophone et couvre l\u2019information tunisienne en temps r\u00e9el.","email":"redac@webdo.tn","legalName":"YNJ SARL","foundingDate":"2010-09-06","numberOfEmployees":{"@type":"QuantitativeValue","minValue":"11","maxValue":"50"}},{"@type":"Person","@id":"https:\/\/www.webdo.tn\/fr\/#\/schema\/person\/2c4929cbf5a809e3bd38617c6ce150f6","name":"MC","image":{"@type":"ImageObject","inLanguage":"fr-FR","@id":"https:\/\/secure.gravatar.com\/avatar\/a545bbb6f84efdd5553dbbc2895e3ca8f1d12c5215e00a041c9670b54aa9b18a?s=96&d=mm&r=g","url":"https:\/\/secure.gravatar.com\/avatar\/a545bbb6f84efdd5553dbbc2895e3ca8f1d12c5215e00a041c9670b54aa9b18a?s=96&d=mm&r=g","contentUrl":"https:\/\/secure.gravatar.com\/avatar\/a545bbb6f84efdd5553dbbc2895e3ca8f1d12c5215e00a041c9670b54aa9b18a?s=96&d=mm&r=g","caption":"MC"},"url":"https:\/\/www.webdo.tn\/fr\/actualite\/author\/mc\/"}]}},"_links":{"self":[{"href":"https:\/\/www.webdo.tn\/fr\/wp-json\/wp\/v2\/posts\/208235","targetHints":{"allow":["GET"]}}],"collection":[{"href":"https:\/\/www.webdo.tn\/fr\/wp-json\/wp\/v2\/posts"}],"about":[{"href":"https:\/\/www.webdo.tn\/fr\/wp-json\/wp\/v2\/types\/post"}],"author":[{"embeddable":true,"href":"https:\/\/www.webdo.tn\/fr\/wp-json\/wp\/v2\/users\/3162"}],"replies":[{"embeddable":true,"href":"https:\/\/www.webdo.tn\/fr\/wp-json\/wp\/v2\/comments?post=208235"}],"version-history":[{"count":0,"href":"https:\/\/www.webdo.tn\/fr\/wp-json\/wp\/v2\/posts\/208235\/revisions"}],"wp:featuredmedia":[{"embeddable":true,"href":"https:\/\/www.webdo.tn\/fr\/wp-json\/wp\/v2\/media\/249450"}],"wp:attachment":[{"href":"https:\/\/www.webdo.tn\/fr\/wp-json\/wp\/v2\/media?parent=208235"}],"wp:term":[{"taxonomy":"category","embeddable":true,"href":"https:\/\/www.webdo.tn\/fr\/wp-json\/wp\/v2\/categories?post=208235"},{"taxonomy":"post_tag","embeddable":true,"href":"https:\/\/www.webdo.tn\/fr\/wp-json\/wp\/v2\/tags?post=208235"}],"curies":[{"name":"wp","href":"https:\/\/api.w.org\/{rel}","templated":true}]}}