{"id":208234,"date":"2023-08-28T10:07:00","date_gmt":"2023-08-28T10:07:00","guid":{"rendered":"https:\/\/www.webdo.tn\/fr\/blog\/j-ai-deux-patries-la-tunisie-et-la-langue-francaise\/208234\/"},"modified":"2023-08-28T10:07:00","modified_gmt":"2023-08-28T10:07:00","slug":"j-ai-deux-patries-la-tunisie-et-la-langue-francaise","status":"publish","type":"post","link":"https:\/\/www.webdo.tn\/fr\/actualite\/chroniques\/j-ai-deux-patries-la-tunisie-et-la-langue-francaise\/208234\/","title":{"rendered":"J&rsquo;ai deux patries : la Tunisie et la langue fran\u00e7aise"},"content":{"rendered":"<p>Comment se porte la langue fran\u00e7aise aujourd&rsquo;hui ? Quel est son statut ? Comment la d\u00e9fendre et la promouvoir ?<\/p>\n<p>\t\t\t\t\t\t\t\t\tJ&rsquo;ai deux patries : la Tunisie et la langue fran\u00e7aise. Cela ne m&#8217;emp\u00eache pas de parler d&rsquo;autres langues ou aimer d&rsquo;autres pays. Et puis, mon appartenance n&rsquo;est pas ausi duelle qu&rsquo;elle pourrait le para\u00eetre.<\/p>\n<p>La Tunisie parle fran\u00e7ais depuis fort longtemps et s&rsquo;il le fallait, notre histoire nous apprend que nous avons parl\u00e9 le latin avant la France.<\/p>\n<p>Ainsi, il fut un temps antique o\u00f9 nous avons \u00e9t\u00e9 proto-francophones et aujourd&rsquo;hui, m\u00eame en recul, la langue fran\u00e7aise continue \u00e0 \u00eatre pr\u00e9sente, pratiqu\u00e9e et diffuse. Ce lien lointain avec le latin est d&rsquo;ailleurs l&rsquo;une des multiples racines de ma francophonie.<\/p>\n<p>Ce qui aujourd&rsquo;hui a chang\u00e9, c&rsquo;est que le fran\u00e7ais n&rsquo;est plus une langue v\u00e9hiculaire lorsque deux Tunisiens conversent entre eux.<\/p>\n<p>D&rsquo;autre part, les d\u00e9parts des communaut\u00e9s minoritaires \u00e0 partir du milieu des ann\u00e9es cinquante, a entra\u00een\u00e9 une lente \u00e9rosion de l&rsquo;usage du fran\u00e7ais comme lingua franca entre les diff\u00e9rentes familles culturelles tunisiennes.<\/p>\n<p>Cette Tunisie plurielle parlait le fran\u00e7ais mais l&rsquo;uniformisation du tissu social, l&rsquo;explosion urbaine et les r\u00e9formes de l&rsquo;enseignement ont fini par avoir raison de ce melting pot.<\/p>\n<p>Aujourd&rsquo;hui, la langue fran\u00e7aise est la cible d&rsquo;un ressentiment anti-fran\u00e7ais, fabriqu\u00e9 de toutes pi\u00e8ces par les officines islamistes et panarabistes.<\/p>\n<p>Paradoxalement, la perte de la langue fran\u00e7aise par les classes populaires ne s&rsquo;accompagne pas d&rsquo;un recours \u00e0 une autre langue. Elle est l&rsquo;un des sympt\u00f4mes de la d\u00e9b\u00e2cle de l&rsquo;\u00e9cole et du d\u00e9crochage scolaire.<\/p>\n<p>Par ailleurs, l&rsquo;enseignement de la langue fran\u00e7aise subit un recul manifeste concr\u00e9tis\u00e9 par la faiblesse des enseignants du primaire qui trop souvent, n&rsquo;ont ni les moyens techniques ni les capacit\u00e9s linguistiques de transmettre les fondamentaux de la langue de Moli\u00e8re aux enfants.<\/p>\n<p>Nous parlons bien de l&rsquo;\u00e9cole publique o\u00f9 le fran\u00e7ais est devenu une patate chaude que les \u00e9tablissements scolaires se passent en la mutilant \u00e0 chaque \u00e9tage.<\/p>\n<p>Dans le priv\u00e9, c&rsquo;est tout \u00e0 fait autre chose. L&rsquo;enseignement du fran\u00e7ais est d&rsquo;un bon niveau mais il n&rsquo;est pas abordable pour tous. Cet \u00e9tat de fait a instaur\u00e9 une langue de classe, accessible pour les uns, illusoire pour tous les autres.<\/p>\n<p>Ces embryons de r\u00e9flexion m\u00e9riteraient d&rsquo;\u00eatre approfondis et quelques pistes de recherche-action pourraient ais\u00e9ment \u00eatre defrich\u00e9es. Seulement dans le paysage actuel, qui pourrait engager ce chantier ? Le recours aux experts ressemble \u00e0 un miroir aux alouettes tant ils sont d\u00e9simpliqu\u00e9s, intellectuellement pr\u00e9visibles et absents des terrains de la novation.<\/p>\n<p>Nombreux sont ceux qui vivent de cette rente, ce filon in\u00e9puisable qui \u00e9pouse les m\u00e9andres du serpent de mer que les politiques nomment \u00ab\u00a0Francophonie multilat\u00e9rale\u00a0\u00bb.<\/p>\n<p>Je sais la vanit\u00e9 de mes propos, l&rsquo;\u00e9crasement de ceux qui, comme moi, d\u00e9fendent la francophonie, par ceux-l\u00e0 m\u00eame qui ne la d\u00e9fendent pas mais s&rsquo;en nourrissent insatiablement.<\/p>\n<p>Je vais me taire. Seulement pour aujourd&rsquo;hui. Car, je reviendrai \u00e0 la charge pour d\u00e9busquer faussaires et imposteurs. Je reviendrai pour d\u00e9fendre cette langue fran\u00e7aise &#8211; ma deuxi\u00e8me patrie disais-je &#8211; qui a besoin d&rsquo;\u00eatre extirp\u00e9e de la gangue munichoise qui s&rsquo;accommode d\u00e9j\u00e0 de sa disparition annonc\u00e9e.<\/p>\n<p>Pour conclure, profitons de ce billet pour saluer les efforts remarquables de l&rsquo;Institut fran\u00e7ais, du r\u00e9seau des Alliances fran\u00e7aises et ceux tout aussi \u00e9loquents de nombreux enseignants v\u00e9ritablement militants dont le grain f\u00e9cond interpelle les ivraies conniventes et d\u00e9faitistes.<\/p>\n","protected":false},"excerpt":{"rendered":"<p>Comment se porte la langue fran\u00e7aise aujourd&rsquo;hui ? Quel est son statut ? Comment la d\u00e9fendre et la promouvoir ?<\/p>\n","protected":false},"author":3229,"featured_media":249453,"comment_status":"open","ping_status":"closed","sticky":false,"template":"","format":"standard","meta":{"footnotes":""},"categories":[2596],"tags":[2634,2828,3697,8026,2608],"class_list":["post-208234","post","type-post","status-publish","format-standard","has-post-thumbnail","hentry","category-chroniques","tag-education","tag-enseignement","tag-francais","tag-langue","tag-tunisie"],"yoast_head":"<!-- This site is optimized with the Yoast SEO Premium plugin v27.5 (Yoast SEO v27.5) - https:\/\/yoast.com\/product\/yoast-seo-premium-wordpress\/ -->\n<title>J&#039;ai deux patries : la Tunisie et la langue fran\u00e7aise<\/title>\n<meta name=\"description\" content=\"Comment se porte la langue fran\u00e7aise aujourd&#039;hui ? Quel est son statut ? Comment la d\u00e9fendre et la promouvoir ?\" \/>\n<link rel=\"canonical\" href=\"https:\/\/www.webdo.tn\/fr\/actualite\/chroniques\/j-ai-deux-patries-la-tunisie-et-la-langue-francaise\/208234\/\" \/>\n<meta property=\"og:locale\" content=\"fr_FR\" \/>\n<meta property=\"og:type\" content=\"article\" \/>\n<meta property=\"og:title\" content=\"J&#039;ai deux patries : la Tunisie et la langue fran\u00e7aise\" \/>\n<meta property=\"og:description\" content=\"Comment se porte la langue fran\u00e7aise aujourd&#039;hui ? Quel est son statut ? Comment la d\u00e9fendre et la promouvoir ?\" \/>\n<meta property=\"og:url\" content=\"https:\/\/www.webdo.tn\/fr\/actualite\/chroniques\/j-ai-deux-patries-la-tunisie-et-la-langue-francaise\/208234\/\" \/>\n<meta property=\"og:site_name\" content=\"webdo\" \/>\n<meta property=\"article:publisher\" content=\"https:\/\/www.facebook.com\/webdotn\" \/>\n<meta property=\"article:author\" content=\"https:\/\/www.facebook.com\/hatem.bourial.2025\" \/>\n<meta property=\"article:published_time\" content=\"2023-08-28T10:07:00+00:00\" \/>\n<meta property=\"og:image\" content=\"https:\/\/www.webdo.tn\/fr\/wp-content\/uploads\/2023\/08\/99cd4a4001f1ffd91ffcf44ab5629f43.jpg\" \/>\n\t<meta property=\"og:image:width\" content=\"717\" \/>\n\t<meta property=\"og:image:height\" content=\"382\" \/>\n\t<meta property=\"og:image:type\" content=\"image\/jpeg\" \/>\n<meta name=\"author\" content=\"Hatem Bourial\" \/>\n<meta name=\"twitter:card\" content=\"summary_large_image\" \/>\n<meta name=\"twitter:creator\" content=\"@webdo_tn\" \/>\n<meta name=\"twitter:site\" content=\"@webdo_tn\" \/>\n<meta name=\"twitter:label1\" content=\"\u00c9crit par\" \/>\n\t<meta name=\"twitter:data1\" content=\"Hatem Bourial\" \/>\n\t<meta name=\"twitter:label2\" content=\"Dur\u00e9e de lecture estim\u00e9e\" \/>\n\t<meta name=\"twitter:data2\" content=\"3 minutes\" \/>\n<script type=\"application\/ld+json\" class=\"yoast-schema-graph\">{\"@context\":\"https:\\\/\\\/schema.org\",\"@graph\":[{\"@type\":\"NewsArticle\",\"@id\":\"https:\\\/\\\/www.webdo.tn\\\/fr\\\/actualite\\\/chroniques\\\/j-ai-deux-patries-la-tunisie-et-la-langue-francaise\\\/208234\\\/#article\",\"isPartOf\":{\"@id\":\"https:\\\/\\\/www.webdo.tn\\\/fr\\\/actualite\\\/chroniques\\\/j-ai-deux-patries-la-tunisie-et-la-langue-francaise\\\/208234\\\/\"},\"author\":{\"name\":\"Hatem Bourial\",\"@id\":\"https:\\\/\\\/www.webdo.tn\\\/fr\\\/#\\\/schema\\\/person\\\/6bc0beba2cd23aec27cb5df85ca2554f\"},\"headline\":\"J&rsquo;ai deux patries : la Tunisie et la langue fran\u00e7aise\",\"datePublished\":\"2023-08-28T10:07:00+00:00\",\"mainEntityOfPage\":{\"@id\":\"https:\\\/\\\/www.webdo.tn\\\/fr\\\/actualite\\\/chroniques\\\/j-ai-deux-patries-la-tunisie-et-la-langue-francaise\\\/208234\\\/\"},\"wordCount\":649,\"commentCount\":0,\"publisher\":{\"@id\":\"https:\\\/\\\/www.webdo.tn\\\/fr\\\/#organization\"},\"image\":{\"@id\":\"https:\\\/\\\/www.webdo.tn\\\/fr\\\/actualite\\\/chroniques\\\/j-ai-deux-patries-la-tunisie-et-la-langue-francaise\\\/208234\\\/#primaryimage\"},\"thumbnailUrl\":\"https:\\\/\\\/www.webdo.tn\\\/fr\\\/wp-content\\\/uploads\\\/2023\\\/08\\\/99cd4a4001f1ffd91ffcf44ab5629f43.jpg\",\"keywords\":[\"\u00e9ducation\",\"enseignement\",\"fran\u00e7ais\",\"langue\",\"Tunisie\"],\"articleSection\":[\"Chroniques\"],\"inLanguage\":\"fr-FR\"},{\"@type\":\"WebPage\",\"@id\":\"https:\\\/\\\/www.webdo.tn\\\/fr\\\/actualite\\\/chroniques\\\/j-ai-deux-patries-la-tunisie-et-la-langue-francaise\\\/208234\\\/\",\"url\":\"https:\\\/\\\/www.webdo.tn\\\/fr\\\/actualite\\\/chroniques\\\/j-ai-deux-patries-la-tunisie-et-la-langue-francaise\\\/208234\\\/\",\"name\":\"J'ai deux patries : la Tunisie et la langue fran\u00e7aise\",\"isPartOf\":{\"@id\":\"https:\\\/\\\/www.webdo.tn\\\/fr\\\/#website\"},\"primaryImageOfPage\":{\"@id\":\"https:\\\/\\\/www.webdo.tn\\\/fr\\\/actualite\\\/chroniques\\\/j-ai-deux-patries-la-tunisie-et-la-langue-francaise\\\/208234\\\/#primaryimage\"},\"image\":{\"@id\":\"https:\\\/\\\/www.webdo.tn\\\/fr\\\/actualite\\\/chroniques\\\/j-ai-deux-patries-la-tunisie-et-la-langue-francaise\\\/208234\\\/#primaryimage\"},\"thumbnailUrl\":\"https:\\\/\\\/www.webdo.tn\\\/fr\\\/wp-content\\\/uploads\\\/2023\\\/08\\\/99cd4a4001f1ffd91ffcf44ab5629f43.jpg\",\"datePublished\":\"2023-08-28T10:07:00+00:00\",\"description\":\"Comment se porte la langue fran\u00e7aise aujourd'hui ? Quel est son statut ? Comment la d\u00e9fendre et la promouvoir ?\",\"breadcrumb\":{\"@id\":\"https:\\\/\\\/www.webdo.tn\\\/fr\\\/actualite\\\/chroniques\\\/j-ai-deux-patries-la-tunisie-et-la-langue-francaise\\\/208234\\\/#breadcrumb\"},\"inLanguage\":\"fr-FR\",\"potentialAction\":[{\"@type\":\"ReadAction\",\"target\":[\"https:\\\/\\\/www.webdo.tn\\\/fr\\\/actualite\\\/chroniques\\\/j-ai-deux-patries-la-tunisie-et-la-langue-francaise\\\/208234\\\/\"]}]},{\"@type\":\"ImageObject\",\"inLanguage\":\"fr-FR\",\"@id\":\"https:\\\/\\\/www.webdo.tn\\\/fr\\\/actualite\\\/chroniques\\\/j-ai-deux-patries-la-tunisie-et-la-langue-francaise\\\/208234\\\/#primaryimage\",\"url\":\"https:\\\/\\\/www.webdo.tn\\\/fr\\\/wp-content\\\/uploads\\\/2023\\\/08\\\/99cd4a4001f1ffd91ffcf44ab5629f43.jpg\",\"contentUrl\":\"https:\\\/\\\/www.webdo.tn\\\/fr\\\/wp-content\\\/uploads\\\/2023\\\/08\\\/99cd4a4001f1ffd91ffcf44ab5629f43.jpg\",\"width\":717,\"height\":382,\"caption\":\"J'ai deux patries : la Tunisie et la langue fran\u00e7aise\"},{\"@type\":\"BreadcrumbList\",\"@id\":\"https:\\\/\\\/www.webdo.tn\\\/fr\\\/actualite\\\/chroniques\\\/j-ai-deux-patries-la-tunisie-et-la-langue-francaise\\\/208234\\\/#breadcrumb\",\"itemListElement\":[{\"@type\":\"ListItem\",\"position\":1,\"name\":\"Accueil\",\"item\":\"https:\\\/\\\/www.webdo.tn\\\/fr\\\/\"},{\"@type\":\"ListItem\",\"position\":2,\"name\":\"J&#8217;ai deux patries : la Tunisie et la langue fran\u00e7aise\"}]},{\"@type\":\"WebSite\",\"@id\":\"https:\\\/\\\/www.webdo.tn\\\/fr\\\/#website\",\"url\":\"https:\\\/\\\/www.webdo.tn\\\/fr\\\/\",\"name\":\"webdo\",\"description\":\"Tunisie - News en Tunisie et \u00e0 l&#039;international sur Webdo.tn\",\"publisher\":{\"@id\":\"https:\\\/\\\/www.webdo.tn\\\/fr\\\/#organization\"},\"potentialAction\":[{\"@type\":\"SearchAction\",\"target\":{\"@type\":\"EntryPoint\",\"urlTemplate\":\"https:\\\/\\\/www.webdo.tn\\\/fr\\\/?s={search_term_string}\"},\"query-input\":{\"@type\":\"PropertyValueSpecification\",\"valueRequired\":true,\"valueName\":\"search_term_string\"}}],\"inLanguage\":\"fr-FR\"},{\"@type\":\"Organization\",\"@id\":\"https:\\\/\\\/www.webdo.tn\\\/fr\\\/#organization\",\"name\":\"Webdo\",\"alternateName\":\"Webdo.tn\",\"url\":\"https:\\\/\\\/www.webdo.tn\\\/fr\\\/\",\"logo\":{\"@type\":\"ImageObject\",\"inLanguage\":\"fr-FR\",\"@id\":\"https:\\\/\\\/www.webdo.tn\\\/fr\\\/#\\\/schema\\\/logo\\\/image\\\/\",\"url\":\"https:\\\/\\\/www.webdo.tn\\\/fr\\\/wp-content\\\/uploads\\\/2025\\\/06\\\/Webdo-Tunisie_168377.jpg\",\"contentUrl\":\"https:\\\/\\\/www.webdo.tn\\\/fr\\\/wp-content\\\/uploads\\\/2025\\\/06\\\/Webdo-Tunisie_168377.jpg\",\"width\":301,\"height\":301,\"caption\":\"Webdo\"},\"image\":{\"@id\":\"https:\\\/\\\/www.webdo.tn\\\/fr\\\/#\\\/schema\\\/logo\\\/image\\\/\"},\"sameAs\":[\"https:\\\/\\\/www.facebook.com\\\/webdotn\",\"https:\\\/\\\/x.com\\\/webdo_tn\"],\"description\":\"Webdo est un m\u00e9dia num\u00e9rique tunisien fond\u00e9 en 2010, sp\u00e9cialis\u00e9 dans l\u2019actualit\u00e9 nationale et internationale, l\u2019\u00e9conomie, la soci\u00e9t\u00e9 et les analyses politiques. Le site s\u2019adresse \u00e0 un large public francophone et couvre l\u2019information tunisienne en temps r\u00e9el.\",\"email\":\"redac@webdo.tn\",\"legalName\":\"YNJ SARL\",\"foundingDate\":\"2010-09-06\",\"numberOfEmployees\":{\"@type\":\"QuantitativeValue\",\"minValue\":\"11\",\"maxValue\":\"50\"}},{\"@type\":\"Person\",\"@id\":\"https:\\\/\\\/www.webdo.tn\\\/fr\\\/#\\\/schema\\\/person\\\/6bc0beba2cd23aec27cb5df85ca2554f\",\"name\":\"Hatem Bourial\",\"image\":{\"@type\":\"ImageObject\",\"inLanguage\":\"fr-FR\",\"@id\":\"https:\\\/\\\/www.webdo.tn\\\/fr\\\/wp-content\\\/uploads\\\/2026\\\/04\\\/hatem-bourial_avatar-96x96.jpg\",\"url\":\"https:\\\/\\\/www.webdo.tn\\\/fr\\\/wp-content\\\/uploads\\\/2026\\\/04\\\/hatem-bourial_avatar-96x96.jpg\",\"contentUrl\":\"https:\\\/\\\/www.webdo.tn\\\/fr\\\/wp-content\\\/uploads\\\/2026\\\/04\\\/hatem-bourial_avatar-96x96.jpg\",\"caption\":\"Hatem Bourial\"},\"description\":\"Hatem Bourial est journaliste, \u00e9crivain et chroniqueur tunisien. Actif depuis plusieurs d\u00e9cennies, il s\u2019est impos\u00e9 comme un observateur attentif de la soci\u00e9t\u00e9 tunisienne, m\u00ealant dans ses \u00e9crits m\u00e9moire, culture et analyse du quotidien. Auteur de nombreux ouvrages, il d\u00e9veloppe une \u0153uvre \u00e0 la crois\u00e9e du r\u00e9cit, de la po\u00e9sie et de l\u2019observation sociologique. Parall\u00e8lement \u00e0 ses contributions dans la presse, il intervient r\u00e9guli\u00e8rement \u00e0 la radio et dans des espaces culturels, o\u00f9 il explore les enjeux li\u00e9s au patrimoine, \u00e0 l\u2019identit\u00e9 et aux transformations du monde contemporain. \u00c0 travers ses chroniques, Hatem Bourial propose une lecture sensible et approfondie de l\u2019actualit\u00e9, nourrie par une exp\u00e9rience journalistique et litt\u00e9raire reconnue. \ud83d\udd17 Facebook : https:\\\/\\\/www.facebook.com\\\/hatem.bourial.2025\",\"sameAs\":[\"https:\\\/\\\/www.facebook.com\\\/hatem.bourial.2025\",\"https:\\\/\\\/fr.wikipedia.org\\\/wiki\\\/Fichier:Hatem_Bourial.jpg\"],\"knowsAbout\":[\"Culture & patrimoine tunisien\",\"Chronique soci\u00e9tale\",\"Litt\u00e9rature & m\u00e9moire\",\"Cin\u00e9ma & critique culturelle\",\"Identit\u00e9 & mutations sociales\"],\"knowsLanguage\":[\"Arabe\",\"Fran\u00e7ais\",\"Anglais\",\"Italien\",\"Polonais\"],\"jobTitle\":\"Journaliste, \u00e9crivain et chroniqueur culturel\",\"worksFor\":\"Webdo\",\"url\":\"https:\\\/\\\/www.webdo.tn\\\/fr\\\/actualite\\\/author\\\/hatem-bourial-2\\\/\"}]}<\/script>\n<!-- \/ Yoast SEO Premium plugin. -->","yoast_head_json":{"title":"J'ai deux patries : la Tunisie et la langue fran\u00e7aise","description":"Comment se porte la langue fran\u00e7aise aujourd'hui ? Quel est son statut ? Comment la d\u00e9fendre et la promouvoir ?","canonical":"https:\/\/www.webdo.tn\/fr\/actualite\/chroniques\/j-ai-deux-patries-la-tunisie-et-la-langue-francaise\/208234\/","og_locale":"fr_FR","og_type":"article","og_title":"J'ai deux patries : la Tunisie et la langue fran\u00e7aise","og_description":"Comment se porte la langue fran\u00e7aise aujourd'hui ? Quel est son statut ? Comment la d\u00e9fendre et la promouvoir ?","og_url":"https:\/\/www.webdo.tn\/fr\/actualite\/chroniques\/j-ai-deux-patries-la-tunisie-et-la-langue-francaise\/208234\/","og_site_name":"webdo","article_publisher":"https:\/\/www.facebook.com\/webdotn","article_author":"https:\/\/www.facebook.com\/hatem.bourial.2025","article_published_time":"2023-08-28T10:07:00+00:00","og_image":[{"width":717,"height":382,"url":"https:\/\/www.webdo.tn\/fr\/wp-content\/uploads\/2023\/08\/99cd4a4001f1ffd91ffcf44ab5629f43.jpg","type":"image\/jpeg"}],"author":"Hatem Bourial","twitter_card":"summary_large_image","twitter_creator":"@webdo_tn","twitter_site":"@webdo_tn","twitter_misc":{"\u00c9crit par":"Hatem Bourial","Dur\u00e9e de lecture estim\u00e9e":"3 minutes"},"schema":{"@context":"https:\/\/schema.org","@graph":[{"@type":"NewsArticle","@id":"https:\/\/www.webdo.tn\/fr\/actualite\/chroniques\/j-ai-deux-patries-la-tunisie-et-la-langue-francaise\/208234\/#article","isPartOf":{"@id":"https:\/\/www.webdo.tn\/fr\/actualite\/chroniques\/j-ai-deux-patries-la-tunisie-et-la-langue-francaise\/208234\/"},"author":{"name":"Hatem Bourial","@id":"https:\/\/www.webdo.tn\/fr\/#\/schema\/person\/6bc0beba2cd23aec27cb5df85ca2554f"},"headline":"J&rsquo;ai deux patries : la Tunisie et la langue fran\u00e7aise","datePublished":"2023-08-28T10:07:00+00:00","mainEntityOfPage":{"@id":"https:\/\/www.webdo.tn\/fr\/actualite\/chroniques\/j-ai-deux-patries-la-tunisie-et-la-langue-francaise\/208234\/"},"wordCount":649,"commentCount":0,"publisher":{"@id":"https:\/\/www.webdo.tn\/fr\/#organization"},"image":{"@id":"https:\/\/www.webdo.tn\/fr\/actualite\/chroniques\/j-ai-deux-patries-la-tunisie-et-la-langue-francaise\/208234\/#primaryimage"},"thumbnailUrl":"https:\/\/www.webdo.tn\/fr\/wp-content\/uploads\/2023\/08\/99cd4a4001f1ffd91ffcf44ab5629f43.jpg","keywords":["\u00e9ducation","enseignement","fran\u00e7ais","langue","Tunisie"],"articleSection":["Chroniques"],"inLanguage":"fr-FR"},{"@type":"WebPage","@id":"https:\/\/www.webdo.tn\/fr\/actualite\/chroniques\/j-ai-deux-patries-la-tunisie-et-la-langue-francaise\/208234\/","url":"https:\/\/www.webdo.tn\/fr\/actualite\/chroniques\/j-ai-deux-patries-la-tunisie-et-la-langue-francaise\/208234\/","name":"J'ai deux patries : la Tunisie et la langue fran\u00e7aise","isPartOf":{"@id":"https:\/\/www.webdo.tn\/fr\/#website"},"primaryImageOfPage":{"@id":"https:\/\/www.webdo.tn\/fr\/actualite\/chroniques\/j-ai-deux-patries-la-tunisie-et-la-langue-francaise\/208234\/#primaryimage"},"image":{"@id":"https:\/\/www.webdo.tn\/fr\/actualite\/chroniques\/j-ai-deux-patries-la-tunisie-et-la-langue-francaise\/208234\/#primaryimage"},"thumbnailUrl":"https:\/\/www.webdo.tn\/fr\/wp-content\/uploads\/2023\/08\/99cd4a4001f1ffd91ffcf44ab5629f43.jpg","datePublished":"2023-08-28T10:07:00+00:00","description":"Comment se porte la langue fran\u00e7aise aujourd'hui ? Quel est son statut ? Comment la d\u00e9fendre et la promouvoir ?","breadcrumb":{"@id":"https:\/\/www.webdo.tn\/fr\/actualite\/chroniques\/j-ai-deux-patries-la-tunisie-et-la-langue-francaise\/208234\/#breadcrumb"},"inLanguage":"fr-FR","potentialAction":[{"@type":"ReadAction","target":["https:\/\/www.webdo.tn\/fr\/actualite\/chroniques\/j-ai-deux-patries-la-tunisie-et-la-langue-francaise\/208234\/"]}]},{"@type":"ImageObject","inLanguage":"fr-FR","@id":"https:\/\/www.webdo.tn\/fr\/actualite\/chroniques\/j-ai-deux-patries-la-tunisie-et-la-langue-francaise\/208234\/#primaryimage","url":"https:\/\/www.webdo.tn\/fr\/wp-content\/uploads\/2023\/08\/99cd4a4001f1ffd91ffcf44ab5629f43.jpg","contentUrl":"https:\/\/www.webdo.tn\/fr\/wp-content\/uploads\/2023\/08\/99cd4a4001f1ffd91ffcf44ab5629f43.jpg","width":717,"height":382,"caption":"J'ai deux patries : la Tunisie et la langue fran\u00e7aise"},{"@type":"BreadcrumbList","@id":"https:\/\/www.webdo.tn\/fr\/actualite\/chroniques\/j-ai-deux-patries-la-tunisie-et-la-langue-francaise\/208234\/#breadcrumb","itemListElement":[{"@type":"ListItem","position":1,"name":"Accueil","item":"https:\/\/www.webdo.tn\/fr\/"},{"@type":"ListItem","position":2,"name":"J&#8217;ai deux patries : la Tunisie et la langue fran\u00e7aise"}]},{"@type":"WebSite","@id":"https:\/\/www.webdo.tn\/fr\/#website","url":"https:\/\/www.webdo.tn\/fr\/","name":"webdo","description":"Tunisie - News en Tunisie et \u00e0 l&#039;international sur Webdo.tn","publisher":{"@id":"https:\/\/www.webdo.tn\/fr\/#organization"},"potentialAction":[{"@type":"SearchAction","target":{"@type":"EntryPoint","urlTemplate":"https:\/\/www.webdo.tn\/fr\/?s={search_term_string}"},"query-input":{"@type":"PropertyValueSpecification","valueRequired":true,"valueName":"search_term_string"}}],"inLanguage":"fr-FR"},{"@type":"Organization","@id":"https:\/\/www.webdo.tn\/fr\/#organization","name":"Webdo","alternateName":"Webdo.tn","url":"https:\/\/www.webdo.tn\/fr\/","logo":{"@type":"ImageObject","inLanguage":"fr-FR","@id":"https:\/\/www.webdo.tn\/fr\/#\/schema\/logo\/image\/","url":"https:\/\/www.webdo.tn\/fr\/wp-content\/uploads\/2025\/06\/Webdo-Tunisie_168377.jpg","contentUrl":"https:\/\/www.webdo.tn\/fr\/wp-content\/uploads\/2025\/06\/Webdo-Tunisie_168377.jpg","width":301,"height":301,"caption":"Webdo"},"image":{"@id":"https:\/\/www.webdo.tn\/fr\/#\/schema\/logo\/image\/"},"sameAs":["https:\/\/www.facebook.com\/webdotn","https:\/\/x.com\/webdo_tn"],"description":"Webdo est un m\u00e9dia num\u00e9rique tunisien fond\u00e9 en 2010, sp\u00e9cialis\u00e9 dans l\u2019actualit\u00e9 nationale et internationale, l\u2019\u00e9conomie, la soci\u00e9t\u00e9 et les analyses politiques. Le site s\u2019adresse \u00e0 un large public francophone et couvre l\u2019information tunisienne en temps r\u00e9el.","email":"redac@webdo.tn","legalName":"YNJ SARL","foundingDate":"2010-09-06","numberOfEmployees":{"@type":"QuantitativeValue","minValue":"11","maxValue":"50"}},{"@type":"Person","@id":"https:\/\/www.webdo.tn\/fr\/#\/schema\/person\/6bc0beba2cd23aec27cb5df85ca2554f","name":"Hatem Bourial","image":{"@type":"ImageObject","inLanguage":"fr-FR","@id":"https:\/\/www.webdo.tn\/fr\/wp-content\/uploads\/2026\/04\/hatem-bourial_avatar-96x96.jpg","url":"https:\/\/www.webdo.tn\/fr\/wp-content\/uploads\/2026\/04\/hatem-bourial_avatar-96x96.jpg","contentUrl":"https:\/\/www.webdo.tn\/fr\/wp-content\/uploads\/2026\/04\/hatem-bourial_avatar-96x96.jpg","caption":"Hatem Bourial"},"description":"Hatem Bourial est journaliste, \u00e9crivain et chroniqueur tunisien. Actif depuis plusieurs d\u00e9cennies, il s\u2019est impos\u00e9 comme un observateur attentif de la soci\u00e9t\u00e9 tunisienne, m\u00ealant dans ses \u00e9crits m\u00e9moire, culture et analyse du quotidien. Auteur de nombreux ouvrages, il d\u00e9veloppe une \u0153uvre \u00e0 la crois\u00e9e du r\u00e9cit, de la po\u00e9sie et de l\u2019observation sociologique. Parall\u00e8lement \u00e0 ses contributions dans la presse, il intervient r\u00e9guli\u00e8rement \u00e0 la radio et dans des espaces culturels, o\u00f9 il explore les enjeux li\u00e9s au patrimoine, \u00e0 l\u2019identit\u00e9 et aux transformations du monde contemporain. \u00c0 travers ses chroniques, Hatem Bourial propose une lecture sensible et approfondie de l\u2019actualit\u00e9, nourrie par une exp\u00e9rience journalistique et litt\u00e9raire reconnue. \ud83d\udd17 Facebook : https:\/\/www.facebook.com\/hatem.bourial.2025","sameAs":["https:\/\/www.facebook.com\/hatem.bourial.2025","https:\/\/fr.wikipedia.org\/wiki\/Fichier:Hatem_Bourial.jpg"],"knowsAbout":["Culture & patrimoine tunisien","Chronique soci\u00e9tale","Litt\u00e9rature & m\u00e9moire","Cin\u00e9ma & critique culturelle","Identit\u00e9 & mutations sociales"],"knowsLanguage":["Arabe","Fran\u00e7ais","Anglais","Italien","Polonais"],"jobTitle":"Journaliste, \u00e9crivain et chroniqueur culturel","worksFor":"Webdo","url":"https:\/\/www.webdo.tn\/fr\/actualite\/author\/hatem-bourial-2\/"}]}},"_links":{"self":[{"href":"https:\/\/www.webdo.tn\/fr\/wp-json\/wp\/v2\/posts\/208234","targetHints":{"allow":["GET"]}}],"collection":[{"href":"https:\/\/www.webdo.tn\/fr\/wp-json\/wp\/v2\/posts"}],"about":[{"href":"https:\/\/www.webdo.tn\/fr\/wp-json\/wp\/v2\/types\/post"}],"author":[{"embeddable":true,"href":"https:\/\/www.webdo.tn\/fr\/wp-json\/wp\/v2\/users\/3229"}],"replies":[{"embeddable":true,"href":"https:\/\/www.webdo.tn\/fr\/wp-json\/wp\/v2\/comments?post=208234"}],"version-history":[{"count":0,"href":"https:\/\/www.webdo.tn\/fr\/wp-json\/wp\/v2\/posts\/208234\/revisions"}],"wp:featuredmedia":[{"embeddable":true,"href":"https:\/\/www.webdo.tn\/fr\/wp-json\/wp\/v2\/media\/249453"}],"wp:attachment":[{"href":"https:\/\/www.webdo.tn\/fr\/wp-json\/wp\/v2\/media?parent=208234"}],"wp:term":[{"taxonomy":"category","embeddable":true,"href":"https:\/\/www.webdo.tn\/fr\/wp-json\/wp\/v2\/categories?post=208234"},{"taxonomy":"post_tag","embeddable":true,"href":"https:\/\/www.webdo.tn\/fr\/wp-json\/wp\/v2\/tags?post=208234"}],"curies":[{"name":"wp","href":"https:\/\/api.w.org\/{rel}","templated":true}]}}