{"id":208230,"date":"2023-08-28T08:57:00","date_gmt":"2023-08-28T08:57:00","guid":{"rendered":"https:\/\/www.webdo.tn\/fr\/blog\/palmares-du-fifak-2023\/208230\/"},"modified":"2025-05-17T21:12:20","modified_gmt":"2025-05-17T21:12:20","slug":"palmares-du-fifak-2023","status":"publish","type":"post","link":"https:\/\/www.webdo.tn\/fr\/actualite\/culture\/palmares-du-fifak-2023\/208230\/","title":{"rendered":"FIFAK 2023 : Palmar\u00e8s complet du festival international du film amateur de K\u00e9libia"},"content":{"rendered":"<p>La proclamation du verdict des diff\u00e9rents jurys du Festival international du film amateur de K\u00e9libia a eu lieu samedi lors de la soir\u00e9e de cl\u00f4ture de la trente-sixi\u00e8me \u00e9dition.<\/p>\n<p>\t\t\t\t\t\t\t\t\tSamedi \u00e0 K\u00e9libia, le palmar\u00e8s de la trente-sixi\u00e8me \u00e9dition du festival international du film amateur a \u00e9t\u00e9 annonc\u00e9 lors de la soir\u00e9e de cl\u00f4ture qui a \u00e9t\u00e9 suivie par un public important.<\/p>\n<p>Voici le palmar\u00e8s complet de cette \u00e9dition tel que recueilli par nos soins, en attendant le palmar\u00e8s officiel qui sera communiqu\u00e9 par la F\u00e9d\u00e9ration tunisienne des cin\u00e9astes amateurs qui organise le FIFAK depuis cinquante-neuf ans.<\/p>\n<p>1. Comp\u00e9tition internationale<\/p>\n<p>\tFaucon d&rsquo;or : \u00ab\u00a0Summer, City and a Camera\u00a0\u00bb du r\u00e9alisateur palestinien Anas Zawahri<br \/>\n\tPrix du meilleur film d&rsquo;animation : \u00ab\u00a0Waiter Wanted\u00a0\u00bb de Diana Alexandrovna Bolchakova (Russie)<br \/>\n\tPrix du meilleur film de fiction : \u00ab\u00a0Penniless Cin\u00e9ma\u00a0\u00bb de Ali Arefnasab (Iran)<br \/>\n\tPrix du meilleur documentaire : \u00ab\u00a0Summer, City and a camera\u00a0\u00bb de Anas Zawahri ( Palestine)<br \/>\n\tPrix sp\u00e9cial du jury :\u00a0 \u00ab\u00a0Days Without\u00a0\u00bb de Ivar Erik Yeoman (Estonie).<\/p>\n<p>Mentions sp\u00e9ciales<\/p>\n<p>\t\u00ab\u00a0\u00c0 l&rsquo;unisson\u00a0\u00bb de Nathalie Dunselman (France)<br \/>\n\t\u00ab\u00a0To the Moon and back\u00a0\u00bb de Shuqin Li (Japon)<br \/>\n\t\u00ab\u00a0Fishermen\u00a0\u00bb de Mahdi Zamanpoor Kisari (Iran).<\/p>\n<p>2. Comp\u00e9tition nationale<\/p>\n<p>\tGrand Prix :\u00a0 \u00ab\u00a0Encaged Bastards\u00a0\u00bb de Wadii Klai et Khalil Said (Club FTCA de Hammam Lif)<br \/>\n\tPrix sp\u00e9cial du jury : \u00ab\u00a0Bent Jbel\u00a0\u00bb de Hela Bergaoui<br \/>\n\tPrix du meilleur film d&rsquo;\u00e9cole : \u00ab\u00a0Six Towers\u00a0\u00bb de Maya Blouza<br \/>\n\tPrix du meilleur film amateur ind\u00e9pendant : \u00ab\u00a0Le figurant\u00a0\u00bb de Nebil Ben Rejeb et Justus Lodeman<\/p>\n<p>Le jury national a en outre attribu\u00e9 plusieurs mentions sp\u00e9ciales<\/p>\n<p>Mention sp\u00e9ciale pour le meilleur r\u00f4le masculin<\/p>\n<p>\tAlaaeddine Yakoubi (pour le film \u00ab\u00a0Narrow Gaze\u00a0\u00bb de Shady Khadhar)<br \/>\n\tEzzedine Baouj (pour le film \u00ab\u00a0Entre Deux\u00a0\u00bb de Heytham Moumni).<\/p>\n<p>Mention sp\u00e9ciale pour le meilleur r\u00f4le f\u00e9minin : Cyrine Ben Mrad pour le film \u00ab\u00a0Six Towers\u00a0\u00bb de Maya Blouza<\/p>\n<p>Mention sp\u00e9ciale d\u00e9cor : \u00ab\u00a0Samina\u00a0\u00bb d&rsquo;Ahmed Barkia<\/p>\n<p>Mention sp\u00e9ciale son :\u00a0 \u00ab\u00a0D\u00e9mons int\u00e9rieurs\u00a0\u00bb de Amir Belhadj<\/p>\n<p>Mention sp\u00e9ciale musique : \u00ab\u00a0Un amour dans le noir\u00a0\u00bb de Yassine Sammoud.<\/p>\n<p>3. Prix Comp\u00e9tition photo et sc\u00e9nario<\/p>\n<p>\tMeilleure exposition de groupe : Club FTCA de Menzel Bourguiba<br \/>\n\tPrix Meilleure photo : Amel Zidi<br \/>\n\tMention sp\u00e9ciale photo : Ahmed Ouertani<br \/>\n\tPrix du meilleur sc\u00e9nario : \u00ab\u00a0Bolt Driver\u00a0\u00bb de Aziz Barakati (Club FTCA de Hammam-Lif)<br \/>\n\tMention sp\u00e9ciale sc\u00e9nario :\u00a0 \u00ab\u00a0Bilad Al Morabaa\u00a0\u00bb de Houssem Ben Hamouda ( Club FTCA Hammam Ghezaz)<\/p>\n<p>Prix parall\u00e8les<\/p>\n<p>\tPrix de la ville de K\u00e9libia : \u00ab\u00a0Le Figurant\u00a0\u00bb de Nebil Ben Rejeb et Justus Lodeman<br \/>\n\tPrix de la Ligue tunisienne des droits de l&rsquo;homme : \u00ab\u00a0Vision floue\u00a0\u00bb de Khaoula Houiji<br \/>\n\tMention sp\u00e9ciale LTDH : \u00ab\u00a0Sire ex Machina\u00a0\u00bb de Safa Khiari Club FTCA Hammam-Lif)<br \/>\n\tPrix Amnesty International : \u00ab\u00a0Entre Deux\u00a0\u00bb de Heytham Moumni<br \/>\n\tPrix de l&rsquo;Association des r\u00e9alisateurs de films tunisiens : \u00ab\u00a0Entre les deux rives\u00a0\u00bb de Djitta Bellotto Nikolo<\/p>\n","protected":false},"excerpt":{"rendered":"<p>La proclamation du verdict des diff\u00e9rents jurys du Festival international du film amateur de K\u00e9libia a eu lieu samedi lors de la soir\u00e9e de cl\u00f4ture de la trente-&#8230;<\/p>\n","protected":false},"author":3229,"featured_media":278671,"comment_status":"open","ping_status":"closed","sticky":false,"template":"","format":"standard","meta":{"footnotes":""},"categories":[2594],"tags":[8038,8037,2723],"class_list":["post-208230","post","type-post","status-publish","format-standard","has-post-thumbnail","hentry","category-culture","tag-cinema-amateur","tag-fifak","tag-kelibia"],"yoast_head":"<!-- This site is optimized with the Yoast SEO Premium plugin v27.5 (Yoast SEO v27.5) - https:\/\/yoast.com\/product\/yoast-seo-premium-wordpress\/ -->\n<title>FIFAK 2023 : Palmar\u00e8s complet du festival international du film amateur de K\u00e9libia<\/title>\n<meta name=\"description\" content=\"La proclamation du verdict des diff\u00e9rents jurys du Festival international du film amateur de K\u00e9libia a eu lieu samedi lors de la soir\u00e9e de cl\u00f4ture de la trente-...\" \/>\n<link rel=\"canonical\" href=\"https:\/\/www.webdo.tn\/fr\/actualite\/culture\/palmares-du-fifak-2023\/208230\/\" \/>\n<meta property=\"og:locale\" content=\"fr_FR\" \/>\n<meta property=\"og:type\" content=\"article\" \/>\n<meta property=\"og:title\" content=\"FIFAK 2023 : Palmar\u00e8s complet du festival international du film amateur de K\u00e9libia\" \/>\n<meta property=\"og:description\" content=\"La proclamation du verdict des diff\u00e9rents jurys du Festival international du film amateur de K\u00e9libia a eu lieu samedi lors de la soir\u00e9e de cl\u00f4ture de la trente-...\" \/>\n<meta property=\"og:url\" content=\"https:\/\/www.webdo.tn\/fr\/actualite\/culture\/palmares-du-fifak-2023\/208230\/\" \/>\n<meta property=\"og:site_name\" content=\"webdo\" \/>\n<meta property=\"article:publisher\" content=\"https:\/\/www.facebook.com\/webdotn\" \/>\n<meta property=\"article:author\" content=\"https:\/\/www.facebook.com\/hatem.bourial.2025\" \/>\n<meta property=\"article:published_time\" content=\"2023-08-28T08:57:00+00:00\" \/>\n<meta property=\"article:modified_time\" content=\"2025-05-17T21:12:20+00:00\" \/>\n<meta property=\"og:image\" content=\"https:\/\/www.webdo.tn\/fr\/wp-content\/uploads\/2023\/08\/3168d28e27fb09b0bd3c4cd04e514fb5.jpg\" \/>\n\t<meta property=\"og:image:width\" content=\"720\" \/>\n\t<meta property=\"og:image:height\" content=\"384\" \/>\n\t<meta property=\"og:image:type\" content=\"image\/jpeg\" \/>\n<meta name=\"author\" content=\"Hatem Bourial\" \/>\n<meta name=\"twitter:card\" content=\"summary_large_image\" \/>\n<meta name=\"twitter:creator\" content=\"@webdo_tn\" \/>\n<meta name=\"twitter:site\" content=\"@webdo_tn\" \/>\n<meta name=\"twitter:label1\" content=\"\u00c9crit par\" \/>\n\t<meta name=\"twitter:data1\" content=\"Hatem Bourial\" \/>\n\t<meta name=\"twitter:label2\" content=\"Dur\u00e9e de lecture estim\u00e9e\" \/>\n\t<meta name=\"twitter:data2\" content=\"2 minutes\" \/>\n<script type=\"application\/ld+json\" class=\"yoast-schema-graph\">{\"@context\":\"https:\\\/\\\/schema.org\",\"@graph\":[{\"@type\":\"NewsArticle\",\"@id\":\"https:\\\/\\\/www.webdo.tn\\\/fr\\\/actualite\\\/culture\\\/palmares-du-fifak-2023\\\/208230\\\/#article\",\"isPartOf\":{\"@id\":\"https:\\\/\\\/www.webdo.tn\\\/fr\\\/actualite\\\/culture\\\/palmares-du-fifak-2023\\\/208230\\\/\"},\"author\":{\"name\":\"Hatem Bourial\",\"@id\":\"https:\\\/\\\/www.webdo.tn\\\/fr\\\/#\\\/schema\\\/person\\\/6bc0beba2cd23aec27cb5df85ca2554f\"},\"headline\":\"FIFAK 2023 : Palmar\u00e8s complet du festival international du film amateur de K\u00e9libia\",\"datePublished\":\"2023-08-28T08:57:00+00:00\",\"dateModified\":\"2025-05-17T21:12:20+00:00\",\"mainEntityOfPage\":{\"@id\":\"https:\\\/\\\/www.webdo.tn\\\/fr\\\/actualite\\\/culture\\\/palmares-du-fifak-2023\\\/208230\\\/\"},\"wordCount\":493,\"commentCount\":0,\"publisher\":{\"@id\":\"https:\\\/\\\/www.webdo.tn\\\/fr\\\/#organization\"},\"image\":{\"@id\":\"https:\\\/\\\/www.webdo.tn\\\/fr\\\/actualite\\\/culture\\\/palmares-du-fifak-2023\\\/208230\\\/#primaryimage\"},\"thumbnailUrl\":\"https:\\\/\\\/www.webdo.tn\\\/fr\\\/wp-content\\\/uploads\\\/2023\\\/08\\\/3168d28e27fb09b0bd3c4cd04e514fb5.jpg\",\"keywords\":[\"cin\u00e9ma amateur\",\"FIFAK\",\"k\u00e9libia\"],\"articleSection\":[\"Culture\"],\"inLanguage\":\"fr-FR\"},{\"@type\":\"WebPage\",\"@id\":\"https:\\\/\\\/www.webdo.tn\\\/fr\\\/actualite\\\/culture\\\/palmares-du-fifak-2023\\\/208230\\\/\",\"url\":\"https:\\\/\\\/www.webdo.tn\\\/fr\\\/actualite\\\/culture\\\/palmares-du-fifak-2023\\\/208230\\\/\",\"name\":\"FIFAK 2023 : Palmar\u00e8s complet du festival international du film amateur de K\u00e9libia\",\"isPartOf\":{\"@id\":\"https:\\\/\\\/www.webdo.tn\\\/fr\\\/#website\"},\"primaryImageOfPage\":{\"@id\":\"https:\\\/\\\/www.webdo.tn\\\/fr\\\/actualite\\\/culture\\\/palmares-du-fifak-2023\\\/208230\\\/#primaryimage\"},\"image\":{\"@id\":\"https:\\\/\\\/www.webdo.tn\\\/fr\\\/actualite\\\/culture\\\/palmares-du-fifak-2023\\\/208230\\\/#primaryimage\"},\"thumbnailUrl\":\"https:\\\/\\\/www.webdo.tn\\\/fr\\\/wp-content\\\/uploads\\\/2023\\\/08\\\/3168d28e27fb09b0bd3c4cd04e514fb5.jpg\",\"datePublished\":\"2023-08-28T08:57:00+00:00\",\"dateModified\":\"2025-05-17T21:12:20+00:00\",\"description\":\"La proclamation du verdict des diff\u00e9rents jurys du Festival international du film amateur de K\u00e9libia a eu lieu samedi lors de la soir\u00e9e de cl\u00f4ture de la trente-...\",\"breadcrumb\":{\"@id\":\"https:\\\/\\\/www.webdo.tn\\\/fr\\\/actualite\\\/culture\\\/palmares-du-fifak-2023\\\/208230\\\/#breadcrumb\"},\"inLanguage\":\"fr-FR\",\"potentialAction\":[{\"@type\":\"ReadAction\",\"target\":[\"https:\\\/\\\/www.webdo.tn\\\/fr\\\/actualite\\\/culture\\\/palmares-du-fifak-2023\\\/208230\\\/\"]}]},{\"@type\":\"ImageObject\",\"inLanguage\":\"fr-FR\",\"@id\":\"https:\\\/\\\/www.webdo.tn\\\/fr\\\/actualite\\\/culture\\\/palmares-du-fifak-2023\\\/208230\\\/#primaryimage\",\"url\":\"https:\\\/\\\/www.webdo.tn\\\/fr\\\/wp-content\\\/uploads\\\/2023\\\/08\\\/3168d28e27fb09b0bd3c4cd04e514fb5.jpg\",\"contentUrl\":\"https:\\\/\\\/www.webdo.tn\\\/fr\\\/wp-content\\\/uploads\\\/2023\\\/08\\\/3168d28e27fb09b0bd3c4cd04e514fb5.jpg\",\"width\":720,\"height\":384,\"caption\":\"FIFAK 2023 : Palmar\u00e8s complet du festival international du film amateur de K\u00e9libia\"},{\"@type\":\"BreadcrumbList\",\"@id\":\"https:\\\/\\\/www.webdo.tn\\\/fr\\\/actualite\\\/culture\\\/palmares-du-fifak-2023\\\/208230\\\/#breadcrumb\",\"itemListElement\":[{\"@type\":\"ListItem\",\"position\":1,\"name\":\"Accueil\",\"item\":\"https:\\\/\\\/www.webdo.tn\\\/fr\\\/\"},{\"@type\":\"ListItem\",\"position\":2,\"name\":\"FIFAK 2023 : Palmar\u00e8s complet du festival international du film amateur de K\u00e9libia\"}]},{\"@type\":\"WebSite\",\"@id\":\"https:\\\/\\\/www.webdo.tn\\\/fr\\\/#website\",\"url\":\"https:\\\/\\\/www.webdo.tn\\\/fr\\\/\",\"name\":\"webdo\",\"description\":\"Tunisie - News en Tunisie et \u00e0 l&#039;international sur Webdo.tn\",\"publisher\":{\"@id\":\"https:\\\/\\\/www.webdo.tn\\\/fr\\\/#organization\"},\"potentialAction\":[{\"@type\":\"SearchAction\",\"target\":{\"@type\":\"EntryPoint\",\"urlTemplate\":\"https:\\\/\\\/www.webdo.tn\\\/fr\\\/?s={search_term_string}\"},\"query-input\":{\"@type\":\"PropertyValueSpecification\",\"valueRequired\":true,\"valueName\":\"search_term_string\"}}],\"inLanguage\":\"fr-FR\"},{\"@type\":\"Organization\",\"@id\":\"https:\\\/\\\/www.webdo.tn\\\/fr\\\/#organization\",\"name\":\"Webdo\",\"alternateName\":\"Webdo.tn\",\"url\":\"https:\\\/\\\/www.webdo.tn\\\/fr\\\/\",\"logo\":{\"@type\":\"ImageObject\",\"inLanguage\":\"fr-FR\",\"@id\":\"https:\\\/\\\/www.webdo.tn\\\/fr\\\/#\\\/schema\\\/logo\\\/image\\\/\",\"url\":\"https:\\\/\\\/www.webdo.tn\\\/fr\\\/wp-content\\\/uploads\\\/2025\\\/06\\\/Webdo-Tunisie_168377.jpg\",\"contentUrl\":\"https:\\\/\\\/www.webdo.tn\\\/fr\\\/wp-content\\\/uploads\\\/2025\\\/06\\\/Webdo-Tunisie_168377.jpg\",\"width\":301,\"height\":301,\"caption\":\"Webdo\"},\"image\":{\"@id\":\"https:\\\/\\\/www.webdo.tn\\\/fr\\\/#\\\/schema\\\/logo\\\/image\\\/\"},\"sameAs\":[\"https:\\\/\\\/www.facebook.com\\\/webdotn\",\"https:\\\/\\\/x.com\\\/webdo_tn\"],\"description\":\"Webdo est un m\u00e9dia num\u00e9rique tunisien fond\u00e9 en 2010, sp\u00e9cialis\u00e9 dans l\u2019actualit\u00e9 nationale et internationale, l\u2019\u00e9conomie, la soci\u00e9t\u00e9 et les analyses politiques. Le site s\u2019adresse \u00e0 un large public francophone et couvre l\u2019information tunisienne en temps r\u00e9el.\",\"email\":\"redac@webdo.tn\",\"legalName\":\"YNJ SARL\",\"foundingDate\":\"2010-09-06\",\"numberOfEmployees\":{\"@type\":\"QuantitativeValue\",\"minValue\":\"11\",\"maxValue\":\"50\"}},{\"@type\":\"Person\",\"@id\":\"https:\\\/\\\/www.webdo.tn\\\/fr\\\/#\\\/schema\\\/person\\\/6bc0beba2cd23aec27cb5df85ca2554f\",\"name\":\"Hatem Bourial\",\"image\":{\"@type\":\"ImageObject\",\"inLanguage\":\"fr-FR\",\"@id\":\"https:\\\/\\\/www.webdo.tn\\\/fr\\\/wp-content\\\/uploads\\\/2026\\\/04\\\/hatem-bourial_avatar-96x96.jpg\",\"url\":\"https:\\\/\\\/www.webdo.tn\\\/fr\\\/wp-content\\\/uploads\\\/2026\\\/04\\\/hatem-bourial_avatar-96x96.jpg\",\"contentUrl\":\"https:\\\/\\\/www.webdo.tn\\\/fr\\\/wp-content\\\/uploads\\\/2026\\\/04\\\/hatem-bourial_avatar-96x96.jpg\",\"caption\":\"Hatem Bourial\"},\"description\":\"Hatem Bourial est journaliste, \u00e9crivain et chroniqueur tunisien. Actif depuis plusieurs d\u00e9cennies, il s\u2019est impos\u00e9 comme un observateur attentif de la soci\u00e9t\u00e9 tunisienne, m\u00ealant dans ses \u00e9crits m\u00e9moire, culture et analyse du quotidien. Auteur de nombreux ouvrages, il d\u00e9veloppe une \u0153uvre \u00e0 la crois\u00e9e du r\u00e9cit, de la po\u00e9sie et de l\u2019observation sociologique. Parall\u00e8lement \u00e0 ses contributions dans la presse, il intervient r\u00e9guli\u00e8rement \u00e0 la radio et dans des espaces culturels, o\u00f9 il explore les enjeux li\u00e9s au patrimoine, \u00e0 l\u2019identit\u00e9 et aux transformations du monde contemporain. \u00c0 travers ses chroniques, Hatem Bourial propose une lecture sensible et approfondie de l\u2019actualit\u00e9, nourrie par une exp\u00e9rience journalistique et litt\u00e9raire reconnue. \ud83d\udd17 Facebook : https:\\\/\\\/www.facebook.com\\\/hatem.bourial.2025\",\"sameAs\":[\"https:\\\/\\\/www.facebook.com\\\/hatem.bourial.2025\",\"https:\\\/\\\/fr.wikipedia.org\\\/wiki\\\/Fichier:Hatem_Bourial.jpg\"],\"knowsAbout\":[\"Culture & patrimoine tunisien\",\"Chronique soci\u00e9tale\",\"Litt\u00e9rature & m\u00e9moire\",\"Cin\u00e9ma & critique culturelle\",\"Identit\u00e9 & mutations sociales\"],\"knowsLanguage\":[\"Arabe\",\"Fran\u00e7ais\",\"Anglais\",\"Italien\",\"Polonais\"],\"jobTitle\":\"Journaliste, \u00e9crivain et chroniqueur culturel\",\"worksFor\":\"Webdo\",\"url\":\"https:\\\/\\\/www.webdo.tn\\\/fr\\\/actualite\\\/author\\\/hatem-bourial-2\\\/\"}]}<\/script>\n<!-- \/ Yoast SEO Premium plugin. -->","yoast_head_json":{"title":"FIFAK 2023 : Palmar\u00e8s complet du festival international du film amateur de K\u00e9libia","description":"La proclamation du verdict des diff\u00e9rents jurys du Festival international du film amateur de K\u00e9libia a eu lieu samedi lors de la soir\u00e9e de cl\u00f4ture de la trente-...","canonical":"https:\/\/www.webdo.tn\/fr\/actualite\/culture\/palmares-du-fifak-2023\/208230\/","og_locale":"fr_FR","og_type":"article","og_title":"FIFAK 2023 : Palmar\u00e8s complet du festival international du film amateur de K\u00e9libia","og_description":"La proclamation du verdict des diff\u00e9rents jurys du Festival international du film amateur de K\u00e9libia a eu lieu samedi lors de la soir\u00e9e de cl\u00f4ture de la trente-...","og_url":"https:\/\/www.webdo.tn\/fr\/actualite\/culture\/palmares-du-fifak-2023\/208230\/","og_site_name":"webdo","article_publisher":"https:\/\/www.facebook.com\/webdotn","article_author":"https:\/\/www.facebook.com\/hatem.bourial.2025","article_published_time":"2023-08-28T08:57:00+00:00","article_modified_time":"2025-05-17T21:12:20+00:00","og_image":[{"width":720,"height":384,"url":"https:\/\/www.webdo.tn\/fr\/wp-content\/uploads\/2023\/08\/3168d28e27fb09b0bd3c4cd04e514fb5.jpg","type":"image\/jpeg"}],"author":"Hatem Bourial","twitter_card":"summary_large_image","twitter_creator":"@webdo_tn","twitter_site":"@webdo_tn","twitter_misc":{"\u00c9crit par":"Hatem Bourial","Dur\u00e9e de lecture estim\u00e9e":"2 minutes"},"schema":{"@context":"https:\/\/schema.org","@graph":[{"@type":"NewsArticle","@id":"https:\/\/www.webdo.tn\/fr\/actualite\/culture\/palmares-du-fifak-2023\/208230\/#article","isPartOf":{"@id":"https:\/\/www.webdo.tn\/fr\/actualite\/culture\/palmares-du-fifak-2023\/208230\/"},"author":{"name":"Hatem Bourial","@id":"https:\/\/www.webdo.tn\/fr\/#\/schema\/person\/6bc0beba2cd23aec27cb5df85ca2554f"},"headline":"FIFAK 2023 : Palmar\u00e8s complet du festival international du film amateur de K\u00e9libia","datePublished":"2023-08-28T08:57:00+00:00","dateModified":"2025-05-17T21:12:20+00:00","mainEntityOfPage":{"@id":"https:\/\/www.webdo.tn\/fr\/actualite\/culture\/palmares-du-fifak-2023\/208230\/"},"wordCount":493,"commentCount":0,"publisher":{"@id":"https:\/\/www.webdo.tn\/fr\/#organization"},"image":{"@id":"https:\/\/www.webdo.tn\/fr\/actualite\/culture\/palmares-du-fifak-2023\/208230\/#primaryimage"},"thumbnailUrl":"https:\/\/www.webdo.tn\/fr\/wp-content\/uploads\/2023\/08\/3168d28e27fb09b0bd3c4cd04e514fb5.jpg","keywords":["cin\u00e9ma amateur","FIFAK","k\u00e9libia"],"articleSection":["Culture"],"inLanguage":"fr-FR"},{"@type":"WebPage","@id":"https:\/\/www.webdo.tn\/fr\/actualite\/culture\/palmares-du-fifak-2023\/208230\/","url":"https:\/\/www.webdo.tn\/fr\/actualite\/culture\/palmares-du-fifak-2023\/208230\/","name":"FIFAK 2023 : Palmar\u00e8s complet du festival international du film amateur de K\u00e9libia","isPartOf":{"@id":"https:\/\/www.webdo.tn\/fr\/#website"},"primaryImageOfPage":{"@id":"https:\/\/www.webdo.tn\/fr\/actualite\/culture\/palmares-du-fifak-2023\/208230\/#primaryimage"},"image":{"@id":"https:\/\/www.webdo.tn\/fr\/actualite\/culture\/palmares-du-fifak-2023\/208230\/#primaryimage"},"thumbnailUrl":"https:\/\/www.webdo.tn\/fr\/wp-content\/uploads\/2023\/08\/3168d28e27fb09b0bd3c4cd04e514fb5.jpg","datePublished":"2023-08-28T08:57:00+00:00","dateModified":"2025-05-17T21:12:20+00:00","description":"La proclamation du verdict des diff\u00e9rents jurys du Festival international du film amateur de K\u00e9libia a eu lieu samedi lors de la soir\u00e9e de cl\u00f4ture de la trente-...","breadcrumb":{"@id":"https:\/\/www.webdo.tn\/fr\/actualite\/culture\/palmares-du-fifak-2023\/208230\/#breadcrumb"},"inLanguage":"fr-FR","potentialAction":[{"@type":"ReadAction","target":["https:\/\/www.webdo.tn\/fr\/actualite\/culture\/palmares-du-fifak-2023\/208230\/"]}]},{"@type":"ImageObject","inLanguage":"fr-FR","@id":"https:\/\/www.webdo.tn\/fr\/actualite\/culture\/palmares-du-fifak-2023\/208230\/#primaryimage","url":"https:\/\/www.webdo.tn\/fr\/wp-content\/uploads\/2023\/08\/3168d28e27fb09b0bd3c4cd04e514fb5.jpg","contentUrl":"https:\/\/www.webdo.tn\/fr\/wp-content\/uploads\/2023\/08\/3168d28e27fb09b0bd3c4cd04e514fb5.jpg","width":720,"height":384,"caption":"FIFAK 2023 : Palmar\u00e8s complet du festival international du film amateur de K\u00e9libia"},{"@type":"BreadcrumbList","@id":"https:\/\/www.webdo.tn\/fr\/actualite\/culture\/palmares-du-fifak-2023\/208230\/#breadcrumb","itemListElement":[{"@type":"ListItem","position":1,"name":"Accueil","item":"https:\/\/www.webdo.tn\/fr\/"},{"@type":"ListItem","position":2,"name":"FIFAK 2023 : Palmar\u00e8s complet du festival international du film amateur de K\u00e9libia"}]},{"@type":"WebSite","@id":"https:\/\/www.webdo.tn\/fr\/#website","url":"https:\/\/www.webdo.tn\/fr\/","name":"webdo","description":"Tunisie - News en Tunisie et \u00e0 l&#039;international sur Webdo.tn","publisher":{"@id":"https:\/\/www.webdo.tn\/fr\/#organization"},"potentialAction":[{"@type":"SearchAction","target":{"@type":"EntryPoint","urlTemplate":"https:\/\/www.webdo.tn\/fr\/?s={search_term_string}"},"query-input":{"@type":"PropertyValueSpecification","valueRequired":true,"valueName":"search_term_string"}}],"inLanguage":"fr-FR"},{"@type":"Organization","@id":"https:\/\/www.webdo.tn\/fr\/#organization","name":"Webdo","alternateName":"Webdo.tn","url":"https:\/\/www.webdo.tn\/fr\/","logo":{"@type":"ImageObject","inLanguage":"fr-FR","@id":"https:\/\/www.webdo.tn\/fr\/#\/schema\/logo\/image\/","url":"https:\/\/www.webdo.tn\/fr\/wp-content\/uploads\/2025\/06\/Webdo-Tunisie_168377.jpg","contentUrl":"https:\/\/www.webdo.tn\/fr\/wp-content\/uploads\/2025\/06\/Webdo-Tunisie_168377.jpg","width":301,"height":301,"caption":"Webdo"},"image":{"@id":"https:\/\/www.webdo.tn\/fr\/#\/schema\/logo\/image\/"},"sameAs":["https:\/\/www.facebook.com\/webdotn","https:\/\/x.com\/webdo_tn"],"description":"Webdo est un m\u00e9dia num\u00e9rique tunisien fond\u00e9 en 2010, sp\u00e9cialis\u00e9 dans l\u2019actualit\u00e9 nationale et internationale, l\u2019\u00e9conomie, la soci\u00e9t\u00e9 et les analyses politiques. Le site s\u2019adresse \u00e0 un large public francophone et couvre l\u2019information tunisienne en temps r\u00e9el.","email":"redac@webdo.tn","legalName":"YNJ SARL","foundingDate":"2010-09-06","numberOfEmployees":{"@type":"QuantitativeValue","minValue":"11","maxValue":"50"}},{"@type":"Person","@id":"https:\/\/www.webdo.tn\/fr\/#\/schema\/person\/6bc0beba2cd23aec27cb5df85ca2554f","name":"Hatem Bourial","image":{"@type":"ImageObject","inLanguage":"fr-FR","@id":"https:\/\/www.webdo.tn\/fr\/wp-content\/uploads\/2026\/04\/hatem-bourial_avatar-96x96.jpg","url":"https:\/\/www.webdo.tn\/fr\/wp-content\/uploads\/2026\/04\/hatem-bourial_avatar-96x96.jpg","contentUrl":"https:\/\/www.webdo.tn\/fr\/wp-content\/uploads\/2026\/04\/hatem-bourial_avatar-96x96.jpg","caption":"Hatem Bourial"},"description":"Hatem Bourial est journaliste, \u00e9crivain et chroniqueur tunisien. Actif depuis plusieurs d\u00e9cennies, il s\u2019est impos\u00e9 comme un observateur attentif de la soci\u00e9t\u00e9 tunisienne, m\u00ealant dans ses \u00e9crits m\u00e9moire, culture et analyse du quotidien. Auteur de nombreux ouvrages, il d\u00e9veloppe une \u0153uvre \u00e0 la crois\u00e9e du r\u00e9cit, de la po\u00e9sie et de l\u2019observation sociologique. Parall\u00e8lement \u00e0 ses contributions dans la presse, il intervient r\u00e9guli\u00e8rement \u00e0 la radio et dans des espaces culturels, o\u00f9 il explore les enjeux li\u00e9s au patrimoine, \u00e0 l\u2019identit\u00e9 et aux transformations du monde contemporain. \u00c0 travers ses chroniques, Hatem Bourial propose une lecture sensible et approfondie de l\u2019actualit\u00e9, nourrie par une exp\u00e9rience journalistique et litt\u00e9raire reconnue. \ud83d\udd17 Facebook : https:\/\/www.facebook.com\/hatem.bourial.2025","sameAs":["https:\/\/www.facebook.com\/hatem.bourial.2025","https:\/\/fr.wikipedia.org\/wiki\/Fichier:Hatem_Bourial.jpg"],"knowsAbout":["Culture & patrimoine tunisien","Chronique soci\u00e9tale","Litt\u00e9rature & m\u00e9moire","Cin\u00e9ma & critique culturelle","Identit\u00e9 & mutations sociales"],"knowsLanguage":["Arabe","Fran\u00e7ais","Anglais","Italien","Polonais"],"jobTitle":"Journaliste, \u00e9crivain et chroniqueur culturel","worksFor":"Webdo","url":"https:\/\/www.webdo.tn\/fr\/actualite\/author\/hatem-bourial-2\/"}]}},"_links":{"self":[{"href":"https:\/\/www.webdo.tn\/fr\/wp-json\/wp\/v2\/posts\/208230","targetHints":{"allow":["GET"]}}],"collection":[{"href":"https:\/\/www.webdo.tn\/fr\/wp-json\/wp\/v2\/posts"}],"about":[{"href":"https:\/\/www.webdo.tn\/fr\/wp-json\/wp\/v2\/types\/post"}],"author":[{"embeddable":true,"href":"https:\/\/www.webdo.tn\/fr\/wp-json\/wp\/v2\/users\/3229"}],"replies":[{"embeddable":true,"href":"https:\/\/www.webdo.tn\/fr\/wp-json\/wp\/v2\/comments?post=208230"}],"version-history":[{"count":0,"href":"https:\/\/www.webdo.tn\/fr\/wp-json\/wp\/v2\/posts\/208230\/revisions"}],"wp:featuredmedia":[{"embeddable":true,"href":"https:\/\/www.webdo.tn\/fr\/wp-json\/wp\/v2\/media\/278671"}],"wp:attachment":[{"href":"https:\/\/www.webdo.tn\/fr\/wp-json\/wp\/v2\/media?parent=208230"}],"wp:term":[{"taxonomy":"category","embeddable":true,"href":"https:\/\/www.webdo.tn\/fr\/wp-json\/wp\/v2\/categories?post=208230"},{"taxonomy":"post_tag","embeddable":true,"href":"https:\/\/www.webdo.tn\/fr\/wp-json\/wp\/v2\/tags?post=208230"}],"curies":[{"name":"wp","href":"https:\/\/api.w.org\/{rel}","templated":true}]}}