{"id":208212,"date":"2023-08-26T10:54:00","date_gmt":"2023-08-26T10:54:00","guid":{"rendered":"https:\/\/www.webdo.tn\/fr\/blog\/mandat-de-depot-contre-le-president-de-la-chambre-des-boulangers\/208212\/"},"modified":"2025-05-20T22:09:52","modified_gmt":"2025-05-20T22:09:52","slug":"mandat-de-depot-contre-le-president-de-la-chambre-des-boulangers","status":"publish","type":"post","link":"https:\/\/www.webdo.tn\/fr\/actualite\/national\/mandat-de-depot-contre-le-president-de-la-chambre-des-boulangers\/208212\/","title":{"rendered":"Mandat de d\u00e9p\u00f4t contre le pr\u00e9sident de la chambre des boulangers"},"content":{"rendered":"<p>Le juge d&rsquo;instruction du p\u00f4le judiciaire financier a \u00e9mis un mandat de d\u00e9p\u00f4t \u00e0 l&rsquo;encontre du pr\u00e9sident de la Chambre nationale des propri\u00e9taires de boulangerie.<\/p>\n<p>\t\t\t\t\t\t\t\t\tCe mandat de d\u00e9p\u00f4t a \u00e9t\u00e9 \u00e9mis dans le cadre de l&rsquo;affaire de blanchiment d&rsquo;argent, sp\u00e9culation et monopole de denr\u00e9es subventionn\u00e9es, rapporte ce samedi 26 ao\u00fbt 2023 Mosaique fm, ajoutant qu\u2019un mandat de d\u00e9p\u00f4t a \u00e9galement \u00e9t\u00e9 \u00e9mis contre le g\u00e9rant d&rsquo;une soci\u00e9t\u00e9 de minoteries, dans le cadre de la m\u00eame affaire.<\/p>\n<p>Une troisi\u00e8me personne a \u00e9t\u00e9 maintenue en libert\u00e9 mais a \u00e9t\u00e9 interdite de voyage par le m\u00eame juge d\u2019instruction toujours dans le cadre de cette affaire.<\/p>\n<p>Le pr\u00e9sident de la Chambre des propri\u00e9taires de boulangeries, le propri\u00e9taire d&rsquo;une soci\u00e9t\u00e9 de minoteries et son g\u00e9rant avaient \u00e9t\u00e9 plac\u00e9s en garde \u00e0 vue la semaine derni\u00e8re sur d\u00e9cision du parquet du Tribunal de premi\u00e8re instance de Tunis.<\/p>\n","protected":false},"excerpt":{"rendered":"<p>Le juge d&rsquo;instruction du p\u00f4le judiciaire financier a \u00e9mis un mandat de d\u00e9p\u00f4t \u00e0 l&rsquo;encontre du pr\u00e9sident de la Chambre nationale des propri\u00e9taires de boulangerie.<\/p>\n","protected":false},"author":3162,"featured_media":278653,"comment_status":"open","ping_status":"closed","sticky":false,"template":"","format":"standard","meta":{"footnotes":""},"categories":[44],"tags":[7909,2886,8101],"class_list":["post-208212","post","type-post","status-publish","format-standard","has-post-thumbnail","hentry","category-national","tag-boulangeries","tag-mandat-de-depot","tag-produits-subventionnes"],"yoast_head":"<!-- This site is optimized with the Yoast SEO Premium plugin v27.5 (Yoast SEO v27.5) - https:\/\/yoast.com\/product\/yoast-seo-premium-wordpress\/ -->\n<title>Mandat de d\u00e9p\u00f4t contre le pr\u00e9sident de la chambre des boulangers<\/title>\n<meta name=\"description\" content=\"Le juge d&#039;instruction du p\u00f4le judiciaire financier a \u00e9mis un mandat de d\u00e9p\u00f4t \u00e0 l&#039;encontre du pr\u00e9sident de la Chambre nationale des propri\u00e9taires de boulangerie.\" \/>\n<link rel=\"canonical\" href=\"https:\/\/www.webdo.tn\/fr\/actualite\/national\/mandat-de-depot-contre-le-president-de-la-chambre-des-boulangers\/208212\/\" \/>\n<meta property=\"og:locale\" content=\"fr_FR\" \/>\n<meta property=\"og:type\" content=\"article\" \/>\n<meta property=\"og:title\" content=\"Mandat de d\u00e9p\u00f4t contre le pr\u00e9sident de la chambre des boulangers\" \/>\n<meta property=\"og:description\" content=\"Le juge d&#039;instruction du p\u00f4le judiciaire financier a \u00e9mis un mandat de d\u00e9p\u00f4t \u00e0 l&#039;encontre du pr\u00e9sident de la Chambre nationale des propri\u00e9taires de boulangerie.\" \/>\n<meta property=\"og:url\" content=\"https:\/\/www.webdo.tn\/fr\/actualite\/national\/mandat-de-depot-contre-le-president-de-la-chambre-des-boulangers\/208212\/\" \/>\n<meta property=\"og:site_name\" content=\"webdo\" \/>\n<meta property=\"article:publisher\" content=\"https:\/\/www.facebook.com\/webdotn\" \/>\n<meta property=\"article:published_time\" content=\"2023-08-26T10:54:00+00:00\" \/>\n<meta property=\"article:modified_time\" content=\"2025-05-20T22:09:52+00:00\" \/>\n<meta property=\"og:image\" content=\"https:\/\/www.webdo.tn\/fr\/wp-content\/uploads\/2023\/08\/df4bb01ce95237366ff206995f95fefb.jpg\" \/>\n\t<meta property=\"og:image:width\" content=\"750\" \/>\n\t<meta property=\"og:image:height\" content=\"400\" \/>\n\t<meta property=\"og:image:type\" content=\"image\/jpeg\" \/>\n<meta name=\"author\" content=\"MC\" \/>\n<meta name=\"twitter:card\" content=\"summary_large_image\" \/>\n<meta name=\"twitter:creator\" content=\"@webdo_tn\" \/>\n<meta name=\"twitter:site\" content=\"@webdo_tn\" \/>\n<meta name=\"twitter:label1\" content=\"\u00c9crit par\" \/>\n\t<meta name=\"twitter:data1\" content=\"MC\" \/>\n\t<meta name=\"twitter:label2\" content=\"Dur\u00e9e de lecture estim\u00e9e\" \/>\n\t<meta name=\"twitter:data2\" content=\"1 minute\" \/>\n<script type=\"application\/ld+json\" class=\"yoast-schema-graph\">{\"@context\":\"https:\\\/\\\/schema.org\",\"@graph\":[{\"@type\":\"NewsArticle\",\"@id\":\"https:\\\/\\\/www.webdo.tn\\\/fr\\\/actualite\\\/national\\\/mandat-de-depot-contre-le-president-de-la-chambre-des-boulangers\\\/208212\\\/#article\",\"isPartOf\":{\"@id\":\"https:\\\/\\\/www.webdo.tn\\\/fr\\\/actualite\\\/national\\\/mandat-de-depot-contre-le-president-de-la-chambre-des-boulangers\\\/208212\\\/\"},\"author\":{\"name\":\"MC\",\"@id\":\"https:\\\/\\\/www.webdo.tn\\\/fr\\\/#\\\/schema\\\/person\\\/2c4929cbf5a809e3bd38617c6ce150f6\"},\"headline\":\"Mandat de d\u00e9p\u00f4t contre le pr\u00e9sident de la chambre des boulangers\",\"datePublished\":\"2023-08-26T10:54:00+00:00\",\"dateModified\":\"2025-05-20T22:09:52+00:00\",\"mainEntityOfPage\":{\"@id\":\"https:\\\/\\\/www.webdo.tn\\\/fr\\\/actualite\\\/national\\\/mandat-de-depot-contre-le-president-de-la-chambre-des-boulangers\\\/208212\\\/\"},\"wordCount\":187,\"commentCount\":0,\"publisher\":{\"@id\":\"https:\\\/\\\/www.webdo.tn\\\/fr\\\/#organization\"},\"image\":{\"@id\":\"https:\\\/\\\/www.webdo.tn\\\/fr\\\/actualite\\\/national\\\/mandat-de-depot-contre-le-president-de-la-chambre-des-boulangers\\\/208212\\\/#primaryimage\"},\"thumbnailUrl\":\"https:\\\/\\\/www.webdo.tn\\\/fr\\\/wp-content\\\/uploads\\\/2023\\\/08\\\/df4bb01ce95237366ff206995f95fefb.jpg\",\"keywords\":[\"boulangeries\",\"mandat de d\u00e9p\u00f4t\",\"Produits subventionn\u00e9s\"],\"articleSection\":[\"National\"],\"inLanguage\":\"fr-FR\"},{\"@type\":\"WebPage\",\"@id\":\"https:\\\/\\\/www.webdo.tn\\\/fr\\\/actualite\\\/national\\\/mandat-de-depot-contre-le-president-de-la-chambre-des-boulangers\\\/208212\\\/\",\"url\":\"https:\\\/\\\/www.webdo.tn\\\/fr\\\/actualite\\\/national\\\/mandat-de-depot-contre-le-president-de-la-chambre-des-boulangers\\\/208212\\\/\",\"name\":\"Mandat de d\u00e9p\u00f4t contre le pr\u00e9sident de la chambre des boulangers\",\"isPartOf\":{\"@id\":\"https:\\\/\\\/www.webdo.tn\\\/fr\\\/#website\"},\"primaryImageOfPage\":{\"@id\":\"https:\\\/\\\/www.webdo.tn\\\/fr\\\/actualite\\\/national\\\/mandat-de-depot-contre-le-president-de-la-chambre-des-boulangers\\\/208212\\\/#primaryimage\"},\"image\":{\"@id\":\"https:\\\/\\\/www.webdo.tn\\\/fr\\\/actualite\\\/national\\\/mandat-de-depot-contre-le-president-de-la-chambre-des-boulangers\\\/208212\\\/#primaryimage\"},\"thumbnailUrl\":\"https:\\\/\\\/www.webdo.tn\\\/fr\\\/wp-content\\\/uploads\\\/2023\\\/08\\\/df4bb01ce95237366ff206995f95fefb.jpg\",\"datePublished\":\"2023-08-26T10:54:00+00:00\",\"dateModified\":\"2025-05-20T22:09:52+00:00\",\"description\":\"Le juge d'instruction du p\u00f4le judiciaire financier a \u00e9mis un mandat de d\u00e9p\u00f4t \u00e0 l'encontre du pr\u00e9sident de la Chambre nationale des propri\u00e9taires de boulangerie.\",\"breadcrumb\":{\"@id\":\"https:\\\/\\\/www.webdo.tn\\\/fr\\\/actualite\\\/national\\\/mandat-de-depot-contre-le-president-de-la-chambre-des-boulangers\\\/208212\\\/#breadcrumb\"},\"inLanguage\":\"fr-FR\",\"potentialAction\":[{\"@type\":\"ReadAction\",\"target\":[\"https:\\\/\\\/www.webdo.tn\\\/fr\\\/actualite\\\/national\\\/mandat-de-depot-contre-le-president-de-la-chambre-des-boulangers\\\/208212\\\/\"]}]},{\"@type\":\"ImageObject\",\"inLanguage\":\"fr-FR\",\"@id\":\"https:\\\/\\\/www.webdo.tn\\\/fr\\\/actualite\\\/national\\\/mandat-de-depot-contre-le-president-de-la-chambre-des-boulangers\\\/208212\\\/#primaryimage\",\"url\":\"https:\\\/\\\/www.webdo.tn\\\/fr\\\/wp-content\\\/uploads\\\/2023\\\/08\\\/df4bb01ce95237366ff206995f95fefb.jpg\",\"contentUrl\":\"https:\\\/\\\/www.webdo.tn\\\/fr\\\/wp-content\\\/uploads\\\/2023\\\/08\\\/df4bb01ce95237366ff206995f95fefb.jpg\",\"width\":750,\"height\":400,\"caption\":\"Mandat de d\u00e9p\u00f4t contre le pr\u00e9sident de la chambre des boulangers\"},{\"@type\":\"BreadcrumbList\",\"@id\":\"https:\\\/\\\/www.webdo.tn\\\/fr\\\/actualite\\\/national\\\/mandat-de-depot-contre-le-president-de-la-chambre-des-boulangers\\\/208212\\\/#breadcrumb\",\"itemListElement\":[{\"@type\":\"ListItem\",\"position\":1,\"name\":\"Accueil\",\"item\":\"https:\\\/\\\/www.webdo.tn\\\/fr\\\/\"},{\"@type\":\"ListItem\",\"position\":2,\"name\":\"Mandat de d\u00e9p\u00f4t contre le pr\u00e9sident de la chambre des boulangers\"}]},{\"@type\":\"WebSite\",\"@id\":\"https:\\\/\\\/www.webdo.tn\\\/fr\\\/#website\",\"url\":\"https:\\\/\\\/www.webdo.tn\\\/fr\\\/\",\"name\":\"webdo\",\"description\":\"Tunisie - News en Tunisie et \u00e0 l&#039;international sur Webdo.tn\",\"publisher\":{\"@id\":\"https:\\\/\\\/www.webdo.tn\\\/fr\\\/#organization\"},\"potentialAction\":[{\"@type\":\"SearchAction\",\"target\":{\"@type\":\"EntryPoint\",\"urlTemplate\":\"https:\\\/\\\/www.webdo.tn\\\/fr\\\/?s={search_term_string}\"},\"query-input\":{\"@type\":\"PropertyValueSpecification\",\"valueRequired\":true,\"valueName\":\"search_term_string\"}}],\"inLanguage\":\"fr-FR\"},{\"@type\":\"Organization\",\"@id\":\"https:\\\/\\\/www.webdo.tn\\\/fr\\\/#organization\",\"name\":\"Webdo\",\"alternateName\":\"Webdo.tn\",\"url\":\"https:\\\/\\\/www.webdo.tn\\\/fr\\\/\",\"logo\":{\"@type\":\"ImageObject\",\"inLanguage\":\"fr-FR\",\"@id\":\"https:\\\/\\\/www.webdo.tn\\\/fr\\\/#\\\/schema\\\/logo\\\/image\\\/\",\"url\":\"https:\\\/\\\/www.webdo.tn\\\/fr\\\/wp-content\\\/uploads\\\/2025\\\/06\\\/Webdo-Tunisie_168377.jpg\",\"contentUrl\":\"https:\\\/\\\/www.webdo.tn\\\/fr\\\/wp-content\\\/uploads\\\/2025\\\/06\\\/Webdo-Tunisie_168377.jpg\",\"width\":301,\"height\":301,\"caption\":\"Webdo\"},\"image\":{\"@id\":\"https:\\\/\\\/www.webdo.tn\\\/fr\\\/#\\\/schema\\\/logo\\\/image\\\/\"},\"sameAs\":[\"https:\\\/\\\/www.facebook.com\\\/webdotn\",\"https:\\\/\\\/x.com\\\/webdo_tn\"],\"description\":\"Webdo est un m\u00e9dia num\u00e9rique tunisien fond\u00e9 en 2010, sp\u00e9cialis\u00e9 dans l\u2019actualit\u00e9 nationale et internationale, l\u2019\u00e9conomie, la soci\u00e9t\u00e9 et les analyses politiques. Le site s\u2019adresse \u00e0 un large public francophone et couvre l\u2019information tunisienne en temps r\u00e9el.\",\"email\":\"redac@webdo.tn\",\"legalName\":\"YNJ SARL\",\"foundingDate\":\"2010-09-06\",\"numberOfEmployees\":{\"@type\":\"QuantitativeValue\",\"minValue\":\"11\",\"maxValue\":\"50\"}},{\"@type\":\"Person\",\"@id\":\"https:\\\/\\\/www.webdo.tn\\\/fr\\\/#\\\/schema\\\/person\\\/2c4929cbf5a809e3bd38617c6ce150f6\",\"name\":\"MC\",\"image\":{\"@type\":\"ImageObject\",\"inLanguage\":\"fr-FR\",\"@id\":\"https:\\\/\\\/secure.gravatar.com\\\/avatar\\\/a545bbb6f84efdd5553dbbc2895e3ca8f1d12c5215e00a041c9670b54aa9b18a?s=96&d=mm&r=g\",\"url\":\"https:\\\/\\\/secure.gravatar.com\\\/avatar\\\/a545bbb6f84efdd5553dbbc2895e3ca8f1d12c5215e00a041c9670b54aa9b18a?s=96&d=mm&r=g\",\"contentUrl\":\"https:\\\/\\\/secure.gravatar.com\\\/avatar\\\/a545bbb6f84efdd5553dbbc2895e3ca8f1d12c5215e00a041c9670b54aa9b18a?s=96&d=mm&r=g\",\"caption\":\"MC\"},\"url\":\"https:\\\/\\\/www.webdo.tn\\\/fr\\\/actualite\\\/author\\\/mc\\\/\"}]}<\/script>\n<!-- \/ Yoast SEO Premium plugin. -->","yoast_head_json":{"title":"Mandat de d\u00e9p\u00f4t contre le pr\u00e9sident de la chambre des boulangers","description":"Le juge d'instruction du p\u00f4le judiciaire financier a \u00e9mis un mandat de d\u00e9p\u00f4t \u00e0 l'encontre du pr\u00e9sident de la Chambre nationale des propri\u00e9taires de boulangerie.","canonical":"https:\/\/www.webdo.tn\/fr\/actualite\/national\/mandat-de-depot-contre-le-president-de-la-chambre-des-boulangers\/208212\/","og_locale":"fr_FR","og_type":"article","og_title":"Mandat de d\u00e9p\u00f4t contre le pr\u00e9sident de la chambre des boulangers","og_description":"Le juge d'instruction du p\u00f4le judiciaire financier a \u00e9mis un mandat de d\u00e9p\u00f4t \u00e0 l'encontre du pr\u00e9sident de la Chambre nationale des propri\u00e9taires de boulangerie.","og_url":"https:\/\/www.webdo.tn\/fr\/actualite\/national\/mandat-de-depot-contre-le-president-de-la-chambre-des-boulangers\/208212\/","og_site_name":"webdo","article_publisher":"https:\/\/www.facebook.com\/webdotn","article_published_time":"2023-08-26T10:54:00+00:00","article_modified_time":"2025-05-20T22:09:52+00:00","og_image":[{"width":750,"height":400,"url":"https:\/\/www.webdo.tn\/fr\/wp-content\/uploads\/2023\/08\/df4bb01ce95237366ff206995f95fefb.jpg","type":"image\/jpeg"}],"author":"MC","twitter_card":"summary_large_image","twitter_creator":"@webdo_tn","twitter_site":"@webdo_tn","twitter_misc":{"\u00c9crit par":"MC","Dur\u00e9e de lecture estim\u00e9e":"1 minute"},"schema":{"@context":"https:\/\/schema.org","@graph":[{"@type":"NewsArticle","@id":"https:\/\/www.webdo.tn\/fr\/actualite\/national\/mandat-de-depot-contre-le-president-de-la-chambre-des-boulangers\/208212\/#article","isPartOf":{"@id":"https:\/\/www.webdo.tn\/fr\/actualite\/national\/mandat-de-depot-contre-le-president-de-la-chambre-des-boulangers\/208212\/"},"author":{"name":"MC","@id":"https:\/\/www.webdo.tn\/fr\/#\/schema\/person\/2c4929cbf5a809e3bd38617c6ce150f6"},"headline":"Mandat de d\u00e9p\u00f4t contre le pr\u00e9sident de la chambre des boulangers","datePublished":"2023-08-26T10:54:00+00:00","dateModified":"2025-05-20T22:09:52+00:00","mainEntityOfPage":{"@id":"https:\/\/www.webdo.tn\/fr\/actualite\/national\/mandat-de-depot-contre-le-president-de-la-chambre-des-boulangers\/208212\/"},"wordCount":187,"commentCount":0,"publisher":{"@id":"https:\/\/www.webdo.tn\/fr\/#organization"},"image":{"@id":"https:\/\/www.webdo.tn\/fr\/actualite\/national\/mandat-de-depot-contre-le-president-de-la-chambre-des-boulangers\/208212\/#primaryimage"},"thumbnailUrl":"https:\/\/www.webdo.tn\/fr\/wp-content\/uploads\/2023\/08\/df4bb01ce95237366ff206995f95fefb.jpg","keywords":["boulangeries","mandat de d\u00e9p\u00f4t","Produits subventionn\u00e9s"],"articleSection":["National"],"inLanguage":"fr-FR"},{"@type":"WebPage","@id":"https:\/\/www.webdo.tn\/fr\/actualite\/national\/mandat-de-depot-contre-le-president-de-la-chambre-des-boulangers\/208212\/","url":"https:\/\/www.webdo.tn\/fr\/actualite\/national\/mandat-de-depot-contre-le-president-de-la-chambre-des-boulangers\/208212\/","name":"Mandat de d\u00e9p\u00f4t contre le pr\u00e9sident de la chambre des boulangers","isPartOf":{"@id":"https:\/\/www.webdo.tn\/fr\/#website"},"primaryImageOfPage":{"@id":"https:\/\/www.webdo.tn\/fr\/actualite\/national\/mandat-de-depot-contre-le-president-de-la-chambre-des-boulangers\/208212\/#primaryimage"},"image":{"@id":"https:\/\/www.webdo.tn\/fr\/actualite\/national\/mandat-de-depot-contre-le-president-de-la-chambre-des-boulangers\/208212\/#primaryimage"},"thumbnailUrl":"https:\/\/www.webdo.tn\/fr\/wp-content\/uploads\/2023\/08\/df4bb01ce95237366ff206995f95fefb.jpg","datePublished":"2023-08-26T10:54:00+00:00","dateModified":"2025-05-20T22:09:52+00:00","description":"Le juge d'instruction du p\u00f4le judiciaire financier a \u00e9mis un mandat de d\u00e9p\u00f4t \u00e0 l'encontre du pr\u00e9sident de la Chambre nationale des propri\u00e9taires de boulangerie.","breadcrumb":{"@id":"https:\/\/www.webdo.tn\/fr\/actualite\/national\/mandat-de-depot-contre-le-president-de-la-chambre-des-boulangers\/208212\/#breadcrumb"},"inLanguage":"fr-FR","potentialAction":[{"@type":"ReadAction","target":["https:\/\/www.webdo.tn\/fr\/actualite\/national\/mandat-de-depot-contre-le-president-de-la-chambre-des-boulangers\/208212\/"]}]},{"@type":"ImageObject","inLanguage":"fr-FR","@id":"https:\/\/www.webdo.tn\/fr\/actualite\/national\/mandat-de-depot-contre-le-president-de-la-chambre-des-boulangers\/208212\/#primaryimage","url":"https:\/\/www.webdo.tn\/fr\/wp-content\/uploads\/2023\/08\/df4bb01ce95237366ff206995f95fefb.jpg","contentUrl":"https:\/\/www.webdo.tn\/fr\/wp-content\/uploads\/2023\/08\/df4bb01ce95237366ff206995f95fefb.jpg","width":750,"height":400,"caption":"Mandat de d\u00e9p\u00f4t contre le pr\u00e9sident de la chambre des boulangers"},{"@type":"BreadcrumbList","@id":"https:\/\/www.webdo.tn\/fr\/actualite\/national\/mandat-de-depot-contre-le-president-de-la-chambre-des-boulangers\/208212\/#breadcrumb","itemListElement":[{"@type":"ListItem","position":1,"name":"Accueil","item":"https:\/\/www.webdo.tn\/fr\/"},{"@type":"ListItem","position":2,"name":"Mandat de d\u00e9p\u00f4t contre le pr\u00e9sident de la chambre des boulangers"}]},{"@type":"WebSite","@id":"https:\/\/www.webdo.tn\/fr\/#website","url":"https:\/\/www.webdo.tn\/fr\/","name":"webdo","description":"Tunisie - News en Tunisie et \u00e0 l&#039;international sur Webdo.tn","publisher":{"@id":"https:\/\/www.webdo.tn\/fr\/#organization"},"potentialAction":[{"@type":"SearchAction","target":{"@type":"EntryPoint","urlTemplate":"https:\/\/www.webdo.tn\/fr\/?s={search_term_string}"},"query-input":{"@type":"PropertyValueSpecification","valueRequired":true,"valueName":"search_term_string"}}],"inLanguage":"fr-FR"},{"@type":"Organization","@id":"https:\/\/www.webdo.tn\/fr\/#organization","name":"Webdo","alternateName":"Webdo.tn","url":"https:\/\/www.webdo.tn\/fr\/","logo":{"@type":"ImageObject","inLanguage":"fr-FR","@id":"https:\/\/www.webdo.tn\/fr\/#\/schema\/logo\/image\/","url":"https:\/\/www.webdo.tn\/fr\/wp-content\/uploads\/2025\/06\/Webdo-Tunisie_168377.jpg","contentUrl":"https:\/\/www.webdo.tn\/fr\/wp-content\/uploads\/2025\/06\/Webdo-Tunisie_168377.jpg","width":301,"height":301,"caption":"Webdo"},"image":{"@id":"https:\/\/www.webdo.tn\/fr\/#\/schema\/logo\/image\/"},"sameAs":["https:\/\/www.facebook.com\/webdotn","https:\/\/x.com\/webdo_tn"],"description":"Webdo est un m\u00e9dia num\u00e9rique tunisien fond\u00e9 en 2010, sp\u00e9cialis\u00e9 dans l\u2019actualit\u00e9 nationale et internationale, l\u2019\u00e9conomie, la soci\u00e9t\u00e9 et les analyses politiques. Le site s\u2019adresse \u00e0 un large public francophone et couvre l\u2019information tunisienne en temps r\u00e9el.","email":"redac@webdo.tn","legalName":"YNJ SARL","foundingDate":"2010-09-06","numberOfEmployees":{"@type":"QuantitativeValue","minValue":"11","maxValue":"50"}},{"@type":"Person","@id":"https:\/\/www.webdo.tn\/fr\/#\/schema\/person\/2c4929cbf5a809e3bd38617c6ce150f6","name":"MC","image":{"@type":"ImageObject","inLanguage":"fr-FR","@id":"https:\/\/secure.gravatar.com\/avatar\/a545bbb6f84efdd5553dbbc2895e3ca8f1d12c5215e00a041c9670b54aa9b18a?s=96&d=mm&r=g","url":"https:\/\/secure.gravatar.com\/avatar\/a545bbb6f84efdd5553dbbc2895e3ca8f1d12c5215e00a041c9670b54aa9b18a?s=96&d=mm&r=g","contentUrl":"https:\/\/secure.gravatar.com\/avatar\/a545bbb6f84efdd5553dbbc2895e3ca8f1d12c5215e00a041c9670b54aa9b18a?s=96&d=mm&r=g","caption":"MC"},"url":"https:\/\/www.webdo.tn\/fr\/actualite\/author\/mc\/"}]}},"_links":{"self":[{"href":"https:\/\/www.webdo.tn\/fr\/wp-json\/wp\/v2\/posts\/208212","targetHints":{"allow":["GET"]}}],"collection":[{"href":"https:\/\/www.webdo.tn\/fr\/wp-json\/wp\/v2\/posts"}],"about":[{"href":"https:\/\/www.webdo.tn\/fr\/wp-json\/wp\/v2\/types\/post"}],"author":[{"embeddable":true,"href":"https:\/\/www.webdo.tn\/fr\/wp-json\/wp\/v2\/users\/3162"}],"replies":[{"embeddable":true,"href":"https:\/\/www.webdo.tn\/fr\/wp-json\/wp\/v2\/comments?post=208212"}],"version-history":[{"count":0,"href":"https:\/\/www.webdo.tn\/fr\/wp-json\/wp\/v2\/posts\/208212\/revisions"}],"wp:featuredmedia":[{"embeddable":true,"href":"https:\/\/www.webdo.tn\/fr\/wp-json\/wp\/v2\/media\/278653"}],"wp:attachment":[{"href":"https:\/\/www.webdo.tn\/fr\/wp-json\/wp\/v2\/media?parent=208212"}],"wp:term":[{"taxonomy":"category","embeddable":true,"href":"https:\/\/www.webdo.tn\/fr\/wp-json\/wp\/v2\/categories?post=208212"},{"taxonomy":"post_tag","embeddable":true,"href":"https:\/\/www.webdo.tn\/fr\/wp-json\/wp\/v2\/tags?post=208212"}],"curies":[{"name":"wp","href":"https:\/\/api.w.org\/{rel}","templated":true}]}}