{"id":208208,"date":"2023-08-26T09:30:00","date_gmt":"2023-08-26T09:30:00","guid":{"rendered":"https:\/\/www.webdo.tn\/fr\/blog\/le-mi-dement-tout-echange-de-tirs-a-sousse\/208208\/"},"modified":"2025-05-20T22:09:51","modified_gmt":"2025-05-20T22:09:51","slug":"le-mi-dement-tout-echange-de-tirs-a-sousse","status":"publish","type":"post","link":"https:\/\/www.webdo.tn\/fr\/actualite\/national\/le-mi-dement-tout-echange-de-tirs-a-sousse\/208208\/","title":{"rendered":"Le MI d\u00e9ment tout \u00e9change de tirs \u00e0 Sousse"},"content":{"rendered":"<p>Le minist\u00e8re de l\u2019Int\u00e9rieur a ni\u00e9 les rumeurs faisant \u00e9tat d\u2019un \u00e9change de coups de feu dans la soir\u00e9e de vendredi 25 ao\u00fbt 2023 \u00e0 Sousse.<\/p>\n<p>\t\t\t\t\t\t\t\t\tLe porte-parole du minist\u00e8re de l\u2019Int\u00e9rieur, Fakher Bouzghaia, a d\u00e9menti, dans une d\u00e9claration \u00e0 l\u2019agence TAP tout \u00e9change de tirs entre les unit\u00e9s de s\u00e9curit\u00e9 et des \u00e9l\u00e9ments terroristes dans l\u2019un des quartiers de la ville de Sousse, dans la soir\u00e9e de vendredi 25 ao\u00fbt.<\/p>\n<p>Il a indiqu\u00e9 qu\u2019une perquisition avait \u00e9t\u00e9 effectu\u00e9e au domicile d\u2019un des \u00e9l\u00e9ments extr\u00e9mistes, dans le cadre d\u2019un travail routinier des unit\u00e9s de s\u00e9curit\u00e9.<\/p>\n<p>C\u2019est ce qui explique la pr\u00e9sence massive des unit\u00e9s de s\u00e9curit\u00e9 et une op\u00e9ration s\u00e9curitaire dans la cit\u00e9 Riadh de Sousse, telle que rapport\u00e9e dans des vid\u00e9os circulant sur Facebook.<\/p>\n","protected":false},"excerpt":{"rendered":"<p>Le minist\u00e8re de l\u2019Int\u00e9rieur a ni\u00e9 les rumeurs faisant \u00e9tat d\u2019un \u00e9change de coups de feu dans la soir\u00e9e de vendredi 25 ao\u00fbt 2023 \u00e0 Sousse.<\/p>\n","protected":false},"author":3162,"featured_media":278646,"comment_status":"open","ping_status":"closed","sticky":false,"template":"","format":"standard","meta":{"footnotes":""},"categories":[44],"tags":[8052,3076,2699,3671,8445],"class_list":["post-208208","post","type-post","status-publish","format-standard","has-post-thumbnail","hentry","category-national","tag-dementi","tag-ministere-de-linterieur","tag-sousse","tag-terroristes","tag-tirs"],"yoast_head":"<!-- This site is optimized with the Yoast SEO Premium plugin v27.5 (Yoast SEO v27.5) - https:\/\/yoast.com\/product\/yoast-seo-premium-wordpress\/ -->\n<title>Le MI d\u00e9ment tout \u00e9change de tirs \u00e0 Sousse<\/title>\n<meta name=\"description\" content=\"Le minist\u00e8re de l\u2019Int\u00e9rieur a ni\u00e9 les rumeurs faisant \u00e9tat d\u2019un \u00e9change de coups de feu dans la soir\u00e9e de vendredi 25 ao\u00fbt 2023 \u00e0 Sousse.\" \/>\n<link rel=\"canonical\" href=\"https:\/\/www.webdo.tn\/fr\/actualite\/national\/le-mi-dement-tout-echange-de-tirs-a-sousse\/208208\/\" \/>\n<meta property=\"og:locale\" content=\"fr_FR\" \/>\n<meta property=\"og:type\" content=\"article\" \/>\n<meta property=\"og:title\" content=\"Le MI d\u00e9ment tout \u00e9change de tirs \u00e0 Sousse\" \/>\n<meta property=\"og:description\" content=\"Le minist\u00e8re de l\u2019Int\u00e9rieur a ni\u00e9 les rumeurs faisant \u00e9tat d\u2019un \u00e9change de coups de feu dans la soir\u00e9e de vendredi 25 ao\u00fbt 2023 \u00e0 Sousse.\" \/>\n<meta property=\"og:url\" content=\"https:\/\/www.webdo.tn\/fr\/actualite\/national\/le-mi-dement-tout-echange-de-tirs-a-sousse\/208208\/\" \/>\n<meta property=\"og:site_name\" content=\"webdo\" \/>\n<meta property=\"article:publisher\" content=\"https:\/\/www.facebook.com\/webdotn\" \/>\n<meta property=\"article:published_time\" content=\"2023-08-26T09:30:00+00:00\" \/>\n<meta property=\"article:modified_time\" content=\"2025-05-20T22:09:51+00:00\" \/>\n<meta property=\"og:image\" content=\"https:\/\/www.webdo.tn\/fr\/wp-content\/uploads\/2023\/08\/60c7db0006a2cef4d42f3081f482a4c0.jpg\" \/>\n\t<meta property=\"og:image:width\" content=\"750\" \/>\n\t<meta property=\"og:image:height\" content=\"400\" \/>\n\t<meta property=\"og:image:type\" content=\"image\/jpeg\" \/>\n<meta name=\"author\" content=\"MC\" \/>\n<meta name=\"twitter:card\" content=\"summary_large_image\" \/>\n<meta name=\"twitter:creator\" content=\"@webdo_tn\" \/>\n<meta name=\"twitter:site\" content=\"@webdo_tn\" \/>\n<meta name=\"twitter:label1\" content=\"\u00c9crit par\" \/>\n\t<meta name=\"twitter:data1\" content=\"MC\" \/>\n\t<meta name=\"twitter:label2\" content=\"Dur\u00e9e de lecture estim\u00e9e\" \/>\n\t<meta name=\"twitter:data2\" content=\"1 minute\" \/>\n<script type=\"application\/ld+json\" class=\"yoast-schema-graph\">{\"@context\":\"https:\\\/\\\/schema.org\",\"@graph\":[{\"@type\":\"NewsArticle\",\"@id\":\"https:\\\/\\\/www.webdo.tn\\\/fr\\\/actualite\\\/national\\\/le-mi-dement-tout-echange-de-tirs-a-sousse\\\/208208\\\/#article\",\"isPartOf\":{\"@id\":\"https:\\\/\\\/www.webdo.tn\\\/fr\\\/actualite\\\/national\\\/le-mi-dement-tout-echange-de-tirs-a-sousse\\\/208208\\\/\"},\"author\":{\"name\":\"MC\",\"@id\":\"https:\\\/\\\/www.webdo.tn\\\/fr\\\/#\\\/schema\\\/person\\\/2c4929cbf5a809e3bd38617c6ce150f6\"},\"headline\":\"Le MI d\u00e9ment tout \u00e9change de tirs \u00e0 Sousse\",\"datePublished\":\"2023-08-26T09:30:00+00:00\",\"dateModified\":\"2025-05-20T22:09:51+00:00\",\"mainEntityOfPage\":{\"@id\":\"https:\\\/\\\/www.webdo.tn\\\/fr\\\/actualite\\\/national\\\/le-mi-dement-tout-echange-de-tirs-a-sousse\\\/208208\\\/\"},\"wordCount\":163,\"commentCount\":0,\"publisher\":{\"@id\":\"https:\\\/\\\/www.webdo.tn\\\/fr\\\/#organization\"},\"image\":{\"@id\":\"https:\\\/\\\/www.webdo.tn\\\/fr\\\/actualite\\\/national\\\/le-mi-dement-tout-echange-de-tirs-a-sousse\\\/208208\\\/#primaryimage\"},\"thumbnailUrl\":\"https:\\\/\\\/www.webdo.tn\\\/fr\\\/wp-content\\\/uploads\\\/2023\\\/08\\\/60c7db0006a2cef4d42f3081f482a4c0.jpg\",\"keywords\":[\"d\u00e9menti\",\"minist\u00e8re de l'int\u00e9rieur\",\"Sousse\",\"Terroristes\",\"tirs\"],\"articleSection\":[\"National\"],\"inLanguage\":\"fr-FR\"},{\"@type\":\"WebPage\",\"@id\":\"https:\\\/\\\/www.webdo.tn\\\/fr\\\/actualite\\\/national\\\/le-mi-dement-tout-echange-de-tirs-a-sousse\\\/208208\\\/\",\"url\":\"https:\\\/\\\/www.webdo.tn\\\/fr\\\/actualite\\\/national\\\/le-mi-dement-tout-echange-de-tirs-a-sousse\\\/208208\\\/\",\"name\":\"Le MI d\u00e9ment tout \u00e9change de tirs \u00e0 Sousse\",\"isPartOf\":{\"@id\":\"https:\\\/\\\/www.webdo.tn\\\/fr\\\/#website\"},\"primaryImageOfPage\":{\"@id\":\"https:\\\/\\\/www.webdo.tn\\\/fr\\\/actualite\\\/national\\\/le-mi-dement-tout-echange-de-tirs-a-sousse\\\/208208\\\/#primaryimage\"},\"image\":{\"@id\":\"https:\\\/\\\/www.webdo.tn\\\/fr\\\/actualite\\\/national\\\/le-mi-dement-tout-echange-de-tirs-a-sousse\\\/208208\\\/#primaryimage\"},\"thumbnailUrl\":\"https:\\\/\\\/www.webdo.tn\\\/fr\\\/wp-content\\\/uploads\\\/2023\\\/08\\\/60c7db0006a2cef4d42f3081f482a4c0.jpg\",\"datePublished\":\"2023-08-26T09:30:00+00:00\",\"dateModified\":\"2025-05-20T22:09:51+00:00\",\"description\":\"Le minist\u00e8re de l\u2019Int\u00e9rieur a ni\u00e9 les rumeurs faisant \u00e9tat d\u2019un \u00e9change de coups de feu dans la soir\u00e9e de vendredi 25 ao\u00fbt 2023 \u00e0 Sousse.\",\"breadcrumb\":{\"@id\":\"https:\\\/\\\/www.webdo.tn\\\/fr\\\/actualite\\\/national\\\/le-mi-dement-tout-echange-de-tirs-a-sousse\\\/208208\\\/#breadcrumb\"},\"inLanguage\":\"fr-FR\",\"potentialAction\":[{\"@type\":\"ReadAction\",\"target\":[\"https:\\\/\\\/www.webdo.tn\\\/fr\\\/actualite\\\/national\\\/le-mi-dement-tout-echange-de-tirs-a-sousse\\\/208208\\\/\"]}]},{\"@type\":\"ImageObject\",\"inLanguage\":\"fr-FR\",\"@id\":\"https:\\\/\\\/www.webdo.tn\\\/fr\\\/actualite\\\/national\\\/le-mi-dement-tout-echange-de-tirs-a-sousse\\\/208208\\\/#primaryimage\",\"url\":\"https:\\\/\\\/www.webdo.tn\\\/fr\\\/wp-content\\\/uploads\\\/2023\\\/08\\\/60c7db0006a2cef4d42f3081f482a4c0.jpg\",\"contentUrl\":\"https:\\\/\\\/www.webdo.tn\\\/fr\\\/wp-content\\\/uploads\\\/2023\\\/08\\\/60c7db0006a2cef4d42f3081f482a4c0.jpg\",\"width\":750,\"height\":400,\"caption\":\"Le MI d\u00e9ment tout \u00e9change de tirs \u00e0 Sousse\"},{\"@type\":\"BreadcrumbList\",\"@id\":\"https:\\\/\\\/www.webdo.tn\\\/fr\\\/actualite\\\/national\\\/le-mi-dement-tout-echange-de-tirs-a-sousse\\\/208208\\\/#breadcrumb\",\"itemListElement\":[{\"@type\":\"ListItem\",\"position\":1,\"name\":\"Accueil\",\"item\":\"https:\\\/\\\/www.webdo.tn\\\/fr\\\/\"},{\"@type\":\"ListItem\",\"position\":2,\"name\":\"Le MI d\u00e9ment tout \u00e9change de tirs \u00e0 Sousse\"}]},{\"@type\":\"WebSite\",\"@id\":\"https:\\\/\\\/www.webdo.tn\\\/fr\\\/#website\",\"url\":\"https:\\\/\\\/www.webdo.tn\\\/fr\\\/\",\"name\":\"webdo\",\"description\":\"Tunisie - News en Tunisie et \u00e0 l&#039;international sur Webdo.tn\",\"publisher\":{\"@id\":\"https:\\\/\\\/www.webdo.tn\\\/fr\\\/#organization\"},\"potentialAction\":[{\"@type\":\"SearchAction\",\"target\":{\"@type\":\"EntryPoint\",\"urlTemplate\":\"https:\\\/\\\/www.webdo.tn\\\/fr\\\/?s={search_term_string}\"},\"query-input\":{\"@type\":\"PropertyValueSpecification\",\"valueRequired\":true,\"valueName\":\"search_term_string\"}}],\"inLanguage\":\"fr-FR\"},{\"@type\":\"Organization\",\"@id\":\"https:\\\/\\\/www.webdo.tn\\\/fr\\\/#organization\",\"name\":\"Webdo\",\"alternateName\":\"Webdo.tn\",\"url\":\"https:\\\/\\\/www.webdo.tn\\\/fr\\\/\",\"logo\":{\"@type\":\"ImageObject\",\"inLanguage\":\"fr-FR\",\"@id\":\"https:\\\/\\\/www.webdo.tn\\\/fr\\\/#\\\/schema\\\/logo\\\/image\\\/\",\"url\":\"https:\\\/\\\/www.webdo.tn\\\/fr\\\/wp-content\\\/uploads\\\/2025\\\/06\\\/Webdo-Tunisie_168377.jpg\",\"contentUrl\":\"https:\\\/\\\/www.webdo.tn\\\/fr\\\/wp-content\\\/uploads\\\/2025\\\/06\\\/Webdo-Tunisie_168377.jpg\",\"width\":301,\"height\":301,\"caption\":\"Webdo\"},\"image\":{\"@id\":\"https:\\\/\\\/www.webdo.tn\\\/fr\\\/#\\\/schema\\\/logo\\\/image\\\/\"},\"sameAs\":[\"https:\\\/\\\/www.facebook.com\\\/webdotn\",\"https:\\\/\\\/x.com\\\/webdo_tn\"],\"description\":\"Webdo est un m\u00e9dia num\u00e9rique tunisien fond\u00e9 en 2010, sp\u00e9cialis\u00e9 dans l\u2019actualit\u00e9 nationale et internationale, l\u2019\u00e9conomie, la soci\u00e9t\u00e9 et les analyses politiques. Le site s\u2019adresse \u00e0 un large public francophone et couvre l\u2019information tunisienne en temps r\u00e9el.\",\"email\":\"redac@webdo.tn\",\"legalName\":\"YNJ SARL\",\"foundingDate\":\"2010-09-06\",\"numberOfEmployees\":{\"@type\":\"QuantitativeValue\",\"minValue\":\"11\",\"maxValue\":\"50\"}},{\"@type\":\"Person\",\"@id\":\"https:\\\/\\\/www.webdo.tn\\\/fr\\\/#\\\/schema\\\/person\\\/2c4929cbf5a809e3bd38617c6ce150f6\",\"name\":\"MC\",\"image\":{\"@type\":\"ImageObject\",\"inLanguage\":\"fr-FR\",\"@id\":\"https:\\\/\\\/secure.gravatar.com\\\/avatar\\\/a545bbb6f84efdd5553dbbc2895e3ca8f1d12c5215e00a041c9670b54aa9b18a?s=96&d=mm&r=g\",\"url\":\"https:\\\/\\\/secure.gravatar.com\\\/avatar\\\/a545bbb6f84efdd5553dbbc2895e3ca8f1d12c5215e00a041c9670b54aa9b18a?s=96&d=mm&r=g\",\"contentUrl\":\"https:\\\/\\\/secure.gravatar.com\\\/avatar\\\/a545bbb6f84efdd5553dbbc2895e3ca8f1d12c5215e00a041c9670b54aa9b18a?s=96&d=mm&r=g\",\"caption\":\"MC\"},\"url\":\"https:\\\/\\\/www.webdo.tn\\\/fr\\\/actualite\\\/author\\\/mc\\\/\"}]}<\/script>\n<!-- \/ Yoast SEO Premium plugin. -->","yoast_head_json":{"title":"Le MI d\u00e9ment tout \u00e9change de tirs \u00e0 Sousse","description":"Le minist\u00e8re de l\u2019Int\u00e9rieur a ni\u00e9 les rumeurs faisant \u00e9tat d\u2019un \u00e9change de coups de feu dans la soir\u00e9e de vendredi 25 ao\u00fbt 2023 \u00e0 Sousse.","canonical":"https:\/\/www.webdo.tn\/fr\/actualite\/national\/le-mi-dement-tout-echange-de-tirs-a-sousse\/208208\/","og_locale":"fr_FR","og_type":"article","og_title":"Le MI d\u00e9ment tout \u00e9change de tirs \u00e0 Sousse","og_description":"Le minist\u00e8re de l\u2019Int\u00e9rieur a ni\u00e9 les rumeurs faisant \u00e9tat d\u2019un \u00e9change de coups de feu dans la soir\u00e9e de vendredi 25 ao\u00fbt 2023 \u00e0 Sousse.","og_url":"https:\/\/www.webdo.tn\/fr\/actualite\/national\/le-mi-dement-tout-echange-de-tirs-a-sousse\/208208\/","og_site_name":"webdo","article_publisher":"https:\/\/www.facebook.com\/webdotn","article_published_time":"2023-08-26T09:30:00+00:00","article_modified_time":"2025-05-20T22:09:51+00:00","og_image":[{"width":750,"height":400,"url":"https:\/\/www.webdo.tn\/fr\/wp-content\/uploads\/2023\/08\/60c7db0006a2cef4d42f3081f482a4c0.jpg","type":"image\/jpeg"}],"author":"MC","twitter_card":"summary_large_image","twitter_creator":"@webdo_tn","twitter_site":"@webdo_tn","twitter_misc":{"\u00c9crit par":"MC","Dur\u00e9e de lecture estim\u00e9e":"1 minute"},"schema":{"@context":"https:\/\/schema.org","@graph":[{"@type":"NewsArticle","@id":"https:\/\/www.webdo.tn\/fr\/actualite\/national\/le-mi-dement-tout-echange-de-tirs-a-sousse\/208208\/#article","isPartOf":{"@id":"https:\/\/www.webdo.tn\/fr\/actualite\/national\/le-mi-dement-tout-echange-de-tirs-a-sousse\/208208\/"},"author":{"name":"MC","@id":"https:\/\/www.webdo.tn\/fr\/#\/schema\/person\/2c4929cbf5a809e3bd38617c6ce150f6"},"headline":"Le MI d\u00e9ment tout \u00e9change de tirs \u00e0 Sousse","datePublished":"2023-08-26T09:30:00+00:00","dateModified":"2025-05-20T22:09:51+00:00","mainEntityOfPage":{"@id":"https:\/\/www.webdo.tn\/fr\/actualite\/national\/le-mi-dement-tout-echange-de-tirs-a-sousse\/208208\/"},"wordCount":163,"commentCount":0,"publisher":{"@id":"https:\/\/www.webdo.tn\/fr\/#organization"},"image":{"@id":"https:\/\/www.webdo.tn\/fr\/actualite\/national\/le-mi-dement-tout-echange-de-tirs-a-sousse\/208208\/#primaryimage"},"thumbnailUrl":"https:\/\/www.webdo.tn\/fr\/wp-content\/uploads\/2023\/08\/60c7db0006a2cef4d42f3081f482a4c0.jpg","keywords":["d\u00e9menti","minist\u00e8re de l'int\u00e9rieur","Sousse","Terroristes","tirs"],"articleSection":["National"],"inLanguage":"fr-FR"},{"@type":"WebPage","@id":"https:\/\/www.webdo.tn\/fr\/actualite\/national\/le-mi-dement-tout-echange-de-tirs-a-sousse\/208208\/","url":"https:\/\/www.webdo.tn\/fr\/actualite\/national\/le-mi-dement-tout-echange-de-tirs-a-sousse\/208208\/","name":"Le MI d\u00e9ment tout \u00e9change de tirs \u00e0 Sousse","isPartOf":{"@id":"https:\/\/www.webdo.tn\/fr\/#website"},"primaryImageOfPage":{"@id":"https:\/\/www.webdo.tn\/fr\/actualite\/national\/le-mi-dement-tout-echange-de-tirs-a-sousse\/208208\/#primaryimage"},"image":{"@id":"https:\/\/www.webdo.tn\/fr\/actualite\/national\/le-mi-dement-tout-echange-de-tirs-a-sousse\/208208\/#primaryimage"},"thumbnailUrl":"https:\/\/www.webdo.tn\/fr\/wp-content\/uploads\/2023\/08\/60c7db0006a2cef4d42f3081f482a4c0.jpg","datePublished":"2023-08-26T09:30:00+00:00","dateModified":"2025-05-20T22:09:51+00:00","description":"Le minist\u00e8re de l\u2019Int\u00e9rieur a ni\u00e9 les rumeurs faisant \u00e9tat d\u2019un \u00e9change de coups de feu dans la soir\u00e9e de vendredi 25 ao\u00fbt 2023 \u00e0 Sousse.","breadcrumb":{"@id":"https:\/\/www.webdo.tn\/fr\/actualite\/national\/le-mi-dement-tout-echange-de-tirs-a-sousse\/208208\/#breadcrumb"},"inLanguage":"fr-FR","potentialAction":[{"@type":"ReadAction","target":["https:\/\/www.webdo.tn\/fr\/actualite\/national\/le-mi-dement-tout-echange-de-tirs-a-sousse\/208208\/"]}]},{"@type":"ImageObject","inLanguage":"fr-FR","@id":"https:\/\/www.webdo.tn\/fr\/actualite\/national\/le-mi-dement-tout-echange-de-tirs-a-sousse\/208208\/#primaryimage","url":"https:\/\/www.webdo.tn\/fr\/wp-content\/uploads\/2023\/08\/60c7db0006a2cef4d42f3081f482a4c0.jpg","contentUrl":"https:\/\/www.webdo.tn\/fr\/wp-content\/uploads\/2023\/08\/60c7db0006a2cef4d42f3081f482a4c0.jpg","width":750,"height":400,"caption":"Le MI d\u00e9ment tout \u00e9change de tirs \u00e0 Sousse"},{"@type":"BreadcrumbList","@id":"https:\/\/www.webdo.tn\/fr\/actualite\/national\/le-mi-dement-tout-echange-de-tirs-a-sousse\/208208\/#breadcrumb","itemListElement":[{"@type":"ListItem","position":1,"name":"Accueil","item":"https:\/\/www.webdo.tn\/fr\/"},{"@type":"ListItem","position":2,"name":"Le MI d\u00e9ment tout \u00e9change de tirs \u00e0 Sousse"}]},{"@type":"WebSite","@id":"https:\/\/www.webdo.tn\/fr\/#website","url":"https:\/\/www.webdo.tn\/fr\/","name":"webdo","description":"Tunisie - News en Tunisie et \u00e0 l&#039;international sur Webdo.tn","publisher":{"@id":"https:\/\/www.webdo.tn\/fr\/#organization"},"potentialAction":[{"@type":"SearchAction","target":{"@type":"EntryPoint","urlTemplate":"https:\/\/www.webdo.tn\/fr\/?s={search_term_string}"},"query-input":{"@type":"PropertyValueSpecification","valueRequired":true,"valueName":"search_term_string"}}],"inLanguage":"fr-FR"},{"@type":"Organization","@id":"https:\/\/www.webdo.tn\/fr\/#organization","name":"Webdo","alternateName":"Webdo.tn","url":"https:\/\/www.webdo.tn\/fr\/","logo":{"@type":"ImageObject","inLanguage":"fr-FR","@id":"https:\/\/www.webdo.tn\/fr\/#\/schema\/logo\/image\/","url":"https:\/\/www.webdo.tn\/fr\/wp-content\/uploads\/2025\/06\/Webdo-Tunisie_168377.jpg","contentUrl":"https:\/\/www.webdo.tn\/fr\/wp-content\/uploads\/2025\/06\/Webdo-Tunisie_168377.jpg","width":301,"height":301,"caption":"Webdo"},"image":{"@id":"https:\/\/www.webdo.tn\/fr\/#\/schema\/logo\/image\/"},"sameAs":["https:\/\/www.facebook.com\/webdotn","https:\/\/x.com\/webdo_tn"],"description":"Webdo est un m\u00e9dia num\u00e9rique tunisien fond\u00e9 en 2010, sp\u00e9cialis\u00e9 dans l\u2019actualit\u00e9 nationale et internationale, l\u2019\u00e9conomie, la soci\u00e9t\u00e9 et les analyses politiques. Le site s\u2019adresse \u00e0 un large public francophone et couvre l\u2019information tunisienne en temps r\u00e9el.","email":"redac@webdo.tn","legalName":"YNJ SARL","foundingDate":"2010-09-06","numberOfEmployees":{"@type":"QuantitativeValue","minValue":"11","maxValue":"50"}},{"@type":"Person","@id":"https:\/\/www.webdo.tn\/fr\/#\/schema\/person\/2c4929cbf5a809e3bd38617c6ce150f6","name":"MC","image":{"@type":"ImageObject","inLanguage":"fr-FR","@id":"https:\/\/secure.gravatar.com\/avatar\/a545bbb6f84efdd5553dbbc2895e3ca8f1d12c5215e00a041c9670b54aa9b18a?s=96&d=mm&r=g","url":"https:\/\/secure.gravatar.com\/avatar\/a545bbb6f84efdd5553dbbc2895e3ca8f1d12c5215e00a041c9670b54aa9b18a?s=96&d=mm&r=g","contentUrl":"https:\/\/secure.gravatar.com\/avatar\/a545bbb6f84efdd5553dbbc2895e3ca8f1d12c5215e00a041c9670b54aa9b18a?s=96&d=mm&r=g","caption":"MC"},"url":"https:\/\/www.webdo.tn\/fr\/actualite\/author\/mc\/"}]}},"_links":{"self":[{"href":"https:\/\/www.webdo.tn\/fr\/wp-json\/wp\/v2\/posts\/208208","targetHints":{"allow":["GET"]}}],"collection":[{"href":"https:\/\/www.webdo.tn\/fr\/wp-json\/wp\/v2\/posts"}],"about":[{"href":"https:\/\/www.webdo.tn\/fr\/wp-json\/wp\/v2\/types\/post"}],"author":[{"embeddable":true,"href":"https:\/\/www.webdo.tn\/fr\/wp-json\/wp\/v2\/users\/3162"}],"replies":[{"embeddable":true,"href":"https:\/\/www.webdo.tn\/fr\/wp-json\/wp\/v2\/comments?post=208208"}],"version-history":[{"count":0,"href":"https:\/\/www.webdo.tn\/fr\/wp-json\/wp\/v2\/posts\/208208\/revisions"}],"wp:featuredmedia":[{"embeddable":true,"href":"https:\/\/www.webdo.tn\/fr\/wp-json\/wp\/v2\/media\/278646"}],"wp:attachment":[{"href":"https:\/\/www.webdo.tn\/fr\/wp-json\/wp\/v2\/media?parent=208208"}],"wp:term":[{"taxonomy":"category","embeddable":true,"href":"https:\/\/www.webdo.tn\/fr\/wp-json\/wp\/v2\/categories?post=208208"},{"taxonomy":"post_tag","embeddable":true,"href":"https:\/\/www.webdo.tn\/fr\/wp-json\/wp\/v2\/tags?post=208208"}],"curies":[{"name":"wp","href":"https:\/\/api.w.org\/{rel}","templated":true}]}}