{"id":208204,"date":"2023-08-25T19:30:00","date_gmt":"2023-08-25T19:30:00","guid":{"rendered":"https:\/\/www.webdo.tn\/fr\/blog\/l-amt-s-interroge-sur-le-mouvement-judiciaire\/208204\/"},"modified":"2025-05-20T21:57:50","modified_gmt":"2025-05-20T21:57:50","slug":"l-amt-s-interroge-sur-le-mouvement-judiciaire","status":"publish","type":"post","link":"https:\/\/www.webdo.tn\/fr\/actualite\/national\/l-amt-s-interroge-sur-le-mouvement-judiciaire\/208204\/","title":{"rendered":"L\u2019AMT s\u2019interroge sur le mouvement judiciaire"},"content":{"rendered":"<p>Le Bureau ex\u00e9cutif de l&rsquo;Association des magistrats tunisiens (AMT) a appel\u00e9, ce vendredi 25 ao\u00fbt 2023 dans un communiqu\u00e9, le pr\u00e9sident de la R\u00e9publique et le Conseil sup\u00e9rieur provisoire de la magistrature, \u00e0 acc\u00e9l\u00e9rer la publication du mouvement judiciaire.<\/p>\n<p>\t\t\t\t\t\t\t\t\tLe bureau ex\u00e9cutif de l\u2019AMT les a appel\u00e9s \u00e0 \u00ab\u00a0garantir des r\u00e8gles objectives lors de l&rsquo;approbation des transferts, des promotions, de l&rsquo;attribution des responsabilit\u00e9s et du respect dans tout cela des normes internationales d&rsquo;ind\u00e9pendance du pouvoir judiciaire, y compris l&rsquo;\u00e9galit\u00e9 des chances pour tous les magistrats et en accordant la priorit\u00e9 \u00e0 la comp\u00e9tence et \u00e0 l&rsquo;int\u00e9grit\u00e9, en tenant compte des conditions sociales particuli\u00e8res des magistrats\u00a0\u00bb.<\/p>\n<p>L\u2019AMT demande \u00e9galement au Conseil sup\u00e9rieur provisoire de la magistrature d\u2019apporter des \u00e9claircissements sur les raisons du blocage du mouvement judiciaire de l&rsquo;ann\u00e9e derni\u00e8re et du retard dans sa publication, cette ann\u00e9e.<\/p>\n","protected":false},"excerpt":{"rendered":"<p>Le Bureau ex\u00e9cutif de l&rsquo;Association des magistrats tunisiens (AMT) a appel\u00e9, ce vendredi 25 ao\u00fbt 2023 dans un communiqu\u00e9, le pr\u00e9sident de la R\u00e9publique et le Co&#8230;<\/p>\n","protected":false},"author":3162,"featured_media":249472,"comment_status":"open","ping_status":"closed","sticky":false,"template":"","format":"standard","meta":{"footnotes":""},"categories":[44],"tags":[8049,7916,8048,2608],"class_list":["post-208204","post","type-post","status-publish","format-standard","has-post-thumbnail","hentry","category-national","tag-amt","tag-magistrats","tag-mouvement-judiciaire","tag-tunisie"],"yoast_head":"<!-- This site is optimized with the Yoast SEO Premium plugin v27.5 (Yoast SEO v27.5) - https:\/\/yoast.com\/product\/yoast-seo-premium-wordpress\/ -->\n<title>L\u2019AMT s\u2019interroge sur le mouvement judiciaire<\/title>\n<meta name=\"description\" content=\"Le Bureau ex\u00e9cutif de l&#039;Association des magistrats tunisiens (AMT) a appel\u00e9, ce vendredi 25 ao\u00fbt 2023 dans un communiqu\u00e9, le pr\u00e9sident de la R\u00e9publique et le Co...\" \/>\n<link rel=\"canonical\" href=\"https:\/\/www.webdo.tn\/fr\/actualite\/national\/l-amt-s-interroge-sur-le-mouvement-judiciaire\/208204\/\" \/>\n<meta property=\"og:locale\" content=\"fr_FR\" \/>\n<meta property=\"og:type\" content=\"article\" \/>\n<meta property=\"og:title\" content=\"L\u2019AMT s\u2019interroge sur le mouvement judiciaire\" \/>\n<meta property=\"og:description\" content=\"Le Bureau ex\u00e9cutif de l&#039;Association des magistrats tunisiens (AMT) a appel\u00e9, ce vendredi 25 ao\u00fbt 2023 dans un communiqu\u00e9, le pr\u00e9sident de la R\u00e9publique et le Co...\" \/>\n<meta property=\"og:url\" content=\"https:\/\/www.webdo.tn\/fr\/actualite\/national\/l-amt-s-interroge-sur-le-mouvement-judiciaire\/208204\/\" \/>\n<meta property=\"og:site_name\" content=\"webdo\" \/>\n<meta property=\"article:publisher\" content=\"https:\/\/www.facebook.com\/webdotn\" \/>\n<meta property=\"article:published_time\" content=\"2023-08-25T19:30:00+00:00\" \/>\n<meta property=\"article:modified_time\" content=\"2025-05-20T21:57:50+00:00\" \/>\n<meta property=\"og:image\" content=\"https:\/\/www.webdo.tn\/fr\/wp-content\/uploads\/2023\/08\/dad181e99debaaead0238690fe36f0fe.jpg\" \/>\n\t<meta property=\"og:image:width\" content=\"750\" \/>\n\t<meta property=\"og:image:height\" content=\"400\" \/>\n\t<meta property=\"og:image:type\" content=\"image\/jpeg\" \/>\n<meta name=\"author\" content=\"MC\" \/>\n<meta name=\"twitter:card\" content=\"summary_large_image\" \/>\n<meta name=\"twitter:creator\" content=\"@webdo_tn\" \/>\n<meta name=\"twitter:site\" content=\"@webdo_tn\" \/>\n<meta name=\"twitter:label1\" content=\"\u00c9crit par\" \/>\n\t<meta name=\"twitter:data1\" content=\"MC\" \/>\n\t<meta name=\"twitter:label2\" content=\"Dur\u00e9e de lecture estim\u00e9e\" \/>\n\t<meta name=\"twitter:data2\" content=\"1 minute\" \/>\n<script type=\"application\/ld+json\" class=\"yoast-schema-graph\">{\"@context\":\"https:\\\/\\\/schema.org\",\"@graph\":[{\"@type\":\"NewsArticle\",\"@id\":\"https:\\\/\\\/www.webdo.tn\\\/fr\\\/actualite\\\/national\\\/l-amt-s-interroge-sur-le-mouvement-judiciaire\\\/208204\\\/#article\",\"isPartOf\":{\"@id\":\"https:\\\/\\\/www.webdo.tn\\\/fr\\\/actualite\\\/national\\\/l-amt-s-interroge-sur-le-mouvement-judiciaire\\\/208204\\\/\"},\"author\":{\"name\":\"MC\",\"@id\":\"https:\\\/\\\/www.webdo.tn\\\/fr\\\/#\\\/schema\\\/person\\\/2c4929cbf5a809e3bd38617c6ce150f6\"},\"headline\":\"L\u2019AMT s\u2019interroge sur le mouvement judiciaire\",\"datePublished\":\"2023-08-25T19:30:00+00:00\",\"dateModified\":\"2025-05-20T21:57:50+00:00\",\"mainEntityOfPage\":{\"@id\":\"https:\\\/\\\/www.webdo.tn\\\/fr\\\/actualite\\\/national\\\/l-amt-s-interroge-sur-le-mouvement-judiciaire\\\/208204\\\/\"},\"wordCount\":168,\"commentCount\":0,\"publisher\":{\"@id\":\"https:\\\/\\\/www.webdo.tn\\\/fr\\\/#organization\"},\"image\":{\"@id\":\"https:\\\/\\\/www.webdo.tn\\\/fr\\\/actualite\\\/national\\\/l-amt-s-interroge-sur-le-mouvement-judiciaire\\\/208204\\\/#primaryimage\"},\"thumbnailUrl\":\"https:\\\/\\\/www.webdo.tn\\\/fr\\\/wp-content\\\/uploads\\\/2023\\\/08\\\/dad181e99debaaead0238690fe36f0fe.jpg\",\"keywords\":[\"AMT\",\"magistrats\",\"mouvement judiciaire\",\"Tunisie\"],\"articleSection\":[\"National\"],\"inLanguage\":\"fr-FR\"},{\"@type\":\"WebPage\",\"@id\":\"https:\\\/\\\/www.webdo.tn\\\/fr\\\/actualite\\\/national\\\/l-amt-s-interroge-sur-le-mouvement-judiciaire\\\/208204\\\/\",\"url\":\"https:\\\/\\\/www.webdo.tn\\\/fr\\\/actualite\\\/national\\\/l-amt-s-interroge-sur-le-mouvement-judiciaire\\\/208204\\\/\",\"name\":\"L\u2019AMT s\u2019interroge sur le mouvement judiciaire\",\"isPartOf\":{\"@id\":\"https:\\\/\\\/www.webdo.tn\\\/fr\\\/#website\"},\"primaryImageOfPage\":{\"@id\":\"https:\\\/\\\/www.webdo.tn\\\/fr\\\/actualite\\\/national\\\/l-amt-s-interroge-sur-le-mouvement-judiciaire\\\/208204\\\/#primaryimage\"},\"image\":{\"@id\":\"https:\\\/\\\/www.webdo.tn\\\/fr\\\/actualite\\\/national\\\/l-amt-s-interroge-sur-le-mouvement-judiciaire\\\/208204\\\/#primaryimage\"},\"thumbnailUrl\":\"https:\\\/\\\/www.webdo.tn\\\/fr\\\/wp-content\\\/uploads\\\/2023\\\/08\\\/dad181e99debaaead0238690fe36f0fe.jpg\",\"datePublished\":\"2023-08-25T19:30:00+00:00\",\"dateModified\":\"2025-05-20T21:57:50+00:00\",\"description\":\"Le Bureau ex\u00e9cutif de l'Association des magistrats tunisiens (AMT) a appel\u00e9, ce vendredi 25 ao\u00fbt 2023 dans un communiqu\u00e9, le pr\u00e9sident de la R\u00e9publique et le Co...\",\"breadcrumb\":{\"@id\":\"https:\\\/\\\/www.webdo.tn\\\/fr\\\/actualite\\\/national\\\/l-amt-s-interroge-sur-le-mouvement-judiciaire\\\/208204\\\/#breadcrumb\"},\"inLanguage\":\"fr-FR\",\"potentialAction\":[{\"@type\":\"ReadAction\",\"target\":[\"https:\\\/\\\/www.webdo.tn\\\/fr\\\/actualite\\\/national\\\/l-amt-s-interroge-sur-le-mouvement-judiciaire\\\/208204\\\/\"]}]},{\"@type\":\"ImageObject\",\"inLanguage\":\"fr-FR\",\"@id\":\"https:\\\/\\\/www.webdo.tn\\\/fr\\\/actualite\\\/national\\\/l-amt-s-interroge-sur-le-mouvement-judiciaire\\\/208204\\\/#primaryimage\",\"url\":\"https:\\\/\\\/www.webdo.tn\\\/fr\\\/wp-content\\\/uploads\\\/2023\\\/08\\\/dad181e99debaaead0238690fe36f0fe.jpg\",\"contentUrl\":\"https:\\\/\\\/www.webdo.tn\\\/fr\\\/wp-content\\\/uploads\\\/2023\\\/08\\\/dad181e99debaaead0238690fe36f0fe.jpg\",\"width\":750,\"height\":400,\"caption\":\"L\u2019AMT s\u2019interroge sur le mouvement judiciaire\"},{\"@type\":\"BreadcrumbList\",\"@id\":\"https:\\\/\\\/www.webdo.tn\\\/fr\\\/actualite\\\/national\\\/l-amt-s-interroge-sur-le-mouvement-judiciaire\\\/208204\\\/#breadcrumb\",\"itemListElement\":[{\"@type\":\"ListItem\",\"position\":1,\"name\":\"Accueil\",\"item\":\"https:\\\/\\\/www.webdo.tn\\\/fr\\\/\"},{\"@type\":\"ListItem\",\"position\":2,\"name\":\"L\u2019AMT s\u2019interroge sur le mouvement judiciaire\"}]},{\"@type\":\"WebSite\",\"@id\":\"https:\\\/\\\/www.webdo.tn\\\/fr\\\/#website\",\"url\":\"https:\\\/\\\/www.webdo.tn\\\/fr\\\/\",\"name\":\"webdo\",\"description\":\"Tunisie - News en Tunisie et \u00e0 l&#039;international sur Webdo.tn\",\"publisher\":{\"@id\":\"https:\\\/\\\/www.webdo.tn\\\/fr\\\/#organization\"},\"potentialAction\":[{\"@type\":\"SearchAction\",\"target\":{\"@type\":\"EntryPoint\",\"urlTemplate\":\"https:\\\/\\\/www.webdo.tn\\\/fr\\\/?s={search_term_string}\"},\"query-input\":{\"@type\":\"PropertyValueSpecification\",\"valueRequired\":true,\"valueName\":\"search_term_string\"}}],\"inLanguage\":\"fr-FR\"},{\"@type\":\"Organization\",\"@id\":\"https:\\\/\\\/www.webdo.tn\\\/fr\\\/#organization\",\"name\":\"Webdo\",\"alternateName\":\"Webdo.tn\",\"url\":\"https:\\\/\\\/www.webdo.tn\\\/fr\\\/\",\"logo\":{\"@type\":\"ImageObject\",\"inLanguage\":\"fr-FR\",\"@id\":\"https:\\\/\\\/www.webdo.tn\\\/fr\\\/#\\\/schema\\\/logo\\\/image\\\/\",\"url\":\"https:\\\/\\\/www.webdo.tn\\\/fr\\\/wp-content\\\/uploads\\\/2025\\\/06\\\/Webdo-Tunisie_168377.jpg\",\"contentUrl\":\"https:\\\/\\\/www.webdo.tn\\\/fr\\\/wp-content\\\/uploads\\\/2025\\\/06\\\/Webdo-Tunisie_168377.jpg\",\"width\":301,\"height\":301,\"caption\":\"Webdo\"},\"image\":{\"@id\":\"https:\\\/\\\/www.webdo.tn\\\/fr\\\/#\\\/schema\\\/logo\\\/image\\\/\"},\"sameAs\":[\"https:\\\/\\\/www.facebook.com\\\/webdotn\",\"https:\\\/\\\/x.com\\\/webdo_tn\"],\"description\":\"Webdo est un m\u00e9dia num\u00e9rique tunisien fond\u00e9 en 2010, sp\u00e9cialis\u00e9 dans l\u2019actualit\u00e9 nationale et internationale, l\u2019\u00e9conomie, la soci\u00e9t\u00e9 et les analyses politiques. Le site s\u2019adresse \u00e0 un large public francophone et couvre l\u2019information tunisienne en temps r\u00e9el.\",\"email\":\"redac@webdo.tn\",\"legalName\":\"YNJ SARL\",\"foundingDate\":\"2010-09-06\",\"numberOfEmployees\":{\"@type\":\"QuantitativeValue\",\"minValue\":\"11\",\"maxValue\":\"50\"}},{\"@type\":\"Person\",\"@id\":\"https:\\\/\\\/www.webdo.tn\\\/fr\\\/#\\\/schema\\\/person\\\/2c4929cbf5a809e3bd38617c6ce150f6\",\"name\":\"MC\",\"image\":{\"@type\":\"ImageObject\",\"inLanguage\":\"fr-FR\",\"@id\":\"https:\\\/\\\/secure.gravatar.com\\\/avatar\\\/a545bbb6f84efdd5553dbbc2895e3ca8f1d12c5215e00a041c9670b54aa9b18a?s=96&d=mm&r=g\",\"url\":\"https:\\\/\\\/secure.gravatar.com\\\/avatar\\\/a545bbb6f84efdd5553dbbc2895e3ca8f1d12c5215e00a041c9670b54aa9b18a?s=96&d=mm&r=g\",\"contentUrl\":\"https:\\\/\\\/secure.gravatar.com\\\/avatar\\\/a545bbb6f84efdd5553dbbc2895e3ca8f1d12c5215e00a041c9670b54aa9b18a?s=96&d=mm&r=g\",\"caption\":\"MC\"},\"url\":\"https:\\\/\\\/www.webdo.tn\\\/fr\\\/actualite\\\/author\\\/mc\\\/\"}]}<\/script>\n<!-- \/ Yoast SEO Premium plugin. -->","yoast_head_json":{"title":"L\u2019AMT s\u2019interroge sur le mouvement judiciaire","description":"Le Bureau ex\u00e9cutif de l'Association des magistrats tunisiens (AMT) a appel\u00e9, ce vendredi 25 ao\u00fbt 2023 dans un communiqu\u00e9, le pr\u00e9sident de la R\u00e9publique et le Co...","canonical":"https:\/\/www.webdo.tn\/fr\/actualite\/national\/l-amt-s-interroge-sur-le-mouvement-judiciaire\/208204\/","og_locale":"fr_FR","og_type":"article","og_title":"L\u2019AMT s\u2019interroge sur le mouvement judiciaire","og_description":"Le Bureau ex\u00e9cutif de l'Association des magistrats tunisiens (AMT) a appel\u00e9, ce vendredi 25 ao\u00fbt 2023 dans un communiqu\u00e9, le pr\u00e9sident de la R\u00e9publique et le Co...","og_url":"https:\/\/www.webdo.tn\/fr\/actualite\/national\/l-amt-s-interroge-sur-le-mouvement-judiciaire\/208204\/","og_site_name":"webdo","article_publisher":"https:\/\/www.facebook.com\/webdotn","article_published_time":"2023-08-25T19:30:00+00:00","article_modified_time":"2025-05-20T21:57:50+00:00","og_image":[{"width":750,"height":400,"url":"https:\/\/www.webdo.tn\/fr\/wp-content\/uploads\/2023\/08\/dad181e99debaaead0238690fe36f0fe.jpg","type":"image\/jpeg"}],"author":"MC","twitter_card":"summary_large_image","twitter_creator":"@webdo_tn","twitter_site":"@webdo_tn","twitter_misc":{"\u00c9crit par":"MC","Dur\u00e9e de lecture estim\u00e9e":"1 minute"},"schema":{"@context":"https:\/\/schema.org","@graph":[{"@type":"NewsArticle","@id":"https:\/\/www.webdo.tn\/fr\/actualite\/national\/l-amt-s-interroge-sur-le-mouvement-judiciaire\/208204\/#article","isPartOf":{"@id":"https:\/\/www.webdo.tn\/fr\/actualite\/national\/l-amt-s-interroge-sur-le-mouvement-judiciaire\/208204\/"},"author":{"name":"MC","@id":"https:\/\/www.webdo.tn\/fr\/#\/schema\/person\/2c4929cbf5a809e3bd38617c6ce150f6"},"headline":"L\u2019AMT s\u2019interroge sur le mouvement judiciaire","datePublished":"2023-08-25T19:30:00+00:00","dateModified":"2025-05-20T21:57:50+00:00","mainEntityOfPage":{"@id":"https:\/\/www.webdo.tn\/fr\/actualite\/national\/l-amt-s-interroge-sur-le-mouvement-judiciaire\/208204\/"},"wordCount":168,"commentCount":0,"publisher":{"@id":"https:\/\/www.webdo.tn\/fr\/#organization"},"image":{"@id":"https:\/\/www.webdo.tn\/fr\/actualite\/national\/l-amt-s-interroge-sur-le-mouvement-judiciaire\/208204\/#primaryimage"},"thumbnailUrl":"https:\/\/www.webdo.tn\/fr\/wp-content\/uploads\/2023\/08\/dad181e99debaaead0238690fe36f0fe.jpg","keywords":["AMT","magistrats","mouvement judiciaire","Tunisie"],"articleSection":["National"],"inLanguage":"fr-FR"},{"@type":"WebPage","@id":"https:\/\/www.webdo.tn\/fr\/actualite\/national\/l-amt-s-interroge-sur-le-mouvement-judiciaire\/208204\/","url":"https:\/\/www.webdo.tn\/fr\/actualite\/national\/l-amt-s-interroge-sur-le-mouvement-judiciaire\/208204\/","name":"L\u2019AMT s\u2019interroge sur le mouvement judiciaire","isPartOf":{"@id":"https:\/\/www.webdo.tn\/fr\/#website"},"primaryImageOfPage":{"@id":"https:\/\/www.webdo.tn\/fr\/actualite\/national\/l-amt-s-interroge-sur-le-mouvement-judiciaire\/208204\/#primaryimage"},"image":{"@id":"https:\/\/www.webdo.tn\/fr\/actualite\/national\/l-amt-s-interroge-sur-le-mouvement-judiciaire\/208204\/#primaryimage"},"thumbnailUrl":"https:\/\/www.webdo.tn\/fr\/wp-content\/uploads\/2023\/08\/dad181e99debaaead0238690fe36f0fe.jpg","datePublished":"2023-08-25T19:30:00+00:00","dateModified":"2025-05-20T21:57:50+00:00","description":"Le Bureau ex\u00e9cutif de l'Association des magistrats tunisiens (AMT) a appel\u00e9, ce vendredi 25 ao\u00fbt 2023 dans un communiqu\u00e9, le pr\u00e9sident de la R\u00e9publique et le Co...","breadcrumb":{"@id":"https:\/\/www.webdo.tn\/fr\/actualite\/national\/l-amt-s-interroge-sur-le-mouvement-judiciaire\/208204\/#breadcrumb"},"inLanguage":"fr-FR","potentialAction":[{"@type":"ReadAction","target":["https:\/\/www.webdo.tn\/fr\/actualite\/national\/l-amt-s-interroge-sur-le-mouvement-judiciaire\/208204\/"]}]},{"@type":"ImageObject","inLanguage":"fr-FR","@id":"https:\/\/www.webdo.tn\/fr\/actualite\/national\/l-amt-s-interroge-sur-le-mouvement-judiciaire\/208204\/#primaryimage","url":"https:\/\/www.webdo.tn\/fr\/wp-content\/uploads\/2023\/08\/dad181e99debaaead0238690fe36f0fe.jpg","contentUrl":"https:\/\/www.webdo.tn\/fr\/wp-content\/uploads\/2023\/08\/dad181e99debaaead0238690fe36f0fe.jpg","width":750,"height":400,"caption":"L\u2019AMT s\u2019interroge sur le mouvement judiciaire"},{"@type":"BreadcrumbList","@id":"https:\/\/www.webdo.tn\/fr\/actualite\/national\/l-amt-s-interroge-sur-le-mouvement-judiciaire\/208204\/#breadcrumb","itemListElement":[{"@type":"ListItem","position":1,"name":"Accueil","item":"https:\/\/www.webdo.tn\/fr\/"},{"@type":"ListItem","position":2,"name":"L\u2019AMT s\u2019interroge sur le mouvement judiciaire"}]},{"@type":"WebSite","@id":"https:\/\/www.webdo.tn\/fr\/#website","url":"https:\/\/www.webdo.tn\/fr\/","name":"webdo","description":"Tunisie - News en Tunisie et \u00e0 l&#039;international sur Webdo.tn","publisher":{"@id":"https:\/\/www.webdo.tn\/fr\/#organization"},"potentialAction":[{"@type":"SearchAction","target":{"@type":"EntryPoint","urlTemplate":"https:\/\/www.webdo.tn\/fr\/?s={search_term_string}"},"query-input":{"@type":"PropertyValueSpecification","valueRequired":true,"valueName":"search_term_string"}}],"inLanguage":"fr-FR"},{"@type":"Organization","@id":"https:\/\/www.webdo.tn\/fr\/#organization","name":"Webdo","alternateName":"Webdo.tn","url":"https:\/\/www.webdo.tn\/fr\/","logo":{"@type":"ImageObject","inLanguage":"fr-FR","@id":"https:\/\/www.webdo.tn\/fr\/#\/schema\/logo\/image\/","url":"https:\/\/www.webdo.tn\/fr\/wp-content\/uploads\/2025\/06\/Webdo-Tunisie_168377.jpg","contentUrl":"https:\/\/www.webdo.tn\/fr\/wp-content\/uploads\/2025\/06\/Webdo-Tunisie_168377.jpg","width":301,"height":301,"caption":"Webdo"},"image":{"@id":"https:\/\/www.webdo.tn\/fr\/#\/schema\/logo\/image\/"},"sameAs":["https:\/\/www.facebook.com\/webdotn","https:\/\/x.com\/webdo_tn"],"description":"Webdo est un m\u00e9dia num\u00e9rique tunisien fond\u00e9 en 2010, sp\u00e9cialis\u00e9 dans l\u2019actualit\u00e9 nationale et internationale, l\u2019\u00e9conomie, la soci\u00e9t\u00e9 et les analyses politiques. Le site s\u2019adresse \u00e0 un large public francophone et couvre l\u2019information tunisienne en temps r\u00e9el.","email":"redac@webdo.tn","legalName":"YNJ SARL","foundingDate":"2010-09-06","numberOfEmployees":{"@type":"QuantitativeValue","minValue":"11","maxValue":"50"}},{"@type":"Person","@id":"https:\/\/www.webdo.tn\/fr\/#\/schema\/person\/2c4929cbf5a809e3bd38617c6ce150f6","name":"MC","image":{"@type":"ImageObject","inLanguage":"fr-FR","@id":"https:\/\/secure.gravatar.com\/avatar\/a545bbb6f84efdd5553dbbc2895e3ca8f1d12c5215e00a041c9670b54aa9b18a?s=96&d=mm&r=g","url":"https:\/\/secure.gravatar.com\/avatar\/a545bbb6f84efdd5553dbbc2895e3ca8f1d12c5215e00a041c9670b54aa9b18a?s=96&d=mm&r=g","contentUrl":"https:\/\/secure.gravatar.com\/avatar\/a545bbb6f84efdd5553dbbc2895e3ca8f1d12c5215e00a041c9670b54aa9b18a?s=96&d=mm&r=g","caption":"MC"},"url":"https:\/\/www.webdo.tn\/fr\/actualite\/author\/mc\/"}]}},"_links":{"self":[{"href":"https:\/\/www.webdo.tn\/fr\/wp-json\/wp\/v2\/posts\/208204","targetHints":{"allow":["GET"]}}],"collection":[{"href":"https:\/\/www.webdo.tn\/fr\/wp-json\/wp\/v2\/posts"}],"about":[{"href":"https:\/\/www.webdo.tn\/fr\/wp-json\/wp\/v2\/types\/post"}],"author":[{"embeddable":true,"href":"https:\/\/www.webdo.tn\/fr\/wp-json\/wp\/v2\/users\/3162"}],"replies":[{"embeddable":true,"href":"https:\/\/www.webdo.tn\/fr\/wp-json\/wp\/v2\/comments?post=208204"}],"version-history":[{"count":0,"href":"https:\/\/www.webdo.tn\/fr\/wp-json\/wp\/v2\/posts\/208204\/revisions"}],"wp:featuredmedia":[{"embeddable":true,"href":"https:\/\/www.webdo.tn\/fr\/wp-json\/wp\/v2\/media\/249472"}],"wp:attachment":[{"href":"https:\/\/www.webdo.tn\/fr\/wp-json\/wp\/v2\/media?parent=208204"}],"wp:term":[{"taxonomy":"category","embeddable":true,"href":"https:\/\/www.webdo.tn\/fr\/wp-json\/wp\/v2\/categories?post=208204"},{"taxonomy":"post_tag","embeddable":true,"href":"https:\/\/www.webdo.tn\/fr\/wp-json\/wp\/v2\/tags?post=208204"}],"curies":[{"name":"wp","href":"https:\/\/api.w.org\/{rel}","templated":true}]}}