{"id":208189,"date":"2023-08-25T13:17:00","date_gmt":"2023-08-25T13:17:00","guid":{"rendered":"https:\/\/www.webdo.tn\/fr\/blog\/hammamet-des-citoyens-pillent-un-camion-charge-de-semoule\/208189\/"},"modified":"2025-05-20T22:56:54","modified_gmt":"2025-05-20T22:56:54","slug":"hammamet-des-citoyens-pillent-un-camion-charge-de-semoule","status":"publish","type":"post","link":"https:\/\/www.webdo.tn\/fr\/actualite\/regions\/hammamet-des-citoyens-pillent-un-camion-charge-de-semoule\/208189\/","title":{"rendered":"Hammamet : des citoyens pillent un camion charg\u00e9 de semoule"},"content":{"rendered":"<p>Cela s\u2019est pass\u00e9 hier, jeudi 24 courant, sur la route reliant Nabeul \u00e0 Hammamet, lorsque des citoyens, se rendant compte de la pr\u00e9sence d\u2019un camion charg\u00e9 de semoule et de farine, ces denr\u00e9es tr\u00e8s rares et si pris\u00e9es, n\u2019ont pas h\u00e9sit\u00e9 \u00e0 le piller.<\/p>\n<p>\t\t\t\t\t\t\t\t\tRoulant sur la route Nabeul-Hammamet, ce camion, transportant 20 quintaux de semoule et de farine, a \u00e9t\u00e9 pris d\u2019assaut en pleine route, provoquant des bouchons et une perturbation de la circulation sur cette importante voie de communication entre ces deux villes touristiques.\u00a0<\/p>\n<p>A ce sujet, une vid\u00e9o de l\u2019incident en question a circul\u00e9 sur les r\u00e9seaux sociaux, montrant le rassemblement de citoyens autour du camion, dans des images traduisant ces comportements vraiment d\u00e9plorables.<\/p>\n<p>En r\u00e9action \u00e0 ces actes r\u00e9pr\u00e9hensibles, le directeur r\u00e9gional du Commerce de Nabeul, Samir Khalfaoui, a d\u00e9clar\u00e9,\u00a0 aujourd&rsquo;hui vendredi 25 ao\u00fbt 2023 sur Mosa\u00efque fm, que la direction r\u00e9gionale du Commerce et les autorit\u00e9s s\u00e9curitaires ont commenc\u00e9 \u00e0 traquer les citoyens qui ont braqu\u00e9 le\u00a0camion en question, pour les traduire en justice.<\/p>\n<p>Khalfaoui a pr\u00e9cis\u00e9 que le camion devait distribuer 30 tonnes de ces produits \u00e0 Nabeul et \u00e0 Sousse, dont 10 ont \u00e9t\u00e9 vol\u00e9es par des habitants de Hammamet.<\/p>\n","protected":false},"excerpt":{"rendered":"<p>Sur la route reliant Nabeul \u00e0 Hammamet, se rendant compte de la pr\u00e9sence d\u2019un camion charg\u00e9 de semoule et de farine,  des citoyens n\u2019ont pas h\u00e9sit\u00e9 \u00e0 le piller.<\/p>\n","protected":false},"author":3185,"featured_media":249465,"comment_status":"open","ping_status":"closed","sticky":false,"template":"","format":"standard","meta":{"footnotes":""},"categories":[2595],"tags":[5109,8040,8039],"class_list":["post-208189","post","type-post","status-publish","format-standard","has-post-thumbnail","hentry","category-regions","tag-camion","tag-pillage","tag-semoule"],"yoast_head":"<!-- This site is optimized with the Yoast SEO Premium plugin v27.5 (Yoast SEO v27.5) - https:\/\/yoast.com\/product\/yoast-seo-premium-wordpress\/ -->\n<title>Hammamet : des citoyens pillent un camion charg\u00e9 de semoule<\/title>\n<meta name=\"description\" content=\"Sur la route reliant Nabeul \u00e0 Hammamet, se rendant compte de la pr\u00e9sence d\u2019un camion charg\u00e9 de semoule et de farine, des citoyens n\u2019ont pas h\u00e9sit\u00e9 \u00e0 le piller.\" \/>\n<link rel=\"canonical\" href=\"https:\/\/www.webdo.tn\/fr\/actualite\/regions\/hammamet-des-citoyens-pillent-un-camion-charge-de-semoule\/208189\/\" \/>\n<meta property=\"og:locale\" content=\"fr_FR\" \/>\n<meta property=\"og:type\" content=\"article\" \/>\n<meta property=\"og:title\" content=\"Hammamet : des citoyens pillent un camion charg\u00e9 de semoule\" \/>\n<meta property=\"og:description\" content=\"Sur la route reliant Nabeul \u00e0 Hammamet, se rendant compte de la pr\u00e9sence d\u2019un camion charg\u00e9 de semoule et de farine, des citoyens n\u2019ont pas h\u00e9sit\u00e9 \u00e0 le piller.\" \/>\n<meta property=\"og:url\" content=\"https:\/\/www.webdo.tn\/fr\/actualite\/regions\/hammamet-des-citoyens-pillent-un-camion-charge-de-semoule\/208189\/\" \/>\n<meta property=\"og:site_name\" content=\"webdo\" \/>\n<meta property=\"article:publisher\" content=\"https:\/\/www.facebook.com\/webdotn\" \/>\n<meta property=\"article:published_time\" content=\"2023-08-25T13:17:00+00:00\" \/>\n<meta property=\"article:modified_time\" content=\"2025-05-20T22:56:54+00:00\" \/>\n<meta property=\"og:image\" content=\"https:\/\/www.webdo.tn\/fr\/wp-content\/uploads\/2023\/08\/c1905cbdd79e714263347372d7916938.jpg\" \/>\n\t<meta property=\"og:image:width\" content=\"626\" \/>\n\t<meta property=\"og:image:height\" content=\"334\" \/>\n\t<meta property=\"og:image:type\" content=\"image\/jpeg\" \/>\n<meta name=\"author\" content=\"WDA\" \/>\n<meta name=\"twitter:card\" content=\"summary_large_image\" \/>\n<meta name=\"twitter:creator\" content=\"@webdo_tn\" \/>\n<meta name=\"twitter:site\" content=\"@webdo_tn\" \/>\n<meta name=\"twitter:label1\" content=\"\u00c9crit par\" \/>\n\t<meta name=\"twitter:data1\" content=\"WDA\" \/>\n\t<meta name=\"twitter:label2\" content=\"Dur\u00e9e de lecture estim\u00e9e\" \/>\n\t<meta name=\"twitter:data2\" content=\"1 minute\" \/>\n<script type=\"application\/ld+json\" class=\"yoast-schema-graph\">{\"@context\":\"https:\\\/\\\/schema.org\",\"@graph\":[{\"@type\":\"NewsArticle\",\"@id\":\"https:\\\/\\\/www.webdo.tn\\\/fr\\\/actualite\\\/regions\\\/hammamet-des-citoyens-pillent-un-camion-charge-de-semoule\\\/208189\\\/#article\",\"isPartOf\":{\"@id\":\"https:\\\/\\\/www.webdo.tn\\\/fr\\\/actualite\\\/regions\\\/hammamet-des-citoyens-pillent-un-camion-charge-de-semoule\\\/208189\\\/\"},\"author\":{\"name\":\"WDA\",\"@id\":\"https:\\\/\\\/www.webdo.tn\\\/fr\\\/#\\\/schema\\\/person\\\/ae999f6cc68c323955dd7bb23b41f2dd\"},\"headline\":\"Hammamet : des citoyens pillent un camion charg\u00e9 de semoule\",\"datePublished\":\"2023-08-25T13:17:00+00:00\",\"dateModified\":\"2025-05-20T22:56:54+00:00\",\"mainEntityOfPage\":{\"@id\":\"https:\\\/\\\/www.webdo.tn\\\/fr\\\/actualite\\\/regions\\\/hammamet-des-citoyens-pillent-un-camion-charge-de-semoule\\\/208189\\\/\"},\"wordCount\":221,\"commentCount\":0,\"publisher\":{\"@id\":\"https:\\\/\\\/www.webdo.tn\\\/fr\\\/#organization\"},\"image\":{\"@id\":\"https:\\\/\\\/www.webdo.tn\\\/fr\\\/actualite\\\/regions\\\/hammamet-des-citoyens-pillent-un-camion-charge-de-semoule\\\/208189\\\/#primaryimage\"},\"thumbnailUrl\":\"https:\\\/\\\/www.webdo.tn\\\/fr\\\/wp-content\\\/uploads\\\/2023\\\/08\\\/c1905cbdd79e714263347372d7916938.jpg\",\"keywords\":[\"camion\",\"Pillage\",\"semoule\"],\"articleSection\":[\"regions\"],\"inLanguage\":\"fr-FR\"},{\"@type\":\"WebPage\",\"@id\":\"https:\\\/\\\/www.webdo.tn\\\/fr\\\/actualite\\\/regions\\\/hammamet-des-citoyens-pillent-un-camion-charge-de-semoule\\\/208189\\\/\",\"url\":\"https:\\\/\\\/www.webdo.tn\\\/fr\\\/actualite\\\/regions\\\/hammamet-des-citoyens-pillent-un-camion-charge-de-semoule\\\/208189\\\/\",\"name\":\"Hammamet : des citoyens pillent un camion charg\u00e9 de semoule\",\"isPartOf\":{\"@id\":\"https:\\\/\\\/www.webdo.tn\\\/fr\\\/#website\"},\"primaryImageOfPage\":{\"@id\":\"https:\\\/\\\/www.webdo.tn\\\/fr\\\/actualite\\\/regions\\\/hammamet-des-citoyens-pillent-un-camion-charge-de-semoule\\\/208189\\\/#primaryimage\"},\"image\":{\"@id\":\"https:\\\/\\\/www.webdo.tn\\\/fr\\\/actualite\\\/regions\\\/hammamet-des-citoyens-pillent-un-camion-charge-de-semoule\\\/208189\\\/#primaryimage\"},\"thumbnailUrl\":\"https:\\\/\\\/www.webdo.tn\\\/fr\\\/wp-content\\\/uploads\\\/2023\\\/08\\\/c1905cbdd79e714263347372d7916938.jpg\",\"datePublished\":\"2023-08-25T13:17:00+00:00\",\"dateModified\":\"2025-05-20T22:56:54+00:00\",\"description\":\"Sur la route reliant Nabeul \u00e0 Hammamet, se rendant compte de la pr\u00e9sence d\u2019un camion charg\u00e9 de semoule et de farine, des citoyens n\u2019ont pas h\u00e9sit\u00e9 \u00e0 le piller.\",\"breadcrumb\":{\"@id\":\"https:\\\/\\\/www.webdo.tn\\\/fr\\\/actualite\\\/regions\\\/hammamet-des-citoyens-pillent-un-camion-charge-de-semoule\\\/208189\\\/#breadcrumb\"},\"inLanguage\":\"fr-FR\",\"potentialAction\":[{\"@type\":\"ReadAction\",\"target\":[\"https:\\\/\\\/www.webdo.tn\\\/fr\\\/actualite\\\/regions\\\/hammamet-des-citoyens-pillent-un-camion-charge-de-semoule\\\/208189\\\/\"]}]},{\"@type\":\"ImageObject\",\"inLanguage\":\"fr-FR\",\"@id\":\"https:\\\/\\\/www.webdo.tn\\\/fr\\\/actualite\\\/regions\\\/hammamet-des-citoyens-pillent-un-camion-charge-de-semoule\\\/208189\\\/#primaryimage\",\"url\":\"https:\\\/\\\/www.webdo.tn\\\/fr\\\/wp-content\\\/uploads\\\/2023\\\/08\\\/c1905cbdd79e714263347372d7916938.jpg\",\"contentUrl\":\"https:\\\/\\\/www.webdo.tn\\\/fr\\\/wp-content\\\/uploads\\\/2023\\\/08\\\/c1905cbdd79e714263347372d7916938.jpg\",\"width\":626,\"height\":334,\"caption\":\"Hammamet : des citoyens pillent un camion charg\u00e9 de semoule\"},{\"@type\":\"BreadcrumbList\",\"@id\":\"https:\\\/\\\/www.webdo.tn\\\/fr\\\/actualite\\\/regions\\\/hammamet-des-citoyens-pillent-un-camion-charge-de-semoule\\\/208189\\\/#breadcrumb\",\"itemListElement\":[{\"@type\":\"ListItem\",\"position\":1,\"name\":\"Accueil\",\"item\":\"https:\\\/\\\/www.webdo.tn\\\/fr\\\/\"},{\"@type\":\"ListItem\",\"position\":2,\"name\":\"Hammamet : des citoyens pillent un camion charg\u00e9 de semoule\"}]},{\"@type\":\"WebSite\",\"@id\":\"https:\\\/\\\/www.webdo.tn\\\/fr\\\/#website\",\"url\":\"https:\\\/\\\/www.webdo.tn\\\/fr\\\/\",\"name\":\"webdo\",\"description\":\"Tunisie - News en Tunisie et \u00e0 l&#039;international sur Webdo.tn\",\"publisher\":{\"@id\":\"https:\\\/\\\/www.webdo.tn\\\/fr\\\/#organization\"},\"potentialAction\":[{\"@type\":\"SearchAction\",\"target\":{\"@type\":\"EntryPoint\",\"urlTemplate\":\"https:\\\/\\\/www.webdo.tn\\\/fr\\\/?s={search_term_string}\"},\"query-input\":{\"@type\":\"PropertyValueSpecification\",\"valueRequired\":true,\"valueName\":\"search_term_string\"}}],\"inLanguage\":\"fr-FR\"},{\"@type\":\"Organization\",\"@id\":\"https:\\\/\\\/www.webdo.tn\\\/fr\\\/#organization\",\"name\":\"Webdo\",\"alternateName\":\"Webdo.tn\",\"url\":\"https:\\\/\\\/www.webdo.tn\\\/fr\\\/\",\"logo\":{\"@type\":\"ImageObject\",\"inLanguage\":\"fr-FR\",\"@id\":\"https:\\\/\\\/www.webdo.tn\\\/fr\\\/#\\\/schema\\\/logo\\\/image\\\/\",\"url\":\"https:\\\/\\\/www.webdo.tn\\\/fr\\\/wp-content\\\/uploads\\\/2025\\\/06\\\/Webdo-Tunisie_168377.jpg\",\"contentUrl\":\"https:\\\/\\\/www.webdo.tn\\\/fr\\\/wp-content\\\/uploads\\\/2025\\\/06\\\/Webdo-Tunisie_168377.jpg\",\"width\":301,\"height\":301,\"caption\":\"Webdo\"},\"image\":{\"@id\":\"https:\\\/\\\/www.webdo.tn\\\/fr\\\/#\\\/schema\\\/logo\\\/image\\\/\"},\"sameAs\":[\"https:\\\/\\\/www.facebook.com\\\/webdotn\",\"https:\\\/\\\/x.com\\\/webdo_tn\"],\"description\":\"Webdo est un m\u00e9dia num\u00e9rique tunisien fond\u00e9 en 2010, sp\u00e9cialis\u00e9 dans l\u2019actualit\u00e9 nationale et internationale, l\u2019\u00e9conomie, la soci\u00e9t\u00e9 et les analyses politiques. Le site s\u2019adresse \u00e0 un large public francophone et couvre l\u2019information tunisienne en temps r\u00e9el.\",\"email\":\"redac@webdo.tn\",\"legalName\":\"YNJ SARL\",\"foundingDate\":\"2010-09-06\",\"numberOfEmployees\":{\"@type\":\"QuantitativeValue\",\"minValue\":\"11\",\"maxValue\":\"50\"}},{\"@type\":\"Person\",\"@id\":\"https:\\\/\\\/www.webdo.tn\\\/fr\\\/#\\\/schema\\\/person\\\/ae999f6cc68c323955dd7bb23b41f2dd\",\"name\":\"WDA\",\"image\":{\"@type\":\"ImageObject\",\"inLanguage\":\"fr-FR\",\"@id\":\"https:\\\/\\\/secure.gravatar.com\\\/avatar\\\/008e9c4da3bbf467e76fbd05ea8a140d6f047be3ff32b495e3a42ecd99d95622?s=96&d=mm&r=g\",\"url\":\"https:\\\/\\\/secure.gravatar.com\\\/avatar\\\/008e9c4da3bbf467e76fbd05ea8a140d6f047be3ff32b495e3a42ecd99d95622?s=96&d=mm&r=g\",\"contentUrl\":\"https:\\\/\\\/secure.gravatar.com\\\/avatar\\\/008e9c4da3bbf467e76fbd05ea8a140d6f047be3ff32b495e3a42ecd99d95622?s=96&d=mm&r=g\",\"caption\":\"WDA\"},\"url\":\"https:\\\/\\\/www.webdo.tn\\\/fr\\\/actualite\\\/author\\\/wda\\\/\"}]}<\/script>\n<!-- \/ Yoast SEO Premium plugin. -->","yoast_head_json":{"title":"Hammamet : des citoyens pillent un camion charg\u00e9 de semoule","description":"Sur la route reliant Nabeul \u00e0 Hammamet, se rendant compte de la pr\u00e9sence d\u2019un camion charg\u00e9 de semoule et de farine, des citoyens n\u2019ont pas h\u00e9sit\u00e9 \u00e0 le piller.","canonical":"https:\/\/www.webdo.tn\/fr\/actualite\/regions\/hammamet-des-citoyens-pillent-un-camion-charge-de-semoule\/208189\/","og_locale":"fr_FR","og_type":"article","og_title":"Hammamet : des citoyens pillent un camion charg\u00e9 de semoule","og_description":"Sur la route reliant Nabeul \u00e0 Hammamet, se rendant compte de la pr\u00e9sence d\u2019un camion charg\u00e9 de semoule et de farine, des citoyens n\u2019ont pas h\u00e9sit\u00e9 \u00e0 le piller.","og_url":"https:\/\/www.webdo.tn\/fr\/actualite\/regions\/hammamet-des-citoyens-pillent-un-camion-charge-de-semoule\/208189\/","og_site_name":"webdo","article_publisher":"https:\/\/www.facebook.com\/webdotn","article_published_time":"2023-08-25T13:17:00+00:00","article_modified_time":"2025-05-20T22:56:54+00:00","og_image":[{"width":626,"height":334,"url":"https:\/\/www.webdo.tn\/fr\/wp-content\/uploads\/2023\/08\/c1905cbdd79e714263347372d7916938.jpg","type":"image\/jpeg"}],"author":"WDA","twitter_card":"summary_large_image","twitter_creator":"@webdo_tn","twitter_site":"@webdo_tn","twitter_misc":{"\u00c9crit par":"WDA","Dur\u00e9e de lecture estim\u00e9e":"1 minute"},"schema":{"@context":"https:\/\/schema.org","@graph":[{"@type":"NewsArticle","@id":"https:\/\/www.webdo.tn\/fr\/actualite\/regions\/hammamet-des-citoyens-pillent-un-camion-charge-de-semoule\/208189\/#article","isPartOf":{"@id":"https:\/\/www.webdo.tn\/fr\/actualite\/regions\/hammamet-des-citoyens-pillent-un-camion-charge-de-semoule\/208189\/"},"author":{"name":"WDA","@id":"https:\/\/www.webdo.tn\/fr\/#\/schema\/person\/ae999f6cc68c323955dd7bb23b41f2dd"},"headline":"Hammamet : des citoyens pillent un camion charg\u00e9 de semoule","datePublished":"2023-08-25T13:17:00+00:00","dateModified":"2025-05-20T22:56:54+00:00","mainEntityOfPage":{"@id":"https:\/\/www.webdo.tn\/fr\/actualite\/regions\/hammamet-des-citoyens-pillent-un-camion-charge-de-semoule\/208189\/"},"wordCount":221,"commentCount":0,"publisher":{"@id":"https:\/\/www.webdo.tn\/fr\/#organization"},"image":{"@id":"https:\/\/www.webdo.tn\/fr\/actualite\/regions\/hammamet-des-citoyens-pillent-un-camion-charge-de-semoule\/208189\/#primaryimage"},"thumbnailUrl":"https:\/\/www.webdo.tn\/fr\/wp-content\/uploads\/2023\/08\/c1905cbdd79e714263347372d7916938.jpg","keywords":["camion","Pillage","semoule"],"articleSection":["regions"],"inLanguage":"fr-FR"},{"@type":"WebPage","@id":"https:\/\/www.webdo.tn\/fr\/actualite\/regions\/hammamet-des-citoyens-pillent-un-camion-charge-de-semoule\/208189\/","url":"https:\/\/www.webdo.tn\/fr\/actualite\/regions\/hammamet-des-citoyens-pillent-un-camion-charge-de-semoule\/208189\/","name":"Hammamet : des citoyens pillent un camion charg\u00e9 de semoule","isPartOf":{"@id":"https:\/\/www.webdo.tn\/fr\/#website"},"primaryImageOfPage":{"@id":"https:\/\/www.webdo.tn\/fr\/actualite\/regions\/hammamet-des-citoyens-pillent-un-camion-charge-de-semoule\/208189\/#primaryimage"},"image":{"@id":"https:\/\/www.webdo.tn\/fr\/actualite\/regions\/hammamet-des-citoyens-pillent-un-camion-charge-de-semoule\/208189\/#primaryimage"},"thumbnailUrl":"https:\/\/www.webdo.tn\/fr\/wp-content\/uploads\/2023\/08\/c1905cbdd79e714263347372d7916938.jpg","datePublished":"2023-08-25T13:17:00+00:00","dateModified":"2025-05-20T22:56:54+00:00","description":"Sur la route reliant Nabeul \u00e0 Hammamet, se rendant compte de la pr\u00e9sence d\u2019un camion charg\u00e9 de semoule et de farine, des citoyens n\u2019ont pas h\u00e9sit\u00e9 \u00e0 le piller.","breadcrumb":{"@id":"https:\/\/www.webdo.tn\/fr\/actualite\/regions\/hammamet-des-citoyens-pillent-un-camion-charge-de-semoule\/208189\/#breadcrumb"},"inLanguage":"fr-FR","potentialAction":[{"@type":"ReadAction","target":["https:\/\/www.webdo.tn\/fr\/actualite\/regions\/hammamet-des-citoyens-pillent-un-camion-charge-de-semoule\/208189\/"]}]},{"@type":"ImageObject","inLanguage":"fr-FR","@id":"https:\/\/www.webdo.tn\/fr\/actualite\/regions\/hammamet-des-citoyens-pillent-un-camion-charge-de-semoule\/208189\/#primaryimage","url":"https:\/\/www.webdo.tn\/fr\/wp-content\/uploads\/2023\/08\/c1905cbdd79e714263347372d7916938.jpg","contentUrl":"https:\/\/www.webdo.tn\/fr\/wp-content\/uploads\/2023\/08\/c1905cbdd79e714263347372d7916938.jpg","width":626,"height":334,"caption":"Hammamet : des citoyens pillent un camion charg\u00e9 de semoule"},{"@type":"BreadcrumbList","@id":"https:\/\/www.webdo.tn\/fr\/actualite\/regions\/hammamet-des-citoyens-pillent-un-camion-charge-de-semoule\/208189\/#breadcrumb","itemListElement":[{"@type":"ListItem","position":1,"name":"Accueil","item":"https:\/\/www.webdo.tn\/fr\/"},{"@type":"ListItem","position":2,"name":"Hammamet : des citoyens pillent un camion charg\u00e9 de semoule"}]},{"@type":"WebSite","@id":"https:\/\/www.webdo.tn\/fr\/#website","url":"https:\/\/www.webdo.tn\/fr\/","name":"webdo","description":"Tunisie - News en Tunisie et \u00e0 l&#039;international sur Webdo.tn","publisher":{"@id":"https:\/\/www.webdo.tn\/fr\/#organization"},"potentialAction":[{"@type":"SearchAction","target":{"@type":"EntryPoint","urlTemplate":"https:\/\/www.webdo.tn\/fr\/?s={search_term_string}"},"query-input":{"@type":"PropertyValueSpecification","valueRequired":true,"valueName":"search_term_string"}}],"inLanguage":"fr-FR"},{"@type":"Organization","@id":"https:\/\/www.webdo.tn\/fr\/#organization","name":"Webdo","alternateName":"Webdo.tn","url":"https:\/\/www.webdo.tn\/fr\/","logo":{"@type":"ImageObject","inLanguage":"fr-FR","@id":"https:\/\/www.webdo.tn\/fr\/#\/schema\/logo\/image\/","url":"https:\/\/www.webdo.tn\/fr\/wp-content\/uploads\/2025\/06\/Webdo-Tunisie_168377.jpg","contentUrl":"https:\/\/www.webdo.tn\/fr\/wp-content\/uploads\/2025\/06\/Webdo-Tunisie_168377.jpg","width":301,"height":301,"caption":"Webdo"},"image":{"@id":"https:\/\/www.webdo.tn\/fr\/#\/schema\/logo\/image\/"},"sameAs":["https:\/\/www.facebook.com\/webdotn","https:\/\/x.com\/webdo_tn"],"description":"Webdo est un m\u00e9dia num\u00e9rique tunisien fond\u00e9 en 2010, sp\u00e9cialis\u00e9 dans l\u2019actualit\u00e9 nationale et internationale, l\u2019\u00e9conomie, la soci\u00e9t\u00e9 et les analyses politiques. Le site s\u2019adresse \u00e0 un large public francophone et couvre l\u2019information tunisienne en temps r\u00e9el.","email":"redac@webdo.tn","legalName":"YNJ SARL","foundingDate":"2010-09-06","numberOfEmployees":{"@type":"QuantitativeValue","minValue":"11","maxValue":"50"}},{"@type":"Person","@id":"https:\/\/www.webdo.tn\/fr\/#\/schema\/person\/ae999f6cc68c323955dd7bb23b41f2dd","name":"WDA","image":{"@type":"ImageObject","inLanguage":"fr-FR","@id":"https:\/\/secure.gravatar.com\/avatar\/008e9c4da3bbf467e76fbd05ea8a140d6f047be3ff32b495e3a42ecd99d95622?s=96&d=mm&r=g","url":"https:\/\/secure.gravatar.com\/avatar\/008e9c4da3bbf467e76fbd05ea8a140d6f047be3ff32b495e3a42ecd99d95622?s=96&d=mm&r=g","contentUrl":"https:\/\/secure.gravatar.com\/avatar\/008e9c4da3bbf467e76fbd05ea8a140d6f047be3ff32b495e3a42ecd99d95622?s=96&d=mm&r=g","caption":"WDA"},"url":"https:\/\/www.webdo.tn\/fr\/actualite\/author\/wda\/"}]}},"_links":{"self":[{"href":"https:\/\/www.webdo.tn\/fr\/wp-json\/wp\/v2\/posts\/208189","targetHints":{"allow":["GET"]}}],"collection":[{"href":"https:\/\/www.webdo.tn\/fr\/wp-json\/wp\/v2\/posts"}],"about":[{"href":"https:\/\/www.webdo.tn\/fr\/wp-json\/wp\/v2\/types\/post"}],"author":[{"embeddable":true,"href":"https:\/\/www.webdo.tn\/fr\/wp-json\/wp\/v2\/users\/3185"}],"replies":[{"embeddable":true,"href":"https:\/\/www.webdo.tn\/fr\/wp-json\/wp\/v2\/comments?post=208189"}],"version-history":[{"count":0,"href":"https:\/\/www.webdo.tn\/fr\/wp-json\/wp\/v2\/posts\/208189\/revisions"}],"wp:featuredmedia":[{"embeddable":true,"href":"https:\/\/www.webdo.tn\/fr\/wp-json\/wp\/v2\/media\/249465"}],"wp:attachment":[{"href":"https:\/\/www.webdo.tn\/fr\/wp-json\/wp\/v2\/media?parent=208189"}],"wp:term":[{"taxonomy":"category","embeddable":true,"href":"https:\/\/www.webdo.tn\/fr\/wp-json\/wp\/v2\/categories?post=208189"},{"taxonomy":"post_tag","embeddable":true,"href":"https:\/\/www.webdo.tn\/fr\/wp-json\/wp\/v2\/tags?post=208189"}],"curies":[{"name":"wp","href":"https:\/\/api.w.org\/{rel}","templated":true}]}}