{"id":208182,"date":"2023-08-25T09:33:00","date_gmt":"2023-08-25T09:33:00","guid":{"rendered":"https:\/\/www.webdo.tn\/fr\/blog\/matricule-p01135809-donald-trump-est-desormais-fiche\/208182\/"},"modified":"2025-05-20T22:09:51","modified_gmt":"2025-05-20T22:09:51","slug":"matricule-p01135809-donald-trump-est-desormais-fiche","status":"publish","type":"post","link":"https:\/\/www.webdo.tn\/fr\/actualite\/international\/matricule-p01135809-donald-trump-est-desormais-fiche\/208182\/","title":{"rendered":"Matricule P01135809 : Donald Trump est d\u00e9sormais fich\u00e9"},"content":{"rendered":"<p>Lib\u00e9r\u00e9 apr\u00e8s avoir pay\u00e9 une caution, Donald Trump \u00e9chappe pour l\u2019instant \u00e0 la prison, mais est d\u00e9sormais fich\u00e9.<\/p>\n<p>\t\t\t\t\t\t\t\t\tL\u2019ancien pr\u00e9sident des Etats-Unis a \u00e9t\u00e9 soumis, jeudi 24 ao\u00fbt, \u00e0 une prise de photo d&rsquo;identit\u00e9 judiciaire dans une prison d&rsquo;Atlanta, une premi\u00e8re pour un ancien pr\u00e9sident dans l&rsquo;histoire des Etats-Unis.<\/p>\n<p>Il y avait \u00e9chapp\u00e9 lors de ses trois pr\u00e9c\u00e9dentes inculpations p\u00e9nales, mais le milliardaire candidat, accus\u00e9 d&rsquo;avoir tent\u00e9 de manipuler les r\u00e9sultats de la pr\u00e9sidentielle de 2020, est d\u00e9sormais fich\u00e9 comme n&rsquo;importe quel justiciable poursuivi en justice.<\/p>\n<p>Il est d\u00e9sormais le prisonnier \u00ab\u00a0P01135809\u00a0\u00bb. Donald Trump, 1m90, 98 kg, a \u00e9t\u00e9 soumis \u00e0 l\u2019infamant rituel du \u00ab\u00a0mugshot\u00a0\u00bb, la prise de la photo d\u2019identit\u00e9 judiciaire. Ce \u00ab\u00a0mugshot\u00a0\u00bb, r\u00e9alis\u00e9 dans les services du sh\u00e9rif de la capitale de l&rsquo;Etat de G\u00e9orgie, s&rsquo;est instantan\u00e9ment retrouv\u00e9 en une des m\u00e9dias am\u00e9ricains et a fait le tour des r\u00e9seaux sociaux.<\/p>\n<p>Le \u00ab\u00a0mugshot\u00a0\u00bb de Donald Trump pris dans une prison d&rsquo;Atlanta (G\u00e9orgie, Etats-Unis), le 24 ao\u00fbt 2023. (FULTON COUNTY SHERIFF&rsquo;S OFFICE \/ MAXPPP)<\/p>\n<p>\u00a0<\/p>\n<p>Lib\u00e9r\u00e9 gr\u00e2ce au paiement d&rsquo;une caution de 200.000 dollars, le favori des primaires r\u00e9publicaines pour la pr\u00e9sidentielle de 2024 a rapidement quitt\u00e9 la prison d&rsquo;Atlanta dans un convoi motoris\u00e9 plac\u00e9 sous haute s\u00e9curit\u00e9.<\/p>\n<p>\u00a0Juste apr\u00e8s avoir d\u00fb subir cette proc\u00e9dure l\u00e9gale et avant d&#8217;embarquer \u00e0 nouveau dans son avion priv\u00e9, il a d\u00e9nonc\u00e9 un \u00ab\u00a0simulacre de justice\u00a0\u00bb et une \u00ab\u00a0ing\u00e9rence \u00e9lectorale\u00a0\u00bb de la part des autorit\u00e9s de l&rsquo;Etat de G\u00e9orgie qui l&rsquo;ont inculp\u00e9.<\/p>\n","protected":false},"excerpt":{"rendered":"<p>Lib\u00e9r\u00e9 apr\u00e8s avoir pay\u00e9 une caution, Donald Trump \u00e9chappe pour l\u2019instant \u00e0 la prison, mais est d\u00e9sormais fich\u00e9.<\/p>\n","protected":false},"author":3162,"featured_media":278649,"comment_status":"open","ping_status":"closed","sticky":false,"template":"","format":"standard","meta":{"footnotes":""},"categories":[2598],"tags":[2916,3035,2619],"class_list":["post-208182","post","type-post","status-publish","format-standard","has-post-thumbnail","hentry","category-international","tag-donald-trump","tag-etats-unis","tag-justice"],"yoast_head":"<!-- This site is optimized with the Yoast SEO Premium plugin v27.5 (Yoast SEO v27.5) - https:\/\/yoast.com\/product\/yoast-seo-premium-wordpress\/ -->\n<title>Matricule P01135809 : Donald Trump est d\u00e9sormais fich\u00e9<\/title>\n<meta name=\"description\" content=\"Lib\u00e9r\u00e9 apr\u00e8s avoir pay\u00e9 une caution, Donald Trump \u00e9chappe pour l\u2019instant \u00e0 la prison, mais est d\u00e9sormais fich\u00e9.\" \/>\n<link rel=\"canonical\" href=\"https:\/\/www.webdo.tn\/fr\/actualite\/international\/matricule-p01135809-donald-trump-est-desormais-fiche\/208182\/\" \/>\n<meta property=\"og:locale\" content=\"fr_FR\" \/>\n<meta property=\"og:type\" content=\"article\" \/>\n<meta property=\"og:title\" content=\"Matricule P01135809 : Donald Trump est d\u00e9sormais fich\u00e9\" \/>\n<meta property=\"og:description\" content=\"Lib\u00e9r\u00e9 apr\u00e8s avoir pay\u00e9 une caution, Donald Trump \u00e9chappe pour l\u2019instant \u00e0 la prison, mais est d\u00e9sormais fich\u00e9.\" \/>\n<meta property=\"og:url\" content=\"https:\/\/www.webdo.tn\/fr\/actualite\/international\/matricule-p01135809-donald-trump-est-desormais-fiche\/208182\/\" \/>\n<meta property=\"og:site_name\" content=\"webdo\" \/>\n<meta property=\"article:publisher\" content=\"https:\/\/www.facebook.com\/webdotn\" \/>\n<meta property=\"article:published_time\" content=\"2023-08-25T09:33:00+00:00\" \/>\n<meta property=\"article:modified_time\" content=\"2025-05-20T22:09:51+00:00\" \/>\n<meta property=\"og:image\" content=\"https:\/\/www.webdo.tn\/fr\/wp-content\/uploads\/2023\/08\/0a243af1182b3302b08856a68e5a78bd.jpg\" \/>\n\t<meta property=\"og:image:width\" content=\"750\" \/>\n\t<meta property=\"og:image:height\" content=\"400\" \/>\n\t<meta property=\"og:image:type\" content=\"image\/jpeg\" \/>\n<meta name=\"author\" content=\"MC\" \/>\n<meta name=\"twitter:card\" content=\"summary_large_image\" \/>\n<meta name=\"twitter:creator\" content=\"@webdo_tn\" \/>\n<meta name=\"twitter:site\" content=\"@webdo_tn\" \/>\n<meta name=\"twitter:label1\" content=\"\u00c9crit par\" \/>\n\t<meta name=\"twitter:data1\" content=\"MC\" \/>\n\t<meta name=\"twitter:label2\" content=\"Dur\u00e9e de lecture estim\u00e9e\" \/>\n\t<meta name=\"twitter:data2\" content=\"1 minute\" \/>\n<script type=\"application\/ld+json\" class=\"yoast-schema-graph\">{\"@context\":\"https:\\\/\\\/schema.org\",\"@graph\":[{\"@type\":\"NewsArticle\",\"@id\":\"https:\\\/\\\/www.webdo.tn\\\/fr\\\/actualite\\\/international\\\/matricule-p01135809-donald-trump-est-desormais-fiche\\\/208182\\\/#article\",\"isPartOf\":{\"@id\":\"https:\\\/\\\/www.webdo.tn\\\/fr\\\/actualite\\\/international\\\/matricule-p01135809-donald-trump-est-desormais-fiche\\\/208182\\\/\"},\"author\":{\"name\":\"MC\",\"@id\":\"https:\\\/\\\/www.webdo.tn\\\/fr\\\/#\\\/schema\\\/person\\\/2c4929cbf5a809e3bd38617c6ce150f6\"},\"headline\":\"Matricule P01135809 : Donald Trump est d\u00e9sormais fich\u00e9\",\"datePublished\":\"2023-08-25T09:33:00+00:00\",\"dateModified\":\"2025-05-20T22:09:51+00:00\",\"mainEntityOfPage\":{\"@id\":\"https:\\\/\\\/www.webdo.tn\\\/fr\\\/actualite\\\/international\\\/matricule-p01135809-donald-trump-est-desormais-fiche\\\/208182\\\/\"},\"wordCount\":287,\"commentCount\":0,\"publisher\":{\"@id\":\"https:\\\/\\\/www.webdo.tn\\\/fr\\\/#organization\"},\"image\":{\"@id\":\"https:\\\/\\\/www.webdo.tn\\\/fr\\\/actualite\\\/international\\\/matricule-p01135809-donald-trump-est-desormais-fiche\\\/208182\\\/#primaryimage\"},\"thumbnailUrl\":\"https:\\\/\\\/www.webdo.tn\\\/fr\\\/wp-content\\\/uploads\\\/2023\\\/08\\\/0a243af1182b3302b08856a68e5a78bd.jpg\",\"keywords\":[\"Donald Trump\",\"Etats-Unis\",\"justice\"],\"articleSection\":[\"International\"],\"inLanguage\":\"fr-FR\"},{\"@type\":\"WebPage\",\"@id\":\"https:\\\/\\\/www.webdo.tn\\\/fr\\\/actualite\\\/international\\\/matricule-p01135809-donald-trump-est-desormais-fiche\\\/208182\\\/\",\"url\":\"https:\\\/\\\/www.webdo.tn\\\/fr\\\/actualite\\\/international\\\/matricule-p01135809-donald-trump-est-desormais-fiche\\\/208182\\\/\",\"name\":\"Matricule P01135809 : Donald Trump est d\u00e9sormais fich\u00e9\",\"isPartOf\":{\"@id\":\"https:\\\/\\\/www.webdo.tn\\\/fr\\\/#website\"},\"primaryImageOfPage\":{\"@id\":\"https:\\\/\\\/www.webdo.tn\\\/fr\\\/actualite\\\/international\\\/matricule-p01135809-donald-trump-est-desormais-fiche\\\/208182\\\/#primaryimage\"},\"image\":{\"@id\":\"https:\\\/\\\/www.webdo.tn\\\/fr\\\/actualite\\\/international\\\/matricule-p01135809-donald-trump-est-desormais-fiche\\\/208182\\\/#primaryimage\"},\"thumbnailUrl\":\"https:\\\/\\\/www.webdo.tn\\\/fr\\\/wp-content\\\/uploads\\\/2023\\\/08\\\/0a243af1182b3302b08856a68e5a78bd.jpg\",\"datePublished\":\"2023-08-25T09:33:00+00:00\",\"dateModified\":\"2025-05-20T22:09:51+00:00\",\"description\":\"Lib\u00e9r\u00e9 apr\u00e8s avoir pay\u00e9 une caution, Donald Trump \u00e9chappe pour l\u2019instant \u00e0 la prison, mais est d\u00e9sormais fich\u00e9.\",\"breadcrumb\":{\"@id\":\"https:\\\/\\\/www.webdo.tn\\\/fr\\\/actualite\\\/international\\\/matricule-p01135809-donald-trump-est-desormais-fiche\\\/208182\\\/#breadcrumb\"},\"inLanguage\":\"fr-FR\",\"potentialAction\":[{\"@type\":\"ReadAction\",\"target\":[\"https:\\\/\\\/www.webdo.tn\\\/fr\\\/actualite\\\/international\\\/matricule-p01135809-donald-trump-est-desormais-fiche\\\/208182\\\/\"]}]},{\"@type\":\"ImageObject\",\"inLanguage\":\"fr-FR\",\"@id\":\"https:\\\/\\\/www.webdo.tn\\\/fr\\\/actualite\\\/international\\\/matricule-p01135809-donald-trump-est-desormais-fiche\\\/208182\\\/#primaryimage\",\"url\":\"https:\\\/\\\/www.webdo.tn\\\/fr\\\/wp-content\\\/uploads\\\/2023\\\/08\\\/0a243af1182b3302b08856a68e5a78bd.jpg\",\"contentUrl\":\"https:\\\/\\\/www.webdo.tn\\\/fr\\\/wp-content\\\/uploads\\\/2023\\\/08\\\/0a243af1182b3302b08856a68e5a78bd.jpg\",\"width\":750,\"height\":400,\"caption\":\"Matricule P01135809 : Donald Trump est d\u00e9sormais fich\u00e9\"},{\"@type\":\"BreadcrumbList\",\"@id\":\"https:\\\/\\\/www.webdo.tn\\\/fr\\\/actualite\\\/international\\\/matricule-p01135809-donald-trump-est-desormais-fiche\\\/208182\\\/#breadcrumb\",\"itemListElement\":[{\"@type\":\"ListItem\",\"position\":1,\"name\":\"Accueil\",\"item\":\"https:\\\/\\\/www.webdo.tn\\\/fr\\\/\"},{\"@type\":\"ListItem\",\"position\":2,\"name\":\"Matricule P01135809 : Donald Trump est d\u00e9sormais fich\u00e9\"}]},{\"@type\":\"WebSite\",\"@id\":\"https:\\\/\\\/www.webdo.tn\\\/fr\\\/#website\",\"url\":\"https:\\\/\\\/www.webdo.tn\\\/fr\\\/\",\"name\":\"webdo\",\"description\":\"Tunisie - News en Tunisie et \u00e0 l&#039;international sur Webdo.tn\",\"publisher\":{\"@id\":\"https:\\\/\\\/www.webdo.tn\\\/fr\\\/#organization\"},\"potentialAction\":[{\"@type\":\"SearchAction\",\"target\":{\"@type\":\"EntryPoint\",\"urlTemplate\":\"https:\\\/\\\/www.webdo.tn\\\/fr\\\/?s={search_term_string}\"},\"query-input\":{\"@type\":\"PropertyValueSpecification\",\"valueRequired\":true,\"valueName\":\"search_term_string\"}}],\"inLanguage\":\"fr-FR\"},{\"@type\":\"Organization\",\"@id\":\"https:\\\/\\\/www.webdo.tn\\\/fr\\\/#organization\",\"name\":\"Webdo\",\"alternateName\":\"Webdo.tn\",\"url\":\"https:\\\/\\\/www.webdo.tn\\\/fr\\\/\",\"logo\":{\"@type\":\"ImageObject\",\"inLanguage\":\"fr-FR\",\"@id\":\"https:\\\/\\\/www.webdo.tn\\\/fr\\\/#\\\/schema\\\/logo\\\/image\\\/\",\"url\":\"https:\\\/\\\/www.webdo.tn\\\/fr\\\/wp-content\\\/uploads\\\/2025\\\/06\\\/Webdo-Tunisie_168377.jpg\",\"contentUrl\":\"https:\\\/\\\/www.webdo.tn\\\/fr\\\/wp-content\\\/uploads\\\/2025\\\/06\\\/Webdo-Tunisie_168377.jpg\",\"width\":301,\"height\":301,\"caption\":\"Webdo\"},\"image\":{\"@id\":\"https:\\\/\\\/www.webdo.tn\\\/fr\\\/#\\\/schema\\\/logo\\\/image\\\/\"},\"sameAs\":[\"https:\\\/\\\/www.facebook.com\\\/webdotn\",\"https:\\\/\\\/x.com\\\/webdo_tn\"],\"description\":\"Webdo est un m\u00e9dia num\u00e9rique tunisien fond\u00e9 en 2010, sp\u00e9cialis\u00e9 dans l\u2019actualit\u00e9 nationale et internationale, l\u2019\u00e9conomie, la soci\u00e9t\u00e9 et les analyses politiques. Le site s\u2019adresse \u00e0 un large public francophone et couvre l\u2019information tunisienne en temps r\u00e9el.\",\"email\":\"redac@webdo.tn\",\"legalName\":\"YNJ SARL\",\"foundingDate\":\"2010-09-06\",\"numberOfEmployees\":{\"@type\":\"QuantitativeValue\",\"minValue\":\"11\",\"maxValue\":\"50\"}},{\"@type\":\"Person\",\"@id\":\"https:\\\/\\\/www.webdo.tn\\\/fr\\\/#\\\/schema\\\/person\\\/2c4929cbf5a809e3bd38617c6ce150f6\",\"name\":\"MC\",\"image\":{\"@type\":\"ImageObject\",\"inLanguage\":\"fr-FR\",\"@id\":\"https:\\\/\\\/secure.gravatar.com\\\/avatar\\\/a545bbb6f84efdd5553dbbc2895e3ca8f1d12c5215e00a041c9670b54aa9b18a?s=96&d=mm&r=g\",\"url\":\"https:\\\/\\\/secure.gravatar.com\\\/avatar\\\/a545bbb6f84efdd5553dbbc2895e3ca8f1d12c5215e00a041c9670b54aa9b18a?s=96&d=mm&r=g\",\"contentUrl\":\"https:\\\/\\\/secure.gravatar.com\\\/avatar\\\/a545bbb6f84efdd5553dbbc2895e3ca8f1d12c5215e00a041c9670b54aa9b18a?s=96&d=mm&r=g\",\"caption\":\"MC\"},\"url\":\"https:\\\/\\\/www.webdo.tn\\\/fr\\\/actualite\\\/author\\\/mc\\\/\"}]}<\/script>\n<!-- \/ Yoast SEO Premium plugin. -->","yoast_head_json":{"title":"Matricule P01135809 : Donald Trump est d\u00e9sormais fich\u00e9","description":"Lib\u00e9r\u00e9 apr\u00e8s avoir pay\u00e9 une caution, Donald Trump \u00e9chappe pour l\u2019instant \u00e0 la prison, mais est d\u00e9sormais fich\u00e9.","canonical":"https:\/\/www.webdo.tn\/fr\/actualite\/international\/matricule-p01135809-donald-trump-est-desormais-fiche\/208182\/","og_locale":"fr_FR","og_type":"article","og_title":"Matricule P01135809 : Donald Trump est d\u00e9sormais fich\u00e9","og_description":"Lib\u00e9r\u00e9 apr\u00e8s avoir pay\u00e9 une caution, Donald Trump \u00e9chappe pour l\u2019instant \u00e0 la prison, mais est d\u00e9sormais fich\u00e9.","og_url":"https:\/\/www.webdo.tn\/fr\/actualite\/international\/matricule-p01135809-donald-trump-est-desormais-fiche\/208182\/","og_site_name":"webdo","article_publisher":"https:\/\/www.facebook.com\/webdotn","article_published_time":"2023-08-25T09:33:00+00:00","article_modified_time":"2025-05-20T22:09:51+00:00","og_image":[{"width":750,"height":400,"url":"https:\/\/www.webdo.tn\/fr\/wp-content\/uploads\/2023\/08\/0a243af1182b3302b08856a68e5a78bd.jpg","type":"image\/jpeg"}],"author":"MC","twitter_card":"summary_large_image","twitter_creator":"@webdo_tn","twitter_site":"@webdo_tn","twitter_misc":{"\u00c9crit par":"MC","Dur\u00e9e de lecture estim\u00e9e":"1 minute"},"schema":{"@context":"https:\/\/schema.org","@graph":[{"@type":"NewsArticle","@id":"https:\/\/www.webdo.tn\/fr\/actualite\/international\/matricule-p01135809-donald-trump-est-desormais-fiche\/208182\/#article","isPartOf":{"@id":"https:\/\/www.webdo.tn\/fr\/actualite\/international\/matricule-p01135809-donald-trump-est-desormais-fiche\/208182\/"},"author":{"name":"MC","@id":"https:\/\/www.webdo.tn\/fr\/#\/schema\/person\/2c4929cbf5a809e3bd38617c6ce150f6"},"headline":"Matricule P01135809 : Donald Trump est d\u00e9sormais fich\u00e9","datePublished":"2023-08-25T09:33:00+00:00","dateModified":"2025-05-20T22:09:51+00:00","mainEntityOfPage":{"@id":"https:\/\/www.webdo.tn\/fr\/actualite\/international\/matricule-p01135809-donald-trump-est-desormais-fiche\/208182\/"},"wordCount":287,"commentCount":0,"publisher":{"@id":"https:\/\/www.webdo.tn\/fr\/#organization"},"image":{"@id":"https:\/\/www.webdo.tn\/fr\/actualite\/international\/matricule-p01135809-donald-trump-est-desormais-fiche\/208182\/#primaryimage"},"thumbnailUrl":"https:\/\/www.webdo.tn\/fr\/wp-content\/uploads\/2023\/08\/0a243af1182b3302b08856a68e5a78bd.jpg","keywords":["Donald Trump","Etats-Unis","justice"],"articleSection":["International"],"inLanguage":"fr-FR"},{"@type":"WebPage","@id":"https:\/\/www.webdo.tn\/fr\/actualite\/international\/matricule-p01135809-donald-trump-est-desormais-fiche\/208182\/","url":"https:\/\/www.webdo.tn\/fr\/actualite\/international\/matricule-p01135809-donald-trump-est-desormais-fiche\/208182\/","name":"Matricule P01135809 : Donald Trump est d\u00e9sormais fich\u00e9","isPartOf":{"@id":"https:\/\/www.webdo.tn\/fr\/#website"},"primaryImageOfPage":{"@id":"https:\/\/www.webdo.tn\/fr\/actualite\/international\/matricule-p01135809-donald-trump-est-desormais-fiche\/208182\/#primaryimage"},"image":{"@id":"https:\/\/www.webdo.tn\/fr\/actualite\/international\/matricule-p01135809-donald-trump-est-desormais-fiche\/208182\/#primaryimage"},"thumbnailUrl":"https:\/\/www.webdo.tn\/fr\/wp-content\/uploads\/2023\/08\/0a243af1182b3302b08856a68e5a78bd.jpg","datePublished":"2023-08-25T09:33:00+00:00","dateModified":"2025-05-20T22:09:51+00:00","description":"Lib\u00e9r\u00e9 apr\u00e8s avoir pay\u00e9 une caution, Donald Trump \u00e9chappe pour l\u2019instant \u00e0 la prison, mais est d\u00e9sormais fich\u00e9.","breadcrumb":{"@id":"https:\/\/www.webdo.tn\/fr\/actualite\/international\/matricule-p01135809-donald-trump-est-desormais-fiche\/208182\/#breadcrumb"},"inLanguage":"fr-FR","potentialAction":[{"@type":"ReadAction","target":["https:\/\/www.webdo.tn\/fr\/actualite\/international\/matricule-p01135809-donald-trump-est-desormais-fiche\/208182\/"]}]},{"@type":"ImageObject","inLanguage":"fr-FR","@id":"https:\/\/www.webdo.tn\/fr\/actualite\/international\/matricule-p01135809-donald-trump-est-desormais-fiche\/208182\/#primaryimage","url":"https:\/\/www.webdo.tn\/fr\/wp-content\/uploads\/2023\/08\/0a243af1182b3302b08856a68e5a78bd.jpg","contentUrl":"https:\/\/www.webdo.tn\/fr\/wp-content\/uploads\/2023\/08\/0a243af1182b3302b08856a68e5a78bd.jpg","width":750,"height":400,"caption":"Matricule P01135809 : Donald Trump est d\u00e9sormais fich\u00e9"},{"@type":"BreadcrumbList","@id":"https:\/\/www.webdo.tn\/fr\/actualite\/international\/matricule-p01135809-donald-trump-est-desormais-fiche\/208182\/#breadcrumb","itemListElement":[{"@type":"ListItem","position":1,"name":"Accueil","item":"https:\/\/www.webdo.tn\/fr\/"},{"@type":"ListItem","position":2,"name":"Matricule P01135809 : Donald Trump est d\u00e9sormais fich\u00e9"}]},{"@type":"WebSite","@id":"https:\/\/www.webdo.tn\/fr\/#website","url":"https:\/\/www.webdo.tn\/fr\/","name":"webdo","description":"Tunisie - News en Tunisie et \u00e0 l&#039;international sur Webdo.tn","publisher":{"@id":"https:\/\/www.webdo.tn\/fr\/#organization"},"potentialAction":[{"@type":"SearchAction","target":{"@type":"EntryPoint","urlTemplate":"https:\/\/www.webdo.tn\/fr\/?s={search_term_string}"},"query-input":{"@type":"PropertyValueSpecification","valueRequired":true,"valueName":"search_term_string"}}],"inLanguage":"fr-FR"},{"@type":"Organization","@id":"https:\/\/www.webdo.tn\/fr\/#organization","name":"Webdo","alternateName":"Webdo.tn","url":"https:\/\/www.webdo.tn\/fr\/","logo":{"@type":"ImageObject","inLanguage":"fr-FR","@id":"https:\/\/www.webdo.tn\/fr\/#\/schema\/logo\/image\/","url":"https:\/\/www.webdo.tn\/fr\/wp-content\/uploads\/2025\/06\/Webdo-Tunisie_168377.jpg","contentUrl":"https:\/\/www.webdo.tn\/fr\/wp-content\/uploads\/2025\/06\/Webdo-Tunisie_168377.jpg","width":301,"height":301,"caption":"Webdo"},"image":{"@id":"https:\/\/www.webdo.tn\/fr\/#\/schema\/logo\/image\/"},"sameAs":["https:\/\/www.facebook.com\/webdotn","https:\/\/x.com\/webdo_tn"],"description":"Webdo est un m\u00e9dia num\u00e9rique tunisien fond\u00e9 en 2010, sp\u00e9cialis\u00e9 dans l\u2019actualit\u00e9 nationale et internationale, l\u2019\u00e9conomie, la soci\u00e9t\u00e9 et les analyses politiques. Le site s\u2019adresse \u00e0 un large public francophone et couvre l\u2019information tunisienne en temps r\u00e9el.","email":"redac@webdo.tn","legalName":"YNJ SARL","foundingDate":"2010-09-06","numberOfEmployees":{"@type":"QuantitativeValue","minValue":"11","maxValue":"50"}},{"@type":"Person","@id":"https:\/\/www.webdo.tn\/fr\/#\/schema\/person\/2c4929cbf5a809e3bd38617c6ce150f6","name":"MC","image":{"@type":"ImageObject","inLanguage":"fr-FR","@id":"https:\/\/secure.gravatar.com\/avatar\/a545bbb6f84efdd5553dbbc2895e3ca8f1d12c5215e00a041c9670b54aa9b18a?s=96&d=mm&r=g","url":"https:\/\/secure.gravatar.com\/avatar\/a545bbb6f84efdd5553dbbc2895e3ca8f1d12c5215e00a041c9670b54aa9b18a?s=96&d=mm&r=g","contentUrl":"https:\/\/secure.gravatar.com\/avatar\/a545bbb6f84efdd5553dbbc2895e3ca8f1d12c5215e00a041c9670b54aa9b18a?s=96&d=mm&r=g","caption":"MC"},"url":"https:\/\/www.webdo.tn\/fr\/actualite\/author\/mc\/"}]}},"_links":{"self":[{"href":"https:\/\/www.webdo.tn\/fr\/wp-json\/wp\/v2\/posts\/208182","targetHints":{"allow":["GET"]}}],"collection":[{"href":"https:\/\/www.webdo.tn\/fr\/wp-json\/wp\/v2\/posts"}],"about":[{"href":"https:\/\/www.webdo.tn\/fr\/wp-json\/wp\/v2\/types\/post"}],"author":[{"embeddable":true,"href":"https:\/\/www.webdo.tn\/fr\/wp-json\/wp\/v2\/users\/3162"}],"replies":[{"embeddable":true,"href":"https:\/\/www.webdo.tn\/fr\/wp-json\/wp\/v2\/comments?post=208182"}],"version-history":[{"count":0,"href":"https:\/\/www.webdo.tn\/fr\/wp-json\/wp\/v2\/posts\/208182\/revisions"}],"wp:featuredmedia":[{"embeddable":true,"href":"https:\/\/www.webdo.tn\/fr\/wp-json\/wp\/v2\/media\/278649"}],"wp:attachment":[{"href":"https:\/\/www.webdo.tn\/fr\/wp-json\/wp\/v2\/media?parent=208182"}],"wp:term":[{"taxonomy":"category","embeddable":true,"href":"https:\/\/www.webdo.tn\/fr\/wp-json\/wp\/v2\/categories?post=208182"},{"taxonomy":"post_tag","embeddable":true,"href":"https:\/\/www.webdo.tn\/fr\/wp-json\/wp\/v2\/tags?post=208182"}],"curies":[{"name":"wp","href":"https:\/\/api.w.org\/{rel}","templated":true}]}}