{"id":208168,"date":"2023-08-24T18:29:00","date_gmt":"2023-08-24T18:29:00","guid":{"rendered":"https:\/\/www.webdo.tn\/fr\/blog\/tunisie-inscription-a-distance-des-collegiens-a-partir-du-lundi-prochain\/208168\/"},"modified":"2025-05-20T22:41:31","modified_gmt":"2025-05-20T22:41:31","slug":"tunisie-inscription-a-distance-des-collegiens-a-partir-du-lundi-prochain","status":"publish","type":"post","link":"https:\/\/www.webdo.tn\/fr\/actualite\/national\/tunisie-inscription-a-distance-des-collegiens-a-partir-du-lundi-prochain\/208168\/","title":{"rendered":"Tunisie : Inscription \u00e0 distance des coll\u00e9giens \u00e0 partir du lundi prochain"},"content":{"rendered":"<p>Le minist\u00e8re de l&rsquo;\u00e9ducation a annonc\u00e9 l&rsquo;ouverture des inscriptions et confirmation d&rsquo;inscription \u00e0 distance pour les \u00e9l\u00e8ves des coll\u00e8ges et coll\u00e8ges techniques (2023-2024) \u00e0 partir de lundi 28 aout 2023 jusqu&rsquo;\u00e0 samedi 9 septembre de la m\u00eame ann\u00e9e.<\/p>\n<p>\t\t\t\t\t\t\t\t\tLe minist\u00e8re a pr\u00e9cis\u00e9 dans un communiqu\u00e9 publi\u00e9 jeudi, que l&rsquo;inscription s&rsquo;effectue \u00e0 travers le site Web www.inscription.education.tn soulignant que les \u00e9l\u00e8ves ou leur parents doivent suivre toutes les \u00e9tapes d&rsquo;inscription mentionn\u00e9es sur le site, payer les frais d&rsquo;inscription et de confirmation d&rsquo;inscription \u00e0 travers le solde du t\u00e9l\u00e9phone portable en introduisant le code \u00e9toile 181 diez et les cartes bancaires et postales.<\/p>\n","protected":false},"excerpt":{"rendered":"<p>Le minist\u00e8re de l&rsquo;\u00e9ducation a annonc\u00e9 l&rsquo;ouverture des inscriptions et confirmation d&rsquo;inscription \u00e0 distance pour les \u00e9l\u00e8ves des coll\u00e8ges et coll\u00e8ges techniques&#8230;<\/p>\n","protected":false},"author":3175,"featured_media":249487,"comment_status":"open","ping_status":"closed","sticky":false,"template":"","format":"standard","meta":{"footnotes":""},"categories":[44],"tags":[3204,3209,2608],"class_list":["post-208168","post","type-post","status-publish","format-standard","has-post-thumbnail","hentry","category-national","tag-colleges","tag-eleves","tag-tunisie"],"yoast_head":"<!-- This site is optimized with the Yoast SEO Premium plugin v27.5 (Yoast SEO v27.5) - https:\/\/yoast.com\/product\/yoast-seo-premium-wordpress\/ -->\n<title>Tunisie : Inscription \u00e0 distance des coll\u00e9giens \u00e0 partir du lundi prochain<\/title>\n<meta name=\"description\" content=\"Le minist\u00e8re de l&#039;\u00e9ducation a annonc\u00e9 l&#039;ouverture des inscriptions et confirmation d&#039;inscription \u00e0 distance pour les \u00e9l\u00e8ves des coll\u00e8ges et coll\u00e8ges techniques...\" \/>\n<link rel=\"canonical\" href=\"https:\/\/www.webdo.tn\/fr\/actualite\/national\/tunisie-inscription-a-distance-des-collegiens-a-partir-du-lundi-prochain\/208168\/\" \/>\n<meta property=\"og:locale\" content=\"fr_FR\" \/>\n<meta property=\"og:type\" content=\"article\" \/>\n<meta property=\"og:title\" content=\"Tunisie : Inscription \u00e0 distance des coll\u00e9giens \u00e0 partir du lundi prochain\" \/>\n<meta property=\"og:description\" content=\"Le minist\u00e8re de l&#039;\u00e9ducation a annonc\u00e9 l&#039;ouverture des inscriptions et confirmation d&#039;inscription \u00e0 distance pour les \u00e9l\u00e8ves des coll\u00e8ges et coll\u00e8ges techniques...\" \/>\n<meta property=\"og:url\" content=\"https:\/\/www.webdo.tn\/fr\/actualite\/national\/tunisie-inscription-a-distance-des-collegiens-a-partir-du-lundi-prochain\/208168\/\" \/>\n<meta property=\"og:site_name\" content=\"webdo\" \/>\n<meta property=\"article:publisher\" content=\"https:\/\/www.facebook.com\/webdotn\" \/>\n<meta property=\"article:published_time\" content=\"2023-08-24T18:29:00+00:00\" \/>\n<meta property=\"article:modified_time\" content=\"2025-05-20T22:41:31+00:00\" \/>\n<meta property=\"og:image\" content=\"https:\/\/www.webdo.tn\/fr\/wp-content\/uploads\/2023\/08\/8da8e81d31953c60f93d881d6b8429f6.jpg\" \/>\n\t<meta property=\"og:image:width\" content=\"750\" \/>\n\t<meta property=\"og:image:height\" content=\"400\" \/>\n\t<meta property=\"og:image:type\" content=\"image\/jpeg\" \/>\n<meta name=\"author\" content=\"CL\" \/>\n<meta name=\"twitter:card\" content=\"summary_large_image\" \/>\n<meta name=\"twitter:creator\" content=\"@webdo_tn\" \/>\n<meta name=\"twitter:site\" content=\"@webdo_tn\" \/>\n<meta name=\"twitter:label1\" content=\"\u00c9crit par\" \/>\n\t<meta name=\"twitter:data1\" content=\"CL\" \/>\n\t<meta name=\"twitter:label2\" content=\"Dur\u00e9e de lecture estim\u00e9e\" \/>\n\t<meta name=\"twitter:data2\" content=\"1 minute\" \/>\n<script type=\"application\/ld+json\" class=\"yoast-schema-graph\">{\"@context\":\"https:\\\/\\\/schema.org\",\"@graph\":[{\"@type\":\"NewsArticle\",\"@id\":\"https:\\\/\\\/www.webdo.tn\\\/fr\\\/actualite\\\/national\\\/tunisie-inscription-a-distance-des-collegiens-a-partir-du-lundi-prochain\\\/208168\\\/#article\",\"isPartOf\":{\"@id\":\"https:\\\/\\\/www.webdo.tn\\\/fr\\\/actualite\\\/national\\\/tunisie-inscription-a-distance-des-collegiens-a-partir-du-lundi-prochain\\\/208168\\\/\"},\"author\":{\"name\":\"CL\",\"@id\":\"https:\\\/\\\/www.webdo.tn\\\/fr\\\/#\\\/schema\\\/person\\\/f35b42a42c5e2511bbd282959d6385cc\"},\"headline\":\"Tunisie : Inscription \u00e0 distance des coll\u00e9giens \u00e0 partir du lundi prochain\",\"datePublished\":\"2023-08-24T18:29:00+00:00\",\"dateModified\":\"2025-05-20T22:41:31+00:00\",\"mainEntityOfPage\":{\"@id\":\"https:\\\/\\\/www.webdo.tn\\\/fr\\\/actualite\\\/national\\\/tunisie-inscription-a-distance-des-collegiens-a-partir-du-lundi-prochain\\\/208168\\\/\"},\"wordCount\":126,\"commentCount\":0,\"publisher\":{\"@id\":\"https:\\\/\\\/www.webdo.tn\\\/fr\\\/#organization\"},\"image\":{\"@id\":\"https:\\\/\\\/www.webdo.tn\\\/fr\\\/actualite\\\/national\\\/tunisie-inscription-a-distance-des-collegiens-a-partir-du-lundi-prochain\\\/208168\\\/#primaryimage\"},\"thumbnailUrl\":\"https:\\\/\\\/www.webdo.tn\\\/fr\\\/wp-content\\\/uploads\\\/2023\\\/08\\\/8da8e81d31953c60f93d881d6b8429f6.jpg\",\"keywords\":[\"Coll\u00e8ges\",\"\u00e9l\u00e8ves\",\"Tunisie\"],\"articleSection\":[\"National\"],\"inLanguage\":\"fr-FR\"},{\"@type\":\"WebPage\",\"@id\":\"https:\\\/\\\/www.webdo.tn\\\/fr\\\/actualite\\\/national\\\/tunisie-inscription-a-distance-des-collegiens-a-partir-du-lundi-prochain\\\/208168\\\/\",\"url\":\"https:\\\/\\\/www.webdo.tn\\\/fr\\\/actualite\\\/national\\\/tunisie-inscription-a-distance-des-collegiens-a-partir-du-lundi-prochain\\\/208168\\\/\",\"name\":\"Tunisie : Inscription \u00e0 distance des coll\u00e9giens \u00e0 partir du lundi prochain\",\"isPartOf\":{\"@id\":\"https:\\\/\\\/www.webdo.tn\\\/fr\\\/#website\"},\"primaryImageOfPage\":{\"@id\":\"https:\\\/\\\/www.webdo.tn\\\/fr\\\/actualite\\\/national\\\/tunisie-inscription-a-distance-des-collegiens-a-partir-du-lundi-prochain\\\/208168\\\/#primaryimage\"},\"image\":{\"@id\":\"https:\\\/\\\/www.webdo.tn\\\/fr\\\/actualite\\\/national\\\/tunisie-inscription-a-distance-des-collegiens-a-partir-du-lundi-prochain\\\/208168\\\/#primaryimage\"},\"thumbnailUrl\":\"https:\\\/\\\/www.webdo.tn\\\/fr\\\/wp-content\\\/uploads\\\/2023\\\/08\\\/8da8e81d31953c60f93d881d6b8429f6.jpg\",\"datePublished\":\"2023-08-24T18:29:00+00:00\",\"dateModified\":\"2025-05-20T22:41:31+00:00\",\"description\":\"Le minist\u00e8re de l'\u00e9ducation a annonc\u00e9 l'ouverture des inscriptions et confirmation d'inscription \u00e0 distance pour les \u00e9l\u00e8ves des coll\u00e8ges et coll\u00e8ges techniques...\",\"breadcrumb\":{\"@id\":\"https:\\\/\\\/www.webdo.tn\\\/fr\\\/actualite\\\/national\\\/tunisie-inscription-a-distance-des-collegiens-a-partir-du-lundi-prochain\\\/208168\\\/#breadcrumb\"},\"inLanguage\":\"fr-FR\",\"potentialAction\":[{\"@type\":\"ReadAction\",\"target\":[\"https:\\\/\\\/www.webdo.tn\\\/fr\\\/actualite\\\/national\\\/tunisie-inscription-a-distance-des-collegiens-a-partir-du-lundi-prochain\\\/208168\\\/\"]}]},{\"@type\":\"ImageObject\",\"inLanguage\":\"fr-FR\",\"@id\":\"https:\\\/\\\/www.webdo.tn\\\/fr\\\/actualite\\\/national\\\/tunisie-inscription-a-distance-des-collegiens-a-partir-du-lundi-prochain\\\/208168\\\/#primaryimage\",\"url\":\"https:\\\/\\\/www.webdo.tn\\\/fr\\\/wp-content\\\/uploads\\\/2023\\\/08\\\/8da8e81d31953c60f93d881d6b8429f6.jpg\",\"contentUrl\":\"https:\\\/\\\/www.webdo.tn\\\/fr\\\/wp-content\\\/uploads\\\/2023\\\/08\\\/8da8e81d31953c60f93d881d6b8429f6.jpg\",\"width\":750,\"height\":400,\"caption\":\"Tunisie : Inscription \u00e0 distance des coll\u00e9giens \u00e0 partir du lundi prochain\"},{\"@type\":\"BreadcrumbList\",\"@id\":\"https:\\\/\\\/www.webdo.tn\\\/fr\\\/actualite\\\/national\\\/tunisie-inscription-a-distance-des-collegiens-a-partir-du-lundi-prochain\\\/208168\\\/#breadcrumb\",\"itemListElement\":[{\"@type\":\"ListItem\",\"position\":1,\"name\":\"Accueil\",\"item\":\"https:\\\/\\\/www.webdo.tn\\\/fr\\\/\"},{\"@type\":\"ListItem\",\"position\":2,\"name\":\"Tunisie : Inscription \u00e0 distance des coll\u00e9giens \u00e0 partir du lundi prochain\"}]},{\"@type\":\"WebSite\",\"@id\":\"https:\\\/\\\/www.webdo.tn\\\/fr\\\/#website\",\"url\":\"https:\\\/\\\/www.webdo.tn\\\/fr\\\/\",\"name\":\"webdo\",\"description\":\"Tunisie - News en Tunisie et \u00e0 l&#039;international sur Webdo.tn\",\"publisher\":{\"@id\":\"https:\\\/\\\/www.webdo.tn\\\/fr\\\/#organization\"},\"potentialAction\":[{\"@type\":\"SearchAction\",\"target\":{\"@type\":\"EntryPoint\",\"urlTemplate\":\"https:\\\/\\\/www.webdo.tn\\\/fr\\\/?s={search_term_string}\"},\"query-input\":{\"@type\":\"PropertyValueSpecification\",\"valueRequired\":true,\"valueName\":\"search_term_string\"}}],\"inLanguage\":\"fr-FR\"},{\"@type\":\"Organization\",\"@id\":\"https:\\\/\\\/www.webdo.tn\\\/fr\\\/#organization\",\"name\":\"Webdo\",\"alternateName\":\"Webdo.tn\",\"url\":\"https:\\\/\\\/www.webdo.tn\\\/fr\\\/\",\"logo\":{\"@type\":\"ImageObject\",\"inLanguage\":\"fr-FR\",\"@id\":\"https:\\\/\\\/www.webdo.tn\\\/fr\\\/#\\\/schema\\\/logo\\\/image\\\/\",\"url\":\"https:\\\/\\\/www.webdo.tn\\\/fr\\\/wp-content\\\/uploads\\\/2025\\\/06\\\/Webdo-Tunisie_168377.jpg\",\"contentUrl\":\"https:\\\/\\\/www.webdo.tn\\\/fr\\\/wp-content\\\/uploads\\\/2025\\\/06\\\/Webdo-Tunisie_168377.jpg\",\"width\":301,\"height\":301,\"caption\":\"Webdo\"},\"image\":{\"@id\":\"https:\\\/\\\/www.webdo.tn\\\/fr\\\/#\\\/schema\\\/logo\\\/image\\\/\"},\"sameAs\":[\"https:\\\/\\\/www.facebook.com\\\/webdotn\",\"https:\\\/\\\/x.com\\\/webdo_tn\"],\"description\":\"Webdo est un m\u00e9dia num\u00e9rique tunisien fond\u00e9 en 2010, sp\u00e9cialis\u00e9 dans l\u2019actualit\u00e9 nationale et internationale, l\u2019\u00e9conomie, la soci\u00e9t\u00e9 et les analyses politiques. Le site s\u2019adresse \u00e0 un large public francophone et couvre l\u2019information tunisienne en temps r\u00e9el.\",\"email\":\"redac@webdo.tn\",\"legalName\":\"YNJ SARL\",\"foundingDate\":\"2010-09-06\",\"numberOfEmployees\":{\"@type\":\"QuantitativeValue\",\"minValue\":\"11\",\"maxValue\":\"50\"}},{\"@type\":\"Person\",\"@id\":\"https:\\\/\\\/www.webdo.tn\\\/fr\\\/#\\\/schema\\\/person\\\/f35b42a42c5e2511bbd282959d6385cc\",\"name\":\"CL\",\"image\":{\"@type\":\"ImageObject\",\"inLanguage\":\"fr-FR\",\"@id\":\"https:\\\/\\\/secure.gravatar.com\\\/avatar\\\/1447a49909b67aa657c488aec6512e1dd6143a480c1ecfee9b5b5cd74eb3b59e?s=96&d=mm&r=g\",\"url\":\"https:\\\/\\\/secure.gravatar.com\\\/avatar\\\/1447a49909b67aa657c488aec6512e1dd6143a480c1ecfee9b5b5cd74eb3b59e?s=96&d=mm&r=g\",\"contentUrl\":\"https:\\\/\\\/secure.gravatar.com\\\/avatar\\\/1447a49909b67aa657c488aec6512e1dd6143a480c1ecfee9b5b5cd74eb3b59e?s=96&d=mm&r=g\",\"caption\":\"CL\"},\"url\":\"https:\\\/\\\/www.webdo.tn\\\/fr\\\/actualite\\\/author\\\/cl\\\/\"}]}<\/script>\n<!-- \/ Yoast SEO Premium plugin. -->","yoast_head_json":{"title":"Tunisie : Inscription \u00e0 distance des coll\u00e9giens \u00e0 partir du lundi prochain","description":"Le minist\u00e8re de l'\u00e9ducation a annonc\u00e9 l'ouverture des inscriptions et confirmation d'inscription \u00e0 distance pour les \u00e9l\u00e8ves des coll\u00e8ges et coll\u00e8ges techniques...","canonical":"https:\/\/www.webdo.tn\/fr\/actualite\/national\/tunisie-inscription-a-distance-des-collegiens-a-partir-du-lundi-prochain\/208168\/","og_locale":"fr_FR","og_type":"article","og_title":"Tunisie : Inscription \u00e0 distance des coll\u00e9giens \u00e0 partir du lundi prochain","og_description":"Le minist\u00e8re de l'\u00e9ducation a annonc\u00e9 l'ouverture des inscriptions et confirmation d'inscription \u00e0 distance pour les \u00e9l\u00e8ves des coll\u00e8ges et coll\u00e8ges techniques...","og_url":"https:\/\/www.webdo.tn\/fr\/actualite\/national\/tunisie-inscription-a-distance-des-collegiens-a-partir-du-lundi-prochain\/208168\/","og_site_name":"webdo","article_publisher":"https:\/\/www.facebook.com\/webdotn","article_published_time":"2023-08-24T18:29:00+00:00","article_modified_time":"2025-05-20T22:41:31+00:00","og_image":[{"width":750,"height":400,"url":"https:\/\/www.webdo.tn\/fr\/wp-content\/uploads\/2023\/08\/8da8e81d31953c60f93d881d6b8429f6.jpg","type":"image\/jpeg"}],"author":"CL","twitter_card":"summary_large_image","twitter_creator":"@webdo_tn","twitter_site":"@webdo_tn","twitter_misc":{"\u00c9crit par":"CL","Dur\u00e9e de lecture estim\u00e9e":"1 minute"},"schema":{"@context":"https:\/\/schema.org","@graph":[{"@type":"NewsArticle","@id":"https:\/\/www.webdo.tn\/fr\/actualite\/national\/tunisie-inscription-a-distance-des-collegiens-a-partir-du-lundi-prochain\/208168\/#article","isPartOf":{"@id":"https:\/\/www.webdo.tn\/fr\/actualite\/national\/tunisie-inscription-a-distance-des-collegiens-a-partir-du-lundi-prochain\/208168\/"},"author":{"name":"CL","@id":"https:\/\/www.webdo.tn\/fr\/#\/schema\/person\/f35b42a42c5e2511bbd282959d6385cc"},"headline":"Tunisie : Inscription \u00e0 distance des coll\u00e9giens \u00e0 partir du lundi prochain","datePublished":"2023-08-24T18:29:00+00:00","dateModified":"2025-05-20T22:41:31+00:00","mainEntityOfPage":{"@id":"https:\/\/www.webdo.tn\/fr\/actualite\/national\/tunisie-inscription-a-distance-des-collegiens-a-partir-du-lundi-prochain\/208168\/"},"wordCount":126,"commentCount":0,"publisher":{"@id":"https:\/\/www.webdo.tn\/fr\/#organization"},"image":{"@id":"https:\/\/www.webdo.tn\/fr\/actualite\/national\/tunisie-inscription-a-distance-des-collegiens-a-partir-du-lundi-prochain\/208168\/#primaryimage"},"thumbnailUrl":"https:\/\/www.webdo.tn\/fr\/wp-content\/uploads\/2023\/08\/8da8e81d31953c60f93d881d6b8429f6.jpg","keywords":["Coll\u00e8ges","\u00e9l\u00e8ves","Tunisie"],"articleSection":["National"],"inLanguage":"fr-FR"},{"@type":"WebPage","@id":"https:\/\/www.webdo.tn\/fr\/actualite\/national\/tunisie-inscription-a-distance-des-collegiens-a-partir-du-lundi-prochain\/208168\/","url":"https:\/\/www.webdo.tn\/fr\/actualite\/national\/tunisie-inscription-a-distance-des-collegiens-a-partir-du-lundi-prochain\/208168\/","name":"Tunisie : Inscription \u00e0 distance des coll\u00e9giens \u00e0 partir du lundi prochain","isPartOf":{"@id":"https:\/\/www.webdo.tn\/fr\/#website"},"primaryImageOfPage":{"@id":"https:\/\/www.webdo.tn\/fr\/actualite\/national\/tunisie-inscription-a-distance-des-collegiens-a-partir-du-lundi-prochain\/208168\/#primaryimage"},"image":{"@id":"https:\/\/www.webdo.tn\/fr\/actualite\/national\/tunisie-inscription-a-distance-des-collegiens-a-partir-du-lundi-prochain\/208168\/#primaryimage"},"thumbnailUrl":"https:\/\/www.webdo.tn\/fr\/wp-content\/uploads\/2023\/08\/8da8e81d31953c60f93d881d6b8429f6.jpg","datePublished":"2023-08-24T18:29:00+00:00","dateModified":"2025-05-20T22:41:31+00:00","description":"Le minist\u00e8re de l'\u00e9ducation a annonc\u00e9 l'ouverture des inscriptions et confirmation d'inscription \u00e0 distance pour les \u00e9l\u00e8ves des coll\u00e8ges et coll\u00e8ges techniques...","breadcrumb":{"@id":"https:\/\/www.webdo.tn\/fr\/actualite\/national\/tunisie-inscription-a-distance-des-collegiens-a-partir-du-lundi-prochain\/208168\/#breadcrumb"},"inLanguage":"fr-FR","potentialAction":[{"@type":"ReadAction","target":["https:\/\/www.webdo.tn\/fr\/actualite\/national\/tunisie-inscription-a-distance-des-collegiens-a-partir-du-lundi-prochain\/208168\/"]}]},{"@type":"ImageObject","inLanguage":"fr-FR","@id":"https:\/\/www.webdo.tn\/fr\/actualite\/national\/tunisie-inscription-a-distance-des-collegiens-a-partir-du-lundi-prochain\/208168\/#primaryimage","url":"https:\/\/www.webdo.tn\/fr\/wp-content\/uploads\/2023\/08\/8da8e81d31953c60f93d881d6b8429f6.jpg","contentUrl":"https:\/\/www.webdo.tn\/fr\/wp-content\/uploads\/2023\/08\/8da8e81d31953c60f93d881d6b8429f6.jpg","width":750,"height":400,"caption":"Tunisie : Inscription \u00e0 distance des coll\u00e9giens \u00e0 partir du lundi prochain"},{"@type":"BreadcrumbList","@id":"https:\/\/www.webdo.tn\/fr\/actualite\/national\/tunisie-inscription-a-distance-des-collegiens-a-partir-du-lundi-prochain\/208168\/#breadcrumb","itemListElement":[{"@type":"ListItem","position":1,"name":"Accueil","item":"https:\/\/www.webdo.tn\/fr\/"},{"@type":"ListItem","position":2,"name":"Tunisie : Inscription \u00e0 distance des coll\u00e9giens \u00e0 partir du lundi prochain"}]},{"@type":"WebSite","@id":"https:\/\/www.webdo.tn\/fr\/#website","url":"https:\/\/www.webdo.tn\/fr\/","name":"webdo","description":"Tunisie - News en Tunisie et \u00e0 l&#039;international sur Webdo.tn","publisher":{"@id":"https:\/\/www.webdo.tn\/fr\/#organization"},"potentialAction":[{"@type":"SearchAction","target":{"@type":"EntryPoint","urlTemplate":"https:\/\/www.webdo.tn\/fr\/?s={search_term_string}"},"query-input":{"@type":"PropertyValueSpecification","valueRequired":true,"valueName":"search_term_string"}}],"inLanguage":"fr-FR"},{"@type":"Organization","@id":"https:\/\/www.webdo.tn\/fr\/#organization","name":"Webdo","alternateName":"Webdo.tn","url":"https:\/\/www.webdo.tn\/fr\/","logo":{"@type":"ImageObject","inLanguage":"fr-FR","@id":"https:\/\/www.webdo.tn\/fr\/#\/schema\/logo\/image\/","url":"https:\/\/www.webdo.tn\/fr\/wp-content\/uploads\/2025\/06\/Webdo-Tunisie_168377.jpg","contentUrl":"https:\/\/www.webdo.tn\/fr\/wp-content\/uploads\/2025\/06\/Webdo-Tunisie_168377.jpg","width":301,"height":301,"caption":"Webdo"},"image":{"@id":"https:\/\/www.webdo.tn\/fr\/#\/schema\/logo\/image\/"},"sameAs":["https:\/\/www.facebook.com\/webdotn","https:\/\/x.com\/webdo_tn"],"description":"Webdo est un m\u00e9dia num\u00e9rique tunisien fond\u00e9 en 2010, sp\u00e9cialis\u00e9 dans l\u2019actualit\u00e9 nationale et internationale, l\u2019\u00e9conomie, la soci\u00e9t\u00e9 et les analyses politiques. Le site s\u2019adresse \u00e0 un large public francophone et couvre l\u2019information tunisienne en temps r\u00e9el.","email":"redac@webdo.tn","legalName":"YNJ SARL","foundingDate":"2010-09-06","numberOfEmployees":{"@type":"QuantitativeValue","minValue":"11","maxValue":"50"}},{"@type":"Person","@id":"https:\/\/www.webdo.tn\/fr\/#\/schema\/person\/f35b42a42c5e2511bbd282959d6385cc","name":"CL","image":{"@type":"ImageObject","inLanguage":"fr-FR","@id":"https:\/\/secure.gravatar.com\/avatar\/1447a49909b67aa657c488aec6512e1dd6143a480c1ecfee9b5b5cd74eb3b59e?s=96&d=mm&r=g","url":"https:\/\/secure.gravatar.com\/avatar\/1447a49909b67aa657c488aec6512e1dd6143a480c1ecfee9b5b5cd74eb3b59e?s=96&d=mm&r=g","contentUrl":"https:\/\/secure.gravatar.com\/avatar\/1447a49909b67aa657c488aec6512e1dd6143a480c1ecfee9b5b5cd74eb3b59e?s=96&d=mm&r=g","caption":"CL"},"url":"https:\/\/www.webdo.tn\/fr\/actualite\/author\/cl\/"}]}},"_links":{"self":[{"href":"https:\/\/www.webdo.tn\/fr\/wp-json\/wp\/v2\/posts\/208168","targetHints":{"allow":["GET"]}}],"collection":[{"href":"https:\/\/www.webdo.tn\/fr\/wp-json\/wp\/v2\/posts"}],"about":[{"href":"https:\/\/www.webdo.tn\/fr\/wp-json\/wp\/v2\/types\/post"}],"author":[{"embeddable":true,"href":"https:\/\/www.webdo.tn\/fr\/wp-json\/wp\/v2\/users\/3175"}],"replies":[{"embeddable":true,"href":"https:\/\/www.webdo.tn\/fr\/wp-json\/wp\/v2\/comments?post=208168"}],"version-history":[{"count":0,"href":"https:\/\/www.webdo.tn\/fr\/wp-json\/wp\/v2\/posts\/208168\/revisions"}],"wp:featuredmedia":[{"embeddable":true,"href":"https:\/\/www.webdo.tn\/fr\/wp-json\/wp\/v2\/media\/249487"}],"wp:attachment":[{"href":"https:\/\/www.webdo.tn\/fr\/wp-json\/wp\/v2\/media?parent=208168"}],"wp:term":[{"taxonomy":"category","embeddable":true,"href":"https:\/\/www.webdo.tn\/fr\/wp-json\/wp\/v2\/categories?post=208168"},{"taxonomy":"post_tag","embeddable":true,"href":"https:\/\/www.webdo.tn\/fr\/wp-json\/wp\/v2\/tags?post=208168"}],"curies":[{"name":"wp","href":"https:\/\/api.w.org\/{rel}","templated":true}]}}