{"id":208167,"date":"2023-08-24T17:44:00","date_gmt":"2023-08-24T17:44:00","guid":{"rendered":"https:\/\/www.webdo.tn\/fr\/blog\/le-rapport-de-l-isie-sur-les-legislatives-publie-au-jort\/208167\/"},"modified":"2025-05-20T22:41:31","modified_gmt":"2025-05-20T22:41:31","slug":"le-rapport-de-l-isie-sur-les-legislatives-publie-au-jort","status":"publish","type":"post","link":"https:\/\/www.webdo.tn\/fr\/actualite\/national\/le-rapport-de-l-isie-sur-les-legislatives-publie-au-jort\/208167\/","title":{"rendered":"Le rapport de l&rsquo;ISIE sur les l\u00e9gislatives publi\u00e9 au JORT"},"content":{"rendered":"<p>Le rapport de l&rsquo;Instance sup\u00e9rieure ind\u00e9pendante pour les \u00e9lections (ISIE) sur les \u00e9lections des membres de l&rsquo;Assembl\u00e9e des repr\u00e9sentants du peuple a \u00e9t\u00e9 publi\u00e9 ce jeudi, dans un num\u00e9ro sp\u00e9cial du Journal officiel de la R\u00e9publique tunisienne (JORT).<\/p>\n<p>\t\t\t\t\t\t\t\t\tLedit rapport comporte les actions de l&rsquo;Instance durant toutes les phases du processus \u00e9lectoral ainsi que des recommandations relatives notamment \u00e0 la mise en place de l&rsquo;administration \u00e9lectorale, l&rsquo;inscription automatique des \u00e9lecteur, l&rsquo;actualisation du registre \u00e9lectoral et le contr\u00f4le des activit\u00e9s s&rsquo;inscrivant dans le cadre des campagnes \u00e9lectorales.<\/p>\n<p>L&rsquo;ISIE a, \u00e9galement, recommand\u00e9 dans son rapport de revoir le nombre de parrainage exig\u00e9, en particulier dans les circonscriptions \u00e0 l&rsquo;\u00e9tranger, et de simplifier les proc\u00e9dures d&rsquo;acceptation des candidatures pour les l\u00e9gislatives.<\/p>\n<p>Par ailleurs, l&rsquo;Instance des \u00e9lections a \u00e9voqu\u00e9 les difficult\u00e9s auxquelles elle a fait face dont la contrainte de temps et les pr\u00e9paratifs logistiques gigantesques impos\u00e9s par la nouvelle loi \u00e9lectorale.<\/p>\n<p>Le pr\u00e9sident de la R\u00e9publique Ka\u00efs Sa\u00efed avait re\u00e7u le 18 ao\u00fbt courant, au Palais de Carthage le pr\u00e9sident de l&rsquo;ISIE, Farouk Bouasker, qui lui a remis le rapport de l&rsquo;Instance sur les derni\u00e8res \u00e9lections l\u00e9gislatives.<\/p>\n","protected":false},"excerpt":{"rendered":"<p>Le rapport de l&rsquo;Instance sup\u00e9rieure ind\u00e9pendante pour les \u00e9lections (ISIE) sur les \u00e9lections des membres de l&rsquo;Assembl\u00e9e des repr\u00e9sentants du peuple a \u00e9t\u00e9 publi\u00e9&#8230;<\/p>\n","protected":false},"author":3175,"featured_media":249486,"comment_status":"open","ping_status":"closed","sticky":false,"template":"","format":"standard","meta":{"footnotes":""},"categories":[44],"tags":[2967,6190,2761,2608],"class_list":["post-208167","post","type-post","status-publish","format-standard","has-post-thumbnail","hentry","category-national","tag-isie","tag-legislatives","tag-rapport","tag-tunisie"],"yoast_head":"<!-- This site is optimized with the Yoast SEO Premium plugin v27.4 (Yoast SEO v27.5) - https:\/\/yoast.com\/product\/yoast-seo-premium-wordpress\/ -->\n<title>Le rapport de l&#039;ISIE sur les l\u00e9gislatives publi\u00e9 au JORT<\/title>\n<meta name=\"description\" content=\"Le rapport de l&#039;Instance sup\u00e9rieure ind\u00e9pendante pour les \u00e9lections (ISIE) sur les \u00e9lections des membres de l&#039;Assembl\u00e9e des repr\u00e9sentants du peuple a \u00e9t\u00e9 publi\u00e9...\" \/>\n<link rel=\"canonical\" href=\"https:\/\/www.webdo.tn\/fr\/actualite\/national\/le-rapport-de-l-isie-sur-les-legislatives-publie-au-jort\/208167\/\" \/>\n<meta property=\"og:locale\" content=\"fr_FR\" \/>\n<meta property=\"og:type\" content=\"article\" \/>\n<meta property=\"og:title\" content=\"Le rapport de l&#039;ISIE sur les l\u00e9gislatives publi\u00e9 au JORT\" \/>\n<meta property=\"og:description\" content=\"Le rapport de l&#039;Instance sup\u00e9rieure ind\u00e9pendante pour les \u00e9lections (ISIE) sur les \u00e9lections des membres de l&#039;Assembl\u00e9e des repr\u00e9sentants du peuple a \u00e9t\u00e9 publi\u00e9...\" \/>\n<meta property=\"og:url\" content=\"https:\/\/www.webdo.tn\/fr\/actualite\/national\/le-rapport-de-l-isie-sur-les-legislatives-publie-au-jort\/208167\/\" \/>\n<meta property=\"og:site_name\" content=\"webdo\" \/>\n<meta property=\"article:publisher\" content=\"https:\/\/www.facebook.com\/webdotn\" \/>\n<meta property=\"article:published_time\" content=\"2023-08-24T17:44:00+00:00\" \/>\n<meta property=\"article:modified_time\" content=\"2025-05-20T22:41:31+00:00\" \/>\n<meta property=\"og:image\" content=\"https:\/\/www.webdo.tn\/fr\/wp-content\/uploads\/2023\/08\/2d613a1e87136df9fce5c688737a4d64.jpg\" \/>\n\t<meta property=\"og:image:width\" content=\"750\" \/>\n\t<meta property=\"og:image:height\" content=\"400\" \/>\n\t<meta property=\"og:image:type\" content=\"image\/jpeg\" \/>\n<meta name=\"author\" content=\"CL\" \/>\n<meta name=\"twitter:card\" content=\"summary_large_image\" \/>\n<meta name=\"twitter:creator\" content=\"@webdo_tn\" \/>\n<meta name=\"twitter:site\" content=\"@webdo_tn\" \/>\n<meta name=\"twitter:label1\" content=\"\u00c9crit par\" \/>\n\t<meta name=\"twitter:data1\" content=\"CL\" \/>\n\t<meta name=\"twitter:label2\" content=\"Dur\u00e9e de lecture estim\u00e9e\" \/>\n\t<meta name=\"twitter:data2\" content=\"1 minute\" \/>\n<script type=\"application\/ld+json\" class=\"yoast-schema-graph\">{\"@context\":\"https:\\\/\\\/schema.org\",\"@graph\":[{\"@type\":\"NewsArticle\",\"@id\":\"https:\\\/\\\/www.webdo.tn\\\/fr\\\/actualite\\\/national\\\/le-rapport-de-l-isie-sur-les-legislatives-publie-au-jort\\\/208167\\\/#article\",\"isPartOf\":{\"@id\":\"https:\\\/\\\/www.webdo.tn\\\/fr\\\/actualite\\\/national\\\/le-rapport-de-l-isie-sur-les-legislatives-publie-au-jort\\\/208167\\\/\"},\"author\":{\"name\":\"CL\",\"@id\":\"https:\\\/\\\/www.webdo.tn\\\/fr\\\/#\\\/schema\\\/person\\\/f35b42a42c5e2511bbd282959d6385cc\"},\"headline\":\"Le rapport de l&rsquo;ISIE sur les l\u00e9gislatives publi\u00e9 au JORT\",\"datePublished\":\"2023-08-24T17:44:00+00:00\",\"dateModified\":\"2025-05-20T22:41:31+00:00\",\"mainEntityOfPage\":{\"@id\":\"https:\\\/\\\/www.webdo.tn\\\/fr\\\/actualite\\\/national\\\/le-rapport-de-l-isie-sur-les-legislatives-publie-au-jort\\\/208167\\\/\"},\"wordCount\":229,\"commentCount\":0,\"publisher\":{\"@id\":\"https:\\\/\\\/www.webdo.tn\\\/fr\\\/#organization\"},\"image\":{\"@id\":\"https:\\\/\\\/www.webdo.tn\\\/fr\\\/actualite\\\/national\\\/le-rapport-de-l-isie-sur-les-legislatives-publie-au-jort\\\/208167\\\/#primaryimage\"},\"thumbnailUrl\":\"https:\\\/\\\/www.webdo.tn\\\/fr\\\/wp-content\\\/uploads\\\/2023\\\/08\\\/2d613a1e87136df9fce5c688737a4d64.jpg\",\"keywords\":[\"ISIE\",\"L\u00e9gislatives\",\"rapport\",\"Tunisie\"],\"articleSection\":[\"National\"],\"inLanguage\":\"fr-FR\"},{\"@type\":\"WebPage\",\"@id\":\"https:\\\/\\\/www.webdo.tn\\\/fr\\\/actualite\\\/national\\\/le-rapport-de-l-isie-sur-les-legislatives-publie-au-jort\\\/208167\\\/\",\"url\":\"https:\\\/\\\/www.webdo.tn\\\/fr\\\/actualite\\\/national\\\/le-rapport-de-l-isie-sur-les-legislatives-publie-au-jort\\\/208167\\\/\",\"name\":\"Le rapport de l'ISIE sur les l\u00e9gislatives publi\u00e9 au JORT\",\"isPartOf\":{\"@id\":\"https:\\\/\\\/www.webdo.tn\\\/fr\\\/#website\"},\"primaryImageOfPage\":{\"@id\":\"https:\\\/\\\/www.webdo.tn\\\/fr\\\/actualite\\\/national\\\/le-rapport-de-l-isie-sur-les-legislatives-publie-au-jort\\\/208167\\\/#primaryimage\"},\"image\":{\"@id\":\"https:\\\/\\\/www.webdo.tn\\\/fr\\\/actualite\\\/national\\\/le-rapport-de-l-isie-sur-les-legislatives-publie-au-jort\\\/208167\\\/#primaryimage\"},\"thumbnailUrl\":\"https:\\\/\\\/www.webdo.tn\\\/fr\\\/wp-content\\\/uploads\\\/2023\\\/08\\\/2d613a1e87136df9fce5c688737a4d64.jpg\",\"datePublished\":\"2023-08-24T17:44:00+00:00\",\"dateModified\":\"2025-05-20T22:41:31+00:00\",\"description\":\"Le rapport de l'Instance sup\u00e9rieure ind\u00e9pendante pour les \u00e9lections (ISIE) sur les \u00e9lections des membres de l'Assembl\u00e9e des repr\u00e9sentants du peuple a \u00e9t\u00e9 publi\u00e9...\",\"breadcrumb\":{\"@id\":\"https:\\\/\\\/www.webdo.tn\\\/fr\\\/actualite\\\/national\\\/le-rapport-de-l-isie-sur-les-legislatives-publie-au-jort\\\/208167\\\/#breadcrumb\"},\"inLanguage\":\"fr-FR\",\"potentialAction\":[{\"@type\":\"ReadAction\",\"target\":[\"https:\\\/\\\/www.webdo.tn\\\/fr\\\/actualite\\\/national\\\/le-rapport-de-l-isie-sur-les-legislatives-publie-au-jort\\\/208167\\\/\"]}]},{\"@type\":\"ImageObject\",\"inLanguage\":\"fr-FR\",\"@id\":\"https:\\\/\\\/www.webdo.tn\\\/fr\\\/actualite\\\/national\\\/le-rapport-de-l-isie-sur-les-legislatives-publie-au-jort\\\/208167\\\/#primaryimage\",\"url\":\"https:\\\/\\\/www.webdo.tn\\\/fr\\\/wp-content\\\/uploads\\\/2023\\\/08\\\/2d613a1e87136df9fce5c688737a4d64.jpg\",\"contentUrl\":\"https:\\\/\\\/www.webdo.tn\\\/fr\\\/wp-content\\\/uploads\\\/2023\\\/08\\\/2d613a1e87136df9fce5c688737a4d64.jpg\",\"width\":750,\"height\":400,\"caption\":\"Le rapport de l'ISIE sur les l\u00e9gislatives publi\u00e9 au JORT\"},{\"@type\":\"BreadcrumbList\",\"@id\":\"https:\\\/\\\/www.webdo.tn\\\/fr\\\/actualite\\\/national\\\/le-rapport-de-l-isie-sur-les-legislatives-publie-au-jort\\\/208167\\\/#breadcrumb\",\"itemListElement\":[{\"@type\":\"ListItem\",\"position\":1,\"name\":\"Accueil\",\"item\":\"https:\\\/\\\/www.webdo.tn\\\/fr\\\/\"},{\"@type\":\"ListItem\",\"position\":2,\"name\":\"Le rapport de l&#8217;ISIE sur les l\u00e9gislatives publi\u00e9 au JORT\"}]},{\"@type\":\"WebSite\",\"@id\":\"https:\\\/\\\/www.webdo.tn\\\/fr\\\/#website\",\"url\":\"https:\\\/\\\/www.webdo.tn\\\/fr\\\/\",\"name\":\"webdo\",\"description\":\"Tunisie - News en Tunisie et \u00e0 l&#039;international sur Webdo.tn\",\"publisher\":{\"@id\":\"https:\\\/\\\/www.webdo.tn\\\/fr\\\/#organization\"},\"potentialAction\":[{\"@type\":\"SearchAction\",\"target\":{\"@type\":\"EntryPoint\",\"urlTemplate\":\"https:\\\/\\\/www.webdo.tn\\\/fr\\\/?s={search_term_string}\"},\"query-input\":{\"@type\":\"PropertyValueSpecification\",\"valueRequired\":true,\"valueName\":\"search_term_string\"}}],\"inLanguage\":\"fr-FR\"},{\"@type\":\"Organization\",\"@id\":\"https:\\\/\\\/www.webdo.tn\\\/fr\\\/#organization\",\"name\":\"Webdo\",\"alternateName\":\"Webdo.tn\",\"url\":\"https:\\\/\\\/www.webdo.tn\\\/fr\\\/\",\"logo\":{\"@type\":\"ImageObject\",\"inLanguage\":\"fr-FR\",\"@id\":\"https:\\\/\\\/www.webdo.tn\\\/fr\\\/#\\\/schema\\\/logo\\\/image\\\/\",\"url\":\"https:\\\/\\\/www.webdo.tn\\\/fr\\\/wp-content\\\/uploads\\\/2025\\\/06\\\/Webdo-Tunisie_168377.jpg\",\"contentUrl\":\"https:\\\/\\\/www.webdo.tn\\\/fr\\\/wp-content\\\/uploads\\\/2025\\\/06\\\/Webdo-Tunisie_168377.jpg\",\"width\":301,\"height\":301,\"caption\":\"Webdo\"},\"image\":{\"@id\":\"https:\\\/\\\/www.webdo.tn\\\/fr\\\/#\\\/schema\\\/logo\\\/image\\\/\"},\"sameAs\":[\"https:\\\/\\\/www.facebook.com\\\/webdotn\",\"https:\\\/\\\/x.com\\\/webdo_tn\"],\"description\":\"Webdo est un m\u00e9dia num\u00e9rique tunisien fond\u00e9 en 2010, sp\u00e9cialis\u00e9 dans l\u2019actualit\u00e9 nationale et internationale, l\u2019\u00e9conomie, la soci\u00e9t\u00e9 et les analyses politiques. Le site s\u2019adresse \u00e0 un large public francophone et couvre l\u2019information tunisienne en temps r\u00e9el.\",\"email\":\"redac@webdo.tn\",\"legalName\":\"YNJ SARL\",\"foundingDate\":\"2010-09-06\",\"numberOfEmployees\":{\"@type\":\"QuantitativeValue\",\"minValue\":\"11\",\"maxValue\":\"50\"}},{\"@type\":\"Person\",\"@id\":\"https:\\\/\\\/www.webdo.tn\\\/fr\\\/#\\\/schema\\\/person\\\/f35b42a42c5e2511bbd282959d6385cc\",\"name\":\"CL\",\"image\":{\"@type\":\"ImageObject\",\"inLanguage\":\"fr-FR\",\"@id\":\"https:\\\/\\\/secure.gravatar.com\\\/avatar\\\/1447a49909b67aa657c488aec6512e1dd6143a480c1ecfee9b5b5cd74eb3b59e?s=96&d=mm&r=g\",\"url\":\"https:\\\/\\\/secure.gravatar.com\\\/avatar\\\/1447a49909b67aa657c488aec6512e1dd6143a480c1ecfee9b5b5cd74eb3b59e?s=96&d=mm&r=g\",\"contentUrl\":\"https:\\\/\\\/secure.gravatar.com\\\/avatar\\\/1447a49909b67aa657c488aec6512e1dd6143a480c1ecfee9b5b5cd74eb3b59e?s=96&d=mm&r=g\",\"caption\":\"CL\"},\"url\":\"https:\\\/\\\/www.webdo.tn\\\/fr\\\/actualite\\\/author\\\/cl\\\/\"}]}<\/script>\n<!-- \/ Yoast SEO Premium plugin. -->","yoast_head_json":{"title":"Le rapport de l'ISIE sur les l\u00e9gislatives publi\u00e9 au JORT","description":"Le rapport de l'Instance sup\u00e9rieure ind\u00e9pendante pour les \u00e9lections (ISIE) sur les \u00e9lections des membres de l'Assembl\u00e9e des repr\u00e9sentants du peuple a \u00e9t\u00e9 publi\u00e9...","canonical":"https:\/\/www.webdo.tn\/fr\/actualite\/national\/le-rapport-de-l-isie-sur-les-legislatives-publie-au-jort\/208167\/","og_locale":"fr_FR","og_type":"article","og_title":"Le rapport de l'ISIE sur les l\u00e9gislatives publi\u00e9 au JORT","og_description":"Le rapport de l'Instance sup\u00e9rieure ind\u00e9pendante pour les \u00e9lections (ISIE) sur les \u00e9lections des membres de l'Assembl\u00e9e des repr\u00e9sentants du peuple a \u00e9t\u00e9 publi\u00e9...","og_url":"https:\/\/www.webdo.tn\/fr\/actualite\/national\/le-rapport-de-l-isie-sur-les-legislatives-publie-au-jort\/208167\/","og_site_name":"webdo","article_publisher":"https:\/\/www.facebook.com\/webdotn","article_published_time":"2023-08-24T17:44:00+00:00","article_modified_time":"2025-05-20T22:41:31+00:00","og_image":[{"width":750,"height":400,"url":"https:\/\/www.webdo.tn\/fr\/wp-content\/uploads\/2023\/08\/2d613a1e87136df9fce5c688737a4d64.jpg","type":"image\/jpeg"}],"author":"CL","twitter_card":"summary_large_image","twitter_creator":"@webdo_tn","twitter_site":"@webdo_tn","twitter_misc":{"\u00c9crit par":"CL","Dur\u00e9e de lecture estim\u00e9e":"1 minute"},"schema":{"@context":"https:\/\/schema.org","@graph":[{"@type":"NewsArticle","@id":"https:\/\/www.webdo.tn\/fr\/actualite\/national\/le-rapport-de-l-isie-sur-les-legislatives-publie-au-jort\/208167\/#article","isPartOf":{"@id":"https:\/\/www.webdo.tn\/fr\/actualite\/national\/le-rapport-de-l-isie-sur-les-legislatives-publie-au-jort\/208167\/"},"author":{"name":"CL","@id":"https:\/\/www.webdo.tn\/fr\/#\/schema\/person\/f35b42a42c5e2511bbd282959d6385cc"},"headline":"Le rapport de l&rsquo;ISIE sur les l\u00e9gislatives publi\u00e9 au JORT","datePublished":"2023-08-24T17:44:00+00:00","dateModified":"2025-05-20T22:41:31+00:00","mainEntityOfPage":{"@id":"https:\/\/www.webdo.tn\/fr\/actualite\/national\/le-rapport-de-l-isie-sur-les-legislatives-publie-au-jort\/208167\/"},"wordCount":229,"commentCount":0,"publisher":{"@id":"https:\/\/www.webdo.tn\/fr\/#organization"},"image":{"@id":"https:\/\/www.webdo.tn\/fr\/actualite\/national\/le-rapport-de-l-isie-sur-les-legislatives-publie-au-jort\/208167\/#primaryimage"},"thumbnailUrl":"https:\/\/www.webdo.tn\/fr\/wp-content\/uploads\/2023\/08\/2d613a1e87136df9fce5c688737a4d64.jpg","keywords":["ISIE","L\u00e9gislatives","rapport","Tunisie"],"articleSection":["National"],"inLanguage":"fr-FR"},{"@type":"WebPage","@id":"https:\/\/www.webdo.tn\/fr\/actualite\/national\/le-rapport-de-l-isie-sur-les-legislatives-publie-au-jort\/208167\/","url":"https:\/\/www.webdo.tn\/fr\/actualite\/national\/le-rapport-de-l-isie-sur-les-legislatives-publie-au-jort\/208167\/","name":"Le rapport de l'ISIE sur les l\u00e9gislatives publi\u00e9 au JORT","isPartOf":{"@id":"https:\/\/www.webdo.tn\/fr\/#website"},"primaryImageOfPage":{"@id":"https:\/\/www.webdo.tn\/fr\/actualite\/national\/le-rapport-de-l-isie-sur-les-legislatives-publie-au-jort\/208167\/#primaryimage"},"image":{"@id":"https:\/\/www.webdo.tn\/fr\/actualite\/national\/le-rapport-de-l-isie-sur-les-legislatives-publie-au-jort\/208167\/#primaryimage"},"thumbnailUrl":"https:\/\/www.webdo.tn\/fr\/wp-content\/uploads\/2023\/08\/2d613a1e87136df9fce5c688737a4d64.jpg","datePublished":"2023-08-24T17:44:00+00:00","dateModified":"2025-05-20T22:41:31+00:00","description":"Le rapport de l'Instance sup\u00e9rieure ind\u00e9pendante pour les \u00e9lections (ISIE) sur les \u00e9lections des membres de l'Assembl\u00e9e des repr\u00e9sentants du peuple a \u00e9t\u00e9 publi\u00e9...","breadcrumb":{"@id":"https:\/\/www.webdo.tn\/fr\/actualite\/national\/le-rapport-de-l-isie-sur-les-legislatives-publie-au-jort\/208167\/#breadcrumb"},"inLanguage":"fr-FR","potentialAction":[{"@type":"ReadAction","target":["https:\/\/www.webdo.tn\/fr\/actualite\/national\/le-rapport-de-l-isie-sur-les-legislatives-publie-au-jort\/208167\/"]}]},{"@type":"ImageObject","inLanguage":"fr-FR","@id":"https:\/\/www.webdo.tn\/fr\/actualite\/national\/le-rapport-de-l-isie-sur-les-legislatives-publie-au-jort\/208167\/#primaryimage","url":"https:\/\/www.webdo.tn\/fr\/wp-content\/uploads\/2023\/08\/2d613a1e87136df9fce5c688737a4d64.jpg","contentUrl":"https:\/\/www.webdo.tn\/fr\/wp-content\/uploads\/2023\/08\/2d613a1e87136df9fce5c688737a4d64.jpg","width":750,"height":400,"caption":"Le rapport de l'ISIE sur les l\u00e9gislatives publi\u00e9 au JORT"},{"@type":"BreadcrumbList","@id":"https:\/\/www.webdo.tn\/fr\/actualite\/national\/le-rapport-de-l-isie-sur-les-legislatives-publie-au-jort\/208167\/#breadcrumb","itemListElement":[{"@type":"ListItem","position":1,"name":"Accueil","item":"https:\/\/www.webdo.tn\/fr\/"},{"@type":"ListItem","position":2,"name":"Le rapport de l&#8217;ISIE sur les l\u00e9gislatives publi\u00e9 au JORT"}]},{"@type":"WebSite","@id":"https:\/\/www.webdo.tn\/fr\/#website","url":"https:\/\/www.webdo.tn\/fr\/","name":"webdo","description":"Tunisie - News en Tunisie et \u00e0 l&#039;international sur Webdo.tn","publisher":{"@id":"https:\/\/www.webdo.tn\/fr\/#organization"},"potentialAction":[{"@type":"SearchAction","target":{"@type":"EntryPoint","urlTemplate":"https:\/\/www.webdo.tn\/fr\/?s={search_term_string}"},"query-input":{"@type":"PropertyValueSpecification","valueRequired":true,"valueName":"search_term_string"}}],"inLanguage":"fr-FR"},{"@type":"Organization","@id":"https:\/\/www.webdo.tn\/fr\/#organization","name":"Webdo","alternateName":"Webdo.tn","url":"https:\/\/www.webdo.tn\/fr\/","logo":{"@type":"ImageObject","inLanguage":"fr-FR","@id":"https:\/\/www.webdo.tn\/fr\/#\/schema\/logo\/image\/","url":"https:\/\/www.webdo.tn\/fr\/wp-content\/uploads\/2025\/06\/Webdo-Tunisie_168377.jpg","contentUrl":"https:\/\/www.webdo.tn\/fr\/wp-content\/uploads\/2025\/06\/Webdo-Tunisie_168377.jpg","width":301,"height":301,"caption":"Webdo"},"image":{"@id":"https:\/\/www.webdo.tn\/fr\/#\/schema\/logo\/image\/"},"sameAs":["https:\/\/www.facebook.com\/webdotn","https:\/\/x.com\/webdo_tn"],"description":"Webdo est un m\u00e9dia num\u00e9rique tunisien fond\u00e9 en 2010, sp\u00e9cialis\u00e9 dans l\u2019actualit\u00e9 nationale et internationale, l\u2019\u00e9conomie, la soci\u00e9t\u00e9 et les analyses politiques. Le site s\u2019adresse \u00e0 un large public francophone et couvre l\u2019information tunisienne en temps r\u00e9el.","email":"redac@webdo.tn","legalName":"YNJ SARL","foundingDate":"2010-09-06","numberOfEmployees":{"@type":"QuantitativeValue","minValue":"11","maxValue":"50"}},{"@type":"Person","@id":"https:\/\/www.webdo.tn\/fr\/#\/schema\/person\/f35b42a42c5e2511bbd282959d6385cc","name":"CL","image":{"@type":"ImageObject","inLanguage":"fr-FR","@id":"https:\/\/secure.gravatar.com\/avatar\/1447a49909b67aa657c488aec6512e1dd6143a480c1ecfee9b5b5cd74eb3b59e?s=96&d=mm&r=g","url":"https:\/\/secure.gravatar.com\/avatar\/1447a49909b67aa657c488aec6512e1dd6143a480c1ecfee9b5b5cd74eb3b59e?s=96&d=mm&r=g","contentUrl":"https:\/\/secure.gravatar.com\/avatar\/1447a49909b67aa657c488aec6512e1dd6143a480c1ecfee9b5b5cd74eb3b59e?s=96&d=mm&r=g","caption":"CL"},"url":"https:\/\/www.webdo.tn\/fr\/actualite\/author\/cl\/"}]}},"_links":{"self":[{"href":"https:\/\/www.webdo.tn\/fr\/wp-json\/wp\/v2\/posts\/208167","targetHints":{"allow":["GET"]}}],"collection":[{"href":"https:\/\/www.webdo.tn\/fr\/wp-json\/wp\/v2\/posts"}],"about":[{"href":"https:\/\/www.webdo.tn\/fr\/wp-json\/wp\/v2\/types\/post"}],"author":[{"embeddable":true,"href":"https:\/\/www.webdo.tn\/fr\/wp-json\/wp\/v2\/users\/3175"}],"replies":[{"embeddable":true,"href":"https:\/\/www.webdo.tn\/fr\/wp-json\/wp\/v2\/comments?post=208167"}],"version-history":[{"count":0,"href":"https:\/\/www.webdo.tn\/fr\/wp-json\/wp\/v2\/posts\/208167\/revisions"}],"wp:featuredmedia":[{"embeddable":true,"href":"https:\/\/www.webdo.tn\/fr\/wp-json\/wp\/v2\/media\/249486"}],"wp:attachment":[{"href":"https:\/\/www.webdo.tn\/fr\/wp-json\/wp\/v2\/media?parent=208167"}],"wp:term":[{"taxonomy":"category","embeddable":true,"href":"https:\/\/www.webdo.tn\/fr\/wp-json\/wp\/v2\/categories?post=208167"},{"taxonomy":"post_tag","embeddable":true,"href":"https:\/\/www.webdo.tn\/fr\/wp-json\/wp\/v2\/tags?post=208167"}],"curies":[{"name":"wp","href":"https:\/\/api.w.org\/{rel}","templated":true}]}}