{"id":208150,"date":"2023-08-24T09:27:00","date_gmt":"2023-08-24T09:27:00","guid":{"rendered":"https:\/\/www.webdo.tn\/fr\/blog\/diffusion-de-fake-news-le-gouvernement-serre-la-vis\/208150\/"},"modified":"2025-05-20T21:57:52","modified_gmt":"2025-05-20T21:57:52","slug":"diffusion-de-fake-news-le-gouvernement-serre-la-vis","status":"publish","type":"post","link":"https:\/\/www.webdo.tn\/fr\/actualite\/national\/diffusion-de-fake-news-le-gouvernement-serre-la-vis\/208150\/","title":{"rendered":"Diffusion de \u00a0\u00bbFake News\u00a0\u00bb : le gouvernement serre la vis !"},"content":{"rendered":"<p>Trois minist\u00e8res ont d\u00e9cid\u00e9 de d\u00e9clarer la guerre aux \u00ab\u00a0Fake News\u00a0\u00bb. Une d\u00e9cision prise en marge d\u2019une r\u00e9union avec le pr\u00e9sident de la R\u00e9publique, Kais Saied.<\/p>\n<p>\t\t\t\t\t\t\t\t\tLes minist\u00e8res de la Justice, de l\u2019Int\u00e9rieur, et des Technologies de communication ont annonc\u00e9, dans un communiqu\u00e9 conjoint, publi\u00e9 hier soir, avoir engag\u00e9 des poursuites judiciaires pour d\u00e9masquer les personnes qui g\u00e8rent des pages, des comptes et des groupes \u00e9lectroniques dans le but de diffuser et publier des fausses informations.<\/p>\n<p>Ces \u00ab\u00a0Fake News\u00a0\u00bb ont pour objectifs, le d\u00e9nigrement et la diffamation envers autrui, la s\u00e9curit\u00e9 publique, la paix sociale, les int\u00e9r\u00eats et symboles de l\u2019\u00c9tat, indique le communiqu\u00e9.<\/p>\n<p>Le communiqu\u00e9 pr\u00e9cise que toute personne qui diffuse ou partage tout contenu publi\u00e9 par ces groupes et pages sera, \u00e0 son tour, poursuivie. Il indique, \u00e9galement, que la liste des pages et groupes concern\u00e9s sera bient\u00f4t rendue publique.<\/p>\n<p>Juste avant ce communiqu\u00e9, la Pr\u00e9sidence de R\u00e9publique, a publi\u00e9 un communiqu\u00e9 dans lequel elle fait \u00e9tat d\u2019une r\u00e9union entre le pr\u00e9sident de la R\u00e9publique avec les ministres, de la Justice, Leila Jaffel, de l\u2019Int\u00e9rieur, Kamel Feki et des Technologies de communication, Nizar Ben Neji et de hauts cadres s\u00e9curitaires, ce mercredi 23 ao\u00fbt \u00e0 Carthage.<\/p>\n<p>La r\u00e9union a abord\u00e9 la cybercriminalit\u00e9 et le r\u00f4le de l\u2019Agence nationale de la s\u00e9curit\u00e9 informatique dans la lutte contre ce fl\u00e9au et l\u2019impunit\u00e9 et ce, en coordination avec d\u2019autres pays.<\/p>\n<p>Le chef de l\u2019Etat a indiqu\u00e9 que les menaces de mort, le d\u00e9nigrement et la diffusion des rumeurs et les insultes n\u2019ont rien \u00e0 voir avec la libert\u00e9 de pens\u00e9e et d\u2019expression et que la loi doit \u00eatre appliqu\u00e9e contre ceux qui l\u2019enfreignent.<\/p>\n<p>Il a soulign\u00e9 que les campagnes de d\u00e9nigrement et de menaces visent parfois des personnes ou des parties pr\u00e9cises ce qui prouve que cela est pr\u00e9m\u00e9dit\u00e9 et g\u00e9r\u00e9 par des groupes qui veulent semer le chaos et d\u00e9stabiliser le pays.<\/p>\n","protected":false},"excerpt":{"rendered":"<p>Trois minist\u00e8res ont d\u00e9cid\u00e9 de d\u00e9clarer la guerre aux  Fake News . Une d\u00e9cision prise en marge d\u2019une r\u00e9union avec le pr\u00e9sident de la R\u00e9publique, Kais Saied.<\/p>\n","protected":false},"author":3162,"featured_media":249478,"comment_status":"open","ping_status":"closed","sticky":false,"template":"","format":"standard","meta":{"footnotes":""},"categories":[44],"tags":[4842,8056,4608,2608],"class_list":["post-208150","post","type-post","status-publish","format-standard","has-post-thumbnail","hentry","category-national","tag-diffamation","tag-fake-news","tag-rumeur","tag-tunisie"],"yoast_head":"<!-- This site is optimized with the Yoast SEO Premium plugin v27.5 (Yoast SEO v27.5) - https:\/\/yoast.com\/product\/yoast-seo-premium-wordpress\/ -->\n<title>Diffusion de &#039;&#039;Fake News&#039;&#039; : le gouvernement serre la vis !<\/title>\n<meta name=\"description\" content=\"Trois minist\u00e8res ont d\u00e9cid\u00e9 de d\u00e9clarer la guerre aux Fake News . Une d\u00e9cision prise en marge d\u2019une r\u00e9union avec le pr\u00e9sident de la R\u00e9publique, Kais Saied.\" \/>\n<link rel=\"canonical\" href=\"https:\/\/www.webdo.tn\/fr\/actualite\/national\/diffusion-de-fake-news-le-gouvernement-serre-la-vis\/208150\/\" \/>\n<meta property=\"og:locale\" content=\"fr_FR\" \/>\n<meta property=\"og:type\" content=\"article\" \/>\n<meta property=\"og:title\" content=\"Diffusion de &#039;&#039;Fake News&#039;&#039; : le gouvernement serre la vis !\" \/>\n<meta property=\"og:description\" content=\"Trois minist\u00e8res ont d\u00e9cid\u00e9 de d\u00e9clarer la guerre aux Fake News . Une d\u00e9cision prise en marge d\u2019une r\u00e9union avec le pr\u00e9sident de la R\u00e9publique, Kais Saied.\" \/>\n<meta property=\"og:url\" content=\"https:\/\/www.webdo.tn\/fr\/actualite\/national\/diffusion-de-fake-news-le-gouvernement-serre-la-vis\/208150\/\" \/>\n<meta property=\"og:site_name\" content=\"webdo\" \/>\n<meta property=\"article:publisher\" content=\"https:\/\/www.facebook.com\/webdotn\" \/>\n<meta property=\"article:published_time\" content=\"2023-08-24T09:27:00+00:00\" \/>\n<meta property=\"article:modified_time\" content=\"2025-05-20T21:57:52+00:00\" \/>\n<meta property=\"og:image\" content=\"https:\/\/www.webdo.tn\/fr\/wp-content\/uploads\/2023\/08\/892e2e5809f399f9efd27f25d812e099.jpg\" \/>\n\t<meta property=\"og:image:width\" content=\"718\" \/>\n\t<meta property=\"og:image:height\" content=\"383\" \/>\n\t<meta property=\"og:image:type\" content=\"image\/jpeg\" \/>\n<meta name=\"author\" content=\"MC\" \/>\n<meta name=\"twitter:card\" content=\"summary_large_image\" \/>\n<meta name=\"twitter:creator\" content=\"@webdo_tn\" \/>\n<meta name=\"twitter:site\" content=\"@webdo_tn\" \/>\n<meta name=\"twitter:label1\" content=\"\u00c9crit par\" \/>\n\t<meta name=\"twitter:data1\" content=\"MC\" \/>\n\t<meta name=\"twitter:label2\" content=\"Dur\u00e9e de lecture estim\u00e9e\" \/>\n\t<meta name=\"twitter:data2\" content=\"2 minutes\" \/>\n<script type=\"application\/ld+json\" class=\"yoast-schema-graph\">{\"@context\":\"https:\\\/\\\/schema.org\",\"@graph\":[{\"@type\":\"NewsArticle\",\"@id\":\"https:\\\/\\\/www.webdo.tn\\\/fr\\\/actualite\\\/national\\\/diffusion-de-fake-news-le-gouvernement-serre-la-vis\\\/208150\\\/#article\",\"isPartOf\":{\"@id\":\"https:\\\/\\\/www.webdo.tn\\\/fr\\\/actualite\\\/national\\\/diffusion-de-fake-news-le-gouvernement-serre-la-vis\\\/208150\\\/\"},\"author\":{\"name\":\"MC\",\"@id\":\"https:\\\/\\\/www.webdo.tn\\\/fr\\\/#\\\/schema\\\/person\\\/2c4929cbf5a809e3bd38617c6ce150f6\"},\"headline\":\"Diffusion de \u00a0\u00bbFake News\u00a0\u00bb : le gouvernement serre la vis !\",\"datePublished\":\"2023-08-24T09:27:00+00:00\",\"dateModified\":\"2025-05-20T21:57:52+00:00\",\"mainEntityOfPage\":{\"@id\":\"https:\\\/\\\/www.webdo.tn\\\/fr\\\/actualite\\\/national\\\/diffusion-de-fake-news-le-gouvernement-serre-la-vis\\\/208150\\\/\"},\"wordCount\":368,\"commentCount\":0,\"publisher\":{\"@id\":\"https:\\\/\\\/www.webdo.tn\\\/fr\\\/#organization\"},\"image\":{\"@id\":\"https:\\\/\\\/www.webdo.tn\\\/fr\\\/actualite\\\/national\\\/diffusion-de-fake-news-le-gouvernement-serre-la-vis\\\/208150\\\/#primaryimage\"},\"thumbnailUrl\":\"https:\\\/\\\/www.webdo.tn\\\/fr\\\/wp-content\\\/uploads\\\/2023\\\/08\\\/892e2e5809f399f9efd27f25d812e099.jpg\",\"keywords\":[\"diffamation\",\"fake news\",\"rumeur\",\"Tunisie\"],\"articleSection\":[\"National\"],\"inLanguage\":\"fr-FR\"},{\"@type\":\"WebPage\",\"@id\":\"https:\\\/\\\/www.webdo.tn\\\/fr\\\/actualite\\\/national\\\/diffusion-de-fake-news-le-gouvernement-serre-la-vis\\\/208150\\\/\",\"url\":\"https:\\\/\\\/www.webdo.tn\\\/fr\\\/actualite\\\/national\\\/diffusion-de-fake-news-le-gouvernement-serre-la-vis\\\/208150\\\/\",\"name\":\"Diffusion de ''Fake News'' : le gouvernement serre la vis !\",\"isPartOf\":{\"@id\":\"https:\\\/\\\/www.webdo.tn\\\/fr\\\/#website\"},\"primaryImageOfPage\":{\"@id\":\"https:\\\/\\\/www.webdo.tn\\\/fr\\\/actualite\\\/national\\\/diffusion-de-fake-news-le-gouvernement-serre-la-vis\\\/208150\\\/#primaryimage\"},\"image\":{\"@id\":\"https:\\\/\\\/www.webdo.tn\\\/fr\\\/actualite\\\/national\\\/diffusion-de-fake-news-le-gouvernement-serre-la-vis\\\/208150\\\/#primaryimage\"},\"thumbnailUrl\":\"https:\\\/\\\/www.webdo.tn\\\/fr\\\/wp-content\\\/uploads\\\/2023\\\/08\\\/892e2e5809f399f9efd27f25d812e099.jpg\",\"datePublished\":\"2023-08-24T09:27:00+00:00\",\"dateModified\":\"2025-05-20T21:57:52+00:00\",\"description\":\"Trois minist\u00e8res ont d\u00e9cid\u00e9 de d\u00e9clarer la guerre aux Fake News . Une d\u00e9cision prise en marge d\u2019une r\u00e9union avec le pr\u00e9sident de la R\u00e9publique, Kais Saied.\",\"breadcrumb\":{\"@id\":\"https:\\\/\\\/www.webdo.tn\\\/fr\\\/actualite\\\/national\\\/diffusion-de-fake-news-le-gouvernement-serre-la-vis\\\/208150\\\/#breadcrumb\"},\"inLanguage\":\"fr-FR\",\"potentialAction\":[{\"@type\":\"ReadAction\",\"target\":[\"https:\\\/\\\/www.webdo.tn\\\/fr\\\/actualite\\\/national\\\/diffusion-de-fake-news-le-gouvernement-serre-la-vis\\\/208150\\\/\"]}]},{\"@type\":\"ImageObject\",\"inLanguage\":\"fr-FR\",\"@id\":\"https:\\\/\\\/www.webdo.tn\\\/fr\\\/actualite\\\/national\\\/diffusion-de-fake-news-le-gouvernement-serre-la-vis\\\/208150\\\/#primaryimage\",\"url\":\"https:\\\/\\\/www.webdo.tn\\\/fr\\\/wp-content\\\/uploads\\\/2023\\\/08\\\/892e2e5809f399f9efd27f25d812e099.jpg\",\"contentUrl\":\"https:\\\/\\\/www.webdo.tn\\\/fr\\\/wp-content\\\/uploads\\\/2023\\\/08\\\/892e2e5809f399f9efd27f25d812e099.jpg\",\"width\":718,\"height\":383,\"caption\":\"Diffusion de ''Fake News'' : le gouvernement serre la vis !\"},{\"@type\":\"BreadcrumbList\",\"@id\":\"https:\\\/\\\/www.webdo.tn\\\/fr\\\/actualite\\\/national\\\/diffusion-de-fake-news-le-gouvernement-serre-la-vis\\\/208150\\\/#breadcrumb\",\"itemListElement\":[{\"@type\":\"ListItem\",\"position\":1,\"name\":\"Accueil\",\"item\":\"https:\\\/\\\/www.webdo.tn\\\/fr\\\/\"},{\"@type\":\"ListItem\",\"position\":2,\"name\":\"Diffusion de &#8221;Fake News&#8221; : le gouvernement serre la vis !\"}]},{\"@type\":\"WebSite\",\"@id\":\"https:\\\/\\\/www.webdo.tn\\\/fr\\\/#website\",\"url\":\"https:\\\/\\\/www.webdo.tn\\\/fr\\\/\",\"name\":\"webdo\",\"description\":\"Tunisie - News en Tunisie et \u00e0 l&#039;international sur Webdo.tn\",\"publisher\":{\"@id\":\"https:\\\/\\\/www.webdo.tn\\\/fr\\\/#organization\"},\"potentialAction\":[{\"@type\":\"SearchAction\",\"target\":{\"@type\":\"EntryPoint\",\"urlTemplate\":\"https:\\\/\\\/www.webdo.tn\\\/fr\\\/?s={search_term_string}\"},\"query-input\":{\"@type\":\"PropertyValueSpecification\",\"valueRequired\":true,\"valueName\":\"search_term_string\"}}],\"inLanguage\":\"fr-FR\"},{\"@type\":\"Organization\",\"@id\":\"https:\\\/\\\/www.webdo.tn\\\/fr\\\/#organization\",\"name\":\"Webdo\",\"alternateName\":\"Webdo.tn\",\"url\":\"https:\\\/\\\/www.webdo.tn\\\/fr\\\/\",\"logo\":{\"@type\":\"ImageObject\",\"inLanguage\":\"fr-FR\",\"@id\":\"https:\\\/\\\/www.webdo.tn\\\/fr\\\/#\\\/schema\\\/logo\\\/image\\\/\",\"url\":\"https:\\\/\\\/www.webdo.tn\\\/fr\\\/wp-content\\\/uploads\\\/2025\\\/06\\\/Webdo-Tunisie_168377.jpg\",\"contentUrl\":\"https:\\\/\\\/www.webdo.tn\\\/fr\\\/wp-content\\\/uploads\\\/2025\\\/06\\\/Webdo-Tunisie_168377.jpg\",\"width\":301,\"height\":301,\"caption\":\"Webdo\"},\"image\":{\"@id\":\"https:\\\/\\\/www.webdo.tn\\\/fr\\\/#\\\/schema\\\/logo\\\/image\\\/\"},\"sameAs\":[\"https:\\\/\\\/www.facebook.com\\\/webdotn\",\"https:\\\/\\\/x.com\\\/webdo_tn\"],\"description\":\"Webdo est un m\u00e9dia num\u00e9rique tunisien fond\u00e9 en 2010, sp\u00e9cialis\u00e9 dans l\u2019actualit\u00e9 nationale et internationale, l\u2019\u00e9conomie, la soci\u00e9t\u00e9 et les analyses politiques. Le site s\u2019adresse \u00e0 un large public francophone et couvre l\u2019information tunisienne en temps r\u00e9el.\",\"email\":\"redac@webdo.tn\",\"legalName\":\"YNJ SARL\",\"foundingDate\":\"2010-09-06\",\"numberOfEmployees\":{\"@type\":\"QuantitativeValue\",\"minValue\":\"11\",\"maxValue\":\"50\"}},{\"@type\":\"Person\",\"@id\":\"https:\\\/\\\/www.webdo.tn\\\/fr\\\/#\\\/schema\\\/person\\\/2c4929cbf5a809e3bd38617c6ce150f6\",\"name\":\"MC\",\"image\":{\"@type\":\"ImageObject\",\"inLanguage\":\"fr-FR\",\"@id\":\"https:\\\/\\\/secure.gravatar.com\\\/avatar\\\/a545bbb6f84efdd5553dbbc2895e3ca8f1d12c5215e00a041c9670b54aa9b18a?s=96&d=mm&r=g\",\"url\":\"https:\\\/\\\/secure.gravatar.com\\\/avatar\\\/a545bbb6f84efdd5553dbbc2895e3ca8f1d12c5215e00a041c9670b54aa9b18a?s=96&d=mm&r=g\",\"contentUrl\":\"https:\\\/\\\/secure.gravatar.com\\\/avatar\\\/a545bbb6f84efdd5553dbbc2895e3ca8f1d12c5215e00a041c9670b54aa9b18a?s=96&d=mm&r=g\",\"caption\":\"MC\"},\"url\":\"https:\\\/\\\/www.webdo.tn\\\/fr\\\/actualite\\\/author\\\/mc\\\/\"}]}<\/script>\n<!-- \/ Yoast SEO Premium plugin. -->","yoast_head_json":{"title":"Diffusion de ''Fake News'' : le gouvernement serre la vis !","description":"Trois minist\u00e8res ont d\u00e9cid\u00e9 de d\u00e9clarer la guerre aux Fake News . Une d\u00e9cision prise en marge d\u2019une r\u00e9union avec le pr\u00e9sident de la R\u00e9publique, Kais Saied.","canonical":"https:\/\/www.webdo.tn\/fr\/actualite\/national\/diffusion-de-fake-news-le-gouvernement-serre-la-vis\/208150\/","og_locale":"fr_FR","og_type":"article","og_title":"Diffusion de ''Fake News'' : le gouvernement serre la vis !","og_description":"Trois minist\u00e8res ont d\u00e9cid\u00e9 de d\u00e9clarer la guerre aux Fake News . Une d\u00e9cision prise en marge d\u2019une r\u00e9union avec le pr\u00e9sident de la R\u00e9publique, Kais Saied.","og_url":"https:\/\/www.webdo.tn\/fr\/actualite\/national\/diffusion-de-fake-news-le-gouvernement-serre-la-vis\/208150\/","og_site_name":"webdo","article_publisher":"https:\/\/www.facebook.com\/webdotn","article_published_time":"2023-08-24T09:27:00+00:00","article_modified_time":"2025-05-20T21:57:52+00:00","og_image":[{"width":718,"height":383,"url":"https:\/\/www.webdo.tn\/fr\/wp-content\/uploads\/2023\/08\/892e2e5809f399f9efd27f25d812e099.jpg","type":"image\/jpeg"}],"author":"MC","twitter_card":"summary_large_image","twitter_creator":"@webdo_tn","twitter_site":"@webdo_tn","twitter_misc":{"\u00c9crit par":"MC","Dur\u00e9e de lecture estim\u00e9e":"2 minutes"},"schema":{"@context":"https:\/\/schema.org","@graph":[{"@type":"NewsArticle","@id":"https:\/\/www.webdo.tn\/fr\/actualite\/national\/diffusion-de-fake-news-le-gouvernement-serre-la-vis\/208150\/#article","isPartOf":{"@id":"https:\/\/www.webdo.tn\/fr\/actualite\/national\/diffusion-de-fake-news-le-gouvernement-serre-la-vis\/208150\/"},"author":{"name":"MC","@id":"https:\/\/www.webdo.tn\/fr\/#\/schema\/person\/2c4929cbf5a809e3bd38617c6ce150f6"},"headline":"Diffusion de \u00a0\u00bbFake News\u00a0\u00bb : le gouvernement serre la vis !","datePublished":"2023-08-24T09:27:00+00:00","dateModified":"2025-05-20T21:57:52+00:00","mainEntityOfPage":{"@id":"https:\/\/www.webdo.tn\/fr\/actualite\/national\/diffusion-de-fake-news-le-gouvernement-serre-la-vis\/208150\/"},"wordCount":368,"commentCount":0,"publisher":{"@id":"https:\/\/www.webdo.tn\/fr\/#organization"},"image":{"@id":"https:\/\/www.webdo.tn\/fr\/actualite\/national\/diffusion-de-fake-news-le-gouvernement-serre-la-vis\/208150\/#primaryimage"},"thumbnailUrl":"https:\/\/www.webdo.tn\/fr\/wp-content\/uploads\/2023\/08\/892e2e5809f399f9efd27f25d812e099.jpg","keywords":["diffamation","fake news","rumeur","Tunisie"],"articleSection":["National"],"inLanguage":"fr-FR"},{"@type":"WebPage","@id":"https:\/\/www.webdo.tn\/fr\/actualite\/national\/diffusion-de-fake-news-le-gouvernement-serre-la-vis\/208150\/","url":"https:\/\/www.webdo.tn\/fr\/actualite\/national\/diffusion-de-fake-news-le-gouvernement-serre-la-vis\/208150\/","name":"Diffusion de ''Fake News'' : le gouvernement serre la vis !","isPartOf":{"@id":"https:\/\/www.webdo.tn\/fr\/#website"},"primaryImageOfPage":{"@id":"https:\/\/www.webdo.tn\/fr\/actualite\/national\/diffusion-de-fake-news-le-gouvernement-serre-la-vis\/208150\/#primaryimage"},"image":{"@id":"https:\/\/www.webdo.tn\/fr\/actualite\/national\/diffusion-de-fake-news-le-gouvernement-serre-la-vis\/208150\/#primaryimage"},"thumbnailUrl":"https:\/\/www.webdo.tn\/fr\/wp-content\/uploads\/2023\/08\/892e2e5809f399f9efd27f25d812e099.jpg","datePublished":"2023-08-24T09:27:00+00:00","dateModified":"2025-05-20T21:57:52+00:00","description":"Trois minist\u00e8res ont d\u00e9cid\u00e9 de d\u00e9clarer la guerre aux Fake News . Une d\u00e9cision prise en marge d\u2019une r\u00e9union avec le pr\u00e9sident de la R\u00e9publique, Kais Saied.","breadcrumb":{"@id":"https:\/\/www.webdo.tn\/fr\/actualite\/national\/diffusion-de-fake-news-le-gouvernement-serre-la-vis\/208150\/#breadcrumb"},"inLanguage":"fr-FR","potentialAction":[{"@type":"ReadAction","target":["https:\/\/www.webdo.tn\/fr\/actualite\/national\/diffusion-de-fake-news-le-gouvernement-serre-la-vis\/208150\/"]}]},{"@type":"ImageObject","inLanguage":"fr-FR","@id":"https:\/\/www.webdo.tn\/fr\/actualite\/national\/diffusion-de-fake-news-le-gouvernement-serre-la-vis\/208150\/#primaryimage","url":"https:\/\/www.webdo.tn\/fr\/wp-content\/uploads\/2023\/08\/892e2e5809f399f9efd27f25d812e099.jpg","contentUrl":"https:\/\/www.webdo.tn\/fr\/wp-content\/uploads\/2023\/08\/892e2e5809f399f9efd27f25d812e099.jpg","width":718,"height":383,"caption":"Diffusion de ''Fake News'' : le gouvernement serre la vis !"},{"@type":"BreadcrumbList","@id":"https:\/\/www.webdo.tn\/fr\/actualite\/national\/diffusion-de-fake-news-le-gouvernement-serre-la-vis\/208150\/#breadcrumb","itemListElement":[{"@type":"ListItem","position":1,"name":"Accueil","item":"https:\/\/www.webdo.tn\/fr\/"},{"@type":"ListItem","position":2,"name":"Diffusion de &#8221;Fake News&#8221; : le gouvernement serre la vis !"}]},{"@type":"WebSite","@id":"https:\/\/www.webdo.tn\/fr\/#website","url":"https:\/\/www.webdo.tn\/fr\/","name":"webdo","description":"Tunisie - News en Tunisie et \u00e0 l&#039;international sur Webdo.tn","publisher":{"@id":"https:\/\/www.webdo.tn\/fr\/#organization"},"potentialAction":[{"@type":"SearchAction","target":{"@type":"EntryPoint","urlTemplate":"https:\/\/www.webdo.tn\/fr\/?s={search_term_string}"},"query-input":{"@type":"PropertyValueSpecification","valueRequired":true,"valueName":"search_term_string"}}],"inLanguage":"fr-FR"},{"@type":"Organization","@id":"https:\/\/www.webdo.tn\/fr\/#organization","name":"Webdo","alternateName":"Webdo.tn","url":"https:\/\/www.webdo.tn\/fr\/","logo":{"@type":"ImageObject","inLanguage":"fr-FR","@id":"https:\/\/www.webdo.tn\/fr\/#\/schema\/logo\/image\/","url":"https:\/\/www.webdo.tn\/fr\/wp-content\/uploads\/2025\/06\/Webdo-Tunisie_168377.jpg","contentUrl":"https:\/\/www.webdo.tn\/fr\/wp-content\/uploads\/2025\/06\/Webdo-Tunisie_168377.jpg","width":301,"height":301,"caption":"Webdo"},"image":{"@id":"https:\/\/www.webdo.tn\/fr\/#\/schema\/logo\/image\/"},"sameAs":["https:\/\/www.facebook.com\/webdotn","https:\/\/x.com\/webdo_tn"],"description":"Webdo est un m\u00e9dia num\u00e9rique tunisien fond\u00e9 en 2010, sp\u00e9cialis\u00e9 dans l\u2019actualit\u00e9 nationale et internationale, l\u2019\u00e9conomie, la soci\u00e9t\u00e9 et les analyses politiques. Le site s\u2019adresse \u00e0 un large public francophone et couvre l\u2019information tunisienne en temps r\u00e9el.","email":"redac@webdo.tn","legalName":"YNJ SARL","foundingDate":"2010-09-06","numberOfEmployees":{"@type":"QuantitativeValue","minValue":"11","maxValue":"50"}},{"@type":"Person","@id":"https:\/\/www.webdo.tn\/fr\/#\/schema\/person\/2c4929cbf5a809e3bd38617c6ce150f6","name":"MC","image":{"@type":"ImageObject","inLanguage":"fr-FR","@id":"https:\/\/secure.gravatar.com\/avatar\/a545bbb6f84efdd5553dbbc2895e3ca8f1d12c5215e00a041c9670b54aa9b18a?s=96&d=mm&r=g","url":"https:\/\/secure.gravatar.com\/avatar\/a545bbb6f84efdd5553dbbc2895e3ca8f1d12c5215e00a041c9670b54aa9b18a?s=96&d=mm&r=g","contentUrl":"https:\/\/secure.gravatar.com\/avatar\/a545bbb6f84efdd5553dbbc2895e3ca8f1d12c5215e00a041c9670b54aa9b18a?s=96&d=mm&r=g","caption":"MC"},"url":"https:\/\/www.webdo.tn\/fr\/actualite\/author\/mc\/"}]}},"_links":{"self":[{"href":"https:\/\/www.webdo.tn\/fr\/wp-json\/wp\/v2\/posts\/208150","targetHints":{"allow":["GET"]}}],"collection":[{"href":"https:\/\/www.webdo.tn\/fr\/wp-json\/wp\/v2\/posts"}],"about":[{"href":"https:\/\/www.webdo.tn\/fr\/wp-json\/wp\/v2\/types\/post"}],"author":[{"embeddable":true,"href":"https:\/\/www.webdo.tn\/fr\/wp-json\/wp\/v2\/users\/3162"}],"replies":[{"embeddable":true,"href":"https:\/\/www.webdo.tn\/fr\/wp-json\/wp\/v2\/comments?post=208150"}],"version-history":[{"count":0,"href":"https:\/\/www.webdo.tn\/fr\/wp-json\/wp\/v2\/posts\/208150\/revisions"}],"wp:featuredmedia":[{"embeddable":true,"href":"https:\/\/www.webdo.tn\/fr\/wp-json\/wp\/v2\/media\/249478"}],"wp:attachment":[{"href":"https:\/\/www.webdo.tn\/fr\/wp-json\/wp\/v2\/media?parent=208150"}],"wp:term":[{"taxonomy":"category","embeddable":true,"href":"https:\/\/www.webdo.tn\/fr\/wp-json\/wp\/v2\/categories?post=208150"},{"taxonomy":"post_tag","embeddable":true,"href":"https:\/\/www.webdo.tn\/fr\/wp-json\/wp\/v2\/tags?post=208150"}],"curies":[{"name":"wp","href":"https:\/\/api.w.org\/{rel}","templated":true}]}}