{"id":208149,"date":"2023-08-24T09:01:00","date_gmt":"2023-08-24T09:01:00","guid":{"rendered":"https:\/\/www.webdo.tn\/fr\/blog\/mondiaux-d-athletisme-marwa-bouzayani-en-finale-du-3000-m-steeple\/208149\/"},"modified":"2025-05-20T21:57:50","modified_gmt":"2025-05-20T21:57:50","slug":"mondiaux-d-athletisme-marwa-bouzayani-en-finale-du-3000-m-steeple","status":"publish","type":"post","link":"https:\/\/www.webdo.tn\/fr\/actualite\/sport\/mondiaux-d-athletisme-marwa-bouzayani-en-finale-du-3000-m-steeple\/208149\/","title":{"rendered":"Mondiaux d\u2019athl\u00e9tisme : Marwa Bouzayani en finale du 3000m steeple"},"content":{"rendered":"<p>Marwa Bouzayani, sp\u00e9cialiste du 3000 m steeple est qualifi\u00e9e pour les prochains JO et jouera la finale de la discipline, dimanche prochain.<\/p>\n<p>\t\t\t\t\t\t\t\t\tL&rsquo;athl\u00e8te tunisienne Marwa Bouzayani s&rsquo;est qualifi\u00e9e, ce mercredi 23 ao\u00fbt 2023, en finale du 3000m steeple dames comptant pour les championnats du monde d&rsquo;athl\u00e9tisme, organis\u00e9s \u00e0 Budapest qualificatifs aux Jeux olympiques de Paris.<\/p>\n<p>Marwa Bouzayani s&rsquo;est class\u00e9e 5e de la premi\u00e8re s\u00e9rie avec un temps de 9:23.07, et sera ainsi align\u00e9e dimanche prochain pour une finale qui mettra en lice les 15 meilleures athl\u00e8tes issues des qualifications.<\/p>\n","protected":false},"excerpt":{"rendered":"<p>Marwa Bouzayani, sp\u00e9cialiste du 3000 m steeple est qualifi\u00e9e pour les prochains JO et jouera la finale de la discipline, dimanche prochain.<\/p>\n","protected":false},"author":3162,"featured_media":249473,"comment_status":"open","ping_status":"closed","sticky":false,"template":"","format":"standard","meta":{"footnotes":""},"categories":[2593],"tags":[8051,5728,4676,6106,8050],"class_list":["post-208149","post","type-post","status-publish","format-standard","has-post-thumbnail","hentry","category-sport","tag-3000-m-steeple","tag-athletisme","tag-finale","tag-jo","tag-marwa-bouzayani"],"yoast_head":"<!-- This site is optimized with the Yoast SEO Premium plugin v27.5 (Yoast SEO v27.5) - https:\/\/yoast.com\/product\/yoast-seo-premium-wordpress\/ -->\n<title>Mondiaux d\u2019athl\u00e9tisme : Marwa Bouzayani en finale du 3000m steeple<\/title>\n<meta name=\"description\" content=\"Marwa Bouzayani, sp\u00e9cialiste du 3000 m steeple est qualifi\u00e9e pour les prochains JO et jouera la finale de la discipline, dimanche prochain.\" \/>\n<link rel=\"canonical\" href=\"https:\/\/www.webdo.tn\/fr\/actualite\/sport\/mondiaux-d-athletisme-marwa-bouzayani-en-finale-du-3000-m-steeple\/208149\/\" \/>\n<meta property=\"og:locale\" content=\"fr_FR\" \/>\n<meta property=\"og:type\" content=\"article\" \/>\n<meta property=\"og:title\" content=\"Mondiaux d\u2019athl\u00e9tisme : Marwa Bouzayani en finale du 3000m steeple\" \/>\n<meta property=\"og:description\" content=\"Marwa Bouzayani, sp\u00e9cialiste du 3000 m steeple est qualifi\u00e9e pour les prochains JO et jouera la finale de la discipline, dimanche prochain.\" \/>\n<meta property=\"og:url\" content=\"https:\/\/www.webdo.tn\/fr\/actualite\/sport\/mondiaux-d-athletisme-marwa-bouzayani-en-finale-du-3000-m-steeple\/208149\/\" \/>\n<meta property=\"og:site_name\" content=\"webdo\" \/>\n<meta property=\"article:publisher\" content=\"https:\/\/www.facebook.com\/webdotn\" \/>\n<meta property=\"article:published_time\" content=\"2023-08-24T09:01:00+00:00\" \/>\n<meta property=\"article:modified_time\" content=\"2025-05-20T21:57:50+00:00\" \/>\n<meta property=\"og:image\" content=\"https:\/\/www.webdo.tn\/fr\/wp-content\/uploads\/2023\/08\/e0c1e5e750b4d8dbdc1d0a82db0769d4.jpg\" \/>\n\t<meta property=\"og:image:width\" content=\"750\" \/>\n\t<meta property=\"og:image:height\" content=\"400\" \/>\n\t<meta property=\"og:image:type\" content=\"image\/jpeg\" \/>\n<meta name=\"author\" content=\"MC\" \/>\n<meta name=\"twitter:card\" content=\"summary_large_image\" \/>\n<meta name=\"twitter:creator\" content=\"@webdo_tn\" \/>\n<meta name=\"twitter:site\" content=\"@webdo_tn\" \/>\n<meta name=\"twitter:label1\" content=\"\u00c9crit par\" \/>\n\t<meta name=\"twitter:data1\" content=\"MC\" \/>\n<script type=\"application\/ld+json\" class=\"yoast-schema-graph\">{\"@context\":\"https:\\\/\\\/schema.org\",\"@graph\":[{\"@type\":\"NewsArticle\",\"@id\":\"https:\\\/\\\/www.webdo.tn\\\/fr\\\/actualite\\\/sport\\\/mondiaux-d-athletisme-marwa-bouzayani-en-finale-du-3000-m-steeple\\\/208149\\\/#article\",\"isPartOf\":{\"@id\":\"https:\\\/\\\/www.webdo.tn\\\/fr\\\/actualite\\\/sport\\\/mondiaux-d-athletisme-marwa-bouzayani-en-finale-du-3000-m-steeple\\\/208149\\\/\"},\"author\":{\"name\":\"MC\",\"@id\":\"https:\\\/\\\/www.webdo.tn\\\/fr\\\/#\\\/schema\\\/person\\\/2c4929cbf5a809e3bd38617c6ce150f6\"},\"headline\":\"Mondiaux d\u2019athl\u00e9tisme : Marwa Bouzayani en finale du 3000m steeple\",\"datePublished\":\"2023-08-24T09:01:00+00:00\",\"dateModified\":\"2025-05-20T21:57:50+00:00\",\"mainEntityOfPage\":{\"@id\":\"https:\\\/\\\/www.webdo.tn\\\/fr\\\/actualite\\\/sport\\\/mondiaux-d-athletisme-marwa-bouzayani-en-finale-du-3000-m-steeple\\\/208149\\\/\"},\"wordCount\":110,\"commentCount\":0,\"publisher\":{\"@id\":\"https:\\\/\\\/www.webdo.tn\\\/fr\\\/#organization\"},\"image\":{\"@id\":\"https:\\\/\\\/www.webdo.tn\\\/fr\\\/actualite\\\/sport\\\/mondiaux-d-athletisme-marwa-bouzayani-en-finale-du-3000-m-steeple\\\/208149\\\/#primaryimage\"},\"thumbnailUrl\":\"https:\\\/\\\/www.webdo.tn\\\/fr\\\/wp-content\\\/uploads\\\/2023\\\/08\\\/e0c1e5e750b4d8dbdc1d0a82db0769d4.jpg\",\"keywords\":[\"3000 m steeple\",\"athl\u00e9tisme\",\"finale\",\"JO\",\"Marwa Bouzayani\"],\"articleSection\":[\"Sport\"],\"inLanguage\":\"fr-FR\"},{\"@type\":\"WebPage\",\"@id\":\"https:\\\/\\\/www.webdo.tn\\\/fr\\\/actualite\\\/sport\\\/mondiaux-d-athletisme-marwa-bouzayani-en-finale-du-3000-m-steeple\\\/208149\\\/\",\"url\":\"https:\\\/\\\/www.webdo.tn\\\/fr\\\/actualite\\\/sport\\\/mondiaux-d-athletisme-marwa-bouzayani-en-finale-du-3000-m-steeple\\\/208149\\\/\",\"name\":\"Mondiaux d\u2019athl\u00e9tisme : Marwa Bouzayani en finale du 3000m steeple\",\"isPartOf\":{\"@id\":\"https:\\\/\\\/www.webdo.tn\\\/fr\\\/#website\"},\"primaryImageOfPage\":{\"@id\":\"https:\\\/\\\/www.webdo.tn\\\/fr\\\/actualite\\\/sport\\\/mondiaux-d-athletisme-marwa-bouzayani-en-finale-du-3000-m-steeple\\\/208149\\\/#primaryimage\"},\"image\":{\"@id\":\"https:\\\/\\\/www.webdo.tn\\\/fr\\\/actualite\\\/sport\\\/mondiaux-d-athletisme-marwa-bouzayani-en-finale-du-3000-m-steeple\\\/208149\\\/#primaryimage\"},\"thumbnailUrl\":\"https:\\\/\\\/www.webdo.tn\\\/fr\\\/wp-content\\\/uploads\\\/2023\\\/08\\\/e0c1e5e750b4d8dbdc1d0a82db0769d4.jpg\",\"datePublished\":\"2023-08-24T09:01:00+00:00\",\"dateModified\":\"2025-05-20T21:57:50+00:00\",\"description\":\"Marwa Bouzayani, sp\u00e9cialiste du 3000 m steeple est qualifi\u00e9e pour les prochains JO et jouera la finale de la discipline, dimanche prochain.\",\"breadcrumb\":{\"@id\":\"https:\\\/\\\/www.webdo.tn\\\/fr\\\/actualite\\\/sport\\\/mondiaux-d-athletisme-marwa-bouzayani-en-finale-du-3000-m-steeple\\\/208149\\\/#breadcrumb\"},\"inLanguage\":\"fr-FR\",\"potentialAction\":[{\"@type\":\"ReadAction\",\"target\":[\"https:\\\/\\\/www.webdo.tn\\\/fr\\\/actualite\\\/sport\\\/mondiaux-d-athletisme-marwa-bouzayani-en-finale-du-3000-m-steeple\\\/208149\\\/\"]}]},{\"@type\":\"ImageObject\",\"inLanguage\":\"fr-FR\",\"@id\":\"https:\\\/\\\/www.webdo.tn\\\/fr\\\/actualite\\\/sport\\\/mondiaux-d-athletisme-marwa-bouzayani-en-finale-du-3000-m-steeple\\\/208149\\\/#primaryimage\",\"url\":\"https:\\\/\\\/www.webdo.tn\\\/fr\\\/wp-content\\\/uploads\\\/2023\\\/08\\\/e0c1e5e750b4d8dbdc1d0a82db0769d4.jpg\",\"contentUrl\":\"https:\\\/\\\/www.webdo.tn\\\/fr\\\/wp-content\\\/uploads\\\/2023\\\/08\\\/e0c1e5e750b4d8dbdc1d0a82db0769d4.jpg\",\"width\":750,\"height\":400,\"caption\":\"Mondiaux d\u2019athl\u00e9tisme : Marwa Bouzayani en finale du 3000m steeple\"},{\"@type\":\"BreadcrumbList\",\"@id\":\"https:\\\/\\\/www.webdo.tn\\\/fr\\\/actualite\\\/sport\\\/mondiaux-d-athletisme-marwa-bouzayani-en-finale-du-3000-m-steeple\\\/208149\\\/#breadcrumb\",\"itemListElement\":[{\"@type\":\"ListItem\",\"position\":1,\"name\":\"Accueil\",\"item\":\"https:\\\/\\\/www.webdo.tn\\\/fr\\\/\"},{\"@type\":\"ListItem\",\"position\":2,\"name\":\"Mondiaux d\u2019athl\u00e9tisme : Marwa Bouzayani en finale du 3000m steeple\"}]},{\"@type\":\"WebSite\",\"@id\":\"https:\\\/\\\/www.webdo.tn\\\/fr\\\/#website\",\"url\":\"https:\\\/\\\/www.webdo.tn\\\/fr\\\/\",\"name\":\"webdo\",\"description\":\"Tunisie - News en Tunisie et \u00e0 l&#039;international sur Webdo.tn\",\"publisher\":{\"@id\":\"https:\\\/\\\/www.webdo.tn\\\/fr\\\/#organization\"},\"potentialAction\":[{\"@type\":\"SearchAction\",\"target\":{\"@type\":\"EntryPoint\",\"urlTemplate\":\"https:\\\/\\\/www.webdo.tn\\\/fr\\\/?s={search_term_string}\"},\"query-input\":{\"@type\":\"PropertyValueSpecification\",\"valueRequired\":true,\"valueName\":\"search_term_string\"}}],\"inLanguage\":\"fr-FR\"},{\"@type\":\"Organization\",\"@id\":\"https:\\\/\\\/www.webdo.tn\\\/fr\\\/#organization\",\"name\":\"Webdo\",\"alternateName\":\"Webdo.tn\",\"url\":\"https:\\\/\\\/www.webdo.tn\\\/fr\\\/\",\"logo\":{\"@type\":\"ImageObject\",\"inLanguage\":\"fr-FR\",\"@id\":\"https:\\\/\\\/www.webdo.tn\\\/fr\\\/#\\\/schema\\\/logo\\\/image\\\/\",\"url\":\"https:\\\/\\\/www.webdo.tn\\\/fr\\\/wp-content\\\/uploads\\\/2025\\\/06\\\/Webdo-Tunisie_168377.jpg\",\"contentUrl\":\"https:\\\/\\\/www.webdo.tn\\\/fr\\\/wp-content\\\/uploads\\\/2025\\\/06\\\/Webdo-Tunisie_168377.jpg\",\"width\":301,\"height\":301,\"caption\":\"Webdo\"},\"image\":{\"@id\":\"https:\\\/\\\/www.webdo.tn\\\/fr\\\/#\\\/schema\\\/logo\\\/image\\\/\"},\"sameAs\":[\"https:\\\/\\\/www.facebook.com\\\/webdotn\",\"https:\\\/\\\/x.com\\\/webdo_tn\"],\"description\":\"Webdo est un m\u00e9dia num\u00e9rique tunisien fond\u00e9 en 2010, sp\u00e9cialis\u00e9 dans l\u2019actualit\u00e9 nationale et internationale, l\u2019\u00e9conomie, la soci\u00e9t\u00e9 et les analyses politiques. Le site s\u2019adresse \u00e0 un large public francophone et couvre l\u2019information tunisienne en temps r\u00e9el.\",\"email\":\"redac@webdo.tn\",\"legalName\":\"YNJ SARL\",\"foundingDate\":\"2010-09-06\",\"numberOfEmployees\":{\"@type\":\"QuantitativeValue\",\"minValue\":\"11\",\"maxValue\":\"50\"}},{\"@type\":\"Person\",\"@id\":\"https:\\\/\\\/www.webdo.tn\\\/fr\\\/#\\\/schema\\\/person\\\/2c4929cbf5a809e3bd38617c6ce150f6\",\"name\":\"MC\",\"image\":{\"@type\":\"ImageObject\",\"inLanguage\":\"fr-FR\",\"@id\":\"https:\\\/\\\/secure.gravatar.com\\\/avatar\\\/a545bbb6f84efdd5553dbbc2895e3ca8f1d12c5215e00a041c9670b54aa9b18a?s=96&d=mm&r=g\",\"url\":\"https:\\\/\\\/secure.gravatar.com\\\/avatar\\\/a545bbb6f84efdd5553dbbc2895e3ca8f1d12c5215e00a041c9670b54aa9b18a?s=96&d=mm&r=g\",\"contentUrl\":\"https:\\\/\\\/secure.gravatar.com\\\/avatar\\\/a545bbb6f84efdd5553dbbc2895e3ca8f1d12c5215e00a041c9670b54aa9b18a?s=96&d=mm&r=g\",\"caption\":\"MC\"},\"url\":\"https:\\\/\\\/www.webdo.tn\\\/fr\\\/actualite\\\/author\\\/mc\\\/\"}]}<\/script>\n<!-- \/ Yoast SEO Premium plugin. -->","yoast_head_json":{"title":"Mondiaux d\u2019athl\u00e9tisme : Marwa Bouzayani en finale du 3000m steeple","description":"Marwa Bouzayani, sp\u00e9cialiste du 3000 m steeple est qualifi\u00e9e pour les prochains JO et jouera la finale de la discipline, dimanche prochain.","canonical":"https:\/\/www.webdo.tn\/fr\/actualite\/sport\/mondiaux-d-athletisme-marwa-bouzayani-en-finale-du-3000-m-steeple\/208149\/","og_locale":"fr_FR","og_type":"article","og_title":"Mondiaux d\u2019athl\u00e9tisme : Marwa Bouzayani en finale du 3000m steeple","og_description":"Marwa Bouzayani, sp\u00e9cialiste du 3000 m steeple est qualifi\u00e9e pour les prochains JO et jouera la finale de la discipline, dimanche prochain.","og_url":"https:\/\/www.webdo.tn\/fr\/actualite\/sport\/mondiaux-d-athletisme-marwa-bouzayani-en-finale-du-3000-m-steeple\/208149\/","og_site_name":"webdo","article_publisher":"https:\/\/www.facebook.com\/webdotn","article_published_time":"2023-08-24T09:01:00+00:00","article_modified_time":"2025-05-20T21:57:50+00:00","og_image":[{"width":750,"height":400,"url":"https:\/\/www.webdo.tn\/fr\/wp-content\/uploads\/2023\/08\/e0c1e5e750b4d8dbdc1d0a82db0769d4.jpg","type":"image\/jpeg"}],"author":"MC","twitter_card":"summary_large_image","twitter_creator":"@webdo_tn","twitter_site":"@webdo_tn","twitter_misc":{"\u00c9crit par":"MC"},"schema":{"@context":"https:\/\/schema.org","@graph":[{"@type":"NewsArticle","@id":"https:\/\/www.webdo.tn\/fr\/actualite\/sport\/mondiaux-d-athletisme-marwa-bouzayani-en-finale-du-3000-m-steeple\/208149\/#article","isPartOf":{"@id":"https:\/\/www.webdo.tn\/fr\/actualite\/sport\/mondiaux-d-athletisme-marwa-bouzayani-en-finale-du-3000-m-steeple\/208149\/"},"author":{"name":"MC","@id":"https:\/\/www.webdo.tn\/fr\/#\/schema\/person\/2c4929cbf5a809e3bd38617c6ce150f6"},"headline":"Mondiaux d\u2019athl\u00e9tisme : Marwa Bouzayani en finale du 3000m steeple","datePublished":"2023-08-24T09:01:00+00:00","dateModified":"2025-05-20T21:57:50+00:00","mainEntityOfPage":{"@id":"https:\/\/www.webdo.tn\/fr\/actualite\/sport\/mondiaux-d-athletisme-marwa-bouzayani-en-finale-du-3000-m-steeple\/208149\/"},"wordCount":110,"commentCount":0,"publisher":{"@id":"https:\/\/www.webdo.tn\/fr\/#organization"},"image":{"@id":"https:\/\/www.webdo.tn\/fr\/actualite\/sport\/mondiaux-d-athletisme-marwa-bouzayani-en-finale-du-3000-m-steeple\/208149\/#primaryimage"},"thumbnailUrl":"https:\/\/www.webdo.tn\/fr\/wp-content\/uploads\/2023\/08\/e0c1e5e750b4d8dbdc1d0a82db0769d4.jpg","keywords":["3000 m steeple","athl\u00e9tisme","finale","JO","Marwa Bouzayani"],"articleSection":["Sport"],"inLanguage":"fr-FR"},{"@type":"WebPage","@id":"https:\/\/www.webdo.tn\/fr\/actualite\/sport\/mondiaux-d-athletisme-marwa-bouzayani-en-finale-du-3000-m-steeple\/208149\/","url":"https:\/\/www.webdo.tn\/fr\/actualite\/sport\/mondiaux-d-athletisme-marwa-bouzayani-en-finale-du-3000-m-steeple\/208149\/","name":"Mondiaux d\u2019athl\u00e9tisme : Marwa Bouzayani en finale du 3000m steeple","isPartOf":{"@id":"https:\/\/www.webdo.tn\/fr\/#website"},"primaryImageOfPage":{"@id":"https:\/\/www.webdo.tn\/fr\/actualite\/sport\/mondiaux-d-athletisme-marwa-bouzayani-en-finale-du-3000-m-steeple\/208149\/#primaryimage"},"image":{"@id":"https:\/\/www.webdo.tn\/fr\/actualite\/sport\/mondiaux-d-athletisme-marwa-bouzayani-en-finale-du-3000-m-steeple\/208149\/#primaryimage"},"thumbnailUrl":"https:\/\/www.webdo.tn\/fr\/wp-content\/uploads\/2023\/08\/e0c1e5e750b4d8dbdc1d0a82db0769d4.jpg","datePublished":"2023-08-24T09:01:00+00:00","dateModified":"2025-05-20T21:57:50+00:00","description":"Marwa Bouzayani, sp\u00e9cialiste du 3000 m steeple est qualifi\u00e9e pour les prochains JO et jouera la finale de la discipline, dimanche prochain.","breadcrumb":{"@id":"https:\/\/www.webdo.tn\/fr\/actualite\/sport\/mondiaux-d-athletisme-marwa-bouzayani-en-finale-du-3000-m-steeple\/208149\/#breadcrumb"},"inLanguage":"fr-FR","potentialAction":[{"@type":"ReadAction","target":["https:\/\/www.webdo.tn\/fr\/actualite\/sport\/mondiaux-d-athletisme-marwa-bouzayani-en-finale-du-3000-m-steeple\/208149\/"]}]},{"@type":"ImageObject","inLanguage":"fr-FR","@id":"https:\/\/www.webdo.tn\/fr\/actualite\/sport\/mondiaux-d-athletisme-marwa-bouzayani-en-finale-du-3000-m-steeple\/208149\/#primaryimage","url":"https:\/\/www.webdo.tn\/fr\/wp-content\/uploads\/2023\/08\/e0c1e5e750b4d8dbdc1d0a82db0769d4.jpg","contentUrl":"https:\/\/www.webdo.tn\/fr\/wp-content\/uploads\/2023\/08\/e0c1e5e750b4d8dbdc1d0a82db0769d4.jpg","width":750,"height":400,"caption":"Mondiaux d\u2019athl\u00e9tisme : Marwa Bouzayani en finale du 3000m steeple"},{"@type":"BreadcrumbList","@id":"https:\/\/www.webdo.tn\/fr\/actualite\/sport\/mondiaux-d-athletisme-marwa-bouzayani-en-finale-du-3000-m-steeple\/208149\/#breadcrumb","itemListElement":[{"@type":"ListItem","position":1,"name":"Accueil","item":"https:\/\/www.webdo.tn\/fr\/"},{"@type":"ListItem","position":2,"name":"Mondiaux d\u2019athl\u00e9tisme : Marwa Bouzayani en finale du 3000m steeple"}]},{"@type":"WebSite","@id":"https:\/\/www.webdo.tn\/fr\/#website","url":"https:\/\/www.webdo.tn\/fr\/","name":"webdo","description":"Tunisie - News en Tunisie et \u00e0 l&#039;international sur Webdo.tn","publisher":{"@id":"https:\/\/www.webdo.tn\/fr\/#organization"},"potentialAction":[{"@type":"SearchAction","target":{"@type":"EntryPoint","urlTemplate":"https:\/\/www.webdo.tn\/fr\/?s={search_term_string}"},"query-input":{"@type":"PropertyValueSpecification","valueRequired":true,"valueName":"search_term_string"}}],"inLanguage":"fr-FR"},{"@type":"Organization","@id":"https:\/\/www.webdo.tn\/fr\/#organization","name":"Webdo","alternateName":"Webdo.tn","url":"https:\/\/www.webdo.tn\/fr\/","logo":{"@type":"ImageObject","inLanguage":"fr-FR","@id":"https:\/\/www.webdo.tn\/fr\/#\/schema\/logo\/image\/","url":"https:\/\/www.webdo.tn\/fr\/wp-content\/uploads\/2025\/06\/Webdo-Tunisie_168377.jpg","contentUrl":"https:\/\/www.webdo.tn\/fr\/wp-content\/uploads\/2025\/06\/Webdo-Tunisie_168377.jpg","width":301,"height":301,"caption":"Webdo"},"image":{"@id":"https:\/\/www.webdo.tn\/fr\/#\/schema\/logo\/image\/"},"sameAs":["https:\/\/www.facebook.com\/webdotn","https:\/\/x.com\/webdo_tn"],"description":"Webdo est un m\u00e9dia num\u00e9rique tunisien fond\u00e9 en 2010, sp\u00e9cialis\u00e9 dans l\u2019actualit\u00e9 nationale et internationale, l\u2019\u00e9conomie, la soci\u00e9t\u00e9 et les analyses politiques. Le site s\u2019adresse \u00e0 un large public francophone et couvre l\u2019information tunisienne en temps r\u00e9el.","email":"redac@webdo.tn","legalName":"YNJ SARL","foundingDate":"2010-09-06","numberOfEmployees":{"@type":"QuantitativeValue","minValue":"11","maxValue":"50"}},{"@type":"Person","@id":"https:\/\/www.webdo.tn\/fr\/#\/schema\/person\/2c4929cbf5a809e3bd38617c6ce150f6","name":"MC","image":{"@type":"ImageObject","inLanguage":"fr-FR","@id":"https:\/\/secure.gravatar.com\/avatar\/a545bbb6f84efdd5553dbbc2895e3ca8f1d12c5215e00a041c9670b54aa9b18a?s=96&d=mm&r=g","url":"https:\/\/secure.gravatar.com\/avatar\/a545bbb6f84efdd5553dbbc2895e3ca8f1d12c5215e00a041c9670b54aa9b18a?s=96&d=mm&r=g","contentUrl":"https:\/\/secure.gravatar.com\/avatar\/a545bbb6f84efdd5553dbbc2895e3ca8f1d12c5215e00a041c9670b54aa9b18a?s=96&d=mm&r=g","caption":"MC"},"url":"https:\/\/www.webdo.tn\/fr\/actualite\/author\/mc\/"}]}},"_links":{"self":[{"href":"https:\/\/www.webdo.tn\/fr\/wp-json\/wp\/v2\/posts\/208149","targetHints":{"allow":["GET"]}}],"collection":[{"href":"https:\/\/www.webdo.tn\/fr\/wp-json\/wp\/v2\/posts"}],"about":[{"href":"https:\/\/www.webdo.tn\/fr\/wp-json\/wp\/v2\/types\/post"}],"author":[{"embeddable":true,"href":"https:\/\/www.webdo.tn\/fr\/wp-json\/wp\/v2\/users\/3162"}],"replies":[{"embeddable":true,"href":"https:\/\/www.webdo.tn\/fr\/wp-json\/wp\/v2\/comments?post=208149"}],"version-history":[{"count":0,"href":"https:\/\/www.webdo.tn\/fr\/wp-json\/wp\/v2\/posts\/208149\/revisions"}],"wp:featuredmedia":[{"embeddable":true,"href":"https:\/\/www.webdo.tn\/fr\/wp-json\/wp\/v2\/media\/249473"}],"wp:attachment":[{"href":"https:\/\/www.webdo.tn\/fr\/wp-json\/wp\/v2\/media?parent=208149"}],"wp:term":[{"taxonomy":"category","embeddable":true,"href":"https:\/\/www.webdo.tn\/fr\/wp-json\/wp\/v2\/categories?post=208149"},{"taxonomy":"post_tag","embeddable":true,"href":"https:\/\/www.webdo.tn\/fr\/wp-json\/wp\/v2\/tags?post=208149"}],"curies":[{"name":"wp","href":"https:\/\/api.w.org\/{rel}","templated":true}]}}