{"id":208144,"date":"2023-08-24T08:25:00","date_gmt":"2023-08-24T08:25:00","guid":{"rendered":"https:\/\/www.webdo.tn\/fr\/blog\/la-direction-des-prisons-apporte-des-eclaircissements-sur-l-etat-de-sante-de-issam-chebbi\/208144\/"},"modified":"2025-05-20T21:57:51","modified_gmt":"2025-05-20T21:57:51","slug":"la-direction-des-prisons-apporte-des-eclaircissements-sur-l-etat-de-sante-de-issam-chebbi","status":"publish","type":"post","link":"https:\/\/www.webdo.tn\/fr\/actualite\/national\/la-direction-des-prisons-apporte-des-eclaircissements-sur-l-etat-de-sante-de-issam-chebbi\/208144\/","title":{"rendered":"La Direction des prisons apporte des \u00e9claircissements sur l\u2019\u00e9tat de sant\u00e9 de Issam Chebbi"},"content":{"rendered":"<p>Le porte-parole de la Direction g\u00e9n\u00e9rale des prisons et de la r\u00e9\u00e9ducation, Ramzi Kouki, a indiqu\u00e9, ce mercredi 23 ao\u00fbt, que la direction de la prison d&rsquo;El Mornaguia a transf\u00e9r\u00e9, la veille, Issam Chebbi, d\u00e9tenu dans l&rsquo;affaire du \u00ab\u00a0complot contre la s\u00e9curit\u00e9 de l&rsquo;Etat\u00a0\u00bb, au si\u00e8ge du P\u00f4le judiciaire de lutte antiterroriste o\u00f9 il s&rsquo;est plaint d&rsquo;un mal de dos .<\/p>\n<p>\t\t\t\t\t\t\t\t\tIl a ensuite \u00e9t\u00e9 transport\u00e9 \u00e0 l&rsquo;h\u00f4pital Mongi Slim afin de subir les examens m\u00e9dicaux n\u00e9cessaires avant d&rsquo;\u00eatre renvoy\u00e9 en prison.<\/p>\n<p>Dans une d\u00e9claration \u00e0 l&rsquo;agence TAP, Ramzi Kouki a tenu \u00e0 d\u00e9mentir l&rsquo;information selon laquelle le secr\u00e9taire g\u00e9n\u00e9ral du parti Al-Jomhouri \u00ab\u00a0aurait fait une chute dans le v\u00e9hicule qui transporte les d\u00e9tenus\u00a0\u00bb.<\/p>\n<p>Un v\u00e9hicule que les d\u00e9tenus et le comit\u00e9 de d\u00e9fense refusent car, selon eux, il n&rsquo;est pas conforme aux normes humanitaires.<\/p>\n<p>E d\u2019ajouter que la direction de la prison d&rsquo;El Mornaguia a fait transporter, mardi, six d\u00e9tenus au si\u00e8ge du P\u00f4le judiciaire de lutte antiterroriste \u00e0 bord de trois v\u00e9hicules destin\u00e9s au transport des d\u00e9tenus dont un ayant quatre si\u00e8ges s\u00e9par\u00e9s et deux autres v\u00e9hicules ordinaires.<\/p>\n","protected":false},"excerpt":{"rendered":"<p>Le porte-parole de la Direction g\u00e9n\u00e9rale des prisons et de la r\u00e9\u00e9ducation, Ramzi Kouki, a indiqu\u00e9, ce mercredi 23 ao\u00fbt, que la direction de la prison d&rsquo;El Morna&#8230;<\/p>\n","protected":false},"author":3162,"featured_media":249475,"comment_status":"open","ping_status":"closed","sticky":false,"template":"","format":"standard","meta":{"footnotes":""},"categories":[44],"tags":[4925,8052,8053,2708],"class_list":["post-208144","post","type-post","status-publish","format-standard","has-post-thumbnail","hentry","category-national","tag-blessure","tag-dementi","tag-issam-chebbi","tag-prison"],"yoast_head":"<!-- This site is optimized with the Yoast SEO Premium plugin v27.5 (Yoast SEO v27.5) - https:\/\/yoast.com\/product\/yoast-seo-premium-wordpress\/ -->\n<title>La Direction des prisons apporte des \u00e9claircissements sur l\u2019\u00e9tat de sant\u00e9 de Issam Chebbi<\/title>\n<meta name=\"description\" content=\"Le porte-parole de la Direction g\u00e9n\u00e9rale des prisons et de la r\u00e9\u00e9ducation, Ramzi Kouki, a indiqu\u00e9, ce mercredi 23 ao\u00fbt, que la direction de la prison d&#039;El Morna...\" \/>\n<link rel=\"canonical\" href=\"https:\/\/www.webdo.tn\/fr\/actualite\/national\/la-direction-des-prisons-apporte-des-eclaircissements-sur-l-etat-de-sante-de-issam-chebbi\/208144\/\" \/>\n<meta property=\"og:locale\" content=\"fr_FR\" \/>\n<meta property=\"og:type\" content=\"article\" \/>\n<meta property=\"og:title\" content=\"La Direction des prisons apporte des \u00e9claircissements sur l\u2019\u00e9tat de sant\u00e9 de Issam Chebbi\" \/>\n<meta property=\"og:description\" content=\"Le porte-parole de la Direction g\u00e9n\u00e9rale des prisons et de la r\u00e9\u00e9ducation, Ramzi Kouki, a indiqu\u00e9, ce mercredi 23 ao\u00fbt, que la direction de la prison d&#039;El Morna...\" \/>\n<meta property=\"og:url\" content=\"https:\/\/www.webdo.tn\/fr\/actualite\/national\/la-direction-des-prisons-apporte-des-eclaircissements-sur-l-etat-de-sante-de-issam-chebbi\/208144\/\" \/>\n<meta property=\"og:site_name\" content=\"webdo\" \/>\n<meta property=\"article:publisher\" content=\"https:\/\/www.facebook.com\/webdotn\" \/>\n<meta property=\"article:published_time\" content=\"2023-08-24T08:25:00+00:00\" \/>\n<meta property=\"article:modified_time\" content=\"2025-05-20T21:57:51+00:00\" \/>\n<meta property=\"og:image\" content=\"https:\/\/www.webdo.tn\/fr\/wp-content\/uploads\/2023\/08\/cad477c752ef3f8fa712f132189af751.jpg\" \/>\n\t<meta property=\"og:image:width\" content=\"750\" \/>\n\t<meta property=\"og:image:height\" content=\"400\" \/>\n\t<meta property=\"og:image:type\" content=\"image\/jpeg\" \/>\n<meta name=\"author\" content=\"MC\" \/>\n<meta name=\"twitter:card\" content=\"summary_large_image\" \/>\n<meta name=\"twitter:creator\" content=\"@webdo_tn\" \/>\n<meta name=\"twitter:site\" content=\"@webdo_tn\" \/>\n<meta name=\"twitter:label1\" content=\"\u00c9crit par\" \/>\n\t<meta name=\"twitter:data1\" content=\"MC\" \/>\n\t<meta name=\"twitter:label2\" content=\"Dur\u00e9e de lecture estim\u00e9e\" \/>\n\t<meta name=\"twitter:data2\" content=\"1 minute\" \/>\n<script type=\"application\/ld+json\" class=\"yoast-schema-graph\">{\"@context\":\"https:\\\/\\\/schema.org\",\"@graph\":[{\"@type\":\"NewsArticle\",\"@id\":\"https:\\\/\\\/www.webdo.tn\\\/fr\\\/actualite\\\/national\\\/la-direction-des-prisons-apporte-des-eclaircissements-sur-l-etat-de-sante-de-issam-chebbi\\\/208144\\\/#article\",\"isPartOf\":{\"@id\":\"https:\\\/\\\/www.webdo.tn\\\/fr\\\/actualite\\\/national\\\/la-direction-des-prisons-apporte-des-eclaircissements-sur-l-etat-de-sante-de-issam-chebbi\\\/208144\\\/\"},\"author\":{\"name\":\"MC\",\"@id\":\"https:\\\/\\\/www.webdo.tn\\\/fr\\\/#\\\/schema\\\/person\\\/2c4929cbf5a809e3bd38617c6ce150f6\"},\"headline\":\"La Direction des prisons apporte des \u00e9claircissements sur l\u2019\u00e9tat de sant\u00e9 de Issam Chebbi\",\"datePublished\":\"2023-08-24T08:25:00+00:00\",\"dateModified\":\"2025-05-20T21:57:51+00:00\",\"mainEntityOfPage\":{\"@id\":\"https:\\\/\\\/www.webdo.tn\\\/fr\\\/actualite\\\/national\\\/la-direction-des-prisons-apporte-des-eclaircissements-sur-l-etat-de-sante-de-issam-chebbi\\\/208144\\\/\"},\"wordCount\":233,\"commentCount\":0,\"publisher\":{\"@id\":\"https:\\\/\\\/www.webdo.tn\\\/fr\\\/#organization\"},\"image\":{\"@id\":\"https:\\\/\\\/www.webdo.tn\\\/fr\\\/actualite\\\/national\\\/la-direction-des-prisons-apporte-des-eclaircissements-sur-l-etat-de-sante-de-issam-chebbi\\\/208144\\\/#primaryimage\"},\"thumbnailUrl\":\"https:\\\/\\\/www.webdo.tn\\\/fr\\\/wp-content\\\/uploads\\\/2023\\\/08\\\/cad477c752ef3f8fa712f132189af751.jpg\",\"keywords\":[\"blessure\",\"d\u00e9menti\",\"issam chebbi\",\"Prison\"],\"articleSection\":[\"National\"],\"inLanguage\":\"fr-FR\"},{\"@type\":\"WebPage\",\"@id\":\"https:\\\/\\\/www.webdo.tn\\\/fr\\\/actualite\\\/national\\\/la-direction-des-prisons-apporte-des-eclaircissements-sur-l-etat-de-sante-de-issam-chebbi\\\/208144\\\/\",\"url\":\"https:\\\/\\\/www.webdo.tn\\\/fr\\\/actualite\\\/national\\\/la-direction-des-prisons-apporte-des-eclaircissements-sur-l-etat-de-sante-de-issam-chebbi\\\/208144\\\/\",\"name\":\"La Direction des prisons apporte des \u00e9claircissements sur l\u2019\u00e9tat de sant\u00e9 de Issam Chebbi\",\"isPartOf\":{\"@id\":\"https:\\\/\\\/www.webdo.tn\\\/fr\\\/#website\"},\"primaryImageOfPage\":{\"@id\":\"https:\\\/\\\/www.webdo.tn\\\/fr\\\/actualite\\\/national\\\/la-direction-des-prisons-apporte-des-eclaircissements-sur-l-etat-de-sante-de-issam-chebbi\\\/208144\\\/#primaryimage\"},\"image\":{\"@id\":\"https:\\\/\\\/www.webdo.tn\\\/fr\\\/actualite\\\/national\\\/la-direction-des-prisons-apporte-des-eclaircissements-sur-l-etat-de-sante-de-issam-chebbi\\\/208144\\\/#primaryimage\"},\"thumbnailUrl\":\"https:\\\/\\\/www.webdo.tn\\\/fr\\\/wp-content\\\/uploads\\\/2023\\\/08\\\/cad477c752ef3f8fa712f132189af751.jpg\",\"datePublished\":\"2023-08-24T08:25:00+00:00\",\"dateModified\":\"2025-05-20T21:57:51+00:00\",\"description\":\"Le porte-parole de la Direction g\u00e9n\u00e9rale des prisons et de la r\u00e9\u00e9ducation, Ramzi Kouki, a indiqu\u00e9, ce mercredi 23 ao\u00fbt, que la direction de la prison d'El Morna...\",\"breadcrumb\":{\"@id\":\"https:\\\/\\\/www.webdo.tn\\\/fr\\\/actualite\\\/national\\\/la-direction-des-prisons-apporte-des-eclaircissements-sur-l-etat-de-sante-de-issam-chebbi\\\/208144\\\/#breadcrumb\"},\"inLanguage\":\"fr-FR\",\"potentialAction\":[{\"@type\":\"ReadAction\",\"target\":[\"https:\\\/\\\/www.webdo.tn\\\/fr\\\/actualite\\\/national\\\/la-direction-des-prisons-apporte-des-eclaircissements-sur-l-etat-de-sante-de-issam-chebbi\\\/208144\\\/\"]}]},{\"@type\":\"ImageObject\",\"inLanguage\":\"fr-FR\",\"@id\":\"https:\\\/\\\/www.webdo.tn\\\/fr\\\/actualite\\\/national\\\/la-direction-des-prisons-apporte-des-eclaircissements-sur-l-etat-de-sante-de-issam-chebbi\\\/208144\\\/#primaryimage\",\"url\":\"https:\\\/\\\/www.webdo.tn\\\/fr\\\/wp-content\\\/uploads\\\/2023\\\/08\\\/cad477c752ef3f8fa712f132189af751.jpg\",\"contentUrl\":\"https:\\\/\\\/www.webdo.tn\\\/fr\\\/wp-content\\\/uploads\\\/2023\\\/08\\\/cad477c752ef3f8fa712f132189af751.jpg\",\"width\":750,\"height\":400,\"caption\":\"La Direction des prisons apporte des \u00e9claircissements sur l\u2019\u00e9tat de sant\u00e9 de Issam Chebbi\"},{\"@type\":\"BreadcrumbList\",\"@id\":\"https:\\\/\\\/www.webdo.tn\\\/fr\\\/actualite\\\/national\\\/la-direction-des-prisons-apporte-des-eclaircissements-sur-l-etat-de-sante-de-issam-chebbi\\\/208144\\\/#breadcrumb\",\"itemListElement\":[{\"@type\":\"ListItem\",\"position\":1,\"name\":\"Accueil\",\"item\":\"https:\\\/\\\/www.webdo.tn\\\/fr\\\/\"},{\"@type\":\"ListItem\",\"position\":2,\"name\":\"La Direction des prisons apporte des \u00e9claircissements sur l\u2019\u00e9tat de sant\u00e9 de Issam Chebbi\"}]},{\"@type\":\"WebSite\",\"@id\":\"https:\\\/\\\/www.webdo.tn\\\/fr\\\/#website\",\"url\":\"https:\\\/\\\/www.webdo.tn\\\/fr\\\/\",\"name\":\"webdo\",\"description\":\"Tunisie - News en Tunisie et \u00e0 l&#039;international sur Webdo.tn\",\"publisher\":{\"@id\":\"https:\\\/\\\/www.webdo.tn\\\/fr\\\/#organization\"},\"potentialAction\":[{\"@type\":\"SearchAction\",\"target\":{\"@type\":\"EntryPoint\",\"urlTemplate\":\"https:\\\/\\\/www.webdo.tn\\\/fr\\\/?s={search_term_string}\"},\"query-input\":{\"@type\":\"PropertyValueSpecification\",\"valueRequired\":true,\"valueName\":\"search_term_string\"}}],\"inLanguage\":\"fr-FR\"},{\"@type\":\"Organization\",\"@id\":\"https:\\\/\\\/www.webdo.tn\\\/fr\\\/#organization\",\"name\":\"Webdo\",\"alternateName\":\"Webdo.tn\",\"url\":\"https:\\\/\\\/www.webdo.tn\\\/fr\\\/\",\"logo\":{\"@type\":\"ImageObject\",\"inLanguage\":\"fr-FR\",\"@id\":\"https:\\\/\\\/www.webdo.tn\\\/fr\\\/#\\\/schema\\\/logo\\\/image\\\/\",\"url\":\"https:\\\/\\\/www.webdo.tn\\\/fr\\\/wp-content\\\/uploads\\\/2025\\\/06\\\/Webdo-Tunisie_168377.jpg\",\"contentUrl\":\"https:\\\/\\\/www.webdo.tn\\\/fr\\\/wp-content\\\/uploads\\\/2025\\\/06\\\/Webdo-Tunisie_168377.jpg\",\"width\":301,\"height\":301,\"caption\":\"Webdo\"},\"image\":{\"@id\":\"https:\\\/\\\/www.webdo.tn\\\/fr\\\/#\\\/schema\\\/logo\\\/image\\\/\"},\"sameAs\":[\"https:\\\/\\\/www.facebook.com\\\/webdotn\",\"https:\\\/\\\/x.com\\\/webdo_tn\"],\"description\":\"Webdo est un m\u00e9dia num\u00e9rique tunisien fond\u00e9 en 2010, sp\u00e9cialis\u00e9 dans l\u2019actualit\u00e9 nationale et internationale, l\u2019\u00e9conomie, la soci\u00e9t\u00e9 et les analyses politiques. Le site s\u2019adresse \u00e0 un large public francophone et couvre l\u2019information tunisienne en temps r\u00e9el.\",\"email\":\"redac@webdo.tn\",\"legalName\":\"YNJ SARL\",\"foundingDate\":\"2010-09-06\",\"numberOfEmployees\":{\"@type\":\"QuantitativeValue\",\"minValue\":\"11\",\"maxValue\":\"50\"}},{\"@type\":\"Person\",\"@id\":\"https:\\\/\\\/www.webdo.tn\\\/fr\\\/#\\\/schema\\\/person\\\/2c4929cbf5a809e3bd38617c6ce150f6\",\"name\":\"MC\",\"image\":{\"@type\":\"ImageObject\",\"inLanguage\":\"fr-FR\",\"@id\":\"https:\\\/\\\/secure.gravatar.com\\\/avatar\\\/a545bbb6f84efdd5553dbbc2895e3ca8f1d12c5215e00a041c9670b54aa9b18a?s=96&d=mm&r=g\",\"url\":\"https:\\\/\\\/secure.gravatar.com\\\/avatar\\\/a545bbb6f84efdd5553dbbc2895e3ca8f1d12c5215e00a041c9670b54aa9b18a?s=96&d=mm&r=g\",\"contentUrl\":\"https:\\\/\\\/secure.gravatar.com\\\/avatar\\\/a545bbb6f84efdd5553dbbc2895e3ca8f1d12c5215e00a041c9670b54aa9b18a?s=96&d=mm&r=g\",\"caption\":\"MC\"},\"url\":\"https:\\\/\\\/www.webdo.tn\\\/fr\\\/actualite\\\/author\\\/mc\\\/\"}]}<\/script>\n<!-- \/ Yoast SEO Premium plugin. -->","yoast_head_json":{"title":"La Direction des prisons apporte des \u00e9claircissements sur l\u2019\u00e9tat de sant\u00e9 de Issam Chebbi","description":"Le porte-parole de la Direction g\u00e9n\u00e9rale des prisons et de la r\u00e9\u00e9ducation, Ramzi Kouki, a indiqu\u00e9, ce mercredi 23 ao\u00fbt, que la direction de la prison d'El Morna...","canonical":"https:\/\/www.webdo.tn\/fr\/actualite\/national\/la-direction-des-prisons-apporte-des-eclaircissements-sur-l-etat-de-sante-de-issam-chebbi\/208144\/","og_locale":"fr_FR","og_type":"article","og_title":"La Direction des prisons apporte des \u00e9claircissements sur l\u2019\u00e9tat de sant\u00e9 de Issam Chebbi","og_description":"Le porte-parole de la Direction g\u00e9n\u00e9rale des prisons et de la r\u00e9\u00e9ducation, Ramzi Kouki, a indiqu\u00e9, ce mercredi 23 ao\u00fbt, que la direction de la prison d'El Morna...","og_url":"https:\/\/www.webdo.tn\/fr\/actualite\/national\/la-direction-des-prisons-apporte-des-eclaircissements-sur-l-etat-de-sante-de-issam-chebbi\/208144\/","og_site_name":"webdo","article_publisher":"https:\/\/www.facebook.com\/webdotn","article_published_time":"2023-08-24T08:25:00+00:00","article_modified_time":"2025-05-20T21:57:51+00:00","og_image":[{"width":750,"height":400,"url":"https:\/\/www.webdo.tn\/fr\/wp-content\/uploads\/2023\/08\/cad477c752ef3f8fa712f132189af751.jpg","type":"image\/jpeg"}],"author":"MC","twitter_card":"summary_large_image","twitter_creator":"@webdo_tn","twitter_site":"@webdo_tn","twitter_misc":{"\u00c9crit par":"MC","Dur\u00e9e de lecture estim\u00e9e":"1 minute"},"schema":{"@context":"https:\/\/schema.org","@graph":[{"@type":"NewsArticle","@id":"https:\/\/www.webdo.tn\/fr\/actualite\/national\/la-direction-des-prisons-apporte-des-eclaircissements-sur-l-etat-de-sante-de-issam-chebbi\/208144\/#article","isPartOf":{"@id":"https:\/\/www.webdo.tn\/fr\/actualite\/national\/la-direction-des-prisons-apporte-des-eclaircissements-sur-l-etat-de-sante-de-issam-chebbi\/208144\/"},"author":{"name":"MC","@id":"https:\/\/www.webdo.tn\/fr\/#\/schema\/person\/2c4929cbf5a809e3bd38617c6ce150f6"},"headline":"La Direction des prisons apporte des \u00e9claircissements sur l\u2019\u00e9tat de sant\u00e9 de Issam Chebbi","datePublished":"2023-08-24T08:25:00+00:00","dateModified":"2025-05-20T21:57:51+00:00","mainEntityOfPage":{"@id":"https:\/\/www.webdo.tn\/fr\/actualite\/national\/la-direction-des-prisons-apporte-des-eclaircissements-sur-l-etat-de-sante-de-issam-chebbi\/208144\/"},"wordCount":233,"commentCount":0,"publisher":{"@id":"https:\/\/www.webdo.tn\/fr\/#organization"},"image":{"@id":"https:\/\/www.webdo.tn\/fr\/actualite\/national\/la-direction-des-prisons-apporte-des-eclaircissements-sur-l-etat-de-sante-de-issam-chebbi\/208144\/#primaryimage"},"thumbnailUrl":"https:\/\/www.webdo.tn\/fr\/wp-content\/uploads\/2023\/08\/cad477c752ef3f8fa712f132189af751.jpg","keywords":["blessure","d\u00e9menti","issam chebbi","Prison"],"articleSection":["National"],"inLanguage":"fr-FR"},{"@type":"WebPage","@id":"https:\/\/www.webdo.tn\/fr\/actualite\/national\/la-direction-des-prisons-apporte-des-eclaircissements-sur-l-etat-de-sante-de-issam-chebbi\/208144\/","url":"https:\/\/www.webdo.tn\/fr\/actualite\/national\/la-direction-des-prisons-apporte-des-eclaircissements-sur-l-etat-de-sante-de-issam-chebbi\/208144\/","name":"La Direction des prisons apporte des \u00e9claircissements sur l\u2019\u00e9tat de sant\u00e9 de Issam Chebbi","isPartOf":{"@id":"https:\/\/www.webdo.tn\/fr\/#website"},"primaryImageOfPage":{"@id":"https:\/\/www.webdo.tn\/fr\/actualite\/national\/la-direction-des-prisons-apporte-des-eclaircissements-sur-l-etat-de-sante-de-issam-chebbi\/208144\/#primaryimage"},"image":{"@id":"https:\/\/www.webdo.tn\/fr\/actualite\/national\/la-direction-des-prisons-apporte-des-eclaircissements-sur-l-etat-de-sante-de-issam-chebbi\/208144\/#primaryimage"},"thumbnailUrl":"https:\/\/www.webdo.tn\/fr\/wp-content\/uploads\/2023\/08\/cad477c752ef3f8fa712f132189af751.jpg","datePublished":"2023-08-24T08:25:00+00:00","dateModified":"2025-05-20T21:57:51+00:00","description":"Le porte-parole de la Direction g\u00e9n\u00e9rale des prisons et de la r\u00e9\u00e9ducation, Ramzi Kouki, a indiqu\u00e9, ce mercredi 23 ao\u00fbt, que la direction de la prison d'El Morna...","breadcrumb":{"@id":"https:\/\/www.webdo.tn\/fr\/actualite\/national\/la-direction-des-prisons-apporte-des-eclaircissements-sur-l-etat-de-sante-de-issam-chebbi\/208144\/#breadcrumb"},"inLanguage":"fr-FR","potentialAction":[{"@type":"ReadAction","target":["https:\/\/www.webdo.tn\/fr\/actualite\/national\/la-direction-des-prisons-apporte-des-eclaircissements-sur-l-etat-de-sante-de-issam-chebbi\/208144\/"]}]},{"@type":"ImageObject","inLanguage":"fr-FR","@id":"https:\/\/www.webdo.tn\/fr\/actualite\/national\/la-direction-des-prisons-apporte-des-eclaircissements-sur-l-etat-de-sante-de-issam-chebbi\/208144\/#primaryimage","url":"https:\/\/www.webdo.tn\/fr\/wp-content\/uploads\/2023\/08\/cad477c752ef3f8fa712f132189af751.jpg","contentUrl":"https:\/\/www.webdo.tn\/fr\/wp-content\/uploads\/2023\/08\/cad477c752ef3f8fa712f132189af751.jpg","width":750,"height":400,"caption":"La Direction des prisons apporte des \u00e9claircissements sur l\u2019\u00e9tat de sant\u00e9 de Issam Chebbi"},{"@type":"BreadcrumbList","@id":"https:\/\/www.webdo.tn\/fr\/actualite\/national\/la-direction-des-prisons-apporte-des-eclaircissements-sur-l-etat-de-sante-de-issam-chebbi\/208144\/#breadcrumb","itemListElement":[{"@type":"ListItem","position":1,"name":"Accueil","item":"https:\/\/www.webdo.tn\/fr\/"},{"@type":"ListItem","position":2,"name":"La Direction des prisons apporte des \u00e9claircissements sur l\u2019\u00e9tat de sant\u00e9 de Issam Chebbi"}]},{"@type":"WebSite","@id":"https:\/\/www.webdo.tn\/fr\/#website","url":"https:\/\/www.webdo.tn\/fr\/","name":"webdo","description":"Tunisie - News en Tunisie et \u00e0 l&#039;international sur Webdo.tn","publisher":{"@id":"https:\/\/www.webdo.tn\/fr\/#organization"},"potentialAction":[{"@type":"SearchAction","target":{"@type":"EntryPoint","urlTemplate":"https:\/\/www.webdo.tn\/fr\/?s={search_term_string}"},"query-input":{"@type":"PropertyValueSpecification","valueRequired":true,"valueName":"search_term_string"}}],"inLanguage":"fr-FR"},{"@type":"Organization","@id":"https:\/\/www.webdo.tn\/fr\/#organization","name":"Webdo","alternateName":"Webdo.tn","url":"https:\/\/www.webdo.tn\/fr\/","logo":{"@type":"ImageObject","inLanguage":"fr-FR","@id":"https:\/\/www.webdo.tn\/fr\/#\/schema\/logo\/image\/","url":"https:\/\/www.webdo.tn\/fr\/wp-content\/uploads\/2025\/06\/Webdo-Tunisie_168377.jpg","contentUrl":"https:\/\/www.webdo.tn\/fr\/wp-content\/uploads\/2025\/06\/Webdo-Tunisie_168377.jpg","width":301,"height":301,"caption":"Webdo"},"image":{"@id":"https:\/\/www.webdo.tn\/fr\/#\/schema\/logo\/image\/"},"sameAs":["https:\/\/www.facebook.com\/webdotn","https:\/\/x.com\/webdo_tn"],"description":"Webdo est un m\u00e9dia num\u00e9rique tunisien fond\u00e9 en 2010, sp\u00e9cialis\u00e9 dans l\u2019actualit\u00e9 nationale et internationale, l\u2019\u00e9conomie, la soci\u00e9t\u00e9 et les analyses politiques. Le site s\u2019adresse \u00e0 un large public francophone et couvre l\u2019information tunisienne en temps r\u00e9el.","email":"redac@webdo.tn","legalName":"YNJ SARL","foundingDate":"2010-09-06","numberOfEmployees":{"@type":"QuantitativeValue","minValue":"11","maxValue":"50"}},{"@type":"Person","@id":"https:\/\/www.webdo.tn\/fr\/#\/schema\/person\/2c4929cbf5a809e3bd38617c6ce150f6","name":"MC","image":{"@type":"ImageObject","inLanguage":"fr-FR","@id":"https:\/\/secure.gravatar.com\/avatar\/a545bbb6f84efdd5553dbbc2895e3ca8f1d12c5215e00a041c9670b54aa9b18a?s=96&d=mm&r=g","url":"https:\/\/secure.gravatar.com\/avatar\/a545bbb6f84efdd5553dbbc2895e3ca8f1d12c5215e00a041c9670b54aa9b18a?s=96&d=mm&r=g","contentUrl":"https:\/\/secure.gravatar.com\/avatar\/a545bbb6f84efdd5553dbbc2895e3ca8f1d12c5215e00a041c9670b54aa9b18a?s=96&d=mm&r=g","caption":"MC"},"url":"https:\/\/www.webdo.tn\/fr\/actualite\/author\/mc\/"}]}},"_links":{"self":[{"href":"https:\/\/www.webdo.tn\/fr\/wp-json\/wp\/v2\/posts\/208144","targetHints":{"allow":["GET"]}}],"collection":[{"href":"https:\/\/www.webdo.tn\/fr\/wp-json\/wp\/v2\/posts"}],"about":[{"href":"https:\/\/www.webdo.tn\/fr\/wp-json\/wp\/v2\/types\/post"}],"author":[{"embeddable":true,"href":"https:\/\/www.webdo.tn\/fr\/wp-json\/wp\/v2\/users\/3162"}],"replies":[{"embeddable":true,"href":"https:\/\/www.webdo.tn\/fr\/wp-json\/wp\/v2\/comments?post=208144"}],"version-history":[{"count":0,"href":"https:\/\/www.webdo.tn\/fr\/wp-json\/wp\/v2\/posts\/208144\/revisions"}],"wp:featuredmedia":[{"embeddable":true,"href":"https:\/\/www.webdo.tn\/fr\/wp-json\/wp\/v2\/media\/249475"}],"wp:attachment":[{"href":"https:\/\/www.webdo.tn\/fr\/wp-json\/wp\/v2\/media?parent=208144"}],"wp:term":[{"taxonomy":"category","embeddable":true,"href":"https:\/\/www.webdo.tn\/fr\/wp-json\/wp\/v2\/categories?post=208144"},{"taxonomy":"post_tag","embeddable":true,"href":"https:\/\/www.webdo.tn\/fr\/wp-json\/wp\/v2\/tags?post=208144"}],"curies":[{"name":"wp","href":"https:\/\/api.w.org\/{rel}","templated":true}]}}