{"id":208135,"date":"2023-08-23T19:06:00","date_gmt":"2023-08-23T19:06:00","guid":{"rendered":"https:\/\/www.webdo.tn\/fr\/blog\/el-gouna-2023-annonce-d-une-premiere-partie-de-la-selection-officielle\/208135\/"},"modified":"2025-05-21T08:57:09","modified_gmt":"2025-05-21T08:57:09","slug":"el-gouna-2023-annonce-d-une-premiere-partie-de-la-selection-officielle","status":"publish","type":"post","link":"https:\/\/www.webdo.tn\/fr\/actualite\/culture\/el-gouna-2023-annonce-d-une-premiere-partie-de-la-selection-officielle\/208135\/","title":{"rendered":"Festival du Film d&rsquo;El Gouna 2023 &#8211; Annonce d&rsquo;une premi\u00e8re partie de la s\u00e9lection officielle"},"content":{"rendered":"<div class=\"single-body entry-content typography-copy\" itemprop=\"articleBody\">\n<p style=\"font-weight: bold; text-align: justify\">\n\t\t\t\t\t\t\t\t\tEl Gouna 2023 &#8211; Annonce d&rsquo;une premi\u00e8re partie de la s\u00e9lection officielle\n\t\t\t\t\t\t\t\t<\/p>\n<div class=\"coprs\" style=\"text-align: center\"><\/div>\n<div class=\"coprs\" style=\"text-align: justify\">\n<p><span>En parlant de la motivation derri\u00e8re la s\u00e9lection des films pour le GFF#2023, Intishal Al Timimi, Directeur du Festival, a d\u00e9clar\u00e9 : <em>\u00ab\u00a0Notre processus de s\u00e9lection a \u00e9t\u00e9 un voyage de d\u00e9couverte et de discernement. Nous avons recherch\u00e9, comme toujours, des films qui r\u00e9sonnent avec authenticit\u00e9, remettent en question les r\u00e9cits conventionnels et suscitent des conversations entre les cultures. Chaque film que nous avons s\u00e9lectionn\u00e9 est un t\u00e9moignage de la voix unique et de la perspective du cin\u00e9aste, incarnant l&rsquo;essence de l&rsquo;engagement de notre festival envers l&rsquo;innovation, la diversit\u00e9 et la c\u00e9l\u00e9bration de l&rsquo;art du cin\u00e9ma.<\/em>\u00ab\u00a0<\/span><\/p>\n<p><span><a href=\"https:\/\/www.webdo.tn\/fr\/actualite\/culture\/gff-2023-marianne-khoury-nouvelle-directrice-artistique-du-festival-du-film-d-el-gouna\/206847\">Marianne Khoury, Directrice artistique du Festival du Film d&rsquo;El Gouna<\/a>, a ajout\u00e9 : \u00ab\u00a0<em>M\u00eame si j&rsquo;ai r\u00e9cemment rejoint le GFF, je le connais depuis ses d\u00e9buts. Le GFF a toujours cherch\u00e9 \u00e0 \u00eatre une plateforme qui c\u00e9l\u00e8bre tout le spectre du cin\u00e9ma. Avec cette s\u00e9lection, nous rendons hommage non seulement aux \u0153uvres magistrales de r\u00e9alisateurs \u00e9tablis, mais nous soutenons \u00e9galement les voix qui fa\u00e7onnent l&rsquo;avenir de notre industrie. Les s\u00e9lections de cette ann\u00e9e promettent un voyage cin\u00e9matographique qui r\u00e9sonne \u00e0 la fois aupr\u00e8s des cin\u00e9philes chevronn\u00e9s et de ceux d\u00e9sireux d&rsquo;explorer de nouveaux horizons<\/em>.\u00a0\u00bb<\/span><\/p>\n<p><span>Cette s\u00e9lection repr\u00e9sente une convergence du\u00a0g\u00e9nie cin\u00e9matographique et du pouvoir de la narration qui transcende les fronti\u00e8res. Parmi les titres remarquables inclus dans cette vitrine, citons<em> <a href=\"http:\/\/Cannes%202023%20%E2%80%93%20%C2%AB%20Anatomie%20d'une%20chute%20%C2%BB%20:%20Une%20exploration%20complexe%20des%20relations%20humaines%20sous%20le%20prisme%20judiciaire\">Anatomy of a Fall<\/a>\u00a0<\/em>de Justine Triet, <a href=\"http:\/\/Cannes%202023%20-%20La%20Palme%20d'Or%20pour%20\">laur\u00e9at de la Palme d&rsquo;Or \u00e0 Cannes<\/a> ; le documentaire prim\u00e9 <em>Sur l&rsquo;Adamant<\/em>\u00a0de Nicolas Philibert, laur\u00e9at de l&rsquo;Ours d&rsquo;Or de la Berlinale 2023 et <em>The Strange Path<\/em>\u00a0de Guto Parente, laur\u00e9at de quatre grands prix au Festival du Film de Tribeca 2023.<\/span><\/p>\n<p><span>La liste des films de r\u00e9alisateurs acclam\u00e9s que nous avons s\u00e9lectionn\u00e9s jusqu&rsquo;\u00e0 pr\u00e9sent comprend :<\/span><\/p>\n<p><span><a href=\"http:\/\/Cannes%202023%20%E2%80%93%20%C2%AB%20Anatomie%20d'une%20chute%20%C2%BB%20:%20Une%20exploration%20complexe%20des%20relations%20humaines%20sous%20le%20prisme%20judiciaire\"><em><strong>ANATOMY OF A FALL (ANATOMIE D&rsquo;UNE CHUTE)<\/strong><\/em> | JUSTINE TRIET | FRANCE<\/a> Long m\u00e9trage de fiction.\u00a0<br \/>\nSynopsis:\u00a0Sandra (Sandra H\u00fcller, Toni Erdmann &#8211; 2016), une \u00e9crivaine allemande, vit avec son mari Samuel et leur fils aveugle Daniel dans un chalet de montagne isol\u00e9 dans les Alpes fran\u00e7aises. Lorsque Samuel tombe dans des circonstances myst\u00e9rieuses, l&rsquo;enqu\u00eate ne peut d\u00e9terminer s&rsquo;il s&rsquo;agit d&rsquo;un suicide ou d&rsquo;un acte criminel.<br \/>\nCannes 2023, Laur\u00e9at de la Palme d&rsquo;Or<\/span><\/p>\n<p><span><em><strong>THE BURITI FLOWER (CROWRA)<\/strong><\/em> | JO\u00c3O SALAVIZA, REN\u00c9E NADER MESSORA | BR\u00c9SIL- Long m\u00e9trage de fiction.<br \/>\nSynopsis: \u00c0 travers les yeux de son enfant, Patpro traversera trois p\u00e9riodes de l&rsquo;histoire de son peuple autochtone, au c\u0153ur de la for\u00eat br\u00e9silienne. Poursuivis sans rel\u00e2che, mais guid\u00e9s par leurs rites ancestraux, leur amour de la nature et leur lutte pour pr\u00e9server leur libert\u00e9, les Krah\u00f4 n&rsquo;arr\u00eatent jamais d&rsquo;inventer de nouvelles formes de r\u00e9sistance.<br \/>\nCannes 2023, Laur\u00e9at du Prix Un Certain Regard Ensemble<\/span><\/p>\n<p><span><em><strong>THE ECHO (EL ECO)<\/strong><\/em> | TATIANA HUEZO | MEXIQUE, ALLEMAGNE &#8211; Long m\u00e9trage documentaire.<br \/>\nSynopsis: Dans le village recul\u00e9 d&rsquo;El Echo, qui existe hors du temps, les enfants prennent soin des moutons et leurs a\u00een\u00e9s. Alors que le gel et la s\u00e9cheresse punissent la terre, ils apprennent \u00e0 comprendre la mort, la maladie et l&rsquo;amour \u00e0 travers chaque acte, chaque mot et chaque silence de leurs parents.<br \/>\nBerlinale 2023, Laur\u00e9at du Prix Encounters du Meilleur R\u00e9alisateur et du Prix du Documentaire Berlinale<\/span><\/p>\n<p><span><em><strong>MAY DECEMBER <\/strong><\/em>| TODD HAYNES | \u00c9TATS-UNIS &#8211; Long m\u00e9trage de fiction.<br \/>\nSynopsis:\u00a0Vingt ans apr\u00e8s leur romance notoire ayant fait les gros titres des tablo\u00efds, un couple mari\u00e9, Gracie (Julianne Moore) et son mari Joe (de vingt-trois ans son cadet), c\u00e8de sous la pression lorsqu&rsquo;une actrice, Elizabeth Berry (Natalie Portman), arrive pour faire des recherches pour un film sur leur pass\u00e9.<br \/>\nCannes 2023, Comp\u00e9tition officielle.<\/span><\/p>\n<p><span><em><strong>OBSCURE NIGHT &#8211; GOODBYE HERE, ANYWHERE (NUIT OBSCURE &#8211; AU REVOIR ICI, N&rsquo;IMPORTE O\u00d9)<\/strong><\/em> | SYLVAIN GEORGES | FRANCE, SUISSE &#8211; Long m\u00e9trage documentaire.<br \/>\nSynopsis:\u00a0 Pour de nombreux migrants africains fuyant une vie difficile, l&rsquo;enclave espagnole de Melilla, au Maroc, est un endroit id\u00e9al pour r\u00eaver d&rsquo;un avenir meilleur. Avec une persistance proche de l&rsquo;obsession, le groupe de mineurs dirig\u00e9 par Malik &#8211; que Sylvain George suit avec une persistance \u00e9quivalente &#8211; essaie de voyager vers l&rsquo;Europe jour apr\u00e8s jour, nuit apr\u00e8s nuit. Le film pose un regard sur l&rsquo;existence quotidienne de ces enfants, riche en persistance, en espoir et en utopies douloureuses.<br \/>\nLocarno 2023, Mention Sp\u00e9ciale de la Comp\u00e9tition Internationale et Prix \u00ab L&rsquo;environnement est la qualit\u00e9 de la vie \u00bb (Prix du Jury Junior)<\/span><\/p>\n<p><span><em><strong>ON THE ADAMANT (SUR L&rsquo;ADAMANT)<\/strong><\/em> | NICOLAS PHILIBERT | FRANCE &#8211; Long m\u00e9trage documentaire.<br \/>\nSynopsis:\u00a0Amarr\u00e9 sur la Seine au c\u0153ur de Paris, l&rsquo;Adamant est un bateau qui accueille des adultes souffrant de troubles mentaux, leur offrant des soins qui les ancrent dans le temps et l&rsquo;espace, et les aide \u00e0 maintenir leur esprit. \u00c0 bord de l&rsquo;Adamant r\u00e8gne un doux et tr\u00e8s heureux sentiment de libert\u00e9 et de possibilit\u00e9, ainsi qu&rsquo;une chaleur, une sympathie et une curiosit\u00e9 humaine \u00e9normes.<br \/>\nBerlinale 2023, Comp\u00e9tition, Laur\u00e9at de l&rsquo;Ours d&rsquo;Or<\/span><\/p>\n<p><span><em><strong>THE SHADOWLESS TOWER (BAI TA ZHI GUANG)<\/strong><\/em> | ZHANG LU | CHINE &#8211; Long m\u00e9trage de fiction.<br \/>\nSynopsis:\u00a0Gu Wentong, critique culinaire d&rsquo;\u00e2ge moyen, d\u00e9ambule dans les restaurants locaux du vibrant P\u00e9kin avec son jeune coll\u00e8gue photographe Oyang. Divorc\u00e9 et p\u00e8re d&rsquo;une fille de 6 ans, il cherche une nouvelle perspective sur la vie tout en repensant \u00e0 ses \u00e9checs en tant que p\u00e8re, fils et amant.<br \/>\nBerlinale 2023 ; Festival International du Film de Beijing, Laur\u00e9at du Prix de la Meilleure Contribution Artistique, du Meilleur Acteur (Xin Baiqing), du Meilleur Acteur de Soutien (Tian Zhuangzhuang), du Meilleur Sc\u00e9nario (Zhang L\u00fc) et de la Meilleure Cin\u00e9matographie (Piao Songri)&#8230;<\/span><\/p>\n<p><span><em><strong>A STRANGE PATH (ESTRANHO CAMINHO)<\/strong><\/em> | GUTO PARENTE | BR\u00c9SIL &#8211; Long m\u00e9trage de fiction.<br \/>\nSynopsis : Un jeune cin\u00e9aste retourne dans sa ville natale et tente de renouer avec son p\u00e8re alors que la pand\u00e9mie s&rsquo;acc\u00e9l\u00e8re rapidement \u00e0 travers le Br\u00e9sil. Cependant, leur relation se r\u00e9v\u00e8le plus compliqu\u00e9e \u00e0 mesure que des ph\u00e9nom\u00e8nes de plus en plus \u00e9tranges se produisent \u00e0 mesure qu&rsquo;ils se rapprochent.<br \/>\nTribeca 2023, Laur\u00e9at du Prix de la Meilleure Fiction Internationale, du Prix de la Meilleure Performance (Carlos Francisco), du Prix du Meilleur Sc\u00e9nario, du Prix de la Meilleure Cin\u00e9matographie (Linga Ac\u00e1cio)\u2026<\/span><\/p>\n<p><span><em><strong>YOUTH (PRINTEMPS)<\/strong><\/em> | WANG BING | CHINE, FRANCE, LUXEMBOURG, PAYS-BAS &#8211; Long m\u00e9trage documentaire.\u00a0<br \/>\nSynopsis:\u00a0Tourn\u00e9 sur une p\u00e9riode de six ans, le dernier projet du ma\u00eetre documentariste suit les longues journ\u00e9es de travail \u00e9puisantes des jeunes ouvriers de l&rsquo;industrie textile en Chine. Mais m\u00eame dans ce portrait en mouvement lent d&rsquo;une routine, la cam\u00e9ra de Wang Bing trouve des lueurs d&rsquo;espoir.<br \/>\nCannes 2023, Comp\u00e9tition officielle.<\/span><\/p>\n<p>\u00a0<\/p>\n<p><img decoding=\"async\" alt=\"\" height=\"856\" src=\"\/assets\/uploads\/images\/\/Neila\/anatomie-d-une-chute_65616_600_0_90.jpg\" width=\"599\"><\/p>\n<p>\u00a0<\/p>\n<p><span>Dans la s\u00e9lection de cette ann\u00e9e, le GFF pr\u00e9sente \u00e9galement une s\u00e9lection exceptionnelle de premi\u00e8res et deuxi\u00e8mes \u0153uvres qui capturent l&rsquo;essence des voix \u00e9mergentes de l&rsquo;industrie. Ces films, venant de coins divers du monde, ont fait sensation sur le circuit des festivals, recevant des \u00e9loges et des acclamations. Parmi les joyaux de cin\u00e9astes \u00e9mergents que nous avons s\u00e9lectionn\u00e9s pour la 6e \u00e9dition, citons :<\/span><\/p>\n<p><span><em><strong>ALL TO PLAY FOR (RIEN A PERDRE)<\/strong><\/em> | DELPHINE DELOGET | FRANCE &#8211; Long m\u00e9trage de fiction. Deuxi\u00e8me oeuvre.<br \/>\nSynopsis:\u00a0Sylvie vit \u00e0 Brest avec ses deux enfants, Sofiane et Jean-Jacques. Ensemble, ils forment une famille soud\u00e9e et heureuse. Une nuit, Sofiane se blesse dans l&rsquo;appartement pendant que sa m\u00e8re travaille. L&rsquo;incident est signal\u00e9 et Sofiane est plac\u00e9 en famille d&rsquo;accueil\u2026<br \/>\nUn Certain Regard, Cannes 2023<\/span><\/p>\n<p><span><em><strong>DREAMING &amp; DYING (HAO JIU BU JIAN)<\/strong><\/em> | NELSON YEO | SINGAPOUR, INDON\u00c9SIE &#8211; Long m\u00e9trage de fiction.\u00a0Premi\u00e8re \u0153uvre.<br \/>\nSynopsis: Trois amis d&rsquo;\u00e2ge moyen se retrouvent pour la premi\u00e8re fois depuis des ann\u00e9es. Chacun d&rsquo;eux se lance pour confesser des sentiments inexprim\u00e9s, mais leurs vacances prennent une tournure surprenante lorsque les sous-courants de leurs vies pass\u00e9es menacent de refaire surface.<br \/>\nLocarno 2023, Laur\u00e9at du Prix du Meilleur Film (Filmmakers of the Present) et du Meilleur Premier Long M\u00e9trage.<\/span><\/p>\n<p><span><em><strong>FAMILY PORTRAIT<\/strong><\/em> | LUCY KERR | \u00c9TATS-UNIS &#8211; Long m\u00e9trage de fiction.\u00a0Premi\u00e8re \u0153uvre.<br \/>\nSynopsis:\u00a0 Les tentatives futiles d&rsquo;une famille \u00e9tendue pour prendre une photo de famille prennent une tournure onirique lorsque la matriarche dispara\u00eet et qu&rsquo;une de ses filles devient d\u00e9sesp\u00e9r\u00e9e de la retrouver.<br \/>\nLocarno 2023, Filmmakers of the Present<\/span><\/p>\n<p><span><em><strong>IF ONLY I COULD HIBERNATE (BAAVGAI BOLOHSON)<\/strong><\/em> | ZOLJARGAL PUREVDASH | MONGOLIE, FRANCE, SUISSE &#8211; Long m\u00e9trage de fiction. Premi\u00e8re \u0153uvre.<br \/>\nSynopsis: Ulzii, un adolescent pauvre mais fier, est d\u00e9termin\u00e9 \u00e0 remporter un concours de physique pour une bourse d&rsquo;\u00e9tudes, mais sa m\u00e8re trouve un emploi \u00e0 la campagne et doit le laisser avec ses fr\u00e8res et s\u0153urs au milieu de l&rsquo;hiver rigoureux pour qu&rsquo;ils se d\u00e9brouillent seuls.<br \/>\nUn Certain Regard, Cannes 2023<\/span><\/p>\n<p><span><em><strong>LOST COUNTRY <\/strong><\/em>| VLADIMIR PERISIC | SERBIE, CROATIE, FRANCE, LUXEMBOURG &#8211; Long m\u00e9trage de fiction.\u00a0Deuxi\u00e8me \u0153uvre.\u00a0<br \/>\nSynopsis: Serbie, 1996. Pendant les manifestations \u00e9tudiantes contre le r\u00e9gime de Milosevic, Stefan, \u00e2g\u00e9 de quinze ans, doit traverser la r\u00e9volution la plus difficile de toutes. Il doit confronter sa m\u00e8re bien-aim\u00e9e (Jasna Duricic, Quo Vadis, Aida &#8211; 2020), porte-parole et complice du gouvernement corrompu contre lequel se soul\u00e8vent ses amis.<br \/>\nSemaine de la Critique, Cannes 2023 ; Laur\u00e9at du Prix de la Fondation Louis Roederer pour la R\u00e9v\u00e9lation<\/span><\/p>\n<p><span><em><strong>SCRAPPER <\/strong><\/em>| CHARLOTTE REGAN | ROYAUME-UNI &#8211; Long m\u00e9trage de fiction. Premi\u00e8re \u0153uvre.\u00a0<br \/>\nSynopsis: Georgie est une r\u00eaveuse de douze ans qui vit seule et heureuse dans son appartement londonien, emplissant celui-ci de magie. Du jour au lendemain, son p\u00e8re \u00e9loign\u00e9 (Harris Dickinson, Triangle of Sadness &#8211; 2022) r\u00e9appara\u00eet et la force \u00e0 confronter la r\u00e9alit\u00e9.<br \/>\nSundance 2023, Laur\u00e9at du Grand Prix du Jury<\/span><\/p>\n<p><span><em><strong>STEPNE<\/strong><\/em> | MARYNA VRODA | UKRAINE, ALLEMAGNE, POLOGNE, SLOVAQUIE &#8211; Long m\u00e9trage de fiction. Premi\u00e8re \u0153uvre.<br \/>\nSynopsis:\u00a0Au milieu de magnifiques paysages hivernaux ukrainiens, de villages qui disparaissent et de sentiments \u00e9mergents d&rsquo;ali\u00e9nation entre les gens dans la soci\u00e9t\u00e9 post-sovi\u00e9tique, ce remarquable premier film est l&rsquo;histoire d&rsquo;Anatoliy, un homme qui revient chez lui depuis la grande ville pour prendre soin de sa m\u00e8re mourante.<br \/>\nLocarno 2023, Laur\u00e9at du Prix du Meilleur R\u00e9alisateur, Comp\u00e9tition Internationale<\/span><\/p>\n<p><span><em><strong>TOTEM <\/strong><\/em>| LILA AVIL\u00c9S | MEXIQUE, DANEMARK, FRANCE &#8211; Long m\u00e9trage de fiction. Deuxi\u00e8me \u0153uvre.<br \/>\nSynopsis:\u00a0 Sol, \u00e2g\u00e9e de sept ans, passe la journ\u00e9e chez son grand-p\u00e8re, aidant \u00e0 pr\u00e9parer une f\u00eate d&rsquo;anniversaire surprise pour son p\u00e8re. Tout au long de la journ\u00e9e, le chaos s&rsquo;installe lentement, fracturant les bases de la famille. Sol embrassera l&rsquo;essence du l\u00e2cher-prise comme une lib\u00e9ration de l&rsquo;existence.<br \/>\nBerlinale 2023, Laur\u00e9at du Prix du Jury \u0152cum\u00e9nique ; Hong Kong IFF, Laur\u00e9at du Prix Golden Firebird Award Young Cinema ; Beijing IFF, Laur\u00e9at du Prix du Meilleur R\u00e9alisateur, du Meilleur Musique\u2026<\/span><\/p>\n<p><span><em><strong>WHISPERS OF FIRE &amp; WATER<\/strong><\/em> | LUBDHAK CHATTERJEE | INDE &#8211; Long m\u00e9trage de fiction. Premi\u00e8re \u0153uvre.<br \/>\nSynopsis :\u00a0Shiva, un artiste d&rsquo;installation sonore de Kolkata, se rend dans la plus grande r\u00e9gion mini\u00e8re de charbon de l&rsquo;Inde orientale pour son travail. Il peine \u00e0 trouver des pistes dans son travail, ses soucis s&rsquo;aggravant alors que sa propre vie s&rsquo;entrem\u00eale avec celle des mines.<br \/>\nLocarno 2023, Filmmakers of the Present<\/span><\/p>\n<p><span><em><strong>WHITE PLASTIC SKY (M\u00dcANYAG \u00c9GBOLT) <\/strong><\/em>| TIBOR B\u00c1N\u00d3CZKI, SAROLTA SZAB\u00d3 | HONGRIE, SLOVAQUIE &#8211; Long m\u00e9trage de fiction.\u00a0Premi\u00e8re \u0153uvre.<br \/>\nSynopsis:\u00a02123 &#8211; Face \u00e0 la diminution des ressources, la race humaine ne peut survivre qu&rsquo;en faisant un compromis : \u00e0 l&rsquo;\u00e2ge de cinquante ans, chaque citoyen est progressivement transform\u00e9 en arbre. Lorsque Stefan d\u00e9couvre que sa femme Nora s&rsquo;est inscrite pour donner son corps, il se met en qu\u00eate de la sauver. (Film d&rsquo;animation)<br \/>\nBerlinale 2023, Festival International du Film d&rsquo;Animation d&rsquo;Annecy ; Festival Mondial du Film d&rsquo;Animation de Zagreb, Laur\u00e9at de la Mention Sp\u00e9ciale&#8230;<\/span><\/p>\n<p><span>Cette collection remarquable refl\u00e8te le potentiel dynamique des nouveaux talents, red\u00e9finissant les fronti\u00e8res cin\u00e9matographiques et engageant le public. L&rsquo;engagement du GFF \u00e0 encourager la croissance des cin\u00e9astes prometteurs souligne son d\u00e9vouement \u00e0 favoriser l&rsquo;innovation et \u00e0 c\u00e9l\u00e9brer la prochaine g\u00e9n\u00e9ration du cin\u00e9ma.<\/span><\/p>\n<p><span>Nous attendons avec impatience notre rendez-vous cin\u00e9matographique annuel en octobre. Immergeons-nous dans un monde de r\u00e9cits captivants, de narration et de camaraderie de passionn\u00e9s de cin\u00e9ma du monde entier. Nous honorerons le pass\u00e9, nous r\u00e9jouirons du pr\u00e9sent et allumerons l&rsquo;\u00e9tincelle pour l&rsquo;avenir.<\/span><\/p>\n<p><strong><span>\u00c0 propos du Festival du Film d&rsquo;El Gouna<\/span><\/strong><\/p>\n<p><span>L&rsquo;un des principaux festivals de la r\u00e9gion MENA, le GFF vise \u00e0 pr\u00e9senter une grande vari\u00e9t\u00e9 de films \u00e0 un public passionn\u00e9 et averti, tout en favorisant une meilleure communication entre les cultures \u00e0 travers l&rsquo;art du cin\u00e9ma. Son objectif est de connecter les cin\u00e9astes de la r\u00e9gion avec leurs homologues internationaux dans un esprit de coop\u00e9ration et d&rsquo;\u00e9change culturel. Le Festival du Film d&rsquo;El Gouna s&rsquo;est forg\u00e9 une r\u00e9putation en pr\u00e9sentant une programmation diversifi\u00e9e de films du monde entier, avec une forte emphase sur le cin\u00e9ma arabe. Le festival vise \u00e0 promouvoir et soutenir la croissance de l&rsquo;industrie dans la r\u00e9gion et \u00e0 fournir une plateforme pour les cin\u00e9astes afin de pr\u00e9senter leur travail. Le festival s&rsquo;engage \u00e9galement dans la d\u00e9couverte de nouvelles voix et s&rsquo;efforce d&rsquo;\u00eatre un catalyseur pour le d\u00e9veloppement du cin\u00e9ma dans le monde arabe, notamment \u00e0 travers la Plateforme CineGouna, un \u00e9v\u00e9nement orient\u00e9 vers l&rsquo;industrie cr\u00e9\u00e9 pour habiliter les cin\u00e9astes \u00e9gyptiens et arabes et les aider \u00e0 trouver un soutien artistique et financier. La Plateforme CineGouna pr\u00e9sente les programmes CineGouna SpringBoard et CineGouna Bridge, qui offrent des opportunit\u00e9s de partage et d&rsquo;apprentissage.<\/p>\n<p>Communiqu\u00e9<\/span><\/p>\n<\/p><\/div>\n<div class=\"coprs\" style=\"text-align: center\"><\/div><\/div>\n","protected":false},"excerpt":{"rendered":"<p>El Gouna 2023 &#8211; Le festival du film d&rsquo;El Gouna (GFF) est ravi de d\u00e9voiler la premi\u00e8re partie tant attendue de films s\u00e9lectionn\u00e9s jusqu&rsquo;\u00e0 pr\u00e9sent pour sa prochai&#8230;<\/p>\n","protected":false},"author":3164,"featured_media":278645,"comment_status":"open","ping_status":"closed","sticky":false,"template":"","format":"standard","meta":{"footnotes":""},"categories":[2594],"tags":[7281,8205,3258,3259,7280],"class_list":["post-208135","post","type-post","status-publish","format-standard","has-post-thumbnail","hentry","category-culture","tag-el-gouna-2023","tag-festival-de-cinema","tag-festival-du-film-del-gouna","tag-gff","tag-gff-2023"],"yoast_head":"<!-- This site is optimized with the Yoast SEO Premium plugin v27.5 (Yoast SEO v27.5) - https:\/\/yoast.com\/product\/yoast-seo-premium-wordpress\/ -->\n<title>Festival du Film d&#039;El Gouna 2023 - Annonce d&#039;une premi\u00e8re partie de la s\u00e9lection officielle<\/title>\n<meta name=\"description\" content=\"El Gouna 2023 - Le festival du film d&#039;El Gouna (GFF) est ravi de d\u00e9voiler la premi\u00e8re partie tant attendue de films s\u00e9lectionn\u00e9s jusqu&#039;\u00e0 pr\u00e9sent pour sa prochai...\" \/>\n<link rel=\"canonical\" href=\"https:\/\/www.webdo.tn\/fr\/actualite\/culture\/el-gouna-2023-annonce-d-une-premiere-partie-de-la-selection-officielle\/208135\/\" \/>\n<meta property=\"og:locale\" content=\"fr_FR\" \/>\n<meta property=\"og:type\" content=\"article\" \/>\n<meta property=\"og:title\" content=\"Festival du Film d&#039;El Gouna 2023 - Annonce d&#039;une premi\u00e8re partie de la s\u00e9lection officielle\" \/>\n<meta property=\"og:description\" content=\"El Gouna 2023 - Le festival du film d&#039;El Gouna (GFF) est ravi de d\u00e9voiler la premi\u00e8re partie tant attendue de films s\u00e9lectionn\u00e9s jusqu&#039;\u00e0 pr\u00e9sent pour sa prochai...\" \/>\n<meta property=\"og:url\" content=\"https:\/\/www.webdo.tn\/fr\/actualite\/culture\/el-gouna-2023-annonce-d-une-premiere-partie-de-la-selection-officielle\/208135\/\" \/>\n<meta property=\"og:site_name\" content=\"webdo\" \/>\n<meta property=\"article:publisher\" content=\"https:\/\/www.facebook.com\/webdotn\" \/>\n<meta property=\"article:author\" content=\"https:\/\/www.facebook.com\/massir.destiniii\/\" \/>\n<meta property=\"article:published_time\" content=\"2023-08-23T19:06:00+00:00\" \/>\n<meta property=\"article:modified_time\" content=\"2025-05-21T08:57:09+00:00\" \/>\n<meta property=\"og:image\" content=\"https:\/\/www.webdo.tn\/fr\/wp-content\/uploads\/2023\/08\/697defdd0aa23dbebcec43623e88b09d.jpeg\" \/>\n\t<meta property=\"og:image:width\" content=\"750\" \/>\n\t<meta property=\"og:image:height\" content=\"400\" \/>\n\t<meta property=\"og:image:type\" content=\"image\/jpeg\" \/>\n<meta name=\"author\" content=\"Ne\u00efla DRISS\" \/>\n<meta name=\"twitter:card\" content=\"summary_large_image\" \/>\n<meta name=\"twitter:creator\" content=\"@https:\/\/x.com\/MassirDestin\" \/>\n<meta name=\"twitter:site\" content=\"@webdo_tn\" \/>\n<meta name=\"twitter:label1\" content=\"\u00c9crit par\" \/>\n\t<meta name=\"twitter:data1\" content=\"Ne\u00efla DRISS\" \/>\n\t<meta name=\"twitter:label2\" content=\"Dur\u00e9e de lecture estim\u00e9e\" \/>\n\t<meta name=\"twitter:data2\" content=\"12 minutes\" \/>\n<script type=\"application\/ld+json\" class=\"yoast-schema-graph\">{\"@context\":\"https:\\\/\\\/schema.org\",\"@graph\":[{\"@type\":\"NewsArticle\",\"@id\":\"https:\\\/\\\/www.webdo.tn\\\/fr\\\/actualite\\\/culture\\\/el-gouna-2023-annonce-d-une-premiere-partie-de-la-selection-officielle\\\/208135\\\/#article\",\"isPartOf\":{\"@id\":\"https:\\\/\\\/www.webdo.tn\\\/fr\\\/actualite\\\/culture\\\/el-gouna-2023-annonce-d-une-premiere-partie-de-la-selection-officielle\\\/208135\\\/\"},\"author\":{\"name\":\"Ne\u00efla DRISS\",\"@id\":\"https:\\\/\\\/www.webdo.tn\\\/fr\\\/#\\\/schema\\\/person\\\/60d5ba619ed3f58783b0dc82b7dada80\"},\"headline\":\"Festival du Film d&rsquo;El Gouna 2023 &#8211; Annonce d&rsquo;une premi\u00e8re partie de la s\u00e9lection officielle\",\"datePublished\":\"2023-08-23T19:06:00+00:00\",\"dateModified\":\"2025-05-21T08:57:09+00:00\",\"mainEntityOfPage\":{\"@id\":\"https:\\\/\\\/www.webdo.tn\\\/fr\\\/actualite\\\/culture\\\/el-gouna-2023-annonce-d-une-premiere-partie-de-la-selection-officielle\\\/208135\\\/\"},\"wordCount\":2430,\"commentCount\":0,\"publisher\":{\"@id\":\"https:\\\/\\\/www.webdo.tn\\\/fr\\\/#organization\"},\"image\":{\"@id\":\"https:\\\/\\\/www.webdo.tn\\\/fr\\\/actualite\\\/culture\\\/el-gouna-2023-annonce-d-une-premiere-partie-de-la-selection-officielle\\\/208135\\\/#primaryimage\"},\"thumbnailUrl\":\"https:\\\/\\\/www.webdo.tn\\\/fr\\\/wp-content\\\/uploads\\\/2023\\\/08\\\/697defdd0aa23dbebcec43623e88b09d.jpeg\",\"keywords\":[\"El Gouna 2023\",\"Festival de cin\u00e9ma\",\"Festival du Film d'El Gouna\",\"GFF\",\"GFF 2023\"],\"articleSection\":[\"Culture\"],\"inLanguage\":\"fr-FR\"},{\"@type\":\"WebPage\",\"@id\":\"https:\\\/\\\/www.webdo.tn\\\/fr\\\/actualite\\\/culture\\\/el-gouna-2023-annonce-d-une-premiere-partie-de-la-selection-officielle\\\/208135\\\/\",\"url\":\"https:\\\/\\\/www.webdo.tn\\\/fr\\\/actualite\\\/culture\\\/el-gouna-2023-annonce-d-une-premiere-partie-de-la-selection-officielle\\\/208135\\\/\",\"name\":\"Festival du Film d'El Gouna 2023 - Annonce d'une premi\u00e8re partie de la s\u00e9lection officielle\",\"isPartOf\":{\"@id\":\"https:\\\/\\\/www.webdo.tn\\\/fr\\\/#website\"},\"primaryImageOfPage\":{\"@id\":\"https:\\\/\\\/www.webdo.tn\\\/fr\\\/actualite\\\/culture\\\/el-gouna-2023-annonce-d-une-premiere-partie-de-la-selection-officielle\\\/208135\\\/#primaryimage\"},\"image\":{\"@id\":\"https:\\\/\\\/www.webdo.tn\\\/fr\\\/actualite\\\/culture\\\/el-gouna-2023-annonce-d-une-premiere-partie-de-la-selection-officielle\\\/208135\\\/#primaryimage\"},\"thumbnailUrl\":\"https:\\\/\\\/www.webdo.tn\\\/fr\\\/wp-content\\\/uploads\\\/2023\\\/08\\\/697defdd0aa23dbebcec43623e88b09d.jpeg\",\"datePublished\":\"2023-08-23T19:06:00+00:00\",\"dateModified\":\"2025-05-21T08:57:09+00:00\",\"description\":\"El Gouna 2023 - Le festival du film d'El Gouna (GFF) est ravi de d\u00e9voiler la premi\u00e8re partie tant attendue de films s\u00e9lectionn\u00e9s jusqu'\u00e0 pr\u00e9sent pour sa prochai...\",\"breadcrumb\":{\"@id\":\"https:\\\/\\\/www.webdo.tn\\\/fr\\\/actualite\\\/culture\\\/el-gouna-2023-annonce-d-une-premiere-partie-de-la-selection-officielle\\\/208135\\\/#breadcrumb\"},\"inLanguage\":\"fr-FR\",\"potentialAction\":[{\"@type\":\"ReadAction\",\"target\":[\"https:\\\/\\\/www.webdo.tn\\\/fr\\\/actualite\\\/culture\\\/el-gouna-2023-annonce-d-une-premiere-partie-de-la-selection-officielle\\\/208135\\\/\"]}]},{\"@type\":\"ImageObject\",\"inLanguage\":\"fr-FR\",\"@id\":\"https:\\\/\\\/www.webdo.tn\\\/fr\\\/actualite\\\/culture\\\/el-gouna-2023-annonce-d-une-premiere-partie-de-la-selection-officielle\\\/208135\\\/#primaryimage\",\"url\":\"https:\\\/\\\/www.webdo.tn\\\/fr\\\/wp-content\\\/uploads\\\/2023\\\/08\\\/697defdd0aa23dbebcec43623e88b09d.jpeg\",\"contentUrl\":\"https:\\\/\\\/www.webdo.tn\\\/fr\\\/wp-content\\\/uploads\\\/2023\\\/08\\\/697defdd0aa23dbebcec43623e88b09d.jpeg\",\"width\":750,\"height\":400,\"caption\":\"Festival du Film d'El Gouna 2023 - Annonce d'une premi\u00e8re partie de la s\u00e9lection officielle\"},{\"@type\":\"BreadcrumbList\",\"@id\":\"https:\\\/\\\/www.webdo.tn\\\/fr\\\/actualite\\\/culture\\\/el-gouna-2023-annonce-d-une-premiere-partie-de-la-selection-officielle\\\/208135\\\/#breadcrumb\",\"itemListElement\":[{\"@type\":\"ListItem\",\"position\":1,\"name\":\"Accueil\",\"item\":\"https:\\\/\\\/www.webdo.tn\\\/fr\\\/\"},{\"@type\":\"ListItem\",\"position\":2,\"name\":\"Festival du Film d&rsquo;El Gouna 2023 &#8211; Annonce d&rsquo;une premi\u00e8re partie de la s\u00e9lection officielle\"}]},{\"@type\":\"WebSite\",\"@id\":\"https:\\\/\\\/www.webdo.tn\\\/fr\\\/#website\",\"url\":\"https:\\\/\\\/www.webdo.tn\\\/fr\\\/\",\"name\":\"webdo\",\"description\":\"Tunisie - News en Tunisie et \u00e0 l&#039;international sur Webdo.tn\",\"publisher\":{\"@id\":\"https:\\\/\\\/www.webdo.tn\\\/fr\\\/#organization\"},\"potentialAction\":[{\"@type\":\"SearchAction\",\"target\":{\"@type\":\"EntryPoint\",\"urlTemplate\":\"https:\\\/\\\/www.webdo.tn\\\/fr\\\/?s={search_term_string}\"},\"query-input\":{\"@type\":\"PropertyValueSpecification\",\"valueRequired\":true,\"valueName\":\"search_term_string\"}}],\"inLanguage\":\"fr-FR\"},{\"@type\":\"Organization\",\"@id\":\"https:\\\/\\\/www.webdo.tn\\\/fr\\\/#organization\",\"name\":\"Webdo\",\"alternateName\":\"Webdo.tn\",\"url\":\"https:\\\/\\\/www.webdo.tn\\\/fr\\\/\",\"logo\":{\"@type\":\"ImageObject\",\"inLanguage\":\"fr-FR\",\"@id\":\"https:\\\/\\\/www.webdo.tn\\\/fr\\\/#\\\/schema\\\/logo\\\/image\\\/\",\"url\":\"https:\\\/\\\/www.webdo.tn\\\/fr\\\/wp-content\\\/uploads\\\/2025\\\/06\\\/Webdo-Tunisie_168377.jpg\",\"contentUrl\":\"https:\\\/\\\/www.webdo.tn\\\/fr\\\/wp-content\\\/uploads\\\/2025\\\/06\\\/Webdo-Tunisie_168377.jpg\",\"width\":301,\"height\":301,\"caption\":\"Webdo\"},\"image\":{\"@id\":\"https:\\\/\\\/www.webdo.tn\\\/fr\\\/#\\\/schema\\\/logo\\\/image\\\/\"},\"sameAs\":[\"https:\\\/\\\/www.facebook.com\\\/webdotn\",\"https:\\\/\\\/x.com\\\/webdo_tn\"],\"description\":\"Webdo est un m\u00e9dia num\u00e9rique tunisien fond\u00e9 en 2010, sp\u00e9cialis\u00e9 dans l\u2019actualit\u00e9 nationale et internationale, l\u2019\u00e9conomie, la soci\u00e9t\u00e9 et les analyses politiques. Le site s\u2019adresse \u00e0 un large public francophone et couvre l\u2019information tunisienne en temps r\u00e9el.\",\"email\":\"redac@webdo.tn\",\"legalName\":\"YNJ SARL\",\"foundingDate\":\"2010-09-06\",\"numberOfEmployees\":{\"@type\":\"QuantitativeValue\",\"minValue\":\"11\",\"maxValue\":\"50\"}},{\"@type\":\"Person\",\"@id\":\"https:\\\/\\\/www.webdo.tn\\\/fr\\\/#\\\/schema\\\/person\\\/60d5ba619ed3f58783b0dc82b7dada80\",\"name\":\"Ne\u00efla DRISS\",\"image\":{\"@type\":\"ImageObject\",\"inLanguage\":\"fr-FR\",\"@id\":\"https:\\\/\\\/www.webdo.tn\\\/fr\\\/wp-content\\\/uploads\\\/2026\\\/04\\\/neila-driss_avatar-96x96.jpg\",\"url\":\"https:\\\/\\\/www.webdo.tn\\\/fr\\\/wp-content\\\/uploads\\\/2026\\\/04\\\/neila-driss_avatar-96x96.jpg\",\"contentUrl\":\"https:\\\/\\\/www.webdo.tn\\\/fr\\\/wp-content\\\/uploads\\\/2026\\\/04\\\/neila-driss_avatar-96x96.jpg\",\"caption\":\"Ne\u00efla DRISS\"},\"description\":\"Ne\u00efla Driss est juriste, journaliste culturelle et critique de cin\u00e9ma tunisienne. Titulaire d\u2019un DEA en droit priv\u00e9 de l\u2019Universit\u00e9 Paris II et d\u2019un DESS de l\u2019IHEC Carthage, elle d\u00e9bute sa carri\u00e8re comme juriste sp\u00e9cialis\u00e9e en gestion de patrimoine immobilier. Elle s\u2019oriente ensuite vers l\u2019\u00e9criture en ligne, o\u00f9 elle se distingue d\u00e8s 2006 aux Tunisia Blog Awards, avant de se consacrer au journalisme culturel, avec une sp\u00e9cialisation dans la critique cin\u00e9matographique. Elle couvre r\u00e9guli\u00e8rement les grands festivals internationaux, notamment le Festival de Cannes, les Journ\u00e9es Cin\u00e9matographiques de Carthage et le Festival du film du Caire. Membre de l\u2019ATPCC et de la FIPRESCI, elle participe \u00e0 des jurys et initiatives internationales de critique. Depuis 2024, elle est \u00e9lectrice internationale aux Golden Globes. Facebook : https:\\\/\\\/www.facebook.com\\\/massir.destiniii\\\/ X : https:\\\/\\\/x.com\\\/MassirDestin\",\"sameAs\":[\"https:\\\/\\\/www.facebook.com\\\/massir.destiniii\\\/\",\"https:\\\/\\\/www.instagram.com\\\/neila.driss\\\/?hl=fr\",\"https:\\\/\\\/www.linkedin.com\\\/in\\\/neila-driss-22606a80\\\/\",\"https:\\\/\\\/x.com\\\/https:\\\/\\\/x.com\\\/MassirDestin\"],\"knowsAbout\":[\"Cin\u00e9ma international\",\"critique cin\u00e9matographique\",\"festivals de cin\u00e9ma\",\"journalisme culturel\"],\"knowsLanguage\":[\"Fran\u00e7ais\",\"Arabe\",\"Anglais\"],\"jobTitle\":\"Journaliste culturelle et critique de cin\u00e9ma\",\"worksFor\":\"Webdo\",\"url\":\"https:\\\/\\\/www.webdo.tn\\\/fr\\\/actualite\\\/author\\\/neila-driss\\\/\"}]}<\/script>\n<!-- \/ Yoast SEO Premium plugin. -->","yoast_head_json":{"title":"Festival du Film d'El Gouna 2023 - Annonce d'une premi\u00e8re partie de la s\u00e9lection officielle","description":"El Gouna 2023 - Le festival du film d'El Gouna (GFF) est ravi de d\u00e9voiler la premi\u00e8re partie tant attendue de films s\u00e9lectionn\u00e9s jusqu'\u00e0 pr\u00e9sent pour sa prochai...","canonical":"https:\/\/www.webdo.tn\/fr\/actualite\/culture\/el-gouna-2023-annonce-d-une-premiere-partie-de-la-selection-officielle\/208135\/","og_locale":"fr_FR","og_type":"article","og_title":"Festival du Film d'El Gouna 2023 - Annonce d'une premi\u00e8re partie de la s\u00e9lection officielle","og_description":"El Gouna 2023 - Le festival du film d'El Gouna (GFF) est ravi de d\u00e9voiler la premi\u00e8re partie tant attendue de films s\u00e9lectionn\u00e9s jusqu'\u00e0 pr\u00e9sent pour sa prochai...","og_url":"https:\/\/www.webdo.tn\/fr\/actualite\/culture\/el-gouna-2023-annonce-d-une-premiere-partie-de-la-selection-officielle\/208135\/","og_site_name":"webdo","article_publisher":"https:\/\/www.facebook.com\/webdotn","article_author":"https:\/\/www.facebook.com\/massir.destiniii\/","article_published_time":"2023-08-23T19:06:00+00:00","article_modified_time":"2025-05-21T08:57:09+00:00","og_image":[{"width":750,"height":400,"url":"https:\/\/www.webdo.tn\/fr\/wp-content\/uploads\/2023\/08\/697defdd0aa23dbebcec43623e88b09d.jpeg","type":"image\/jpeg"}],"author":"Ne\u00efla DRISS","twitter_card":"summary_large_image","twitter_creator":"@https:\/\/x.com\/MassirDestin","twitter_site":"@webdo_tn","twitter_misc":{"\u00c9crit par":"Ne\u00efla DRISS","Dur\u00e9e de lecture estim\u00e9e":"12 minutes"},"schema":{"@context":"https:\/\/schema.org","@graph":[{"@type":"NewsArticle","@id":"https:\/\/www.webdo.tn\/fr\/actualite\/culture\/el-gouna-2023-annonce-d-une-premiere-partie-de-la-selection-officielle\/208135\/#article","isPartOf":{"@id":"https:\/\/www.webdo.tn\/fr\/actualite\/culture\/el-gouna-2023-annonce-d-une-premiere-partie-de-la-selection-officielle\/208135\/"},"author":{"name":"Ne\u00efla DRISS","@id":"https:\/\/www.webdo.tn\/fr\/#\/schema\/person\/60d5ba619ed3f58783b0dc82b7dada80"},"headline":"Festival du Film d&rsquo;El Gouna 2023 &#8211; Annonce d&rsquo;une premi\u00e8re partie de la s\u00e9lection officielle","datePublished":"2023-08-23T19:06:00+00:00","dateModified":"2025-05-21T08:57:09+00:00","mainEntityOfPage":{"@id":"https:\/\/www.webdo.tn\/fr\/actualite\/culture\/el-gouna-2023-annonce-d-une-premiere-partie-de-la-selection-officielle\/208135\/"},"wordCount":2430,"commentCount":0,"publisher":{"@id":"https:\/\/www.webdo.tn\/fr\/#organization"},"image":{"@id":"https:\/\/www.webdo.tn\/fr\/actualite\/culture\/el-gouna-2023-annonce-d-une-premiere-partie-de-la-selection-officielle\/208135\/#primaryimage"},"thumbnailUrl":"https:\/\/www.webdo.tn\/fr\/wp-content\/uploads\/2023\/08\/697defdd0aa23dbebcec43623e88b09d.jpeg","keywords":["El Gouna 2023","Festival de cin\u00e9ma","Festival du Film d'El Gouna","GFF","GFF 2023"],"articleSection":["Culture"],"inLanguage":"fr-FR"},{"@type":"WebPage","@id":"https:\/\/www.webdo.tn\/fr\/actualite\/culture\/el-gouna-2023-annonce-d-une-premiere-partie-de-la-selection-officielle\/208135\/","url":"https:\/\/www.webdo.tn\/fr\/actualite\/culture\/el-gouna-2023-annonce-d-une-premiere-partie-de-la-selection-officielle\/208135\/","name":"Festival du Film d'El Gouna 2023 - Annonce d'une premi\u00e8re partie de la s\u00e9lection officielle","isPartOf":{"@id":"https:\/\/www.webdo.tn\/fr\/#website"},"primaryImageOfPage":{"@id":"https:\/\/www.webdo.tn\/fr\/actualite\/culture\/el-gouna-2023-annonce-d-une-premiere-partie-de-la-selection-officielle\/208135\/#primaryimage"},"image":{"@id":"https:\/\/www.webdo.tn\/fr\/actualite\/culture\/el-gouna-2023-annonce-d-une-premiere-partie-de-la-selection-officielle\/208135\/#primaryimage"},"thumbnailUrl":"https:\/\/www.webdo.tn\/fr\/wp-content\/uploads\/2023\/08\/697defdd0aa23dbebcec43623e88b09d.jpeg","datePublished":"2023-08-23T19:06:00+00:00","dateModified":"2025-05-21T08:57:09+00:00","description":"El Gouna 2023 - Le festival du film d'El Gouna (GFF) est ravi de d\u00e9voiler la premi\u00e8re partie tant attendue de films s\u00e9lectionn\u00e9s jusqu'\u00e0 pr\u00e9sent pour sa prochai...","breadcrumb":{"@id":"https:\/\/www.webdo.tn\/fr\/actualite\/culture\/el-gouna-2023-annonce-d-une-premiere-partie-de-la-selection-officielle\/208135\/#breadcrumb"},"inLanguage":"fr-FR","potentialAction":[{"@type":"ReadAction","target":["https:\/\/www.webdo.tn\/fr\/actualite\/culture\/el-gouna-2023-annonce-d-une-premiere-partie-de-la-selection-officielle\/208135\/"]}]},{"@type":"ImageObject","inLanguage":"fr-FR","@id":"https:\/\/www.webdo.tn\/fr\/actualite\/culture\/el-gouna-2023-annonce-d-une-premiere-partie-de-la-selection-officielle\/208135\/#primaryimage","url":"https:\/\/www.webdo.tn\/fr\/wp-content\/uploads\/2023\/08\/697defdd0aa23dbebcec43623e88b09d.jpeg","contentUrl":"https:\/\/www.webdo.tn\/fr\/wp-content\/uploads\/2023\/08\/697defdd0aa23dbebcec43623e88b09d.jpeg","width":750,"height":400,"caption":"Festival du Film d'El Gouna 2023 - Annonce d'une premi\u00e8re partie de la s\u00e9lection officielle"},{"@type":"BreadcrumbList","@id":"https:\/\/www.webdo.tn\/fr\/actualite\/culture\/el-gouna-2023-annonce-d-une-premiere-partie-de-la-selection-officielle\/208135\/#breadcrumb","itemListElement":[{"@type":"ListItem","position":1,"name":"Accueil","item":"https:\/\/www.webdo.tn\/fr\/"},{"@type":"ListItem","position":2,"name":"Festival du Film d&rsquo;El Gouna 2023 &#8211; Annonce d&rsquo;une premi\u00e8re partie de la s\u00e9lection officielle"}]},{"@type":"WebSite","@id":"https:\/\/www.webdo.tn\/fr\/#website","url":"https:\/\/www.webdo.tn\/fr\/","name":"webdo","description":"Tunisie - News en Tunisie et \u00e0 l&#039;international sur Webdo.tn","publisher":{"@id":"https:\/\/www.webdo.tn\/fr\/#organization"},"potentialAction":[{"@type":"SearchAction","target":{"@type":"EntryPoint","urlTemplate":"https:\/\/www.webdo.tn\/fr\/?s={search_term_string}"},"query-input":{"@type":"PropertyValueSpecification","valueRequired":true,"valueName":"search_term_string"}}],"inLanguage":"fr-FR"},{"@type":"Organization","@id":"https:\/\/www.webdo.tn\/fr\/#organization","name":"Webdo","alternateName":"Webdo.tn","url":"https:\/\/www.webdo.tn\/fr\/","logo":{"@type":"ImageObject","inLanguage":"fr-FR","@id":"https:\/\/www.webdo.tn\/fr\/#\/schema\/logo\/image\/","url":"https:\/\/www.webdo.tn\/fr\/wp-content\/uploads\/2025\/06\/Webdo-Tunisie_168377.jpg","contentUrl":"https:\/\/www.webdo.tn\/fr\/wp-content\/uploads\/2025\/06\/Webdo-Tunisie_168377.jpg","width":301,"height":301,"caption":"Webdo"},"image":{"@id":"https:\/\/www.webdo.tn\/fr\/#\/schema\/logo\/image\/"},"sameAs":["https:\/\/www.facebook.com\/webdotn","https:\/\/x.com\/webdo_tn"],"description":"Webdo est un m\u00e9dia num\u00e9rique tunisien fond\u00e9 en 2010, sp\u00e9cialis\u00e9 dans l\u2019actualit\u00e9 nationale et internationale, l\u2019\u00e9conomie, la soci\u00e9t\u00e9 et les analyses politiques. Le site s\u2019adresse \u00e0 un large public francophone et couvre l\u2019information tunisienne en temps r\u00e9el.","email":"redac@webdo.tn","legalName":"YNJ SARL","foundingDate":"2010-09-06","numberOfEmployees":{"@type":"QuantitativeValue","minValue":"11","maxValue":"50"}},{"@type":"Person","@id":"https:\/\/www.webdo.tn\/fr\/#\/schema\/person\/60d5ba619ed3f58783b0dc82b7dada80","name":"Ne\u00efla DRISS","image":{"@type":"ImageObject","inLanguage":"fr-FR","@id":"https:\/\/www.webdo.tn\/fr\/wp-content\/uploads\/2026\/04\/neila-driss_avatar-96x96.jpg","url":"https:\/\/www.webdo.tn\/fr\/wp-content\/uploads\/2026\/04\/neila-driss_avatar-96x96.jpg","contentUrl":"https:\/\/www.webdo.tn\/fr\/wp-content\/uploads\/2026\/04\/neila-driss_avatar-96x96.jpg","caption":"Ne\u00efla DRISS"},"description":"Ne\u00efla Driss est juriste, journaliste culturelle et critique de cin\u00e9ma tunisienne. Titulaire d\u2019un DEA en droit priv\u00e9 de l\u2019Universit\u00e9 Paris II et d\u2019un DESS de l\u2019IHEC Carthage, elle d\u00e9bute sa carri\u00e8re comme juriste sp\u00e9cialis\u00e9e en gestion de patrimoine immobilier. Elle s\u2019oriente ensuite vers l\u2019\u00e9criture en ligne, o\u00f9 elle se distingue d\u00e8s 2006 aux Tunisia Blog Awards, avant de se consacrer au journalisme culturel, avec une sp\u00e9cialisation dans la critique cin\u00e9matographique. Elle couvre r\u00e9guli\u00e8rement les grands festivals internationaux, notamment le Festival de Cannes, les Journ\u00e9es Cin\u00e9matographiques de Carthage et le Festival du film du Caire. Membre de l\u2019ATPCC et de la FIPRESCI, elle participe \u00e0 des jurys et initiatives internationales de critique. Depuis 2024, elle est \u00e9lectrice internationale aux Golden Globes. Facebook : https:\/\/www.facebook.com\/massir.destiniii\/ X : https:\/\/x.com\/MassirDestin","sameAs":["https:\/\/www.facebook.com\/massir.destiniii\/","https:\/\/www.instagram.com\/neila.driss\/?hl=fr","https:\/\/www.linkedin.com\/in\/neila-driss-22606a80\/","https:\/\/x.com\/https:\/\/x.com\/MassirDestin"],"knowsAbout":["Cin\u00e9ma international","critique cin\u00e9matographique","festivals de cin\u00e9ma","journalisme culturel"],"knowsLanguage":["Fran\u00e7ais","Arabe","Anglais"],"jobTitle":"Journaliste culturelle et critique de cin\u00e9ma","worksFor":"Webdo","url":"https:\/\/www.webdo.tn\/fr\/actualite\/author\/neila-driss\/"}]}},"_links":{"self":[{"href":"https:\/\/www.webdo.tn\/fr\/wp-json\/wp\/v2\/posts\/208135","targetHints":{"allow":["GET"]}}],"collection":[{"href":"https:\/\/www.webdo.tn\/fr\/wp-json\/wp\/v2\/posts"}],"about":[{"href":"https:\/\/www.webdo.tn\/fr\/wp-json\/wp\/v2\/types\/post"}],"author":[{"embeddable":true,"href":"https:\/\/www.webdo.tn\/fr\/wp-json\/wp\/v2\/users\/3164"}],"replies":[{"embeddable":true,"href":"https:\/\/www.webdo.tn\/fr\/wp-json\/wp\/v2\/comments?post=208135"}],"version-history":[{"count":0,"href":"https:\/\/www.webdo.tn\/fr\/wp-json\/wp\/v2\/posts\/208135\/revisions"}],"wp:featuredmedia":[{"embeddable":true,"href":"https:\/\/www.webdo.tn\/fr\/wp-json\/wp\/v2\/media\/278645"}],"wp:attachment":[{"href":"https:\/\/www.webdo.tn\/fr\/wp-json\/wp\/v2\/media?parent=208135"}],"wp:term":[{"taxonomy":"category","embeddable":true,"href":"https:\/\/www.webdo.tn\/fr\/wp-json\/wp\/v2\/categories?post=208135"},{"taxonomy":"post_tag","embeddable":true,"href":"https:\/\/www.webdo.tn\/fr\/wp-json\/wp\/v2\/tags?post=208135"}],"curies":[{"name":"wp","href":"https:\/\/api.w.org\/{rel}","templated":true}]}}