{"id":208123,"date":"2023-08-23T11:44:00","date_gmt":"2023-08-23T11:44:00","guid":{"rendered":"https:\/\/www.webdo.tn\/fr\/blog\/carnets-festivaliers-3-au-fifak-gros-plan-sur-le-cinema-arabe\/208123\/"},"modified":"2025-05-17T21:12:05","modified_gmt":"2025-05-17T21:12:05","slug":"carnets-festivaliers-3-au-fifak-gros-plan-sur-le-cinema-arabe","status":"publish","type":"post","link":"https:\/\/www.webdo.tn\/fr\/actualite\/culture\/carnets-festivaliers-3-au-fifak-gros-plan-sur-le-cinema-arabe\/208123\/","title":{"rendered":"Carnets festivaliers (3) : Au Fifak, gros plan sur le cin\u00e9ma arabe"},"content":{"rendered":"<p>Le festival international du film amateur de K\u00e9libia se poursuit jusqu&rsquo;au 26 ao\u00fbt. \u00c0 chaque soir\u00e9e, une dizaine d&rsquo;\u0153uvres sont projet\u00e9es devant un public record.<\/p>\n<p>\t\t\t\t\t\t\t\t\tCe qui impressionne le visiteur \u00e0 K\u00e9libia, c&rsquo;est la grande fid\u00e9lit\u00e9 du public, au festival du film amateur. Chaque soir, une longue file d&rsquo;attente scrute l&rsquo;ouverture des portes et investit ensuite le th\u00e9\u00e2tre dans une ambiance festive mais attentive.<\/p>\n<p>On ne badine pas avec les films et \u00e0 la fin de chaque projection, l&rsquo;applaudim\u00e8tre donne un premier indice de la satisfaction d&rsquo;un public qui savoure son festival jusqu&rsquo;au dernier rayon de projecteur.<\/p>\n<p>En fait, K\u00e9libia s&rsquo;est appropri\u00e9e le festival du film qui est une initiative de la F\u00e9d\u00e9ration tunisienne des cin\u00e9astes amateurs. La tradition remonte \u00e0 une soixantaine d&rsquo;ann\u00e9es et elle est d\u00e9sormais profond\u00e9ment ancr\u00e9e.<\/p>\n<p>J&rsquo;attendais la quatri\u00e8me soir\u00e9e du festival avec beaucoup de curiosit\u00e9. Enti\u00e8rement consacr\u00e9 aux films arabes, avec des contrepoints alg\u00e9rien et tunisien, le programme se d\u00e9clinait en une douzaine de films, avec en prime une s\u00e9quence d\u00e9di\u00e9e \u00e0 des films palestiniens.<\/p>\n<p>D\u00e8s le premier film, l&rsquo;\u00e9motion et le bon cin\u00e9ma \u00e9taient au rendez-vous. \u00ab\u00a0Happy Land\u00a0\u00bb de Nour Khair Alanam est un magnifique chass\u00e9-crois\u00e9 entre trois personnages : un p\u00e8re \u00e9plor\u00e9 par la mort de son fils, un agriculteur qui revend une cargaison de pommes au march\u00e9 et se fait voler sa recette et un voleur \u00e0 motocyclette qui devient un bon samaritain.<\/p>\n<p>Les personnages se croisent au gr\u00e9 du hasard jusqu&rsquo;\u00e0 la s\u00e9quence finale o\u00f9 le cercueil que le p\u00e8re transportait au cimeti\u00e8re soit abandonn\u00e9 au seuil de Happy Land, un \u00e9trange parc d&rsquo;attractions en p\u00e9riph\u00e9rie de la ville, un lieu qui semble abandonn\u00e9.<\/p>\n<p>Avec une remarquable direction d&rsquo;acteurs et un rythme soutenu, ce film syrien h\u00e9site entre humour et d\u00e9rision et constitue une \u0153uvre tr\u00e8s achev\u00e9e.<\/p>\n<p>Le second film de la soir\u00e9e s&rsquo;intitule \u00ab\u00a0Il \u00e9tait une fois\u00a0\u00bb et son r\u00e9alisateur Ahmed Raggad est venu d&rsquo;Alg\u00e9rie pour le pr\u00e9senter. En termes d&rsquo;image, ce film est parfaitement construit avec la structure d&rsquo;une nouvelle, des personnages bien esquiss\u00e9s et des plans qui cernent l&rsquo;univers d&rsquo;une famille o\u00f9 le p\u00e8re est en conflit avec sa fille \u00e0 cause du pr\u00e9tendant de cette derni\u00e8re.<\/p>\n<p>Des oiseaux en cage, des instruments de musique, le visage d&rsquo;un enfant et le cliquetis d&rsquo;une machine \u00e0 coudre favorisent quelqubes ellipses et laissent m\u00fbrir la fable jusqu&rsquo;\u00e0 la sc\u00e8ne finale.<\/p>\n<p>Une troisi\u00e8me fiction \u00e9tait au programme : un film irakien de Malak Mnahi dont le titre est \u00ab\u00a0R\u00eave perdu\u00a0\u00bb. Deux personnages \u00e9voluent \u00e0 huis clos dans l&rsquo;atelier d&rsquo;un peintre et parlent de r\u00eaves. Warda est une id\u00e9aliste qui pose pour un artiste plus \u00e2g\u00e9 qu&rsquo;elle dont on ne sait plus \u00e0 un moment s&rsquo;il n&rsquo;est que l&rsquo;image du p\u00e8re.<\/p>\n<p>Un jeu de s\u00e9duction s&rsquo;installe dans le calme pr\u00e9caire de Bagdad, des lettres sont \u00e9voqu\u00e9es ainsi qu&rsquo;une maladie grave. Puis le film s&rsquo;interrompt sur une sc\u00e8ne brutale qui brise l&rsquo;\u00e9lan de joie des deux protagonistes.<\/p>\n<p>Ces trois fictions, m\u00eame si leurs matrices sont similaires, ne se ressemblent pas. Elles ont en commun leur hors- champ qui \u00e9chappe aux personnages et les conditionne et aussi un certain fatalisme qui, entre accablement et renonciation, ressemble \u00e0 un arch\u00e9type arabe.<\/p>\n<p>Deux documentaires compl\u00e8tent le programme. Dans \u00ab\u00a0Souf\u00a0\u00bb, un film jordanien de Muhannad Lafi, le portrait d&rsquo;une activiste et son parcours sont dress\u00e9s de mani\u00e8re plut\u00f4t lin\u00e9aire, sans v\u00e9ritable traitement cin\u00e9matographique. Le film se limite \u00e0 une interview\u00a0 &#8211; attachante, il est vrai &#8211; qui documente le v\u00e9cu d&rsquo;une femme et offre un \u00e9clairage saisissant sur les familles palestiniennes rel\u00e9gu\u00e9es dans des camps.<\/p>\n<p>Tout l&rsquo;int\u00e9r\u00eat de ce film r\u00e9side dans la texture de la personne qui s&rsquo;exprime mais au-del\u00e0, le spectateur se trouve plus dans la logique d&rsquo;un t\u00e9moignage film\u00e9 que dans celle d&rsquo;un documentaire articul\u00e9 sur une m\u00e9thode, une recherche et une esth\u00e9tique.<\/p>\n<p>Le second film, une \u0153uvre palestinienne, se pr\u00e9sente comme le making of d&rsquo;un documentaire. Proc\u00e9dant par des mises en abyme successives, le r\u00e9alisateur Aymen Zawahiri explore, la cam\u00e9ra au poing, une ville en \u00e9t\u00e9.<br \/>\nL&rsquo;objectif s&rsquo;attarde sur les immeubles, recherche des perspectives, p\u00e9n\u00e8tre les souks, saisit la vie dans les n\u0153uds urbains et les gares routi\u00e8res.<\/p>\n<p>Pas de texte narratif pour ce documentaire ponctu\u00e9 par la musique et les rumeurs de la ville. Beaucoup de contrepoints aussi qui alternent avec le r\u00e9cit proprement dit et montrent aussi bien l&rsquo;\u00e9quipe du film au travail que la f\u00e9brilit\u00e9 urbaine.<\/p>\n<p>Moderne dans son essence et tr\u00e8s contemporain par sa m\u00e9thode narrative, \u00ab\u00a0L&rsquo;\u00e9t\u00e9, la ville et une cam\u00e9ra\u00a0\u00bb d&rsquo;Anas Zawahiri s&rsquo;inscrit dans une lign\u00e9e d&rsquo;oeuvres qui sont dans la m\u00eame lign\u00e9e esth\u00e9tique.<\/p>\n<p>La soir\u00e9e s&rsquo;est poursuivie avec la projection de trois films courts produits par Palestinian Lab et r\u00e9alis\u00e9es par des adolescents. Le premier film d\u00e9clinait en deux minutes les r\u00eaves de quelques enfants palestiniens.<\/p>\n<p>Le second film \u00e9tait le plus accompli et dressait les portraits crois\u00e9s de deux femmes aux prises avec leur m\u00e9moire de l&rsquo;Intifada de 1987. \u00c0 partir de broderies traditionnelles se tisse une m\u00e9taphore sur le devoir de perp\u00e9tuer les usages et l&rsquo;identit\u00e9 populaire.<\/p>\n<p>Enfin \u00ab\u00a0Visit Palestine\u00a0\u00bb est un clip d&rsquo;une minute qui vante les beaut\u00e9s touristiques d&rsquo;un pays mais un check-point vient bousculer le propos et induire que le pays promis par le clip n&rsquo;est pas accessible \u00e0 ses propres enfants.<\/p>\n<p>La soir\u00e9e du cin\u00e9ma arabe s&rsquo;est achev\u00e9e sur ces images alors que le reste du programme \u00e9tait consacr\u00e9 \u00e0 la production tunisienne sur laquelle nous reviendrons ult\u00e9rieurement.<\/p>\n","protected":false},"excerpt":{"rendered":"<p>Le festival international du film amateur de K\u00e9libia se poursuit jusqu&rsquo;au 26 ao\u00fbt. \u00c0 chaque soir\u00e9e, une dizaine d&rsquo;\u0153uvres sont projet\u00e9es devant un public record.<\/p>\n","protected":false},"author":3229,"featured_media":278641,"comment_status":"open","ping_status":"closed","sticky":false,"template":"","format":"standard","meta":{"footnotes":""},"categories":[2594],"tags":[8038,8037,2723],"class_list":["post-208123","post","type-post","status-publish","format-standard","has-post-thumbnail","hentry","category-culture","tag-cinema-amateur","tag-fifak","tag-kelibia"],"yoast_head":"<!-- This site is optimized with the Yoast SEO Premium plugin v27.5 (Yoast SEO v27.5) - https:\/\/yoast.com\/product\/yoast-seo-premium-wordpress\/ -->\n<title>Carnets festivaliers (3) : Au Fifak, gros plan sur le cin\u00e9ma arabe<\/title>\n<meta name=\"description\" content=\"Le festival international du film amateur de K\u00e9libia se poursuit jusqu&#039;au 26 ao\u00fbt. \u00c0 chaque soir\u00e9e, une dizaine d&#039;\u0153uvres sont projet\u00e9es devant un public record.\" \/>\n<link rel=\"canonical\" href=\"https:\/\/www.webdo.tn\/fr\/actualite\/culture\/carnets-festivaliers-3-au-fifak-gros-plan-sur-le-cinema-arabe\/208123\/\" \/>\n<meta property=\"og:locale\" content=\"fr_FR\" \/>\n<meta property=\"og:type\" content=\"article\" \/>\n<meta property=\"og:title\" content=\"Carnets festivaliers (3) : Au Fifak, gros plan sur le cin\u00e9ma arabe\" \/>\n<meta property=\"og:description\" content=\"Le festival international du film amateur de K\u00e9libia se poursuit jusqu&#039;au 26 ao\u00fbt. \u00c0 chaque soir\u00e9e, une dizaine d&#039;\u0153uvres sont projet\u00e9es devant un public record.\" \/>\n<meta property=\"og:url\" content=\"https:\/\/www.webdo.tn\/fr\/actualite\/culture\/carnets-festivaliers-3-au-fifak-gros-plan-sur-le-cinema-arabe\/208123\/\" \/>\n<meta property=\"og:site_name\" content=\"webdo\" \/>\n<meta property=\"article:publisher\" content=\"https:\/\/www.facebook.com\/webdotn\" \/>\n<meta property=\"article:author\" content=\"https:\/\/www.facebook.com\/hatem.bourial.2025\" \/>\n<meta property=\"article:published_time\" content=\"2023-08-23T11:44:00+00:00\" \/>\n<meta property=\"article:modified_time\" content=\"2025-05-17T21:12:05+00:00\" \/>\n<meta property=\"og:image\" content=\"https:\/\/www.webdo.tn\/fr\/wp-content\/uploads\/2023\/08\/52ec61d108fd11c64032c8a8c65569df.jpg\" \/>\n\t<meta property=\"og:image:width\" content=\"720\" \/>\n\t<meta property=\"og:image:height\" content=\"384\" \/>\n\t<meta property=\"og:image:type\" content=\"image\/jpeg\" \/>\n<meta name=\"author\" content=\"Hatem Bourial\" \/>\n<meta name=\"twitter:card\" content=\"summary_large_image\" \/>\n<meta name=\"twitter:creator\" content=\"@webdo_tn\" \/>\n<meta name=\"twitter:site\" content=\"@webdo_tn\" \/>\n<meta name=\"twitter:label1\" content=\"\u00c9crit par\" \/>\n\t<meta name=\"twitter:data1\" content=\"Hatem Bourial\" \/>\n\t<meta name=\"twitter:label2\" content=\"Dur\u00e9e de lecture estim\u00e9e\" \/>\n\t<meta name=\"twitter:data2\" content=\"5 minutes\" \/>\n<script type=\"application\/ld+json\" class=\"yoast-schema-graph\">{\"@context\":\"https:\\\/\\\/schema.org\",\"@graph\":[{\"@type\":\"NewsArticle\",\"@id\":\"https:\\\/\\\/www.webdo.tn\\\/fr\\\/actualite\\\/culture\\\/carnets-festivaliers-3-au-fifak-gros-plan-sur-le-cinema-arabe\\\/208123\\\/#article\",\"isPartOf\":{\"@id\":\"https:\\\/\\\/www.webdo.tn\\\/fr\\\/actualite\\\/culture\\\/carnets-festivaliers-3-au-fifak-gros-plan-sur-le-cinema-arabe\\\/208123\\\/\"},\"author\":{\"name\":\"Hatem Bourial\",\"@id\":\"https:\\\/\\\/www.webdo.tn\\\/fr\\\/#\\\/schema\\\/person\\\/6bc0beba2cd23aec27cb5df85ca2554f\"},\"headline\":\"Carnets festivaliers (3) : Au Fifak, gros plan sur le cin\u00e9ma arabe\",\"datePublished\":\"2023-08-23T11:44:00+00:00\",\"dateModified\":\"2025-05-17T21:12:05+00:00\",\"mainEntityOfPage\":{\"@id\":\"https:\\\/\\\/www.webdo.tn\\\/fr\\\/actualite\\\/culture\\\/carnets-festivaliers-3-au-fifak-gros-plan-sur-le-cinema-arabe\\\/208123\\\/\"},\"wordCount\":1049,\"commentCount\":0,\"publisher\":{\"@id\":\"https:\\\/\\\/www.webdo.tn\\\/fr\\\/#organization\"},\"image\":{\"@id\":\"https:\\\/\\\/www.webdo.tn\\\/fr\\\/actualite\\\/culture\\\/carnets-festivaliers-3-au-fifak-gros-plan-sur-le-cinema-arabe\\\/208123\\\/#primaryimage\"},\"thumbnailUrl\":\"https:\\\/\\\/www.webdo.tn\\\/fr\\\/wp-content\\\/uploads\\\/2023\\\/08\\\/52ec61d108fd11c64032c8a8c65569df.jpg\",\"keywords\":[\"cin\u00e9ma amateur\",\"FIFAK\",\"k\u00e9libia\"],\"articleSection\":[\"Culture\"],\"inLanguage\":\"fr-FR\"},{\"@type\":\"WebPage\",\"@id\":\"https:\\\/\\\/www.webdo.tn\\\/fr\\\/actualite\\\/culture\\\/carnets-festivaliers-3-au-fifak-gros-plan-sur-le-cinema-arabe\\\/208123\\\/\",\"url\":\"https:\\\/\\\/www.webdo.tn\\\/fr\\\/actualite\\\/culture\\\/carnets-festivaliers-3-au-fifak-gros-plan-sur-le-cinema-arabe\\\/208123\\\/\",\"name\":\"Carnets festivaliers (3) : Au Fifak, gros plan sur le cin\u00e9ma arabe\",\"isPartOf\":{\"@id\":\"https:\\\/\\\/www.webdo.tn\\\/fr\\\/#website\"},\"primaryImageOfPage\":{\"@id\":\"https:\\\/\\\/www.webdo.tn\\\/fr\\\/actualite\\\/culture\\\/carnets-festivaliers-3-au-fifak-gros-plan-sur-le-cinema-arabe\\\/208123\\\/#primaryimage\"},\"image\":{\"@id\":\"https:\\\/\\\/www.webdo.tn\\\/fr\\\/actualite\\\/culture\\\/carnets-festivaliers-3-au-fifak-gros-plan-sur-le-cinema-arabe\\\/208123\\\/#primaryimage\"},\"thumbnailUrl\":\"https:\\\/\\\/www.webdo.tn\\\/fr\\\/wp-content\\\/uploads\\\/2023\\\/08\\\/52ec61d108fd11c64032c8a8c65569df.jpg\",\"datePublished\":\"2023-08-23T11:44:00+00:00\",\"dateModified\":\"2025-05-17T21:12:05+00:00\",\"description\":\"Le festival international du film amateur de K\u00e9libia se poursuit jusqu'au 26 ao\u00fbt. \u00c0 chaque soir\u00e9e, une dizaine d'\u0153uvres sont projet\u00e9es devant un public record.\",\"breadcrumb\":{\"@id\":\"https:\\\/\\\/www.webdo.tn\\\/fr\\\/actualite\\\/culture\\\/carnets-festivaliers-3-au-fifak-gros-plan-sur-le-cinema-arabe\\\/208123\\\/#breadcrumb\"},\"inLanguage\":\"fr-FR\",\"potentialAction\":[{\"@type\":\"ReadAction\",\"target\":[\"https:\\\/\\\/www.webdo.tn\\\/fr\\\/actualite\\\/culture\\\/carnets-festivaliers-3-au-fifak-gros-plan-sur-le-cinema-arabe\\\/208123\\\/\"]}]},{\"@type\":\"ImageObject\",\"inLanguage\":\"fr-FR\",\"@id\":\"https:\\\/\\\/www.webdo.tn\\\/fr\\\/actualite\\\/culture\\\/carnets-festivaliers-3-au-fifak-gros-plan-sur-le-cinema-arabe\\\/208123\\\/#primaryimage\",\"url\":\"https:\\\/\\\/www.webdo.tn\\\/fr\\\/wp-content\\\/uploads\\\/2023\\\/08\\\/52ec61d108fd11c64032c8a8c65569df.jpg\",\"contentUrl\":\"https:\\\/\\\/www.webdo.tn\\\/fr\\\/wp-content\\\/uploads\\\/2023\\\/08\\\/52ec61d108fd11c64032c8a8c65569df.jpg\",\"width\":720,\"height\":384,\"caption\":\"Carnets festivaliers (3) : Au Fifak, gros plan sur le cin\u00e9ma arabe\"},{\"@type\":\"BreadcrumbList\",\"@id\":\"https:\\\/\\\/www.webdo.tn\\\/fr\\\/actualite\\\/culture\\\/carnets-festivaliers-3-au-fifak-gros-plan-sur-le-cinema-arabe\\\/208123\\\/#breadcrumb\",\"itemListElement\":[{\"@type\":\"ListItem\",\"position\":1,\"name\":\"Accueil\",\"item\":\"https:\\\/\\\/www.webdo.tn\\\/fr\\\/\"},{\"@type\":\"ListItem\",\"position\":2,\"name\":\"Carnets festivaliers (3) : Au Fifak, gros plan sur le cin\u00e9ma arabe\"}]},{\"@type\":\"WebSite\",\"@id\":\"https:\\\/\\\/www.webdo.tn\\\/fr\\\/#website\",\"url\":\"https:\\\/\\\/www.webdo.tn\\\/fr\\\/\",\"name\":\"webdo\",\"description\":\"Tunisie - News en Tunisie et \u00e0 l&#039;international sur Webdo.tn\",\"publisher\":{\"@id\":\"https:\\\/\\\/www.webdo.tn\\\/fr\\\/#organization\"},\"potentialAction\":[{\"@type\":\"SearchAction\",\"target\":{\"@type\":\"EntryPoint\",\"urlTemplate\":\"https:\\\/\\\/www.webdo.tn\\\/fr\\\/?s={search_term_string}\"},\"query-input\":{\"@type\":\"PropertyValueSpecification\",\"valueRequired\":true,\"valueName\":\"search_term_string\"}}],\"inLanguage\":\"fr-FR\"},{\"@type\":\"Organization\",\"@id\":\"https:\\\/\\\/www.webdo.tn\\\/fr\\\/#organization\",\"name\":\"Webdo\",\"alternateName\":\"Webdo.tn\",\"url\":\"https:\\\/\\\/www.webdo.tn\\\/fr\\\/\",\"logo\":{\"@type\":\"ImageObject\",\"inLanguage\":\"fr-FR\",\"@id\":\"https:\\\/\\\/www.webdo.tn\\\/fr\\\/#\\\/schema\\\/logo\\\/image\\\/\",\"url\":\"https:\\\/\\\/www.webdo.tn\\\/fr\\\/wp-content\\\/uploads\\\/2025\\\/06\\\/Webdo-Tunisie_168377.jpg\",\"contentUrl\":\"https:\\\/\\\/www.webdo.tn\\\/fr\\\/wp-content\\\/uploads\\\/2025\\\/06\\\/Webdo-Tunisie_168377.jpg\",\"width\":301,\"height\":301,\"caption\":\"Webdo\"},\"image\":{\"@id\":\"https:\\\/\\\/www.webdo.tn\\\/fr\\\/#\\\/schema\\\/logo\\\/image\\\/\"},\"sameAs\":[\"https:\\\/\\\/www.facebook.com\\\/webdotn\",\"https:\\\/\\\/x.com\\\/webdo_tn\"],\"description\":\"Webdo est un m\u00e9dia num\u00e9rique tunisien fond\u00e9 en 2010, sp\u00e9cialis\u00e9 dans l\u2019actualit\u00e9 nationale et internationale, l\u2019\u00e9conomie, la soci\u00e9t\u00e9 et les analyses politiques. Le site s\u2019adresse \u00e0 un large public francophone et couvre l\u2019information tunisienne en temps r\u00e9el.\",\"email\":\"redac@webdo.tn\",\"legalName\":\"YNJ SARL\",\"foundingDate\":\"2010-09-06\",\"numberOfEmployees\":{\"@type\":\"QuantitativeValue\",\"minValue\":\"11\",\"maxValue\":\"50\"}},{\"@type\":\"Person\",\"@id\":\"https:\\\/\\\/www.webdo.tn\\\/fr\\\/#\\\/schema\\\/person\\\/6bc0beba2cd23aec27cb5df85ca2554f\",\"name\":\"Hatem Bourial\",\"image\":{\"@type\":\"ImageObject\",\"inLanguage\":\"fr-FR\",\"@id\":\"https:\\\/\\\/www.webdo.tn\\\/fr\\\/wp-content\\\/uploads\\\/2026\\\/04\\\/hatem-bourial_avatar-96x96.jpg\",\"url\":\"https:\\\/\\\/www.webdo.tn\\\/fr\\\/wp-content\\\/uploads\\\/2026\\\/04\\\/hatem-bourial_avatar-96x96.jpg\",\"contentUrl\":\"https:\\\/\\\/www.webdo.tn\\\/fr\\\/wp-content\\\/uploads\\\/2026\\\/04\\\/hatem-bourial_avatar-96x96.jpg\",\"caption\":\"Hatem Bourial\"},\"description\":\"Hatem Bourial est journaliste, \u00e9crivain et chroniqueur tunisien. Actif depuis plusieurs d\u00e9cennies, il s\u2019est impos\u00e9 comme un observateur attentif de la soci\u00e9t\u00e9 tunisienne, m\u00ealant dans ses \u00e9crits m\u00e9moire, culture et analyse du quotidien. Auteur de nombreux ouvrages, il d\u00e9veloppe une \u0153uvre \u00e0 la crois\u00e9e du r\u00e9cit, de la po\u00e9sie et de l\u2019observation sociologique. Parall\u00e8lement \u00e0 ses contributions dans la presse, il intervient r\u00e9guli\u00e8rement \u00e0 la radio et dans des espaces culturels, o\u00f9 il explore les enjeux li\u00e9s au patrimoine, \u00e0 l\u2019identit\u00e9 et aux transformations du monde contemporain. \u00c0 travers ses chroniques, Hatem Bourial propose une lecture sensible et approfondie de l\u2019actualit\u00e9, nourrie par une exp\u00e9rience journalistique et litt\u00e9raire reconnue. \ud83d\udd17 Facebook : https:\\\/\\\/www.facebook.com\\\/hatem.bourial.2025\",\"sameAs\":[\"https:\\\/\\\/www.facebook.com\\\/hatem.bourial.2025\",\"https:\\\/\\\/fr.wikipedia.org\\\/wiki\\\/Fichier:Hatem_Bourial.jpg\"],\"knowsAbout\":[\"Culture & patrimoine tunisien\",\"Chronique soci\u00e9tale\",\"Litt\u00e9rature & m\u00e9moire\",\"Cin\u00e9ma & critique culturelle\",\"Identit\u00e9 & mutations sociales\"],\"knowsLanguage\":[\"Arabe\",\"Fran\u00e7ais\",\"Anglais\",\"Italien\",\"Polonais\"],\"jobTitle\":\"Journaliste, \u00e9crivain et chroniqueur culturel\",\"worksFor\":\"Webdo\",\"url\":\"https:\\\/\\\/www.webdo.tn\\\/fr\\\/actualite\\\/author\\\/hatem-bourial-2\\\/\"}]}<\/script>\n<!-- \/ Yoast SEO Premium plugin. -->","yoast_head_json":{"title":"Carnets festivaliers (3) : Au Fifak, gros plan sur le cin\u00e9ma arabe","description":"Le festival international du film amateur de K\u00e9libia se poursuit jusqu'au 26 ao\u00fbt. \u00c0 chaque soir\u00e9e, une dizaine d'\u0153uvres sont projet\u00e9es devant un public record.","canonical":"https:\/\/www.webdo.tn\/fr\/actualite\/culture\/carnets-festivaliers-3-au-fifak-gros-plan-sur-le-cinema-arabe\/208123\/","og_locale":"fr_FR","og_type":"article","og_title":"Carnets festivaliers (3) : Au Fifak, gros plan sur le cin\u00e9ma arabe","og_description":"Le festival international du film amateur de K\u00e9libia se poursuit jusqu'au 26 ao\u00fbt. \u00c0 chaque soir\u00e9e, une dizaine d'\u0153uvres sont projet\u00e9es devant un public record.","og_url":"https:\/\/www.webdo.tn\/fr\/actualite\/culture\/carnets-festivaliers-3-au-fifak-gros-plan-sur-le-cinema-arabe\/208123\/","og_site_name":"webdo","article_publisher":"https:\/\/www.facebook.com\/webdotn","article_author":"https:\/\/www.facebook.com\/hatem.bourial.2025","article_published_time":"2023-08-23T11:44:00+00:00","article_modified_time":"2025-05-17T21:12:05+00:00","og_image":[{"width":720,"height":384,"url":"https:\/\/www.webdo.tn\/fr\/wp-content\/uploads\/2023\/08\/52ec61d108fd11c64032c8a8c65569df.jpg","type":"image\/jpeg"}],"author":"Hatem Bourial","twitter_card":"summary_large_image","twitter_creator":"@webdo_tn","twitter_site":"@webdo_tn","twitter_misc":{"\u00c9crit par":"Hatem Bourial","Dur\u00e9e de lecture estim\u00e9e":"5 minutes"},"schema":{"@context":"https:\/\/schema.org","@graph":[{"@type":"NewsArticle","@id":"https:\/\/www.webdo.tn\/fr\/actualite\/culture\/carnets-festivaliers-3-au-fifak-gros-plan-sur-le-cinema-arabe\/208123\/#article","isPartOf":{"@id":"https:\/\/www.webdo.tn\/fr\/actualite\/culture\/carnets-festivaliers-3-au-fifak-gros-plan-sur-le-cinema-arabe\/208123\/"},"author":{"name":"Hatem Bourial","@id":"https:\/\/www.webdo.tn\/fr\/#\/schema\/person\/6bc0beba2cd23aec27cb5df85ca2554f"},"headline":"Carnets festivaliers (3) : Au Fifak, gros plan sur le cin\u00e9ma arabe","datePublished":"2023-08-23T11:44:00+00:00","dateModified":"2025-05-17T21:12:05+00:00","mainEntityOfPage":{"@id":"https:\/\/www.webdo.tn\/fr\/actualite\/culture\/carnets-festivaliers-3-au-fifak-gros-plan-sur-le-cinema-arabe\/208123\/"},"wordCount":1049,"commentCount":0,"publisher":{"@id":"https:\/\/www.webdo.tn\/fr\/#organization"},"image":{"@id":"https:\/\/www.webdo.tn\/fr\/actualite\/culture\/carnets-festivaliers-3-au-fifak-gros-plan-sur-le-cinema-arabe\/208123\/#primaryimage"},"thumbnailUrl":"https:\/\/www.webdo.tn\/fr\/wp-content\/uploads\/2023\/08\/52ec61d108fd11c64032c8a8c65569df.jpg","keywords":["cin\u00e9ma amateur","FIFAK","k\u00e9libia"],"articleSection":["Culture"],"inLanguage":"fr-FR"},{"@type":"WebPage","@id":"https:\/\/www.webdo.tn\/fr\/actualite\/culture\/carnets-festivaliers-3-au-fifak-gros-plan-sur-le-cinema-arabe\/208123\/","url":"https:\/\/www.webdo.tn\/fr\/actualite\/culture\/carnets-festivaliers-3-au-fifak-gros-plan-sur-le-cinema-arabe\/208123\/","name":"Carnets festivaliers (3) : Au Fifak, gros plan sur le cin\u00e9ma arabe","isPartOf":{"@id":"https:\/\/www.webdo.tn\/fr\/#website"},"primaryImageOfPage":{"@id":"https:\/\/www.webdo.tn\/fr\/actualite\/culture\/carnets-festivaliers-3-au-fifak-gros-plan-sur-le-cinema-arabe\/208123\/#primaryimage"},"image":{"@id":"https:\/\/www.webdo.tn\/fr\/actualite\/culture\/carnets-festivaliers-3-au-fifak-gros-plan-sur-le-cinema-arabe\/208123\/#primaryimage"},"thumbnailUrl":"https:\/\/www.webdo.tn\/fr\/wp-content\/uploads\/2023\/08\/52ec61d108fd11c64032c8a8c65569df.jpg","datePublished":"2023-08-23T11:44:00+00:00","dateModified":"2025-05-17T21:12:05+00:00","description":"Le festival international du film amateur de K\u00e9libia se poursuit jusqu'au 26 ao\u00fbt. \u00c0 chaque soir\u00e9e, une dizaine d'\u0153uvres sont projet\u00e9es devant un public record.","breadcrumb":{"@id":"https:\/\/www.webdo.tn\/fr\/actualite\/culture\/carnets-festivaliers-3-au-fifak-gros-plan-sur-le-cinema-arabe\/208123\/#breadcrumb"},"inLanguage":"fr-FR","potentialAction":[{"@type":"ReadAction","target":["https:\/\/www.webdo.tn\/fr\/actualite\/culture\/carnets-festivaliers-3-au-fifak-gros-plan-sur-le-cinema-arabe\/208123\/"]}]},{"@type":"ImageObject","inLanguage":"fr-FR","@id":"https:\/\/www.webdo.tn\/fr\/actualite\/culture\/carnets-festivaliers-3-au-fifak-gros-plan-sur-le-cinema-arabe\/208123\/#primaryimage","url":"https:\/\/www.webdo.tn\/fr\/wp-content\/uploads\/2023\/08\/52ec61d108fd11c64032c8a8c65569df.jpg","contentUrl":"https:\/\/www.webdo.tn\/fr\/wp-content\/uploads\/2023\/08\/52ec61d108fd11c64032c8a8c65569df.jpg","width":720,"height":384,"caption":"Carnets festivaliers (3) : Au Fifak, gros plan sur le cin\u00e9ma arabe"},{"@type":"BreadcrumbList","@id":"https:\/\/www.webdo.tn\/fr\/actualite\/culture\/carnets-festivaliers-3-au-fifak-gros-plan-sur-le-cinema-arabe\/208123\/#breadcrumb","itemListElement":[{"@type":"ListItem","position":1,"name":"Accueil","item":"https:\/\/www.webdo.tn\/fr\/"},{"@type":"ListItem","position":2,"name":"Carnets festivaliers (3) : Au Fifak, gros plan sur le cin\u00e9ma arabe"}]},{"@type":"WebSite","@id":"https:\/\/www.webdo.tn\/fr\/#website","url":"https:\/\/www.webdo.tn\/fr\/","name":"webdo","description":"Tunisie - News en Tunisie et \u00e0 l&#039;international sur Webdo.tn","publisher":{"@id":"https:\/\/www.webdo.tn\/fr\/#organization"},"potentialAction":[{"@type":"SearchAction","target":{"@type":"EntryPoint","urlTemplate":"https:\/\/www.webdo.tn\/fr\/?s={search_term_string}"},"query-input":{"@type":"PropertyValueSpecification","valueRequired":true,"valueName":"search_term_string"}}],"inLanguage":"fr-FR"},{"@type":"Organization","@id":"https:\/\/www.webdo.tn\/fr\/#organization","name":"Webdo","alternateName":"Webdo.tn","url":"https:\/\/www.webdo.tn\/fr\/","logo":{"@type":"ImageObject","inLanguage":"fr-FR","@id":"https:\/\/www.webdo.tn\/fr\/#\/schema\/logo\/image\/","url":"https:\/\/www.webdo.tn\/fr\/wp-content\/uploads\/2025\/06\/Webdo-Tunisie_168377.jpg","contentUrl":"https:\/\/www.webdo.tn\/fr\/wp-content\/uploads\/2025\/06\/Webdo-Tunisie_168377.jpg","width":301,"height":301,"caption":"Webdo"},"image":{"@id":"https:\/\/www.webdo.tn\/fr\/#\/schema\/logo\/image\/"},"sameAs":["https:\/\/www.facebook.com\/webdotn","https:\/\/x.com\/webdo_tn"],"description":"Webdo est un m\u00e9dia num\u00e9rique tunisien fond\u00e9 en 2010, sp\u00e9cialis\u00e9 dans l\u2019actualit\u00e9 nationale et internationale, l\u2019\u00e9conomie, la soci\u00e9t\u00e9 et les analyses politiques. Le site s\u2019adresse \u00e0 un large public francophone et couvre l\u2019information tunisienne en temps r\u00e9el.","email":"redac@webdo.tn","legalName":"YNJ SARL","foundingDate":"2010-09-06","numberOfEmployees":{"@type":"QuantitativeValue","minValue":"11","maxValue":"50"}},{"@type":"Person","@id":"https:\/\/www.webdo.tn\/fr\/#\/schema\/person\/6bc0beba2cd23aec27cb5df85ca2554f","name":"Hatem Bourial","image":{"@type":"ImageObject","inLanguage":"fr-FR","@id":"https:\/\/www.webdo.tn\/fr\/wp-content\/uploads\/2026\/04\/hatem-bourial_avatar-96x96.jpg","url":"https:\/\/www.webdo.tn\/fr\/wp-content\/uploads\/2026\/04\/hatem-bourial_avatar-96x96.jpg","contentUrl":"https:\/\/www.webdo.tn\/fr\/wp-content\/uploads\/2026\/04\/hatem-bourial_avatar-96x96.jpg","caption":"Hatem Bourial"},"description":"Hatem Bourial est journaliste, \u00e9crivain et chroniqueur tunisien. Actif depuis plusieurs d\u00e9cennies, il s\u2019est impos\u00e9 comme un observateur attentif de la soci\u00e9t\u00e9 tunisienne, m\u00ealant dans ses \u00e9crits m\u00e9moire, culture et analyse du quotidien. Auteur de nombreux ouvrages, il d\u00e9veloppe une \u0153uvre \u00e0 la crois\u00e9e du r\u00e9cit, de la po\u00e9sie et de l\u2019observation sociologique. Parall\u00e8lement \u00e0 ses contributions dans la presse, il intervient r\u00e9guli\u00e8rement \u00e0 la radio et dans des espaces culturels, o\u00f9 il explore les enjeux li\u00e9s au patrimoine, \u00e0 l\u2019identit\u00e9 et aux transformations du monde contemporain. \u00c0 travers ses chroniques, Hatem Bourial propose une lecture sensible et approfondie de l\u2019actualit\u00e9, nourrie par une exp\u00e9rience journalistique et litt\u00e9raire reconnue. \ud83d\udd17 Facebook : https:\/\/www.facebook.com\/hatem.bourial.2025","sameAs":["https:\/\/www.facebook.com\/hatem.bourial.2025","https:\/\/fr.wikipedia.org\/wiki\/Fichier:Hatem_Bourial.jpg"],"knowsAbout":["Culture & patrimoine tunisien","Chronique soci\u00e9tale","Litt\u00e9rature & m\u00e9moire","Cin\u00e9ma & critique culturelle","Identit\u00e9 & mutations sociales"],"knowsLanguage":["Arabe","Fran\u00e7ais","Anglais","Italien","Polonais"],"jobTitle":"Journaliste, \u00e9crivain et chroniqueur culturel","worksFor":"Webdo","url":"https:\/\/www.webdo.tn\/fr\/actualite\/author\/hatem-bourial-2\/"}]}},"_links":{"self":[{"href":"https:\/\/www.webdo.tn\/fr\/wp-json\/wp\/v2\/posts\/208123","targetHints":{"allow":["GET"]}}],"collection":[{"href":"https:\/\/www.webdo.tn\/fr\/wp-json\/wp\/v2\/posts"}],"about":[{"href":"https:\/\/www.webdo.tn\/fr\/wp-json\/wp\/v2\/types\/post"}],"author":[{"embeddable":true,"href":"https:\/\/www.webdo.tn\/fr\/wp-json\/wp\/v2\/users\/3229"}],"replies":[{"embeddable":true,"href":"https:\/\/www.webdo.tn\/fr\/wp-json\/wp\/v2\/comments?post=208123"}],"version-history":[{"count":0,"href":"https:\/\/www.webdo.tn\/fr\/wp-json\/wp\/v2\/posts\/208123\/revisions"}],"wp:featuredmedia":[{"embeddable":true,"href":"https:\/\/www.webdo.tn\/fr\/wp-json\/wp\/v2\/media\/278641"}],"wp:attachment":[{"href":"https:\/\/www.webdo.tn\/fr\/wp-json\/wp\/v2\/media?parent=208123"}],"wp:term":[{"taxonomy":"category","embeddable":true,"href":"https:\/\/www.webdo.tn\/fr\/wp-json\/wp\/v2\/categories?post=208123"},{"taxonomy":"post_tag","embeddable":true,"href":"https:\/\/www.webdo.tn\/fr\/wp-json\/wp\/v2\/tags?post=208123"}],"curies":[{"name":"wp","href":"https:\/\/api.w.org\/{rel}","templated":true}]}}