{"id":208121,"date":"2023-08-23T10:44:00","date_gmt":"2023-08-23T10:44:00","guid":{"rendered":"https:\/\/www.webdo.tn\/fr\/blog\/produits-alimentaires-restaurateurs-et-hoteliers-se-plaignent-du-manque-d-approvisionnement\/208121\/"},"modified":"2025-05-20T22:51:33","modified_gmt":"2025-05-20T22:51:33","slug":"produits-alimentaires-restaurateurs-et-hoteliers-se-plaignent-du-manque-d-approvisionnement","status":"publish","type":"post","link":"https:\/\/www.webdo.tn\/fr\/actualite\/national\/produits-alimentaires-restaurateurs-et-hoteliers-se-plaignent-du-manque-d-approvisionnement\/208121\/","title":{"rendered":"Produits alimentaires : Restaurateurs et h\u00f4teliers se plaignent du manque d\u2019approvisionnement"},"content":{"rendered":"<p>La p\u00e9nurie des produits alimentaires, notamment les produits subventionn\u00e9s, frappe de plein fouet les restaurateurs, mais aussi les h\u00f4teliers.<\/p>\n<p>\t\t\t\t\t\t\t\t\tS\u2019exprimant dans des d\u00e9clarations m\u00e9diatiques, Islam Cha\u00e2bane, pr\u00e9sident de la Chambre des restaurants a fait \u00e9tat de grandes difficult\u00e9s au niveau de l\u2019approvisionnement en produits alimentaires. Il cite en particulier la farine, le riz, le sucre et les boissons gazeuses, le pain.\u00a0<\/p>\n<p>\u00ab Il y a une crise majeure provoqu\u00e9e par l\u2019indisponibilit\u00e9 de nombreux produits \u00bb, a-t-il dit consid\u00e9rant la situation actuelle comme inacceptable.<\/p>\n<p>Le syndicaliste a compar\u00e9 ces conditions avec celles observ\u00e9es lors de la crise sanitaire il y a deux ans.<\/p>\n","protected":false},"excerpt":{"rendered":"<p>La p\u00e9nurie des produits alimentaires, notamment les produits subventionn\u00e9s, frappe de plein fouet les restaurateurs, mais aussi les h\u00f4teliers.<\/p>\n","protected":false},"author":3175,"featured_media":278638,"comment_status":"open","ping_status":"closed","sticky":false,"template":"","format":"standard","meta":{"footnotes":""},"categories":[44],"tags":[9196,2792,8195,2608],"class_list":["post-208121","post","type-post","status-publish","format-standard","has-post-thumbnail","hentry","category-national","tag-approvisionnement","tag-produits-alimentaires","tag-restaurants","tag-tunisie"],"yoast_head":"<!-- This site is optimized with the Yoast SEO Premium plugin v27.4 (Yoast SEO v27.5) - https:\/\/yoast.com\/product\/yoast-seo-premium-wordpress\/ -->\n<title>Produits alimentaires : Restaurateurs et h\u00f4teliers se plaignent du manque d\u2019approvisionnement<\/title>\n<meta name=\"description\" content=\"La p\u00e9nurie des produits alimentaires, notamment les produits subventionn\u00e9s, frappe de plein fouet les restaurateurs, mais aussi les h\u00f4teliers.\" \/>\n<link rel=\"canonical\" href=\"https:\/\/www.webdo.tn\/fr\/actualite\/national\/produits-alimentaires-restaurateurs-et-hoteliers-se-plaignent-du-manque-d-approvisionnement\/208121\/\" \/>\n<meta property=\"og:locale\" content=\"fr_FR\" \/>\n<meta property=\"og:type\" content=\"article\" \/>\n<meta property=\"og:title\" content=\"Produits alimentaires : Restaurateurs et h\u00f4teliers se plaignent du manque d\u2019approvisionnement\" \/>\n<meta property=\"og:description\" content=\"La p\u00e9nurie des produits alimentaires, notamment les produits subventionn\u00e9s, frappe de plein fouet les restaurateurs, mais aussi les h\u00f4teliers.\" \/>\n<meta property=\"og:url\" content=\"https:\/\/www.webdo.tn\/fr\/actualite\/national\/produits-alimentaires-restaurateurs-et-hoteliers-se-plaignent-du-manque-d-approvisionnement\/208121\/\" \/>\n<meta property=\"og:site_name\" content=\"webdo\" \/>\n<meta property=\"article:publisher\" content=\"https:\/\/www.facebook.com\/webdotn\" \/>\n<meta property=\"article:published_time\" content=\"2023-08-23T10:44:00+00:00\" \/>\n<meta property=\"article:modified_time\" content=\"2025-05-20T22:51:33+00:00\" \/>\n<meta property=\"og:image\" content=\"https:\/\/www.webdo.tn\/fr\/wp-content\/uploads\/2023\/08\/18e2a9dc7ef27ad0399565ec6aa14b8a.jpg\" \/>\n\t<meta property=\"og:image:width\" content=\"750\" \/>\n\t<meta property=\"og:image:height\" content=\"400\" \/>\n\t<meta property=\"og:image:type\" content=\"image\/jpeg\" \/>\n<meta name=\"author\" content=\"CL\" \/>\n<meta name=\"twitter:card\" content=\"summary_large_image\" \/>\n<meta name=\"twitter:creator\" content=\"@webdo_tn\" \/>\n<meta name=\"twitter:site\" content=\"@webdo_tn\" \/>\n<meta name=\"twitter:label1\" content=\"\u00c9crit par\" \/>\n\t<meta name=\"twitter:data1\" content=\"CL\" \/>\n\t<meta name=\"twitter:label2\" content=\"Dur\u00e9e de lecture estim\u00e9e\" \/>\n\t<meta name=\"twitter:data2\" content=\"1 minute\" \/>\n<script type=\"application\/ld+json\" class=\"yoast-schema-graph\">{\"@context\":\"https:\\\/\\\/schema.org\",\"@graph\":[{\"@type\":\"NewsArticle\",\"@id\":\"https:\\\/\\\/www.webdo.tn\\\/fr\\\/actualite\\\/national\\\/produits-alimentaires-restaurateurs-et-hoteliers-se-plaignent-du-manque-d-approvisionnement\\\/208121\\\/#article\",\"isPartOf\":{\"@id\":\"https:\\\/\\\/www.webdo.tn\\\/fr\\\/actualite\\\/national\\\/produits-alimentaires-restaurateurs-et-hoteliers-se-plaignent-du-manque-d-approvisionnement\\\/208121\\\/\"},\"author\":{\"name\":\"CL\",\"@id\":\"https:\\\/\\\/www.webdo.tn\\\/fr\\\/#\\\/schema\\\/person\\\/f35b42a42c5e2511bbd282959d6385cc\"},\"headline\":\"Produits alimentaires : Restaurateurs et h\u00f4teliers se plaignent du manque d\u2019approvisionnement\",\"datePublished\":\"2023-08-23T10:44:00+00:00\",\"dateModified\":\"2025-05-20T22:51:33+00:00\",\"mainEntityOfPage\":{\"@id\":\"https:\\\/\\\/www.webdo.tn\\\/fr\\\/actualite\\\/national\\\/produits-alimentaires-restaurateurs-et-hoteliers-se-plaignent-du-manque-d-approvisionnement\\\/208121\\\/\"},\"wordCount\":126,\"commentCount\":0,\"publisher\":{\"@id\":\"https:\\\/\\\/www.webdo.tn\\\/fr\\\/#organization\"},\"image\":{\"@id\":\"https:\\\/\\\/www.webdo.tn\\\/fr\\\/actualite\\\/national\\\/produits-alimentaires-restaurateurs-et-hoteliers-se-plaignent-du-manque-d-approvisionnement\\\/208121\\\/#primaryimage\"},\"thumbnailUrl\":\"https:\\\/\\\/www.webdo.tn\\\/fr\\\/wp-content\\\/uploads\\\/2023\\\/08\\\/18e2a9dc7ef27ad0399565ec6aa14b8a.jpg\",\"keywords\":[\"approvisionnement\",\"produits alimentaires\",\"restaurants\",\"Tunisie\"],\"articleSection\":[\"National\"],\"inLanguage\":\"fr-FR\"},{\"@type\":\"WebPage\",\"@id\":\"https:\\\/\\\/www.webdo.tn\\\/fr\\\/actualite\\\/national\\\/produits-alimentaires-restaurateurs-et-hoteliers-se-plaignent-du-manque-d-approvisionnement\\\/208121\\\/\",\"url\":\"https:\\\/\\\/www.webdo.tn\\\/fr\\\/actualite\\\/national\\\/produits-alimentaires-restaurateurs-et-hoteliers-se-plaignent-du-manque-d-approvisionnement\\\/208121\\\/\",\"name\":\"Produits alimentaires : Restaurateurs et h\u00f4teliers se plaignent du manque d\u2019approvisionnement\",\"isPartOf\":{\"@id\":\"https:\\\/\\\/www.webdo.tn\\\/fr\\\/#website\"},\"primaryImageOfPage\":{\"@id\":\"https:\\\/\\\/www.webdo.tn\\\/fr\\\/actualite\\\/national\\\/produits-alimentaires-restaurateurs-et-hoteliers-se-plaignent-du-manque-d-approvisionnement\\\/208121\\\/#primaryimage\"},\"image\":{\"@id\":\"https:\\\/\\\/www.webdo.tn\\\/fr\\\/actualite\\\/national\\\/produits-alimentaires-restaurateurs-et-hoteliers-se-plaignent-du-manque-d-approvisionnement\\\/208121\\\/#primaryimage\"},\"thumbnailUrl\":\"https:\\\/\\\/www.webdo.tn\\\/fr\\\/wp-content\\\/uploads\\\/2023\\\/08\\\/18e2a9dc7ef27ad0399565ec6aa14b8a.jpg\",\"datePublished\":\"2023-08-23T10:44:00+00:00\",\"dateModified\":\"2025-05-20T22:51:33+00:00\",\"description\":\"La p\u00e9nurie des produits alimentaires, notamment les produits subventionn\u00e9s, frappe de plein fouet les restaurateurs, mais aussi les h\u00f4teliers.\",\"breadcrumb\":{\"@id\":\"https:\\\/\\\/www.webdo.tn\\\/fr\\\/actualite\\\/national\\\/produits-alimentaires-restaurateurs-et-hoteliers-se-plaignent-du-manque-d-approvisionnement\\\/208121\\\/#breadcrumb\"},\"inLanguage\":\"fr-FR\",\"potentialAction\":[{\"@type\":\"ReadAction\",\"target\":[\"https:\\\/\\\/www.webdo.tn\\\/fr\\\/actualite\\\/national\\\/produits-alimentaires-restaurateurs-et-hoteliers-se-plaignent-du-manque-d-approvisionnement\\\/208121\\\/\"]}]},{\"@type\":\"ImageObject\",\"inLanguage\":\"fr-FR\",\"@id\":\"https:\\\/\\\/www.webdo.tn\\\/fr\\\/actualite\\\/national\\\/produits-alimentaires-restaurateurs-et-hoteliers-se-plaignent-du-manque-d-approvisionnement\\\/208121\\\/#primaryimage\",\"url\":\"https:\\\/\\\/www.webdo.tn\\\/fr\\\/wp-content\\\/uploads\\\/2023\\\/08\\\/18e2a9dc7ef27ad0399565ec6aa14b8a.jpg\",\"contentUrl\":\"https:\\\/\\\/www.webdo.tn\\\/fr\\\/wp-content\\\/uploads\\\/2023\\\/08\\\/18e2a9dc7ef27ad0399565ec6aa14b8a.jpg\",\"width\":750,\"height\":400,\"caption\":\"Produits alimentaires : Restaurateurs et h\u00f4teliers se plaignent du manque d\u2019approvisionnement\"},{\"@type\":\"BreadcrumbList\",\"@id\":\"https:\\\/\\\/www.webdo.tn\\\/fr\\\/actualite\\\/national\\\/produits-alimentaires-restaurateurs-et-hoteliers-se-plaignent-du-manque-d-approvisionnement\\\/208121\\\/#breadcrumb\",\"itemListElement\":[{\"@type\":\"ListItem\",\"position\":1,\"name\":\"Accueil\",\"item\":\"https:\\\/\\\/www.webdo.tn\\\/fr\\\/\"},{\"@type\":\"ListItem\",\"position\":2,\"name\":\"Produits alimentaires : Restaurateurs et h\u00f4teliers se plaignent du manque d\u2019approvisionnement\"}]},{\"@type\":\"WebSite\",\"@id\":\"https:\\\/\\\/www.webdo.tn\\\/fr\\\/#website\",\"url\":\"https:\\\/\\\/www.webdo.tn\\\/fr\\\/\",\"name\":\"webdo\",\"description\":\"Tunisie - News en Tunisie et \u00e0 l&#039;international sur Webdo.tn\",\"publisher\":{\"@id\":\"https:\\\/\\\/www.webdo.tn\\\/fr\\\/#organization\"},\"potentialAction\":[{\"@type\":\"SearchAction\",\"target\":{\"@type\":\"EntryPoint\",\"urlTemplate\":\"https:\\\/\\\/www.webdo.tn\\\/fr\\\/?s={search_term_string}\"},\"query-input\":{\"@type\":\"PropertyValueSpecification\",\"valueRequired\":true,\"valueName\":\"search_term_string\"}}],\"inLanguage\":\"fr-FR\"},{\"@type\":\"Organization\",\"@id\":\"https:\\\/\\\/www.webdo.tn\\\/fr\\\/#organization\",\"name\":\"Webdo\",\"alternateName\":\"Webdo.tn\",\"url\":\"https:\\\/\\\/www.webdo.tn\\\/fr\\\/\",\"logo\":{\"@type\":\"ImageObject\",\"inLanguage\":\"fr-FR\",\"@id\":\"https:\\\/\\\/www.webdo.tn\\\/fr\\\/#\\\/schema\\\/logo\\\/image\\\/\",\"url\":\"https:\\\/\\\/www.webdo.tn\\\/fr\\\/wp-content\\\/uploads\\\/2025\\\/06\\\/Webdo-Tunisie_168377.jpg\",\"contentUrl\":\"https:\\\/\\\/www.webdo.tn\\\/fr\\\/wp-content\\\/uploads\\\/2025\\\/06\\\/Webdo-Tunisie_168377.jpg\",\"width\":301,\"height\":301,\"caption\":\"Webdo\"},\"image\":{\"@id\":\"https:\\\/\\\/www.webdo.tn\\\/fr\\\/#\\\/schema\\\/logo\\\/image\\\/\"},\"sameAs\":[\"https:\\\/\\\/www.facebook.com\\\/webdotn\",\"https:\\\/\\\/x.com\\\/webdo_tn\"],\"description\":\"Webdo est un m\u00e9dia num\u00e9rique tunisien fond\u00e9 en 2010, sp\u00e9cialis\u00e9 dans l\u2019actualit\u00e9 nationale et internationale, l\u2019\u00e9conomie, la soci\u00e9t\u00e9 et les analyses politiques. Le site s\u2019adresse \u00e0 un large public francophone et couvre l\u2019information tunisienne en temps r\u00e9el.\",\"email\":\"redac@webdo.tn\",\"legalName\":\"YNJ SARL\",\"foundingDate\":\"2010-09-06\",\"numberOfEmployees\":{\"@type\":\"QuantitativeValue\",\"minValue\":\"11\",\"maxValue\":\"50\"}},{\"@type\":\"Person\",\"@id\":\"https:\\\/\\\/www.webdo.tn\\\/fr\\\/#\\\/schema\\\/person\\\/f35b42a42c5e2511bbd282959d6385cc\",\"name\":\"CL\",\"image\":{\"@type\":\"ImageObject\",\"inLanguage\":\"fr-FR\",\"@id\":\"https:\\\/\\\/secure.gravatar.com\\\/avatar\\\/1447a49909b67aa657c488aec6512e1dd6143a480c1ecfee9b5b5cd74eb3b59e?s=96&d=mm&r=g\",\"url\":\"https:\\\/\\\/secure.gravatar.com\\\/avatar\\\/1447a49909b67aa657c488aec6512e1dd6143a480c1ecfee9b5b5cd74eb3b59e?s=96&d=mm&r=g\",\"contentUrl\":\"https:\\\/\\\/secure.gravatar.com\\\/avatar\\\/1447a49909b67aa657c488aec6512e1dd6143a480c1ecfee9b5b5cd74eb3b59e?s=96&d=mm&r=g\",\"caption\":\"CL\"},\"url\":\"https:\\\/\\\/www.webdo.tn\\\/fr\\\/actualite\\\/author\\\/cl\\\/\"}]}<\/script>\n<!-- \/ Yoast SEO Premium plugin. -->","yoast_head_json":{"title":"Produits alimentaires : Restaurateurs et h\u00f4teliers se plaignent du manque d\u2019approvisionnement","description":"La p\u00e9nurie des produits alimentaires, notamment les produits subventionn\u00e9s, frappe de plein fouet les restaurateurs, mais aussi les h\u00f4teliers.","canonical":"https:\/\/www.webdo.tn\/fr\/actualite\/national\/produits-alimentaires-restaurateurs-et-hoteliers-se-plaignent-du-manque-d-approvisionnement\/208121\/","og_locale":"fr_FR","og_type":"article","og_title":"Produits alimentaires : Restaurateurs et h\u00f4teliers se plaignent du manque d\u2019approvisionnement","og_description":"La p\u00e9nurie des produits alimentaires, notamment les produits subventionn\u00e9s, frappe de plein fouet les restaurateurs, mais aussi les h\u00f4teliers.","og_url":"https:\/\/www.webdo.tn\/fr\/actualite\/national\/produits-alimentaires-restaurateurs-et-hoteliers-se-plaignent-du-manque-d-approvisionnement\/208121\/","og_site_name":"webdo","article_publisher":"https:\/\/www.facebook.com\/webdotn","article_published_time":"2023-08-23T10:44:00+00:00","article_modified_time":"2025-05-20T22:51:33+00:00","og_image":[{"width":750,"height":400,"url":"https:\/\/www.webdo.tn\/fr\/wp-content\/uploads\/2023\/08\/18e2a9dc7ef27ad0399565ec6aa14b8a.jpg","type":"image\/jpeg"}],"author":"CL","twitter_card":"summary_large_image","twitter_creator":"@webdo_tn","twitter_site":"@webdo_tn","twitter_misc":{"\u00c9crit par":"CL","Dur\u00e9e de lecture estim\u00e9e":"1 minute"},"schema":{"@context":"https:\/\/schema.org","@graph":[{"@type":"NewsArticle","@id":"https:\/\/www.webdo.tn\/fr\/actualite\/national\/produits-alimentaires-restaurateurs-et-hoteliers-se-plaignent-du-manque-d-approvisionnement\/208121\/#article","isPartOf":{"@id":"https:\/\/www.webdo.tn\/fr\/actualite\/national\/produits-alimentaires-restaurateurs-et-hoteliers-se-plaignent-du-manque-d-approvisionnement\/208121\/"},"author":{"name":"CL","@id":"https:\/\/www.webdo.tn\/fr\/#\/schema\/person\/f35b42a42c5e2511bbd282959d6385cc"},"headline":"Produits alimentaires : Restaurateurs et h\u00f4teliers se plaignent du manque d\u2019approvisionnement","datePublished":"2023-08-23T10:44:00+00:00","dateModified":"2025-05-20T22:51:33+00:00","mainEntityOfPage":{"@id":"https:\/\/www.webdo.tn\/fr\/actualite\/national\/produits-alimentaires-restaurateurs-et-hoteliers-se-plaignent-du-manque-d-approvisionnement\/208121\/"},"wordCount":126,"commentCount":0,"publisher":{"@id":"https:\/\/www.webdo.tn\/fr\/#organization"},"image":{"@id":"https:\/\/www.webdo.tn\/fr\/actualite\/national\/produits-alimentaires-restaurateurs-et-hoteliers-se-plaignent-du-manque-d-approvisionnement\/208121\/#primaryimage"},"thumbnailUrl":"https:\/\/www.webdo.tn\/fr\/wp-content\/uploads\/2023\/08\/18e2a9dc7ef27ad0399565ec6aa14b8a.jpg","keywords":["approvisionnement","produits alimentaires","restaurants","Tunisie"],"articleSection":["National"],"inLanguage":"fr-FR"},{"@type":"WebPage","@id":"https:\/\/www.webdo.tn\/fr\/actualite\/national\/produits-alimentaires-restaurateurs-et-hoteliers-se-plaignent-du-manque-d-approvisionnement\/208121\/","url":"https:\/\/www.webdo.tn\/fr\/actualite\/national\/produits-alimentaires-restaurateurs-et-hoteliers-se-plaignent-du-manque-d-approvisionnement\/208121\/","name":"Produits alimentaires : Restaurateurs et h\u00f4teliers se plaignent du manque d\u2019approvisionnement","isPartOf":{"@id":"https:\/\/www.webdo.tn\/fr\/#website"},"primaryImageOfPage":{"@id":"https:\/\/www.webdo.tn\/fr\/actualite\/national\/produits-alimentaires-restaurateurs-et-hoteliers-se-plaignent-du-manque-d-approvisionnement\/208121\/#primaryimage"},"image":{"@id":"https:\/\/www.webdo.tn\/fr\/actualite\/national\/produits-alimentaires-restaurateurs-et-hoteliers-se-plaignent-du-manque-d-approvisionnement\/208121\/#primaryimage"},"thumbnailUrl":"https:\/\/www.webdo.tn\/fr\/wp-content\/uploads\/2023\/08\/18e2a9dc7ef27ad0399565ec6aa14b8a.jpg","datePublished":"2023-08-23T10:44:00+00:00","dateModified":"2025-05-20T22:51:33+00:00","description":"La p\u00e9nurie des produits alimentaires, notamment les produits subventionn\u00e9s, frappe de plein fouet les restaurateurs, mais aussi les h\u00f4teliers.","breadcrumb":{"@id":"https:\/\/www.webdo.tn\/fr\/actualite\/national\/produits-alimentaires-restaurateurs-et-hoteliers-se-plaignent-du-manque-d-approvisionnement\/208121\/#breadcrumb"},"inLanguage":"fr-FR","potentialAction":[{"@type":"ReadAction","target":["https:\/\/www.webdo.tn\/fr\/actualite\/national\/produits-alimentaires-restaurateurs-et-hoteliers-se-plaignent-du-manque-d-approvisionnement\/208121\/"]}]},{"@type":"ImageObject","inLanguage":"fr-FR","@id":"https:\/\/www.webdo.tn\/fr\/actualite\/national\/produits-alimentaires-restaurateurs-et-hoteliers-se-plaignent-du-manque-d-approvisionnement\/208121\/#primaryimage","url":"https:\/\/www.webdo.tn\/fr\/wp-content\/uploads\/2023\/08\/18e2a9dc7ef27ad0399565ec6aa14b8a.jpg","contentUrl":"https:\/\/www.webdo.tn\/fr\/wp-content\/uploads\/2023\/08\/18e2a9dc7ef27ad0399565ec6aa14b8a.jpg","width":750,"height":400,"caption":"Produits alimentaires : Restaurateurs et h\u00f4teliers se plaignent du manque d\u2019approvisionnement"},{"@type":"BreadcrumbList","@id":"https:\/\/www.webdo.tn\/fr\/actualite\/national\/produits-alimentaires-restaurateurs-et-hoteliers-se-plaignent-du-manque-d-approvisionnement\/208121\/#breadcrumb","itemListElement":[{"@type":"ListItem","position":1,"name":"Accueil","item":"https:\/\/www.webdo.tn\/fr\/"},{"@type":"ListItem","position":2,"name":"Produits alimentaires : Restaurateurs et h\u00f4teliers se plaignent du manque d\u2019approvisionnement"}]},{"@type":"WebSite","@id":"https:\/\/www.webdo.tn\/fr\/#website","url":"https:\/\/www.webdo.tn\/fr\/","name":"webdo","description":"Tunisie - News en Tunisie et \u00e0 l&#039;international sur Webdo.tn","publisher":{"@id":"https:\/\/www.webdo.tn\/fr\/#organization"},"potentialAction":[{"@type":"SearchAction","target":{"@type":"EntryPoint","urlTemplate":"https:\/\/www.webdo.tn\/fr\/?s={search_term_string}"},"query-input":{"@type":"PropertyValueSpecification","valueRequired":true,"valueName":"search_term_string"}}],"inLanguage":"fr-FR"},{"@type":"Organization","@id":"https:\/\/www.webdo.tn\/fr\/#organization","name":"Webdo","alternateName":"Webdo.tn","url":"https:\/\/www.webdo.tn\/fr\/","logo":{"@type":"ImageObject","inLanguage":"fr-FR","@id":"https:\/\/www.webdo.tn\/fr\/#\/schema\/logo\/image\/","url":"https:\/\/www.webdo.tn\/fr\/wp-content\/uploads\/2025\/06\/Webdo-Tunisie_168377.jpg","contentUrl":"https:\/\/www.webdo.tn\/fr\/wp-content\/uploads\/2025\/06\/Webdo-Tunisie_168377.jpg","width":301,"height":301,"caption":"Webdo"},"image":{"@id":"https:\/\/www.webdo.tn\/fr\/#\/schema\/logo\/image\/"},"sameAs":["https:\/\/www.facebook.com\/webdotn","https:\/\/x.com\/webdo_tn"],"description":"Webdo est un m\u00e9dia num\u00e9rique tunisien fond\u00e9 en 2010, sp\u00e9cialis\u00e9 dans l\u2019actualit\u00e9 nationale et internationale, l\u2019\u00e9conomie, la soci\u00e9t\u00e9 et les analyses politiques. Le site s\u2019adresse \u00e0 un large public francophone et couvre l\u2019information tunisienne en temps r\u00e9el.","email":"redac@webdo.tn","legalName":"YNJ SARL","foundingDate":"2010-09-06","numberOfEmployees":{"@type":"QuantitativeValue","minValue":"11","maxValue":"50"}},{"@type":"Person","@id":"https:\/\/www.webdo.tn\/fr\/#\/schema\/person\/f35b42a42c5e2511bbd282959d6385cc","name":"CL","image":{"@type":"ImageObject","inLanguage":"fr-FR","@id":"https:\/\/secure.gravatar.com\/avatar\/1447a49909b67aa657c488aec6512e1dd6143a480c1ecfee9b5b5cd74eb3b59e?s=96&d=mm&r=g","url":"https:\/\/secure.gravatar.com\/avatar\/1447a49909b67aa657c488aec6512e1dd6143a480c1ecfee9b5b5cd74eb3b59e?s=96&d=mm&r=g","contentUrl":"https:\/\/secure.gravatar.com\/avatar\/1447a49909b67aa657c488aec6512e1dd6143a480c1ecfee9b5b5cd74eb3b59e?s=96&d=mm&r=g","caption":"CL"},"url":"https:\/\/www.webdo.tn\/fr\/actualite\/author\/cl\/"}]}},"_links":{"self":[{"href":"https:\/\/www.webdo.tn\/fr\/wp-json\/wp\/v2\/posts\/208121","targetHints":{"allow":["GET"]}}],"collection":[{"href":"https:\/\/www.webdo.tn\/fr\/wp-json\/wp\/v2\/posts"}],"about":[{"href":"https:\/\/www.webdo.tn\/fr\/wp-json\/wp\/v2\/types\/post"}],"author":[{"embeddable":true,"href":"https:\/\/www.webdo.tn\/fr\/wp-json\/wp\/v2\/users\/3175"}],"replies":[{"embeddable":true,"href":"https:\/\/www.webdo.tn\/fr\/wp-json\/wp\/v2\/comments?post=208121"}],"version-history":[{"count":0,"href":"https:\/\/www.webdo.tn\/fr\/wp-json\/wp\/v2\/posts\/208121\/revisions"}],"wp:featuredmedia":[{"embeddable":true,"href":"https:\/\/www.webdo.tn\/fr\/wp-json\/wp\/v2\/media\/278638"}],"wp:attachment":[{"href":"https:\/\/www.webdo.tn\/fr\/wp-json\/wp\/v2\/media?parent=208121"}],"wp:term":[{"taxonomy":"category","embeddable":true,"href":"https:\/\/www.webdo.tn\/fr\/wp-json\/wp\/v2\/categories?post=208121"},{"taxonomy":"post_tag","embeddable":true,"href":"https:\/\/www.webdo.tn\/fr\/wp-json\/wp\/v2\/tags?post=208121"}],"curies":[{"name":"wp","href":"https:\/\/api.w.org\/{rel}","templated":true}]}}