{"id":208117,"date":"2023-08-23T09:27:00","date_gmt":"2023-08-23T09:27:00","guid":{"rendered":"https:\/\/www.webdo.tn\/fr\/blog\/russie-trois-morts-dans-une-attaque-de-drones-ukrainiens\/208117\/"},"modified":"2025-05-20T22:41:32","modified_gmt":"2025-05-20T22:41:32","slug":"russie-trois-morts-dans-une-attaque-de-drones-ukrainiens","status":"publish","type":"post","link":"https:\/\/www.webdo.tn\/fr\/actualite\/international\/russie-trois-morts-dans-une-attaque-de-drones-ukrainiens\/208117\/","title":{"rendered":"Russie : Trois morts dans une attaque de drones ukrainiens"},"content":{"rendered":"<p>L\u2019arm\u00e9e ukrainienne a men\u00e9 de nouvelles attaques de drones en Russie, visant Moscou et sa r\u00e9gion pour la sixi\u00e8me journ\u00e9e cons\u00e9cutive, mais aussi la r\u00e9gion frontali\u00e8re de Belgorod o\u00f9 trois personnes ont \u00e9t\u00e9 tu\u00e9es mercredi 23 ao\u00fbt 2023, selon les autorit\u00e9s russes.<\/p>\n<p>\t\t\t\t\t\t\t\t\tL&rsquo;attaque ukrainienne men\u00e9e \u00e0 Belgorod a tu\u00e9 \u00ab trois civils \u00bb dans le village de Lavy, dans le district de Valou\u00efsk, a indiqu\u00e9 sur Telegram le gouverneur r\u00e9gional Viatcheslav Gladkov.\u00a0<\/p>\n<p>\u00ab Les forces arm\u00e9es ukrainiennes ont lanc\u00e9 un engin explosif via un drone au moment o\u00f9 les gens se trouvaient dans la rue \u00bb, a-t-il pr\u00e9cis\u00e9.<\/p>\n<p>Le maire de Moscou Sergue\u00ef Sobianine a d\u00e9clar\u00e9 sur Telegram que plusieurs fen\u00eatres de deux immeubles de cinq \u00e9tages avaient \u00e9t\u00e9 endommag\u00e9es et les services d&rsquo;urgence inspectaient le p\u00e9rim\u00e8tre.\u00a0<\/p>\n<p>L&rsquo;agence de presse russe RIA Novosti avait rapport\u00e9 plus t\u00f4t qu&rsquo;une \u00ab explosion \u00bb avait \u00e9t\u00e9 entendue dans le quartier d&rsquo;affaires de Moscou City, situ\u00e9 dans l&rsquo;ouest de la capitale russe, \u00e0 quelque 5 kilom\u00e8tres du Kremlin.<\/p>\n","protected":false},"excerpt":{"rendered":"<p>L\u2019arm\u00e9e ukrainienne a men\u00e9 de nouvelles attaques de drones en Russie, visant Moscou et sa r\u00e9gion pour la sixi\u00e8me journ\u00e9e cons\u00e9cutive, mais aussi la r\u00e9gion front&#8230;<\/p>\n","protected":false},"author":3175,"featured_media":249496,"comment_status":"open","ping_status":"closed","sticky":false,"template":"","format":"standard","meta":{"footnotes":""},"categories":[2598],"tags":[7503,3299,3295],"class_list":["post-208117","post","type-post","status-publish","format-standard","has-post-thumbnail","hentry","category-international","tag-drones","tag-russie","tag-ukraine"],"yoast_head":"<!-- This site is optimized with the Yoast SEO Premium plugin v27.5 (Yoast SEO v27.5) - https:\/\/yoast.com\/product\/yoast-seo-premium-wordpress\/ -->\n<title>Russie : Trois morts dans une attaque de drones ukrainiens<\/title>\n<meta name=\"description\" content=\"L\u2019arm\u00e9e ukrainienne a men\u00e9 de nouvelles attaques de drones en Russie, visant Moscou et sa r\u00e9gion pour la sixi\u00e8me journ\u00e9e cons\u00e9cutive, mais aussi la r\u00e9gion front...\" \/>\n<link rel=\"canonical\" href=\"https:\/\/www.webdo.tn\/fr\/actualite\/international\/russie-trois-morts-dans-une-attaque-de-drones-ukrainiens\/208117\/\" \/>\n<meta property=\"og:locale\" content=\"fr_FR\" \/>\n<meta property=\"og:type\" content=\"article\" \/>\n<meta property=\"og:title\" content=\"Russie : Trois morts dans une attaque de drones ukrainiens\" \/>\n<meta property=\"og:description\" content=\"L\u2019arm\u00e9e ukrainienne a men\u00e9 de nouvelles attaques de drones en Russie, visant Moscou et sa r\u00e9gion pour la sixi\u00e8me journ\u00e9e cons\u00e9cutive, mais aussi la r\u00e9gion front...\" \/>\n<meta property=\"og:url\" content=\"https:\/\/www.webdo.tn\/fr\/actualite\/international\/russie-trois-morts-dans-une-attaque-de-drones-ukrainiens\/208117\/\" \/>\n<meta property=\"og:site_name\" content=\"webdo\" \/>\n<meta property=\"article:publisher\" content=\"https:\/\/www.facebook.com\/webdotn\" \/>\n<meta property=\"article:published_time\" content=\"2023-08-23T09:27:00+00:00\" \/>\n<meta property=\"article:modified_time\" content=\"2025-05-20T22:41:32+00:00\" \/>\n<meta property=\"og:image\" content=\"https:\/\/www.webdo.tn\/fr\/wp-content\/uploads\/2023\/08\/4e87e11218da4cace40c7117d3cec590.jpg\" \/>\n\t<meta property=\"og:image:width\" content=\"538\" \/>\n\t<meta property=\"og:image:height\" content=\"287\" \/>\n\t<meta property=\"og:image:type\" content=\"image\/jpeg\" \/>\n<meta name=\"author\" content=\"CL\" \/>\n<meta name=\"twitter:card\" content=\"summary_large_image\" \/>\n<meta name=\"twitter:creator\" content=\"@webdo_tn\" \/>\n<meta name=\"twitter:site\" content=\"@webdo_tn\" \/>\n<meta name=\"twitter:label1\" content=\"\u00c9crit par\" \/>\n\t<meta name=\"twitter:data1\" content=\"CL\" \/>\n\t<meta name=\"twitter:label2\" content=\"Dur\u00e9e de lecture estim\u00e9e\" \/>\n\t<meta name=\"twitter:data2\" content=\"1 minute\" \/>\n<script type=\"application\/ld+json\" class=\"yoast-schema-graph\">{\"@context\":\"https:\\\/\\\/schema.org\",\"@graph\":[{\"@type\":\"NewsArticle\",\"@id\":\"https:\\\/\\\/www.webdo.tn\\\/fr\\\/actualite\\\/international\\\/russie-trois-morts-dans-une-attaque-de-drones-ukrainiens\\\/208117\\\/#article\",\"isPartOf\":{\"@id\":\"https:\\\/\\\/www.webdo.tn\\\/fr\\\/actualite\\\/international\\\/russie-trois-morts-dans-une-attaque-de-drones-ukrainiens\\\/208117\\\/\"},\"author\":{\"name\":\"CL\",\"@id\":\"https:\\\/\\\/www.webdo.tn\\\/fr\\\/#\\\/schema\\\/person\\\/f35b42a42c5e2511bbd282959d6385cc\"},\"headline\":\"Russie : Trois morts dans une attaque de drones ukrainiens\",\"datePublished\":\"2023-08-23T09:27:00+00:00\",\"dateModified\":\"2025-05-20T22:41:32+00:00\",\"mainEntityOfPage\":{\"@id\":\"https:\\\/\\\/www.webdo.tn\\\/fr\\\/actualite\\\/international\\\/russie-trois-morts-dans-une-attaque-de-drones-ukrainiens\\\/208117\\\/\"},\"wordCount\":191,\"commentCount\":0,\"publisher\":{\"@id\":\"https:\\\/\\\/www.webdo.tn\\\/fr\\\/#organization\"},\"image\":{\"@id\":\"https:\\\/\\\/www.webdo.tn\\\/fr\\\/actualite\\\/international\\\/russie-trois-morts-dans-une-attaque-de-drones-ukrainiens\\\/208117\\\/#primaryimage\"},\"thumbnailUrl\":\"https:\\\/\\\/www.webdo.tn\\\/fr\\\/wp-content\\\/uploads\\\/2023\\\/08\\\/4e87e11218da4cace40c7117d3cec590.jpg\",\"keywords\":[\"Drones\",\"Russie\",\"Ukraine\"],\"articleSection\":[\"International\"],\"inLanguage\":\"fr-FR\"},{\"@type\":\"WebPage\",\"@id\":\"https:\\\/\\\/www.webdo.tn\\\/fr\\\/actualite\\\/international\\\/russie-trois-morts-dans-une-attaque-de-drones-ukrainiens\\\/208117\\\/\",\"url\":\"https:\\\/\\\/www.webdo.tn\\\/fr\\\/actualite\\\/international\\\/russie-trois-morts-dans-une-attaque-de-drones-ukrainiens\\\/208117\\\/\",\"name\":\"Russie : Trois morts dans une attaque de drones ukrainiens\",\"isPartOf\":{\"@id\":\"https:\\\/\\\/www.webdo.tn\\\/fr\\\/#website\"},\"primaryImageOfPage\":{\"@id\":\"https:\\\/\\\/www.webdo.tn\\\/fr\\\/actualite\\\/international\\\/russie-trois-morts-dans-une-attaque-de-drones-ukrainiens\\\/208117\\\/#primaryimage\"},\"image\":{\"@id\":\"https:\\\/\\\/www.webdo.tn\\\/fr\\\/actualite\\\/international\\\/russie-trois-morts-dans-une-attaque-de-drones-ukrainiens\\\/208117\\\/#primaryimage\"},\"thumbnailUrl\":\"https:\\\/\\\/www.webdo.tn\\\/fr\\\/wp-content\\\/uploads\\\/2023\\\/08\\\/4e87e11218da4cace40c7117d3cec590.jpg\",\"datePublished\":\"2023-08-23T09:27:00+00:00\",\"dateModified\":\"2025-05-20T22:41:32+00:00\",\"description\":\"L\u2019arm\u00e9e ukrainienne a men\u00e9 de nouvelles attaques de drones en Russie, visant Moscou et sa r\u00e9gion pour la sixi\u00e8me journ\u00e9e cons\u00e9cutive, mais aussi la r\u00e9gion front...\",\"breadcrumb\":{\"@id\":\"https:\\\/\\\/www.webdo.tn\\\/fr\\\/actualite\\\/international\\\/russie-trois-morts-dans-une-attaque-de-drones-ukrainiens\\\/208117\\\/#breadcrumb\"},\"inLanguage\":\"fr-FR\",\"potentialAction\":[{\"@type\":\"ReadAction\",\"target\":[\"https:\\\/\\\/www.webdo.tn\\\/fr\\\/actualite\\\/international\\\/russie-trois-morts-dans-une-attaque-de-drones-ukrainiens\\\/208117\\\/\"]}]},{\"@type\":\"ImageObject\",\"inLanguage\":\"fr-FR\",\"@id\":\"https:\\\/\\\/www.webdo.tn\\\/fr\\\/actualite\\\/international\\\/russie-trois-morts-dans-une-attaque-de-drones-ukrainiens\\\/208117\\\/#primaryimage\",\"url\":\"https:\\\/\\\/www.webdo.tn\\\/fr\\\/wp-content\\\/uploads\\\/2023\\\/08\\\/4e87e11218da4cace40c7117d3cec590.jpg\",\"contentUrl\":\"https:\\\/\\\/www.webdo.tn\\\/fr\\\/wp-content\\\/uploads\\\/2023\\\/08\\\/4e87e11218da4cace40c7117d3cec590.jpg\",\"width\":538,\"height\":287,\"caption\":\"Russie : Trois morts dans une attaque de drones ukrainiens\"},{\"@type\":\"BreadcrumbList\",\"@id\":\"https:\\\/\\\/www.webdo.tn\\\/fr\\\/actualite\\\/international\\\/russie-trois-morts-dans-une-attaque-de-drones-ukrainiens\\\/208117\\\/#breadcrumb\",\"itemListElement\":[{\"@type\":\"ListItem\",\"position\":1,\"name\":\"Accueil\",\"item\":\"https:\\\/\\\/www.webdo.tn\\\/fr\\\/\"},{\"@type\":\"ListItem\",\"position\":2,\"name\":\"Russie : Trois morts dans une attaque de drones ukrainiens\"}]},{\"@type\":\"WebSite\",\"@id\":\"https:\\\/\\\/www.webdo.tn\\\/fr\\\/#website\",\"url\":\"https:\\\/\\\/www.webdo.tn\\\/fr\\\/\",\"name\":\"webdo\",\"description\":\"Tunisie - News en Tunisie et \u00e0 l&#039;international sur Webdo.tn\",\"publisher\":{\"@id\":\"https:\\\/\\\/www.webdo.tn\\\/fr\\\/#organization\"},\"potentialAction\":[{\"@type\":\"SearchAction\",\"target\":{\"@type\":\"EntryPoint\",\"urlTemplate\":\"https:\\\/\\\/www.webdo.tn\\\/fr\\\/?s={search_term_string}\"},\"query-input\":{\"@type\":\"PropertyValueSpecification\",\"valueRequired\":true,\"valueName\":\"search_term_string\"}}],\"inLanguage\":\"fr-FR\"},{\"@type\":\"Organization\",\"@id\":\"https:\\\/\\\/www.webdo.tn\\\/fr\\\/#organization\",\"name\":\"Webdo\",\"alternateName\":\"Webdo.tn\",\"url\":\"https:\\\/\\\/www.webdo.tn\\\/fr\\\/\",\"logo\":{\"@type\":\"ImageObject\",\"inLanguage\":\"fr-FR\",\"@id\":\"https:\\\/\\\/www.webdo.tn\\\/fr\\\/#\\\/schema\\\/logo\\\/image\\\/\",\"url\":\"https:\\\/\\\/www.webdo.tn\\\/fr\\\/wp-content\\\/uploads\\\/2025\\\/06\\\/Webdo-Tunisie_168377.jpg\",\"contentUrl\":\"https:\\\/\\\/www.webdo.tn\\\/fr\\\/wp-content\\\/uploads\\\/2025\\\/06\\\/Webdo-Tunisie_168377.jpg\",\"width\":301,\"height\":301,\"caption\":\"Webdo\"},\"image\":{\"@id\":\"https:\\\/\\\/www.webdo.tn\\\/fr\\\/#\\\/schema\\\/logo\\\/image\\\/\"},\"sameAs\":[\"https:\\\/\\\/www.facebook.com\\\/webdotn\",\"https:\\\/\\\/x.com\\\/webdo_tn\"],\"description\":\"Webdo est un m\u00e9dia num\u00e9rique tunisien fond\u00e9 en 2010, sp\u00e9cialis\u00e9 dans l\u2019actualit\u00e9 nationale et internationale, l\u2019\u00e9conomie, la soci\u00e9t\u00e9 et les analyses politiques. Le site s\u2019adresse \u00e0 un large public francophone et couvre l\u2019information tunisienne en temps r\u00e9el.\",\"email\":\"redac@webdo.tn\",\"legalName\":\"YNJ SARL\",\"foundingDate\":\"2010-09-06\",\"numberOfEmployees\":{\"@type\":\"QuantitativeValue\",\"minValue\":\"11\",\"maxValue\":\"50\"}},{\"@type\":\"Person\",\"@id\":\"https:\\\/\\\/www.webdo.tn\\\/fr\\\/#\\\/schema\\\/person\\\/f35b42a42c5e2511bbd282959d6385cc\",\"name\":\"CL\",\"image\":{\"@type\":\"ImageObject\",\"inLanguage\":\"fr-FR\",\"@id\":\"https:\\\/\\\/secure.gravatar.com\\\/avatar\\\/1447a49909b67aa657c488aec6512e1dd6143a480c1ecfee9b5b5cd74eb3b59e?s=96&d=mm&r=g\",\"url\":\"https:\\\/\\\/secure.gravatar.com\\\/avatar\\\/1447a49909b67aa657c488aec6512e1dd6143a480c1ecfee9b5b5cd74eb3b59e?s=96&d=mm&r=g\",\"contentUrl\":\"https:\\\/\\\/secure.gravatar.com\\\/avatar\\\/1447a49909b67aa657c488aec6512e1dd6143a480c1ecfee9b5b5cd74eb3b59e?s=96&d=mm&r=g\",\"caption\":\"CL\"},\"url\":\"https:\\\/\\\/www.webdo.tn\\\/fr\\\/actualite\\\/author\\\/cl\\\/\"}]}<\/script>\n<!-- \/ Yoast SEO Premium plugin. -->","yoast_head_json":{"title":"Russie : Trois morts dans une attaque de drones ukrainiens","description":"L\u2019arm\u00e9e ukrainienne a men\u00e9 de nouvelles attaques de drones en Russie, visant Moscou et sa r\u00e9gion pour la sixi\u00e8me journ\u00e9e cons\u00e9cutive, mais aussi la r\u00e9gion front...","canonical":"https:\/\/www.webdo.tn\/fr\/actualite\/international\/russie-trois-morts-dans-une-attaque-de-drones-ukrainiens\/208117\/","og_locale":"fr_FR","og_type":"article","og_title":"Russie : Trois morts dans une attaque de drones ukrainiens","og_description":"L\u2019arm\u00e9e ukrainienne a men\u00e9 de nouvelles attaques de drones en Russie, visant Moscou et sa r\u00e9gion pour la sixi\u00e8me journ\u00e9e cons\u00e9cutive, mais aussi la r\u00e9gion front...","og_url":"https:\/\/www.webdo.tn\/fr\/actualite\/international\/russie-trois-morts-dans-une-attaque-de-drones-ukrainiens\/208117\/","og_site_name":"webdo","article_publisher":"https:\/\/www.facebook.com\/webdotn","article_published_time":"2023-08-23T09:27:00+00:00","article_modified_time":"2025-05-20T22:41:32+00:00","og_image":[{"width":538,"height":287,"url":"https:\/\/www.webdo.tn\/fr\/wp-content\/uploads\/2023\/08\/4e87e11218da4cace40c7117d3cec590.jpg","type":"image\/jpeg"}],"author":"CL","twitter_card":"summary_large_image","twitter_creator":"@webdo_tn","twitter_site":"@webdo_tn","twitter_misc":{"\u00c9crit par":"CL","Dur\u00e9e de lecture estim\u00e9e":"1 minute"},"schema":{"@context":"https:\/\/schema.org","@graph":[{"@type":"NewsArticle","@id":"https:\/\/www.webdo.tn\/fr\/actualite\/international\/russie-trois-morts-dans-une-attaque-de-drones-ukrainiens\/208117\/#article","isPartOf":{"@id":"https:\/\/www.webdo.tn\/fr\/actualite\/international\/russie-trois-morts-dans-une-attaque-de-drones-ukrainiens\/208117\/"},"author":{"name":"CL","@id":"https:\/\/www.webdo.tn\/fr\/#\/schema\/person\/f35b42a42c5e2511bbd282959d6385cc"},"headline":"Russie : Trois morts dans une attaque de drones ukrainiens","datePublished":"2023-08-23T09:27:00+00:00","dateModified":"2025-05-20T22:41:32+00:00","mainEntityOfPage":{"@id":"https:\/\/www.webdo.tn\/fr\/actualite\/international\/russie-trois-morts-dans-une-attaque-de-drones-ukrainiens\/208117\/"},"wordCount":191,"commentCount":0,"publisher":{"@id":"https:\/\/www.webdo.tn\/fr\/#organization"},"image":{"@id":"https:\/\/www.webdo.tn\/fr\/actualite\/international\/russie-trois-morts-dans-une-attaque-de-drones-ukrainiens\/208117\/#primaryimage"},"thumbnailUrl":"https:\/\/www.webdo.tn\/fr\/wp-content\/uploads\/2023\/08\/4e87e11218da4cace40c7117d3cec590.jpg","keywords":["Drones","Russie","Ukraine"],"articleSection":["International"],"inLanguage":"fr-FR"},{"@type":"WebPage","@id":"https:\/\/www.webdo.tn\/fr\/actualite\/international\/russie-trois-morts-dans-une-attaque-de-drones-ukrainiens\/208117\/","url":"https:\/\/www.webdo.tn\/fr\/actualite\/international\/russie-trois-morts-dans-une-attaque-de-drones-ukrainiens\/208117\/","name":"Russie : Trois morts dans une attaque de drones ukrainiens","isPartOf":{"@id":"https:\/\/www.webdo.tn\/fr\/#website"},"primaryImageOfPage":{"@id":"https:\/\/www.webdo.tn\/fr\/actualite\/international\/russie-trois-morts-dans-une-attaque-de-drones-ukrainiens\/208117\/#primaryimage"},"image":{"@id":"https:\/\/www.webdo.tn\/fr\/actualite\/international\/russie-trois-morts-dans-une-attaque-de-drones-ukrainiens\/208117\/#primaryimage"},"thumbnailUrl":"https:\/\/www.webdo.tn\/fr\/wp-content\/uploads\/2023\/08\/4e87e11218da4cace40c7117d3cec590.jpg","datePublished":"2023-08-23T09:27:00+00:00","dateModified":"2025-05-20T22:41:32+00:00","description":"L\u2019arm\u00e9e ukrainienne a men\u00e9 de nouvelles attaques de drones en Russie, visant Moscou et sa r\u00e9gion pour la sixi\u00e8me journ\u00e9e cons\u00e9cutive, mais aussi la r\u00e9gion front...","breadcrumb":{"@id":"https:\/\/www.webdo.tn\/fr\/actualite\/international\/russie-trois-morts-dans-une-attaque-de-drones-ukrainiens\/208117\/#breadcrumb"},"inLanguage":"fr-FR","potentialAction":[{"@type":"ReadAction","target":["https:\/\/www.webdo.tn\/fr\/actualite\/international\/russie-trois-morts-dans-une-attaque-de-drones-ukrainiens\/208117\/"]}]},{"@type":"ImageObject","inLanguage":"fr-FR","@id":"https:\/\/www.webdo.tn\/fr\/actualite\/international\/russie-trois-morts-dans-une-attaque-de-drones-ukrainiens\/208117\/#primaryimage","url":"https:\/\/www.webdo.tn\/fr\/wp-content\/uploads\/2023\/08\/4e87e11218da4cace40c7117d3cec590.jpg","contentUrl":"https:\/\/www.webdo.tn\/fr\/wp-content\/uploads\/2023\/08\/4e87e11218da4cace40c7117d3cec590.jpg","width":538,"height":287,"caption":"Russie : Trois morts dans une attaque de drones ukrainiens"},{"@type":"BreadcrumbList","@id":"https:\/\/www.webdo.tn\/fr\/actualite\/international\/russie-trois-morts-dans-une-attaque-de-drones-ukrainiens\/208117\/#breadcrumb","itemListElement":[{"@type":"ListItem","position":1,"name":"Accueil","item":"https:\/\/www.webdo.tn\/fr\/"},{"@type":"ListItem","position":2,"name":"Russie : Trois morts dans une attaque de drones ukrainiens"}]},{"@type":"WebSite","@id":"https:\/\/www.webdo.tn\/fr\/#website","url":"https:\/\/www.webdo.tn\/fr\/","name":"webdo","description":"Tunisie - News en Tunisie et \u00e0 l&#039;international sur Webdo.tn","publisher":{"@id":"https:\/\/www.webdo.tn\/fr\/#organization"},"potentialAction":[{"@type":"SearchAction","target":{"@type":"EntryPoint","urlTemplate":"https:\/\/www.webdo.tn\/fr\/?s={search_term_string}"},"query-input":{"@type":"PropertyValueSpecification","valueRequired":true,"valueName":"search_term_string"}}],"inLanguage":"fr-FR"},{"@type":"Organization","@id":"https:\/\/www.webdo.tn\/fr\/#organization","name":"Webdo","alternateName":"Webdo.tn","url":"https:\/\/www.webdo.tn\/fr\/","logo":{"@type":"ImageObject","inLanguage":"fr-FR","@id":"https:\/\/www.webdo.tn\/fr\/#\/schema\/logo\/image\/","url":"https:\/\/www.webdo.tn\/fr\/wp-content\/uploads\/2025\/06\/Webdo-Tunisie_168377.jpg","contentUrl":"https:\/\/www.webdo.tn\/fr\/wp-content\/uploads\/2025\/06\/Webdo-Tunisie_168377.jpg","width":301,"height":301,"caption":"Webdo"},"image":{"@id":"https:\/\/www.webdo.tn\/fr\/#\/schema\/logo\/image\/"},"sameAs":["https:\/\/www.facebook.com\/webdotn","https:\/\/x.com\/webdo_tn"],"description":"Webdo est un m\u00e9dia num\u00e9rique tunisien fond\u00e9 en 2010, sp\u00e9cialis\u00e9 dans l\u2019actualit\u00e9 nationale et internationale, l\u2019\u00e9conomie, la soci\u00e9t\u00e9 et les analyses politiques. Le site s\u2019adresse \u00e0 un large public francophone et couvre l\u2019information tunisienne en temps r\u00e9el.","email":"redac@webdo.tn","legalName":"YNJ SARL","foundingDate":"2010-09-06","numberOfEmployees":{"@type":"QuantitativeValue","minValue":"11","maxValue":"50"}},{"@type":"Person","@id":"https:\/\/www.webdo.tn\/fr\/#\/schema\/person\/f35b42a42c5e2511bbd282959d6385cc","name":"CL","image":{"@type":"ImageObject","inLanguage":"fr-FR","@id":"https:\/\/secure.gravatar.com\/avatar\/1447a49909b67aa657c488aec6512e1dd6143a480c1ecfee9b5b5cd74eb3b59e?s=96&d=mm&r=g","url":"https:\/\/secure.gravatar.com\/avatar\/1447a49909b67aa657c488aec6512e1dd6143a480c1ecfee9b5b5cd74eb3b59e?s=96&d=mm&r=g","contentUrl":"https:\/\/secure.gravatar.com\/avatar\/1447a49909b67aa657c488aec6512e1dd6143a480c1ecfee9b5b5cd74eb3b59e?s=96&d=mm&r=g","caption":"CL"},"url":"https:\/\/www.webdo.tn\/fr\/actualite\/author\/cl\/"}]}},"_links":{"self":[{"href":"https:\/\/www.webdo.tn\/fr\/wp-json\/wp\/v2\/posts\/208117","targetHints":{"allow":["GET"]}}],"collection":[{"href":"https:\/\/www.webdo.tn\/fr\/wp-json\/wp\/v2\/posts"}],"about":[{"href":"https:\/\/www.webdo.tn\/fr\/wp-json\/wp\/v2\/types\/post"}],"author":[{"embeddable":true,"href":"https:\/\/www.webdo.tn\/fr\/wp-json\/wp\/v2\/users\/3175"}],"replies":[{"embeddable":true,"href":"https:\/\/www.webdo.tn\/fr\/wp-json\/wp\/v2\/comments?post=208117"}],"version-history":[{"count":0,"href":"https:\/\/www.webdo.tn\/fr\/wp-json\/wp\/v2\/posts\/208117\/revisions"}],"wp:featuredmedia":[{"embeddable":true,"href":"https:\/\/www.webdo.tn\/fr\/wp-json\/wp\/v2\/media\/249496"}],"wp:attachment":[{"href":"https:\/\/www.webdo.tn\/fr\/wp-json\/wp\/v2\/media?parent=208117"}],"wp:term":[{"taxonomy":"category","embeddable":true,"href":"https:\/\/www.webdo.tn\/fr\/wp-json\/wp\/v2\/categories?post=208117"},{"taxonomy":"post_tag","embeddable":true,"href":"https:\/\/www.webdo.tn\/fr\/wp-json\/wp\/v2\/tags?post=208117"}],"curies":[{"name":"wp","href":"https:\/\/api.w.org\/{rel}","templated":true}]}}