{"id":208110,"date":"2023-08-22T19:42:00","date_gmt":"2023-08-22T19:42:00","guid":{"rendered":"https:\/\/www.webdo.tn\/fr\/blog\/le-deficit-commercial-s-aggrave-en-juillet-2023\/208110\/"},"modified":"2023-08-22T19:42:00","modified_gmt":"2023-08-22T19:42:00","slug":"le-deficit-commercial-s-aggrave-en-juillet-2023","status":"publish","type":"post","link":"https:\/\/www.webdo.tn\/fr\/actualite\/national\/le-deficit-commercial-s-aggrave-en-juillet-2023\/208110\/","title":{"rendered":"Le d\u00e9ficit commercial s&rsquo;aggrave en juillet 2023"},"content":{"rendered":"<p>Le d\u00e9ficit commercial s&rsquo;est creus\u00e9, en juillet 2023, pour atteindre 1391,9 millions de dinars(MD), contre 466,4 MD en juin 2023, selon la note sur le Commerce Ext\u00e9rieur aux prix courants de juillet 2023 publi\u00e9e, ce mardi 22 ao\u00fbt 2023, par l\u2019Institut National de la Statistique (INS).<\/p>\n<p>\t\t\t\t\t\t\t\t\tLes chiffres de l&rsquo;INS montrent \u00e9galement une chute du taux de couverture de 13,2 points en juillet 2023 par rapport \u00e0 juin, pour atteindre 78,9%. Une baisse qui s&rsquo;expliquer par\u00a0la baisse des exportations de 4,5%, en juillet 2023, par rapport au mois pr\u00e9c\u00e9dent, et notamment celle du du secteur des mines et des phosphates (-43,1%). Seules les exportations de l&rsquo;agriculture et des industries agroalimentaires ont affich\u00e9 une croissance positive (+17,4%).<\/p>\n<p>Dans le m\u00eame temps, les importations ont augment\u00e9, en juillet 2023, de 11,6%, principalement, sous l&rsquo;effet de la hausse des importations d&rsquo;\u00e9nergie. Ces derniers ont rebondi apr\u00e8s avoir chut\u00e9 pendant deux mois cons\u00e9cutifs. En augmentant de 132,6%, elles contribuent, ainsi, de 10 points de pourcentage \u00e0 la croissance globale des importations.<\/p>\n","protected":false},"excerpt":{"rendered":"<p>Le d\u00e9ficit commercial s&rsquo;est creus\u00e9, en juillet 2023, pour atteindre 1391,9 millions de dinars(MD), contre 466,4 MD en juin 2023, selon la note sur le Commerce E&#8230;<\/p>\n","protected":false},"author":3169,"featured_media":249493,"comment_status":"open","ping_status":"closed","sticky":false,"template":"","format":"standard","meta":{"footnotes":""},"categories":[44],"tags":[8063,3575,3374,2608],"class_list":["post-208110","post","type-post","status-publish","format-standard","has-post-thumbnail","hentry","category-national","tag-commercial","tag-deficit","tag-ins","tag-tunisie"],"yoast_head":"<!-- This site is optimized with the Yoast SEO Premium plugin v27.5 (Yoast SEO v27.5) - https:\/\/yoast.com\/product\/yoast-seo-premium-wordpress\/ -->\n<title>Le d\u00e9ficit commercial s&#039;aggrave en juillet 2023<\/title>\n<meta name=\"description\" content=\"Le d\u00e9ficit commercial s&#039;est creus\u00e9, en juillet 2023, pour atteindre 1391,9 millions de dinars(MD), contre 466,4 MD en juin 2023, selon la note sur le Commerce E...\" \/>\n<link rel=\"canonical\" href=\"https:\/\/www.webdo.tn\/fr\/actualite\/national\/le-deficit-commercial-s-aggrave-en-juillet-2023\/208110\/\" \/>\n<meta property=\"og:locale\" content=\"fr_FR\" \/>\n<meta property=\"og:type\" content=\"article\" \/>\n<meta property=\"og:title\" content=\"Le d\u00e9ficit commercial s&#039;aggrave en juillet 2023\" \/>\n<meta property=\"og:description\" content=\"Le d\u00e9ficit commercial s&#039;est creus\u00e9, en juillet 2023, pour atteindre 1391,9 millions de dinars(MD), contre 466,4 MD en juin 2023, selon la note sur le Commerce E...\" \/>\n<meta property=\"og:url\" content=\"https:\/\/www.webdo.tn\/fr\/actualite\/national\/le-deficit-commercial-s-aggrave-en-juillet-2023\/208110\/\" \/>\n<meta property=\"og:site_name\" content=\"webdo\" \/>\n<meta property=\"article:publisher\" content=\"https:\/\/www.facebook.com\/webdotn\" \/>\n<meta property=\"article:published_time\" content=\"2023-08-22T19:42:00+00:00\" \/>\n<meta property=\"og:image\" content=\"https:\/\/www.webdo.tn\/fr\/wp-content\/uploads\/2023\/08\/9244cc97f7e6b7050e148a53feb2cdea.png\" \/>\n\t<meta property=\"og:image:width\" content=\"750\" \/>\n\t<meta property=\"og:image:height\" content=\"400\" \/>\n\t<meta property=\"og:image:type\" content=\"image\/png\" \/>\n<meta name=\"author\" content=\"Webdo\" \/>\n<meta name=\"twitter:card\" content=\"summary_large_image\" \/>\n<meta name=\"twitter:creator\" content=\"@webdo_tn\" \/>\n<meta name=\"twitter:site\" content=\"@webdo_tn\" \/>\n<meta name=\"twitter:label1\" content=\"\u00c9crit par\" \/>\n\t<meta name=\"twitter:data1\" content=\"Webdo\" \/>\n\t<meta name=\"twitter:label2\" content=\"Dur\u00e9e de lecture estim\u00e9e\" \/>\n\t<meta name=\"twitter:data2\" content=\"1 minute\" \/>\n<script type=\"application\/ld+json\" class=\"yoast-schema-graph\">{\"@context\":\"https:\\\/\\\/schema.org\",\"@graph\":[{\"@type\":\"NewsArticle\",\"@id\":\"https:\\\/\\\/www.webdo.tn\\\/fr\\\/actualite\\\/national\\\/le-deficit-commercial-s-aggrave-en-juillet-2023\\\/208110\\\/#article\",\"isPartOf\":{\"@id\":\"https:\\\/\\\/www.webdo.tn\\\/fr\\\/actualite\\\/national\\\/le-deficit-commercial-s-aggrave-en-juillet-2023\\\/208110\\\/\"},\"author\":{\"name\":\"Webdo\",\"@id\":\"https:\\\/\\\/www.webdo.tn\\\/fr\\\/#\\\/schema\\\/person\\\/1f4e491e0907b413d61089e8eb573acc\"},\"headline\":\"Le d\u00e9ficit commercial s&rsquo;aggrave en juillet 2023\",\"datePublished\":\"2023-08-22T19:42:00+00:00\",\"mainEntityOfPage\":{\"@id\":\"https:\\\/\\\/www.webdo.tn\\\/fr\\\/actualite\\\/national\\\/le-deficit-commercial-s-aggrave-en-juillet-2023\\\/208110\\\/\"},\"wordCount\":174,\"commentCount\":0,\"publisher\":{\"@id\":\"https:\\\/\\\/www.webdo.tn\\\/fr\\\/#organization\"},\"image\":{\"@id\":\"https:\\\/\\\/www.webdo.tn\\\/fr\\\/actualite\\\/national\\\/le-deficit-commercial-s-aggrave-en-juillet-2023\\\/208110\\\/#primaryimage\"},\"thumbnailUrl\":\"https:\\\/\\\/www.webdo.tn\\\/fr\\\/wp-content\\\/uploads\\\/2023\\\/08\\\/9244cc97f7e6b7050e148a53feb2cdea.png\",\"keywords\":[\"commercial\",\"d\u00e9ficit\",\"INS\",\"Tunisie\"],\"articleSection\":[\"National\"],\"inLanguage\":\"fr-FR\"},{\"@type\":\"WebPage\",\"@id\":\"https:\\\/\\\/www.webdo.tn\\\/fr\\\/actualite\\\/national\\\/le-deficit-commercial-s-aggrave-en-juillet-2023\\\/208110\\\/\",\"url\":\"https:\\\/\\\/www.webdo.tn\\\/fr\\\/actualite\\\/national\\\/le-deficit-commercial-s-aggrave-en-juillet-2023\\\/208110\\\/\",\"name\":\"Le d\u00e9ficit commercial s'aggrave en juillet 2023\",\"isPartOf\":{\"@id\":\"https:\\\/\\\/www.webdo.tn\\\/fr\\\/#website\"},\"primaryImageOfPage\":{\"@id\":\"https:\\\/\\\/www.webdo.tn\\\/fr\\\/actualite\\\/national\\\/le-deficit-commercial-s-aggrave-en-juillet-2023\\\/208110\\\/#primaryimage\"},\"image\":{\"@id\":\"https:\\\/\\\/www.webdo.tn\\\/fr\\\/actualite\\\/national\\\/le-deficit-commercial-s-aggrave-en-juillet-2023\\\/208110\\\/#primaryimage\"},\"thumbnailUrl\":\"https:\\\/\\\/www.webdo.tn\\\/fr\\\/wp-content\\\/uploads\\\/2023\\\/08\\\/9244cc97f7e6b7050e148a53feb2cdea.png\",\"datePublished\":\"2023-08-22T19:42:00+00:00\",\"description\":\"Le d\u00e9ficit commercial s'est creus\u00e9, en juillet 2023, pour atteindre 1391,9 millions de dinars(MD), contre 466,4 MD en juin 2023, selon la note sur le Commerce E...\",\"breadcrumb\":{\"@id\":\"https:\\\/\\\/www.webdo.tn\\\/fr\\\/actualite\\\/national\\\/le-deficit-commercial-s-aggrave-en-juillet-2023\\\/208110\\\/#breadcrumb\"},\"inLanguage\":\"fr-FR\",\"potentialAction\":[{\"@type\":\"ReadAction\",\"target\":[\"https:\\\/\\\/www.webdo.tn\\\/fr\\\/actualite\\\/national\\\/le-deficit-commercial-s-aggrave-en-juillet-2023\\\/208110\\\/\"]}]},{\"@type\":\"ImageObject\",\"inLanguage\":\"fr-FR\",\"@id\":\"https:\\\/\\\/www.webdo.tn\\\/fr\\\/actualite\\\/national\\\/le-deficit-commercial-s-aggrave-en-juillet-2023\\\/208110\\\/#primaryimage\",\"url\":\"https:\\\/\\\/www.webdo.tn\\\/fr\\\/wp-content\\\/uploads\\\/2023\\\/08\\\/9244cc97f7e6b7050e148a53feb2cdea.png\",\"contentUrl\":\"https:\\\/\\\/www.webdo.tn\\\/fr\\\/wp-content\\\/uploads\\\/2023\\\/08\\\/9244cc97f7e6b7050e148a53feb2cdea.png\",\"width\":750,\"height\":400,\"caption\":\"Le d\u00e9ficit commercial s'aggrave en juillet 2023\"},{\"@type\":\"BreadcrumbList\",\"@id\":\"https:\\\/\\\/www.webdo.tn\\\/fr\\\/actualite\\\/national\\\/le-deficit-commercial-s-aggrave-en-juillet-2023\\\/208110\\\/#breadcrumb\",\"itemListElement\":[{\"@type\":\"ListItem\",\"position\":1,\"name\":\"Accueil\",\"item\":\"https:\\\/\\\/www.webdo.tn\\\/fr\\\/\"},{\"@type\":\"ListItem\",\"position\":2,\"name\":\"Le d\u00e9ficit commercial s&#8217;aggrave en juillet 2023\"}]},{\"@type\":\"WebSite\",\"@id\":\"https:\\\/\\\/www.webdo.tn\\\/fr\\\/#website\",\"url\":\"https:\\\/\\\/www.webdo.tn\\\/fr\\\/\",\"name\":\"webdo\",\"description\":\"Tunisie - News en Tunisie et \u00e0 l&#039;international sur Webdo.tn\",\"publisher\":{\"@id\":\"https:\\\/\\\/www.webdo.tn\\\/fr\\\/#organization\"},\"potentialAction\":[{\"@type\":\"SearchAction\",\"target\":{\"@type\":\"EntryPoint\",\"urlTemplate\":\"https:\\\/\\\/www.webdo.tn\\\/fr\\\/?s={search_term_string}\"},\"query-input\":{\"@type\":\"PropertyValueSpecification\",\"valueRequired\":true,\"valueName\":\"search_term_string\"}}],\"inLanguage\":\"fr-FR\"},{\"@type\":\"Organization\",\"@id\":\"https:\\\/\\\/www.webdo.tn\\\/fr\\\/#organization\",\"name\":\"Webdo\",\"alternateName\":\"Webdo.tn\",\"url\":\"https:\\\/\\\/www.webdo.tn\\\/fr\\\/\",\"logo\":{\"@type\":\"ImageObject\",\"inLanguage\":\"fr-FR\",\"@id\":\"https:\\\/\\\/www.webdo.tn\\\/fr\\\/#\\\/schema\\\/logo\\\/image\\\/\",\"url\":\"https:\\\/\\\/www.webdo.tn\\\/fr\\\/wp-content\\\/uploads\\\/2025\\\/06\\\/Webdo-Tunisie_168377.jpg\",\"contentUrl\":\"https:\\\/\\\/www.webdo.tn\\\/fr\\\/wp-content\\\/uploads\\\/2025\\\/06\\\/Webdo-Tunisie_168377.jpg\",\"width\":301,\"height\":301,\"caption\":\"Webdo\"},\"image\":{\"@id\":\"https:\\\/\\\/www.webdo.tn\\\/fr\\\/#\\\/schema\\\/logo\\\/image\\\/\"},\"sameAs\":[\"https:\\\/\\\/www.facebook.com\\\/webdotn\",\"https:\\\/\\\/x.com\\\/webdo_tn\"],\"description\":\"Webdo est un m\u00e9dia num\u00e9rique tunisien fond\u00e9 en 2010, sp\u00e9cialis\u00e9 dans l\u2019actualit\u00e9 nationale et internationale, l\u2019\u00e9conomie, la soci\u00e9t\u00e9 et les analyses politiques. Le site s\u2019adresse \u00e0 un large public francophone et couvre l\u2019information tunisienne en temps r\u00e9el.\",\"email\":\"redac@webdo.tn\",\"legalName\":\"YNJ SARL\",\"foundingDate\":\"2010-09-06\",\"numberOfEmployees\":{\"@type\":\"QuantitativeValue\",\"minValue\":\"11\",\"maxValue\":\"50\"}},{\"@type\":\"Person\",\"@id\":\"https:\\\/\\\/www.webdo.tn\\\/fr\\\/#\\\/schema\\\/person\\\/1f4e491e0907b413d61089e8eb573acc\",\"name\":\"Webdo\",\"image\":{\"@type\":\"ImageObject\",\"inLanguage\":\"fr-FR\",\"@id\":\"https:\\\/\\\/secure.gravatar.com\\\/avatar\\\/de97aeec1bb80978a9dbb127e47dfc88aaacb2f3c29aac907d8d3222e3495d49?s=96&d=mm&r=g\",\"url\":\"https:\\\/\\\/secure.gravatar.com\\\/avatar\\\/de97aeec1bb80978a9dbb127e47dfc88aaacb2f3c29aac907d8d3222e3495d49?s=96&d=mm&r=g\",\"contentUrl\":\"https:\\\/\\\/secure.gravatar.com\\\/avatar\\\/de97aeec1bb80978a9dbb127e47dfc88aaacb2f3c29aac907d8d3222e3495d49?s=96&d=mm&r=g\",\"caption\":\"Webdo\"},\"url\":\"https:\\\/\\\/www.webdo.tn\\\/fr\\\/actualite\\\/author\\\/webdo\\\/\"}]}<\/script>\n<!-- \/ Yoast SEO Premium plugin. -->","yoast_head_json":{"title":"Le d\u00e9ficit commercial s'aggrave en juillet 2023","description":"Le d\u00e9ficit commercial s'est creus\u00e9, en juillet 2023, pour atteindre 1391,9 millions de dinars(MD), contre 466,4 MD en juin 2023, selon la note sur le Commerce E...","canonical":"https:\/\/www.webdo.tn\/fr\/actualite\/national\/le-deficit-commercial-s-aggrave-en-juillet-2023\/208110\/","og_locale":"fr_FR","og_type":"article","og_title":"Le d\u00e9ficit commercial s'aggrave en juillet 2023","og_description":"Le d\u00e9ficit commercial s'est creus\u00e9, en juillet 2023, pour atteindre 1391,9 millions de dinars(MD), contre 466,4 MD en juin 2023, selon la note sur le Commerce E...","og_url":"https:\/\/www.webdo.tn\/fr\/actualite\/national\/le-deficit-commercial-s-aggrave-en-juillet-2023\/208110\/","og_site_name":"webdo","article_publisher":"https:\/\/www.facebook.com\/webdotn","article_published_time":"2023-08-22T19:42:00+00:00","og_image":[{"width":750,"height":400,"url":"https:\/\/www.webdo.tn\/fr\/wp-content\/uploads\/2023\/08\/9244cc97f7e6b7050e148a53feb2cdea.png","type":"image\/png"}],"author":"Webdo","twitter_card":"summary_large_image","twitter_creator":"@webdo_tn","twitter_site":"@webdo_tn","twitter_misc":{"\u00c9crit par":"Webdo","Dur\u00e9e de lecture estim\u00e9e":"1 minute"},"schema":{"@context":"https:\/\/schema.org","@graph":[{"@type":"NewsArticle","@id":"https:\/\/www.webdo.tn\/fr\/actualite\/national\/le-deficit-commercial-s-aggrave-en-juillet-2023\/208110\/#article","isPartOf":{"@id":"https:\/\/www.webdo.tn\/fr\/actualite\/national\/le-deficit-commercial-s-aggrave-en-juillet-2023\/208110\/"},"author":{"name":"Webdo","@id":"https:\/\/www.webdo.tn\/fr\/#\/schema\/person\/1f4e491e0907b413d61089e8eb573acc"},"headline":"Le d\u00e9ficit commercial s&rsquo;aggrave en juillet 2023","datePublished":"2023-08-22T19:42:00+00:00","mainEntityOfPage":{"@id":"https:\/\/www.webdo.tn\/fr\/actualite\/national\/le-deficit-commercial-s-aggrave-en-juillet-2023\/208110\/"},"wordCount":174,"commentCount":0,"publisher":{"@id":"https:\/\/www.webdo.tn\/fr\/#organization"},"image":{"@id":"https:\/\/www.webdo.tn\/fr\/actualite\/national\/le-deficit-commercial-s-aggrave-en-juillet-2023\/208110\/#primaryimage"},"thumbnailUrl":"https:\/\/www.webdo.tn\/fr\/wp-content\/uploads\/2023\/08\/9244cc97f7e6b7050e148a53feb2cdea.png","keywords":["commercial","d\u00e9ficit","INS","Tunisie"],"articleSection":["National"],"inLanguage":"fr-FR"},{"@type":"WebPage","@id":"https:\/\/www.webdo.tn\/fr\/actualite\/national\/le-deficit-commercial-s-aggrave-en-juillet-2023\/208110\/","url":"https:\/\/www.webdo.tn\/fr\/actualite\/national\/le-deficit-commercial-s-aggrave-en-juillet-2023\/208110\/","name":"Le d\u00e9ficit commercial s'aggrave en juillet 2023","isPartOf":{"@id":"https:\/\/www.webdo.tn\/fr\/#website"},"primaryImageOfPage":{"@id":"https:\/\/www.webdo.tn\/fr\/actualite\/national\/le-deficit-commercial-s-aggrave-en-juillet-2023\/208110\/#primaryimage"},"image":{"@id":"https:\/\/www.webdo.tn\/fr\/actualite\/national\/le-deficit-commercial-s-aggrave-en-juillet-2023\/208110\/#primaryimage"},"thumbnailUrl":"https:\/\/www.webdo.tn\/fr\/wp-content\/uploads\/2023\/08\/9244cc97f7e6b7050e148a53feb2cdea.png","datePublished":"2023-08-22T19:42:00+00:00","description":"Le d\u00e9ficit commercial s'est creus\u00e9, en juillet 2023, pour atteindre 1391,9 millions de dinars(MD), contre 466,4 MD en juin 2023, selon la note sur le Commerce E...","breadcrumb":{"@id":"https:\/\/www.webdo.tn\/fr\/actualite\/national\/le-deficit-commercial-s-aggrave-en-juillet-2023\/208110\/#breadcrumb"},"inLanguage":"fr-FR","potentialAction":[{"@type":"ReadAction","target":["https:\/\/www.webdo.tn\/fr\/actualite\/national\/le-deficit-commercial-s-aggrave-en-juillet-2023\/208110\/"]}]},{"@type":"ImageObject","inLanguage":"fr-FR","@id":"https:\/\/www.webdo.tn\/fr\/actualite\/national\/le-deficit-commercial-s-aggrave-en-juillet-2023\/208110\/#primaryimage","url":"https:\/\/www.webdo.tn\/fr\/wp-content\/uploads\/2023\/08\/9244cc97f7e6b7050e148a53feb2cdea.png","contentUrl":"https:\/\/www.webdo.tn\/fr\/wp-content\/uploads\/2023\/08\/9244cc97f7e6b7050e148a53feb2cdea.png","width":750,"height":400,"caption":"Le d\u00e9ficit commercial s'aggrave en juillet 2023"},{"@type":"BreadcrumbList","@id":"https:\/\/www.webdo.tn\/fr\/actualite\/national\/le-deficit-commercial-s-aggrave-en-juillet-2023\/208110\/#breadcrumb","itemListElement":[{"@type":"ListItem","position":1,"name":"Accueil","item":"https:\/\/www.webdo.tn\/fr\/"},{"@type":"ListItem","position":2,"name":"Le d\u00e9ficit commercial s&#8217;aggrave en juillet 2023"}]},{"@type":"WebSite","@id":"https:\/\/www.webdo.tn\/fr\/#website","url":"https:\/\/www.webdo.tn\/fr\/","name":"webdo","description":"Tunisie - News en Tunisie et \u00e0 l&#039;international sur Webdo.tn","publisher":{"@id":"https:\/\/www.webdo.tn\/fr\/#organization"},"potentialAction":[{"@type":"SearchAction","target":{"@type":"EntryPoint","urlTemplate":"https:\/\/www.webdo.tn\/fr\/?s={search_term_string}"},"query-input":{"@type":"PropertyValueSpecification","valueRequired":true,"valueName":"search_term_string"}}],"inLanguage":"fr-FR"},{"@type":"Organization","@id":"https:\/\/www.webdo.tn\/fr\/#organization","name":"Webdo","alternateName":"Webdo.tn","url":"https:\/\/www.webdo.tn\/fr\/","logo":{"@type":"ImageObject","inLanguage":"fr-FR","@id":"https:\/\/www.webdo.tn\/fr\/#\/schema\/logo\/image\/","url":"https:\/\/www.webdo.tn\/fr\/wp-content\/uploads\/2025\/06\/Webdo-Tunisie_168377.jpg","contentUrl":"https:\/\/www.webdo.tn\/fr\/wp-content\/uploads\/2025\/06\/Webdo-Tunisie_168377.jpg","width":301,"height":301,"caption":"Webdo"},"image":{"@id":"https:\/\/www.webdo.tn\/fr\/#\/schema\/logo\/image\/"},"sameAs":["https:\/\/www.facebook.com\/webdotn","https:\/\/x.com\/webdo_tn"],"description":"Webdo est un m\u00e9dia num\u00e9rique tunisien fond\u00e9 en 2010, sp\u00e9cialis\u00e9 dans l\u2019actualit\u00e9 nationale et internationale, l\u2019\u00e9conomie, la soci\u00e9t\u00e9 et les analyses politiques. Le site s\u2019adresse \u00e0 un large public francophone et couvre l\u2019information tunisienne en temps r\u00e9el.","email":"redac@webdo.tn","legalName":"YNJ SARL","foundingDate":"2010-09-06","numberOfEmployees":{"@type":"QuantitativeValue","minValue":"11","maxValue":"50"}},{"@type":"Person","@id":"https:\/\/www.webdo.tn\/fr\/#\/schema\/person\/1f4e491e0907b413d61089e8eb573acc","name":"Webdo","image":{"@type":"ImageObject","inLanguage":"fr-FR","@id":"https:\/\/secure.gravatar.com\/avatar\/de97aeec1bb80978a9dbb127e47dfc88aaacb2f3c29aac907d8d3222e3495d49?s=96&d=mm&r=g","url":"https:\/\/secure.gravatar.com\/avatar\/de97aeec1bb80978a9dbb127e47dfc88aaacb2f3c29aac907d8d3222e3495d49?s=96&d=mm&r=g","contentUrl":"https:\/\/secure.gravatar.com\/avatar\/de97aeec1bb80978a9dbb127e47dfc88aaacb2f3c29aac907d8d3222e3495d49?s=96&d=mm&r=g","caption":"Webdo"},"url":"https:\/\/www.webdo.tn\/fr\/actualite\/author\/webdo\/"}]}},"_links":{"self":[{"href":"https:\/\/www.webdo.tn\/fr\/wp-json\/wp\/v2\/posts\/208110","targetHints":{"allow":["GET"]}}],"collection":[{"href":"https:\/\/www.webdo.tn\/fr\/wp-json\/wp\/v2\/posts"}],"about":[{"href":"https:\/\/www.webdo.tn\/fr\/wp-json\/wp\/v2\/types\/post"}],"author":[{"embeddable":true,"href":"https:\/\/www.webdo.tn\/fr\/wp-json\/wp\/v2\/users\/3169"}],"replies":[{"embeddable":true,"href":"https:\/\/www.webdo.tn\/fr\/wp-json\/wp\/v2\/comments?post=208110"}],"version-history":[{"count":0,"href":"https:\/\/www.webdo.tn\/fr\/wp-json\/wp\/v2\/posts\/208110\/revisions"}],"wp:featuredmedia":[{"embeddable":true,"href":"https:\/\/www.webdo.tn\/fr\/wp-json\/wp\/v2\/media\/249493"}],"wp:attachment":[{"href":"https:\/\/www.webdo.tn\/fr\/wp-json\/wp\/v2\/media?parent=208110"}],"wp:term":[{"taxonomy":"category","embeddable":true,"href":"https:\/\/www.webdo.tn\/fr\/wp-json\/wp\/v2\/categories?post=208110"},{"taxonomy":"post_tag","embeddable":true,"href":"https:\/\/www.webdo.tn\/fr\/wp-json\/wp\/v2\/tags?post=208110"}],"curies":[{"name":"wp","href":"https:\/\/api.w.org\/{rel}","templated":true}]}}