{"id":208096,"date":"2023-08-22T12:13:00","date_gmt":"2023-08-22T12:13:00","guid":{"rendered":"https:\/\/www.webdo.tn\/fr\/blog\/variant-eris-pas-de-panique-appelle-hechmi-louzir\/208096\/"},"modified":"2025-05-20T22:51:32","modified_gmt":"2025-05-20T22:51:32","slug":"variant-eris-pas-de-panique-appelle-hechmi-louzir","status":"publish","type":"post","link":"https:\/\/www.webdo.tn\/fr\/actualite\/national\/variant-eris-pas-de-panique-appelle-hechmi-louzir\/208096\/","title":{"rendered":"Variant \u00ab Eris \u00bb : Pas de panique, appelle Hechmi Louzir"},"content":{"rendered":"<p>Le nouveau variant \u201cEris\u201d du coronavirus fait des ravages dans de nombreux pays. En Tunisie, les autorit\u00e9s ont proc\u00e9d\u00e9 \u00e0 des op\u00e9rations de s\u00e9quen\u00e7age pour savoir s\u2019il a \u00e9t\u00e9 introduit dans notre pays.<\/p>\n<p>S\u2019exprimant sur les ondes de Mosa\u00efque FM, Hechmi Louzir, directeur de l\u2019Institut Pasteur et membre du comit\u00e9 scientifique de lutte contre le coronavirus a insist\u00e9 sur la vaccination notamment des personnes \u00e2g\u00e9es.\u00a0<\/p>\n<p>\u201cLe nombre de cas est en augmentation mais sans danger par rapport aux autres variants \u00bb, a-t-il en revanche expliqu\u00e9.\u00a0<\/p>\n<p>Il a, aussi, appel\u00e9 les citoyens \u00e0 ne pas paniquer car la situation n\u2019est pas dangereuse et ne n\u00e9cessite pas de mesures exceptionnelles.<\/p>\n","protected":false},"excerpt":{"rendered":"<p>Le nouveau variant \u201cEris\u201d du coronavirus fait des ravages dans de nombreux pays. En Tunisie, les autorit\u00e9s ont proc\u00e9d\u00e9 \u00e0 des op\u00e9rations de s\u00e9quen\u00e7age pour savoi&#8230;<\/p>\n","protected":false},"author":3175,"featured_media":278633,"comment_status":"open","ping_status":"closed","sticky":false,"template":"","format":"standard","meta":{"footnotes":""},"categories":[44],"tags":[7520,9669,2608,7986],"class_list":["post-208096","post","type-post","status-publish","format-standard","has-post-thumbnail","hentry","category-national","tag-coronavirus","tag-eris","tag-tunisie","tag-variant"],"yoast_head":"<!-- This site is optimized with the Yoast SEO Premium plugin v27.4 (Yoast SEO v27.5) - https:\/\/yoast.com\/product\/yoast-seo-premium-wordpress\/ -->\n<title>Variant \u00ab Eris \u00bb : Pas de panique, appelle Hechmi Louzir<\/title>\n<meta name=\"description\" content=\"Le nouveau variant \u201cEris\u201d du coronavirus fait des ravages dans de nombreux pays. En Tunisie, les autorit\u00e9s ont proc\u00e9d\u00e9 \u00e0 des op\u00e9rations de s\u00e9quen\u00e7age pour savoi...\" \/>\n<link rel=\"canonical\" href=\"https:\/\/www.webdo.tn\/fr\/actualite\/national\/variant-eris-pas-de-panique-appelle-hechmi-louzir\/208096\/\" \/>\n<meta property=\"og:locale\" content=\"fr_FR\" \/>\n<meta property=\"og:type\" content=\"article\" \/>\n<meta property=\"og:title\" content=\"Variant \u00ab Eris \u00bb : Pas de panique, appelle Hechmi Louzir\" \/>\n<meta property=\"og:description\" content=\"Le nouveau variant \u201cEris\u201d du coronavirus fait des ravages dans de nombreux pays. En Tunisie, les autorit\u00e9s ont proc\u00e9d\u00e9 \u00e0 des op\u00e9rations de s\u00e9quen\u00e7age pour savoi...\" \/>\n<meta property=\"og:url\" content=\"https:\/\/www.webdo.tn\/fr\/actualite\/national\/variant-eris-pas-de-panique-appelle-hechmi-louzir\/208096\/\" \/>\n<meta property=\"og:site_name\" content=\"webdo\" \/>\n<meta property=\"article:publisher\" content=\"https:\/\/www.facebook.com\/webdotn\" \/>\n<meta property=\"article:published_time\" content=\"2023-08-22T12:13:00+00:00\" \/>\n<meta property=\"article:modified_time\" content=\"2025-05-20T22:51:32+00:00\" \/>\n<meta property=\"og:image\" content=\"https:\/\/www.webdo.tn\/fr\/wp-content\/uploads\/2023\/08\/d45be37e166aa8f6476f27a6c5bc4eeb.jpg\" \/>\n\t<meta property=\"og:image:width\" content=\"750\" \/>\n\t<meta property=\"og:image:height\" content=\"400\" \/>\n\t<meta property=\"og:image:type\" content=\"image\/jpeg\" \/>\n<meta name=\"author\" content=\"CL\" \/>\n<meta name=\"twitter:card\" content=\"summary_large_image\" \/>\n<meta name=\"twitter:creator\" content=\"@webdo_tn\" \/>\n<meta name=\"twitter:site\" content=\"@webdo_tn\" \/>\n<meta name=\"twitter:label1\" content=\"\u00c9crit par\" \/>\n\t<meta name=\"twitter:data1\" content=\"CL\" \/>\n\t<meta name=\"twitter:label2\" content=\"Dur\u00e9e de lecture estim\u00e9e\" \/>\n\t<meta name=\"twitter:data2\" content=\"1 minute\" \/>\n<script type=\"application\/ld+json\" class=\"yoast-schema-graph\">{\"@context\":\"https:\\\/\\\/schema.org\",\"@graph\":[{\"@type\":\"NewsArticle\",\"@id\":\"https:\\\/\\\/www.webdo.tn\\\/fr\\\/actualite\\\/national\\\/variant-eris-pas-de-panique-appelle-hechmi-louzir\\\/208096\\\/#article\",\"isPartOf\":{\"@id\":\"https:\\\/\\\/www.webdo.tn\\\/fr\\\/actualite\\\/national\\\/variant-eris-pas-de-panique-appelle-hechmi-louzir\\\/208096\\\/\"},\"author\":{\"name\":\"CL\",\"@id\":\"https:\\\/\\\/www.webdo.tn\\\/fr\\\/#\\\/schema\\\/person\\\/f35b42a42c5e2511bbd282959d6385cc\"},\"headline\":\"Variant \u00ab Eris \u00bb : Pas de panique, appelle Hechmi Louzir\",\"datePublished\":\"2023-08-22T12:13:00+00:00\",\"dateModified\":\"2025-05-20T22:51:32+00:00\",\"mainEntityOfPage\":{\"@id\":\"https:\\\/\\\/www.webdo.tn\\\/fr\\\/actualite\\\/national\\\/variant-eris-pas-de-panique-appelle-hechmi-louzir\\\/208096\\\/\"},\"wordCount\":125,\"commentCount\":0,\"publisher\":{\"@id\":\"https:\\\/\\\/www.webdo.tn\\\/fr\\\/#organization\"},\"image\":{\"@id\":\"https:\\\/\\\/www.webdo.tn\\\/fr\\\/actualite\\\/national\\\/variant-eris-pas-de-panique-appelle-hechmi-louzir\\\/208096\\\/#primaryimage\"},\"thumbnailUrl\":\"https:\\\/\\\/www.webdo.tn\\\/fr\\\/wp-content\\\/uploads\\\/2023\\\/08\\\/d45be37e166aa8f6476f27a6c5bc4eeb.jpg\",\"keywords\":[\"Coronavirus\",\"Eris\",\"Tunisie\",\"variant\"],\"articleSection\":[\"National\"],\"inLanguage\":\"fr-FR\"},{\"@type\":\"WebPage\",\"@id\":\"https:\\\/\\\/www.webdo.tn\\\/fr\\\/actualite\\\/national\\\/variant-eris-pas-de-panique-appelle-hechmi-louzir\\\/208096\\\/\",\"url\":\"https:\\\/\\\/www.webdo.tn\\\/fr\\\/actualite\\\/national\\\/variant-eris-pas-de-panique-appelle-hechmi-louzir\\\/208096\\\/\",\"name\":\"Variant \u00ab Eris \u00bb : Pas de panique, appelle Hechmi Louzir\",\"isPartOf\":{\"@id\":\"https:\\\/\\\/www.webdo.tn\\\/fr\\\/#website\"},\"primaryImageOfPage\":{\"@id\":\"https:\\\/\\\/www.webdo.tn\\\/fr\\\/actualite\\\/national\\\/variant-eris-pas-de-panique-appelle-hechmi-louzir\\\/208096\\\/#primaryimage\"},\"image\":{\"@id\":\"https:\\\/\\\/www.webdo.tn\\\/fr\\\/actualite\\\/national\\\/variant-eris-pas-de-panique-appelle-hechmi-louzir\\\/208096\\\/#primaryimage\"},\"thumbnailUrl\":\"https:\\\/\\\/www.webdo.tn\\\/fr\\\/wp-content\\\/uploads\\\/2023\\\/08\\\/d45be37e166aa8f6476f27a6c5bc4eeb.jpg\",\"datePublished\":\"2023-08-22T12:13:00+00:00\",\"dateModified\":\"2025-05-20T22:51:32+00:00\",\"description\":\"Le nouveau variant \u201cEris\u201d du coronavirus fait des ravages dans de nombreux pays. En Tunisie, les autorit\u00e9s ont proc\u00e9d\u00e9 \u00e0 des op\u00e9rations de s\u00e9quen\u00e7age pour savoi...\",\"breadcrumb\":{\"@id\":\"https:\\\/\\\/www.webdo.tn\\\/fr\\\/actualite\\\/national\\\/variant-eris-pas-de-panique-appelle-hechmi-louzir\\\/208096\\\/#breadcrumb\"},\"inLanguage\":\"fr-FR\",\"potentialAction\":[{\"@type\":\"ReadAction\",\"target\":[\"https:\\\/\\\/www.webdo.tn\\\/fr\\\/actualite\\\/national\\\/variant-eris-pas-de-panique-appelle-hechmi-louzir\\\/208096\\\/\"]}]},{\"@type\":\"ImageObject\",\"inLanguage\":\"fr-FR\",\"@id\":\"https:\\\/\\\/www.webdo.tn\\\/fr\\\/actualite\\\/national\\\/variant-eris-pas-de-panique-appelle-hechmi-louzir\\\/208096\\\/#primaryimage\",\"url\":\"https:\\\/\\\/www.webdo.tn\\\/fr\\\/wp-content\\\/uploads\\\/2023\\\/08\\\/d45be37e166aa8f6476f27a6c5bc4eeb.jpg\",\"contentUrl\":\"https:\\\/\\\/www.webdo.tn\\\/fr\\\/wp-content\\\/uploads\\\/2023\\\/08\\\/d45be37e166aa8f6476f27a6c5bc4eeb.jpg\",\"width\":750,\"height\":400,\"caption\":\"Variant \u00ab Eris \u00bb : Pas de panique, appelle Hechmi Louzir\"},{\"@type\":\"BreadcrumbList\",\"@id\":\"https:\\\/\\\/www.webdo.tn\\\/fr\\\/actualite\\\/national\\\/variant-eris-pas-de-panique-appelle-hechmi-louzir\\\/208096\\\/#breadcrumb\",\"itemListElement\":[{\"@type\":\"ListItem\",\"position\":1,\"name\":\"Accueil\",\"item\":\"https:\\\/\\\/www.webdo.tn\\\/fr\\\/\"},{\"@type\":\"ListItem\",\"position\":2,\"name\":\"Variant \u00ab Eris \u00bb : Pas de panique, appelle Hechmi Louzir\"}]},{\"@type\":\"WebSite\",\"@id\":\"https:\\\/\\\/www.webdo.tn\\\/fr\\\/#website\",\"url\":\"https:\\\/\\\/www.webdo.tn\\\/fr\\\/\",\"name\":\"webdo\",\"description\":\"Tunisie - News en Tunisie et \u00e0 l&#039;international sur Webdo.tn\",\"publisher\":{\"@id\":\"https:\\\/\\\/www.webdo.tn\\\/fr\\\/#organization\"},\"potentialAction\":[{\"@type\":\"SearchAction\",\"target\":{\"@type\":\"EntryPoint\",\"urlTemplate\":\"https:\\\/\\\/www.webdo.tn\\\/fr\\\/?s={search_term_string}\"},\"query-input\":{\"@type\":\"PropertyValueSpecification\",\"valueRequired\":true,\"valueName\":\"search_term_string\"}}],\"inLanguage\":\"fr-FR\"},{\"@type\":\"Organization\",\"@id\":\"https:\\\/\\\/www.webdo.tn\\\/fr\\\/#organization\",\"name\":\"Webdo\",\"alternateName\":\"Webdo.tn\",\"url\":\"https:\\\/\\\/www.webdo.tn\\\/fr\\\/\",\"logo\":{\"@type\":\"ImageObject\",\"inLanguage\":\"fr-FR\",\"@id\":\"https:\\\/\\\/www.webdo.tn\\\/fr\\\/#\\\/schema\\\/logo\\\/image\\\/\",\"url\":\"https:\\\/\\\/www.webdo.tn\\\/fr\\\/wp-content\\\/uploads\\\/2025\\\/06\\\/Webdo-Tunisie_168377.jpg\",\"contentUrl\":\"https:\\\/\\\/www.webdo.tn\\\/fr\\\/wp-content\\\/uploads\\\/2025\\\/06\\\/Webdo-Tunisie_168377.jpg\",\"width\":301,\"height\":301,\"caption\":\"Webdo\"},\"image\":{\"@id\":\"https:\\\/\\\/www.webdo.tn\\\/fr\\\/#\\\/schema\\\/logo\\\/image\\\/\"},\"sameAs\":[\"https:\\\/\\\/www.facebook.com\\\/webdotn\",\"https:\\\/\\\/x.com\\\/webdo_tn\"],\"description\":\"Webdo est un m\u00e9dia num\u00e9rique tunisien fond\u00e9 en 2010, sp\u00e9cialis\u00e9 dans l\u2019actualit\u00e9 nationale et internationale, l\u2019\u00e9conomie, la soci\u00e9t\u00e9 et les analyses politiques. Le site s\u2019adresse \u00e0 un large public francophone et couvre l\u2019information tunisienne en temps r\u00e9el.\",\"email\":\"redac@webdo.tn\",\"legalName\":\"YNJ SARL\",\"foundingDate\":\"2010-09-06\",\"numberOfEmployees\":{\"@type\":\"QuantitativeValue\",\"minValue\":\"11\",\"maxValue\":\"50\"}},{\"@type\":\"Person\",\"@id\":\"https:\\\/\\\/www.webdo.tn\\\/fr\\\/#\\\/schema\\\/person\\\/f35b42a42c5e2511bbd282959d6385cc\",\"name\":\"CL\",\"image\":{\"@type\":\"ImageObject\",\"inLanguage\":\"fr-FR\",\"@id\":\"https:\\\/\\\/secure.gravatar.com\\\/avatar\\\/1447a49909b67aa657c488aec6512e1dd6143a480c1ecfee9b5b5cd74eb3b59e?s=96&d=mm&r=g\",\"url\":\"https:\\\/\\\/secure.gravatar.com\\\/avatar\\\/1447a49909b67aa657c488aec6512e1dd6143a480c1ecfee9b5b5cd74eb3b59e?s=96&d=mm&r=g\",\"contentUrl\":\"https:\\\/\\\/secure.gravatar.com\\\/avatar\\\/1447a49909b67aa657c488aec6512e1dd6143a480c1ecfee9b5b5cd74eb3b59e?s=96&d=mm&r=g\",\"caption\":\"CL\"},\"url\":\"https:\\\/\\\/www.webdo.tn\\\/fr\\\/actualite\\\/author\\\/cl\\\/\"}]}<\/script>\n<!-- \/ Yoast SEO Premium plugin. -->","yoast_head_json":{"title":"Variant \u00ab Eris \u00bb : Pas de panique, appelle Hechmi Louzir","description":"Le nouveau variant \u201cEris\u201d du coronavirus fait des ravages dans de nombreux pays. En Tunisie, les autorit\u00e9s ont proc\u00e9d\u00e9 \u00e0 des op\u00e9rations de s\u00e9quen\u00e7age pour savoi...","canonical":"https:\/\/www.webdo.tn\/fr\/actualite\/national\/variant-eris-pas-de-panique-appelle-hechmi-louzir\/208096\/","og_locale":"fr_FR","og_type":"article","og_title":"Variant \u00ab Eris \u00bb : Pas de panique, appelle Hechmi Louzir","og_description":"Le nouveau variant \u201cEris\u201d du coronavirus fait des ravages dans de nombreux pays. En Tunisie, les autorit\u00e9s ont proc\u00e9d\u00e9 \u00e0 des op\u00e9rations de s\u00e9quen\u00e7age pour savoi...","og_url":"https:\/\/www.webdo.tn\/fr\/actualite\/national\/variant-eris-pas-de-panique-appelle-hechmi-louzir\/208096\/","og_site_name":"webdo","article_publisher":"https:\/\/www.facebook.com\/webdotn","article_published_time":"2023-08-22T12:13:00+00:00","article_modified_time":"2025-05-20T22:51:32+00:00","og_image":[{"width":750,"height":400,"url":"https:\/\/www.webdo.tn\/fr\/wp-content\/uploads\/2023\/08\/d45be37e166aa8f6476f27a6c5bc4eeb.jpg","type":"image\/jpeg"}],"author":"CL","twitter_card":"summary_large_image","twitter_creator":"@webdo_tn","twitter_site":"@webdo_tn","twitter_misc":{"\u00c9crit par":"CL","Dur\u00e9e de lecture estim\u00e9e":"1 minute"},"schema":{"@context":"https:\/\/schema.org","@graph":[{"@type":"NewsArticle","@id":"https:\/\/www.webdo.tn\/fr\/actualite\/national\/variant-eris-pas-de-panique-appelle-hechmi-louzir\/208096\/#article","isPartOf":{"@id":"https:\/\/www.webdo.tn\/fr\/actualite\/national\/variant-eris-pas-de-panique-appelle-hechmi-louzir\/208096\/"},"author":{"name":"CL","@id":"https:\/\/www.webdo.tn\/fr\/#\/schema\/person\/f35b42a42c5e2511bbd282959d6385cc"},"headline":"Variant \u00ab Eris \u00bb : Pas de panique, appelle Hechmi Louzir","datePublished":"2023-08-22T12:13:00+00:00","dateModified":"2025-05-20T22:51:32+00:00","mainEntityOfPage":{"@id":"https:\/\/www.webdo.tn\/fr\/actualite\/national\/variant-eris-pas-de-panique-appelle-hechmi-louzir\/208096\/"},"wordCount":125,"commentCount":0,"publisher":{"@id":"https:\/\/www.webdo.tn\/fr\/#organization"},"image":{"@id":"https:\/\/www.webdo.tn\/fr\/actualite\/national\/variant-eris-pas-de-panique-appelle-hechmi-louzir\/208096\/#primaryimage"},"thumbnailUrl":"https:\/\/www.webdo.tn\/fr\/wp-content\/uploads\/2023\/08\/d45be37e166aa8f6476f27a6c5bc4eeb.jpg","keywords":["Coronavirus","Eris","Tunisie","variant"],"articleSection":["National"],"inLanguage":"fr-FR"},{"@type":"WebPage","@id":"https:\/\/www.webdo.tn\/fr\/actualite\/national\/variant-eris-pas-de-panique-appelle-hechmi-louzir\/208096\/","url":"https:\/\/www.webdo.tn\/fr\/actualite\/national\/variant-eris-pas-de-panique-appelle-hechmi-louzir\/208096\/","name":"Variant \u00ab Eris \u00bb : Pas de panique, appelle Hechmi Louzir","isPartOf":{"@id":"https:\/\/www.webdo.tn\/fr\/#website"},"primaryImageOfPage":{"@id":"https:\/\/www.webdo.tn\/fr\/actualite\/national\/variant-eris-pas-de-panique-appelle-hechmi-louzir\/208096\/#primaryimage"},"image":{"@id":"https:\/\/www.webdo.tn\/fr\/actualite\/national\/variant-eris-pas-de-panique-appelle-hechmi-louzir\/208096\/#primaryimage"},"thumbnailUrl":"https:\/\/www.webdo.tn\/fr\/wp-content\/uploads\/2023\/08\/d45be37e166aa8f6476f27a6c5bc4eeb.jpg","datePublished":"2023-08-22T12:13:00+00:00","dateModified":"2025-05-20T22:51:32+00:00","description":"Le nouveau variant \u201cEris\u201d du coronavirus fait des ravages dans de nombreux pays. En Tunisie, les autorit\u00e9s ont proc\u00e9d\u00e9 \u00e0 des op\u00e9rations de s\u00e9quen\u00e7age pour savoi...","breadcrumb":{"@id":"https:\/\/www.webdo.tn\/fr\/actualite\/national\/variant-eris-pas-de-panique-appelle-hechmi-louzir\/208096\/#breadcrumb"},"inLanguage":"fr-FR","potentialAction":[{"@type":"ReadAction","target":["https:\/\/www.webdo.tn\/fr\/actualite\/national\/variant-eris-pas-de-panique-appelle-hechmi-louzir\/208096\/"]}]},{"@type":"ImageObject","inLanguage":"fr-FR","@id":"https:\/\/www.webdo.tn\/fr\/actualite\/national\/variant-eris-pas-de-panique-appelle-hechmi-louzir\/208096\/#primaryimage","url":"https:\/\/www.webdo.tn\/fr\/wp-content\/uploads\/2023\/08\/d45be37e166aa8f6476f27a6c5bc4eeb.jpg","contentUrl":"https:\/\/www.webdo.tn\/fr\/wp-content\/uploads\/2023\/08\/d45be37e166aa8f6476f27a6c5bc4eeb.jpg","width":750,"height":400,"caption":"Variant \u00ab Eris \u00bb : Pas de panique, appelle Hechmi Louzir"},{"@type":"BreadcrumbList","@id":"https:\/\/www.webdo.tn\/fr\/actualite\/national\/variant-eris-pas-de-panique-appelle-hechmi-louzir\/208096\/#breadcrumb","itemListElement":[{"@type":"ListItem","position":1,"name":"Accueil","item":"https:\/\/www.webdo.tn\/fr\/"},{"@type":"ListItem","position":2,"name":"Variant \u00ab Eris \u00bb : Pas de panique, appelle Hechmi Louzir"}]},{"@type":"WebSite","@id":"https:\/\/www.webdo.tn\/fr\/#website","url":"https:\/\/www.webdo.tn\/fr\/","name":"webdo","description":"Tunisie - News en Tunisie et \u00e0 l&#039;international sur Webdo.tn","publisher":{"@id":"https:\/\/www.webdo.tn\/fr\/#organization"},"potentialAction":[{"@type":"SearchAction","target":{"@type":"EntryPoint","urlTemplate":"https:\/\/www.webdo.tn\/fr\/?s={search_term_string}"},"query-input":{"@type":"PropertyValueSpecification","valueRequired":true,"valueName":"search_term_string"}}],"inLanguage":"fr-FR"},{"@type":"Organization","@id":"https:\/\/www.webdo.tn\/fr\/#organization","name":"Webdo","alternateName":"Webdo.tn","url":"https:\/\/www.webdo.tn\/fr\/","logo":{"@type":"ImageObject","inLanguage":"fr-FR","@id":"https:\/\/www.webdo.tn\/fr\/#\/schema\/logo\/image\/","url":"https:\/\/www.webdo.tn\/fr\/wp-content\/uploads\/2025\/06\/Webdo-Tunisie_168377.jpg","contentUrl":"https:\/\/www.webdo.tn\/fr\/wp-content\/uploads\/2025\/06\/Webdo-Tunisie_168377.jpg","width":301,"height":301,"caption":"Webdo"},"image":{"@id":"https:\/\/www.webdo.tn\/fr\/#\/schema\/logo\/image\/"},"sameAs":["https:\/\/www.facebook.com\/webdotn","https:\/\/x.com\/webdo_tn"],"description":"Webdo est un m\u00e9dia num\u00e9rique tunisien fond\u00e9 en 2010, sp\u00e9cialis\u00e9 dans l\u2019actualit\u00e9 nationale et internationale, l\u2019\u00e9conomie, la soci\u00e9t\u00e9 et les analyses politiques. Le site s\u2019adresse \u00e0 un large public francophone et couvre l\u2019information tunisienne en temps r\u00e9el.","email":"redac@webdo.tn","legalName":"YNJ SARL","foundingDate":"2010-09-06","numberOfEmployees":{"@type":"QuantitativeValue","minValue":"11","maxValue":"50"}},{"@type":"Person","@id":"https:\/\/www.webdo.tn\/fr\/#\/schema\/person\/f35b42a42c5e2511bbd282959d6385cc","name":"CL","image":{"@type":"ImageObject","inLanguage":"fr-FR","@id":"https:\/\/secure.gravatar.com\/avatar\/1447a49909b67aa657c488aec6512e1dd6143a480c1ecfee9b5b5cd74eb3b59e?s=96&d=mm&r=g","url":"https:\/\/secure.gravatar.com\/avatar\/1447a49909b67aa657c488aec6512e1dd6143a480c1ecfee9b5b5cd74eb3b59e?s=96&d=mm&r=g","contentUrl":"https:\/\/secure.gravatar.com\/avatar\/1447a49909b67aa657c488aec6512e1dd6143a480c1ecfee9b5b5cd74eb3b59e?s=96&d=mm&r=g","caption":"CL"},"url":"https:\/\/www.webdo.tn\/fr\/actualite\/author\/cl\/"}]}},"_links":{"self":[{"href":"https:\/\/www.webdo.tn\/fr\/wp-json\/wp\/v2\/posts\/208096","targetHints":{"allow":["GET"]}}],"collection":[{"href":"https:\/\/www.webdo.tn\/fr\/wp-json\/wp\/v2\/posts"}],"about":[{"href":"https:\/\/www.webdo.tn\/fr\/wp-json\/wp\/v2\/types\/post"}],"author":[{"embeddable":true,"href":"https:\/\/www.webdo.tn\/fr\/wp-json\/wp\/v2\/users\/3175"}],"replies":[{"embeddable":true,"href":"https:\/\/www.webdo.tn\/fr\/wp-json\/wp\/v2\/comments?post=208096"}],"version-history":[{"count":0,"href":"https:\/\/www.webdo.tn\/fr\/wp-json\/wp\/v2\/posts\/208096\/revisions"}],"wp:featuredmedia":[{"embeddable":true,"href":"https:\/\/www.webdo.tn\/fr\/wp-json\/wp\/v2\/media\/278633"}],"wp:attachment":[{"href":"https:\/\/www.webdo.tn\/fr\/wp-json\/wp\/v2\/media?parent=208096"}],"wp:term":[{"taxonomy":"category","embeddable":true,"href":"https:\/\/www.webdo.tn\/fr\/wp-json\/wp\/v2\/categories?post=208096"},{"taxonomy":"post_tag","embeddable":true,"href":"https:\/\/www.webdo.tn\/fr\/wp-json\/wp\/v2\/tags?post=208096"}],"curies":[{"name":"wp","href":"https:\/\/api.w.org\/{rel}","templated":true}]}}