{"id":208094,"date":"2023-08-22T11:08:00","date_gmt":"2023-08-22T11:08:00","guid":{"rendered":"https:\/\/www.webdo.tn\/fr\/blog\/bus-d-occasion-francais-est-ce-vraiment-une-mauvaise-affaire\/208094\/"},"modified":"2025-05-20T22:51:31","modified_gmt":"2025-05-20T22:51:31","slug":"bus-d-occasion-francais-est-ce-vraiment-une-mauvaise-affaire","status":"publish","type":"post","link":"https:\/\/www.webdo.tn\/fr\/actualite\/national\/bus-d-occasion-francais-est-ce-vraiment-une-mauvaise-affaire\/208094\/","title":{"rendered":"Bus d\u2019occasion fran\u00e7ais, est-ce vraiment une mauvaise affaire ?"},"content":{"rendered":"<p>Une pol\u00e9mique a \u00e9clat\u00e9 suite \u00e0 l\u2019acquisition de trois cents bus d\u2019occasion fran\u00e7ais par la Transtu. Certains sont all\u00e9s jusqu\u2019\u00e0 \u00e9voquer une ferraille que la France exporte en Tunisie, mais est-ce vraiment une mauvaise affaire ?\u00a0<\/p>\n<p>Il s\u2019agit de 300 bus d&rsquo;occasion aupr\u00e8s de l&rsquo;agence ind\u00e9pendante des transports de Paris, la RATP, une acquisition qui comprendd 122 bus IVECO IRISBUS, dont 32 bus doubles.<\/p>\n<p>La valeur de l&rsquo;achat de 300 bus d&rsquo;occasion est estim\u00e9e \u00e0 environ 16 millions de dinars, alors que le prix du nouveau bus r\u00e9gulier varie entre 400 et 450 mille dinars, et le prix du bus double varie entre 700 et 750 mille dinars. En moyenne, un seul bus d\u2019occasion a \u00e9t\u00e9 achet\u00e9 \u00e0 environ 51 mille dinars, le prix d\u2019une voiture entr\u00e9e de gamme en Tunisie.\u00a0<\/p>\n<p>D\u2019ailleurs, Abdelraouf Salah, le PDG de la Transtu estime qu\u2019il s\u2019agit d\u2019une solution provisoire pour rem\u00e9dier au manque de bus en pr\u00e9vision \u00e0 la rentr\u00e9e scolaire dans quelques jours.\u00a0<\/p>\n<p>Sauf que l\u2019entretien de ces bus d\u2019occasion pourrait augmenter ces frais d\u2019acquisition \u00e0 moyen terme. Autant dire que la Transtu affirme avoir mis en place un comit\u00e9 d\u2019experts techniques avant cette acquisition avec la condition d\u2019assurer les normes de s\u00e9curit\u00e9.<\/p>\n","protected":false},"excerpt":{"rendered":"<p>Une pol\u00e9mique a \u00e9clat\u00e9 suite \u00e0 l\u2019acquisition de trois cents bus d\u2019occasion fran\u00e7ais par la Transtu. Certains sont all\u00e9s jusqu\u2019\u00e0 \u00e9voquer une ferraille que la Fra&#8230;<\/p>\n","protected":false},"author":3175,"featured_media":278629,"comment_status":"open","ping_status":"closed","sticky":false,"template":"","format":"standard","meta":{"footnotes":""},"categories":[44],"tags":[3403,9667,2763,4045,2608],"class_list":["post-208094","post","type-post","status-publish","format-standard","has-post-thumbnail","hentry","category-national","tag-bus","tag-bus-francais","tag-occasion","tag-transtu","tag-tunisie"],"yoast_head":"<!-- This site is optimized with the Yoast SEO Premium plugin v27.4 (Yoast SEO v27.4) - https:\/\/yoast.com\/product\/yoast-seo-premium-wordpress\/ -->\n<title>Bus d\u2019occasion fran\u00e7ais, est-ce vraiment une mauvaise affaire ?<\/title>\n<meta name=\"description\" content=\"Une pol\u00e9mique a \u00e9clat\u00e9 suite \u00e0 l\u2019acquisition de trois cents bus d\u2019occasion fran\u00e7ais par la Transtu. Certains sont all\u00e9s jusqu\u2019\u00e0 \u00e9voquer une ferraille que la Fra...\" \/>\n<link rel=\"canonical\" href=\"https:\/\/www.webdo.tn\/fr\/actualite\/national\/bus-d-occasion-francais-est-ce-vraiment-une-mauvaise-affaire\/208094\/\" \/>\n<meta property=\"og:locale\" content=\"fr_FR\" \/>\n<meta property=\"og:type\" content=\"article\" \/>\n<meta property=\"og:title\" content=\"Bus d\u2019occasion fran\u00e7ais, est-ce vraiment une mauvaise affaire ?\" \/>\n<meta property=\"og:description\" content=\"Une pol\u00e9mique a \u00e9clat\u00e9 suite \u00e0 l\u2019acquisition de trois cents bus d\u2019occasion fran\u00e7ais par la Transtu. Certains sont all\u00e9s jusqu\u2019\u00e0 \u00e9voquer une ferraille que la Fra...\" \/>\n<meta property=\"og:url\" content=\"https:\/\/www.webdo.tn\/fr\/actualite\/national\/bus-d-occasion-francais-est-ce-vraiment-une-mauvaise-affaire\/208094\/\" \/>\n<meta property=\"og:site_name\" content=\"webdo\" \/>\n<meta property=\"article:publisher\" content=\"https:\/\/www.facebook.com\/webdotn\" \/>\n<meta property=\"article:published_time\" content=\"2023-08-22T11:08:00+00:00\" \/>\n<meta property=\"article:modified_time\" content=\"2025-05-20T22:51:31+00:00\" \/>\n<meta property=\"og:image\" content=\"https:\/\/www.webdo.tn\/fr\/wp-content\/uploads\/2023\/08\/6bb5225c9bb597e5db5c7a7f99e5cb46.jpg\" \/>\n\t<meta property=\"og:image:width\" content=\"750\" \/>\n\t<meta property=\"og:image:height\" content=\"400\" \/>\n\t<meta property=\"og:image:type\" content=\"image\/jpeg\" \/>\n<meta name=\"author\" content=\"CL\" \/>\n<meta name=\"twitter:card\" content=\"summary_large_image\" \/>\n<meta name=\"twitter:creator\" content=\"@webdo_tn\" \/>\n<meta name=\"twitter:site\" content=\"@webdo_tn\" \/>\n<meta name=\"twitter:label1\" content=\"\u00c9crit par\" \/>\n\t<meta name=\"twitter:data1\" content=\"CL\" \/>\n\t<meta name=\"twitter:label2\" content=\"Dur\u00e9e de lecture estim\u00e9e\" \/>\n\t<meta name=\"twitter:data2\" content=\"1 minute\" \/>\n<script type=\"application\/ld+json\" class=\"yoast-schema-graph\">{\"@context\":\"https:\\\/\\\/schema.org\",\"@graph\":[{\"@type\":\"NewsArticle\",\"@id\":\"https:\\\/\\\/www.webdo.tn\\\/fr\\\/actualite\\\/national\\\/bus-d-occasion-francais-est-ce-vraiment-une-mauvaise-affaire\\\/208094\\\/#article\",\"isPartOf\":{\"@id\":\"https:\\\/\\\/www.webdo.tn\\\/fr\\\/actualite\\\/national\\\/bus-d-occasion-francais-est-ce-vraiment-une-mauvaise-affaire\\\/208094\\\/\"},\"author\":{\"name\":\"CL\",\"@id\":\"https:\\\/\\\/www.webdo.tn\\\/fr\\\/#\\\/schema\\\/person\\\/f35b42a42c5e2511bbd282959d6385cc\"},\"headline\":\"Bus d\u2019occasion fran\u00e7ais, est-ce vraiment une mauvaise affaire ?\",\"datePublished\":\"2023-08-22T11:08:00+00:00\",\"dateModified\":\"2025-05-20T22:51:31+00:00\",\"mainEntityOfPage\":{\"@id\":\"https:\\\/\\\/www.webdo.tn\\\/fr\\\/actualite\\\/national\\\/bus-d-occasion-francais-est-ce-vraiment-une-mauvaise-affaire\\\/208094\\\/\"},\"wordCount\":224,\"commentCount\":0,\"publisher\":{\"@id\":\"https:\\\/\\\/www.webdo.tn\\\/fr\\\/#organization\"},\"image\":{\"@id\":\"https:\\\/\\\/www.webdo.tn\\\/fr\\\/actualite\\\/national\\\/bus-d-occasion-francais-est-ce-vraiment-une-mauvaise-affaire\\\/208094\\\/#primaryimage\"},\"thumbnailUrl\":\"https:\\\/\\\/www.webdo.tn\\\/fr\\\/wp-content\\\/uploads\\\/2023\\\/08\\\/6bb5225c9bb597e5db5c7a7f99e5cb46.jpg\",\"keywords\":[\"Bus\",\"Bus Fran\u00e7ais\",\"Occasion\",\"TRANSTU\",\"Tunisie\"],\"articleSection\":[\"National\"],\"inLanguage\":\"fr-FR\"},{\"@type\":\"WebPage\",\"@id\":\"https:\\\/\\\/www.webdo.tn\\\/fr\\\/actualite\\\/national\\\/bus-d-occasion-francais-est-ce-vraiment-une-mauvaise-affaire\\\/208094\\\/\",\"url\":\"https:\\\/\\\/www.webdo.tn\\\/fr\\\/actualite\\\/national\\\/bus-d-occasion-francais-est-ce-vraiment-une-mauvaise-affaire\\\/208094\\\/\",\"name\":\"Bus d\u2019occasion fran\u00e7ais, est-ce vraiment une mauvaise affaire ?\",\"isPartOf\":{\"@id\":\"https:\\\/\\\/www.webdo.tn\\\/fr\\\/#website\"},\"primaryImageOfPage\":{\"@id\":\"https:\\\/\\\/www.webdo.tn\\\/fr\\\/actualite\\\/national\\\/bus-d-occasion-francais-est-ce-vraiment-une-mauvaise-affaire\\\/208094\\\/#primaryimage\"},\"image\":{\"@id\":\"https:\\\/\\\/www.webdo.tn\\\/fr\\\/actualite\\\/national\\\/bus-d-occasion-francais-est-ce-vraiment-une-mauvaise-affaire\\\/208094\\\/#primaryimage\"},\"thumbnailUrl\":\"https:\\\/\\\/www.webdo.tn\\\/fr\\\/wp-content\\\/uploads\\\/2023\\\/08\\\/6bb5225c9bb597e5db5c7a7f99e5cb46.jpg\",\"datePublished\":\"2023-08-22T11:08:00+00:00\",\"dateModified\":\"2025-05-20T22:51:31+00:00\",\"description\":\"Une pol\u00e9mique a \u00e9clat\u00e9 suite \u00e0 l\u2019acquisition de trois cents bus d\u2019occasion fran\u00e7ais par la Transtu. Certains sont all\u00e9s jusqu\u2019\u00e0 \u00e9voquer une ferraille que la Fra...\",\"breadcrumb\":{\"@id\":\"https:\\\/\\\/www.webdo.tn\\\/fr\\\/actualite\\\/national\\\/bus-d-occasion-francais-est-ce-vraiment-une-mauvaise-affaire\\\/208094\\\/#breadcrumb\"},\"inLanguage\":\"fr-FR\",\"potentialAction\":[{\"@type\":\"ReadAction\",\"target\":[\"https:\\\/\\\/www.webdo.tn\\\/fr\\\/actualite\\\/national\\\/bus-d-occasion-francais-est-ce-vraiment-une-mauvaise-affaire\\\/208094\\\/\"]}]},{\"@type\":\"ImageObject\",\"inLanguage\":\"fr-FR\",\"@id\":\"https:\\\/\\\/www.webdo.tn\\\/fr\\\/actualite\\\/national\\\/bus-d-occasion-francais-est-ce-vraiment-une-mauvaise-affaire\\\/208094\\\/#primaryimage\",\"url\":\"https:\\\/\\\/www.webdo.tn\\\/fr\\\/wp-content\\\/uploads\\\/2023\\\/08\\\/6bb5225c9bb597e5db5c7a7f99e5cb46.jpg\",\"contentUrl\":\"https:\\\/\\\/www.webdo.tn\\\/fr\\\/wp-content\\\/uploads\\\/2023\\\/08\\\/6bb5225c9bb597e5db5c7a7f99e5cb46.jpg\",\"width\":750,\"height\":400,\"caption\":\"Bus d\u2019occasion fran\u00e7ais, est-ce vraiment une mauvaise affaire ?\"},{\"@type\":\"BreadcrumbList\",\"@id\":\"https:\\\/\\\/www.webdo.tn\\\/fr\\\/actualite\\\/national\\\/bus-d-occasion-francais-est-ce-vraiment-une-mauvaise-affaire\\\/208094\\\/#breadcrumb\",\"itemListElement\":[{\"@type\":\"ListItem\",\"position\":1,\"name\":\"Accueil\",\"item\":\"https:\\\/\\\/www.webdo.tn\\\/fr\\\/\"},{\"@type\":\"ListItem\",\"position\":2,\"name\":\"Bus d\u2019occasion fran\u00e7ais, est-ce vraiment une mauvaise affaire ?\"}]},{\"@type\":\"WebSite\",\"@id\":\"https:\\\/\\\/www.webdo.tn\\\/fr\\\/#website\",\"url\":\"https:\\\/\\\/www.webdo.tn\\\/fr\\\/\",\"name\":\"webdo\",\"description\":\"Tunisie - News en Tunisie et \u00e0 l&#039;international sur Webdo.tn\",\"publisher\":{\"@id\":\"https:\\\/\\\/www.webdo.tn\\\/fr\\\/#organization\"},\"potentialAction\":[{\"@type\":\"SearchAction\",\"target\":{\"@type\":\"EntryPoint\",\"urlTemplate\":\"https:\\\/\\\/www.webdo.tn\\\/fr\\\/?s={search_term_string}\"},\"query-input\":{\"@type\":\"PropertyValueSpecification\",\"valueRequired\":true,\"valueName\":\"search_term_string\"}}],\"inLanguage\":\"fr-FR\"},{\"@type\":\"Organization\",\"@id\":\"https:\\\/\\\/www.webdo.tn\\\/fr\\\/#organization\",\"name\":\"Webdo\",\"alternateName\":\"Webdo.tn\",\"url\":\"https:\\\/\\\/www.webdo.tn\\\/fr\\\/\",\"logo\":{\"@type\":\"ImageObject\",\"inLanguage\":\"fr-FR\",\"@id\":\"https:\\\/\\\/www.webdo.tn\\\/fr\\\/#\\\/schema\\\/logo\\\/image\\\/\",\"url\":\"https:\\\/\\\/www.webdo.tn\\\/fr\\\/wp-content\\\/uploads\\\/2025\\\/06\\\/Webdo-Tunisie_168377.jpg\",\"contentUrl\":\"https:\\\/\\\/www.webdo.tn\\\/fr\\\/wp-content\\\/uploads\\\/2025\\\/06\\\/Webdo-Tunisie_168377.jpg\",\"width\":301,\"height\":301,\"caption\":\"Webdo\"},\"image\":{\"@id\":\"https:\\\/\\\/www.webdo.tn\\\/fr\\\/#\\\/schema\\\/logo\\\/image\\\/\"},\"sameAs\":[\"https:\\\/\\\/www.facebook.com\\\/webdotn\",\"https:\\\/\\\/x.com\\\/webdo_tn\"],\"description\":\"Webdo est un m\u00e9dia num\u00e9rique tunisien fond\u00e9 en 2010, sp\u00e9cialis\u00e9 dans l\u2019actualit\u00e9 nationale et internationale, l\u2019\u00e9conomie, la soci\u00e9t\u00e9 et les analyses politiques. Le site s\u2019adresse \u00e0 un large public francophone et couvre l\u2019information tunisienne en temps r\u00e9el.\",\"email\":\"redac@webdo.tn\",\"legalName\":\"YNJ SARL\",\"foundingDate\":\"2010-09-06\",\"numberOfEmployees\":{\"@type\":\"QuantitativeValue\",\"minValue\":\"11\",\"maxValue\":\"50\"}},{\"@type\":\"Person\",\"@id\":\"https:\\\/\\\/www.webdo.tn\\\/fr\\\/#\\\/schema\\\/person\\\/f35b42a42c5e2511bbd282959d6385cc\",\"name\":\"CL\",\"image\":{\"@type\":\"ImageObject\",\"inLanguage\":\"fr-FR\",\"@id\":\"https:\\\/\\\/secure.gravatar.com\\\/avatar\\\/1447a49909b67aa657c488aec6512e1dd6143a480c1ecfee9b5b5cd74eb3b59e?s=96&d=mm&r=g\",\"url\":\"https:\\\/\\\/secure.gravatar.com\\\/avatar\\\/1447a49909b67aa657c488aec6512e1dd6143a480c1ecfee9b5b5cd74eb3b59e?s=96&d=mm&r=g\",\"contentUrl\":\"https:\\\/\\\/secure.gravatar.com\\\/avatar\\\/1447a49909b67aa657c488aec6512e1dd6143a480c1ecfee9b5b5cd74eb3b59e?s=96&d=mm&r=g\",\"caption\":\"CL\"},\"url\":\"https:\\\/\\\/www.webdo.tn\\\/fr\\\/actualite\\\/author\\\/cl\\\/\"}]}<\/script>\n<!-- \/ Yoast SEO Premium plugin. -->","yoast_head_json":{"title":"Bus d\u2019occasion fran\u00e7ais, est-ce vraiment une mauvaise affaire ?","description":"Une pol\u00e9mique a \u00e9clat\u00e9 suite \u00e0 l\u2019acquisition de trois cents bus d\u2019occasion fran\u00e7ais par la Transtu. Certains sont all\u00e9s jusqu\u2019\u00e0 \u00e9voquer une ferraille que la Fra...","canonical":"https:\/\/www.webdo.tn\/fr\/actualite\/national\/bus-d-occasion-francais-est-ce-vraiment-une-mauvaise-affaire\/208094\/","og_locale":"fr_FR","og_type":"article","og_title":"Bus d\u2019occasion fran\u00e7ais, est-ce vraiment une mauvaise affaire ?","og_description":"Une pol\u00e9mique a \u00e9clat\u00e9 suite \u00e0 l\u2019acquisition de trois cents bus d\u2019occasion fran\u00e7ais par la Transtu. Certains sont all\u00e9s jusqu\u2019\u00e0 \u00e9voquer une ferraille que la Fra...","og_url":"https:\/\/www.webdo.tn\/fr\/actualite\/national\/bus-d-occasion-francais-est-ce-vraiment-une-mauvaise-affaire\/208094\/","og_site_name":"webdo","article_publisher":"https:\/\/www.facebook.com\/webdotn","article_published_time":"2023-08-22T11:08:00+00:00","article_modified_time":"2025-05-20T22:51:31+00:00","og_image":[{"width":750,"height":400,"url":"https:\/\/www.webdo.tn\/fr\/wp-content\/uploads\/2023\/08\/6bb5225c9bb597e5db5c7a7f99e5cb46.jpg","type":"image\/jpeg"}],"author":"CL","twitter_card":"summary_large_image","twitter_creator":"@webdo_tn","twitter_site":"@webdo_tn","twitter_misc":{"\u00c9crit par":"CL","Dur\u00e9e de lecture estim\u00e9e":"1 minute"},"schema":{"@context":"https:\/\/schema.org","@graph":[{"@type":"NewsArticle","@id":"https:\/\/www.webdo.tn\/fr\/actualite\/national\/bus-d-occasion-francais-est-ce-vraiment-une-mauvaise-affaire\/208094\/#article","isPartOf":{"@id":"https:\/\/www.webdo.tn\/fr\/actualite\/national\/bus-d-occasion-francais-est-ce-vraiment-une-mauvaise-affaire\/208094\/"},"author":{"name":"CL","@id":"https:\/\/www.webdo.tn\/fr\/#\/schema\/person\/f35b42a42c5e2511bbd282959d6385cc"},"headline":"Bus d\u2019occasion fran\u00e7ais, est-ce vraiment une mauvaise affaire ?","datePublished":"2023-08-22T11:08:00+00:00","dateModified":"2025-05-20T22:51:31+00:00","mainEntityOfPage":{"@id":"https:\/\/www.webdo.tn\/fr\/actualite\/national\/bus-d-occasion-francais-est-ce-vraiment-une-mauvaise-affaire\/208094\/"},"wordCount":224,"commentCount":0,"publisher":{"@id":"https:\/\/www.webdo.tn\/fr\/#organization"},"image":{"@id":"https:\/\/www.webdo.tn\/fr\/actualite\/national\/bus-d-occasion-francais-est-ce-vraiment-une-mauvaise-affaire\/208094\/#primaryimage"},"thumbnailUrl":"https:\/\/www.webdo.tn\/fr\/wp-content\/uploads\/2023\/08\/6bb5225c9bb597e5db5c7a7f99e5cb46.jpg","keywords":["Bus","Bus Fran\u00e7ais","Occasion","TRANSTU","Tunisie"],"articleSection":["National"],"inLanguage":"fr-FR"},{"@type":"WebPage","@id":"https:\/\/www.webdo.tn\/fr\/actualite\/national\/bus-d-occasion-francais-est-ce-vraiment-une-mauvaise-affaire\/208094\/","url":"https:\/\/www.webdo.tn\/fr\/actualite\/national\/bus-d-occasion-francais-est-ce-vraiment-une-mauvaise-affaire\/208094\/","name":"Bus d\u2019occasion fran\u00e7ais, est-ce vraiment une mauvaise affaire ?","isPartOf":{"@id":"https:\/\/www.webdo.tn\/fr\/#website"},"primaryImageOfPage":{"@id":"https:\/\/www.webdo.tn\/fr\/actualite\/national\/bus-d-occasion-francais-est-ce-vraiment-une-mauvaise-affaire\/208094\/#primaryimage"},"image":{"@id":"https:\/\/www.webdo.tn\/fr\/actualite\/national\/bus-d-occasion-francais-est-ce-vraiment-une-mauvaise-affaire\/208094\/#primaryimage"},"thumbnailUrl":"https:\/\/www.webdo.tn\/fr\/wp-content\/uploads\/2023\/08\/6bb5225c9bb597e5db5c7a7f99e5cb46.jpg","datePublished":"2023-08-22T11:08:00+00:00","dateModified":"2025-05-20T22:51:31+00:00","description":"Une pol\u00e9mique a \u00e9clat\u00e9 suite \u00e0 l\u2019acquisition de trois cents bus d\u2019occasion fran\u00e7ais par la Transtu. Certains sont all\u00e9s jusqu\u2019\u00e0 \u00e9voquer une ferraille que la Fra...","breadcrumb":{"@id":"https:\/\/www.webdo.tn\/fr\/actualite\/national\/bus-d-occasion-francais-est-ce-vraiment-une-mauvaise-affaire\/208094\/#breadcrumb"},"inLanguage":"fr-FR","potentialAction":[{"@type":"ReadAction","target":["https:\/\/www.webdo.tn\/fr\/actualite\/national\/bus-d-occasion-francais-est-ce-vraiment-une-mauvaise-affaire\/208094\/"]}]},{"@type":"ImageObject","inLanguage":"fr-FR","@id":"https:\/\/www.webdo.tn\/fr\/actualite\/national\/bus-d-occasion-francais-est-ce-vraiment-une-mauvaise-affaire\/208094\/#primaryimage","url":"https:\/\/www.webdo.tn\/fr\/wp-content\/uploads\/2023\/08\/6bb5225c9bb597e5db5c7a7f99e5cb46.jpg","contentUrl":"https:\/\/www.webdo.tn\/fr\/wp-content\/uploads\/2023\/08\/6bb5225c9bb597e5db5c7a7f99e5cb46.jpg","width":750,"height":400,"caption":"Bus d\u2019occasion fran\u00e7ais, est-ce vraiment une mauvaise affaire ?"},{"@type":"BreadcrumbList","@id":"https:\/\/www.webdo.tn\/fr\/actualite\/national\/bus-d-occasion-francais-est-ce-vraiment-une-mauvaise-affaire\/208094\/#breadcrumb","itemListElement":[{"@type":"ListItem","position":1,"name":"Accueil","item":"https:\/\/www.webdo.tn\/fr\/"},{"@type":"ListItem","position":2,"name":"Bus d\u2019occasion fran\u00e7ais, est-ce vraiment une mauvaise affaire ?"}]},{"@type":"WebSite","@id":"https:\/\/www.webdo.tn\/fr\/#website","url":"https:\/\/www.webdo.tn\/fr\/","name":"webdo","description":"Tunisie - News en Tunisie et \u00e0 l&#039;international sur Webdo.tn","publisher":{"@id":"https:\/\/www.webdo.tn\/fr\/#organization"},"potentialAction":[{"@type":"SearchAction","target":{"@type":"EntryPoint","urlTemplate":"https:\/\/www.webdo.tn\/fr\/?s={search_term_string}"},"query-input":{"@type":"PropertyValueSpecification","valueRequired":true,"valueName":"search_term_string"}}],"inLanguage":"fr-FR"},{"@type":"Organization","@id":"https:\/\/www.webdo.tn\/fr\/#organization","name":"Webdo","alternateName":"Webdo.tn","url":"https:\/\/www.webdo.tn\/fr\/","logo":{"@type":"ImageObject","inLanguage":"fr-FR","@id":"https:\/\/www.webdo.tn\/fr\/#\/schema\/logo\/image\/","url":"https:\/\/www.webdo.tn\/fr\/wp-content\/uploads\/2025\/06\/Webdo-Tunisie_168377.jpg","contentUrl":"https:\/\/www.webdo.tn\/fr\/wp-content\/uploads\/2025\/06\/Webdo-Tunisie_168377.jpg","width":301,"height":301,"caption":"Webdo"},"image":{"@id":"https:\/\/www.webdo.tn\/fr\/#\/schema\/logo\/image\/"},"sameAs":["https:\/\/www.facebook.com\/webdotn","https:\/\/x.com\/webdo_tn"],"description":"Webdo est un m\u00e9dia num\u00e9rique tunisien fond\u00e9 en 2010, sp\u00e9cialis\u00e9 dans l\u2019actualit\u00e9 nationale et internationale, l\u2019\u00e9conomie, la soci\u00e9t\u00e9 et les analyses politiques. Le site s\u2019adresse \u00e0 un large public francophone et couvre l\u2019information tunisienne en temps r\u00e9el.","email":"redac@webdo.tn","legalName":"YNJ SARL","foundingDate":"2010-09-06","numberOfEmployees":{"@type":"QuantitativeValue","minValue":"11","maxValue":"50"}},{"@type":"Person","@id":"https:\/\/www.webdo.tn\/fr\/#\/schema\/person\/f35b42a42c5e2511bbd282959d6385cc","name":"CL","image":{"@type":"ImageObject","inLanguage":"fr-FR","@id":"https:\/\/secure.gravatar.com\/avatar\/1447a49909b67aa657c488aec6512e1dd6143a480c1ecfee9b5b5cd74eb3b59e?s=96&d=mm&r=g","url":"https:\/\/secure.gravatar.com\/avatar\/1447a49909b67aa657c488aec6512e1dd6143a480c1ecfee9b5b5cd74eb3b59e?s=96&d=mm&r=g","contentUrl":"https:\/\/secure.gravatar.com\/avatar\/1447a49909b67aa657c488aec6512e1dd6143a480c1ecfee9b5b5cd74eb3b59e?s=96&d=mm&r=g","caption":"CL"},"url":"https:\/\/www.webdo.tn\/fr\/actualite\/author\/cl\/"}]}},"_links":{"self":[{"href":"https:\/\/www.webdo.tn\/fr\/wp-json\/wp\/v2\/posts\/208094","targetHints":{"allow":["GET"]}}],"collection":[{"href":"https:\/\/www.webdo.tn\/fr\/wp-json\/wp\/v2\/posts"}],"about":[{"href":"https:\/\/www.webdo.tn\/fr\/wp-json\/wp\/v2\/types\/post"}],"author":[{"embeddable":true,"href":"https:\/\/www.webdo.tn\/fr\/wp-json\/wp\/v2\/users\/3175"}],"replies":[{"embeddable":true,"href":"https:\/\/www.webdo.tn\/fr\/wp-json\/wp\/v2\/comments?post=208094"}],"version-history":[{"count":0,"href":"https:\/\/www.webdo.tn\/fr\/wp-json\/wp\/v2\/posts\/208094\/revisions"}],"wp:featuredmedia":[{"embeddable":true,"href":"https:\/\/www.webdo.tn\/fr\/wp-json\/wp\/v2\/media\/278629"}],"wp:attachment":[{"href":"https:\/\/www.webdo.tn\/fr\/wp-json\/wp\/v2\/media?parent=208094"}],"wp:term":[{"taxonomy":"category","embeddable":true,"href":"https:\/\/www.webdo.tn\/fr\/wp-json\/wp\/v2\/categories?post=208094"},{"taxonomy":"post_tag","embeddable":true,"href":"https:\/\/www.webdo.tn\/fr\/wp-json\/wp\/v2\/tags?post=208094"}],"curies":[{"name":"wp","href":"https:\/\/api.w.org\/{rel}","templated":true}]}}