{"id":208085,"date":"2023-08-22T08:43:00","date_gmt":"2023-08-22T08:43:00","guid":{"rendered":"https:\/\/www.webdo.tn\/fr\/blog\/kais-saied-et-chu-du-roi-salman-bin-abdulaziz-a-kairouan-une-longue-histoire\/208085\/"},"modified":"2025-05-20T22:51:30","modified_gmt":"2025-05-20T22:51:30","slug":"kais-saied-et-chu-du-roi-salman-bin-abdulaziz-a-kairouan-une-longue-histoire","status":"publish","type":"post","link":"https:\/\/www.webdo.tn\/fr\/actualite\/national\/kais-saied-et-chu-du-roi-salman-bin-abdulaziz-a-kairouan-une-longue-histoire\/208085\/","title":{"rendered":"Kais Saied et le CHU du Roi Salman \u00e0 Kairouan, une longue histoire !"},"content":{"rendered":"<p>Le pr\u00e9sident de la R\u00e9publique, Kais Sa\u00efed, a pr\u00e9sid\u00e9, ce lundi 21 ao\u00fbt 2023, au palais de Carthage, une s\u00e9ance de travail en pr\u00e9sence du Chef du gouvernement, Ahmed Hachani, du ministre conseiller du pr\u00e9sident de la R\u00e9publique, Mustapha Ferjani et des ministres de la Sant\u00e9, Ali Mrabet et de l&rsquo;Equipement et de l\u2019Habitat, Sarah Za\u00e2frani Zanzri, du haut conseiller du pr\u00e9sident de la R\u00e9publique charg\u00e9 de la s\u00e9curit\u00e9 nationale, Abderraouf Atallah,du gouverneur de Kairouan, Mohamed Bourguiba et du PDG de l&rsquo;Agence immobili\u00e8re de l&rsquo;habitat, Rejeb Aroud.<\/p>\n<p>La r\u00e9union, selon un communiqu\u00e9 de la pr\u00e9sidence de la R\u00e9publique, a port\u00e9 sur les causes qui obstruent la r\u00e9alisation du projet de l&rsquo;H\u00f4pital du Roi Salman bin Abdulaziz \u00e0 Kairouan.<\/p>\n<p>Ce projet auquel tient vraiment le pr\u00e9sident de la R\u00e9publique explique parfaitement les entraves de la bureaucratie en Tunisie. Alors que selon la pr\u00e9sidence de la R\u00e9publique les fonds sont d\u00e9j\u00e0 allou\u00e9s \u00e0 ce projet, aucune avanc\u00e9e n\u2019a \u00e9t\u00e9 not\u00e9e.\u00a0<\/p>\n<p>Le chef de l&rsquo;Etat qui affirme que ce dossier risque d&rsquo;affecter la cr\u00e9dibilit\u00e9 de l&rsquo;\u00c9tat tunisien et priver de nombreux citoyens de leur droit l\u00e9gitime \u00e0 la sant\u00e9 et aux soins, a fustig\u00e9 la lenteur des \u00e9tudes interminables.\u00a0<\/p>\n<p>D\u2019ailleurs, c\u2019est pour la \u00e9ni\u00e8me fois que le chef de l\u2019Etat pr\u00e9side une r\u00e9union qui porte sur ce sujet. D\u00e9j\u00e0, Kais Saied est all\u00e9 sur le terrain pour comprendre de plus pr\u00e8s les causes de ce retard, mais depuis le projet n\u2019a pas avanc\u00e9.\u00a0<\/p>\n<p>Notons que le projet de l\u2019h\u00f4pital universitaire du roi Salman Bin Abdelaziz \u00e0 Kairouan ne s\u2019inscrit pas dans le projet d\u2019une cit\u00e9 sanitaire \u00e0 Kairouan qui, lui aussi, tarde toujours.<\/p>\n","protected":false},"excerpt":{"rendered":"<p>Le pr\u00e9sident de la R\u00e9publique, Kais Sa\u00efed, a pr\u00e9sid\u00e9, ce lundi 21 ao\u00fbt 2023, au palais de Carthage, une s\u00e9ance de travail en pr\u00e9sence du Chef du gouvernement, A&#8230;<\/p>\n","protected":false},"author":3175,"featured_media":278627,"comment_status":"open","ping_status":"closed","sticky":false,"template":"","format":"standard","meta":{"footnotes":""},"categories":[44],"tags":[2960,3090,2614,2608],"class_list":["post-208085","post","type-post","status-publish","format-standard","has-post-thumbnail","hentry","category-national","tag-chu","tag-kairouan","tag-kais-saied","tag-tunisie"],"yoast_head":"<!-- This site is optimized with the Yoast SEO Premium plugin v27.5 (Yoast SEO v27.5) - https:\/\/yoast.com\/product\/yoast-seo-premium-wordpress\/ -->\n<title>Kais Saied et le CHU du Roi Salman \u00e0 Kairouan, une longue histoire !<\/title>\n<meta name=\"description\" content=\"Le pr\u00e9sident de la R\u00e9publique, Kais Sa\u00efed, a pr\u00e9sid\u00e9, ce lundi 21 ao\u00fbt 2023, au palais de Carthage, une s\u00e9ance de travail en pr\u00e9sence du Chef du gouvernement, A...\" \/>\n<link rel=\"canonical\" href=\"https:\/\/www.webdo.tn\/fr\/actualite\/national\/kais-saied-et-chu-du-roi-salman-bin-abdulaziz-a-kairouan-une-longue-histoire\/208085\/\" \/>\n<meta property=\"og:locale\" content=\"fr_FR\" \/>\n<meta property=\"og:type\" content=\"article\" \/>\n<meta property=\"og:title\" content=\"Kais Saied et le CHU du Roi Salman \u00e0 Kairouan, une longue histoire !\" \/>\n<meta property=\"og:description\" content=\"Le pr\u00e9sident de la R\u00e9publique, Kais Sa\u00efed, a pr\u00e9sid\u00e9, ce lundi 21 ao\u00fbt 2023, au palais de Carthage, une s\u00e9ance de travail en pr\u00e9sence du Chef du gouvernement, A...\" \/>\n<meta property=\"og:url\" content=\"https:\/\/www.webdo.tn\/fr\/actualite\/national\/kais-saied-et-chu-du-roi-salman-bin-abdulaziz-a-kairouan-une-longue-histoire\/208085\/\" \/>\n<meta property=\"og:site_name\" content=\"webdo\" \/>\n<meta property=\"article:publisher\" content=\"https:\/\/www.facebook.com\/webdotn\" \/>\n<meta property=\"article:published_time\" content=\"2023-08-22T08:43:00+00:00\" \/>\n<meta property=\"article:modified_time\" content=\"2025-05-20T22:51:30+00:00\" \/>\n<meta property=\"og:image\" content=\"https:\/\/www.webdo.tn\/fr\/wp-content\/uploads\/2023\/08\/7eecc592bb9e86f8167140350a9cce96.jpg\" \/>\n\t<meta property=\"og:image:width\" content=\"750\" \/>\n\t<meta property=\"og:image:height\" content=\"400\" \/>\n\t<meta property=\"og:image:type\" content=\"image\/jpeg\" \/>\n<meta name=\"author\" content=\"CL\" \/>\n<meta name=\"twitter:card\" content=\"summary_large_image\" \/>\n<meta name=\"twitter:creator\" content=\"@webdo_tn\" \/>\n<meta name=\"twitter:site\" content=\"@webdo_tn\" \/>\n<meta name=\"twitter:label1\" content=\"\u00c9crit par\" \/>\n\t<meta name=\"twitter:data1\" content=\"CL\" \/>\n\t<meta name=\"twitter:label2\" content=\"Dur\u00e9e de lecture estim\u00e9e\" \/>\n\t<meta name=\"twitter:data2\" content=\"2 minutes\" \/>\n<script type=\"application\/ld+json\" class=\"yoast-schema-graph\">{\"@context\":\"https:\\\/\\\/schema.org\",\"@graph\":[{\"@type\":\"NewsArticle\",\"@id\":\"https:\\\/\\\/www.webdo.tn\\\/fr\\\/actualite\\\/national\\\/kais-saied-et-chu-du-roi-salman-bin-abdulaziz-a-kairouan-une-longue-histoire\\\/208085\\\/#article\",\"isPartOf\":{\"@id\":\"https:\\\/\\\/www.webdo.tn\\\/fr\\\/actualite\\\/national\\\/kais-saied-et-chu-du-roi-salman-bin-abdulaziz-a-kairouan-une-longue-histoire\\\/208085\\\/\"},\"author\":{\"name\":\"CL\",\"@id\":\"https:\\\/\\\/www.webdo.tn\\\/fr\\\/#\\\/schema\\\/person\\\/f35b42a42c5e2511bbd282959d6385cc\"},\"headline\":\"Kais Saied et le CHU du Roi Salman \u00e0 Kairouan, une longue histoire !\",\"datePublished\":\"2023-08-22T08:43:00+00:00\",\"dateModified\":\"2025-05-20T22:51:30+00:00\",\"mainEntityOfPage\":{\"@id\":\"https:\\\/\\\/www.webdo.tn\\\/fr\\\/actualite\\\/national\\\/kais-saied-et-chu-du-roi-salman-bin-abdulaziz-a-kairouan-une-longue-histoire\\\/208085\\\/\"},\"wordCount\":327,\"commentCount\":0,\"publisher\":{\"@id\":\"https:\\\/\\\/www.webdo.tn\\\/fr\\\/#organization\"},\"image\":{\"@id\":\"https:\\\/\\\/www.webdo.tn\\\/fr\\\/actualite\\\/national\\\/kais-saied-et-chu-du-roi-salman-bin-abdulaziz-a-kairouan-une-longue-histoire\\\/208085\\\/#primaryimage\"},\"thumbnailUrl\":\"https:\\\/\\\/www.webdo.tn\\\/fr\\\/wp-content\\\/uploads\\\/2023\\\/08\\\/7eecc592bb9e86f8167140350a9cce96.jpg\",\"keywords\":[\"chu\",\"Kairouan\",\"Kais Saied\",\"Tunisie\"],\"articleSection\":[\"National\"],\"inLanguage\":\"fr-FR\"},{\"@type\":\"WebPage\",\"@id\":\"https:\\\/\\\/www.webdo.tn\\\/fr\\\/actualite\\\/national\\\/kais-saied-et-chu-du-roi-salman-bin-abdulaziz-a-kairouan-une-longue-histoire\\\/208085\\\/\",\"url\":\"https:\\\/\\\/www.webdo.tn\\\/fr\\\/actualite\\\/national\\\/kais-saied-et-chu-du-roi-salman-bin-abdulaziz-a-kairouan-une-longue-histoire\\\/208085\\\/\",\"name\":\"Kais Saied et le CHU du Roi Salman \u00e0 Kairouan, une longue histoire !\",\"isPartOf\":{\"@id\":\"https:\\\/\\\/www.webdo.tn\\\/fr\\\/#website\"},\"primaryImageOfPage\":{\"@id\":\"https:\\\/\\\/www.webdo.tn\\\/fr\\\/actualite\\\/national\\\/kais-saied-et-chu-du-roi-salman-bin-abdulaziz-a-kairouan-une-longue-histoire\\\/208085\\\/#primaryimage\"},\"image\":{\"@id\":\"https:\\\/\\\/www.webdo.tn\\\/fr\\\/actualite\\\/national\\\/kais-saied-et-chu-du-roi-salman-bin-abdulaziz-a-kairouan-une-longue-histoire\\\/208085\\\/#primaryimage\"},\"thumbnailUrl\":\"https:\\\/\\\/www.webdo.tn\\\/fr\\\/wp-content\\\/uploads\\\/2023\\\/08\\\/7eecc592bb9e86f8167140350a9cce96.jpg\",\"datePublished\":\"2023-08-22T08:43:00+00:00\",\"dateModified\":\"2025-05-20T22:51:30+00:00\",\"description\":\"Le pr\u00e9sident de la R\u00e9publique, Kais Sa\u00efed, a pr\u00e9sid\u00e9, ce lundi 21 ao\u00fbt 2023, au palais de Carthage, une s\u00e9ance de travail en pr\u00e9sence du Chef du gouvernement, A...\",\"breadcrumb\":{\"@id\":\"https:\\\/\\\/www.webdo.tn\\\/fr\\\/actualite\\\/national\\\/kais-saied-et-chu-du-roi-salman-bin-abdulaziz-a-kairouan-une-longue-histoire\\\/208085\\\/#breadcrumb\"},\"inLanguage\":\"fr-FR\",\"potentialAction\":[{\"@type\":\"ReadAction\",\"target\":[\"https:\\\/\\\/www.webdo.tn\\\/fr\\\/actualite\\\/national\\\/kais-saied-et-chu-du-roi-salman-bin-abdulaziz-a-kairouan-une-longue-histoire\\\/208085\\\/\"]}]},{\"@type\":\"ImageObject\",\"inLanguage\":\"fr-FR\",\"@id\":\"https:\\\/\\\/www.webdo.tn\\\/fr\\\/actualite\\\/national\\\/kais-saied-et-chu-du-roi-salman-bin-abdulaziz-a-kairouan-une-longue-histoire\\\/208085\\\/#primaryimage\",\"url\":\"https:\\\/\\\/www.webdo.tn\\\/fr\\\/wp-content\\\/uploads\\\/2023\\\/08\\\/7eecc592bb9e86f8167140350a9cce96.jpg\",\"contentUrl\":\"https:\\\/\\\/www.webdo.tn\\\/fr\\\/wp-content\\\/uploads\\\/2023\\\/08\\\/7eecc592bb9e86f8167140350a9cce96.jpg\",\"width\":750,\"height\":400,\"caption\":\"Kais Saied et le CHU du Roi Salman \u00e0 Kairouan, une longue histoire !\"},{\"@type\":\"BreadcrumbList\",\"@id\":\"https:\\\/\\\/www.webdo.tn\\\/fr\\\/actualite\\\/national\\\/kais-saied-et-chu-du-roi-salman-bin-abdulaziz-a-kairouan-une-longue-histoire\\\/208085\\\/#breadcrumb\",\"itemListElement\":[{\"@type\":\"ListItem\",\"position\":1,\"name\":\"Accueil\",\"item\":\"https:\\\/\\\/www.webdo.tn\\\/fr\\\/\"},{\"@type\":\"ListItem\",\"position\":2,\"name\":\"Kais Saied et le CHU du Roi Salman \u00e0 Kairouan, une longue histoire !\"}]},{\"@type\":\"WebSite\",\"@id\":\"https:\\\/\\\/www.webdo.tn\\\/fr\\\/#website\",\"url\":\"https:\\\/\\\/www.webdo.tn\\\/fr\\\/\",\"name\":\"webdo\",\"description\":\"Tunisie - News en Tunisie et \u00e0 l&#039;international sur Webdo.tn\",\"publisher\":{\"@id\":\"https:\\\/\\\/www.webdo.tn\\\/fr\\\/#organization\"},\"potentialAction\":[{\"@type\":\"SearchAction\",\"target\":{\"@type\":\"EntryPoint\",\"urlTemplate\":\"https:\\\/\\\/www.webdo.tn\\\/fr\\\/?s={search_term_string}\"},\"query-input\":{\"@type\":\"PropertyValueSpecification\",\"valueRequired\":true,\"valueName\":\"search_term_string\"}}],\"inLanguage\":\"fr-FR\"},{\"@type\":\"Organization\",\"@id\":\"https:\\\/\\\/www.webdo.tn\\\/fr\\\/#organization\",\"name\":\"Webdo\",\"alternateName\":\"Webdo.tn\",\"url\":\"https:\\\/\\\/www.webdo.tn\\\/fr\\\/\",\"logo\":{\"@type\":\"ImageObject\",\"inLanguage\":\"fr-FR\",\"@id\":\"https:\\\/\\\/www.webdo.tn\\\/fr\\\/#\\\/schema\\\/logo\\\/image\\\/\",\"url\":\"https:\\\/\\\/www.webdo.tn\\\/fr\\\/wp-content\\\/uploads\\\/2025\\\/06\\\/Webdo-Tunisie_168377.jpg\",\"contentUrl\":\"https:\\\/\\\/www.webdo.tn\\\/fr\\\/wp-content\\\/uploads\\\/2025\\\/06\\\/Webdo-Tunisie_168377.jpg\",\"width\":301,\"height\":301,\"caption\":\"Webdo\"},\"image\":{\"@id\":\"https:\\\/\\\/www.webdo.tn\\\/fr\\\/#\\\/schema\\\/logo\\\/image\\\/\"},\"sameAs\":[\"https:\\\/\\\/www.facebook.com\\\/webdotn\",\"https:\\\/\\\/x.com\\\/webdo_tn\"],\"description\":\"Webdo est un m\u00e9dia num\u00e9rique tunisien fond\u00e9 en 2010, sp\u00e9cialis\u00e9 dans l\u2019actualit\u00e9 nationale et internationale, l\u2019\u00e9conomie, la soci\u00e9t\u00e9 et les analyses politiques. Le site s\u2019adresse \u00e0 un large public francophone et couvre l\u2019information tunisienne en temps r\u00e9el.\",\"email\":\"redac@webdo.tn\",\"legalName\":\"YNJ SARL\",\"foundingDate\":\"2010-09-06\",\"numberOfEmployees\":{\"@type\":\"QuantitativeValue\",\"minValue\":\"11\",\"maxValue\":\"50\"}},{\"@type\":\"Person\",\"@id\":\"https:\\\/\\\/www.webdo.tn\\\/fr\\\/#\\\/schema\\\/person\\\/f35b42a42c5e2511bbd282959d6385cc\",\"name\":\"CL\",\"image\":{\"@type\":\"ImageObject\",\"inLanguage\":\"fr-FR\",\"@id\":\"https:\\\/\\\/secure.gravatar.com\\\/avatar\\\/1447a49909b67aa657c488aec6512e1dd6143a480c1ecfee9b5b5cd74eb3b59e?s=96&d=mm&r=g\",\"url\":\"https:\\\/\\\/secure.gravatar.com\\\/avatar\\\/1447a49909b67aa657c488aec6512e1dd6143a480c1ecfee9b5b5cd74eb3b59e?s=96&d=mm&r=g\",\"contentUrl\":\"https:\\\/\\\/secure.gravatar.com\\\/avatar\\\/1447a49909b67aa657c488aec6512e1dd6143a480c1ecfee9b5b5cd74eb3b59e?s=96&d=mm&r=g\",\"caption\":\"CL\"},\"url\":\"https:\\\/\\\/www.webdo.tn\\\/fr\\\/actualite\\\/author\\\/cl\\\/\"}]}<\/script>\n<!-- \/ Yoast SEO Premium plugin. -->","yoast_head_json":{"title":"Kais Saied et le CHU du Roi Salman \u00e0 Kairouan, une longue histoire !","description":"Le pr\u00e9sident de la R\u00e9publique, Kais Sa\u00efed, a pr\u00e9sid\u00e9, ce lundi 21 ao\u00fbt 2023, au palais de Carthage, une s\u00e9ance de travail en pr\u00e9sence du Chef du gouvernement, A...","canonical":"https:\/\/www.webdo.tn\/fr\/actualite\/national\/kais-saied-et-chu-du-roi-salman-bin-abdulaziz-a-kairouan-une-longue-histoire\/208085\/","og_locale":"fr_FR","og_type":"article","og_title":"Kais Saied et le CHU du Roi Salman \u00e0 Kairouan, une longue histoire !","og_description":"Le pr\u00e9sident de la R\u00e9publique, Kais Sa\u00efed, a pr\u00e9sid\u00e9, ce lundi 21 ao\u00fbt 2023, au palais de Carthage, une s\u00e9ance de travail en pr\u00e9sence du Chef du gouvernement, A...","og_url":"https:\/\/www.webdo.tn\/fr\/actualite\/national\/kais-saied-et-chu-du-roi-salman-bin-abdulaziz-a-kairouan-une-longue-histoire\/208085\/","og_site_name":"webdo","article_publisher":"https:\/\/www.facebook.com\/webdotn","article_published_time":"2023-08-22T08:43:00+00:00","article_modified_time":"2025-05-20T22:51:30+00:00","og_image":[{"width":750,"height":400,"url":"https:\/\/www.webdo.tn\/fr\/wp-content\/uploads\/2023\/08\/7eecc592bb9e86f8167140350a9cce96.jpg","type":"image\/jpeg"}],"author":"CL","twitter_card":"summary_large_image","twitter_creator":"@webdo_tn","twitter_site":"@webdo_tn","twitter_misc":{"\u00c9crit par":"CL","Dur\u00e9e de lecture estim\u00e9e":"2 minutes"},"schema":{"@context":"https:\/\/schema.org","@graph":[{"@type":"NewsArticle","@id":"https:\/\/www.webdo.tn\/fr\/actualite\/national\/kais-saied-et-chu-du-roi-salman-bin-abdulaziz-a-kairouan-une-longue-histoire\/208085\/#article","isPartOf":{"@id":"https:\/\/www.webdo.tn\/fr\/actualite\/national\/kais-saied-et-chu-du-roi-salman-bin-abdulaziz-a-kairouan-une-longue-histoire\/208085\/"},"author":{"name":"CL","@id":"https:\/\/www.webdo.tn\/fr\/#\/schema\/person\/f35b42a42c5e2511bbd282959d6385cc"},"headline":"Kais Saied et le CHU du Roi Salman \u00e0 Kairouan, une longue histoire !","datePublished":"2023-08-22T08:43:00+00:00","dateModified":"2025-05-20T22:51:30+00:00","mainEntityOfPage":{"@id":"https:\/\/www.webdo.tn\/fr\/actualite\/national\/kais-saied-et-chu-du-roi-salman-bin-abdulaziz-a-kairouan-une-longue-histoire\/208085\/"},"wordCount":327,"commentCount":0,"publisher":{"@id":"https:\/\/www.webdo.tn\/fr\/#organization"},"image":{"@id":"https:\/\/www.webdo.tn\/fr\/actualite\/national\/kais-saied-et-chu-du-roi-salman-bin-abdulaziz-a-kairouan-une-longue-histoire\/208085\/#primaryimage"},"thumbnailUrl":"https:\/\/www.webdo.tn\/fr\/wp-content\/uploads\/2023\/08\/7eecc592bb9e86f8167140350a9cce96.jpg","keywords":["chu","Kairouan","Kais Saied","Tunisie"],"articleSection":["National"],"inLanguage":"fr-FR"},{"@type":"WebPage","@id":"https:\/\/www.webdo.tn\/fr\/actualite\/national\/kais-saied-et-chu-du-roi-salman-bin-abdulaziz-a-kairouan-une-longue-histoire\/208085\/","url":"https:\/\/www.webdo.tn\/fr\/actualite\/national\/kais-saied-et-chu-du-roi-salman-bin-abdulaziz-a-kairouan-une-longue-histoire\/208085\/","name":"Kais Saied et le CHU du Roi Salman \u00e0 Kairouan, une longue histoire !","isPartOf":{"@id":"https:\/\/www.webdo.tn\/fr\/#website"},"primaryImageOfPage":{"@id":"https:\/\/www.webdo.tn\/fr\/actualite\/national\/kais-saied-et-chu-du-roi-salman-bin-abdulaziz-a-kairouan-une-longue-histoire\/208085\/#primaryimage"},"image":{"@id":"https:\/\/www.webdo.tn\/fr\/actualite\/national\/kais-saied-et-chu-du-roi-salman-bin-abdulaziz-a-kairouan-une-longue-histoire\/208085\/#primaryimage"},"thumbnailUrl":"https:\/\/www.webdo.tn\/fr\/wp-content\/uploads\/2023\/08\/7eecc592bb9e86f8167140350a9cce96.jpg","datePublished":"2023-08-22T08:43:00+00:00","dateModified":"2025-05-20T22:51:30+00:00","description":"Le pr\u00e9sident de la R\u00e9publique, Kais Sa\u00efed, a pr\u00e9sid\u00e9, ce lundi 21 ao\u00fbt 2023, au palais de Carthage, une s\u00e9ance de travail en pr\u00e9sence du Chef du gouvernement, A...","breadcrumb":{"@id":"https:\/\/www.webdo.tn\/fr\/actualite\/national\/kais-saied-et-chu-du-roi-salman-bin-abdulaziz-a-kairouan-une-longue-histoire\/208085\/#breadcrumb"},"inLanguage":"fr-FR","potentialAction":[{"@type":"ReadAction","target":["https:\/\/www.webdo.tn\/fr\/actualite\/national\/kais-saied-et-chu-du-roi-salman-bin-abdulaziz-a-kairouan-une-longue-histoire\/208085\/"]}]},{"@type":"ImageObject","inLanguage":"fr-FR","@id":"https:\/\/www.webdo.tn\/fr\/actualite\/national\/kais-saied-et-chu-du-roi-salman-bin-abdulaziz-a-kairouan-une-longue-histoire\/208085\/#primaryimage","url":"https:\/\/www.webdo.tn\/fr\/wp-content\/uploads\/2023\/08\/7eecc592bb9e86f8167140350a9cce96.jpg","contentUrl":"https:\/\/www.webdo.tn\/fr\/wp-content\/uploads\/2023\/08\/7eecc592bb9e86f8167140350a9cce96.jpg","width":750,"height":400,"caption":"Kais Saied et le CHU du Roi Salman \u00e0 Kairouan, une longue histoire !"},{"@type":"BreadcrumbList","@id":"https:\/\/www.webdo.tn\/fr\/actualite\/national\/kais-saied-et-chu-du-roi-salman-bin-abdulaziz-a-kairouan-une-longue-histoire\/208085\/#breadcrumb","itemListElement":[{"@type":"ListItem","position":1,"name":"Accueil","item":"https:\/\/www.webdo.tn\/fr\/"},{"@type":"ListItem","position":2,"name":"Kais Saied et le CHU du Roi Salman \u00e0 Kairouan, une longue histoire !"}]},{"@type":"WebSite","@id":"https:\/\/www.webdo.tn\/fr\/#website","url":"https:\/\/www.webdo.tn\/fr\/","name":"webdo","description":"Tunisie - News en Tunisie et \u00e0 l&#039;international sur Webdo.tn","publisher":{"@id":"https:\/\/www.webdo.tn\/fr\/#organization"},"potentialAction":[{"@type":"SearchAction","target":{"@type":"EntryPoint","urlTemplate":"https:\/\/www.webdo.tn\/fr\/?s={search_term_string}"},"query-input":{"@type":"PropertyValueSpecification","valueRequired":true,"valueName":"search_term_string"}}],"inLanguage":"fr-FR"},{"@type":"Organization","@id":"https:\/\/www.webdo.tn\/fr\/#organization","name":"Webdo","alternateName":"Webdo.tn","url":"https:\/\/www.webdo.tn\/fr\/","logo":{"@type":"ImageObject","inLanguage":"fr-FR","@id":"https:\/\/www.webdo.tn\/fr\/#\/schema\/logo\/image\/","url":"https:\/\/www.webdo.tn\/fr\/wp-content\/uploads\/2025\/06\/Webdo-Tunisie_168377.jpg","contentUrl":"https:\/\/www.webdo.tn\/fr\/wp-content\/uploads\/2025\/06\/Webdo-Tunisie_168377.jpg","width":301,"height":301,"caption":"Webdo"},"image":{"@id":"https:\/\/www.webdo.tn\/fr\/#\/schema\/logo\/image\/"},"sameAs":["https:\/\/www.facebook.com\/webdotn","https:\/\/x.com\/webdo_tn"],"description":"Webdo est un m\u00e9dia num\u00e9rique tunisien fond\u00e9 en 2010, sp\u00e9cialis\u00e9 dans l\u2019actualit\u00e9 nationale et internationale, l\u2019\u00e9conomie, la soci\u00e9t\u00e9 et les analyses politiques. Le site s\u2019adresse \u00e0 un large public francophone et couvre l\u2019information tunisienne en temps r\u00e9el.","email":"redac@webdo.tn","legalName":"YNJ SARL","foundingDate":"2010-09-06","numberOfEmployees":{"@type":"QuantitativeValue","minValue":"11","maxValue":"50"}},{"@type":"Person","@id":"https:\/\/www.webdo.tn\/fr\/#\/schema\/person\/f35b42a42c5e2511bbd282959d6385cc","name":"CL","image":{"@type":"ImageObject","inLanguage":"fr-FR","@id":"https:\/\/secure.gravatar.com\/avatar\/1447a49909b67aa657c488aec6512e1dd6143a480c1ecfee9b5b5cd74eb3b59e?s=96&d=mm&r=g","url":"https:\/\/secure.gravatar.com\/avatar\/1447a49909b67aa657c488aec6512e1dd6143a480c1ecfee9b5b5cd74eb3b59e?s=96&d=mm&r=g","contentUrl":"https:\/\/secure.gravatar.com\/avatar\/1447a49909b67aa657c488aec6512e1dd6143a480c1ecfee9b5b5cd74eb3b59e?s=96&d=mm&r=g","caption":"CL"},"url":"https:\/\/www.webdo.tn\/fr\/actualite\/author\/cl\/"}]}},"_links":{"self":[{"href":"https:\/\/www.webdo.tn\/fr\/wp-json\/wp\/v2\/posts\/208085","targetHints":{"allow":["GET"]}}],"collection":[{"href":"https:\/\/www.webdo.tn\/fr\/wp-json\/wp\/v2\/posts"}],"about":[{"href":"https:\/\/www.webdo.tn\/fr\/wp-json\/wp\/v2\/types\/post"}],"author":[{"embeddable":true,"href":"https:\/\/www.webdo.tn\/fr\/wp-json\/wp\/v2\/users\/3175"}],"replies":[{"embeddable":true,"href":"https:\/\/www.webdo.tn\/fr\/wp-json\/wp\/v2\/comments?post=208085"}],"version-history":[{"count":0,"href":"https:\/\/www.webdo.tn\/fr\/wp-json\/wp\/v2\/posts\/208085\/revisions"}],"wp:featuredmedia":[{"embeddable":true,"href":"https:\/\/www.webdo.tn\/fr\/wp-json\/wp\/v2\/media\/278627"}],"wp:attachment":[{"href":"https:\/\/www.webdo.tn\/fr\/wp-json\/wp\/v2\/media?parent=208085"}],"wp:term":[{"taxonomy":"category","embeddable":true,"href":"https:\/\/www.webdo.tn\/fr\/wp-json\/wp\/v2\/categories?post=208085"},{"taxonomy":"post_tag","embeddable":true,"href":"https:\/\/www.webdo.tn\/fr\/wp-json\/wp\/v2\/tags?post=208085"}],"curies":[{"name":"wp","href":"https:\/\/api.w.org\/{rel}","templated":true}]}}