{"id":208070,"date":"2023-08-21T13:01:00","date_gmt":"2023-08-21T13:01:00","guid":{"rendered":"https:\/\/www.webdo.tn\/fr\/blog\/le-president-de-l-amt-laisse-en-etat-de-liberte\/208070\/"},"modified":"2025-05-20T21:57:57","modified_gmt":"2025-05-20T21:57:57","slug":"le-president-de-l-amt-laisse-en-etat-de-liberte","status":"publish","type":"post","link":"https:\/\/www.webdo.tn\/fr\/actualite\/national\/le-president-de-l-amt-laisse-en-etat-de-liberte\/208070\/","title":{"rendered":"Le pr\u00e9sident de l\u2019AMT laiss\u00e9 en \u00e9tat de libert\u00e9"},"content":{"rendered":"<p>Anas Hmaidi, magistrat et pr\u00e9sident de  l\u2019Association des magistrats tunisiens, a \u00e9t\u00e9 entendu, aujourd\u2019hui, par le juge d\u2019instruction pr\u00e8s le tribunal de premi\u00e8re instance du Kef.<\/p>\n<p>\t\t\t\t\t\t\t\t\tConvoqu\u00e9 par la justice suite \u00e0 la lev\u00e9e de son immunit\u00e9 par le Conseil Sup\u00e9rieur de la Magistrature, Anas Hmaidi est accus\u00e9 d\u2019entrave \u00e0 la libert\u00e9 de travail lors de la gr\u00e8ve des magistrats durant le mois de juin 2022 en r\u00e9action \u00e0 la r\u00e9vocation de 57 magistrats par le pr\u00e9sident de la R\u00e9publique.<\/p>\n<p>Le juge d\u2019instruction a d\u00e9cid\u00e9 de le laisser en libert\u00e9 et son audition a \u00e9t\u00e9 report\u00e9e au 15 novembre prochain.<\/p>\n<p>Lors d\u2019une intervention sur les ondes de Mosaique fm, ce lundi 21 ao\u00fbt 2023, le pr\u00e9sident de l\u2019AMT a d\u00e9nonc\u00e9 \u00ab\u00a0une affaire mont\u00e9e de toutes pi\u00e8ces par le minist\u00e8re de la Justice dans le but de terroriser et museler les juges\u00a0\u00bb.<\/p>\n","protected":false},"excerpt":{"rendered":"<p>Anas Hmaidi, magistrat et pr\u00e9sident de  l\u2019Association des magistrats tunisiens, a \u00e9t\u00e9 entendu, aujourd\u2019hui, par le juge d\u2019instruction pr\u00e8s le tribunal de premi\u00e8&#8230;<\/p>\n","protected":false},"author":3162,"featured_media":249507,"comment_status":"open","ping_status":"closed","sticky":false,"template":"","format":"standard","meta":{"footnotes":""},"categories":[44],"tags":[8049,8073,2619],"class_list":["post-208070","post","type-post","status-publish","format-standard","has-post-thumbnail","hentry","category-national","tag-amt","tag-anas-hmaidi","tag-justice"],"yoast_head":"<!-- This site is optimized with the Yoast SEO Premium plugin v27.5 (Yoast SEO v27.5) - https:\/\/yoast.com\/product\/yoast-seo-premium-wordpress\/ -->\n<title>Le pr\u00e9sident de l\u2019AMT laiss\u00e9 en \u00e9tat de libert\u00e9<\/title>\n<meta name=\"description\" content=\"Anas Hmaidi, magistrat et pr\u00e9sident de l\u2019Association des magistrats tunisiens, a \u00e9t\u00e9 entendu, aujourd\u2019hui, par le juge d\u2019instruction pr\u00e8s le tribunal de premi\u00e8...\" \/>\n<link rel=\"canonical\" href=\"https:\/\/www.webdo.tn\/fr\/actualite\/national\/le-president-de-l-amt-laisse-en-etat-de-liberte\/208070\/\" \/>\n<meta property=\"og:locale\" content=\"fr_FR\" \/>\n<meta property=\"og:type\" content=\"article\" \/>\n<meta property=\"og:title\" content=\"Le pr\u00e9sident de l\u2019AMT laiss\u00e9 en \u00e9tat de libert\u00e9\" \/>\n<meta property=\"og:description\" content=\"Anas Hmaidi, magistrat et pr\u00e9sident de l\u2019Association des magistrats tunisiens, a \u00e9t\u00e9 entendu, aujourd\u2019hui, par le juge d\u2019instruction pr\u00e8s le tribunal de premi\u00e8...\" \/>\n<meta property=\"og:url\" content=\"https:\/\/www.webdo.tn\/fr\/actualite\/national\/le-president-de-l-amt-laisse-en-etat-de-liberte\/208070\/\" \/>\n<meta property=\"og:site_name\" content=\"webdo\" \/>\n<meta property=\"article:publisher\" content=\"https:\/\/www.facebook.com\/webdotn\" \/>\n<meta property=\"article:published_time\" content=\"2023-08-21T13:01:00+00:00\" \/>\n<meta property=\"article:modified_time\" content=\"2025-05-20T21:57:57+00:00\" \/>\n<meta property=\"og:image\" content=\"https:\/\/www.webdo.tn\/fr\/wp-content\/uploads\/2023\/08\/00a1b678da3d28fa0f9704ddb6bfe481.jpg\" \/>\n\t<meta property=\"og:image:width\" content=\"750\" \/>\n\t<meta property=\"og:image:height\" content=\"400\" \/>\n\t<meta property=\"og:image:type\" content=\"image\/jpeg\" \/>\n<meta name=\"author\" content=\"MC\" \/>\n<meta name=\"twitter:card\" content=\"summary_large_image\" \/>\n<meta name=\"twitter:creator\" content=\"@webdo_tn\" \/>\n<meta name=\"twitter:site\" content=\"@webdo_tn\" \/>\n<meta name=\"twitter:label1\" content=\"\u00c9crit par\" \/>\n\t<meta name=\"twitter:data1\" content=\"MC\" \/>\n\t<meta name=\"twitter:label2\" content=\"Dur\u00e9e de lecture estim\u00e9e\" \/>\n\t<meta name=\"twitter:data2\" content=\"1 minute\" \/>\n<script type=\"application\/ld+json\" class=\"yoast-schema-graph\">{\"@context\":\"https:\\\/\\\/schema.org\",\"@graph\":[{\"@type\":\"NewsArticle\",\"@id\":\"https:\\\/\\\/www.webdo.tn\\\/fr\\\/actualite\\\/national\\\/le-president-de-l-amt-laisse-en-etat-de-liberte\\\/208070\\\/#article\",\"isPartOf\":{\"@id\":\"https:\\\/\\\/www.webdo.tn\\\/fr\\\/actualite\\\/national\\\/le-president-de-l-amt-laisse-en-etat-de-liberte\\\/208070\\\/\"},\"author\":{\"name\":\"MC\",\"@id\":\"https:\\\/\\\/www.webdo.tn\\\/fr\\\/#\\\/schema\\\/person\\\/2c4929cbf5a809e3bd38617c6ce150f6\"},\"headline\":\"Le pr\u00e9sident de l\u2019AMT laiss\u00e9 en \u00e9tat de libert\u00e9\",\"datePublished\":\"2023-08-21T13:01:00+00:00\",\"dateModified\":\"2025-05-20T21:57:57+00:00\",\"mainEntityOfPage\":{\"@id\":\"https:\\\/\\\/www.webdo.tn\\\/fr\\\/actualite\\\/national\\\/le-president-de-l-amt-laisse-en-etat-de-liberte\\\/208070\\\/\"},\"wordCount\":169,\"commentCount\":0,\"publisher\":{\"@id\":\"https:\\\/\\\/www.webdo.tn\\\/fr\\\/#organization\"},\"image\":{\"@id\":\"https:\\\/\\\/www.webdo.tn\\\/fr\\\/actualite\\\/national\\\/le-president-de-l-amt-laisse-en-etat-de-liberte\\\/208070\\\/#primaryimage\"},\"thumbnailUrl\":\"https:\\\/\\\/www.webdo.tn\\\/fr\\\/wp-content\\\/uploads\\\/2023\\\/08\\\/00a1b678da3d28fa0f9704ddb6bfe481.jpg\",\"keywords\":[\"AMT\",\"Anas Hmaidi\",\"justice\"],\"articleSection\":[\"National\"],\"inLanguage\":\"fr-FR\"},{\"@type\":\"WebPage\",\"@id\":\"https:\\\/\\\/www.webdo.tn\\\/fr\\\/actualite\\\/national\\\/le-president-de-l-amt-laisse-en-etat-de-liberte\\\/208070\\\/\",\"url\":\"https:\\\/\\\/www.webdo.tn\\\/fr\\\/actualite\\\/national\\\/le-president-de-l-amt-laisse-en-etat-de-liberte\\\/208070\\\/\",\"name\":\"Le pr\u00e9sident de l\u2019AMT laiss\u00e9 en \u00e9tat de libert\u00e9\",\"isPartOf\":{\"@id\":\"https:\\\/\\\/www.webdo.tn\\\/fr\\\/#website\"},\"primaryImageOfPage\":{\"@id\":\"https:\\\/\\\/www.webdo.tn\\\/fr\\\/actualite\\\/national\\\/le-president-de-l-amt-laisse-en-etat-de-liberte\\\/208070\\\/#primaryimage\"},\"image\":{\"@id\":\"https:\\\/\\\/www.webdo.tn\\\/fr\\\/actualite\\\/national\\\/le-president-de-l-amt-laisse-en-etat-de-liberte\\\/208070\\\/#primaryimage\"},\"thumbnailUrl\":\"https:\\\/\\\/www.webdo.tn\\\/fr\\\/wp-content\\\/uploads\\\/2023\\\/08\\\/00a1b678da3d28fa0f9704ddb6bfe481.jpg\",\"datePublished\":\"2023-08-21T13:01:00+00:00\",\"dateModified\":\"2025-05-20T21:57:57+00:00\",\"description\":\"Anas Hmaidi, magistrat et pr\u00e9sident de l\u2019Association des magistrats tunisiens, a \u00e9t\u00e9 entendu, aujourd\u2019hui, par le juge d\u2019instruction pr\u00e8s le tribunal de premi\u00e8...\",\"breadcrumb\":{\"@id\":\"https:\\\/\\\/www.webdo.tn\\\/fr\\\/actualite\\\/national\\\/le-president-de-l-amt-laisse-en-etat-de-liberte\\\/208070\\\/#breadcrumb\"},\"inLanguage\":\"fr-FR\",\"potentialAction\":[{\"@type\":\"ReadAction\",\"target\":[\"https:\\\/\\\/www.webdo.tn\\\/fr\\\/actualite\\\/national\\\/le-president-de-l-amt-laisse-en-etat-de-liberte\\\/208070\\\/\"]}]},{\"@type\":\"ImageObject\",\"inLanguage\":\"fr-FR\",\"@id\":\"https:\\\/\\\/www.webdo.tn\\\/fr\\\/actualite\\\/national\\\/le-president-de-l-amt-laisse-en-etat-de-liberte\\\/208070\\\/#primaryimage\",\"url\":\"https:\\\/\\\/www.webdo.tn\\\/fr\\\/wp-content\\\/uploads\\\/2023\\\/08\\\/00a1b678da3d28fa0f9704ddb6bfe481.jpg\",\"contentUrl\":\"https:\\\/\\\/www.webdo.tn\\\/fr\\\/wp-content\\\/uploads\\\/2023\\\/08\\\/00a1b678da3d28fa0f9704ddb6bfe481.jpg\",\"width\":750,\"height\":400,\"caption\":\"Le pr\u00e9sident de l\u2019AMT laiss\u00e9 en \u00e9tat de libert\u00e9\"},{\"@type\":\"BreadcrumbList\",\"@id\":\"https:\\\/\\\/www.webdo.tn\\\/fr\\\/actualite\\\/national\\\/le-president-de-l-amt-laisse-en-etat-de-liberte\\\/208070\\\/#breadcrumb\",\"itemListElement\":[{\"@type\":\"ListItem\",\"position\":1,\"name\":\"Accueil\",\"item\":\"https:\\\/\\\/www.webdo.tn\\\/fr\\\/\"},{\"@type\":\"ListItem\",\"position\":2,\"name\":\"Le pr\u00e9sident de l\u2019AMT laiss\u00e9 en \u00e9tat de libert\u00e9\"}]},{\"@type\":\"WebSite\",\"@id\":\"https:\\\/\\\/www.webdo.tn\\\/fr\\\/#website\",\"url\":\"https:\\\/\\\/www.webdo.tn\\\/fr\\\/\",\"name\":\"webdo\",\"description\":\"Tunisie - News en Tunisie et \u00e0 l&#039;international sur Webdo.tn\",\"publisher\":{\"@id\":\"https:\\\/\\\/www.webdo.tn\\\/fr\\\/#organization\"},\"potentialAction\":[{\"@type\":\"SearchAction\",\"target\":{\"@type\":\"EntryPoint\",\"urlTemplate\":\"https:\\\/\\\/www.webdo.tn\\\/fr\\\/?s={search_term_string}\"},\"query-input\":{\"@type\":\"PropertyValueSpecification\",\"valueRequired\":true,\"valueName\":\"search_term_string\"}}],\"inLanguage\":\"fr-FR\"},{\"@type\":\"Organization\",\"@id\":\"https:\\\/\\\/www.webdo.tn\\\/fr\\\/#organization\",\"name\":\"Webdo\",\"alternateName\":\"Webdo.tn\",\"url\":\"https:\\\/\\\/www.webdo.tn\\\/fr\\\/\",\"logo\":{\"@type\":\"ImageObject\",\"inLanguage\":\"fr-FR\",\"@id\":\"https:\\\/\\\/www.webdo.tn\\\/fr\\\/#\\\/schema\\\/logo\\\/image\\\/\",\"url\":\"https:\\\/\\\/www.webdo.tn\\\/fr\\\/wp-content\\\/uploads\\\/2025\\\/06\\\/Webdo-Tunisie_168377.jpg\",\"contentUrl\":\"https:\\\/\\\/www.webdo.tn\\\/fr\\\/wp-content\\\/uploads\\\/2025\\\/06\\\/Webdo-Tunisie_168377.jpg\",\"width\":301,\"height\":301,\"caption\":\"Webdo\"},\"image\":{\"@id\":\"https:\\\/\\\/www.webdo.tn\\\/fr\\\/#\\\/schema\\\/logo\\\/image\\\/\"},\"sameAs\":[\"https:\\\/\\\/www.facebook.com\\\/webdotn\",\"https:\\\/\\\/x.com\\\/webdo_tn\"],\"description\":\"Webdo est un m\u00e9dia num\u00e9rique tunisien fond\u00e9 en 2010, sp\u00e9cialis\u00e9 dans l\u2019actualit\u00e9 nationale et internationale, l\u2019\u00e9conomie, la soci\u00e9t\u00e9 et les analyses politiques. Le site s\u2019adresse \u00e0 un large public francophone et couvre l\u2019information tunisienne en temps r\u00e9el.\",\"email\":\"redac@webdo.tn\",\"legalName\":\"YNJ SARL\",\"foundingDate\":\"2010-09-06\",\"numberOfEmployees\":{\"@type\":\"QuantitativeValue\",\"minValue\":\"11\",\"maxValue\":\"50\"}},{\"@type\":\"Person\",\"@id\":\"https:\\\/\\\/www.webdo.tn\\\/fr\\\/#\\\/schema\\\/person\\\/2c4929cbf5a809e3bd38617c6ce150f6\",\"name\":\"MC\",\"image\":{\"@type\":\"ImageObject\",\"inLanguage\":\"fr-FR\",\"@id\":\"https:\\\/\\\/secure.gravatar.com\\\/avatar\\\/a545bbb6f84efdd5553dbbc2895e3ca8f1d12c5215e00a041c9670b54aa9b18a?s=96&d=mm&r=g\",\"url\":\"https:\\\/\\\/secure.gravatar.com\\\/avatar\\\/a545bbb6f84efdd5553dbbc2895e3ca8f1d12c5215e00a041c9670b54aa9b18a?s=96&d=mm&r=g\",\"contentUrl\":\"https:\\\/\\\/secure.gravatar.com\\\/avatar\\\/a545bbb6f84efdd5553dbbc2895e3ca8f1d12c5215e00a041c9670b54aa9b18a?s=96&d=mm&r=g\",\"caption\":\"MC\"},\"url\":\"https:\\\/\\\/www.webdo.tn\\\/fr\\\/actualite\\\/author\\\/mc\\\/\"}]}<\/script>\n<!-- \/ Yoast SEO Premium plugin. -->","yoast_head_json":{"title":"Le pr\u00e9sident de l\u2019AMT laiss\u00e9 en \u00e9tat de libert\u00e9","description":"Anas Hmaidi, magistrat et pr\u00e9sident de l\u2019Association des magistrats tunisiens, a \u00e9t\u00e9 entendu, aujourd\u2019hui, par le juge d\u2019instruction pr\u00e8s le tribunal de premi\u00e8...","canonical":"https:\/\/www.webdo.tn\/fr\/actualite\/national\/le-president-de-l-amt-laisse-en-etat-de-liberte\/208070\/","og_locale":"fr_FR","og_type":"article","og_title":"Le pr\u00e9sident de l\u2019AMT laiss\u00e9 en \u00e9tat de libert\u00e9","og_description":"Anas Hmaidi, magistrat et pr\u00e9sident de l\u2019Association des magistrats tunisiens, a \u00e9t\u00e9 entendu, aujourd\u2019hui, par le juge d\u2019instruction pr\u00e8s le tribunal de premi\u00e8...","og_url":"https:\/\/www.webdo.tn\/fr\/actualite\/national\/le-president-de-l-amt-laisse-en-etat-de-liberte\/208070\/","og_site_name":"webdo","article_publisher":"https:\/\/www.facebook.com\/webdotn","article_published_time":"2023-08-21T13:01:00+00:00","article_modified_time":"2025-05-20T21:57:57+00:00","og_image":[{"width":750,"height":400,"url":"https:\/\/www.webdo.tn\/fr\/wp-content\/uploads\/2023\/08\/00a1b678da3d28fa0f9704ddb6bfe481.jpg","type":"image\/jpeg"}],"author":"MC","twitter_card":"summary_large_image","twitter_creator":"@webdo_tn","twitter_site":"@webdo_tn","twitter_misc":{"\u00c9crit par":"MC","Dur\u00e9e de lecture estim\u00e9e":"1 minute"},"schema":{"@context":"https:\/\/schema.org","@graph":[{"@type":"NewsArticle","@id":"https:\/\/www.webdo.tn\/fr\/actualite\/national\/le-president-de-l-amt-laisse-en-etat-de-liberte\/208070\/#article","isPartOf":{"@id":"https:\/\/www.webdo.tn\/fr\/actualite\/national\/le-president-de-l-amt-laisse-en-etat-de-liberte\/208070\/"},"author":{"name":"MC","@id":"https:\/\/www.webdo.tn\/fr\/#\/schema\/person\/2c4929cbf5a809e3bd38617c6ce150f6"},"headline":"Le pr\u00e9sident de l\u2019AMT laiss\u00e9 en \u00e9tat de libert\u00e9","datePublished":"2023-08-21T13:01:00+00:00","dateModified":"2025-05-20T21:57:57+00:00","mainEntityOfPage":{"@id":"https:\/\/www.webdo.tn\/fr\/actualite\/national\/le-president-de-l-amt-laisse-en-etat-de-liberte\/208070\/"},"wordCount":169,"commentCount":0,"publisher":{"@id":"https:\/\/www.webdo.tn\/fr\/#organization"},"image":{"@id":"https:\/\/www.webdo.tn\/fr\/actualite\/national\/le-president-de-l-amt-laisse-en-etat-de-liberte\/208070\/#primaryimage"},"thumbnailUrl":"https:\/\/www.webdo.tn\/fr\/wp-content\/uploads\/2023\/08\/00a1b678da3d28fa0f9704ddb6bfe481.jpg","keywords":["AMT","Anas Hmaidi","justice"],"articleSection":["National"],"inLanguage":"fr-FR"},{"@type":"WebPage","@id":"https:\/\/www.webdo.tn\/fr\/actualite\/national\/le-president-de-l-amt-laisse-en-etat-de-liberte\/208070\/","url":"https:\/\/www.webdo.tn\/fr\/actualite\/national\/le-president-de-l-amt-laisse-en-etat-de-liberte\/208070\/","name":"Le pr\u00e9sident de l\u2019AMT laiss\u00e9 en \u00e9tat de libert\u00e9","isPartOf":{"@id":"https:\/\/www.webdo.tn\/fr\/#website"},"primaryImageOfPage":{"@id":"https:\/\/www.webdo.tn\/fr\/actualite\/national\/le-president-de-l-amt-laisse-en-etat-de-liberte\/208070\/#primaryimage"},"image":{"@id":"https:\/\/www.webdo.tn\/fr\/actualite\/national\/le-president-de-l-amt-laisse-en-etat-de-liberte\/208070\/#primaryimage"},"thumbnailUrl":"https:\/\/www.webdo.tn\/fr\/wp-content\/uploads\/2023\/08\/00a1b678da3d28fa0f9704ddb6bfe481.jpg","datePublished":"2023-08-21T13:01:00+00:00","dateModified":"2025-05-20T21:57:57+00:00","description":"Anas Hmaidi, magistrat et pr\u00e9sident de l\u2019Association des magistrats tunisiens, a \u00e9t\u00e9 entendu, aujourd\u2019hui, par le juge d\u2019instruction pr\u00e8s le tribunal de premi\u00e8...","breadcrumb":{"@id":"https:\/\/www.webdo.tn\/fr\/actualite\/national\/le-president-de-l-amt-laisse-en-etat-de-liberte\/208070\/#breadcrumb"},"inLanguage":"fr-FR","potentialAction":[{"@type":"ReadAction","target":["https:\/\/www.webdo.tn\/fr\/actualite\/national\/le-president-de-l-amt-laisse-en-etat-de-liberte\/208070\/"]}]},{"@type":"ImageObject","inLanguage":"fr-FR","@id":"https:\/\/www.webdo.tn\/fr\/actualite\/national\/le-president-de-l-amt-laisse-en-etat-de-liberte\/208070\/#primaryimage","url":"https:\/\/www.webdo.tn\/fr\/wp-content\/uploads\/2023\/08\/00a1b678da3d28fa0f9704ddb6bfe481.jpg","contentUrl":"https:\/\/www.webdo.tn\/fr\/wp-content\/uploads\/2023\/08\/00a1b678da3d28fa0f9704ddb6bfe481.jpg","width":750,"height":400,"caption":"Le pr\u00e9sident de l\u2019AMT laiss\u00e9 en \u00e9tat de libert\u00e9"},{"@type":"BreadcrumbList","@id":"https:\/\/www.webdo.tn\/fr\/actualite\/national\/le-president-de-l-amt-laisse-en-etat-de-liberte\/208070\/#breadcrumb","itemListElement":[{"@type":"ListItem","position":1,"name":"Accueil","item":"https:\/\/www.webdo.tn\/fr\/"},{"@type":"ListItem","position":2,"name":"Le pr\u00e9sident de l\u2019AMT laiss\u00e9 en \u00e9tat de libert\u00e9"}]},{"@type":"WebSite","@id":"https:\/\/www.webdo.tn\/fr\/#website","url":"https:\/\/www.webdo.tn\/fr\/","name":"webdo","description":"Tunisie - News en Tunisie et \u00e0 l&#039;international sur Webdo.tn","publisher":{"@id":"https:\/\/www.webdo.tn\/fr\/#organization"},"potentialAction":[{"@type":"SearchAction","target":{"@type":"EntryPoint","urlTemplate":"https:\/\/www.webdo.tn\/fr\/?s={search_term_string}"},"query-input":{"@type":"PropertyValueSpecification","valueRequired":true,"valueName":"search_term_string"}}],"inLanguage":"fr-FR"},{"@type":"Organization","@id":"https:\/\/www.webdo.tn\/fr\/#organization","name":"Webdo","alternateName":"Webdo.tn","url":"https:\/\/www.webdo.tn\/fr\/","logo":{"@type":"ImageObject","inLanguage":"fr-FR","@id":"https:\/\/www.webdo.tn\/fr\/#\/schema\/logo\/image\/","url":"https:\/\/www.webdo.tn\/fr\/wp-content\/uploads\/2025\/06\/Webdo-Tunisie_168377.jpg","contentUrl":"https:\/\/www.webdo.tn\/fr\/wp-content\/uploads\/2025\/06\/Webdo-Tunisie_168377.jpg","width":301,"height":301,"caption":"Webdo"},"image":{"@id":"https:\/\/www.webdo.tn\/fr\/#\/schema\/logo\/image\/"},"sameAs":["https:\/\/www.facebook.com\/webdotn","https:\/\/x.com\/webdo_tn"],"description":"Webdo est un m\u00e9dia num\u00e9rique tunisien fond\u00e9 en 2010, sp\u00e9cialis\u00e9 dans l\u2019actualit\u00e9 nationale et internationale, l\u2019\u00e9conomie, la soci\u00e9t\u00e9 et les analyses politiques. Le site s\u2019adresse \u00e0 un large public francophone et couvre l\u2019information tunisienne en temps r\u00e9el.","email":"redac@webdo.tn","legalName":"YNJ SARL","foundingDate":"2010-09-06","numberOfEmployees":{"@type":"QuantitativeValue","minValue":"11","maxValue":"50"}},{"@type":"Person","@id":"https:\/\/www.webdo.tn\/fr\/#\/schema\/person\/2c4929cbf5a809e3bd38617c6ce150f6","name":"MC","image":{"@type":"ImageObject","inLanguage":"fr-FR","@id":"https:\/\/secure.gravatar.com\/avatar\/a545bbb6f84efdd5553dbbc2895e3ca8f1d12c5215e00a041c9670b54aa9b18a?s=96&d=mm&r=g","url":"https:\/\/secure.gravatar.com\/avatar\/a545bbb6f84efdd5553dbbc2895e3ca8f1d12c5215e00a041c9670b54aa9b18a?s=96&d=mm&r=g","contentUrl":"https:\/\/secure.gravatar.com\/avatar\/a545bbb6f84efdd5553dbbc2895e3ca8f1d12c5215e00a041c9670b54aa9b18a?s=96&d=mm&r=g","caption":"MC"},"url":"https:\/\/www.webdo.tn\/fr\/actualite\/author\/mc\/"}]}},"_links":{"self":[{"href":"https:\/\/www.webdo.tn\/fr\/wp-json\/wp\/v2\/posts\/208070","targetHints":{"allow":["GET"]}}],"collection":[{"href":"https:\/\/www.webdo.tn\/fr\/wp-json\/wp\/v2\/posts"}],"about":[{"href":"https:\/\/www.webdo.tn\/fr\/wp-json\/wp\/v2\/types\/post"}],"author":[{"embeddable":true,"href":"https:\/\/www.webdo.tn\/fr\/wp-json\/wp\/v2\/users\/3162"}],"replies":[{"embeddable":true,"href":"https:\/\/www.webdo.tn\/fr\/wp-json\/wp\/v2\/comments?post=208070"}],"version-history":[{"count":0,"href":"https:\/\/www.webdo.tn\/fr\/wp-json\/wp\/v2\/posts\/208070\/revisions"}],"wp:featuredmedia":[{"embeddable":true,"href":"https:\/\/www.webdo.tn\/fr\/wp-json\/wp\/v2\/media\/249507"}],"wp:attachment":[{"href":"https:\/\/www.webdo.tn\/fr\/wp-json\/wp\/v2\/media?parent=208070"}],"wp:term":[{"taxonomy":"category","embeddable":true,"href":"https:\/\/www.webdo.tn\/fr\/wp-json\/wp\/v2\/categories?post=208070"},{"taxonomy":"post_tag","embeddable":true,"href":"https:\/\/www.webdo.tn\/fr\/wp-json\/wp\/v2\/tags?post=208070"}],"curies":[{"name":"wp","href":"https:\/\/api.w.org\/{rel}","templated":true}]}}