{"id":208057,"date":"2023-08-21T08:46:00","date_gmt":"2023-08-21T08:46:00","guid":{"rendered":"https:\/\/www.webdo.tn\/fr\/blog\/athletisme-amine-jhinaoui-en-lice-pour-le-titre-mondial\/208057\/"},"modified":"2025-05-20T21:57:54","modified_gmt":"2025-05-20T21:57:54","slug":"athletisme-amine-jhinaoui-en-lice-pour-le-titre-mondial","status":"publish","type":"post","link":"https:\/\/www.webdo.tn\/fr\/actualite\/sport\/athletisme-amine-jhinaoui-en-lice-pour-le-titre-mondial\/208057\/","title":{"rendered":"Athl\u00e9tisme : Amine Jhinaoui en lice pour le titre mondial"},"content":{"rendered":"<p>Un nouveau champion du monde tunisien est-il en train de voir le jour ?<\/p>\n<p>\t\t\t\t\t\t\t\t\tMohamed Amine Jhinaoui, sp\u00e9cialiste du 3000m steeple a les moyens de monter sur la plus haute marche du podium lors des Championnats du monde d\u2019athl\u00e9tisme qui se d\u00e9roulent actuellement \u00e0 Budapest en Hongrie.<\/p>\n<p>Il dispute, demain, mardi 22 ao\u00fbt 2023, la finale du 3000m steeple et a les moyens de devenir le premier champion du monde tunisien de la discipline.<\/p>\n<p>Amine Jhinaoui s\u2019est assur\u00e9 une place en finale, apr\u00e8s avoir termin\u00e9 \u00e0 la troisi\u00e8me place du deuxi\u00e8me tour, disput\u00e9 samedi avec un temps de 24.08.20. La premi\u00e8re place est all\u00e9e \u00e0 l&rsquo;Am\u00e9ricain Kenneth Rocks.<\/p>\n<p>Un autre coureur tunisien, Ahmed Jaziri, a eu moins de chance puisque son parcours s\u2019est achev\u00e9 d\u00e8s le premier tour.<\/p>\n","protected":false},"excerpt":{"rendered":"<p>Un nouveau champion du monde tunisien est-il en train de voir le jour ?<\/p>\n","protected":false},"author":3162,"featured_media":249497,"comment_status":"open","ping_status":"closed","sticky":false,"template":"","format":"standard","meta":{"footnotes":""},"categories":[2593],"tags":[8066,8065,6881],"class_list":["post-208057","post","type-post","status-publish","format-standard","has-post-thumbnail","hentry","category-sport","tag-3000m-steeple","tag-amine-jhinaoui","tag-budapest"],"yoast_head":"<!-- This site is optimized with the Yoast SEO Premium plugin v27.4 (Yoast SEO v27.5) - https:\/\/yoast.com\/product\/yoast-seo-premium-wordpress\/ -->\n<title>Athl\u00e9tisme : Amine Jhinaoui en lice pour le titre mondial<\/title>\n<meta name=\"description\" content=\"Un nouveau champion du monde tunisien est-il en train de voir le jour ?\" \/>\n<link rel=\"canonical\" href=\"https:\/\/www.webdo.tn\/fr\/actualite\/sport\/athletisme-amine-jhinaoui-en-lice-pour-le-titre-mondial\/208057\/\" \/>\n<meta property=\"og:locale\" content=\"fr_FR\" \/>\n<meta property=\"og:type\" content=\"article\" \/>\n<meta property=\"og:title\" content=\"Athl\u00e9tisme : Amine Jhinaoui en lice pour le titre mondial\" \/>\n<meta property=\"og:description\" content=\"Un nouveau champion du monde tunisien est-il en train de voir le jour ?\" \/>\n<meta property=\"og:url\" content=\"https:\/\/www.webdo.tn\/fr\/actualite\/sport\/athletisme-amine-jhinaoui-en-lice-pour-le-titre-mondial\/208057\/\" \/>\n<meta property=\"og:site_name\" content=\"webdo\" \/>\n<meta property=\"article:publisher\" content=\"https:\/\/www.facebook.com\/webdotn\" \/>\n<meta property=\"article:published_time\" content=\"2023-08-21T08:46:00+00:00\" \/>\n<meta property=\"article:modified_time\" content=\"2025-05-20T21:57:54+00:00\" \/>\n<meta property=\"og:image\" content=\"https:\/\/www.webdo.tn\/fr\/wp-content\/uploads\/2023\/08\/b7d5ec624fb2b1cbe4c139ea8e266a82.jpg\" \/>\n\t<meta property=\"og:image:width\" content=\"720\" \/>\n\t<meta property=\"og:image:height\" content=\"384\" \/>\n\t<meta property=\"og:image:type\" content=\"image\/jpeg\" \/>\n<meta name=\"author\" content=\"MC\" \/>\n<meta name=\"twitter:card\" content=\"summary_large_image\" \/>\n<meta name=\"twitter:creator\" content=\"@webdo_tn\" \/>\n<meta name=\"twitter:site\" content=\"@webdo_tn\" \/>\n<meta name=\"twitter:label1\" content=\"\u00c9crit par\" \/>\n\t<meta name=\"twitter:data1\" content=\"MC\" \/>\n\t<meta name=\"twitter:label2\" content=\"Dur\u00e9e de lecture estim\u00e9e\" \/>\n\t<meta name=\"twitter:data2\" content=\"1 minute\" \/>\n<script type=\"application\/ld+json\" class=\"yoast-schema-graph\">{\"@context\":\"https:\\\/\\\/schema.org\",\"@graph\":[{\"@type\":\"NewsArticle\",\"@id\":\"https:\\\/\\\/www.webdo.tn\\\/fr\\\/actualite\\\/sport\\\/athletisme-amine-jhinaoui-en-lice-pour-le-titre-mondial\\\/208057\\\/#article\",\"isPartOf\":{\"@id\":\"https:\\\/\\\/www.webdo.tn\\\/fr\\\/actualite\\\/sport\\\/athletisme-amine-jhinaoui-en-lice-pour-le-titre-mondial\\\/208057\\\/\"},\"author\":{\"name\":\"MC\",\"@id\":\"https:\\\/\\\/www.webdo.tn\\\/fr\\\/#\\\/schema\\\/person\\\/2c4929cbf5a809e3bd38617c6ce150f6\"},\"headline\":\"Athl\u00e9tisme : Amine Jhinaoui en lice pour le titre mondial\",\"datePublished\":\"2023-08-21T08:46:00+00:00\",\"dateModified\":\"2025-05-20T21:57:54+00:00\",\"mainEntityOfPage\":{\"@id\":\"https:\\\/\\\/www.webdo.tn\\\/fr\\\/actualite\\\/sport\\\/athletisme-amine-jhinaoui-en-lice-pour-le-titre-mondial\\\/208057\\\/\"},\"wordCount\":146,\"commentCount\":0,\"publisher\":{\"@id\":\"https:\\\/\\\/www.webdo.tn\\\/fr\\\/#organization\"},\"image\":{\"@id\":\"https:\\\/\\\/www.webdo.tn\\\/fr\\\/actualite\\\/sport\\\/athletisme-amine-jhinaoui-en-lice-pour-le-titre-mondial\\\/208057\\\/#primaryimage\"},\"thumbnailUrl\":\"https:\\\/\\\/www.webdo.tn\\\/fr\\\/wp-content\\\/uploads\\\/2023\\\/08\\\/b7d5ec624fb2b1cbe4c139ea8e266a82.jpg\",\"keywords\":[\"3000m steeple\",\"amine jhinaoui\",\"budapest\"],\"articleSection\":[\"Sport\"],\"inLanguage\":\"fr-FR\"},{\"@type\":\"WebPage\",\"@id\":\"https:\\\/\\\/www.webdo.tn\\\/fr\\\/actualite\\\/sport\\\/athletisme-amine-jhinaoui-en-lice-pour-le-titre-mondial\\\/208057\\\/\",\"url\":\"https:\\\/\\\/www.webdo.tn\\\/fr\\\/actualite\\\/sport\\\/athletisme-amine-jhinaoui-en-lice-pour-le-titre-mondial\\\/208057\\\/\",\"name\":\"Athl\u00e9tisme : Amine Jhinaoui en lice pour le titre mondial\",\"isPartOf\":{\"@id\":\"https:\\\/\\\/www.webdo.tn\\\/fr\\\/#website\"},\"primaryImageOfPage\":{\"@id\":\"https:\\\/\\\/www.webdo.tn\\\/fr\\\/actualite\\\/sport\\\/athletisme-amine-jhinaoui-en-lice-pour-le-titre-mondial\\\/208057\\\/#primaryimage\"},\"image\":{\"@id\":\"https:\\\/\\\/www.webdo.tn\\\/fr\\\/actualite\\\/sport\\\/athletisme-amine-jhinaoui-en-lice-pour-le-titre-mondial\\\/208057\\\/#primaryimage\"},\"thumbnailUrl\":\"https:\\\/\\\/www.webdo.tn\\\/fr\\\/wp-content\\\/uploads\\\/2023\\\/08\\\/b7d5ec624fb2b1cbe4c139ea8e266a82.jpg\",\"datePublished\":\"2023-08-21T08:46:00+00:00\",\"dateModified\":\"2025-05-20T21:57:54+00:00\",\"description\":\"Un nouveau champion du monde tunisien est-il en train de voir le jour ?\",\"breadcrumb\":{\"@id\":\"https:\\\/\\\/www.webdo.tn\\\/fr\\\/actualite\\\/sport\\\/athletisme-amine-jhinaoui-en-lice-pour-le-titre-mondial\\\/208057\\\/#breadcrumb\"},\"inLanguage\":\"fr-FR\",\"potentialAction\":[{\"@type\":\"ReadAction\",\"target\":[\"https:\\\/\\\/www.webdo.tn\\\/fr\\\/actualite\\\/sport\\\/athletisme-amine-jhinaoui-en-lice-pour-le-titre-mondial\\\/208057\\\/\"]}]},{\"@type\":\"ImageObject\",\"inLanguage\":\"fr-FR\",\"@id\":\"https:\\\/\\\/www.webdo.tn\\\/fr\\\/actualite\\\/sport\\\/athletisme-amine-jhinaoui-en-lice-pour-le-titre-mondial\\\/208057\\\/#primaryimage\",\"url\":\"https:\\\/\\\/www.webdo.tn\\\/fr\\\/wp-content\\\/uploads\\\/2023\\\/08\\\/b7d5ec624fb2b1cbe4c139ea8e266a82.jpg\",\"contentUrl\":\"https:\\\/\\\/www.webdo.tn\\\/fr\\\/wp-content\\\/uploads\\\/2023\\\/08\\\/b7d5ec624fb2b1cbe4c139ea8e266a82.jpg\",\"width\":720,\"height\":384,\"caption\":\"Athl\u00e9tisme : Amine Jhinaoui en lice pour le titre mondial\"},{\"@type\":\"BreadcrumbList\",\"@id\":\"https:\\\/\\\/www.webdo.tn\\\/fr\\\/actualite\\\/sport\\\/athletisme-amine-jhinaoui-en-lice-pour-le-titre-mondial\\\/208057\\\/#breadcrumb\",\"itemListElement\":[{\"@type\":\"ListItem\",\"position\":1,\"name\":\"Accueil\",\"item\":\"https:\\\/\\\/www.webdo.tn\\\/fr\\\/\"},{\"@type\":\"ListItem\",\"position\":2,\"name\":\"Athl\u00e9tisme : Amine Jhinaoui en lice pour le titre mondial\"}]},{\"@type\":\"WebSite\",\"@id\":\"https:\\\/\\\/www.webdo.tn\\\/fr\\\/#website\",\"url\":\"https:\\\/\\\/www.webdo.tn\\\/fr\\\/\",\"name\":\"webdo\",\"description\":\"Tunisie - News en Tunisie et \u00e0 l&#039;international sur Webdo.tn\",\"publisher\":{\"@id\":\"https:\\\/\\\/www.webdo.tn\\\/fr\\\/#organization\"},\"potentialAction\":[{\"@type\":\"SearchAction\",\"target\":{\"@type\":\"EntryPoint\",\"urlTemplate\":\"https:\\\/\\\/www.webdo.tn\\\/fr\\\/?s={search_term_string}\"},\"query-input\":{\"@type\":\"PropertyValueSpecification\",\"valueRequired\":true,\"valueName\":\"search_term_string\"}}],\"inLanguage\":\"fr-FR\"},{\"@type\":\"Organization\",\"@id\":\"https:\\\/\\\/www.webdo.tn\\\/fr\\\/#organization\",\"name\":\"Webdo\",\"alternateName\":\"Webdo.tn\",\"url\":\"https:\\\/\\\/www.webdo.tn\\\/fr\\\/\",\"logo\":{\"@type\":\"ImageObject\",\"inLanguage\":\"fr-FR\",\"@id\":\"https:\\\/\\\/www.webdo.tn\\\/fr\\\/#\\\/schema\\\/logo\\\/image\\\/\",\"url\":\"https:\\\/\\\/www.webdo.tn\\\/fr\\\/wp-content\\\/uploads\\\/2025\\\/06\\\/Webdo-Tunisie_168377.jpg\",\"contentUrl\":\"https:\\\/\\\/www.webdo.tn\\\/fr\\\/wp-content\\\/uploads\\\/2025\\\/06\\\/Webdo-Tunisie_168377.jpg\",\"width\":301,\"height\":301,\"caption\":\"Webdo\"},\"image\":{\"@id\":\"https:\\\/\\\/www.webdo.tn\\\/fr\\\/#\\\/schema\\\/logo\\\/image\\\/\"},\"sameAs\":[\"https:\\\/\\\/www.facebook.com\\\/webdotn\",\"https:\\\/\\\/x.com\\\/webdo_tn\"],\"description\":\"Webdo est un m\u00e9dia num\u00e9rique tunisien fond\u00e9 en 2010, sp\u00e9cialis\u00e9 dans l\u2019actualit\u00e9 nationale et internationale, l\u2019\u00e9conomie, la soci\u00e9t\u00e9 et les analyses politiques. Le site s\u2019adresse \u00e0 un large public francophone et couvre l\u2019information tunisienne en temps r\u00e9el.\",\"email\":\"redac@webdo.tn\",\"legalName\":\"YNJ SARL\",\"foundingDate\":\"2010-09-06\",\"numberOfEmployees\":{\"@type\":\"QuantitativeValue\",\"minValue\":\"11\",\"maxValue\":\"50\"}},{\"@type\":\"Person\",\"@id\":\"https:\\\/\\\/www.webdo.tn\\\/fr\\\/#\\\/schema\\\/person\\\/2c4929cbf5a809e3bd38617c6ce150f6\",\"name\":\"MC\",\"image\":{\"@type\":\"ImageObject\",\"inLanguage\":\"fr-FR\",\"@id\":\"https:\\\/\\\/secure.gravatar.com\\\/avatar\\\/a545bbb6f84efdd5553dbbc2895e3ca8f1d12c5215e00a041c9670b54aa9b18a?s=96&d=mm&r=g\",\"url\":\"https:\\\/\\\/secure.gravatar.com\\\/avatar\\\/a545bbb6f84efdd5553dbbc2895e3ca8f1d12c5215e00a041c9670b54aa9b18a?s=96&d=mm&r=g\",\"contentUrl\":\"https:\\\/\\\/secure.gravatar.com\\\/avatar\\\/a545bbb6f84efdd5553dbbc2895e3ca8f1d12c5215e00a041c9670b54aa9b18a?s=96&d=mm&r=g\",\"caption\":\"MC\"},\"url\":\"https:\\\/\\\/www.webdo.tn\\\/fr\\\/actualite\\\/author\\\/mc\\\/\"}]}<\/script>\n<!-- \/ Yoast SEO Premium plugin. -->","yoast_head_json":{"title":"Athl\u00e9tisme : Amine Jhinaoui en lice pour le titre mondial","description":"Un nouveau champion du monde tunisien est-il en train de voir le jour ?","canonical":"https:\/\/www.webdo.tn\/fr\/actualite\/sport\/athletisme-amine-jhinaoui-en-lice-pour-le-titre-mondial\/208057\/","og_locale":"fr_FR","og_type":"article","og_title":"Athl\u00e9tisme : Amine Jhinaoui en lice pour le titre mondial","og_description":"Un nouveau champion du monde tunisien est-il en train de voir le jour ?","og_url":"https:\/\/www.webdo.tn\/fr\/actualite\/sport\/athletisme-amine-jhinaoui-en-lice-pour-le-titre-mondial\/208057\/","og_site_name":"webdo","article_publisher":"https:\/\/www.facebook.com\/webdotn","article_published_time":"2023-08-21T08:46:00+00:00","article_modified_time":"2025-05-20T21:57:54+00:00","og_image":[{"width":720,"height":384,"url":"https:\/\/www.webdo.tn\/fr\/wp-content\/uploads\/2023\/08\/b7d5ec624fb2b1cbe4c139ea8e266a82.jpg","type":"image\/jpeg"}],"author":"MC","twitter_card":"summary_large_image","twitter_creator":"@webdo_tn","twitter_site":"@webdo_tn","twitter_misc":{"\u00c9crit par":"MC","Dur\u00e9e de lecture estim\u00e9e":"1 minute"},"schema":{"@context":"https:\/\/schema.org","@graph":[{"@type":"NewsArticle","@id":"https:\/\/www.webdo.tn\/fr\/actualite\/sport\/athletisme-amine-jhinaoui-en-lice-pour-le-titre-mondial\/208057\/#article","isPartOf":{"@id":"https:\/\/www.webdo.tn\/fr\/actualite\/sport\/athletisme-amine-jhinaoui-en-lice-pour-le-titre-mondial\/208057\/"},"author":{"name":"MC","@id":"https:\/\/www.webdo.tn\/fr\/#\/schema\/person\/2c4929cbf5a809e3bd38617c6ce150f6"},"headline":"Athl\u00e9tisme : Amine Jhinaoui en lice pour le titre mondial","datePublished":"2023-08-21T08:46:00+00:00","dateModified":"2025-05-20T21:57:54+00:00","mainEntityOfPage":{"@id":"https:\/\/www.webdo.tn\/fr\/actualite\/sport\/athletisme-amine-jhinaoui-en-lice-pour-le-titre-mondial\/208057\/"},"wordCount":146,"commentCount":0,"publisher":{"@id":"https:\/\/www.webdo.tn\/fr\/#organization"},"image":{"@id":"https:\/\/www.webdo.tn\/fr\/actualite\/sport\/athletisme-amine-jhinaoui-en-lice-pour-le-titre-mondial\/208057\/#primaryimage"},"thumbnailUrl":"https:\/\/www.webdo.tn\/fr\/wp-content\/uploads\/2023\/08\/b7d5ec624fb2b1cbe4c139ea8e266a82.jpg","keywords":["3000m steeple","amine jhinaoui","budapest"],"articleSection":["Sport"],"inLanguage":"fr-FR"},{"@type":"WebPage","@id":"https:\/\/www.webdo.tn\/fr\/actualite\/sport\/athletisme-amine-jhinaoui-en-lice-pour-le-titre-mondial\/208057\/","url":"https:\/\/www.webdo.tn\/fr\/actualite\/sport\/athletisme-amine-jhinaoui-en-lice-pour-le-titre-mondial\/208057\/","name":"Athl\u00e9tisme : Amine Jhinaoui en lice pour le titre mondial","isPartOf":{"@id":"https:\/\/www.webdo.tn\/fr\/#website"},"primaryImageOfPage":{"@id":"https:\/\/www.webdo.tn\/fr\/actualite\/sport\/athletisme-amine-jhinaoui-en-lice-pour-le-titre-mondial\/208057\/#primaryimage"},"image":{"@id":"https:\/\/www.webdo.tn\/fr\/actualite\/sport\/athletisme-amine-jhinaoui-en-lice-pour-le-titre-mondial\/208057\/#primaryimage"},"thumbnailUrl":"https:\/\/www.webdo.tn\/fr\/wp-content\/uploads\/2023\/08\/b7d5ec624fb2b1cbe4c139ea8e266a82.jpg","datePublished":"2023-08-21T08:46:00+00:00","dateModified":"2025-05-20T21:57:54+00:00","description":"Un nouveau champion du monde tunisien est-il en train de voir le jour ?","breadcrumb":{"@id":"https:\/\/www.webdo.tn\/fr\/actualite\/sport\/athletisme-amine-jhinaoui-en-lice-pour-le-titre-mondial\/208057\/#breadcrumb"},"inLanguage":"fr-FR","potentialAction":[{"@type":"ReadAction","target":["https:\/\/www.webdo.tn\/fr\/actualite\/sport\/athletisme-amine-jhinaoui-en-lice-pour-le-titre-mondial\/208057\/"]}]},{"@type":"ImageObject","inLanguage":"fr-FR","@id":"https:\/\/www.webdo.tn\/fr\/actualite\/sport\/athletisme-amine-jhinaoui-en-lice-pour-le-titre-mondial\/208057\/#primaryimage","url":"https:\/\/www.webdo.tn\/fr\/wp-content\/uploads\/2023\/08\/b7d5ec624fb2b1cbe4c139ea8e266a82.jpg","contentUrl":"https:\/\/www.webdo.tn\/fr\/wp-content\/uploads\/2023\/08\/b7d5ec624fb2b1cbe4c139ea8e266a82.jpg","width":720,"height":384,"caption":"Athl\u00e9tisme : Amine Jhinaoui en lice pour le titre mondial"},{"@type":"BreadcrumbList","@id":"https:\/\/www.webdo.tn\/fr\/actualite\/sport\/athletisme-amine-jhinaoui-en-lice-pour-le-titre-mondial\/208057\/#breadcrumb","itemListElement":[{"@type":"ListItem","position":1,"name":"Accueil","item":"https:\/\/www.webdo.tn\/fr\/"},{"@type":"ListItem","position":2,"name":"Athl\u00e9tisme : Amine Jhinaoui en lice pour le titre mondial"}]},{"@type":"WebSite","@id":"https:\/\/www.webdo.tn\/fr\/#website","url":"https:\/\/www.webdo.tn\/fr\/","name":"webdo","description":"Tunisie - News en Tunisie et \u00e0 l&#039;international sur Webdo.tn","publisher":{"@id":"https:\/\/www.webdo.tn\/fr\/#organization"},"potentialAction":[{"@type":"SearchAction","target":{"@type":"EntryPoint","urlTemplate":"https:\/\/www.webdo.tn\/fr\/?s={search_term_string}"},"query-input":{"@type":"PropertyValueSpecification","valueRequired":true,"valueName":"search_term_string"}}],"inLanguage":"fr-FR"},{"@type":"Organization","@id":"https:\/\/www.webdo.tn\/fr\/#organization","name":"Webdo","alternateName":"Webdo.tn","url":"https:\/\/www.webdo.tn\/fr\/","logo":{"@type":"ImageObject","inLanguage":"fr-FR","@id":"https:\/\/www.webdo.tn\/fr\/#\/schema\/logo\/image\/","url":"https:\/\/www.webdo.tn\/fr\/wp-content\/uploads\/2025\/06\/Webdo-Tunisie_168377.jpg","contentUrl":"https:\/\/www.webdo.tn\/fr\/wp-content\/uploads\/2025\/06\/Webdo-Tunisie_168377.jpg","width":301,"height":301,"caption":"Webdo"},"image":{"@id":"https:\/\/www.webdo.tn\/fr\/#\/schema\/logo\/image\/"},"sameAs":["https:\/\/www.facebook.com\/webdotn","https:\/\/x.com\/webdo_tn"],"description":"Webdo est un m\u00e9dia num\u00e9rique tunisien fond\u00e9 en 2010, sp\u00e9cialis\u00e9 dans l\u2019actualit\u00e9 nationale et internationale, l\u2019\u00e9conomie, la soci\u00e9t\u00e9 et les analyses politiques. Le site s\u2019adresse \u00e0 un large public francophone et couvre l\u2019information tunisienne en temps r\u00e9el.","email":"redac@webdo.tn","legalName":"YNJ SARL","foundingDate":"2010-09-06","numberOfEmployees":{"@type":"QuantitativeValue","minValue":"11","maxValue":"50"}},{"@type":"Person","@id":"https:\/\/www.webdo.tn\/fr\/#\/schema\/person\/2c4929cbf5a809e3bd38617c6ce150f6","name":"MC","image":{"@type":"ImageObject","inLanguage":"fr-FR","@id":"https:\/\/secure.gravatar.com\/avatar\/a545bbb6f84efdd5553dbbc2895e3ca8f1d12c5215e00a041c9670b54aa9b18a?s=96&d=mm&r=g","url":"https:\/\/secure.gravatar.com\/avatar\/a545bbb6f84efdd5553dbbc2895e3ca8f1d12c5215e00a041c9670b54aa9b18a?s=96&d=mm&r=g","contentUrl":"https:\/\/secure.gravatar.com\/avatar\/a545bbb6f84efdd5553dbbc2895e3ca8f1d12c5215e00a041c9670b54aa9b18a?s=96&d=mm&r=g","caption":"MC"},"url":"https:\/\/www.webdo.tn\/fr\/actualite\/author\/mc\/"}]}},"_links":{"self":[{"href":"https:\/\/www.webdo.tn\/fr\/wp-json\/wp\/v2\/posts\/208057","targetHints":{"allow":["GET"]}}],"collection":[{"href":"https:\/\/www.webdo.tn\/fr\/wp-json\/wp\/v2\/posts"}],"about":[{"href":"https:\/\/www.webdo.tn\/fr\/wp-json\/wp\/v2\/types\/post"}],"author":[{"embeddable":true,"href":"https:\/\/www.webdo.tn\/fr\/wp-json\/wp\/v2\/users\/3162"}],"replies":[{"embeddable":true,"href":"https:\/\/www.webdo.tn\/fr\/wp-json\/wp\/v2\/comments?post=208057"}],"version-history":[{"count":0,"href":"https:\/\/www.webdo.tn\/fr\/wp-json\/wp\/v2\/posts\/208057\/revisions"}],"wp:featuredmedia":[{"embeddable":true,"href":"https:\/\/www.webdo.tn\/fr\/wp-json\/wp\/v2\/media\/249497"}],"wp:attachment":[{"href":"https:\/\/www.webdo.tn\/fr\/wp-json\/wp\/v2\/media?parent=208057"}],"wp:term":[{"taxonomy":"category","embeddable":true,"href":"https:\/\/www.webdo.tn\/fr\/wp-json\/wp\/v2\/categories?post=208057"},{"taxonomy":"post_tag","embeddable":true,"href":"https:\/\/www.webdo.tn\/fr\/wp-json\/wp\/v2\/tags?post=208057"}],"curies":[{"name":"wp","href":"https:\/\/api.w.org\/{rel}","templated":true}]}}