{"id":208052,"date":"2023-08-20T13:26:00","date_gmt":"2023-08-20T13:26:00","guid":{"rendered":"https:\/\/www.webdo.tn\/fr\/blog\/les-boulangeries-non-classees-sont-reapprovisionnees-en-farine-et-semoule\/208052\/"},"modified":"2025-05-17T21:11:59","modified_gmt":"2025-05-17T21:11:59","slug":"les-boulangeries-non-classees-sont-reapprovisionnees-en-farine-et-semoule","status":"publish","type":"post","link":"https:\/\/www.webdo.tn\/fr\/actualite\/national\/les-boulangeries-non-classees-sont-reapprovisionnees-en-farine-et-semoule\/208052\/","title":{"rendered":"Les boulangeries  non class\u00e9es  sont r\u00e9approvisionn\u00e9es en farine et semoule"},"content":{"rendered":"<p>Apr\u00e8s pr\u00e8s de deux semaines d\u2019arr\u00eat, l\u2019approvisionnement des boulangeries non class\u00e9es en farine et semoule a repris, selon le communiqu\u00e9 publi\u00e9 par le minist\u00e8re du Commerce et du d\u00e9veloppement des exportations.<\/p>\n<p>\t\t\t\t\t\t\t\t\tCette d\u00e9cision a \u00e9t\u00e9 prise apr\u00e8s l\u2019engagement des structures professionnelles \u00e0 respecter les lois r\u00e9gissant la fabrication et la vente de pain. D&rsquo;ailleurs, le communiqu\u00e9 insiste sur le fait que ces structures se doivent d&rsquo;informer le consommateur sur la qualit\u00e9, le poids et les prix des pains expos\u00e9s de mani\u00e8re claire et transparente et de ne pas recourir \u00e0 des textes publicitaires, \u00e0 m\u00eame d\u2019induire en erreur le consommateur ou de provoquer une confusion chez lui.<\/p>\n<p>De plus, les services du minist\u00e8re ont entam\u00e9 le recensement des boulangeries en vue d\u2019une restructuration du secteur, l\u2019identification de ses besoins, le renforcement de l\u2019approvisionnement en mati\u00e8re premi\u00e8re et la facilitation de l\u2019acc\u00e8s des citoyens, \u00e0 ce produit, dans les diff\u00e9rentes r\u00e9gions, notamment celles dont le tissu commercial est insuffisant.<\/p>\n","protected":false},"excerpt":{"rendered":"<p>Apr\u00e8s pr\u00e8s de deux semaines d\u2019arr\u00eat, l\u2019approvisionnement des boulangeries non class\u00e9es en farine et semoule a repris, selon le communiqu\u00e9 publi\u00e9 par le minist\u00e8r&#8230;<\/p>\n","protected":false},"author":3169,"featured_media":278624,"comment_status":"open","ping_status":"closed","sticky":false,"template":"","format":"standard","meta":{"footnotes":""},"categories":[44],"tags":[8966,8132,3767,8039,2608],"class_list":["post-208052","post","type-post","status-publish","format-standard","has-post-thumbnail","hentry","category-national","tag-boulangerie","tag-farine","tag-pain","tag-semoule","tag-tunisie"],"yoast_head":"<!-- This site is optimized with the Yoast SEO Premium plugin v27.5 (Yoast SEO v27.5) - https:\/\/yoast.com\/product\/yoast-seo-premium-wordpress\/ -->\n<title>Les boulangeries non class\u00e9es sont r\u00e9approvisionn\u00e9es en farine et semoule<\/title>\n<meta name=\"description\" content=\"Apr\u00e8s pr\u00e8s de deux semaines d\u2019arr\u00eat, l\u2019approvisionnement des boulangeries non class\u00e9es en farine et semoule a repris, selon le communiqu\u00e9 publi\u00e9 par le minist\u00e8r...\" \/>\n<link rel=\"canonical\" href=\"https:\/\/www.webdo.tn\/fr\/actualite\/national\/les-boulangeries-non-classees-sont-reapprovisionnees-en-farine-et-semoule\/208052\/\" \/>\n<meta property=\"og:locale\" content=\"fr_FR\" \/>\n<meta property=\"og:type\" content=\"article\" \/>\n<meta property=\"og:title\" content=\"Les boulangeries non class\u00e9es sont r\u00e9approvisionn\u00e9es en farine et semoule\" \/>\n<meta property=\"og:description\" content=\"Apr\u00e8s pr\u00e8s de deux semaines d\u2019arr\u00eat, l\u2019approvisionnement des boulangeries non class\u00e9es en farine et semoule a repris, selon le communiqu\u00e9 publi\u00e9 par le minist\u00e8r...\" \/>\n<meta property=\"og:url\" content=\"https:\/\/www.webdo.tn\/fr\/actualite\/national\/les-boulangeries-non-classees-sont-reapprovisionnees-en-farine-et-semoule\/208052\/\" \/>\n<meta property=\"og:site_name\" content=\"webdo\" \/>\n<meta property=\"article:publisher\" content=\"https:\/\/www.facebook.com\/webdotn\" \/>\n<meta property=\"article:published_time\" content=\"2023-08-20T13:26:00+00:00\" \/>\n<meta property=\"article:modified_time\" content=\"2025-05-17T21:11:59+00:00\" \/>\n<meta property=\"og:image\" content=\"https:\/\/www.webdo.tn\/fr\/wp-content\/uploads\/2023\/08\/5034803579f8f8e670ead2295105bb86.jpeg\" \/>\n\t<meta property=\"og:image:width\" content=\"700\" \/>\n\t<meta property=\"og:image:height\" content=\"373\" \/>\n\t<meta property=\"og:image:type\" content=\"image\/jpeg\" \/>\n<meta name=\"author\" content=\"Webdo\" \/>\n<meta name=\"twitter:card\" content=\"summary_large_image\" \/>\n<meta name=\"twitter:creator\" content=\"@webdo_tn\" \/>\n<meta name=\"twitter:site\" content=\"@webdo_tn\" \/>\n<meta name=\"twitter:label1\" content=\"\u00c9crit par\" \/>\n\t<meta name=\"twitter:data1\" content=\"Webdo\" \/>\n\t<meta name=\"twitter:label2\" content=\"Dur\u00e9e de lecture estim\u00e9e\" \/>\n\t<meta name=\"twitter:data2\" content=\"1 minute\" \/>\n<script type=\"application\/ld+json\" class=\"yoast-schema-graph\">{\"@context\":\"https:\\\/\\\/schema.org\",\"@graph\":[{\"@type\":\"NewsArticle\",\"@id\":\"https:\\\/\\\/www.webdo.tn\\\/fr\\\/actualite\\\/national\\\/les-boulangeries-non-classees-sont-reapprovisionnees-en-farine-et-semoule\\\/208052\\\/#article\",\"isPartOf\":{\"@id\":\"https:\\\/\\\/www.webdo.tn\\\/fr\\\/actualite\\\/national\\\/les-boulangeries-non-classees-sont-reapprovisionnees-en-farine-et-semoule\\\/208052\\\/\"},\"author\":{\"name\":\"Webdo\",\"@id\":\"https:\\\/\\\/www.webdo.tn\\\/fr\\\/#\\\/schema\\\/person\\\/1f4e491e0907b413d61089e8eb573acc\"},\"headline\":\"Les boulangeries non class\u00e9es sont r\u00e9approvisionn\u00e9es en farine et semoule\",\"datePublished\":\"2023-08-20T13:26:00+00:00\",\"dateModified\":\"2025-05-17T21:11:59+00:00\",\"mainEntityOfPage\":{\"@id\":\"https:\\\/\\\/www.webdo.tn\\\/fr\\\/actualite\\\/national\\\/les-boulangeries-non-classees-sont-reapprovisionnees-en-farine-et-semoule\\\/208052\\\/\"},\"wordCount\":195,\"commentCount\":0,\"publisher\":{\"@id\":\"https:\\\/\\\/www.webdo.tn\\\/fr\\\/#organization\"},\"image\":{\"@id\":\"https:\\\/\\\/www.webdo.tn\\\/fr\\\/actualite\\\/national\\\/les-boulangeries-non-classees-sont-reapprovisionnees-en-farine-et-semoule\\\/208052\\\/#primaryimage\"},\"thumbnailUrl\":\"https:\\\/\\\/www.webdo.tn\\\/fr\\\/wp-content\\\/uploads\\\/2023\\\/08\\\/5034803579f8f8e670ead2295105bb86.jpeg\",\"keywords\":[\"Boulangerie\",\"Farine\",\"pain\",\"semoule\",\"Tunisie\"],\"articleSection\":[\"National\"],\"inLanguage\":\"fr-FR\"},{\"@type\":\"WebPage\",\"@id\":\"https:\\\/\\\/www.webdo.tn\\\/fr\\\/actualite\\\/national\\\/les-boulangeries-non-classees-sont-reapprovisionnees-en-farine-et-semoule\\\/208052\\\/\",\"url\":\"https:\\\/\\\/www.webdo.tn\\\/fr\\\/actualite\\\/national\\\/les-boulangeries-non-classees-sont-reapprovisionnees-en-farine-et-semoule\\\/208052\\\/\",\"name\":\"Les boulangeries non class\u00e9es sont r\u00e9approvisionn\u00e9es en farine et semoule\",\"isPartOf\":{\"@id\":\"https:\\\/\\\/www.webdo.tn\\\/fr\\\/#website\"},\"primaryImageOfPage\":{\"@id\":\"https:\\\/\\\/www.webdo.tn\\\/fr\\\/actualite\\\/national\\\/les-boulangeries-non-classees-sont-reapprovisionnees-en-farine-et-semoule\\\/208052\\\/#primaryimage\"},\"image\":{\"@id\":\"https:\\\/\\\/www.webdo.tn\\\/fr\\\/actualite\\\/national\\\/les-boulangeries-non-classees-sont-reapprovisionnees-en-farine-et-semoule\\\/208052\\\/#primaryimage\"},\"thumbnailUrl\":\"https:\\\/\\\/www.webdo.tn\\\/fr\\\/wp-content\\\/uploads\\\/2023\\\/08\\\/5034803579f8f8e670ead2295105bb86.jpeg\",\"datePublished\":\"2023-08-20T13:26:00+00:00\",\"dateModified\":\"2025-05-17T21:11:59+00:00\",\"description\":\"Apr\u00e8s pr\u00e8s de deux semaines d\u2019arr\u00eat, l\u2019approvisionnement des boulangeries non class\u00e9es en farine et semoule a repris, selon le communiqu\u00e9 publi\u00e9 par le minist\u00e8r...\",\"breadcrumb\":{\"@id\":\"https:\\\/\\\/www.webdo.tn\\\/fr\\\/actualite\\\/national\\\/les-boulangeries-non-classees-sont-reapprovisionnees-en-farine-et-semoule\\\/208052\\\/#breadcrumb\"},\"inLanguage\":\"fr-FR\",\"potentialAction\":[{\"@type\":\"ReadAction\",\"target\":[\"https:\\\/\\\/www.webdo.tn\\\/fr\\\/actualite\\\/national\\\/les-boulangeries-non-classees-sont-reapprovisionnees-en-farine-et-semoule\\\/208052\\\/\"]}]},{\"@type\":\"ImageObject\",\"inLanguage\":\"fr-FR\",\"@id\":\"https:\\\/\\\/www.webdo.tn\\\/fr\\\/actualite\\\/national\\\/les-boulangeries-non-classees-sont-reapprovisionnees-en-farine-et-semoule\\\/208052\\\/#primaryimage\",\"url\":\"https:\\\/\\\/www.webdo.tn\\\/fr\\\/wp-content\\\/uploads\\\/2023\\\/08\\\/5034803579f8f8e670ead2295105bb86.jpeg\",\"contentUrl\":\"https:\\\/\\\/www.webdo.tn\\\/fr\\\/wp-content\\\/uploads\\\/2023\\\/08\\\/5034803579f8f8e670ead2295105bb86.jpeg\",\"width\":700,\"height\":373,\"caption\":\"Les boulangeries non class\u00e9es sont r\u00e9approvisionn\u00e9es en farine et semoule\"},{\"@type\":\"BreadcrumbList\",\"@id\":\"https:\\\/\\\/www.webdo.tn\\\/fr\\\/actualite\\\/national\\\/les-boulangeries-non-classees-sont-reapprovisionnees-en-farine-et-semoule\\\/208052\\\/#breadcrumb\",\"itemListElement\":[{\"@type\":\"ListItem\",\"position\":1,\"name\":\"Accueil\",\"item\":\"https:\\\/\\\/www.webdo.tn\\\/fr\\\/\"},{\"@type\":\"ListItem\",\"position\":2,\"name\":\"Les boulangeries non class\u00e9es sont r\u00e9approvisionn\u00e9es en farine et semoule\"}]},{\"@type\":\"WebSite\",\"@id\":\"https:\\\/\\\/www.webdo.tn\\\/fr\\\/#website\",\"url\":\"https:\\\/\\\/www.webdo.tn\\\/fr\\\/\",\"name\":\"webdo\",\"description\":\"Tunisie - News en Tunisie et \u00e0 l&#039;international sur Webdo.tn\",\"publisher\":{\"@id\":\"https:\\\/\\\/www.webdo.tn\\\/fr\\\/#organization\"},\"potentialAction\":[{\"@type\":\"SearchAction\",\"target\":{\"@type\":\"EntryPoint\",\"urlTemplate\":\"https:\\\/\\\/www.webdo.tn\\\/fr\\\/?s={search_term_string}\"},\"query-input\":{\"@type\":\"PropertyValueSpecification\",\"valueRequired\":true,\"valueName\":\"search_term_string\"}}],\"inLanguage\":\"fr-FR\"},{\"@type\":\"Organization\",\"@id\":\"https:\\\/\\\/www.webdo.tn\\\/fr\\\/#organization\",\"name\":\"Webdo\",\"alternateName\":\"Webdo.tn\",\"url\":\"https:\\\/\\\/www.webdo.tn\\\/fr\\\/\",\"logo\":{\"@type\":\"ImageObject\",\"inLanguage\":\"fr-FR\",\"@id\":\"https:\\\/\\\/www.webdo.tn\\\/fr\\\/#\\\/schema\\\/logo\\\/image\\\/\",\"url\":\"https:\\\/\\\/www.webdo.tn\\\/fr\\\/wp-content\\\/uploads\\\/2025\\\/06\\\/Webdo-Tunisie_168377.jpg\",\"contentUrl\":\"https:\\\/\\\/www.webdo.tn\\\/fr\\\/wp-content\\\/uploads\\\/2025\\\/06\\\/Webdo-Tunisie_168377.jpg\",\"width\":301,\"height\":301,\"caption\":\"Webdo\"},\"image\":{\"@id\":\"https:\\\/\\\/www.webdo.tn\\\/fr\\\/#\\\/schema\\\/logo\\\/image\\\/\"},\"sameAs\":[\"https:\\\/\\\/www.facebook.com\\\/webdotn\",\"https:\\\/\\\/x.com\\\/webdo_tn\"],\"description\":\"Webdo est un m\u00e9dia num\u00e9rique tunisien fond\u00e9 en 2010, sp\u00e9cialis\u00e9 dans l\u2019actualit\u00e9 nationale et internationale, l\u2019\u00e9conomie, la soci\u00e9t\u00e9 et les analyses politiques. Le site s\u2019adresse \u00e0 un large public francophone et couvre l\u2019information tunisienne en temps r\u00e9el.\",\"email\":\"redac@webdo.tn\",\"legalName\":\"YNJ SARL\",\"foundingDate\":\"2010-09-06\",\"numberOfEmployees\":{\"@type\":\"QuantitativeValue\",\"minValue\":\"11\",\"maxValue\":\"50\"}},{\"@type\":\"Person\",\"@id\":\"https:\\\/\\\/www.webdo.tn\\\/fr\\\/#\\\/schema\\\/person\\\/1f4e491e0907b413d61089e8eb573acc\",\"name\":\"Webdo\",\"image\":{\"@type\":\"ImageObject\",\"inLanguage\":\"fr-FR\",\"@id\":\"https:\\\/\\\/secure.gravatar.com\\\/avatar\\\/de97aeec1bb80978a9dbb127e47dfc88aaacb2f3c29aac907d8d3222e3495d49?s=96&d=mm&r=g\",\"url\":\"https:\\\/\\\/secure.gravatar.com\\\/avatar\\\/de97aeec1bb80978a9dbb127e47dfc88aaacb2f3c29aac907d8d3222e3495d49?s=96&d=mm&r=g\",\"contentUrl\":\"https:\\\/\\\/secure.gravatar.com\\\/avatar\\\/de97aeec1bb80978a9dbb127e47dfc88aaacb2f3c29aac907d8d3222e3495d49?s=96&d=mm&r=g\",\"caption\":\"Webdo\"},\"url\":\"https:\\\/\\\/www.webdo.tn\\\/fr\\\/actualite\\\/author\\\/webdo\\\/\"}]}<\/script>\n<!-- \/ Yoast SEO Premium plugin. -->","yoast_head_json":{"title":"Les boulangeries non class\u00e9es sont r\u00e9approvisionn\u00e9es en farine et semoule","description":"Apr\u00e8s pr\u00e8s de deux semaines d\u2019arr\u00eat, l\u2019approvisionnement des boulangeries non class\u00e9es en farine et semoule a repris, selon le communiqu\u00e9 publi\u00e9 par le minist\u00e8r...","canonical":"https:\/\/www.webdo.tn\/fr\/actualite\/national\/les-boulangeries-non-classees-sont-reapprovisionnees-en-farine-et-semoule\/208052\/","og_locale":"fr_FR","og_type":"article","og_title":"Les boulangeries non class\u00e9es sont r\u00e9approvisionn\u00e9es en farine et semoule","og_description":"Apr\u00e8s pr\u00e8s de deux semaines d\u2019arr\u00eat, l\u2019approvisionnement des boulangeries non class\u00e9es en farine et semoule a repris, selon le communiqu\u00e9 publi\u00e9 par le minist\u00e8r...","og_url":"https:\/\/www.webdo.tn\/fr\/actualite\/national\/les-boulangeries-non-classees-sont-reapprovisionnees-en-farine-et-semoule\/208052\/","og_site_name":"webdo","article_publisher":"https:\/\/www.facebook.com\/webdotn","article_published_time":"2023-08-20T13:26:00+00:00","article_modified_time":"2025-05-17T21:11:59+00:00","og_image":[{"width":700,"height":373,"url":"https:\/\/www.webdo.tn\/fr\/wp-content\/uploads\/2023\/08\/5034803579f8f8e670ead2295105bb86.jpeg","type":"image\/jpeg"}],"author":"Webdo","twitter_card":"summary_large_image","twitter_creator":"@webdo_tn","twitter_site":"@webdo_tn","twitter_misc":{"\u00c9crit par":"Webdo","Dur\u00e9e de lecture estim\u00e9e":"1 minute"},"schema":{"@context":"https:\/\/schema.org","@graph":[{"@type":"NewsArticle","@id":"https:\/\/www.webdo.tn\/fr\/actualite\/national\/les-boulangeries-non-classees-sont-reapprovisionnees-en-farine-et-semoule\/208052\/#article","isPartOf":{"@id":"https:\/\/www.webdo.tn\/fr\/actualite\/national\/les-boulangeries-non-classees-sont-reapprovisionnees-en-farine-et-semoule\/208052\/"},"author":{"name":"Webdo","@id":"https:\/\/www.webdo.tn\/fr\/#\/schema\/person\/1f4e491e0907b413d61089e8eb573acc"},"headline":"Les boulangeries non class\u00e9es sont r\u00e9approvisionn\u00e9es en farine et semoule","datePublished":"2023-08-20T13:26:00+00:00","dateModified":"2025-05-17T21:11:59+00:00","mainEntityOfPage":{"@id":"https:\/\/www.webdo.tn\/fr\/actualite\/national\/les-boulangeries-non-classees-sont-reapprovisionnees-en-farine-et-semoule\/208052\/"},"wordCount":195,"commentCount":0,"publisher":{"@id":"https:\/\/www.webdo.tn\/fr\/#organization"},"image":{"@id":"https:\/\/www.webdo.tn\/fr\/actualite\/national\/les-boulangeries-non-classees-sont-reapprovisionnees-en-farine-et-semoule\/208052\/#primaryimage"},"thumbnailUrl":"https:\/\/www.webdo.tn\/fr\/wp-content\/uploads\/2023\/08\/5034803579f8f8e670ead2295105bb86.jpeg","keywords":["Boulangerie","Farine","pain","semoule","Tunisie"],"articleSection":["National"],"inLanguage":"fr-FR"},{"@type":"WebPage","@id":"https:\/\/www.webdo.tn\/fr\/actualite\/national\/les-boulangeries-non-classees-sont-reapprovisionnees-en-farine-et-semoule\/208052\/","url":"https:\/\/www.webdo.tn\/fr\/actualite\/national\/les-boulangeries-non-classees-sont-reapprovisionnees-en-farine-et-semoule\/208052\/","name":"Les boulangeries non class\u00e9es sont r\u00e9approvisionn\u00e9es en farine et semoule","isPartOf":{"@id":"https:\/\/www.webdo.tn\/fr\/#website"},"primaryImageOfPage":{"@id":"https:\/\/www.webdo.tn\/fr\/actualite\/national\/les-boulangeries-non-classees-sont-reapprovisionnees-en-farine-et-semoule\/208052\/#primaryimage"},"image":{"@id":"https:\/\/www.webdo.tn\/fr\/actualite\/national\/les-boulangeries-non-classees-sont-reapprovisionnees-en-farine-et-semoule\/208052\/#primaryimage"},"thumbnailUrl":"https:\/\/www.webdo.tn\/fr\/wp-content\/uploads\/2023\/08\/5034803579f8f8e670ead2295105bb86.jpeg","datePublished":"2023-08-20T13:26:00+00:00","dateModified":"2025-05-17T21:11:59+00:00","description":"Apr\u00e8s pr\u00e8s de deux semaines d\u2019arr\u00eat, l\u2019approvisionnement des boulangeries non class\u00e9es en farine et semoule a repris, selon le communiqu\u00e9 publi\u00e9 par le minist\u00e8r...","breadcrumb":{"@id":"https:\/\/www.webdo.tn\/fr\/actualite\/national\/les-boulangeries-non-classees-sont-reapprovisionnees-en-farine-et-semoule\/208052\/#breadcrumb"},"inLanguage":"fr-FR","potentialAction":[{"@type":"ReadAction","target":["https:\/\/www.webdo.tn\/fr\/actualite\/national\/les-boulangeries-non-classees-sont-reapprovisionnees-en-farine-et-semoule\/208052\/"]}]},{"@type":"ImageObject","inLanguage":"fr-FR","@id":"https:\/\/www.webdo.tn\/fr\/actualite\/national\/les-boulangeries-non-classees-sont-reapprovisionnees-en-farine-et-semoule\/208052\/#primaryimage","url":"https:\/\/www.webdo.tn\/fr\/wp-content\/uploads\/2023\/08\/5034803579f8f8e670ead2295105bb86.jpeg","contentUrl":"https:\/\/www.webdo.tn\/fr\/wp-content\/uploads\/2023\/08\/5034803579f8f8e670ead2295105bb86.jpeg","width":700,"height":373,"caption":"Les boulangeries non class\u00e9es sont r\u00e9approvisionn\u00e9es en farine et semoule"},{"@type":"BreadcrumbList","@id":"https:\/\/www.webdo.tn\/fr\/actualite\/national\/les-boulangeries-non-classees-sont-reapprovisionnees-en-farine-et-semoule\/208052\/#breadcrumb","itemListElement":[{"@type":"ListItem","position":1,"name":"Accueil","item":"https:\/\/www.webdo.tn\/fr\/"},{"@type":"ListItem","position":2,"name":"Les boulangeries non class\u00e9es sont r\u00e9approvisionn\u00e9es en farine et semoule"}]},{"@type":"WebSite","@id":"https:\/\/www.webdo.tn\/fr\/#website","url":"https:\/\/www.webdo.tn\/fr\/","name":"webdo","description":"Tunisie - News en Tunisie et \u00e0 l&#039;international sur Webdo.tn","publisher":{"@id":"https:\/\/www.webdo.tn\/fr\/#organization"},"potentialAction":[{"@type":"SearchAction","target":{"@type":"EntryPoint","urlTemplate":"https:\/\/www.webdo.tn\/fr\/?s={search_term_string}"},"query-input":{"@type":"PropertyValueSpecification","valueRequired":true,"valueName":"search_term_string"}}],"inLanguage":"fr-FR"},{"@type":"Organization","@id":"https:\/\/www.webdo.tn\/fr\/#organization","name":"Webdo","alternateName":"Webdo.tn","url":"https:\/\/www.webdo.tn\/fr\/","logo":{"@type":"ImageObject","inLanguage":"fr-FR","@id":"https:\/\/www.webdo.tn\/fr\/#\/schema\/logo\/image\/","url":"https:\/\/www.webdo.tn\/fr\/wp-content\/uploads\/2025\/06\/Webdo-Tunisie_168377.jpg","contentUrl":"https:\/\/www.webdo.tn\/fr\/wp-content\/uploads\/2025\/06\/Webdo-Tunisie_168377.jpg","width":301,"height":301,"caption":"Webdo"},"image":{"@id":"https:\/\/www.webdo.tn\/fr\/#\/schema\/logo\/image\/"},"sameAs":["https:\/\/www.facebook.com\/webdotn","https:\/\/x.com\/webdo_tn"],"description":"Webdo est un m\u00e9dia num\u00e9rique tunisien fond\u00e9 en 2010, sp\u00e9cialis\u00e9 dans l\u2019actualit\u00e9 nationale et internationale, l\u2019\u00e9conomie, la soci\u00e9t\u00e9 et les analyses politiques. Le site s\u2019adresse \u00e0 un large public francophone et couvre l\u2019information tunisienne en temps r\u00e9el.","email":"redac@webdo.tn","legalName":"YNJ SARL","foundingDate":"2010-09-06","numberOfEmployees":{"@type":"QuantitativeValue","minValue":"11","maxValue":"50"}},{"@type":"Person","@id":"https:\/\/www.webdo.tn\/fr\/#\/schema\/person\/1f4e491e0907b413d61089e8eb573acc","name":"Webdo","image":{"@type":"ImageObject","inLanguage":"fr-FR","@id":"https:\/\/secure.gravatar.com\/avatar\/de97aeec1bb80978a9dbb127e47dfc88aaacb2f3c29aac907d8d3222e3495d49?s=96&d=mm&r=g","url":"https:\/\/secure.gravatar.com\/avatar\/de97aeec1bb80978a9dbb127e47dfc88aaacb2f3c29aac907d8d3222e3495d49?s=96&d=mm&r=g","contentUrl":"https:\/\/secure.gravatar.com\/avatar\/de97aeec1bb80978a9dbb127e47dfc88aaacb2f3c29aac907d8d3222e3495d49?s=96&d=mm&r=g","caption":"Webdo"},"url":"https:\/\/www.webdo.tn\/fr\/actualite\/author\/webdo\/"}]}},"_links":{"self":[{"href":"https:\/\/www.webdo.tn\/fr\/wp-json\/wp\/v2\/posts\/208052","targetHints":{"allow":["GET"]}}],"collection":[{"href":"https:\/\/www.webdo.tn\/fr\/wp-json\/wp\/v2\/posts"}],"about":[{"href":"https:\/\/www.webdo.tn\/fr\/wp-json\/wp\/v2\/types\/post"}],"author":[{"embeddable":true,"href":"https:\/\/www.webdo.tn\/fr\/wp-json\/wp\/v2\/users\/3169"}],"replies":[{"embeddable":true,"href":"https:\/\/www.webdo.tn\/fr\/wp-json\/wp\/v2\/comments?post=208052"}],"version-history":[{"count":0,"href":"https:\/\/www.webdo.tn\/fr\/wp-json\/wp\/v2\/posts\/208052\/revisions"}],"wp:featuredmedia":[{"embeddable":true,"href":"https:\/\/www.webdo.tn\/fr\/wp-json\/wp\/v2\/media\/278624"}],"wp:attachment":[{"href":"https:\/\/www.webdo.tn\/fr\/wp-json\/wp\/v2\/media?parent=208052"}],"wp:term":[{"taxonomy":"category","embeddable":true,"href":"https:\/\/www.webdo.tn\/fr\/wp-json\/wp\/v2\/categories?post=208052"},{"taxonomy":"post_tag","embeddable":true,"href":"https:\/\/www.webdo.tn\/fr\/wp-json\/wp\/v2\/tags?post=208052"}],"curies":[{"name":"wp","href":"https:\/\/api.w.org\/{rel}","templated":true}]}}