{"id":208045,"date":"2023-08-19T12:57:00","date_gmt":"2023-08-19T12:57:00","guid":{"rendered":"https:\/\/www.webdo.tn\/fr\/blog\/la-tunisie-au-sommet-des-brics-en-afrique-du-sud\/208045\/"},"modified":"2025-05-20T22:51:29","modified_gmt":"2025-05-20T22:51:29","slug":"la-tunisie-au-sommet-des-brics-en-afrique-du-sud","status":"publish","type":"post","link":"https:\/\/www.webdo.tn\/fr\/actualite\/national\/la-tunisie-au-sommet-des-brics-en-afrique-du-sud\/208045\/","title":{"rendered":"La Tunisie au sommet des BRICS en Afrique du Sud"},"content":{"rendered":"<p>Le pr\u00e9sident de la R\u00e9publique, Kais Sa\u00efed, a re\u00e7u, ce vendredi 18 ao\u00fbt 2023, au palais de Carthage, le ministre des Affaires \u00e9trang\u00e8res, de l&rsquo;Immigration et des Tunisiens \u00e0 l&rsquo;\u00e9tranger, Nabil Ammar.<\/p>\n<p>La participation de la Tunisie \u00e0 la r\u00e9union qui se tiendra, fin ao\u00fbt, en Afrique du Sud et qui r\u00e9unira les dirigeants des Etats membres du BRICS, avec un certain nombre de pays partenaires, a \u00e9galement \u00e9t\u00e9 abord\u00e9e, selon un communiqu\u00e9 de la pr\u00e9sidence de la R\u00e9publique.<\/p>\n<p>Il n\u2019a pas \u00e9t\u00e9 annonc\u00e9 si le pr\u00e9sident de la R\u00e9publique participera lui-m\u00eame \u00e0 cette r\u00e9union d\u2019envergure ou si Nabil Ammar va repr\u00e9senter la Tunisie.\u00a0<\/p>\n<p>L&rsquo;Afrique du Sud accueille fin ao\u00fbt un sommet des Brics, groupe de pays auquel la Russie appartient. Vladimir Poutine a \u00e9t\u00e9 invit\u00e9 et ce malgr\u00e9 le mandat d&rsquo;arr\u00eat \u00e9mis par la Cour p\u00e9nale internationale (CPI) contre le chef de l&rsquo;\u00c9tat russe, a confirm\u00e9 dimanche 9 juillet son pr\u00e9sident.<\/p>\n","protected":false},"excerpt":{"rendered":"<p>Le pr\u00e9sident de la R\u00e9publique, Kais Sa\u00efed, a re\u00e7u, ce vendredi 18 ao\u00fbt 2023, au palais de Carthage, le ministre des Affaires \u00e9trang\u00e8res, de l&rsquo;Immigration et des&#8230;<\/p>\n","protected":false},"author":3175,"featured_media":278621,"comment_status":"open","ping_status":"closed","sticky":false,"template":"","format":"standard","meta":{"footnotes":""},"categories":[44],"tags":[5317,4539,2608],"class_list":["post-208045","post","type-post","status-publish","format-standard","has-post-thumbnail","hentry","category-national","tag-brics","tag-sommet","tag-tunisie"],"yoast_head":"<!-- This site is optimized with the Yoast SEO Premium plugin v27.5 (Yoast SEO v27.5) - https:\/\/yoast.com\/product\/yoast-seo-premium-wordpress\/ -->\n<title>La Tunisie au sommet des BRICS en Afrique du Sud<\/title>\n<meta name=\"description\" content=\"Le pr\u00e9sident de la R\u00e9publique, Kais Sa\u00efed, a re\u00e7u, ce vendredi 18 ao\u00fbt 2023, au palais de Carthage, le ministre des Affaires \u00e9trang\u00e8res, de l&#039;Immigration et des...\" \/>\n<link rel=\"canonical\" href=\"https:\/\/www.webdo.tn\/fr\/actualite\/national\/la-tunisie-au-sommet-des-brics-en-afrique-du-sud\/208045\/\" \/>\n<meta property=\"og:locale\" content=\"fr_FR\" \/>\n<meta property=\"og:type\" content=\"article\" \/>\n<meta property=\"og:title\" content=\"La Tunisie au sommet des BRICS en Afrique du Sud\" \/>\n<meta property=\"og:description\" content=\"Le pr\u00e9sident de la R\u00e9publique, Kais Sa\u00efed, a re\u00e7u, ce vendredi 18 ao\u00fbt 2023, au palais de Carthage, le ministre des Affaires \u00e9trang\u00e8res, de l&#039;Immigration et des...\" \/>\n<meta property=\"og:url\" content=\"https:\/\/www.webdo.tn\/fr\/actualite\/national\/la-tunisie-au-sommet-des-brics-en-afrique-du-sud\/208045\/\" \/>\n<meta property=\"og:site_name\" content=\"webdo\" \/>\n<meta property=\"article:publisher\" content=\"https:\/\/www.facebook.com\/webdotn\" \/>\n<meta property=\"article:published_time\" content=\"2023-08-19T12:57:00+00:00\" \/>\n<meta property=\"article:modified_time\" content=\"2025-05-20T22:51:29+00:00\" \/>\n<meta property=\"og:image\" content=\"https:\/\/www.webdo.tn\/fr\/wp-content\/uploads\/2023\/08\/ef89a3f68c80c2b3be9ae1fae21aa702.jpg\" \/>\n\t<meta property=\"og:image:width\" content=\"750\" \/>\n\t<meta property=\"og:image:height\" content=\"400\" \/>\n\t<meta property=\"og:image:type\" content=\"image\/jpeg\" \/>\n<meta name=\"author\" content=\"CL\" \/>\n<meta name=\"twitter:card\" content=\"summary_large_image\" \/>\n<meta name=\"twitter:creator\" content=\"@webdo_tn\" \/>\n<meta name=\"twitter:site\" content=\"@webdo_tn\" \/>\n<meta name=\"twitter:label1\" content=\"\u00c9crit par\" \/>\n\t<meta name=\"twitter:data1\" content=\"CL\" \/>\n\t<meta name=\"twitter:label2\" content=\"Dur\u00e9e de lecture estim\u00e9e\" \/>\n\t<meta name=\"twitter:data2\" content=\"1 minute\" \/>\n<script type=\"application\/ld+json\" class=\"yoast-schema-graph\">{\"@context\":\"https:\\\/\\\/schema.org\",\"@graph\":[{\"@type\":\"NewsArticle\",\"@id\":\"https:\\\/\\\/www.webdo.tn\\\/fr\\\/actualite\\\/national\\\/la-tunisie-au-sommet-des-brics-en-afrique-du-sud\\\/208045\\\/#article\",\"isPartOf\":{\"@id\":\"https:\\\/\\\/www.webdo.tn\\\/fr\\\/actualite\\\/national\\\/la-tunisie-au-sommet-des-brics-en-afrique-du-sud\\\/208045\\\/\"},\"author\":{\"name\":\"CL\",\"@id\":\"https:\\\/\\\/www.webdo.tn\\\/fr\\\/#\\\/schema\\\/person\\\/f35b42a42c5e2511bbd282959d6385cc\"},\"headline\":\"La Tunisie au sommet des BRICS en Afrique du Sud\",\"datePublished\":\"2023-08-19T12:57:00+00:00\",\"dateModified\":\"2025-05-20T22:51:29+00:00\",\"mainEntityOfPage\":{\"@id\":\"https:\\\/\\\/www.webdo.tn\\\/fr\\\/actualite\\\/national\\\/la-tunisie-au-sommet-des-brics-en-afrique-du-sud\\\/208045\\\/\"},\"wordCount\":184,\"commentCount\":0,\"publisher\":{\"@id\":\"https:\\\/\\\/www.webdo.tn\\\/fr\\\/#organization\"},\"image\":{\"@id\":\"https:\\\/\\\/www.webdo.tn\\\/fr\\\/actualite\\\/national\\\/la-tunisie-au-sommet-des-brics-en-afrique-du-sud\\\/208045\\\/#primaryimage\"},\"thumbnailUrl\":\"https:\\\/\\\/www.webdo.tn\\\/fr\\\/wp-content\\\/uploads\\\/2023\\\/08\\\/ef89a3f68c80c2b3be9ae1fae21aa702.jpg\",\"keywords\":[\"BRICS\",\"sommet\",\"Tunisie\"],\"articleSection\":[\"National\"],\"inLanguage\":\"fr-FR\"},{\"@type\":\"WebPage\",\"@id\":\"https:\\\/\\\/www.webdo.tn\\\/fr\\\/actualite\\\/national\\\/la-tunisie-au-sommet-des-brics-en-afrique-du-sud\\\/208045\\\/\",\"url\":\"https:\\\/\\\/www.webdo.tn\\\/fr\\\/actualite\\\/national\\\/la-tunisie-au-sommet-des-brics-en-afrique-du-sud\\\/208045\\\/\",\"name\":\"La Tunisie au sommet des BRICS en Afrique du Sud\",\"isPartOf\":{\"@id\":\"https:\\\/\\\/www.webdo.tn\\\/fr\\\/#website\"},\"primaryImageOfPage\":{\"@id\":\"https:\\\/\\\/www.webdo.tn\\\/fr\\\/actualite\\\/national\\\/la-tunisie-au-sommet-des-brics-en-afrique-du-sud\\\/208045\\\/#primaryimage\"},\"image\":{\"@id\":\"https:\\\/\\\/www.webdo.tn\\\/fr\\\/actualite\\\/national\\\/la-tunisie-au-sommet-des-brics-en-afrique-du-sud\\\/208045\\\/#primaryimage\"},\"thumbnailUrl\":\"https:\\\/\\\/www.webdo.tn\\\/fr\\\/wp-content\\\/uploads\\\/2023\\\/08\\\/ef89a3f68c80c2b3be9ae1fae21aa702.jpg\",\"datePublished\":\"2023-08-19T12:57:00+00:00\",\"dateModified\":\"2025-05-20T22:51:29+00:00\",\"description\":\"Le pr\u00e9sident de la R\u00e9publique, Kais Sa\u00efed, a re\u00e7u, ce vendredi 18 ao\u00fbt 2023, au palais de Carthage, le ministre des Affaires \u00e9trang\u00e8res, de l'Immigration et des...\",\"breadcrumb\":{\"@id\":\"https:\\\/\\\/www.webdo.tn\\\/fr\\\/actualite\\\/national\\\/la-tunisie-au-sommet-des-brics-en-afrique-du-sud\\\/208045\\\/#breadcrumb\"},\"inLanguage\":\"fr-FR\",\"potentialAction\":[{\"@type\":\"ReadAction\",\"target\":[\"https:\\\/\\\/www.webdo.tn\\\/fr\\\/actualite\\\/national\\\/la-tunisie-au-sommet-des-brics-en-afrique-du-sud\\\/208045\\\/\"]}]},{\"@type\":\"ImageObject\",\"inLanguage\":\"fr-FR\",\"@id\":\"https:\\\/\\\/www.webdo.tn\\\/fr\\\/actualite\\\/national\\\/la-tunisie-au-sommet-des-brics-en-afrique-du-sud\\\/208045\\\/#primaryimage\",\"url\":\"https:\\\/\\\/www.webdo.tn\\\/fr\\\/wp-content\\\/uploads\\\/2023\\\/08\\\/ef89a3f68c80c2b3be9ae1fae21aa702.jpg\",\"contentUrl\":\"https:\\\/\\\/www.webdo.tn\\\/fr\\\/wp-content\\\/uploads\\\/2023\\\/08\\\/ef89a3f68c80c2b3be9ae1fae21aa702.jpg\",\"width\":750,\"height\":400,\"caption\":\"La Tunisie au sommet des BRICS en Afrique du Sud\"},{\"@type\":\"BreadcrumbList\",\"@id\":\"https:\\\/\\\/www.webdo.tn\\\/fr\\\/actualite\\\/national\\\/la-tunisie-au-sommet-des-brics-en-afrique-du-sud\\\/208045\\\/#breadcrumb\",\"itemListElement\":[{\"@type\":\"ListItem\",\"position\":1,\"name\":\"Accueil\",\"item\":\"https:\\\/\\\/www.webdo.tn\\\/fr\\\/\"},{\"@type\":\"ListItem\",\"position\":2,\"name\":\"La Tunisie au sommet des BRICS en Afrique du Sud\"}]},{\"@type\":\"WebSite\",\"@id\":\"https:\\\/\\\/www.webdo.tn\\\/fr\\\/#website\",\"url\":\"https:\\\/\\\/www.webdo.tn\\\/fr\\\/\",\"name\":\"webdo\",\"description\":\"Tunisie - News en Tunisie et \u00e0 l&#039;international sur Webdo.tn\",\"publisher\":{\"@id\":\"https:\\\/\\\/www.webdo.tn\\\/fr\\\/#organization\"},\"potentialAction\":[{\"@type\":\"SearchAction\",\"target\":{\"@type\":\"EntryPoint\",\"urlTemplate\":\"https:\\\/\\\/www.webdo.tn\\\/fr\\\/?s={search_term_string}\"},\"query-input\":{\"@type\":\"PropertyValueSpecification\",\"valueRequired\":true,\"valueName\":\"search_term_string\"}}],\"inLanguage\":\"fr-FR\"},{\"@type\":\"Organization\",\"@id\":\"https:\\\/\\\/www.webdo.tn\\\/fr\\\/#organization\",\"name\":\"Webdo\",\"alternateName\":\"Webdo.tn\",\"url\":\"https:\\\/\\\/www.webdo.tn\\\/fr\\\/\",\"logo\":{\"@type\":\"ImageObject\",\"inLanguage\":\"fr-FR\",\"@id\":\"https:\\\/\\\/www.webdo.tn\\\/fr\\\/#\\\/schema\\\/logo\\\/image\\\/\",\"url\":\"https:\\\/\\\/www.webdo.tn\\\/fr\\\/wp-content\\\/uploads\\\/2025\\\/06\\\/Webdo-Tunisie_168377.jpg\",\"contentUrl\":\"https:\\\/\\\/www.webdo.tn\\\/fr\\\/wp-content\\\/uploads\\\/2025\\\/06\\\/Webdo-Tunisie_168377.jpg\",\"width\":301,\"height\":301,\"caption\":\"Webdo\"},\"image\":{\"@id\":\"https:\\\/\\\/www.webdo.tn\\\/fr\\\/#\\\/schema\\\/logo\\\/image\\\/\"},\"sameAs\":[\"https:\\\/\\\/www.facebook.com\\\/webdotn\",\"https:\\\/\\\/x.com\\\/webdo_tn\"],\"description\":\"Webdo est un m\u00e9dia num\u00e9rique tunisien fond\u00e9 en 2010, sp\u00e9cialis\u00e9 dans l\u2019actualit\u00e9 nationale et internationale, l\u2019\u00e9conomie, la soci\u00e9t\u00e9 et les analyses politiques. Le site s\u2019adresse \u00e0 un large public francophone et couvre l\u2019information tunisienne en temps r\u00e9el.\",\"email\":\"redac@webdo.tn\",\"legalName\":\"YNJ SARL\",\"foundingDate\":\"2010-09-06\",\"numberOfEmployees\":{\"@type\":\"QuantitativeValue\",\"minValue\":\"11\",\"maxValue\":\"50\"}},{\"@type\":\"Person\",\"@id\":\"https:\\\/\\\/www.webdo.tn\\\/fr\\\/#\\\/schema\\\/person\\\/f35b42a42c5e2511bbd282959d6385cc\",\"name\":\"CL\",\"image\":{\"@type\":\"ImageObject\",\"inLanguage\":\"fr-FR\",\"@id\":\"https:\\\/\\\/secure.gravatar.com\\\/avatar\\\/1447a49909b67aa657c488aec6512e1dd6143a480c1ecfee9b5b5cd74eb3b59e?s=96&d=mm&r=g\",\"url\":\"https:\\\/\\\/secure.gravatar.com\\\/avatar\\\/1447a49909b67aa657c488aec6512e1dd6143a480c1ecfee9b5b5cd74eb3b59e?s=96&d=mm&r=g\",\"contentUrl\":\"https:\\\/\\\/secure.gravatar.com\\\/avatar\\\/1447a49909b67aa657c488aec6512e1dd6143a480c1ecfee9b5b5cd74eb3b59e?s=96&d=mm&r=g\",\"caption\":\"CL\"},\"url\":\"https:\\\/\\\/www.webdo.tn\\\/fr\\\/actualite\\\/author\\\/cl\\\/\"}]}<\/script>\n<!-- \/ Yoast SEO Premium plugin. -->","yoast_head_json":{"title":"La Tunisie au sommet des BRICS en Afrique du Sud","description":"Le pr\u00e9sident de la R\u00e9publique, Kais Sa\u00efed, a re\u00e7u, ce vendredi 18 ao\u00fbt 2023, au palais de Carthage, le ministre des Affaires \u00e9trang\u00e8res, de l'Immigration et des...","canonical":"https:\/\/www.webdo.tn\/fr\/actualite\/national\/la-tunisie-au-sommet-des-brics-en-afrique-du-sud\/208045\/","og_locale":"fr_FR","og_type":"article","og_title":"La Tunisie au sommet des BRICS en Afrique du Sud","og_description":"Le pr\u00e9sident de la R\u00e9publique, Kais Sa\u00efed, a re\u00e7u, ce vendredi 18 ao\u00fbt 2023, au palais de Carthage, le ministre des Affaires \u00e9trang\u00e8res, de l'Immigration et des...","og_url":"https:\/\/www.webdo.tn\/fr\/actualite\/national\/la-tunisie-au-sommet-des-brics-en-afrique-du-sud\/208045\/","og_site_name":"webdo","article_publisher":"https:\/\/www.facebook.com\/webdotn","article_published_time":"2023-08-19T12:57:00+00:00","article_modified_time":"2025-05-20T22:51:29+00:00","og_image":[{"width":750,"height":400,"url":"https:\/\/www.webdo.tn\/fr\/wp-content\/uploads\/2023\/08\/ef89a3f68c80c2b3be9ae1fae21aa702.jpg","type":"image\/jpeg"}],"author":"CL","twitter_card":"summary_large_image","twitter_creator":"@webdo_tn","twitter_site":"@webdo_tn","twitter_misc":{"\u00c9crit par":"CL","Dur\u00e9e de lecture estim\u00e9e":"1 minute"},"schema":{"@context":"https:\/\/schema.org","@graph":[{"@type":"NewsArticle","@id":"https:\/\/www.webdo.tn\/fr\/actualite\/national\/la-tunisie-au-sommet-des-brics-en-afrique-du-sud\/208045\/#article","isPartOf":{"@id":"https:\/\/www.webdo.tn\/fr\/actualite\/national\/la-tunisie-au-sommet-des-brics-en-afrique-du-sud\/208045\/"},"author":{"name":"CL","@id":"https:\/\/www.webdo.tn\/fr\/#\/schema\/person\/f35b42a42c5e2511bbd282959d6385cc"},"headline":"La Tunisie au sommet des BRICS en Afrique du Sud","datePublished":"2023-08-19T12:57:00+00:00","dateModified":"2025-05-20T22:51:29+00:00","mainEntityOfPage":{"@id":"https:\/\/www.webdo.tn\/fr\/actualite\/national\/la-tunisie-au-sommet-des-brics-en-afrique-du-sud\/208045\/"},"wordCount":184,"commentCount":0,"publisher":{"@id":"https:\/\/www.webdo.tn\/fr\/#organization"},"image":{"@id":"https:\/\/www.webdo.tn\/fr\/actualite\/national\/la-tunisie-au-sommet-des-brics-en-afrique-du-sud\/208045\/#primaryimage"},"thumbnailUrl":"https:\/\/www.webdo.tn\/fr\/wp-content\/uploads\/2023\/08\/ef89a3f68c80c2b3be9ae1fae21aa702.jpg","keywords":["BRICS","sommet","Tunisie"],"articleSection":["National"],"inLanguage":"fr-FR"},{"@type":"WebPage","@id":"https:\/\/www.webdo.tn\/fr\/actualite\/national\/la-tunisie-au-sommet-des-brics-en-afrique-du-sud\/208045\/","url":"https:\/\/www.webdo.tn\/fr\/actualite\/national\/la-tunisie-au-sommet-des-brics-en-afrique-du-sud\/208045\/","name":"La Tunisie au sommet des BRICS en Afrique du Sud","isPartOf":{"@id":"https:\/\/www.webdo.tn\/fr\/#website"},"primaryImageOfPage":{"@id":"https:\/\/www.webdo.tn\/fr\/actualite\/national\/la-tunisie-au-sommet-des-brics-en-afrique-du-sud\/208045\/#primaryimage"},"image":{"@id":"https:\/\/www.webdo.tn\/fr\/actualite\/national\/la-tunisie-au-sommet-des-brics-en-afrique-du-sud\/208045\/#primaryimage"},"thumbnailUrl":"https:\/\/www.webdo.tn\/fr\/wp-content\/uploads\/2023\/08\/ef89a3f68c80c2b3be9ae1fae21aa702.jpg","datePublished":"2023-08-19T12:57:00+00:00","dateModified":"2025-05-20T22:51:29+00:00","description":"Le pr\u00e9sident de la R\u00e9publique, Kais Sa\u00efed, a re\u00e7u, ce vendredi 18 ao\u00fbt 2023, au palais de Carthage, le ministre des Affaires \u00e9trang\u00e8res, de l'Immigration et des...","breadcrumb":{"@id":"https:\/\/www.webdo.tn\/fr\/actualite\/national\/la-tunisie-au-sommet-des-brics-en-afrique-du-sud\/208045\/#breadcrumb"},"inLanguage":"fr-FR","potentialAction":[{"@type":"ReadAction","target":["https:\/\/www.webdo.tn\/fr\/actualite\/national\/la-tunisie-au-sommet-des-brics-en-afrique-du-sud\/208045\/"]}]},{"@type":"ImageObject","inLanguage":"fr-FR","@id":"https:\/\/www.webdo.tn\/fr\/actualite\/national\/la-tunisie-au-sommet-des-brics-en-afrique-du-sud\/208045\/#primaryimage","url":"https:\/\/www.webdo.tn\/fr\/wp-content\/uploads\/2023\/08\/ef89a3f68c80c2b3be9ae1fae21aa702.jpg","contentUrl":"https:\/\/www.webdo.tn\/fr\/wp-content\/uploads\/2023\/08\/ef89a3f68c80c2b3be9ae1fae21aa702.jpg","width":750,"height":400,"caption":"La Tunisie au sommet des BRICS en Afrique du Sud"},{"@type":"BreadcrumbList","@id":"https:\/\/www.webdo.tn\/fr\/actualite\/national\/la-tunisie-au-sommet-des-brics-en-afrique-du-sud\/208045\/#breadcrumb","itemListElement":[{"@type":"ListItem","position":1,"name":"Accueil","item":"https:\/\/www.webdo.tn\/fr\/"},{"@type":"ListItem","position":2,"name":"La Tunisie au sommet des BRICS en Afrique du Sud"}]},{"@type":"WebSite","@id":"https:\/\/www.webdo.tn\/fr\/#website","url":"https:\/\/www.webdo.tn\/fr\/","name":"webdo","description":"Tunisie - News en Tunisie et \u00e0 l&#039;international sur Webdo.tn","publisher":{"@id":"https:\/\/www.webdo.tn\/fr\/#organization"},"potentialAction":[{"@type":"SearchAction","target":{"@type":"EntryPoint","urlTemplate":"https:\/\/www.webdo.tn\/fr\/?s={search_term_string}"},"query-input":{"@type":"PropertyValueSpecification","valueRequired":true,"valueName":"search_term_string"}}],"inLanguage":"fr-FR"},{"@type":"Organization","@id":"https:\/\/www.webdo.tn\/fr\/#organization","name":"Webdo","alternateName":"Webdo.tn","url":"https:\/\/www.webdo.tn\/fr\/","logo":{"@type":"ImageObject","inLanguage":"fr-FR","@id":"https:\/\/www.webdo.tn\/fr\/#\/schema\/logo\/image\/","url":"https:\/\/www.webdo.tn\/fr\/wp-content\/uploads\/2025\/06\/Webdo-Tunisie_168377.jpg","contentUrl":"https:\/\/www.webdo.tn\/fr\/wp-content\/uploads\/2025\/06\/Webdo-Tunisie_168377.jpg","width":301,"height":301,"caption":"Webdo"},"image":{"@id":"https:\/\/www.webdo.tn\/fr\/#\/schema\/logo\/image\/"},"sameAs":["https:\/\/www.facebook.com\/webdotn","https:\/\/x.com\/webdo_tn"],"description":"Webdo est un m\u00e9dia num\u00e9rique tunisien fond\u00e9 en 2010, sp\u00e9cialis\u00e9 dans l\u2019actualit\u00e9 nationale et internationale, l\u2019\u00e9conomie, la soci\u00e9t\u00e9 et les analyses politiques. Le site s\u2019adresse \u00e0 un large public francophone et couvre l\u2019information tunisienne en temps r\u00e9el.","email":"redac@webdo.tn","legalName":"YNJ SARL","foundingDate":"2010-09-06","numberOfEmployees":{"@type":"QuantitativeValue","minValue":"11","maxValue":"50"}},{"@type":"Person","@id":"https:\/\/www.webdo.tn\/fr\/#\/schema\/person\/f35b42a42c5e2511bbd282959d6385cc","name":"CL","image":{"@type":"ImageObject","inLanguage":"fr-FR","@id":"https:\/\/secure.gravatar.com\/avatar\/1447a49909b67aa657c488aec6512e1dd6143a480c1ecfee9b5b5cd74eb3b59e?s=96&d=mm&r=g","url":"https:\/\/secure.gravatar.com\/avatar\/1447a49909b67aa657c488aec6512e1dd6143a480c1ecfee9b5b5cd74eb3b59e?s=96&d=mm&r=g","contentUrl":"https:\/\/secure.gravatar.com\/avatar\/1447a49909b67aa657c488aec6512e1dd6143a480c1ecfee9b5b5cd74eb3b59e?s=96&d=mm&r=g","caption":"CL"},"url":"https:\/\/www.webdo.tn\/fr\/actualite\/author\/cl\/"}]}},"_links":{"self":[{"href":"https:\/\/www.webdo.tn\/fr\/wp-json\/wp\/v2\/posts\/208045","targetHints":{"allow":["GET"]}}],"collection":[{"href":"https:\/\/www.webdo.tn\/fr\/wp-json\/wp\/v2\/posts"}],"about":[{"href":"https:\/\/www.webdo.tn\/fr\/wp-json\/wp\/v2\/types\/post"}],"author":[{"embeddable":true,"href":"https:\/\/www.webdo.tn\/fr\/wp-json\/wp\/v2\/users\/3175"}],"replies":[{"embeddable":true,"href":"https:\/\/www.webdo.tn\/fr\/wp-json\/wp\/v2\/comments?post=208045"}],"version-history":[{"count":0,"href":"https:\/\/www.webdo.tn\/fr\/wp-json\/wp\/v2\/posts\/208045\/revisions"}],"wp:featuredmedia":[{"embeddable":true,"href":"https:\/\/www.webdo.tn\/fr\/wp-json\/wp\/v2\/media\/278621"}],"wp:attachment":[{"href":"https:\/\/www.webdo.tn\/fr\/wp-json\/wp\/v2\/media?parent=208045"}],"wp:term":[{"taxonomy":"category","embeddable":true,"href":"https:\/\/www.webdo.tn\/fr\/wp-json\/wp\/v2\/categories?post=208045"},{"taxonomy":"post_tag","embeddable":true,"href":"https:\/\/www.webdo.tn\/fr\/wp-json\/wp\/v2\/tags?post=208045"}],"curies":[{"name":"wp","href":"https:\/\/api.w.org\/{rel}","templated":true}]}}