{"id":208033,"date":"2023-08-18T20:20:00","date_gmt":"2023-08-18T20:20:00","guid":{"rendered":"https:\/\/www.webdo.tn\/fr\/blog\/l-amt-appelle-a-l-arret-des-poursuites-contre-anas-hmedi\/208033\/"},"modified":"2025-05-17T21:11:55","modified_gmt":"2025-05-17T21:11:55","slug":"l-amt-appelle-a-l-arret-des-poursuites-contre-anas-hmedi","status":"publish","type":"post","link":"https:\/\/www.webdo.tn\/fr\/actualite\/national\/l-amt-appelle-a-l-arret-des-poursuites-contre-anas-hmedi\/208033\/","title":{"rendered":"L&rsquo;AMT appelle \u00e0 l&rsquo;arr\u00eat des poursuites contre Anas Hmedi"},"content":{"rendered":"<p>L&rsquo;Association des magistrats tunisiens (AMT) a appel\u00e9, dans un communiqu\u00e9 publi\u00e9 ce vendredi 18 ao\u00fbt sur sa page Facebook,  \u00e0 l&rsquo;arr\u00eat des poursuites disciplinaires et p\u00e9nales contre son pr\u00e9sident, Anas Hmedi.<\/p>\n<p>\t\t\t\t\t\t\t\t\tL&rsquo;AMT annonce \u00e9galement, dans ce m\u00eame communiqu\u00e9,\u00a0l&rsquo;organisation, lundi 21 ao\u00fbt, d&rsquo;une manifestation de solidarit\u00e9 avec son pr\u00e9sident devant le si\u00e8ge du tribunal de premi\u00e8re instance du Kef, o\u00f9 il va compara\u00eetre,\u00a0allant m\u00eame \u00e0 proposer d&rsquo;\u00e9ventuels moyens de transport \u00e0 la disposition de toute \u00a0personne d\u00e9sirant \u00eatre pr\u00e9sent.<\/p>\n<p>Il est \u00e0 rappeler que\u00a0le pr\u00e9sident de l&rsquo;Association des magistrats tunisiens (AMT), Anas Hmedi, est accus\u00e9 de tenter sciemment \u00ab\u00a0d&rsquo;entraver la libert\u00e9 du travail\u00a0\u00bb lors du mouvement contestataire des magistrats contre la r\u00e9vocation de leurs coll\u00e8gues en date du 1e juin 2022<\/p>\n","protected":false},"excerpt":{"rendered":"<p>L&rsquo;Association des magistrats tunisiens (AMT) a appel\u00e9, dans un communiqu\u00e9 publi\u00e9 ce vendredi 18 ao\u00fbt sur sa page Facebook,  \u00e0 l&rsquo;arr\u00eat des poursuites disciplinai&#8230;<\/p>\n","protected":false},"author":3169,"featured_media":278610,"comment_status":"open","ping_status":"closed","sticky":false,"template":"","format":"standard","meta":{"footnotes":""},"categories":[44],"tags":[8049,9661,7916,2608],"class_list":["post-208033","post","type-post","status-publish","format-standard","has-post-thumbnail","hentry","category-national","tag-amt","tag-anas-hmedi","tag-magistrats","tag-tunisie"],"yoast_head":"<!-- This site is optimized with the Yoast SEO Premium plugin v27.5 (Yoast SEO v27.5) - https:\/\/yoast.com\/product\/yoast-seo-premium-wordpress\/ -->\n<title>L&#039;AMT appelle \u00e0 l&#039;arr\u00eat des poursuites contre Anas Hmedi<\/title>\n<meta name=\"description\" content=\"L&#039;Association des magistrats tunisiens (AMT) a appel\u00e9, dans un communiqu\u00e9 publi\u00e9 ce vendredi 18 ao\u00fbt sur sa page Facebook, \u00e0 l&#039;arr\u00eat des poursuites disciplinai...\" \/>\n<link rel=\"canonical\" href=\"https:\/\/www.webdo.tn\/fr\/actualite\/national\/l-amt-appelle-a-l-arret-des-poursuites-contre-anas-hmedi\/208033\/\" \/>\n<meta property=\"og:locale\" content=\"fr_FR\" \/>\n<meta property=\"og:type\" content=\"article\" \/>\n<meta property=\"og:title\" content=\"L&#039;AMT appelle \u00e0 l&#039;arr\u00eat des poursuites contre Anas Hmedi\" \/>\n<meta property=\"og:description\" content=\"L&#039;Association des magistrats tunisiens (AMT) a appel\u00e9, dans un communiqu\u00e9 publi\u00e9 ce vendredi 18 ao\u00fbt sur sa page Facebook, \u00e0 l&#039;arr\u00eat des poursuites disciplinai...\" \/>\n<meta property=\"og:url\" content=\"https:\/\/www.webdo.tn\/fr\/actualite\/national\/l-amt-appelle-a-l-arret-des-poursuites-contre-anas-hmedi\/208033\/\" \/>\n<meta property=\"og:site_name\" content=\"webdo\" \/>\n<meta property=\"article:publisher\" content=\"https:\/\/www.facebook.com\/webdotn\" \/>\n<meta property=\"article:published_time\" content=\"2023-08-18T20:20:00+00:00\" \/>\n<meta property=\"article:modified_time\" content=\"2025-05-17T21:11:55+00:00\" \/>\n<meta property=\"og:image\" content=\"https:\/\/www.webdo.tn\/fr\/wp-content\/uploads\/2023\/08\/f25c32db536ef638c555538aca3fb1f9.jpg\" \/>\n\t<meta property=\"og:image:width\" content=\"750\" \/>\n\t<meta property=\"og:image:height\" content=\"400\" \/>\n\t<meta property=\"og:image:type\" content=\"image\/jpeg\" \/>\n<meta name=\"author\" content=\"Webdo\" \/>\n<meta name=\"twitter:card\" content=\"summary_large_image\" \/>\n<meta name=\"twitter:creator\" content=\"@webdo_tn\" \/>\n<meta name=\"twitter:site\" content=\"@webdo_tn\" \/>\n<meta name=\"twitter:label1\" content=\"\u00c9crit par\" \/>\n\t<meta name=\"twitter:data1\" content=\"Webdo\" \/>\n\t<meta name=\"twitter:label2\" content=\"Dur\u00e9e de lecture estim\u00e9e\" \/>\n\t<meta name=\"twitter:data2\" content=\"1 minute\" \/>\n<script type=\"application\/ld+json\" class=\"yoast-schema-graph\">{\"@context\":\"https:\\\/\\\/schema.org\",\"@graph\":[{\"@type\":\"NewsArticle\",\"@id\":\"https:\\\/\\\/www.webdo.tn\\\/fr\\\/actualite\\\/national\\\/l-amt-appelle-a-l-arret-des-poursuites-contre-anas-hmedi\\\/208033\\\/#article\",\"isPartOf\":{\"@id\":\"https:\\\/\\\/www.webdo.tn\\\/fr\\\/actualite\\\/national\\\/l-amt-appelle-a-l-arret-des-poursuites-contre-anas-hmedi\\\/208033\\\/\"},\"author\":{\"name\":\"Webdo\",\"@id\":\"https:\\\/\\\/www.webdo.tn\\\/fr\\\/#\\\/schema\\\/person\\\/1f4e491e0907b413d61089e8eb573acc\"},\"headline\":\"L&rsquo;AMT appelle \u00e0 l&rsquo;arr\u00eat des poursuites contre Anas Hmedi\",\"datePublished\":\"2023-08-18T20:20:00+00:00\",\"dateModified\":\"2025-05-17T21:11:55+00:00\",\"mainEntityOfPage\":{\"@id\":\"https:\\\/\\\/www.webdo.tn\\\/fr\\\/actualite\\\/national\\\/l-amt-appelle-a-l-arret-des-poursuites-contre-anas-hmedi\\\/208033\\\/\"},\"wordCount\":151,\"commentCount\":0,\"publisher\":{\"@id\":\"https:\\\/\\\/www.webdo.tn\\\/fr\\\/#organization\"},\"image\":{\"@id\":\"https:\\\/\\\/www.webdo.tn\\\/fr\\\/actualite\\\/national\\\/l-amt-appelle-a-l-arret-des-poursuites-contre-anas-hmedi\\\/208033\\\/#primaryimage\"},\"thumbnailUrl\":\"https:\\\/\\\/www.webdo.tn\\\/fr\\\/wp-content\\\/uploads\\\/2023\\\/08\\\/f25c32db536ef638c555538aca3fb1f9.jpg\",\"keywords\":[\"AMT\",\"anas hmedi\",\"magistrats\",\"Tunisie\"],\"articleSection\":[\"National\"],\"inLanguage\":\"fr-FR\"},{\"@type\":\"WebPage\",\"@id\":\"https:\\\/\\\/www.webdo.tn\\\/fr\\\/actualite\\\/national\\\/l-amt-appelle-a-l-arret-des-poursuites-contre-anas-hmedi\\\/208033\\\/\",\"url\":\"https:\\\/\\\/www.webdo.tn\\\/fr\\\/actualite\\\/national\\\/l-amt-appelle-a-l-arret-des-poursuites-contre-anas-hmedi\\\/208033\\\/\",\"name\":\"L'AMT appelle \u00e0 l'arr\u00eat des poursuites contre Anas Hmedi\",\"isPartOf\":{\"@id\":\"https:\\\/\\\/www.webdo.tn\\\/fr\\\/#website\"},\"primaryImageOfPage\":{\"@id\":\"https:\\\/\\\/www.webdo.tn\\\/fr\\\/actualite\\\/national\\\/l-amt-appelle-a-l-arret-des-poursuites-contre-anas-hmedi\\\/208033\\\/#primaryimage\"},\"image\":{\"@id\":\"https:\\\/\\\/www.webdo.tn\\\/fr\\\/actualite\\\/national\\\/l-amt-appelle-a-l-arret-des-poursuites-contre-anas-hmedi\\\/208033\\\/#primaryimage\"},\"thumbnailUrl\":\"https:\\\/\\\/www.webdo.tn\\\/fr\\\/wp-content\\\/uploads\\\/2023\\\/08\\\/f25c32db536ef638c555538aca3fb1f9.jpg\",\"datePublished\":\"2023-08-18T20:20:00+00:00\",\"dateModified\":\"2025-05-17T21:11:55+00:00\",\"description\":\"L'Association des magistrats tunisiens (AMT) a appel\u00e9, dans un communiqu\u00e9 publi\u00e9 ce vendredi 18 ao\u00fbt sur sa page Facebook, \u00e0 l'arr\u00eat des poursuites disciplinai...\",\"breadcrumb\":{\"@id\":\"https:\\\/\\\/www.webdo.tn\\\/fr\\\/actualite\\\/national\\\/l-amt-appelle-a-l-arret-des-poursuites-contre-anas-hmedi\\\/208033\\\/#breadcrumb\"},\"inLanguage\":\"fr-FR\",\"potentialAction\":[{\"@type\":\"ReadAction\",\"target\":[\"https:\\\/\\\/www.webdo.tn\\\/fr\\\/actualite\\\/national\\\/l-amt-appelle-a-l-arret-des-poursuites-contre-anas-hmedi\\\/208033\\\/\"]}]},{\"@type\":\"ImageObject\",\"inLanguage\":\"fr-FR\",\"@id\":\"https:\\\/\\\/www.webdo.tn\\\/fr\\\/actualite\\\/national\\\/l-amt-appelle-a-l-arret-des-poursuites-contre-anas-hmedi\\\/208033\\\/#primaryimage\",\"url\":\"https:\\\/\\\/www.webdo.tn\\\/fr\\\/wp-content\\\/uploads\\\/2023\\\/08\\\/f25c32db536ef638c555538aca3fb1f9.jpg\",\"contentUrl\":\"https:\\\/\\\/www.webdo.tn\\\/fr\\\/wp-content\\\/uploads\\\/2023\\\/08\\\/f25c32db536ef638c555538aca3fb1f9.jpg\",\"width\":750,\"height\":400,\"caption\":\"L'AMT appelle \u00e0 l'arr\u00eat des poursuites contre Anas Hmedi\"},{\"@type\":\"BreadcrumbList\",\"@id\":\"https:\\\/\\\/www.webdo.tn\\\/fr\\\/actualite\\\/national\\\/l-amt-appelle-a-l-arret-des-poursuites-contre-anas-hmedi\\\/208033\\\/#breadcrumb\",\"itemListElement\":[{\"@type\":\"ListItem\",\"position\":1,\"name\":\"Accueil\",\"item\":\"https:\\\/\\\/www.webdo.tn\\\/fr\\\/\"},{\"@type\":\"ListItem\",\"position\":2,\"name\":\"L&rsquo;AMT appelle \u00e0 l&rsquo;arr\u00eat des poursuites contre Anas Hmedi\"}]},{\"@type\":\"WebSite\",\"@id\":\"https:\\\/\\\/www.webdo.tn\\\/fr\\\/#website\",\"url\":\"https:\\\/\\\/www.webdo.tn\\\/fr\\\/\",\"name\":\"webdo\",\"description\":\"Tunisie - News en Tunisie et \u00e0 l&#039;international sur Webdo.tn\",\"publisher\":{\"@id\":\"https:\\\/\\\/www.webdo.tn\\\/fr\\\/#organization\"},\"potentialAction\":[{\"@type\":\"SearchAction\",\"target\":{\"@type\":\"EntryPoint\",\"urlTemplate\":\"https:\\\/\\\/www.webdo.tn\\\/fr\\\/?s={search_term_string}\"},\"query-input\":{\"@type\":\"PropertyValueSpecification\",\"valueRequired\":true,\"valueName\":\"search_term_string\"}}],\"inLanguage\":\"fr-FR\"},{\"@type\":\"Organization\",\"@id\":\"https:\\\/\\\/www.webdo.tn\\\/fr\\\/#organization\",\"name\":\"Webdo\",\"alternateName\":\"Webdo.tn\",\"url\":\"https:\\\/\\\/www.webdo.tn\\\/fr\\\/\",\"logo\":{\"@type\":\"ImageObject\",\"inLanguage\":\"fr-FR\",\"@id\":\"https:\\\/\\\/www.webdo.tn\\\/fr\\\/#\\\/schema\\\/logo\\\/image\\\/\",\"url\":\"https:\\\/\\\/www.webdo.tn\\\/fr\\\/wp-content\\\/uploads\\\/2025\\\/06\\\/Webdo-Tunisie_168377.jpg\",\"contentUrl\":\"https:\\\/\\\/www.webdo.tn\\\/fr\\\/wp-content\\\/uploads\\\/2025\\\/06\\\/Webdo-Tunisie_168377.jpg\",\"width\":301,\"height\":301,\"caption\":\"Webdo\"},\"image\":{\"@id\":\"https:\\\/\\\/www.webdo.tn\\\/fr\\\/#\\\/schema\\\/logo\\\/image\\\/\"},\"sameAs\":[\"https:\\\/\\\/www.facebook.com\\\/webdotn\",\"https:\\\/\\\/x.com\\\/webdo_tn\"],\"description\":\"Webdo est un m\u00e9dia num\u00e9rique tunisien fond\u00e9 en 2010, sp\u00e9cialis\u00e9 dans l\u2019actualit\u00e9 nationale et internationale, l\u2019\u00e9conomie, la soci\u00e9t\u00e9 et les analyses politiques. Le site s\u2019adresse \u00e0 un large public francophone et couvre l\u2019information tunisienne en temps r\u00e9el.\",\"email\":\"redac@webdo.tn\",\"legalName\":\"YNJ SARL\",\"foundingDate\":\"2010-09-06\",\"numberOfEmployees\":{\"@type\":\"QuantitativeValue\",\"minValue\":\"11\",\"maxValue\":\"50\"}},{\"@type\":\"Person\",\"@id\":\"https:\\\/\\\/www.webdo.tn\\\/fr\\\/#\\\/schema\\\/person\\\/1f4e491e0907b413d61089e8eb573acc\",\"name\":\"Webdo\",\"image\":{\"@type\":\"ImageObject\",\"inLanguage\":\"fr-FR\",\"@id\":\"https:\\\/\\\/secure.gravatar.com\\\/avatar\\\/de97aeec1bb80978a9dbb127e47dfc88aaacb2f3c29aac907d8d3222e3495d49?s=96&d=mm&r=g\",\"url\":\"https:\\\/\\\/secure.gravatar.com\\\/avatar\\\/de97aeec1bb80978a9dbb127e47dfc88aaacb2f3c29aac907d8d3222e3495d49?s=96&d=mm&r=g\",\"contentUrl\":\"https:\\\/\\\/secure.gravatar.com\\\/avatar\\\/de97aeec1bb80978a9dbb127e47dfc88aaacb2f3c29aac907d8d3222e3495d49?s=96&d=mm&r=g\",\"caption\":\"Webdo\"},\"url\":\"https:\\\/\\\/www.webdo.tn\\\/fr\\\/actualite\\\/author\\\/webdo\\\/\"}]}<\/script>\n<!-- \/ Yoast SEO Premium plugin. -->","yoast_head_json":{"title":"L'AMT appelle \u00e0 l'arr\u00eat des poursuites contre Anas Hmedi","description":"L'Association des magistrats tunisiens (AMT) a appel\u00e9, dans un communiqu\u00e9 publi\u00e9 ce vendredi 18 ao\u00fbt sur sa page Facebook, \u00e0 l'arr\u00eat des poursuites disciplinai...","canonical":"https:\/\/www.webdo.tn\/fr\/actualite\/national\/l-amt-appelle-a-l-arret-des-poursuites-contre-anas-hmedi\/208033\/","og_locale":"fr_FR","og_type":"article","og_title":"L'AMT appelle \u00e0 l'arr\u00eat des poursuites contre Anas Hmedi","og_description":"L'Association des magistrats tunisiens (AMT) a appel\u00e9, dans un communiqu\u00e9 publi\u00e9 ce vendredi 18 ao\u00fbt sur sa page Facebook, \u00e0 l'arr\u00eat des poursuites disciplinai...","og_url":"https:\/\/www.webdo.tn\/fr\/actualite\/national\/l-amt-appelle-a-l-arret-des-poursuites-contre-anas-hmedi\/208033\/","og_site_name":"webdo","article_publisher":"https:\/\/www.facebook.com\/webdotn","article_published_time":"2023-08-18T20:20:00+00:00","article_modified_time":"2025-05-17T21:11:55+00:00","og_image":[{"width":750,"height":400,"url":"https:\/\/www.webdo.tn\/fr\/wp-content\/uploads\/2023\/08\/f25c32db536ef638c555538aca3fb1f9.jpg","type":"image\/jpeg"}],"author":"Webdo","twitter_card":"summary_large_image","twitter_creator":"@webdo_tn","twitter_site":"@webdo_tn","twitter_misc":{"\u00c9crit par":"Webdo","Dur\u00e9e de lecture estim\u00e9e":"1 minute"},"schema":{"@context":"https:\/\/schema.org","@graph":[{"@type":"NewsArticle","@id":"https:\/\/www.webdo.tn\/fr\/actualite\/national\/l-amt-appelle-a-l-arret-des-poursuites-contre-anas-hmedi\/208033\/#article","isPartOf":{"@id":"https:\/\/www.webdo.tn\/fr\/actualite\/national\/l-amt-appelle-a-l-arret-des-poursuites-contre-anas-hmedi\/208033\/"},"author":{"name":"Webdo","@id":"https:\/\/www.webdo.tn\/fr\/#\/schema\/person\/1f4e491e0907b413d61089e8eb573acc"},"headline":"L&rsquo;AMT appelle \u00e0 l&rsquo;arr\u00eat des poursuites contre Anas Hmedi","datePublished":"2023-08-18T20:20:00+00:00","dateModified":"2025-05-17T21:11:55+00:00","mainEntityOfPage":{"@id":"https:\/\/www.webdo.tn\/fr\/actualite\/national\/l-amt-appelle-a-l-arret-des-poursuites-contre-anas-hmedi\/208033\/"},"wordCount":151,"commentCount":0,"publisher":{"@id":"https:\/\/www.webdo.tn\/fr\/#organization"},"image":{"@id":"https:\/\/www.webdo.tn\/fr\/actualite\/national\/l-amt-appelle-a-l-arret-des-poursuites-contre-anas-hmedi\/208033\/#primaryimage"},"thumbnailUrl":"https:\/\/www.webdo.tn\/fr\/wp-content\/uploads\/2023\/08\/f25c32db536ef638c555538aca3fb1f9.jpg","keywords":["AMT","anas hmedi","magistrats","Tunisie"],"articleSection":["National"],"inLanguage":"fr-FR"},{"@type":"WebPage","@id":"https:\/\/www.webdo.tn\/fr\/actualite\/national\/l-amt-appelle-a-l-arret-des-poursuites-contre-anas-hmedi\/208033\/","url":"https:\/\/www.webdo.tn\/fr\/actualite\/national\/l-amt-appelle-a-l-arret-des-poursuites-contre-anas-hmedi\/208033\/","name":"L'AMT appelle \u00e0 l'arr\u00eat des poursuites contre Anas Hmedi","isPartOf":{"@id":"https:\/\/www.webdo.tn\/fr\/#website"},"primaryImageOfPage":{"@id":"https:\/\/www.webdo.tn\/fr\/actualite\/national\/l-amt-appelle-a-l-arret-des-poursuites-contre-anas-hmedi\/208033\/#primaryimage"},"image":{"@id":"https:\/\/www.webdo.tn\/fr\/actualite\/national\/l-amt-appelle-a-l-arret-des-poursuites-contre-anas-hmedi\/208033\/#primaryimage"},"thumbnailUrl":"https:\/\/www.webdo.tn\/fr\/wp-content\/uploads\/2023\/08\/f25c32db536ef638c555538aca3fb1f9.jpg","datePublished":"2023-08-18T20:20:00+00:00","dateModified":"2025-05-17T21:11:55+00:00","description":"L'Association des magistrats tunisiens (AMT) a appel\u00e9, dans un communiqu\u00e9 publi\u00e9 ce vendredi 18 ao\u00fbt sur sa page Facebook, \u00e0 l'arr\u00eat des poursuites disciplinai...","breadcrumb":{"@id":"https:\/\/www.webdo.tn\/fr\/actualite\/national\/l-amt-appelle-a-l-arret-des-poursuites-contre-anas-hmedi\/208033\/#breadcrumb"},"inLanguage":"fr-FR","potentialAction":[{"@type":"ReadAction","target":["https:\/\/www.webdo.tn\/fr\/actualite\/national\/l-amt-appelle-a-l-arret-des-poursuites-contre-anas-hmedi\/208033\/"]}]},{"@type":"ImageObject","inLanguage":"fr-FR","@id":"https:\/\/www.webdo.tn\/fr\/actualite\/national\/l-amt-appelle-a-l-arret-des-poursuites-contre-anas-hmedi\/208033\/#primaryimage","url":"https:\/\/www.webdo.tn\/fr\/wp-content\/uploads\/2023\/08\/f25c32db536ef638c555538aca3fb1f9.jpg","contentUrl":"https:\/\/www.webdo.tn\/fr\/wp-content\/uploads\/2023\/08\/f25c32db536ef638c555538aca3fb1f9.jpg","width":750,"height":400,"caption":"L'AMT appelle \u00e0 l'arr\u00eat des poursuites contre Anas Hmedi"},{"@type":"BreadcrumbList","@id":"https:\/\/www.webdo.tn\/fr\/actualite\/national\/l-amt-appelle-a-l-arret-des-poursuites-contre-anas-hmedi\/208033\/#breadcrumb","itemListElement":[{"@type":"ListItem","position":1,"name":"Accueil","item":"https:\/\/www.webdo.tn\/fr\/"},{"@type":"ListItem","position":2,"name":"L&rsquo;AMT appelle \u00e0 l&rsquo;arr\u00eat des poursuites contre Anas Hmedi"}]},{"@type":"WebSite","@id":"https:\/\/www.webdo.tn\/fr\/#website","url":"https:\/\/www.webdo.tn\/fr\/","name":"webdo","description":"Tunisie - News en Tunisie et \u00e0 l&#039;international sur Webdo.tn","publisher":{"@id":"https:\/\/www.webdo.tn\/fr\/#organization"},"potentialAction":[{"@type":"SearchAction","target":{"@type":"EntryPoint","urlTemplate":"https:\/\/www.webdo.tn\/fr\/?s={search_term_string}"},"query-input":{"@type":"PropertyValueSpecification","valueRequired":true,"valueName":"search_term_string"}}],"inLanguage":"fr-FR"},{"@type":"Organization","@id":"https:\/\/www.webdo.tn\/fr\/#organization","name":"Webdo","alternateName":"Webdo.tn","url":"https:\/\/www.webdo.tn\/fr\/","logo":{"@type":"ImageObject","inLanguage":"fr-FR","@id":"https:\/\/www.webdo.tn\/fr\/#\/schema\/logo\/image\/","url":"https:\/\/www.webdo.tn\/fr\/wp-content\/uploads\/2025\/06\/Webdo-Tunisie_168377.jpg","contentUrl":"https:\/\/www.webdo.tn\/fr\/wp-content\/uploads\/2025\/06\/Webdo-Tunisie_168377.jpg","width":301,"height":301,"caption":"Webdo"},"image":{"@id":"https:\/\/www.webdo.tn\/fr\/#\/schema\/logo\/image\/"},"sameAs":["https:\/\/www.facebook.com\/webdotn","https:\/\/x.com\/webdo_tn"],"description":"Webdo est un m\u00e9dia num\u00e9rique tunisien fond\u00e9 en 2010, sp\u00e9cialis\u00e9 dans l\u2019actualit\u00e9 nationale et internationale, l\u2019\u00e9conomie, la soci\u00e9t\u00e9 et les analyses politiques. Le site s\u2019adresse \u00e0 un large public francophone et couvre l\u2019information tunisienne en temps r\u00e9el.","email":"redac@webdo.tn","legalName":"YNJ SARL","foundingDate":"2010-09-06","numberOfEmployees":{"@type":"QuantitativeValue","minValue":"11","maxValue":"50"}},{"@type":"Person","@id":"https:\/\/www.webdo.tn\/fr\/#\/schema\/person\/1f4e491e0907b413d61089e8eb573acc","name":"Webdo","image":{"@type":"ImageObject","inLanguage":"fr-FR","@id":"https:\/\/secure.gravatar.com\/avatar\/de97aeec1bb80978a9dbb127e47dfc88aaacb2f3c29aac907d8d3222e3495d49?s=96&d=mm&r=g","url":"https:\/\/secure.gravatar.com\/avatar\/de97aeec1bb80978a9dbb127e47dfc88aaacb2f3c29aac907d8d3222e3495d49?s=96&d=mm&r=g","contentUrl":"https:\/\/secure.gravatar.com\/avatar\/de97aeec1bb80978a9dbb127e47dfc88aaacb2f3c29aac907d8d3222e3495d49?s=96&d=mm&r=g","caption":"Webdo"},"url":"https:\/\/www.webdo.tn\/fr\/actualite\/author\/webdo\/"}]}},"_links":{"self":[{"href":"https:\/\/www.webdo.tn\/fr\/wp-json\/wp\/v2\/posts\/208033","targetHints":{"allow":["GET"]}}],"collection":[{"href":"https:\/\/www.webdo.tn\/fr\/wp-json\/wp\/v2\/posts"}],"about":[{"href":"https:\/\/www.webdo.tn\/fr\/wp-json\/wp\/v2\/types\/post"}],"author":[{"embeddable":true,"href":"https:\/\/www.webdo.tn\/fr\/wp-json\/wp\/v2\/users\/3169"}],"replies":[{"embeddable":true,"href":"https:\/\/www.webdo.tn\/fr\/wp-json\/wp\/v2\/comments?post=208033"}],"version-history":[{"count":0,"href":"https:\/\/www.webdo.tn\/fr\/wp-json\/wp\/v2\/posts\/208033\/revisions"}],"wp:featuredmedia":[{"embeddable":true,"href":"https:\/\/www.webdo.tn\/fr\/wp-json\/wp\/v2\/media\/278610"}],"wp:attachment":[{"href":"https:\/\/www.webdo.tn\/fr\/wp-json\/wp\/v2\/media?parent=208033"}],"wp:term":[{"taxonomy":"category","embeddable":true,"href":"https:\/\/www.webdo.tn\/fr\/wp-json\/wp\/v2\/categories?post=208033"},{"taxonomy":"post_tag","embeddable":true,"href":"https:\/\/www.webdo.tn\/fr\/wp-json\/wp\/v2\/tags?post=208033"}],"curies":[{"name":"wp","href":"https:\/\/api.w.org\/{rel}","templated":true}]}}