{"id":208016,"date":"2023-08-18T11:35:00","date_gmt":"2023-08-18T11:35:00","guid":{"rendered":"https:\/\/www.webdo.tn\/fr\/blog\/anas-hmeidi-devant-l-instruction\/208016\/"},"modified":"2025-05-20T22:41:35","modified_gmt":"2025-05-20T22:41:35","slug":"anas-hmeidi-devant-l-instruction","status":"publish","type":"post","link":"https:\/\/www.webdo.tn\/fr\/actualite\/national\/anas-hmeidi-devant-l-instruction\/208016\/","title":{"rendered":"Anas Hmeidi devant l&rsquo;instruction"},"content":{"rendered":"<p>Le pr\u00e9sident de l&rsquo;Association des magistrats tunisiens, Anas Hmeidi, compara\u00eetra, le 21 ao\u00fbt 2023, devant le juge d&rsquo;instruction pr\u00e8s le Tribunal de premi\u00e8re instance du Kef, dans le cadre d&rsquo;une affaire qualifi\u00e9e \u00a0\u00bb d&rsquo;entrave \u00e0 la libert\u00e9 du travail \u00ab\u00a0, affirment, vendredi, des organisations de la soci\u00e9t\u00e9 civile.<\/p>\n<p>\t\t\t\t\t\t\t\t\tDans une d\u00e9claration publi\u00e9e vendredi, ces organisations r\u00e9clament l&rsquo;abandon de toutes les accusations qui p\u00e8sent sur Anas Hmedi et l&rsquo;arr\u00eat des proc\u00e9dures judiciaires engag\u00e9es \u00e0 son encontre.<\/p>\n<p>D&rsquo;apr\u00e8s les organisations signataires, le Conseil sup\u00e9rieur provisoire de la magistrature a lev\u00e9 l&rsquo;immunit\u00e9 du pr\u00e9sident de l&rsquo;AMT pour les recherches dans un crime d&rsquo;entrave \u00e0 la libert\u00e9 du travail, et ce apr\u00e8s la gr\u00e8ve des magistrats et les protestations observ\u00e9es par l&rsquo;AMT contre la d\u00e9cision de r\u00e9vocation de 57 juges.<\/p>\n<p>Selon ces organisations, Anas Hmedi a \u00e9t\u00e9 convoqu\u00e9 \u00e0 maintes reprises, l&rsquo;ann\u00e9e derni\u00e8re, par l&rsquo;Inspection g\u00e9n\u00e9rale relevant du minist\u00e8re de l&rsquo;Int\u00e9rieur et compara\u00eetra, au mois de septembre, devant le conseil de discipline du CSM provisoire.<\/p>\n<p>Plusieurs organisations de la soci\u00e9t\u00e9 civile et structures syndicales ont sign\u00e9 la d\u00e9claration, dont la Ligue tunisienne des droits de l&rsquo;Homme, le Syndicat national des journalistes tunisiens, I Watch et l&rsquo;Organisation tunisienne de lutte contre la torture.<\/p>\n","protected":false},"excerpt":{"rendered":"<p>Le pr\u00e9sident de l&rsquo;Association des magistrats tunisiens, Anas Hmeidi, compara\u00eetra, le 21 ao\u00fbt 2023, devant le juge d&rsquo;instruction pr\u00e8s le Tribunal de premi\u00e8re ins&#8230;<\/p>\n","protected":false},"author":3175,"featured_media":249515,"comment_status":"open","ping_status":"closed","sticky":false,"template":"","format":"standard","meta":{"footnotes":""},"categories":[44],"tags":[8049,2619,2608],"class_list":["post-208016","post","type-post","status-publish","format-standard","has-post-thumbnail","hentry","category-national","tag-amt","tag-justice","tag-tunisie"],"yoast_head":"<!-- This site is optimized with the Yoast SEO Premium plugin v27.5 (Yoast SEO v27.5) - https:\/\/yoast.com\/product\/yoast-seo-premium-wordpress\/ -->\n<title>Anas Hmeidi devant l&#039;instruction<\/title>\n<meta name=\"description\" content=\"Le pr\u00e9sident de l&#039;Association des magistrats tunisiens, Anas Hmeidi, compara\u00eetra, le 21 ao\u00fbt 2023, devant le juge d&#039;instruction pr\u00e8s le Tribunal de premi\u00e8re ins...\" \/>\n<link rel=\"canonical\" href=\"https:\/\/www.webdo.tn\/fr\/actualite\/national\/anas-hmeidi-devant-l-instruction\/208016\/\" \/>\n<meta property=\"og:locale\" content=\"fr_FR\" \/>\n<meta property=\"og:type\" content=\"article\" \/>\n<meta property=\"og:title\" content=\"Anas Hmeidi devant l&#039;instruction\" \/>\n<meta property=\"og:description\" content=\"Le pr\u00e9sident de l&#039;Association des magistrats tunisiens, Anas Hmeidi, compara\u00eetra, le 21 ao\u00fbt 2023, devant le juge d&#039;instruction pr\u00e8s le Tribunal de premi\u00e8re ins...\" \/>\n<meta property=\"og:url\" content=\"https:\/\/www.webdo.tn\/fr\/actualite\/national\/anas-hmeidi-devant-l-instruction\/208016\/\" \/>\n<meta property=\"og:site_name\" content=\"webdo\" \/>\n<meta property=\"article:publisher\" content=\"https:\/\/www.facebook.com\/webdotn\" \/>\n<meta property=\"article:published_time\" content=\"2023-08-18T11:35:00+00:00\" \/>\n<meta property=\"article:modified_time\" content=\"2025-05-20T22:41:35+00:00\" \/>\n<meta property=\"og:image\" content=\"https:\/\/www.webdo.tn\/fr\/wp-content\/uploads\/2023\/08\/aee5e1e86893c330ccb43e6c57651926.jpg\" \/>\n\t<meta property=\"og:image:width\" content=\"750\" \/>\n\t<meta property=\"og:image:height\" content=\"400\" \/>\n\t<meta property=\"og:image:type\" content=\"image\/jpeg\" \/>\n<meta name=\"author\" content=\"CL\" \/>\n<meta name=\"twitter:card\" content=\"summary_large_image\" \/>\n<meta name=\"twitter:creator\" content=\"@webdo_tn\" \/>\n<meta name=\"twitter:site\" content=\"@webdo_tn\" \/>\n<meta name=\"twitter:label1\" content=\"\u00c9crit par\" \/>\n\t<meta name=\"twitter:data1\" content=\"CL\" \/>\n\t<meta name=\"twitter:label2\" content=\"Dur\u00e9e de lecture estim\u00e9e\" \/>\n\t<meta name=\"twitter:data2\" content=\"1 minute\" \/>\n<script type=\"application\/ld+json\" class=\"yoast-schema-graph\">{\"@context\":\"https:\\\/\\\/schema.org\",\"@graph\":[{\"@type\":\"NewsArticle\",\"@id\":\"https:\\\/\\\/www.webdo.tn\\\/fr\\\/actualite\\\/national\\\/anas-hmeidi-devant-l-instruction\\\/208016\\\/#article\",\"isPartOf\":{\"@id\":\"https:\\\/\\\/www.webdo.tn\\\/fr\\\/actualite\\\/national\\\/anas-hmeidi-devant-l-instruction\\\/208016\\\/\"},\"author\":{\"name\":\"CL\",\"@id\":\"https:\\\/\\\/www.webdo.tn\\\/fr\\\/#\\\/schema\\\/person\\\/f35b42a42c5e2511bbd282959d6385cc\"},\"headline\":\"Anas Hmeidi devant l&rsquo;instruction\",\"datePublished\":\"2023-08-18T11:35:00+00:00\",\"dateModified\":\"2025-05-20T22:41:35+00:00\",\"mainEntityOfPage\":{\"@id\":\"https:\\\/\\\/www.webdo.tn\\\/fr\\\/actualite\\\/national\\\/anas-hmeidi-devant-l-instruction\\\/208016\\\/\"},\"wordCount\":241,\"commentCount\":0,\"publisher\":{\"@id\":\"https:\\\/\\\/www.webdo.tn\\\/fr\\\/#organization\"},\"image\":{\"@id\":\"https:\\\/\\\/www.webdo.tn\\\/fr\\\/actualite\\\/national\\\/anas-hmeidi-devant-l-instruction\\\/208016\\\/#primaryimage\"},\"thumbnailUrl\":\"https:\\\/\\\/www.webdo.tn\\\/fr\\\/wp-content\\\/uploads\\\/2023\\\/08\\\/aee5e1e86893c330ccb43e6c57651926.jpg\",\"keywords\":[\"AMT\",\"justice\",\"Tunisie\"],\"articleSection\":[\"National\"],\"inLanguage\":\"fr-FR\"},{\"@type\":\"WebPage\",\"@id\":\"https:\\\/\\\/www.webdo.tn\\\/fr\\\/actualite\\\/national\\\/anas-hmeidi-devant-l-instruction\\\/208016\\\/\",\"url\":\"https:\\\/\\\/www.webdo.tn\\\/fr\\\/actualite\\\/national\\\/anas-hmeidi-devant-l-instruction\\\/208016\\\/\",\"name\":\"Anas Hmeidi devant l'instruction\",\"isPartOf\":{\"@id\":\"https:\\\/\\\/www.webdo.tn\\\/fr\\\/#website\"},\"primaryImageOfPage\":{\"@id\":\"https:\\\/\\\/www.webdo.tn\\\/fr\\\/actualite\\\/national\\\/anas-hmeidi-devant-l-instruction\\\/208016\\\/#primaryimage\"},\"image\":{\"@id\":\"https:\\\/\\\/www.webdo.tn\\\/fr\\\/actualite\\\/national\\\/anas-hmeidi-devant-l-instruction\\\/208016\\\/#primaryimage\"},\"thumbnailUrl\":\"https:\\\/\\\/www.webdo.tn\\\/fr\\\/wp-content\\\/uploads\\\/2023\\\/08\\\/aee5e1e86893c330ccb43e6c57651926.jpg\",\"datePublished\":\"2023-08-18T11:35:00+00:00\",\"dateModified\":\"2025-05-20T22:41:35+00:00\",\"description\":\"Le pr\u00e9sident de l'Association des magistrats tunisiens, Anas Hmeidi, compara\u00eetra, le 21 ao\u00fbt 2023, devant le juge d'instruction pr\u00e8s le Tribunal de premi\u00e8re ins...\",\"breadcrumb\":{\"@id\":\"https:\\\/\\\/www.webdo.tn\\\/fr\\\/actualite\\\/national\\\/anas-hmeidi-devant-l-instruction\\\/208016\\\/#breadcrumb\"},\"inLanguage\":\"fr-FR\",\"potentialAction\":[{\"@type\":\"ReadAction\",\"target\":[\"https:\\\/\\\/www.webdo.tn\\\/fr\\\/actualite\\\/national\\\/anas-hmeidi-devant-l-instruction\\\/208016\\\/\"]}]},{\"@type\":\"ImageObject\",\"inLanguage\":\"fr-FR\",\"@id\":\"https:\\\/\\\/www.webdo.tn\\\/fr\\\/actualite\\\/national\\\/anas-hmeidi-devant-l-instruction\\\/208016\\\/#primaryimage\",\"url\":\"https:\\\/\\\/www.webdo.tn\\\/fr\\\/wp-content\\\/uploads\\\/2023\\\/08\\\/aee5e1e86893c330ccb43e6c57651926.jpg\",\"contentUrl\":\"https:\\\/\\\/www.webdo.tn\\\/fr\\\/wp-content\\\/uploads\\\/2023\\\/08\\\/aee5e1e86893c330ccb43e6c57651926.jpg\",\"width\":750,\"height\":400,\"caption\":\"Anas Hmeidi devant l'instruction\"},{\"@type\":\"BreadcrumbList\",\"@id\":\"https:\\\/\\\/www.webdo.tn\\\/fr\\\/actualite\\\/national\\\/anas-hmeidi-devant-l-instruction\\\/208016\\\/#breadcrumb\",\"itemListElement\":[{\"@type\":\"ListItem\",\"position\":1,\"name\":\"Accueil\",\"item\":\"https:\\\/\\\/www.webdo.tn\\\/fr\\\/\"},{\"@type\":\"ListItem\",\"position\":2,\"name\":\"Anas Hmeidi devant l&#8217;instruction\"}]},{\"@type\":\"WebSite\",\"@id\":\"https:\\\/\\\/www.webdo.tn\\\/fr\\\/#website\",\"url\":\"https:\\\/\\\/www.webdo.tn\\\/fr\\\/\",\"name\":\"webdo\",\"description\":\"Tunisie - News en Tunisie et \u00e0 l&#039;international sur Webdo.tn\",\"publisher\":{\"@id\":\"https:\\\/\\\/www.webdo.tn\\\/fr\\\/#organization\"},\"potentialAction\":[{\"@type\":\"SearchAction\",\"target\":{\"@type\":\"EntryPoint\",\"urlTemplate\":\"https:\\\/\\\/www.webdo.tn\\\/fr\\\/?s={search_term_string}\"},\"query-input\":{\"@type\":\"PropertyValueSpecification\",\"valueRequired\":true,\"valueName\":\"search_term_string\"}}],\"inLanguage\":\"fr-FR\"},{\"@type\":\"Organization\",\"@id\":\"https:\\\/\\\/www.webdo.tn\\\/fr\\\/#organization\",\"name\":\"Webdo\",\"alternateName\":\"Webdo.tn\",\"url\":\"https:\\\/\\\/www.webdo.tn\\\/fr\\\/\",\"logo\":{\"@type\":\"ImageObject\",\"inLanguage\":\"fr-FR\",\"@id\":\"https:\\\/\\\/www.webdo.tn\\\/fr\\\/#\\\/schema\\\/logo\\\/image\\\/\",\"url\":\"https:\\\/\\\/www.webdo.tn\\\/fr\\\/wp-content\\\/uploads\\\/2025\\\/06\\\/Webdo-Tunisie_168377.jpg\",\"contentUrl\":\"https:\\\/\\\/www.webdo.tn\\\/fr\\\/wp-content\\\/uploads\\\/2025\\\/06\\\/Webdo-Tunisie_168377.jpg\",\"width\":301,\"height\":301,\"caption\":\"Webdo\"},\"image\":{\"@id\":\"https:\\\/\\\/www.webdo.tn\\\/fr\\\/#\\\/schema\\\/logo\\\/image\\\/\"},\"sameAs\":[\"https:\\\/\\\/www.facebook.com\\\/webdotn\",\"https:\\\/\\\/x.com\\\/webdo_tn\"],\"description\":\"Webdo est un m\u00e9dia num\u00e9rique tunisien fond\u00e9 en 2010, sp\u00e9cialis\u00e9 dans l\u2019actualit\u00e9 nationale et internationale, l\u2019\u00e9conomie, la soci\u00e9t\u00e9 et les analyses politiques. Le site s\u2019adresse \u00e0 un large public francophone et couvre l\u2019information tunisienne en temps r\u00e9el.\",\"email\":\"redac@webdo.tn\",\"legalName\":\"YNJ SARL\",\"foundingDate\":\"2010-09-06\",\"numberOfEmployees\":{\"@type\":\"QuantitativeValue\",\"minValue\":\"11\",\"maxValue\":\"50\"}},{\"@type\":\"Person\",\"@id\":\"https:\\\/\\\/www.webdo.tn\\\/fr\\\/#\\\/schema\\\/person\\\/f35b42a42c5e2511bbd282959d6385cc\",\"name\":\"CL\",\"image\":{\"@type\":\"ImageObject\",\"inLanguage\":\"fr-FR\",\"@id\":\"https:\\\/\\\/secure.gravatar.com\\\/avatar\\\/1447a49909b67aa657c488aec6512e1dd6143a480c1ecfee9b5b5cd74eb3b59e?s=96&d=mm&r=g\",\"url\":\"https:\\\/\\\/secure.gravatar.com\\\/avatar\\\/1447a49909b67aa657c488aec6512e1dd6143a480c1ecfee9b5b5cd74eb3b59e?s=96&d=mm&r=g\",\"contentUrl\":\"https:\\\/\\\/secure.gravatar.com\\\/avatar\\\/1447a49909b67aa657c488aec6512e1dd6143a480c1ecfee9b5b5cd74eb3b59e?s=96&d=mm&r=g\",\"caption\":\"CL\"},\"url\":\"https:\\\/\\\/www.webdo.tn\\\/fr\\\/actualite\\\/author\\\/cl\\\/\"}]}<\/script>\n<!-- \/ Yoast SEO Premium plugin. -->","yoast_head_json":{"title":"Anas Hmeidi devant l'instruction","description":"Le pr\u00e9sident de l'Association des magistrats tunisiens, Anas Hmeidi, compara\u00eetra, le 21 ao\u00fbt 2023, devant le juge d'instruction pr\u00e8s le Tribunal de premi\u00e8re ins...","canonical":"https:\/\/www.webdo.tn\/fr\/actualite\/national\/anas-hmeidi-devant-l-instruction\/208016\/","og_locale":"fr_FR","og_type":"article","og_title":"Anas Hmeidi devant l'instruction","og_description":"Le pr\u00e9sident de l'Association des magistrats tunisiens, Anas Hmeidi, compara\u00eetra, le 21 ao\u00fbt 2023, devant le juge d'instruction pr\u00e8s le Tribunal de premi\u00e8re ins...","og_url":"https:\/\/www.webdo.tn\/fr\/actualite\/national\/anas-hmeidi-devant-l-instruction\/208016\/","og_site_name":"webdo","article_publisher":"https:\/\/www.facebook.com\/webdotn","article_published_time":"2023-08-18T11:35:00+00:00","article_modified_time":"2025-05-20T22:41:35+00:00","og_image":[{"width":750,"height":400,"url":"https:\/\/www.webdo.tn\/fr\/wp-content\/uploads\/2023\/08\/aee5e1e86893c330ccb43e6c57651926.jpg","type":"image\/jpeg"}],"author":"CL","twitter_card":"summary_large_image","twitter_creator":"@webdo_tn","twitter_site":"@webdo_tn","twitter_misc":{"\u00c9crit par":"CL","Dur\u00e9e de lecture estim\u00e9e":"1 minute"},"schema":{"@context":"https:\/\/schema.org","@graph":[{"@type":"NewsArticle","@id":"https:\/\/www.webdo.tn\/fr\/actualite\/national\/anas-hmeidi-devant-l-instruction\/208016\/#article","isPartOf":{"@id":"https:\/\/www.webdo.tn\/fr\/actualite\/national\/anas-hmeidi-devant-l-instruction\/208016\/"},"author":{"name":"CL","@id":"https:\/\/www.webdo.tn\/fr\/#\/schema\/person\/f35b42a42c5e2511bbd282959d6385cc"},"headline":"Anas Hmeidi devant l&rsquo;instruction","datePublished":"2023-08-18T11:35:00+00:00","dateModified":"2025-05-20T22:41:35+00:00","mainEntityOfPage":{"@id":"https:\/\/www.webdo.tn\/fr\/actualite\/national\/anas-hmeidi-devant-l-instruction\/208016\/"},"wordCount":241,"commentCount":0,"publisher":{"@id":"https:\/\/www.webdo.tn\/fr\/#organization"},"image":{"@id":"https:\/\/www.webdo.tn\/fr\/actualite\/national\/anas-hmeidi-devant-l-instruction\/208016\/#primaryimage"},"thumbnailUrl":"https:\/\/www.webdo.tn\/fr\/wp-content\/uploads\/2023\/08\/aee5e1e86893c330ccb43e6c57651926.jpg","keywords":["AMT","justice","Tunisie"],"articleSection":["National"],"inLanguage":"fr-FR"},{"@type":"WebPage","@id":"https:\/\/www.webdo.tn\/fr\/actualite\/national\/anas-hmeidi-devant-l-instruction\/208016\/","url":"https:\/\/www.webdo.tn\/fr\/actualite\/national\/anas-hmeidi-devant-l-instruction\/208016\/","name":"Anas Hmeidi devant l'instruction","isPartOf":{"@id":"https:\/\/www.webdo.tn\/fr\/#website"},"primaryImageOfPage":{"@id":"https:\/\/www.webdo.tn\/fr\/actualite\/national\/anas-hmeidi-devant-l-instruction\/208016\/#primaryimage"},"image":{"@id":"https:\/\/www.webdo.tn\/fr\/actualite\/national\/anas-hmeidi-devant-l-instruction\/208016\/#primaryimage"},"thumbnailUrl":"https:\/\/www.webdo.tn\/fr\/wp-content\/uploads\/2023\/08\/aee5e1e86893c330ccb43e6c57651926.jpg","datePublished":"2023-08-18T11:35:00+00:00","dateModified":"2025-05-20T22:41:35+00:00","description":"Le pr\u00e9sident de l'Association des magistrats tunisiens, Anas Hmeidi, compara\u00eetra, le 21 ao\u00fbt 2023, devant le juge d'instruction pr\u00e8s le Tribunal de premi\u00e8re ins...","breadcrumb":{"@id":"https:\/\/www.webdo.tn\/fr\/actualite\/national\/anas-hmeidi-devant-l-instruction\/208016\/#breadcrumb"},"inLanguage":"fr-FR","potentialAction":[{"@type":"ReadAction","target":["https:\/\/www.webdo.tn\/fr\/actualite\/national\/anas-hmeidi-devant-l-instruction\/208016\/"]}]},{"@type":"ImageObject","inLanguage":"fr-FR","@id":"https:\/\/www.webdo.tn\/fr\/actualite\/national\/anas-hmeidi-devant-l-instruction\/208016\/#primaryimage","url":"https:\/\/www.webdo.tn\/fr\/wp-content\/uploads\/2023\/08\/aee5e1e86893c330ccb43e6c57651926.jpg","contentUrl":"https:\/\/www.webdo.tn\/fr\/wp-content\/uploads\/2023\/08\/aee5e1e86893c330ccb43e6c57651926.jpg","width":750,"height":400,"caption":"Anas Hmeidi devant l'instruction"},{"@type":"BreadcrumbList","@id":"https:\/\/www.webdo.tn\/fr\/actualite\/national\/anas-hmeidi-devant-l-instruction\/208016\/#breadcrumb","itemListElement":[{"@type":"ListItem","position":1,"name":"Accueil","item":"https:\/\/www.webdo.tn\/fr\/"},{"@type":"ListItem","position":2,"name":"Anas Hmeidi devant l&#8217;instruction"}]},{"@type":"WebSite","@id":"https:\/\/www.webdo.tn\/fr\/#website","url":"https:\/\/www.webdo.tn\/fr\/","name":"webdo","description":"Tunisie - News en Tunisie et \u00e0 l&#039;international sur Webdo.tn","publisher":{"@id":"https:\/\/www.webdo.tn\/fr\/#organization"},"potentialAction":[{"@type":"SearchAction","target":{"@type":"EntryPoint","urlTemplate":"https:\/\/www.webdo.tn\/fr\/?s={search_term_string}"},"query-input":{"@type":"PropertyValueSpecification","valueRequired":true,"valueName":"search_term_string"}}],"inLanguage":"fr-FR"},{"@type":"Organization","@id":"https:\/\/www.webdo.tn\/fr\/#organization","name":"Webdo","alternateName":"Webdo.tn","url":"https:\/\/www.webdo.tn\/fr\/","logo":{"@type":"ImageObject","inLanguage":"fr-FR","@id":"https:\/\/www.webdo.tn\/fr\/#\/schema\/logo\/image\/","url":"https:\/\/www.webdo.tn\/fr\/wp-content\/uploads\/2025\/06\/Webdo-Tunisie_168377.jpg","contentUrl":"https:\/\/www.webdo.tn\/fr\/wp-content\/uploads\/2025\/06\/Webdo-Tunisie_168377.jpg","width":301,"height":301,"caption":"Webdo"},"image":{"@id":"https:\/\/www.webdo.tn\/fr\/#\/schema\/logo\/image\/"},"sameAs":["https:\/\/www.facebook.com\/webdotn","https:\/\/x.com\/webdo_tn"],"description":"Webdo est un m\u00e9dia num\u00e9rique tunisien fond\u00e9 en 2010, sp\u00e9cialis\u00e9 dans l\u2019actualit\u00e9 nationale et internationale, l\u2019\u00e9conomie, la soci\u00e9t\u00e9 et les analyses politiques. Le site s\u2019adresse \u00e0 un large public francophone et couvre l\u2019information tunisienne en temps r\u00e9el.","email":"redac@webdo.tn","legalName":"YNJ SARL","foundingDate":"2010-09-06","numberOfEmployees":{"@type":"QuantitativeValue","minValue":"11","maxValue":"50"}},{"@type":"Person","@id":"https:\/\/www.webdo.tn\/fr\/#\/schema\/person\/f35b42a42c5e2511bbd282959d6385cc","name":"CL","image":{"@type":"ImageObject","inLanguage":"fr-FR","@id":"https:\/\/secure.gravatar.com\/avatar\/1447a49909b67aa657c488aec6512e1dd6143a480c1ecfee9b5b5cd74eb3b59e?s=96&d=mm&r=g","url":"https:\/\/secure.gravatar.com\/avatar\/1447a49909b67aa657c488aec6512e1dd6143a480c1ecfee9b5b5cd74eb3b59e?s=96&d=mm&r=g","contentUrl":"https:\/\/secure.gravatar.com\/avatar\/1447a49909b67aa657c488aec6512e1dd6143a480c1ecfee9b5b5cd74eb3b59e?s=96&d=mm&r=g","caption":"CL"},"url":"https:\/\/www.webdo.tn\/fr\/actualite\/author\/cl\/"}]}},"_links":{"self":[{"href":"https:\/\/www.webdo.tn\/fr\/wp-json\/wp\/v2\/posts\/208016","targetHints":{"allow":["GET"]}}],"collection":[{"href":"https:\/\/www.webdo.tn\/fr\/wp-json\/wp\/v2\/posts"}],"about":[{"href":"https:\/\/www.webdo.tn\/fr\/wp-json\/wp\/v2\/types\/post"}],"author":[{"embeddable":true,"href":"https:\/\/www.webdo.tn\/fr\/wp-json\/wp\/v2\/users\/3175"}],"replies":[{"embeddable":true,"href":"https:\/\/www.webdo.tn\/fr\/wp-json\/wp\/v2\/comments?post=208016"}],"version-history":[{"count":0,"href":"https:\/\/www.webdo.tn\/fr\/wp-json\/wp\/v2\/posts\/208016\/revisions"}],"wp:featuredmedia":[{"embeddable":true,"href":"https:\/\/www.webdo.tn\/fr\/wp-json\/wp\/v2\/media\/249515"}],"wp:attachment":[{"href":"https:\/\/www.webdo.tn\/fr\/wp-json\/wp\/v2\/media?parent=208016"}],"wp:term":[{"taxonomy":"category","embeddable":true,"href":"https:\/\/www.webdo.tn\/fr\/wp-json\/wp\/v2\/categories?post=208016"},{"taxonomy":"post_tag","embeddable":true,"href":"https:\/\/www.webdo.tn\/fr\/wp-json\/wp\/v2\/tags?post=208016"}],"curies":[{"name":"wp","href":"https:\/\/api.w.org\/{rel}","templated":true}]}}