{"id":208014,"date":"2023-08-18T10:29:00","date_gmt":"2023-08-18T10:29:00","guid":{"rendered":"https:\/\/www.webdo.tn\/fr\/blog\/ue-3646-passeurs-de-migrants-arretes-en-2022\/208014\/"},"modified":"2025-05-20T22:57:50","modified_gmt":"2025-05-20T22:57:50","slug":"ue-3646-passeurs-de-migrants-arretes-en-2022","status":"publish","type":"post","link":"https:\/\/www.webdo.tn\/fr\/actualite\/national\/ue-3646-passeurs-de-migrants-arretes-en-2022\/208014\/","title":{"rendered":"UE : 3646 passeurs de migrants arr\u00eat\u00e9s en 2022 !"},"content":{"rendered":"<p>Le Conseil de l\u2019UE a publi\u00e9 les r\u00e9sultats 2022 des actions de lutte contre la criminalit\u00e9 men\u00e9es dans le cadre de l&rsquo;EMPACT.<\/p>\n<p>\t\t\t\t\t\t\t\t\tLes actions r\u00e9pressives et judiciaires men\u00e9es \u00e0 l&rsquo;\u00e9chelle de l&rsquo;UE dans les 15 domaines de criminalit\u00e9 d\u00e9finis dans le cadre de l&rsquo;EMPACT ont conduit \u00e0 :<br \/>\n9922 arrestations<\/p>\n<p>identification de 4019 victimes de la traite des \u00eatres humains<br \/>\n3646 passeurs de migrants arr\u00eat\u00e9s<br \/>\nplus de 180 millions d&rsquo;euros saisis<br \/>\nplus de 62 tonnes de drogues saisies<br \/>\n9262 enqu\u00eates ouvertes<\/p>\n<p>L\u2019EMPACT est une plateforme pluridisciplinaire europ\u00e9enne contre les menaces criminelles.<\/p>\n<p>Elle assure une approche int\u00e9gr\u00e9e de la s\u00e9curit\u00e9 int\u00e9rieure de l&rsquo;UE, englobant des mesures en mati\u00e8re d&rsquo;enqu\u00eates, de contr\u00f4les des fronti\u00e8res ext\u00e9rieures et de coop\u00e9ration polici\u00e8re, douani\u00e8re et judiciaire aussi bien que des mesures concernant la gestion de l&rsquo;information, l&rsquo;innovation, la formation, la pr\u00e9vention et la dimension ext\u00e9rieure de la s\u00e9curit\u00e9 int\u00e9rieure, ainsi que les partenariats public-priv\u00e9, le cas \u00e9ch\u00e9ant.<\/p>\n<p>\u00a0<\/p>\n<p>Ramzi<\/p>\n","protected":false},"excerpt":{"rendered":"<p>Le Conseil de l\u2019UE a publi\u00e9 les r\u00e9sultats 2022 des actions de lutte contre la criminalit\u00e9 men\u00e9es dans le cadre de l&rsquo;EMPACT.<\/p>\n","protected":false},"author":3188,"featured_media":249512,"comment_status":"open","ping_status":"closed","sticky":false,"template":"","format":"standard","meta":{"footnotes":""},"categories":[44],"tags":[2966,2894,2897],"class_list":["post-208014","post","type-post","status-publish","format-standard","has-post-thumbnail","hentry","category-national","tag-arrestation","tag-migrants","tag-ue"],"yoast_head":"<!-- This site is optimized with the Yoast SEO Premium plugin v27.4 (Yoast SEO v27.5) - https:\/\/yoast.com\/product\/yoast-seo-premium-wordpress\/ -->\n<title>UE : 3646 passeurs de migrants arr\u00eat\u00e9s en 2022 !<\/title>\n<meta name=\"description\" content=\"Le Conseil de l\u2019UE a publi\u00e9 les r\u00e9sultats 2022 des actions de lutte contre la criminalit\u00e9 men\u00e9es dans le cadre de l&#039;EMPACT.\" \/>\n<link rel=\"canonical\" href=\"https:\/\/www.webdo.tn\/fr\/actualite\/national\/ue-3646-passeurs-de-migrants-arretes-en-2022\/208014\/\" \/>\n<meta property=\"og:locale\" content=\"fr_FR\" \/>\n<meta property=\"og:type\" content=\"article\" \/>\n<meta property=\"og:title\" content=\"UE : 3646 passeurs de migrants arr\u00eat\u00e9s en 2022 !\" \/>\n<meta property=\"og:description\" content=\"Le Conseil de l\u2019UE a publi\u00e9 les r\u00e9sultats 2022 des actions de lutte contre la criminalit\u00e9 men\u00e9es dans le cadre de l&#039;EMPACT.\" \/>\n<meta property=\"og:url\" content=\"https:\/\/www.webdo.tn\/fr\/actualite\/national\/ue-3646-passeurs-de-migrants-arretes-en-2022\/208014\/\" \/>\n<meta property=\"og:site_name\" content=\"webdo\" \/>\n<meta property=\"article:publisher\" content=\"https:\/\/www.facebook.com\/webdotn\" \/>\n<meta property=\"article:published_time\" content=\"2023-08-18T10:29:00+00:00\" \/>\n<meta property=\"article:modified_time\" content=\"2025-05-20T22:57:50+00:00\" \/>\n<meta property=\"og:image\" content=\"https:\/\/www.webdo.tn\/fr\/wp-content\/uploads\/2023\/08\/761f3b2bd0baa4729c2d2a54f55a34f8.png\" \/>\n\t<meta property=\"og:image:width\" content=\"750\" \/>\n\t<meta property=\"og:image:height\" content=\"400\" \/>\n\t<meta property=\"og:image:type\" content=\"image\/png\" \/>\n<meta name=\"author\" content=\"Ramzi\" \/>\n<meta name=\"twitter:card\" content=\"summary_large_image\" \/>\n<meta name=\"twitter:creator\" content=\"@webdo_tn\" \/>\n<meta name=\"twitter:site\" content=\"@webdo_tn\" \/>\n<meta name=\"twitter:label1\" content=\"\u00c9crit par\" \/>\n\t<meta name=\"twitter:data1\" content=\"Ramzi\" \/>\n\t<meta name=\"twitter:label2\" content=\"Dur\u00e9e de lecture estim\u00e9e\" \/>\n\t<meta name=\"twitter:data2\" content=\"1 minute\" \/>\n<script type=\"application\/ld+json\" class=\"yoast-schema-graph\">{\"@context\":\"https:\\\/\\\/schema.org\",\"@graph\":[{\"@type\":\"NewsArticle\",\"@id\":\"https:\\\/\\\/www.webdo.tn\\\/fr\\\/actualite\\\/national\\\/ue-3646-passeurs-de-migrants-arretes-en-2022\\\/208014\\\/#article\",\"isPartOf\":{\"@id\":\"https:\\\/\\\/www.webdo.tn\\\/fr\\\/actualite\\\/national\\\/ue-3646-passeurs-de-migrants-arretes-en-2022\\\/208014\\\/\"},\"author\":{\"name\":\"Ramzi\",\"@id\":\"https:\\\/\\\/www.webdo.tn\\\/fr\\\/#\\\/schema\\\/person\\\/590cb5f81adcfde6385530fdbdf468e2\"},\"headline\":\"UE : 3646 passeurs de migrants arr\u00eat\u00e9s en 2022 !\",\"datePublished\":\"2023-08-18T10:29:00+00:00\",\"dateModified\":\"2025-05-20T22:57:50+00:00\",\"mainEntityOfPage\":{\"@id\":\"https:\\\/\\\/www.webdo.tn\\\/fr\\\/actualite\\\/national\\\/ue-3646-passeurs-de-migrants-arretes-en-2022\\\/208014\\\/\"},\"wordCount\":186,\"commentCount\":0,\"publisher\":{\"@id\":\"https:\\\/\\\/www.webdo.tn\\\/fr\\\/#organization\"},\"image\":{\"@id\":\"https:\\\/\\\/www.webdo.tn\\\/fr\\\/actualite\\\/national\\\/ue-3646-passeurs-de-migrants-arretes-en-2022\\\/208014\\\/#primaryimage\"},\"thumbnailUrl\":\"https:\\\/\\\/www.webdo.tn\\\/fr\\\/wp-content\\\/uploads\\\/2023\\\/08\\\/761f3b2bd0baa4729c2d2a54f55a34f8.png\",\"keywords\":[\"arrestation\",\"migrants\",\"UE\"],\"articleSection\":[\"National\"],\"inLanguage\":\"fr-FR\"},{\"@type\":\"WebPage\",\"@id\":\"https:\\\/\\\/www.webdo.tn\\\/fr\\\/actualite\\\/national\\\/ue-3646-passeurs-de-migrants-arretes-en-2022\\\/208014\\\/\",\"url\":\"https:\\\/\\\/www.webdo.tn\\\/fr\\\/actualite\\\/national\\\/ue-3646-passeurs-de-migrants-arretes-en-2022\\\/208014\\\/\",\"name\":\"UE : 3646 passeurs de migrants arr\u00eat\u00e9s en 2022 !\",\"isPartOf\":{\"@id\":\"https:\\\/\\\/www.webdo.tn\\\/fr\\\/#website\"},\"primaryImageOfPage\":{\"@id\":\"https:\\\/\\\/www.webdo.tn\\\/fr\\\/actualite\\\/national\\\/ue-3646-passeurs-de-migrants-arretes-en-2022\\\/208014\\\/#primaryimage\"},\"image\":{\"@id\":\"https:\\\/\\\/www.webdo.tn\\\/fr\\\/actualite\\\/national\\\/ue-3646-passeurs-de-migrants-arretes-en-2022\\\/208014\\\/#primaryimage\"},\"thumbnailUrl\":\"https:\\\/\\\/www.webdo.tn\\\/fr\\\/wp-content\\\/uploads\\\/2023\\\/08\\\/761f3b2bd0baa4729c2d2a54f55a34f8.png\",\"datePublished\":\"2023-08-18T10:29:00+00:00\",\"dateModified\":\"2025-05-20T22:57:50+00:00\",\"description\":\"Le Conseil de l\u2019UE a publi\u00e9 les r\u00e9sultats 2022 des actions de lutte contre la criminalit\u00e9 men\u00e9es dans le cadre de l'EMPACT.\",\"breadcrumb\":{\"@id\":\"https:\\\/\\\/www.webdo.tn\\\/fr\\\/actualite\\\/national\\\/ue-3646-passeurs-de-migrants-arretes-en-2022\\\/208014\\\/#breadcrumb\"},\"inLanguage\":\"fr-FR\",\"potentialAction\":[{\"@type\":\"ReadAction\",\"target\":[\"https:\\\/\\\/www.webdo.tn\\\/fr\\\/actualite\\\/national\\\/ue-3646-passeurs-de-migrants-arretes-en-2022\\\/208014\\\/\"]}]},{\"@type\":\"ImageObject\",\"inLanguage\":\"fr-FR\",\"@id\":\"https:\\\/\\\/www.webdo.tn\\\/fr\\\/actualite\\\/national\\\/ue-3646-passeurs-de-migrants-arretes-en-2022\\\/208014\\\/#primaryimage\",\"url\":\"https:\\\/\\\/www.webdo.tn\\\/fr\\\/wp-content\\\/uploads\\\/2023\\\/08\\\/761f3b2bd0baa4729c2d2a54f55a34f8.png\",\"contentUrl\":\"https:\\\/\\\/www.webdo.tn\\\/fr\\\/wp-content\\\/uploads\\\/2023\\\/08\\\/761f3b2bd0baa4729c2d2a54f55a34f8.png\",\"width\":750,\"height\":400,\"caption\":\"UE : 3646 passeurs de migrants arr\u00eat\u00e9s en 2022 !\"},{\"@type\":\"BreadcrumbList\",\"@id\":\"https:\\\/\\\/www.webdo.tn\\\/fr\\\/actualite\\\/national\\\/ue-3646-passeurs-de-migrants-arretes-en-2022\\\/208014\\\/#breadcrumb\",\"itemListElement\":[{\"@type\":\"ListItem\",\"position\":1,\"name\":\"Accueil\",\"item\":\"https:\\\/\\\/www.webdo.tn\\\/fr\\\/\"},{\"@type\":\"ListItem\",\"position\":2,\"name\":\"UE : 3646 passeurs de migrants arr\u00eat\u00e9s en 2022 !\"}]},{\"@type\":\"WebSite\",\"@id\":\"https:\\\/\\\/www.webdo.tn\\\/fr\\\/#website\",\"url\":\"https:\\\/\\\/www.webdo.tn\\\/fr\\\/\",\"name\":\"webdo\",\"description\":\"Tunisie - News en Tunisie et \u00e0 l&#039;international sur Webdo.tn\",\"publisher\":{\"@id\":\"https:\\\/\\\/www.webdo.tn\\\/fr\\\/#organization\"},\"potentialAction\":[{\"@type\":\"SearchAction\",\"target\":{\"@type\":\"EntryPoint\",\"urlTemplate\":\"https:\\\/\\\/www.webdo.tn\\\/fr\\\/?s={search_term_string}\"},\"query-input\":{\"@type\":\"PropertyValueSpecification\",\"valueRequired\":true,\"valueName\":\"search_term_string\"}}],\"inLanguage\":\"fr-FR\"},{\"@type\":\"Organization\",\"@id\":\"https:\\\/\\\/www.webdo.tn\\\/fr\\\/#organization\",\"name\":\"Webdo\",\"alternateName\":\"Webdo.tn\",\"url\":\"https:\\\/\\\/www.webdo.tn\\\/fr\\\/\",\"logo\":{\"@type\":\"ImageObject\",\"inLanguage\":\"fr-FR\",\"@id\":\"https:\\\/\\\/www.webdo.tn\\\/fr\\\/#\\\/schema\\\/logo\\\/image\\\/\",\"url\":\"https:\\\/\\\/www.webdo.tn\\\/fr\\\/wp-content\\\/uploads\\\/2025\\\/06\\\/Webdo-Tunisie_168377.jpg\",\"contentUrl\":\"https:\\\/\\\/www.webdo.tn\\\/fr\\\/wp-content\\\/uploads\\\/2025\\\/06\\\/Webdo-Tunisie_168377.jpg\",\"width\":301,\"height\":301,\"caption\":\"Webdo\"},\"image\":{\"@id\":\"https:\\\/\\\/www.webdo.tn\\\/fr\\\/#\\\/schema\\\/logo\\\/image\\\/\"},\"sameAs\":[\"https:\\\/\\\/www.facebook.com\\\/webdotn\",\"https:\\\/\\\/x.com\\\/webdo_tn\"],\"description\":\"Webdo est un m\u00e9dia num\u00e9rique tunisien fond\u00e9 en 2010, sp\u00e9cialis\u00e9 dans l\u2019actualit\u00e9 nationale et internationale, l\u2019\u00e9conomie, la soci\u00e9t\u00e9 et les analyses politiques. Le site s\u2019adresse \u00e0 un large public francophone et couvre l\u2019information tunisienne en temps r\u00e9el.\",\"email\":\"redac@webdo.tn\",\"legalName\":\"YNJ SARL\",\"foundingDate\":\"2010-09-06\",\"numberOfEmployees\":{\"@type\":\"QuantitativeValue\",\"minValue\":\"11\",\"maxValue\":\"50\"}},{\"@type\":\"Person\",\"@id\":\"https:\\\/\\\/www.webdo.tn\\\/fr\\\/#\\\/schema\\\/person\\\/590cb5f81adcfde6385530fdbdf468e2\",\"name\":\"Ramzi\",\"image\":{\"@type\":\"ImageObject\",\"inLanguage\":\"fr-FR\",\"@id\":\"https:\\\/\\\/secure.gravatar.com\\\/avatar\\\/48df7d18915e10cf866ba8e27604c81ff9243fd52704a1d210c3e387e1cb8d87?s=96&d=mm&r=g\",\"url\":\"https:\\\/\\\/secure.gravatar.com\\\/avatar\\\/48df7d18915e10cf866ba8e27604c81ff9243fd52704a1d210c3e387e1cb8d87?s=96&d=mm&r=g\",\"contentUrl\":\"https:\\\/\\\/secure.gravatar.com\\\/avatar\\\/48df7d18915e10cf866ba8e27604c81ff9243fd52704a1d210c3e387e1cb8d87?s=96&d=mm&r=g\",\"caption\":\"Ramzi\"},\"url\":\"https:\\\/\\\/www.webdo.tn\\\/fr\\\/actualite\\\/author\\\/ramzi\\\/\"}]}<\/script>\n<!-- \/ Yoast SEO Premium plugin. -->","yoast_head_json":{"title":"UE : 3646 passeurs de migrants arr\u00eat\u00e9s en 2022 !","description":"Le Conseil de l\u2019UE a publi\u00e9 les r\u00e9sultats 2022 des actions de lutte contre la criminalit\u00e9 men\u00e9es dans le cadre de l'EMPACT.","canonical":"https:\/\/www.webdo.tn\/fr\/actualite\/national\/ue-3646-passeurs-de-migrants-arretes-en-2022\/208014\/","og_locale":"fr_FR","og_type":"article","og_title":"UE : 3646 passeurs de migrants arr\u00eat\u00e9s en 2022 !","og_description":"Le Conseil de l\u2019UE a publi\u00e9 les r\u00e9sultats 2022 des actions de lutte contre la criminalit\u00e9 men\u00e9es dans le cadre de l'EMPACT.","og_url":"https:\/\/www.webdo.tn\/fr\/actualite\/national\/ue-3646-passeurs-de-migrants-arretes-en-2022\/208014\/","og_site_name":"webdo","article_publisher":"https:\/\/www.facebook.com\/webdotn","article_published_time":"2023-08-18T10:29:00+00:00","article_modified_time":"2025-05-20T22:57:50+00:00","og_image":[{"width":750,"height":400,"url":"https:\/\/www.webdo.tn\/fr\/wp-content\/uploads\/2023\/08\/761f3b2bd0baa4729c2d2a54f55a34f8.png","type":"image\/png"}],"author":"Ramzi","twitter_card":"summary_large_image","twitter_creator":"@webdo_tn","twitter_site":"@webdo_tn","twitter_misc":{"\u00c9crit par":"Ramzi","Dur\u00e9e de lecture estim\u00e9e":"1 minute"},"schema":{"@context":"https:\/\/schema.org","@graph":[{"@type":"NewsArticle","@id":"https:\/\/www.webdo.tn\/fr\/actualite\/national\/ue-3646-passeurs-de-migrants-arretes-en-2022\/208014\/#article","isPartOf":{"@id":"https:\/\/www.webdo.tn\/fr\/actualite\/national\/ue-3646-passeurs-de-migrants-arretes-en-2022\/208014\/"},"author":{"name":"Ramzi","@id":"https:\/\/www.webdo.tn\/fr\/#\/schema\/person\/590cb5f81adcfde6385530fdbdf468e2"},"headline":"UE : 3646 passeurs de migrants arr\u00eat\u00e9s en 2022 !","datePublished":"2023-08-18T10:29:00+00:00","dateModified":"2025-05-20T22:57:50+00:00","mainEntityOfPage":{"@id":"https:\/\/www.webdo.tn\/fr\/actualite\/national\/ue-3646-passeurs-de-migrants-arretes-en-2022\/208014\/"},"wordCount":186,"commentCount":0,"publisher":{"@id":"https:\/\/www.webdo.tn\/fr\/#organization"},"image":{"@id":"https:\/\/www.webdo.tn\/fr\/actualite\/national\/ue-3646-passeurs-de-migrants-arretes-en-2022\/208014\/#primaryimage"},"thumbnailUrl":"https:\/\/www.webdo.tn\/fr\/wp-content\/uploads\/2023\/08\/761f3b2bd0baa4729c2d2a54f55a34f8.png","keywords":["arrestation","migrants","UE"],"articleSection":["National"],"inLanguage":"fr-FR"},{"@type":"WebPage","@id":"https:\/\/www.webdo.tn\/fr\/actualite\/national\/ue-3646-passeurs-de-migrants-arretes-en-2022\/208014\/","url":"https:\/\/www.webdo.tn\/fr\/actualite\/national\/ue-3646-passeurs-de-migrants-arretes-en-2022\/208014\/","name":"UE : 3646 passeurs de migrants arr\u00eat\u00e9s en 2022 !","isPartOf":{"@id":"https:\/\/www.webdo.tn\/fr\/#website"},"primaryImageOfPage":{"@id":"https:\/\/www.webdo.tn\/fr\/actualite\/national\/ue-3646-passeurs-de-migrants-arretes-en-2022\/208014\/#primaryimage"},"image":{"@id":"https:\/\/www.webdo.tn\/fr\/actualite\/national\/ue-3646-passeurs-de-migrants-arretes-en-2022\/208014\/#primaryimage"},"thumbnailUrl":"https:\/\/www.webdo.tn\/fr\/wp-content\/uploads\/2023\/08\/761f3b2bd0baa4729c2d2a54f55a34f8.png","datePublished":"2023-08-18T10:29:00+00:00","dateModified":"2025-05-20T22:57:50+00:00","description":"Le Conseil de l\u2019UE a publi\u00e9 les r\u00e9sultats 2022 des actions de lutte contre la criminalit\u00e9 men\u00e9es dans le cadre de l'EMPACT.","breadcrumb":{"@id":"https:\/\/www.webdo.tn\/fr\/actualite\/national\/ue-3646-passeurs-de-migrants-arretes-en-2022\/208014\/#breadcrumb"},"inLanguage":"fr-FR","potentialAction":[{"@type":"ReadAction","target":["https:\/\/www.webdo.tn\/fr\/actualite\/national\/ue-3646-passeurs-de-migrants-arretes-en-2022\/208014\/"]}]},{"@type":"ImageObject","inLanguage":"fr-FR","@id":"https:\/\/www.webdo.tn\/fr\/actualite\/national\/ue-3646-passeurs-de-migrants-arretes-en-2022\/208014\/#primaryimage","url":"https:\/\/www.webdo.tn\/fr\/wp-content\/uploads\/2023\/08\/761f3b2bd0baa4729c2d2a54f55a34f8.png","contentUrl":"https:\/\/www.webdo.tn\/fr\/wp-content\/uploads\/2023\/08\/761f3b2bd0baa4729c2d2a54f55a34f8.png","width":750,"height":400,"caption":"UE : 3646 passeurs de migrants arr\u00eat\u00e9s en 2022 !"},{"@type":"BreadcrumbList","@id":"https:\/\/www.webdo.tn\/fr\/actualite\/national\/ue-3646-passeurs-de-migrants-arretes-en-2022\/208014\/#breadcrumb","itemListElement":[{"@type":"ListItem","position":1,"name":"Accueil","item":"https:\/\/www.webdo.tn\/fr\/"},{"@type":"ListItem","position":2,"name":"UE : 3646 passeurs de migrants arr\u00eat\u00e9s en 2022 !"}]},{"@type":"WebSite","@id":"https:\/\/www.webdo.tn\/fr\/#website","url":"https:\/\/www.webdo.tn\/fr\/","name":"webdo","description":"Tunisie - News en Tunisie et \u00e0 l&#039;international sur Webdo.tn","publisher":{"@id":"https:\/\/www.webdo.tn\/fr\/#organization"},"potentialAction":[{"@type":"SearchAction","target":{"@type":"EntryPoint","urlTemplate":"https:\/\/www.webdo.tn\/fr\/?s={search_term_string}"},"query-input":{"@type":"PropertyValueSpecification","valueRequired":true,"valueName":"search_term_string"}}],"inLanguage":"fr-FR"},{"@type":"Organization","@id":"https:\/\/www.webdo.tn\/fr\/#organization","name":"Webdo","alternateName":"Webdo.tn","url":"https:\/\/www.webdo.tn\/fr\/","logo":{"@type":"ImageObject","inLanguage":"fr-FR","@id":"https:\/\/www.webdo.tn\/fr\/#\/schema\/logo\/image\/","url":"https:\/\/www.webdo.tn\/fr\/wp-content\/uploads\/2025\/06\/Webdo-Tunisie_168377.jpg","contentUrl":"https:\/\/www.webdo.tn\/fr\/wp-content\/uploads\/2025\/06\/Webdo-Tunisie_168377.jpg","width":301,"height":301,"caption":"Webdo"},"image":{"@id":"https:\/\/www.webdo.tn\/fr\/#\/schema\/logo\/image\/"},"sameAs":["https:\/\/www.facebook.com\/webdotn","https:\/\/x.com\/webdo_tn"],"description":"Webdo est un m\u00e9dia num\u00e9rique tunisien fond\u00e9 en 2010, sp\u00e9cialis\u00e9 dans l\u2019actualit\u00e9 nationale et internationale, l\u2019\u00e9conomie, la soci\u00e9t\u00e9 et les analyses politiques. Le site s\u2019adresse \u00e0 un large public francophone et couvre l\u2019information tunisienne en temps r\u00e9el.","email":"redac@webdo.tn","legalName":"YNJ SARL","foundingDate":"2010-09-06","numberOfEmployees":{"@type":"QuantitativeValue","minValue":"11","maxValue":"50"}},{"@type":"Person","@id":"https:\/\/www.webdo.tn\/fr\/#\/schema\/person\/590cb5f81adcfde6385530fdbdf468e2","name":"Ramzi","image":{"@type":"ImageObject","inLanguage":"fr-FR","@id":"https:\/\/secure.gravatar.com\/avatar\/48df7d18915e10cf866ba8e27604c81ff9243fd52704a1d210c3e387e1cb8d87?s=96&d=mm&r=g","url":"https:\/\/secure.gravatar.com\/avatar\/48df7d18915e10cf866ba8e27604c81ff9243fd52704a1d210c3e387e1cb8d87?s=96&d=mm&r=g","contentUrl":"https:\/\/secure.gravatar.com\/avatar\/48df7d18915e10cf866ba8e27604c81ff9243fd52704a1d210c3e387e1cb8d87?s=96&d=mm&r=g","caption":"Ramzi"},"url":"https:\/\/www.webdo.tn\/fr\/actualite\/author\/ramzi\/"}]}},"_links":{"self":[{"href":"https:\/\/www.webdo.tn\/fr\/wp-json\/wp\/v2\/posts\/208014","targetHints":{"allow":["GET"]}}],"collection":[{"href":"https:\/\/www.webdo.tn\/fr\/wp-json\/wp\/v2\/posts"}],"about":[{"href":"https:\/\/www.webdo.tn\/fr\/wp-json\/wp\/v2\/types\/post"}],"author":[{"embeddable":true,"href":"https:\/\/www.webdo.tn\/fr\/wp-json\/wp\/v2\/users\/3188"}],"replies":[{"embeddable":true,"href":"https:\/\/www.webdo.tn\/fr\/wp-json\/wp\/v2\/comments?post=208014"}],"version-history":[{"count":0,"href":"https:\/\/www.webdo.tn\/fr\/wp-json\/wp\/v2\/posts\/208014\/revisions"}],"wp:featuredmedia":[{"embeddable":true,"href":"https:\/\/www.webdo.tn\/fr\/wp-json\/wp\/v2\/media\/249512"}],"wp:attachment":[{"href":"https:\/\/www.webdo.tn\/fr\/wp-json\/wp\/v2\/media?parent=208014"}],"wp:term":[{"taxonomy":"category","embeddable":true,"href":"https:\/\/www.webdo.tn\/fr\/wp-json\/wp\/v2\/categories?post=208014"},{"taxonomy":"post_tag","embeddable":true,"href":"https:\/\/www.webdo.tn\/fr\/wp-json\/wp\/v2\/tags?post=208014"}],"curies":[{"name":"wp","href":"https:\/\/api.w.org\/{rel}","templated":true}]}}