{"id":208009,"date":"2023-08-18T09:20:00","date_gmt":"2023-08-18T09:20:00","guid":{"rendered":"https:\/\/www.webdo.tn\/fr\/blog\/les-boulangeries-modernent-reprennent-leur-sit-in\/208009\/"},"modified":"2025-05-20T22:51:27","modified_gmt":"2025-05-20T22:51:27","slug":"les-boulangeries-modernent-reprennent-leur-sit-in","status":"publish","type":"post","link":"https:\/\/www.webdo.tn\/fr\/actualite\/national\/les-boulangeries-modernent-reprennent-leur-sit-in\/208009\/","title":{"rendered":"Les boulangeries modernes reprennent leur sit-in"},"content":{"rendered":"<p>Le groupement professionnel des boulangeries modernes relevant de la Conf\u00e9d\u00e9ration des Entreprises Citoyennes de Tunisie (CONECT) a d\u00e9cid\u00e9 de reprendre ses mouvements de protestation annon\u00e7ant l&rsquo;organisation d&rsquo;un sit-in \u00e0 partir du lundi 21 ao\u00fbt 2023 devant le si\u00e8ge du minist\u00e8re du Commerce et du d\u00e9veloppement des exportations.<\/p>\n<p>Cette d\u00e9cision intervient, selon un communiqu\u00e9 publi\u00e9 jeudi, par le groupement, suite \u00e0 la non-satisfaction par minist\u00e8re de sa demande urgente relative \u00e0 la reprise de l&rsquo;approvisionnement en semoule et en farine depuis 7 ao\u00fbt 2023, date de la tenue d&rsquo;une r\u00e9union entre les responsables du d\u00e9partement minist\u00e9riel et les repr\u00e9sentants du secteur des boulangeries.<\/p>\n<p>Selon la m\u00eame source, le groupement a point\u00e9 de doigt la situation sociale difficiles et les conditions mat\u00e9rielles p\u00e9nibles v\u00e9cues par des boulangers, suite \u00e0 l&rsquo;arr\u00eat total de leurs activit\u00e9s depuis le 1er ao\u00fbt 2023, \u00e0 cause de l&rsquo;interruption de l&rsquo;approvisionnement en mati\u00e8res premi\u00e8res pour la fabrication du pain, apr\u00e8s la d\u00e9cision prise dans ce domaine par le minist\u00e8re du Commerce, le 1er ao\u00fbt 2023.<\/p>\n<p>Cette d\u00e9cision pr\u00e9voit l&rsquo;arr\u00eat imm\u00e9diat des op\u00e9rations de vente de la farine s\u00e9lectionn\u00e9e et de la semoule en faveur des boulangeries modernes (locaux non-class\u00e9s r\u00e9serv\u00e9s \u00e0 la fabrication du pain).<\/p>\n","protected":false},"excerpt":{"rendered":"<p>Le groupement professionnel des boulangeries modernes relevant de la Conf\u00e9d\u00e9ration des Entreprises Citoyennes de Tunisie (CONECT) a d\u00e9cid\u00e9 de reprendre ses mouv&#8230;<\/p>\n","protected":false},"author":3175,"featured_media":278606,"comment_status":"open","ping_status":"closed","sticky":false,"template":"","format":"standard","meta":{"footnotes":""},"categories":[44],"tags":[7909,3190,2608],"class_list":["post-208009","post","type-post","status-publish","format-standard","has-post-thumbnail","hentry","category-national","tag-boulangeries","tag-sit-in","tag-tunisie"],"yoast_head":"<!-- This site is optimized with the Yoast SEO Premium plugin v27.4 (Yoast SEO v27.5) - https:\/\/yoast.com\/product\/yoast-seo-premium-wordpress\/ -->\n<title>Les boulangeries modernes reprennent leur sit-in<\/title>\n<meta name=\"description\" content=\"Le groupement professionnel des boulangeries modernes relevant de la Conf\u00e9d\u00e9ration des Entreprises Citoyennes de Tunisie (CONECT) a d\u00e9cid\u00e9 de reprendre ses mouv...\" \/>\n<link rel=\"canonical\" href=\"https:\/\/www.webdo.tn\/fr\/actualite\/national\/les-boulangeries-modernent-reprennent-leur-sit-in\/208009\/\" \/>\n<meta property=\"og:locale\" content=\"fr_FR\" \/>\n<meta property=\"og:type\" content=\"article\" \/>\n<meta property=\"og:title\" content=\"Les boulangeries modernes reprennent leur sit-in\" \/>\n<meta property=\"og:description\" content=\"Le groupement professionnel des boulangeries modernes relevant de la Conf\u00e9d\u00e9ration des Entreprises Citoyennes de Tunisie (CONECT) a d\u00e9cid\u00e9 de reprendre ses mouv...\" \/>\n<meta property=\"og:url\" content=\"https:\/\/www.webdo.tn\/fr\/actualite\/national\/les-boulangeries-modernent-reprennent-leur-sit-in\/208009\/\" \/>\n<meta property=\"og:site_name\" content=\"webdo\" \/>\n<meta property=\"article:publisher\" content=\"https:\/\/www.facebook.com\/webdotn\" \/>\n<meta property=\"article:published_time\" content=\"2023-08-18T09:20:00+00:00\" \/>\n<meta property=\"article:modified_time\" content=\"2025-05-20T22:51:27+00:00\" \/>\n<meta property=\"og:image\" content=\"https:\/\/www.webdo.tn\/fr\/wp-content\/uploads\/2023\/08\/e59b0f4a76e85e28455feb459fd479ab.jpg\" \/>\n\t<meta property=\"og:image:width\" content=\"750\" \/>\n\t<meta property=\"og:image:height\" content=\"400\" \/>\n\t<meta property=\"og:image:type\" content=\"image\/jpeg\" \/>\n<meta name=\"author\" content=\"CL\" \/>\n<meta name=\"twitter:card\" content=\"summary_large_image\" \/>\n<meta name=\"twitter:creator\" content=\"@webdo_tn\" \/>\n<meta name=\"twitter:site\" content=\"@webdo_tn\" \/>\n<meta name=\"twitter:label1\" content=\"\u00c9crit par\" \/>\n\t<meta name=\"twitter:data1\" content=\"CL\" \/>\n\t<meta name=\"twitter:label2\" content=\"Dur\u00e9e de lecture estim\u00e9e\" \/>\n\t<meta name=\"twitter:data2\" content=\"1 minute\" \/>\n<script type=\"application\/ld+json\" class=\"yoast-schema-graph\">{\"@context\":\"https:\\\/\\\/schema.org\",\"@graph\":[{\"@type\":\"NewsArticle\",\"@id\":\"https:\\\/\\\/www.webdo.tn\\\/fr\\\/actualite\\\/national\\\/les-boulangeries-modernent-reprennent-leur-sit-in\\\/208009\\\/#article\",\"isPartOf\":{\"@id\":\"https:\\\/\\\/www.webdo.tn\\\/fr\\\/actualite\\\/national\\\/les-boulangeries-modernent-reprennent-leur-sit-in\\\/208009\\\/\"},\"author\":{\"name\":\"CL\",\"@id\":\"https:\\\/\\\/www.webdo.tn\\\/fr\\\/#\\\/schema\\\/person\\\/f35b42a42c5e2511bbd282959d6385cc\"},\"headline\":\"Les boulangeries modernes reprennent leur sit-in\",\"datePublished\":\"2023-08-18T09:20:00+00:00\",\"dateModified\":\"2025-05-20T22:51:27+00:00\",\"mainEntityOfPage\":{\"@id\":\"https:\\\/\\\/www.webdo.tn\\\/fr\\\/actualite\\\/national\\\/les-boulangeries-modernent-reprennent-leur-sit-in\\\/208009\\\/\"},\"wordCount\":237,\"commentCount\":0,\"publisher\":{\"@id\":\"https:\\\/\\\/www.webdo.tn\\\/fr\\\/#organization\"},\"image\":{\"@id\":\"https:\\\/\\\/www.webdo.tn\\\/fr\\\/actualite\\\/national\\\/les-boulangeries-modernent-reprennent-leur-sit-in\\\/208009\\\/#primaryimage\"},\"thumbnailUrl\":\"https:\\\/\\\/www.webdo.tn\\\/fr\\\/wp-content\\\/uploads\\\/2023\\\/08\\\/e59b0f4a76e85e28455feb459fd479ab.jpg\",\"keywords\":[\"boulangeries\",\"sit-in\",\"Tunisie\"],\"articleSection\":[\"National\"],\"inLanguage\":\"fr-FR\"},{\"@type\":\"WebPage\",\"@id\":\"https:\\\/\\\/www.webdo.tn\\\/fr\\\/actualite\\\/national\\\/les-boulangeries-modernent-reprennent-leur-sit-in\\\/208009\\\/\",\"url\":\"https:\\\/\\\/www.webdo.tn\\\/fr\\\/actualite\\\/national\\\/les-boulangeries-modernent-reprennent-leur-sit-in\\\/208009\\\/\",\"name\":\"Les boulangeries modernes reprennent leur sit-in\",\"isPartOf\":{\"@id\":\"https:\\\/\\\/www.webdo.tn\\\/fr\\\/#website\"},\"primaryImageOfPage\":{\"@id\":\"https:\\\/\\\/www.webdo.tn\\\/fr\\\/actualite\\\/national\\\/les-boulangeries-modernent-reprennent-leur-sit-in\\\/208009\\\/#primaryimage\"},\"image\":{\"@id\":\"https:\\\/\\\/www.webdo.tn\\\/fr\\\/actualite\\\/national\\\/les-boulangeries-modernent-reprennent-leur-sit-in\\\/208009\\\/#primaryimage\"},\"thumbnailUrl\":\"https:\\\/\\\/www.webdo.tn\\\/fr\\\/wp-content\\\/uploads\\\/2023\\\/08\\\/e59b0f4a76e85e28455feb459fd479ab.jpg\",\"datePublished\":\"2023-08-18T09:20:00+00:00\",\"dateModified\":\"2025-05-20T22:51:27+00:00\",\"description\":\"Le groupement professionnel des boulangeries modernes relevant de la Conf\u00e9d\u00e9ration des Entreprises Citoyennes de Tunisie (CONECT) a d\u00e9cid\u00e9 de reprendre ses mouv...\",\"breadcrumb\":{\"@id\":\"https:\\\/\\\/www.webdo.tn\\\/fr\\\/actualite\\\/national\\\/les-boulangeries-modernent-reprennent-leur-sit-in\\\/208009\\\/#breadcrumb\"},\"inLanguage\":\"fr-FR\",\"potentialAction\":[{\"@type\":\"ReadAction\",\"target\":[\"https:\\\/\\\/www.webdo.tn\\\/fr\\\/actualite\\\/national\\\/les-boulangeries-modernent-reprennent-leur-sit-in\\\/208009\\\/\"]}]},{\"@type\":\"ImageObject\",\"inLanguage\":\"fr-FR\",\"@id\":\"https:\\\/\\\/www.webdo.tn\\\/fr\\\/actualite\\\/national\\\/les-boulangeries-modernent-reprennent-leur-sit-in\\\/208009\\\/#primaryimage\",\"url\":\"https:\\\/\\\/www.webdo.tn\\\/fr\\\/wp-content\\\/uploads\\\/2023\\\/08\\\/e59b0f4a76e85e28455feb459fd479ab.jpg\",\"contentUrl\":\"https:\\\/\\\/www.webdo.tn\\\/fr\\\/wp-content\\\/uploads\\\/2023\\\/08\\\/e59b0f4a76e85e28455feb459fd479ab.jpg\",\"width\":750,\"height\":400,\"caption\":\"Les boulangeries modernes reprennent leur sit-in\"},{\"@type\":\"BreadcrumbList\",\"@id\":\"https:\\\/\\\/www.webdo.tn\\\/fr\\\/actualite\\\/national\\\/les-boulangeries-modernent-reprennent-leur-sit-in\\\/208009\\\/#breadcrumb\",\"itemListElement\":[{\"@type\":\"ListItem\",\"position\":1,\"name\":\"Accueil\",\"item\":\"https:\\\/\\\/www.webdo.tn\\\/fr\\\/\"},{\"@type\":\"ListItem\",\"position\":2,\"name\":\"Les boulangeries modernes reprennent leur sit-in\"}]},{\"@type\":\"WebSite\",\"@id\":\"https:\\\/\\\/www.webdo.tn\\\/fr\\\/#website\",\"url\":\"https:\\\/\\\/www.webdo.tn\\\/fr\\\/\",\"name\":\"webdo\",\"description\":\"Tunisie - News en Tunisie et \u00e0 l&#039;international sur Webdo.tn\",\"publisher\":{\"@id\":\"https:\\\/\\\/www.webdo.tn\\\/fr\\\/#organization\"},\"potentialAction\":[{\"@type\":\"SearchAction\",\"target\":{\"@type\":\"EntryPoint\",\"urlTemplate\":\"https:\\\/\\\/www.webdo.tn\\\/fr\\\/?s={search_term_string}\"},\"query-input\":{\"@type\":\"PropertyValueSpecification\",\"valueRequired\":true,\"valueName\":\"search_term_string\"}}],\"inLanguage\":\"fr-FR\"},{\"@type\":\"Organization\",\"@id\":\"https:\\\/\\\/www.webdo.tn\\\/fr\\\/#organization\",\"name\":\"Webdo\",\"alternateName\":\"Webdo.tn\",\"url\":\"https:\\\/\\\/www.webdo.tn\\\/fr\\\/\",\"logo\":{\"@type\":\"ImageObject\",\"inLanguage\":\"fr-FR\",\"@id\":\"https:\\\/\\\/www.webdo.tn\\\/fr\\\/#\\\/schema\\\/logo\\\/image\\\/\",\"url\":\"https:\\\/\\\/www.webdo.tn\\\/fr\\\/wp-content\\\/uploads\\\/2025\\\/06\\\/Webdo-Tunisie_168377.jpg\",\"contentUrl\":\"https:\\\/\\\/www.webdo.tn\\\/fr\\\/wp-content\\\/uploads\\\/2025\\\/06\\\/Webdo-Tunisie_168377.jpg\",\"width\":301,\"height\":301,\"caption\":\"Webdo\"},\"image\":{\"@id\":\"https:\\\/\\\/www.webdo.tn\\\/fr\\\/#\\\/schema\\\/logo\\\/image\\\/\"},\"sameAs\":[\"https:\\\/\\\/www.facebook.com\\\/webdotn\",\"https:\\\/\\\/x.com\\\/webdo_tn\"],\"description\":\"Webdo est un m\u00e9dia num\u00e9rique tunisien fond\u00e9 en 2010, sp\u00e9cialis\u00e9 dans l\u2019actualit\u00e9 nationale et internationale, l\u2019\u00e9conomie, la soci\u00e9t\u00e9 et les analyses politiques. Le site s\u2019adresse \u00e0 un large public francophone et couvre l\u2019information tunisienne en temps r\u00e9el.\",\"email\":\"redac@webdo.tn\",\"legalName\":\"YNJ SARL\",\"foundingDate\":\"2010-09-06\",\"numberOfEmployees\":{\"@type\":\"QuantitativeValue\",\"minValue\":\"11\",\"maxValue\":\"50\"}},{\"@type\":\"Person\",\"@id\":\"https:\\\/\\\/www.webdo.tn\\\/fr\\\/#\\\/schema\\\/person\\\/f35b42a42c5e2511bbd282959d6385cc\",\"name\":\"CL\",\"image\":{\"@type\":\"ImageObject\",\"inLanguage\":\"fr-FR\",\"@id\":\"https:\\\/\\\/secure.gravatar.com\\\/avatar\\\/1447a49909b67aa657c488aec6512e1dd6143a480c1ecfee9b5b5cd74eb3b59e?s=96&d=mm&r=g\",\"url\":\"https:\\\/\\\/secure.gravatar.com\\\/avatar\\\/1447a49909b67aa657c488aec6512e1dd6143a480c1ecfee9b5b5cd74eb3b59e?s=96&d=mm&r=g\",\"contentUrl\":\"https:\\\/\\\/secure.gravatar.com\\\/avatar\\\/1447a49909b67aa657c488aec6512e1dd6143a480c1ecfee9b5b5cd74eb3b59e?s=96&d=mm&r=g\",\"caption\":\"CL\"},\"url\":\"https:\\\/\\\/www.webdo.tn\\\/fr\\\/actualite\\\/author\\\/cl\\\/\"}]}<\/script>\n<!-- \/ Yoast SEO Premium plugin. -->","yoast_head_json":{"title":"Les boulangeries modernes reprennent leur sit-in","description":"Le groupement professionnel des boulangeries modernes relevant de la Conf\u00e9d\u00e9ration des Entreprises Citoyennes de Tunisie (CONECT) a d\u00e9cid\u00e9 de reprendre ses mouv...","canonical":"https:\/\/www.webdo.tn\/fr\/actualite\/national\/les-boulangeries-modernent-reprennent-leur-sit-in\/208009\/","og_locale":"fr_FR","og_type":"article","og_title":"Les boulangeries modernes reprennent leur sit-in","og_description":"Le groupement professionnel des boulangeries modernes relevant de la Conf\u00e9d\u00e9ration des Entreprises Citoyennes de Tunisie (CONECT) a d\u00e9cid\u00e9 de reprendre ses mouv...","og_url":"https:\/\/www.webdo.tn\/fr\/actualite\/national\/les-boulangeries-modernent-reprennent-leur-sit-in\/208009\/","og_site_name":"webdo","article_publisher":"https:\/\/www.facebook.com\/webdotn","article_published_time":"2023-08-18T09:20:00+00:00","article_modified_time":"2025-05-20T22:51:27+00:00","og_image":[{"width":750,"height":400,"url":"https:\/\/www.webdo.tn\/fr\/wp-content\/uploads\/2023\/08\/e59b0f4a76e85e28455feb459fd479ab.jpg","type":"image\/jpeg"}],"author":"CL","twitter_card":"summary_large_image","twitter_creator":"@webdo_tn","twitter_site":"@webdo_tn","twitter_misc":{"\u00c9crit par":"CL","Dur\u00e9e de lecture estim\u00e9e":"1 minute"},"schema":{"@context":"https:\/\/schema.org","@graph":[{"@type":"NewsArticle","@id":"https:\/\/www.webdo.tn\/fr\/actualite\/national\/les-boulangeries-modernent-reprennent-leur-sit-in\/208009\/#article","isPartOf":{"@id":"https:\/\/www.webdo.tn\/fr\/actualite\/national\/les-boulangeries-modernent-reprennent-leur-sit-in\/208009\/"},"author":{"name":"CL","@id":"https:\/\/www.webdo.tn\/fr\/#\/schema\/person\/f35b42a42c5e2511bbd282959d6385cc"},"headline":"Les boulangeries modernes reprennent leur sit-in","datePublished":"2023-08-18T09:20:00+00:00","dateModified":"2025-05-20T22:51:27+00:00","mainEntityOfPage":{"@id":"https:\/\/www.webdo.tn\/fr\/actualite\/national\/les-boulangeries-modernent-reprennent-leur-sit-in\/208009\/"},"wordCount":237,"commentCount":0,"publisher":{"@id":"https:\/\/www.webdo.tn\/fr\/#organization"},"image":{"@id":"https:\/\/www.webdo.tn\/fr\/actualite\/national\/les-boulangeries-modernent-reprennent-leur-sit-in\/208009\/#primaryimage"},"thumbnailUrl":"https:\/\/www.webdo.tn\/fr\/wp-content\/uploads\/2023\/08\/e59b0f4a76e85e28455feb459fd479ab.jpg","keywords":["boulangeries","sit-in","Tunisie"],"articleSection":["National"],"inLanguage":"fr-FR"},{"@type":"WebPage","@id":"https:\/\/www.webdo.tn\/fr\/actualite\/national\/les-boulangeries-modernent-reprennent-leur-sit-in\/208009\/","url":"https:\/\/www.webdo.tn\/fr\/actualite\/national\/les-boulangeries-modernent-reprennent-leur-sit-in\/208009\/","name":"Les boulangeries modernes reprennent leur sit-in","isPartOf":{"@id":"https:\/\/www.webdo.tn\/fr\/#website"},"primaryImageOfPage":{"@id":"https:\/\/www.webdo.tn\/fr\/actualite\/national\/les-boulangeries-modernent-reprennent-leur-sit-in\/208009\/#primaryimage"},"image":{"@id":"https:\/\/www.webdo.tn\/fr\/actualite\/national\/les-boulangeries-modernent-reprennent-leur-sit-in\/208009\/#primaryimage"},"thumbnailUrl":"https:\/\/www.webdo.tn\/fr\/wp-content\/uploads\/2023\/08\/e59b0f4a76e85e28455feb459fd479ab.jpg","datePublished":"2023-08-18T09:20:00+00:00","dateModified":"2025-05-20T22:51:27+00:00","description":"Le groupement professionnel des boulangeries modernes relevant de la Conf\u00e9d\u00e9ration des Entreprises Citoyennes de Tunisie (CONECT) a d\u00e9cid\u00e9 de reprendre ses mouv...","breadcrumb":{"@id":"https:\/\/www.webdo.tn\/fr\/actualite\/national\/les-boulangeries-modernent-reprennent-leur-sit-in\/208009\/#breadcrumb"},"inLanguage":"fr-FR","potentialAction":[{"@type":"ReadAction","target":["https:\/\/www.webdo.tn\/fr\/actualite\/national\/les-boulangeries-modernent-reprennent-leur-sit-in\/208009\/"]}]},{"@type":"ImageObject","inLanguage":"fr-FR","@id":"https:\/\/www.webdo.tn\/fr\/actualite\/national\/les-boulangeries-modernent-reprennent-leur-sit-in\/208009\/#primaryimage","url":"https:\/\/www.webdo.tn\/fr\/wp-content\/uploads\/2023\/08\/e59b0f4a76e85e28455feb459fd479ab.jpg","contentUrl":"https:\/\/www.webdo.tn\/fr\/wp-content\/uploads\/2023\/08\/e59b0f4a76e85e28455feb459fd479ab.jpg","width":750,"height":400,"caption":"Les boulangeries modernes reprennent leur sit-in"},{"@type":"BreadcrumbList","@id":"https:\/\/www.webdo.tn\/fr\/actualite\/national\/les-boulangeries-modernent-reprennent-leur-sit-in\/208009\/#breadcrumb","itemListElement":[{"@type":"ListItem","position":1,"name":"Accueil","item":"https:\/\/www.webdo.tn\/fr\/"},{"@type":"ListItem","position":2,"name":"Les boulangeries modernes reprennent leur sit-in"}]},{"@type":"WebSite","@id":"https:\/\/www.webdo.tn\/fr\/#website","url":"https:\/\/www.webdo.tn\/fr\/","name":"webdo","description":"Tunisie - News en Tunisie et \u00e0 l&#039;international sur Webdo.tn","publisher":{"@id":"https:\/\/www.webdo.tn\/fr\/#organization"},"potentialAction":[{"@type":"SearchAction","target":{"@type":"EntryPoint","urlTemplate":"https:\/\/www.webdo.tn\/fr\/?s={search_term_string}"},"query-input":{"@type":"PropertyValueSpecification","valueRequired":true,"valueName":"search_term_string"}}],"inLanguage":"fr-FR"},{"@type":"Organization","@id":"https:\/\/www.webdo.tn\/fr\/#organization","name":"Webdo","alternateName":"Webdo.tn","url":"https:\/\/www.webdo.tn\/fr\/","logo":{"@type":"ImageObject","inLanguage":"fr-FR","@id":"https:\/\/www.webdo.tn\/fr\/#\/schema\/logo\/image\/","url":"https:\/\/www.webdo.tn\/fr\/wp-content\/uploads\/2025\/06\/Webdo-Tunisie_168377.jpg","contentUrl":"https:\/\/www.webdo.tn\/fr\/wp-content\/uploads\/2025\/06\/Webdo-Tunisie_168377.jpg","width":301,"height":301,"caption":"Webdo"},"image":{"@id":"https:\/\/www.webdo.tn\/fr\/#\/schema\/logo\/image\/"},"sameAs":["https:\/\/www.facebook.com\/webdotn","https:\/\/x.com\/webdo_tn"],"description":"Webdo est un m\u00e9dia num\u00e9rique tunisien fond\u00e9 en 2010, sp\u00e9cialis\u00e9 dans l\u2019actualit\u00e9 nationale et internationale, l\u2019\u00e9conomie, la soci\u00e9t\u00e9 et les analyses politiques. Le site s\u2019adresse \u00e0 un large public francophone et couvre l\u2019information tunisienne en temps r\u00e9el.","email":"redac@webdo.tn","legalName":"YNJ SARL","foundingDate":"2010-09-06","numberOfEmployees":{"@type":"QuantitativeValue","minValue":"11","maxValue":"50"}},{"@type":"Person","@id":"https:\/\/www.webdo.tn\/fr\/#\/schema\/person\/f35b42a42c5e2511bbd282959d6385cc","name":"CL","image":{"@type":"ImageObject","inLanguage":"fr-FR","@id":"https:\/\/secure.gravatar.com\/avatar\/1447a49909b67aa657c488aec6512e1dd6143a480c1ecfee9b5b5cd74eb3b59e?s=96&d=mm&r=g","url":"https:\/\/secure.gravatar.com\/avatar\/1447a49909b67aa657c488aec6512e1dd6143a480c1ecfee9b5b5cd74eb3b59e?s=96&d=mm&r=g","contentUrl":"https:\/\/secure.gravatar.com\/avatar\/1447a49909b67aa657c488aec6512e1dd6143a480c1ecfee9b5b5cd74eb3b59e?s=96&d=mm&r=g","caption":"CL"},"url":"https:\/\/www.webdo.tn\/fr\/actualite\/author\/cl\/"}]}},"_links":{"self":[{"href":"https:\/\/www.webdo.tn\/fr\/wp-json\/wp\/v2\/posts\/208009","targetHints":{"allow":["GET"]}}],"collection":[{"href":"https:\/\/www.webdo.tn\/fr\/wp-json\/wp\/v2\/posts"}],"about":[{"href":"https:\/\/www.webdo.tn\/fr\/wp-json\/wp\/v2\/types\/post"}],"author":[{"embeddable":true,"href":"https:\/\/www.webdo.tn\/fr\/wp-json\/wp\/v2\/users\/3175"}],"replies":[{"embeddable":true,"href":"https:\/\/www.webdo.tn\/fr\/wp-json\/wp\/v2\/comments?post=208009"}],"version-history":[{"count":0,"href":"https:\/\/www.webdo.tn\/fr\/wp-json\/wp\/v2\/posts\/208009\/revisions"}],"wp:featuredmedia":[{"embeddable":true,"href":"https:\/\/www.webdo.tn\/fr\/wp-json\/wp\/v2\/media\/278606"}],"wp:attachment":[{"href":"https:\/\/www.webdo.tn\/fr\/wp-json\/wp\/v2\/media?parent=208009"}],"wp:term":[{"taxonomy":"category","embeddable":true,"href":"https:\/\/www.webdo.tn\/fr\/wp-json\/wp\/v2\/categories?post=208009"},{"taxonomy":"post_tag","embeddable":true,"href":"https:\/\/www.webdo.tn\/fr\/wp-json\/wp\/v2\/tags?post=208009"}],"curies":[{"name":"wp","href":"https:\/\/api.w.org\/{rel}","templated":true}]}}