{"id":207988,"date":"2023-08-17T11:15:00","date_gmt":"2023-08-17T11:15:00","guid":{"rendered":"https:\/\/www.webdo.tn\/fr\/blog\/soeurs-grises-soeurs-augustines-il-y-a-soixante-ans-des-religieuses-quebecoises-en-tunisie\/207988\/"},"modified":"2023-08-17T11:15:00","modified_gmt":"2023-08-17T11:15:00","slug":"soeurs-grises-soeurs-augustines-il-y-a-soixante-ans-des-religieuses-quebecoises-en-tunisie","status":"publish","type":"post","link":"https:\/\/www.webdo.tn\/fr\/actualite\/chroniques\/soeurs-grises-soeurs-augustines-il-y-a-soixante-ans-des-religieuses-quebecoises-en-tunisie\/207988\/","title":{"rendered":"S\u0153urs grises, s\u0153urs augustines : Il y a soixante ans, des religieuses qu\u00e9b\u00e9coises en Tunisie"},"content":{"rendered":"<p>Au d\u00e9but des ann\u00e9es soixante, l&rsquo;Archev\u00eaque de Tunis avait demand\u00e9 \u00e0 l&rsquo;\u00e9glise catholique au Qu\u00e9bec, l&rsquo;envoi en Tunisie de religieuses canadiennes.<\/p>\n<p>\t\t\t\t\t\t\t\t\tSimultan\u00e9ment, la coop\u00e9ration entre la Tunisie et le Canada se mat\u00e9rialisait \u00e0 travers un grand projet dans le domaine de la Sant\u00e9 publique.\u00a0<br \/>\nC&rsquo;est pour ces raisons crois\u00e9es que le d\u00e9nominateur commun des congr\u00e9gations religieuses canadiennes en Tunisie, sera essentiellement le travail dans les h\u00f4pitaux.\u00a0<\/p>\n<p>Quatre congr\u00e9gations religieuses qu\u00e9b\u00e9coises seront actives en Tunisie \u00e0 partir de 1963 et, pour deux d&rsquo;entre elles, maintiendront leur pr\u00e9sence jusqu&rsquo;en 1977.<\/p>\n<p>Les S\u0153urs grises sont arriv\u00e9es les premi\u00e8res, en mai 1963. Infirmi\u00e8res et pu\u00e9ricultrices, elles installeront deux communaut\u00e9s \u00e0 la rue Al Jazira puis \u00e0 Montfleury.<\/p>\n<p>Avec neuf s\u0153urs, entre h\u00f4pitaux et jardins d&rsquo;enfants, la communaut\u00e9 a \u00e9t\u00e9 active durant une quinzaine d&rsquo;ann\u00e9es. Toutefois, devant le tarissement des financements de la coop\u00e9ration canadienne, les S\u0153urs grises sont rentr\u00e9es au pays en 1977.<\/p>\n<p>Les S\u0153urs de la Charit\u00e9 sont arriv\u00e9es en Tunisie, la m\u00eame ann\u00e9e, il y a soixante ans, en 1963. Install\u00e9es non loin de Bab Saadoun, elles ont \u0153uvr\u00e9 dans les h\u00f4pitaux jusqu&rsquo;en 1977 et quitteront \u00e9galement la Tunisie en 1977, pour les m\u00eames raisons financi\u00e8res.\u00a0<\/p>\n<p>Les S\u0153urs du Bon Pasteur de Qu\u00e9bec sont pour leur part, arriv\u00e9es en 1965 et cette communaut\u00e9 ne sera pr\u00e9sente en Tunisie que durant cinq ans.\u00a0<br \/>\nInfirmi\u00e8res, les quatre s\u0153urs de cette communaut\u00e9 mettront fin \u00e0 leur mission en 1970.<\/p>\n<p>Enfin, les S\u0153urs augustines de Qu\u00e9bec seront en Tunisie entre 1965 et 1970. Install\u00e9e \u00e0 Cit\u00e9 Jardins, cette petite communaut\u00e9 interrompra sa pr\u00e9sence pour des raisons pratiques. Il \u00e9tait en effet difficile pour les s\u0153urs augustines de concilier entre le travail \u00e0 l&rsquo;h\u00f4pital et leur vocation contemplative et monastique.\u00a0<\/p>\n<p>Apr\u00e8s le d\u00e9part de ces quatre congr\u00e9gations, il n&rsquo;y a plus eu de pr\u00e9sence catholique canadienne en Tunisie. Toutefois, des organisations non gouvernementales ont maintenu les liens de coop\u00e9ration soutenus par l&rsquo;Agence canadienne de d\u00e9veloppement international (ACDI). Citons par exemple l&rsquo;Organisation canadienne de solidarit\u00e9 pour le d\u00e9veloppement (OCSD), pr\u00e9sente en Tunisie jusqu&rsquo;aux ann\u00e9es 1990.<br \/>\n\u00a0<\/p>\n<p>\u00a0<\/p>\n<p>H.B.<\/p>\n","protected":false},"excerpt":{"rendered":"<p>Au d\u00e9but des ann\u00e9es soixante, l&rsquo;Archev\u00eaque de Tunis avait demand\u00e9 \u00e0 l&rsquo;\u00e9glise catholique au Qu\u00e9bec, l&rsquo;envoi en Tunisie de religieuses canadiennes.<\/p>\n","protected":false},"author":3229,"featured_media":249528,"comment_status":"open","ping_status":"closed","sticky":false,"template":"","format":"standard","meta":{"footnotes":""},"categories":[2596],"tags":[3364,2608],"class_list":["post-207988","post","type-post","status-publish","format-standard","has-post-thumbnail","hentry","category-chroniques","tag-histoire","tag-tunisie"],"yoast_head":"<!-- This site is optimized with the Yoast SEO Premium plugin v27.4 (Yoast SEO v27.5) - https:\/\/yoast.com\/product\/yoast-seo-premium-wordpress\/ -->\n<title>S\u0153urs grises, s\u0153urs augustines : Il y a soixante ans, des religieuses qu\u00e9b\u00e9coises en Tunisie<\/title>\n<meta name=\"description\" content=\"Au d\u00e9but des ann\u00e9es soixante, l&#039;Archev\u00eaque de Tunis avait demand\u00e9 \u00e0 l&#039;\u00e9glise catholique au Qu\u00e9bec, l&#039;envoi en Tunisie de religieuses canadiennes.\" \/>\n<link rel=\"canonical\" href=\"https:\/\/www.webdo.tn\/fr\/actualite\/chroniques\/soeurs-grises-soeurs-augustines-il-y-a-soixante-ans-des-religieuses-quebecoises-en-tunisie\/207988\/\" \/>\n<meta property=\"og:locale\" content=\"fr_FR\" \/>\n<meta property=\"og:type\" content=\"article\" \/>\n<meta property=\"og:title\" content=\"S\u0153urs grises, s\u0153urs augustines : Il y a soixante ans, des religieuses qu\u00e9b\u00e9coises en Tunisie\" \/>\n<meta property=\"og:description\" content=\"Au d\u00e9but des ann\u00e9es soixante, l&#039;Archev\u00eaque de Tunis avait demand\u00e9 \u00e0 l&#039;\u00e9glise catholique au Qu\u00e9bec, l&#039;envoi en Tunisie de religieuses canadiennes.\" \/>\n<meta property=\"og:url\" content=\"https:\/\/www.webdo.tn\/fr\/actualite\/chroniques\/soeurs-grises-soeurs-augustines-il-y-a-soixante-ans-des-religieuses-quebecoises-en-tunisie\/207988\/\" \/>\n<meta property=\"og:site_name\" content=\"webdo\" \/>\n<meta property=\"article:publisher\" content=\"https:\/\/www.facebook.com\/webdotn\" \/>\n<meta property=\"article:author\" content=\"https:\/\/www.facebook.com\/hatem.bourial.2025\" \/>\n<meta property=\"article:published_time\" content=\"2023-08-17T11:15:00+00:00\" \/>\n<meta property=\"og:image\" content=\"https:\/\/www.webdo.tn\/fr\/wp-content\/uploads\/2023\/08\/2dae8449d1b637b8d9fbe374e3a21c8e.jpg\" \/>\n\t<meta property=\"og:image:width\" content=\"720\" \/>\n\t<meta property=\"og:image:height\" content=\"384\" \/>\n\t<meta property=\"og:image:type\" content=\"image\/jpeg\" \/>\n<meta name=\"author\" content=\"Hatem Bourial\" \/>\n<meta name=\"twitter:card\" content=\"summary_large_image\" \/>\n<meta name=\"twitter:creator\" content=\"@webdo_tn\" \/>\n<meta name=\"twitter:site\" content=\"@webdo_tn\" \/>\n<meta name=\"twitter:label1\" content=\"\u00c9crit par\" \/>\n\t<meta name=\"twitter:data1\" content=\"Hatem Bourial\" \/>\n\t<meta name=\"twitter:label2\" content=\"Dur\u00e9e de lecture estim\u00e9e\" \/>\n\t<meta name=\"twitter:data2\" content=\"2 minutes\" \/>\n<script type=\"application\/ld+json\" class=\"yoast-schema-graph\">{\"@context\":\"https:\\\/\\\/schema.org\",\"@graph\":[{\"@type\":\"NewsArticle\",\"@id\":\"https:\\\/\\\/www.webdo.tn\\\/fr\\\/actualite\\\/chroniques\\\/soeurs-grises-soeurs-augustines-il-y-a-soixante-ans-des-religieuses-quebecoises-en-tunisie\\\/207988\\\/#article\",\"isPartOf\":{\"@id\":\"https:\\\/\\\/www.webdo.tn\\\/fr\\\/actualite\\\/chroniques\\\/soeurs-grises-soeurs-augustines-il-y-a-soixante-ans-des-religieuses-quebecoises-en-tunisie\\\/207988\\\/\"},\"author\":{\"name\":\"Hatem Bourial\",\"@id\":\"https:\\\/\\\/www.webdo.tn\\\/fr\\\/#\\\/schema\\\/person\\\/6bc0beba2cd23aec27cb5df85ca2554f\"},\"headline\":\"S\u0153urs grises, s\u0153urs augustines : Il y a soixante ans, des religieuses qu\u00e9b\u00e9coises en Tunisie\",\"datePublished\":\"2023-08-17T11:15:00+00:00\",\"mainEntityOfPage\":{\"@id\":\"https:\\\/\\\/www.webdo.tn\\\/fr\\\/actualite\\\/chroniques\\\/soeurs-grises-soeurs-augustines-il-y-a-soixante-ans-des-religieuses-quebecoises-en-tunisie\\\/207988\\\/\"},\"wordCount\":407,\"commentCount\":0,\"publisher\":{\"@id\":\"https:\\\/\\\/www.webdo.tn\\\/fr\\\/#organization\"},\"image\":{\"@id\":\"https:\\\/\\\/www.webdo.tn\\\/fr\\\/actualite\\\/chroniques\\\/soeurs-grises-soeurs-augustines-il-y-a-soixante-ans-des-religieuses-quebecoises-en-tunisie\\\/207988\\\/#primaryimage\"},\"thumbnailUrl\":\"https:\\\/\\\/www.webdo.tn\\\/fr\\\/wp-content\\\/uploads\\\/2023\\\/08\\\/2dae8449d1b637b8d9fbe374e3a21c8e.jpg\",\"keywords\":[\"histoire\",\"Tunisie\"],\"articleSection\":[\"Chroniques\"],\"inLanguage\":\"fr-FR\"},{\"@type\":\"WebPage\",\"@id\":\"https:\\\/\\\/www.webdo.tn\\\/fr\\\/actualite\\\/chroniques\\\/soeurs-grises-soeurs-augustines-il-y-a-soixante-ans-des-religieuses-quebecoises-en-tunisie\\\/207988\\\/\",\"url\":\"https:\\\/\\\/www.webdo.tn\\\/fr\\\/actualite\\\/chroniques\\\/soeurs-grises-soeurs-augustines-il-y-a-soixante-ans-des-religieuses-quebecoises-en-tunisie\\\/207988\\\/\",\"name\":\"S\u0153urs grises, s\u0153urs augustines : Il y a soixante ans, des religieuses qu\u00e9b\u00e9coises en Tunisie\",\"isPartOf\":{\"@id\":\"https:\\\/\\\/www.webdo.tn\\\/fr\\\/#website\"},\"primaryImageOfPage\":{\"@id\":\"https:\\\/\\\/www.webdo.tn\\\/fr\\\/actualite\\\/chroniques\\\/soeurs-grises-soeurs-augustines-il-y-a-soixante-ans-des-religieuses-quebecoises-en-tunisie\\\/207988\\\/#primaryimage\"},\"image\":{\"@id\":\"https:\\\/\\\/www.webdo.tn\\\/fr\\\/actualite\\\/chroniques\\\/soeurs-grises-soeurs-augustines-il-y-a-soixante-ans-des-religieuses-quebecoises-en-tunisie\\\/207988\\\/#primaryimage\"},\"thumbnailUrl\":\"https:\\\/\\\/www.webdo.tn\\\/fr\\\/wp-content\\\/uploads\\\/2023\\\/08\\\/2dae8449d1b637b8d9fbe374e3a21c8e.jpg\",\"datePublished\":\"2023-08-17T11:15:00+00:00\",\"description\":\"Au d\u00e9but des ann\u00e9es soixante, l'Archev\u00eaque de Tunis avait demand\u00e9 \u00e0 l'\u00e9glise catholique au Qu\u00e9bec, l'envoi en Tunisie de religieuses canadiennes.\",\"breadcrumb\":{\"@id\":\"https:\\\/\\\/www.webdo.tn\\\/fr\\\/actualite\\\/chroniques\\\/soeurs-grises-soeurs-augustines-il-y-a-soixante-ans-des-religieuses-quebecoises-en-tunisie\\\/207988\\\/#breadcrumb\"},\"inLanguage\":\"fr-FR\",\"potentialAction\":[{\"@type\":\"ReadAction\",\"target\":[\"https:\\\/\\\/www.webdo.tn\\\/fr\\\/actualite\\\/chroniques\\\/soeurs-grises-soeurs-augustines-il-y-a-soixante-ans-des-religieuses-quebecoises-en-tunisie\\\/207988\\\/\"]}]},{\"@type\":\"ImageObject\",\"inLanguage\":\"fr-FR\",\"@id\":\"https:\\\/\\\/www.webdo.tn\\\/fr\\\/actualite\\\/chroniques\\\/soeurs-grises-soeurs-augustines-il-y-a-soixante-ans-des-religieuses-quebecoises-en-tunisie\\\/207988\\\/#primaryimage\",\"url\":\"https:\\\/\\\/www.webdo.tn\\\/fr\\\/wp-content\\\/uploads\\\/2023\\\/08\\\/2dae8449d1b637b8d9fbe374e3a21c8e.jpg\",\"contentUrl\":\"https:\\\/\\\/www.webdo.tn\\\/fr\\\/wp-content\\\/uploads\\\/2023\\\/08\\\/2dae8449d1b637b8d9fbe374e3a21c8e.jpg\",\"width\":720,\"height\":384,\"caption\":\"S\u0153urs grises, s\u0153urs augustines : Il y a soixante ans, des religieuses qu\u00e9b\u00e9coises en Tunisie\"},{\"@type\":\"BreadcrumbList\",\"@id\":\"https:\\\/\\\/www.webdo.tn\\\/fr\\\/actualite\\\/chroniques\\\/soeurs-grises-soeurs-augustines-il-y-a-soixante-ans-des-religieuses-quebecoises-en-tunisie\\\/207988\\\/#breadcrumb\",\"itemListElement\":[{\"@type\":\"ListItem\",\"position\":1,\"name\":\"Accueil\",\"item\":\"https:\\\/\\\/www.webdo.tn\\\/fr\\\/\"},{\"@type\":\"ListItem\",\"position\":2,\"name\":\"S\u0153urs grises, s\u0153urs augustines : Il y a soixante ans, des religieuses qu\u00e9b\u00e9coises en Tunisie\"}]},{\"@type\":\"WebSite\",\"@id\":\"https:\\\/\\\/www.webdo.tn\\\/fr\\\/#website\",\"url\":\"https:\\\/\\\/www.webdo.tn\\\/fr\\\/\",\"name\":\"webdo\",\"description\":\"Tunisie - News en Tunisie et \u00e0 l&#039;international sur Webdo.tn\",\"publisher\":{\"@id\":\"https:\\\/\\\/www.webdo.tn\\\/fr\\\/#organization\"},\"potentialAction\":[{\"@type\":\"SearchAction\",\"target\":{\"@type\":\"EntryPoint\",\"urlTemplate\":\"https:\\\/\\\/www.webdo.tn\\\/fr\\\/?s={search_term_string}\"},\"query-input\":{\"@type\":\"PropertyValueSpecification\",\"valueRequired\":true,\"valueName\":\"search_term_string\"}}],\"inLanguage\":\"fr-FR\"},{\"@type\":\"Organization\",\"@id\":\"https:\\\/\\\/www.webdo.tn\\\/fr\\\/#organization\",\"name\":\"Webdo\",\"alternateName\":\"Webdo.tn\",\"url\":\"https:\\\/\\\/www.webdo.tn\\\/fr\\\/\",\"logo\":{\"@type\":\"ImageObject\",\"inLanguage\":\"fr-FR\",\"@id\":\"https:\\\/\\\/www.webdo.tn\\\/fr\\\/#\\\/schema\\\/logo\\\/image\\\/\",\"url\":\"https:\\\/\\\/www.webdo.tn\\\/fr\\\/wp-content\\\/uploads\\\/2025\\\/06\\\/Webdo-Tunisie_168377.jpg\",\"contentUrl\":\"https:\\\/\\\/www.webdo.tn\\\/fr\\\/wp-content\\\/uploads\\\/2025\\\/06\\\/Webdo-Tunisie_168377.jpg\",\"width\":301,\"height\":301,\"caption\":\"Webdo\"},\"image\":{\"@id\":\"https:\\\/\\\/www.webdo.tn\\\/fr\\\/#\\\/schema\\\/logo\\\/image\\\/\"},\"sameAs\":[\"https:\\\/\\\/www.facebook.com\\\/webdotn\",\"https:\\\/\\\/x.com\\\/webdo_tn\"],\"description\":\"Webdo est un m\u00e9dia num\u00e9rique tunisien fond\u00e9 en 2010, sp\u00e9cialis\u00e9 dans l\u2019actualit\u00e9 nationale et internationale, l\u2019\u00e9conomie, la soci\u00e9t\u00e9 et les analyses politiques. Le site s\u2019adresse \u00e0 un large public francophone et couvre l\u2019information tunisienne en temps r\u00e9el.\",\"email\":\"redac@webdo.tn\",\"legalName\":\"YNJ SARL\",\"foundingDate\":\"2010-09-06\",\"numberOfEmployees\":{\"@type\":\"QuantitativeValue\",\"minValue\":\"11\",\"maxValue\":\"50\"}},{\"@type\":\"Person\",\"@id\":\"https:\\\/\\\/www.webdo.tn\\\/fr\\\/#\\\/schema\\\/person\\\/6bc0beba2cd23aec27cb5df85ca2554f\",\"name\":\"Hatem Bourial\",\"image\":{\"@type\":\"ImageObject\",\"inLanguage\":\"fr-FR\",\"@id\":\"https:\\\/\\\/www.webdo.tn\\\/fr\\\/wp-content\\\/uploads\\\/2026\\\/04\\\/hatem-bourial_avatar-96x96.jpg\",\"url\":\"https:\\\/\\\/www.webdo.tn\\\/fr\\\/wp-content\\\/uploads\\\/2026\\\/04\\\/hatem-bourial_avatar-96x96.jpg\",\"contentUrl\":\"https:\\\/\\\/www.webdo.tn\\\/fr\\\/wp-content\\\/uploads\\\/2026\\\/04\\\/hatem-bourial_avatar-96x96.jpg\",\"caption\":\"Hatem Bourial\"},\"description\":\"Hatem Bourial est journaliste, \u00e9crivain et chroniqueur tunisien. Actif depuis plusieurs d\u00e9cennies, il s\u2019est impos\u00e9 comme un observateur attentif de la soci\u00e9t\u00e9 tunisienne, m\u00ealant dans ses \u00e9crits m\u00e9moire, culture et analyse du quotidien. Auteur de nombreux ouvrages, il d\u00e9veloppe une \u0153uvre \u00e0 la crois\u00e9e du r\u00e9cit, de la po\u00e9sie et de l\u2019observation sociologique. Parall\u00e8lement \u00e0 ses contributions dans la presse, il intervient r\u00e9guli\u00e8rement \u00e0 la radio et dans des espaces culturels, o\u00f9 il explore les enjeux li\u00e9s au patrimoine, \u00e0 l\u2019identit\u00e9 et aux transformations du monde contemporain. \u00c0 travers ses chroniques, Hatem Bourial propose une lecture sensible et approfondie de l\u2019actualit\u00e9, nourrie par une exp\u00e9rience journalistique et litt\u00e9raire reconnue. \ud83d\udd17 Facebook : https:\\\/\\\/www.facebook.com\\\/hatem.bourial.2025\",\"sameAs\":[\"https:\\\/\\\/www.facebook.com\\\/hatem.bourial.2025\",\"https:\\\/\\\/fr.wikipedia.org\\\/wiki\\\/Fichier:Hatem_Bourial.jpg\"],\"knowsAbout\":[\"Culture & patrimoine tunisien\",\"Chronique soci\u00e9tale\",\"Litt\u00e9rature & m\u00e9moire\",\"Cin\u00e9ma & critique culturelle\",\"Identit\u00e9 & mutations sociales\"],\"knowsLanguage\":[\"Arabe\",\"Fran\u00e7ais\",\"Anglais\",\"Italien\",\"Polonais\"],\"jobTitle\":\"Journaliste, \u00e9crivain et chroniqueur culturel\",\"worksFor\":\"Webdo\",\"url\":\"https:\\\/\\\/www.webdo.tn\\\/fr\\\/actualite\\\/author\\\/hatem-bourial-2\\\/\"}]}<\/script>\n<!-- \/ Yoast SEO Premium plugin. -->","yoast_head_json":{"title":"S\u0153urs grises, s\u0153urs augustines : Il y a soixante ans, des religieuses qu\u00e9b\u00e9coises en Tunisie","description":"Au d\u00e9but des ann\u00e9es soixante, l'Archev\u00eaque de Tunis avait demand\u00e9 \u00e0 l'\u00e9glise catholique au Qu\u00e9bec, l'envoi en Tunisie de religieuses canadiennes.","canonical":"https:\/\/www.webdo.tn\/fr\/actualite\/chroniques\/soeurs-grises-soeurs-augustines-il-y-a-soixante-ans-des-religieuses-quebecoises-en-tunisie\/207988\/","og_locale":"fr_FR","og_type":"article","og_title":"S\u0153urs grises, s\u0153urs augustines : Il y a soixante ans, des religieuses qu\u00e9b\u00e9coises en Tunisie","og_description":"Au d\u00e9but des ann\u00e9es soixante, l'Archev\u00eaque de Tunis avait demand\u00e9 \u00e0 l'\u00e9glise catholique au Qu\u00e9bec, l'envoi en Tunisie de religieuses canadiennes.","og_url":"https:\/\/www.webdo.tn\/fr\/actualite\/chroniques\/soeurs-grises-soeurs-augustines-il-y-a-soixante-ans-des-religieuses-quebecoises-en-tunisie\/207988\/","og_site_name":"webdo","article_publisher":"https:\/\/www.facebook.com\/webdotn","article_author":"https:\/\/www.facebook.com\/hatem.bourial.2025","article_published_time":"2023-08-17T11:15:00+00:00","og_image":[{"width":720,"height":384,"url":"https:\/\/www.webdo.tn\/fr\/wp-content\/uploads\/2023\/08\/2dae8449d1b637b8d9fbe374e3a21c8e.jpg","type":"image\/jpeg"}],"author":"Hatem Bourial","twitter_card":"summary_large_image","twitter_creator":"@webdo_tn","twitter_site":"@webdo_tn","twitter_misc":{"\u00c9crit par":"Hatem Bourial","Dur\u00e9e de lecture estim\u00e9e":"2 minutes"},"schema":{"@context":"https:\/\/schema.org","@graph":[{"@type":"NewsArticle","@id":"https:\/\/www.webdo.tn\/fr\/actualite\/chroniques\/soeurs-grises-soeurs-augustines-il-y-a-soixante-ans-des-religieuses-quebecoises-en-tunisie\/207988\/#article","isPartOf":{"@id":"https:\/\/www.webdo.tn\/fr\/actualite\/chroniques\/soeurs-grises-soeurs-augustines-il-y-a-soixante-ans-des-religieuses-quebecoises-en-tunisie\/207988\/"},"author":{"name":"Hatem Bourial","@id":"https:\/\/www.webdo.tn\/fr\/#\/schema\/person\/6bc0beba2cd23aec27cb5df85ca2554f"},"headline":"S\u0153urs grises, s\u0153urs augustines : Il y a soixante ans, des religieuses qu\u00e9b\u00e9coises en Tunisie","datePublished":"2023-08-17T11:15:00+00:00","mainEntityOfPage":{"@id":"https:\/\/www.webdo.tn\/fr\/actualite\/chroniques\/soeurs-grises-soeurs-augustines-il-y-a-soixante-ans-des-religieuses-quebecoises-en-tunisie\/207988\/"},"wordCount":407,"commentCount":0,"publisher":{"@id":"https:\/\/www.webdo.tn\/fr\/#organization"},"image":{"@id":"https:\/\/www.webdo.tn\/fr\/actualite\/chroniques\/soeurs-grises-soeurs-augustines-il-y-a-soixante-ans-des-religieuses-quebecoises-en-tunisie\/207988\/#primaryimage"},"thumbnailUrl":"https:\/\/www.webdo.tn\/fr\/wp-content\/uploads\/2023\/08\/2dae8449d1b637b8d9fbe374e3a21c8e.jpg","keywords":["histoire","Tunisie"],"articleSection":["Chroniques"],"inLanguage":"fr-FR"},{"@type":"WebPage","@id":"https:\/\/www.webdo.tn\/fr\/actualite\/chroniques\/soeurs-grises-soeurs-augustines-il-y-a-soixante-ans-des-religieuses-quebecoises-en-tunisie\/207988\/","url":"https:\/\/www.webdo.tn\/fr\/actualite\/chroniques\/soeurs-grises-soeurs-augustines-il-y-a-soixante-ans-des-religieuses-quebecoises-en-tunisie\/207988\/","name":"S\u0153urs grises, s\u0153urs augustines : Il y a soixante ans, des religieuses qu\u00e9b\u00e9coises en Tunisie","isPartOf":{"@id":"https:\/\/www.webdo.tn\/fr\/#website"},"primaryImageOfPage":{"@id":"https:\/\/www.webdo.tn\/fr\/actualite\/chroniques\/soeurs-grises-soeurs-augustines-il-y-a-soixante-ans-des-religieuses-quebecoises-en-tunisie\/207988\/#primaryimage"},"image":{"@id":"https:\/\/www.webdo.tn\/fr\/actualite\/chroniques\/soeurs-grises-soeurs-augustines-il-y-a-soixante-ans-des-religieuses-quebecoises-en-tunisie\/207988\/#primaryimage"},"thumbnailUrl":"https:\/\/www.webdo.tn\/fr\/wp-content\/uploads\/2023\/08\/2dae8449d1b637b8d9fbe374e3a21c8e.jpg","datePublished":"2023-08-17T11:15:00+00:00","description":"Au d\u00e9but des ann\u00e9es soixante, l'Archev\u00eaque de Tunis avait demand\u00e9 \u00e0 l'\u00e9glise catholique au Qu\u00e9bec, l'envoi en Tunisie de religieuses canadiennes.","breadcrumb":{"@id":"https:\/\/www.webdo.tn\/fr\/actualite\/chroniques\/soeurs-grises-soeurs-augustines-il-y-a-soixante-ans-des-religieuses-quebecoises-en-tunisie\/207988\/#breadcrumb"},"inLanguage":"fr-FR","potentialAction":[{"@type":"ReadAction","target":["https:\/\/www.webdo.tn\/fr\/actualite\/chroniques\/soeurs-grises-soeurs-augustines-il-y-a-soixante-ans-des-religieuses-quebecoises-en-tunisie\/207988\/"]}]},{"@type":"ImageObject","inLanguage":"fr-FR","@id":"https:\/\/www.webdo.tn\/fr\/actualite\/chroniques\/soeurs-grises-soeurs-augustines-il-y-a-soixante-ans-des-religieuses-quebecoises-en-tunisie\/207988\/#primaryimage","url":"https:\/\/www.webdo.tn\/fr\/wp-content\/uploads\/2023\/08\/2dae8449d1b637b8d9fbe374e3a21c8e.jpg","contentUrl":"https:\/\/www.webdo.tn\/fr\/wp-content\/uploads\/2023\/08\/2dae8449d1b637b8d9fbe374e3a21c8e.jpg","width":720,"height":384,"caption":"S\u0153urs grises, s\u0153urs augustines : Il y a soixante ans, des religieuses qu\u00e9b\u00e9coises en Tunisie"},{"@type":"BreadcrumbList","@id":"https:\/\/www.webdo.tn\/fr\/actualite\/chroniques\/soeurs-grises-soeurs-augustines-il-y-a-soixante-ans-des-religieuses-quebecoises-en-tunisie\/207988\/#breadcrumb","itemListElement":[{"@type":"ListItem","position":1,"name":"Accueil","item":"https:\/\/www.webdo.tn\/fr\/"},{"@type":"ListItem","position":2,"name":"S\u0153urs grises, s\u0153urs augustines : Il y a soixante ans, des religieuses qu\u00e9b\u00e9coises en Tunisie"}]},{"@type":"WebSite","@id":"https:\/\/www.webdo.tn\/fr\/#website","url":"https:\/\/www.webdo.tn\/fr\/","name":"webdo","description":"Tunisie - News en Tunisie et \u00e0 l&#039;international sur Webdo.tn","publisher":{"@id":"https:\/\/www.webdo.tn\/fr\/#organization"},"potentialAction":[{"@type":"SearchAction","target":{"@type":"EntryPoint","urlTemplate":"https:\/\/www.webdo.tn\/fr\/?s={search_term_string}"},"query-input":{"@type":"PropertyValueSpecification","valueRequired":true,"valueName":"search_term_string"}}],"inLanguage":"fr-FR"},{"@type":"Organization","@id":"https:\/\/www.webdo.tn\/fr\/#organization","name":"Webdo","alternateName":"Webdo.tn","url":"https:\/\/www.webdo.tn\/fr\/","logo":{"@type":"ImageObject","inLanguage":"fr-FR","@id":"https:\/\/www.webdo.tn\/fr\/#\/schema\/logo\/image\/","url":"https:\/\/www.webdo.tn\/fr\/wp-content\/uploads\/2025\/06\/Webdo-Tunisie_168377.jpg","contentUrl":"https:\/\/www.webdo.tn\/fr\/wp-content\/uploads\/2025\/06\/Webdo-Tunisie_168377.jpg","width":301,"height":301,"caption":"Webdo"},"image":{"@id":"https:\/\/www.webdo.tn\/fr\/#\/schema\/logo\/image\/"},"sameAs":["https:\/\/www.facebook.com\/webdotn","https:\/\/x.com\/webdo_tn"],"description":"Webdo est un m\u00e9dia num\u00e9rique tunisien fond\u00e9 en 2010, sp\u00e9cialis\u00e9 dans l\u2019actualit\u00e9 nationale et internationale, l\u2019\u00e9conomie, la soci\u00e9t\u00e9 et les analyses politiques. Le site s\u2019adresse \u00e0 un large public francophone et couvre l\u2019information tunisienne en temps r\u00e9el.","email":"redac@webdo.tn","legalName":"YNJ SARL","foundingDate":"2010-09-06","numberOfEmployees":{"@type":"QuantitativeValue","minValue":"11","maxValue":"50"}},{"@type":"Person","@id":"https:\/\/www.webdo.tn\/fr\/#\/schema\/person\/6bc0beba2cd23aec27cb5df85ca2554f","name":"Hatem Bourial","image":{"@type":"ImageObject","inLanguage":"fr-FR","@id":"https:\/\/www.webdo.tn\/fr\/wp-content\/uploads\/2026\/04\/hatem-bourial_avatar-96x96.jpg","url":"https:\/\/www.webdo.tn\/fr\/wp-content\/uploads\/2026\/04\/hatem-bourial_avatar-96x96.jpg","contentUrl":"https:\/\/www.webdo.tn\/fr\/wp-content\/uploads\/2026\/04\/hatem-bourial_avatar-96x96.jpg","caption":"Hatem Bourial"},"description":"Hatem Bourial est journaliste, \u00e9crivain et chroniqueur tunisien. Actif depuis plusieurs d\u00e9cennies, il s\u2019est impos\u00e9 comme un observateur attentif de la soci\u00e9t\u00e9 tunisienne, m\u00ealant dans ses \u00e9crits m\u00e9moire, culture et analyse du quotidien. Auteur de nombreux ouvrages, il d\u00e9veloppe une \u0153uvre \u00e0 la crois\u00e9e du r\u00e9cit, de la po\u00e9sie et de l\u2019observation sociologique. Parall\u00e8lement \u00e0 ses contributions dans la presse, il intervient r\u00e9guli\u00e8rement \u00e0 la radio et dans des espaces culturels, o\u00f9 il explore les enjeux li\u00e9s au patrimoine, \u00e0 l\u2019identit\u00e9 et aux transformations du monde contemporain. \u00c0 travers ses chroniques, Hatem Bourial propose une lecture sensible et approfondie de l\u2019actualit\u00e9, nourrie par une exp\u00e9rience journalistique et litt\u00e9raire reconnue. \ud83d\udd17 Facebook : https:\/\/www.facebook.com\/hatem.bourial.2025","sameAs":["https:\/\/www.facebook.com\/hatem.bourial.2025","https:\/\/fr.wikipedia.org\/wiki\/Fichier:Hatem_Bourial.jpg"],"knowsAbout":["Culture & patrimoine tunisien","Chronique soci\u00e9tale","Litt\u00e9rature & m\u00e9moire","Cin\u00e9ma & critique culturelle","Identit\u00e9 & mutations sociales"],"knowsLanguage":["Arabe","Fran\u00e7ais","Anglais","Italien","Polonais"],"jobTitle":"Journaliste, \u00e9crivain et chroniqueur culturel","worksFor":"Webdo","url":"https:\/\/www.webdo.tn\/fr\/actualite\/author\/hatem-bourial-2\/"}]}},"_links":{"self":[{"href":"https:\/\/www.webdo.tn\/fr\/wp-json\/wp\/v2\/posts\/207988","targetHints":{"allow":["GET"]}}],"collection":[{"href":"https:\/\/www.webdo.tn\/fr\/wp-json\/wp\/v2\/posts"}],"about":[{"href":"https:\/\/www.webdo.tn\/fr\/wp-json\/wp\/v2\/types\/post"}],"author":[{"embeddable":true,"href":"https:\/\/www.webdo.tn\/fr\/wp-json\/wp\/v2\/users\/3229"}],"replies":[{"embeddable":true,"href":"https:\/\/www.webdo.tn\/fr\/wp-json\/wp\/v2\/comments?post=207988"}],"version-history":[{"count":0,"href":"https:\/\/www.webdo.tn\/fr\/wp-json\/wp\/v2\/posts\/207988\/revisions"}],"wp:featuredmedia":[{"embeddable":true,"href":"https:\/\/www.webdo.tn\/fr\/wp-json\/wp\/v2\/media\/249528"}],"wp:attachment":[{"href":"https:\/\/www.webdo.tn\/fr\/wp-json\/wp\/v2\/media?parent=207988"}],"wp:term":[{"taxonomy":"category","embeddable":true,"href":"https:\/\/www.webdo.tn\/fr\/wp-json\/wp\/v2\/categories?post=207988"},{"taxonomy":"post_tag","embeddable":true,"href":"https:\/\/www.webdo.tn\/fr\/wp-json\/wp\/v2\/tags?post=207988"}],"curies":[{"name":"wp","href":"https:\/\/api.w.org\/{rel}","templated":true}]}}