{"id":207985,"date":"2023-08-17T09:30:00","date_gmt":"2023-08-17T09:30:00","guid":{"rendered":"https:\/\/www.webdo.tn\/fr\/blog\/arrestation-du-president-de-la-chambre-des-proprietaires-de-boulangeries\/207985\/"},"modified":"2025-05-20T22:41:39","modified_gmt":"2025-05-20T22:41:39","slug":"arrestation-du-president-de-la-chambre-des-proprietaires-de-boulangeries","status":"publish","type":"post","link":"https:\/\/www.webdo.tn\/fr\/actualite\/national\/arrestation-du-president-de-la-chambre-des-proprietaires-de-boulangeries\/207985\/","title":{"rendered":"Arrestation du pr\u00e9sident de la chambre des propri\u00e9taires de boulangeries"},"content":{"rendered":"<p>Le parquet du tribunal de premi\u00e8re instance de Tunis a autoris\u00e9, ce jeudi 17 ao\u00fbt 2023, aux agents de la Brigade Centrale des Crimes Financiers de la Garde Nationale \u00e0 El Aouina \u00e0 placer en garde \u00e0 vue le pr\u00e9sident de la Chambre Nationale des propri\u00e9taires de boulangeries Mohamed Bouanane.<\/p>\n<p>\t\t\t\t\t\t\t\t\tSelon Mosa\u00efque FM, il a \u00e9galement \u00e9t\u00e9 d\u00e9cid\u00e9 de maintenir en garde \u00e0 vue le propri\u00e9taire d&rsquo;une boulangerie, en raison de soup\u00e7ons de pratiques de monopole et de sp\u00e9culation sur le march\u00e9 des produits alimentaires subventionn\u00e9s, ainsi que de soup\u00e7ons de blanchiment d&rsquo;argent.<\/p>\n","protected":false},"excerpt":{"rendered":"<p>Le parquet du tribunal de premi\u00e8re instance de Tunis a autoris\u00e9, ce jeudi 17 ao\u00fbt 2023, aux agents de la Brigade Centrale des Crimes Financiers de la Garde Nati&#8230;<\/p>\n","protected":false},"author":3175,"featured_media":249526,"comment_status":"open","ping_status":"closed","sticky":false,"template":"","format":"standard","meta":{"footnotes":""},"categories":[44],"tags":[2966,7909,8090,2608],"class_list":["post-207985","post","type-post","status-publish","format-standard","has-post-thumbnail","hentry","category-national","tag-arrestation","tag-boulangeries","tag-chambre","tag-tunisie"],"yoast_head":"<!-- This site is optimized with the Yoast SEO Premium plugin v27.5 (Yoast SEO v27.5) - https:\/\/yoast.com\/product\/yoast-seo-premium-wordpress\/ -->\n<title>Arrestation du pr\u00e9sident de la chambre des propri\u00e9taires de boulangeries<\/title>\n<meta name=\"description\" content=\"Le parquet du tribunal de premi\u00e8re instance de Tunis a autoris\u00e9, ce jeudi 17 ao\u00fbt 2023, aux agents de la Brigade Centrale des Crimes Financiers de la Garde Nati...\" \/>\n<link rel=\"canonical\" href=\"https:\/\/www.webdo.tn\/fr\/actualite\/national\/arrestation-du-president-de-la-chambre-des-proprietaires-de-boulangeries\/207985\/\" \/>\n<meta property=\"og:locale\" content=\"fr_FR\" \/>\n<meta property=\"og:type\" content=\"article\" \/>\n<meta property=\"og:title\" content=\"Arrestation du pr\u00e9sident de la chambre des propri\u00e9taires de boulangeries\" \/>\n<meta property=\"og:description\" content=\"Le parquet du tribunal de premi\u00e8re instance de Tunis a autoris\u00e9, ce jeudi 17 ao\u00fbt 2023, aux agents de la Brigade Centrale des Crimes Financiers de la Garde Nati...\" \/>\n<meta property=\"og:url\" content=\"https:\/\/www.webdo.tn\/fr\/actualite\/national\/arrestation-du-president-de-la-chambre-des-proprietaires-de-boulangeries\/207985\/\" \/>\n<meta property=\"og:site_name\" content=\"webdo\" \/>\n<meta property=\"article:publisher\" content=\"https:\/\/www.facebook.com\/webdotn\" \/>\n<meta property=\"article:published_time\" content=\"2023-08-17T09:30:00+00:00\" \/>\n<meta property=\"article:modified_time\" content=\"2025-05-20T22:41:39+00:00\" \/>\n<meta property=\"og:image\" content=\"https:\/\/www.webdo.tn\/fr\/wp-content\/uploads\/2023\/08\/991938a1c3fbf2720e48fbbd3ffc5db1.jpg\" \/>\n\t<meta property=\"og:image:width\" content=\"750\" \/>\n\t<meta property=\"og:image:height\" content=\"400\" \/>\n\t<meta property=\"og:image:type\" content=\"image\/jpeg\" \/>\n<meta name=\"author\" content=\"CL\" \/>\n<meta name=\"twitter:card\" content=\"summary_large_image\" \/>\n<meta name=\"twitter:creator\" content=\"@webdo_tn\" \/>\n<meta name=\"twitter:site\" content=\"@webdo_tn\" \/>\n<meta name=\"twitter:label1\" content=\"\u00c9crit par\" \/>\n\t<meta name=\"twitter:data1\" content=\"CL\" \/>\n<script type=\"application\/ld+json\" class=\"yoast-schema-graph\">{\"@context\":\"https:\\\/\\\/schema.org\",\"@graph\":[{\"@type\":\"NewsArticle\",\"@id\":\"https:\\\/\\\/www.webdo.tn\\\/fr\\\/actualite\\\/national\\\/arrestation-du-president-de-la-chambre-des-proprietaires-de-boulangeries\\\/207985\\\/#article\",\"isPartOf\":{\"@id\":\"https:\\\/\\\/www.webdo.tn\\\/fr\\\/actualite\\\/national\\\/arrestation-du-president-de-la-chambre-des-proprietaires-de-boulangeries\\\/207985\\\/\"},\"author\":{\"name\":\"CL\",\"@id\":\"https:\\\/\\\/www.webdo.tn\\\/fr\\\/#\\\/schema\\\/person\\\/f35b42a42c5e2511bbd282959d6385cc\"},\"headline\":\"Arrestation du pr\u00e9sident de la chambre des propri\u00e9taires de boulangeries\",\"datePublished\":\"2023-08-17T09:30:00+00:00\",\"dateModified\":\"2025-05-20T22:41:39+00:00\",\"mainEntityOfPage\":{\"@id\":\"https:\\\/\\\/www.webdo.tn\\\/fr\\\/actualite\\\/national\\\/arrestation-du-president-de-la-chambre-des-proprietaires-de-boulangeries\\\/207985\\\/\"},\"wordCount\":112,\"commentCount\":0,\"publisher\":{\"@id\":\"https:\\\/\\\/www.webdo.tn\\\/fr\\\/#organization\"},\"image\":{\"@id\":\"https:\\\/\\\/www.webdo.tn\\\/fr\\\/actualite\\\/national\\\/arrestation-du-president-de-la-chambre-des-proprietaires-de-boulangeries\\\/207985\\\/#primaryimage\"},\"thumbnailUrl\":\"https:\\\/\\\/www.webdo.tn\\\/fr\\\/wp-content\\\/uploads\\\/2023\\\/08\\\/991938a1c3fbf2720e48fbbd3ffc5db1.jpg\",\"keywords\":[\"arrestation\",\"boulangeries\",\"chambre\",\"Tunisie\"],\"articleSection\":[\"National\"],\"inLanguage\":\"fr-FR\"},{\"@type\":\"WebPage\",\"@id\":\"https:\\\/\\\/www.webdo.tn\\\/fr\\\/actualite\\\/national\\\/arrestation-du-president-de-la-chambre-des-proprietaires-de-boulangeries\\\/207985\\\/\",\"url\":\"https:\\\/\\\/www.webdo.tn\\\/fr\\\/actualite\\\/national\\\/arrestation-du-president-de-la-chambre-des-proprietaires-de-boulangeries\\\/207985\\\/\",\"name\":\"Arrestation du pr\u00e9sident de la chambre des propri\u00e9taires de boulangeries\",\"isPartOf\":{\"@id\":\"https:\\\/\\\/www.webdo.tn\\\/fr\\\/#website\"},\"primaryImageOfPage\":{\"@id\":\"https:\\\/\\\/www.webdo.tn\\\/fr\\\/actualite\\\/national\\\/arrestation-du-president-de-la-chambre-des-proprietaires-de-boulangeries\\\/207985\\\/#primaryimage\"},\"image\":{\"@id\":\"https:\\\/\\\/www.webdo.tn\\\/fr\\\/actualite\\\/national\\\/arrestation-du-president-de-la-chambre-des-proprietaires-de-boulangeries\\\/207985\\\/#primaryimage\"},\"thumbnailUrl\":\"https:\\\/\\\/www.webdo.tn\\\/fr\\\/wp-content\\\/uploads\\\/2023\\\/08\\\/991938a1c3fbf2720e48fbbd3ffc5db1.jpg\",\"datePublished\":\"2023-08-17T09:30:00+00:00\",\"dateModified\":\"2025-05-20T22:41:39+00:00\",\"description\":\"Le parquet du tribunal de premi\u00e8re instance de Tunis a autoris\u00e9, ce jeudi 17 ao\u00fbt 2023, aux agents de la Brigade Centrale des Crimes Financiers de la Garde Nati...\",\"breadcrumb\":{\"@id\":\"https:\\\/\\\/www.webdo.tn\\\/fr\\\/actualite\\\/national\\\/arrestation-du-president-de-la-chambre-des-proprietaires-de-boulangeries\\\/207985\\\/#breadcrumb\"},\"inLanguage\":\"fr-FR\",\"potentialAction\":[{\"@type\":\"ReadAction\",\"target\":[\"https:\\\/\\\/www.webdo.tn\\\/fr\\\/actualite\\\/national\\\/arrestation-du-president-de-la-chambre-des-proprietaires-de-boulangeries\\\/207985\\\/\"]}]},{\"@type\":\"ImageObject\",\"inLanguage\":\"fr-FR\",\"@id\":\"https:\\\/\\\/www.webdo.tn\\\/fr\\\/actualite\\\/national\\\/arrestation-du-president-de-la-chambre-des-proprietaires-de-boulangeries\\\/207985\\\/#primaryimage\",\"url\":\"https:\\\/\\\/www.webdo.tn\\\/fr\\\/wp-content\\\/uploads\\\/2023\\\/08\\\/991938a1c3fbf2720e48fbbd3ffc5db1.jpg\",\"contentUrl\":\"https:\\\/\\\/www.webdo.tn\\\/fr\\\/wp-content\\\/uploads\\\/2023\\\/08\\\/991938a1c3fbf2720e48fbbd3ffc5db1.jpg\",\"width\":750,\"height\":400,\"caption\":\"Arrestation du pr\u00e9sident de la chambre des propri\u00e9taires de boulangeries\"},{\"@type\":\"BreadcrumbList\",\"@id\":\"https:\\\/\\\/www.webdo.tn\\\/fr\\\/actualite\\\/national\\\/arrestation-du-president-de-la-chambre-des-proprietaires-de-boulangeries\\\/207985\\\/#breadcrumb\",\"itemListElement\":[{\"@type\":\"ListItem\",\"position\":1,\"name\":\"Accueil\",\"item\":\"https:\\\/\\\/www.webdo.tn\\\/fr\\\/\"},{\"@type\":\"ListItem\",\"position\":2,\"name\":\"Arrestation du pr\u00e9sident de la chambre des propri\u00e9taires de boulangeries\"}]},{\"@type\":\"WebSite\",\"@id\":\"https:\\\/\\\/www.webdo.tn\\\/fr\\\/#website\",\"url\":\"https:\\\/\\\/www.webdo.tn\\\/fr\\\/\",\"name\":\"webdo\",\"description\":\"Tunisie - News en Tunisie et \u00e0 l&#039;international sur Webdo.tn\",\"publisher\":{\"@id\":\"https:\\\/\\\/www.webdo.tn\\\/fr\\\/#organization\"},\"potentialAction\":[{\"@type\":\"SearchAction\",\"target\":{\"@type\":\"EntryPoint\",\"urlTemplate\":\"https:\\\/\\\/www.webdo.tn\\\/fr\\\/?s={search_term_string}\"},\"query-input\":{\"@type\":\"PropertyValueSpecification\",\"valueRequired\":true,\"valueName\":\"search_term_string\"}}],\"inLanguage\":\"fr-FR\"},{\"@type\":\"Organization\",\"@id\":\"https:\\\/\\\/www.webdo.tn\\\/fr\\\/#organization\",\"name\":\"Webdo\",\"alternateName\":\"Webdo.tn\",\"url\":\"https:\\\/\\\/www.webdo.tn\\\/fr\\\/\",\"logo\":{\"@type\":\"ImageObject\",\"inLanguage\":\"fr-FR\",\"@id\":\"https:\\\/\\\/www.webdo.tn\\\/fr\\\/#\\\/schema\\\/logo\\\/image\\\/\",\"url\":\"https:\\\/\\\/www.webdo.tn\\\/fr\\\/wp-content\\\/uploads\\\/2025\\\/06\\\/Webdo-Tunisie_168377.jpg\",\"contentUrl\":\"https:\\\/\\\/www.webdo.tn\\\/fr\\\/wp-content\\\/uploads\\\/2025\\\/06\\\/Webdo-Tunisie_168377.jpg\",\"width\":301,\"height\":301,\"caption\":\"Webdo\"},\"image\":{\"@id\":\"https:\\\/\\\/www.webdo.tn\\\/fr\\\/#\\\/schema\\\/logo\\\/image\\\/\"},\"sameAs\":[\"https:\\\/\\\/www.facebook.com\\\/webdotn\",\"https:\\\/\\\/x.com\\\/webdo_tn\"],\"description\":\"Webdo est un m\u00e9dia num\u00e9rique tunisien fond\u00e9 en 2010, sp\u00e9cialis\u00e9 dans l\u2019actualit\u00e9 nationale et internationale, l\u2019\u00e9conomie, la soci\u00e9t\u00e9 et les analyses politiques. Le site s\u2019adresse \u00e0 un large public francophone et couvre l\u2019information tunisienne en temps r\u00e9el.\",\"email\":\"redac@webdo.tn\",\"legalName\":\"YNJ SARL\",\"foundingDate\":\"2010-09-06\",\"numberOfEmployees\":{\"@type\":\"QuantitativeValue\",\"minValue\":\"11\",\"maxValue\":\"50\"}},{\"@type\":\"Person\",\"@id\":\"https:\\\/\\\/www.webdo.tn\\\/fr\\\/#\\\/schema\\\/person\\\/f35b42a42c5e2511bbd282959d6385cc\",\"name\":\"CL\",\"image\":{\"@type\":\"ImageObject\",\"inLanguage\":\"fr-FR\",\"@id\":\"https:\\\/\\\/secure.gravatar.com\\\/avatar\\\/1447a49909b67aa657c488aec6512e1dd6143a480c1ecfee9b5b5cd74eb3b59e?s=96&d=mm&r=g\",\"url\":\"https:\\\/\\\/secure.gravatar.com\\\/avatar\\\/1447a49909b67aa657c488aec6512e1dd6143a480c1ecfee9b5b5cd74eb3b59e?s=96&d=mm&r=g\",\"contentUrl\":\"https:\\\/\\\/secure.gravatar.com\\\/avatar\\\/1447a49909b67aa657c488aec6512e1dd6143a480c1ecfee9b5b5cd74eb3b59e?s=96&d=mm&r=g\",\"caption\":\"CL\"},\"url\":\"https:\\\/\\\/www.webdo.tn\\\/fr\\\/actualite\\\/author\\\/cl\\\/\"}]}<\/script>\n<!-- \/ Yoast SEO Premium plugin. -->","yoast_head_json":{"title":"Arrestation du pr\u00e9sident de la chambre des propri\u00e9taires de boulangeries","description":"Le parquet du tribunal de premi\u00e8re instance de Tunis a autoris\u00e9, ce jeudi 17 ao\u00fbt 2023, aux agents de la Brigade Centrale des Crimes Financiers de la Garde Nati...","canonical":"https:\/\/www.webdo.tn\/fr\/actualite\/national\/arrestation-du-president-de-la-chambre-des-proprietaires-de-boulangeries\/207985\/","og_locale":"fr_FR","og_type":"article","og_title":"Arrestation du pr\u00e9sident de la chambre des propri\u00e9taires de boulangeries","og_description":"Le parquet du tribunal de premi\u00e8re instance de Tunis a autoris\u00e9, ce jeudi 17 ao\u00fbt 2023, aux agents de la Brigade Centrale des Crimes Financiers de la Garde Nati...","og_url":"https:\/\/www.webdo.tn\/fr\/actualite\/national\/arrestation-du-president-de-la-chambre-des-proprietaires-de-boulangeries\/207985\/","og_site_name":"webdo","article_publisher":"https:\/\/www.facebook.com\/webdotn","article_published_time":"2023-08-17T09:30:00+00:00","article_modified_time":"2025-05-20T22:41:39+00:00","og_image":[{"width":750,"height":400,"url":"https:\/\/www.webdo.tn\/fr\/wp-content\/uploads\/2023\/08\/991938a1c3fbf2720e48fbbd3ffc5db1.jpg","type":"image\/jpeg"}],"author":"CL","twitter_card":"summary_large_image","twitter_creator":"@webdo_tn","twitter_site":"@webdo_tn","twitter_misc":{"\u00c9crit par":"CL"},"schema":{"@context":"https:\/\/schema.org","@graph":[{"@type":"NewsArticle","@id":"https:\/\/www.webdo.tn\/fr\/actualite\/national\/arrestation-du-president-de-la-chambre-des-proprietaires-de-boulangeries\/207985\/#article","isPartOf":{"@id":"https:\/\/www.webdo.tn\/fr\/actualite\/national\/arrestation-du-president-de-la-chambre-des-proprietaires-de-boulangeries\/207985\/"},"author":{"name":"CL","@id":"https:\/\/www.webdo.tn\/fr\/#\/schema\/person\/f35b42a42c5e2511bbd282959d6385cc"},"headline":"Arrestation du pr\u00e9sident de la chambre des propri\u00e9taires de boulangeries","datePublished":"2023-08-17T09:30:00+00:00","dateModified":"2025-05-20T22:41:39+00:00","mainEntityOfPage":{"@id":"https:\/\/www.webdo.tn\/fr\/actualite\/national\/arrestation-du-president-de-la-chambre-des-proprietaires-de-boulangeries\/207985\/"},"wordCount":112,"commentCount":0,"publisher":{"@id":"https:\/\/www.webdo.tn\/fr\/#organization"},"image":{"@id":"https:\/\/www.webdo.tn\/fr\/actualite\/national\/arrestation-du-president-de-la-chambre-des-proprietaires-de-boulangeries\/207985\/#primaryimage"},"thumbnailUrl":"https:\/\/www.webdo.tn\/fr\/wp-content\/uploads\/2023\/08\/991938a1c3fbf2720e48fbbd3ffc5db1.jpg","keywords":["arrestation","boulangeries","chambre","Tunisie"],"articleSection":["National"],"inLanguage":"fr-FR"},{"@type":"WebPage","@id":"https:\/\/www.webdo.tn\/fr\/actualite\/national\/arrestation-du-president-de-la-chambre-des-proprietaires-de-boulangeries\/207985\/","url":"https:\/\/www.webdo.tn\/fr\/actualite\/national\/arrestation-du-president-de-la-chambre-des-proprietaires-de-boulangeries\/207985\/","name":"Arrestation du pr\u00e9sident de la chambre des propri\u00e9taires de boulangeries","isPartOf":{"@id":"https:\/\/www.webdo.tn\/fr\/#website"},"primaryImageOfPage":{"@id":"https:\/\/www.webdo.tn\/fr\/actualite\/national\/arrestation-du-president-de-la-chambre-des-proprietaires-de-boulangeries\/207985\/#primaryimage"},"image":{"@id":"https:\/\/www.webdo.tn\/fr\/actualite\/national\/arrestation-du-president-de-la-chambre-des-proprietaires-de-boulangeries\/207985\/#primaryimage"},"thumbnailUrl":"https:\/\/www.webdo.tn\/fr\/wp-content\/uploads\/2023\/08\/991938a1c3fbf2720e48fbbd3ffc5db1.jpg","datePublished":"2023-08-17T09:30:00+00:00","dateModified":"2025-05-20T22:41:39+00:00","description":"Le parquet du tribunal de premi\u00e8re instance de Tunis a autoris\u00e9, ce jeudi 17 ao\u00fbt 2023, aux agents de la Brigade Centrale des Crimes Financiers de la Garde Nati...","breadcrumb":{"@id":"https:\/\/www.webdo.tn\/fr\/actualite\/national\/arrestation-du-president-de-la-chambre-des-proprietaires-de-boulangeries\/207985\/#breadcrumb"},"inLanguage":"fr-FR","potentialAction":[{"@type":"ReadAction","target":["https:\/\/www.webdo.tn\/fr\/actualite\/national\/arrestation-du-president-de-la-chambre-des-proprietaires-de-boulangeries\/207985\/"]}]},{"@type":"ImageObject","inLanguage":"fr-FR","@id":"https:\/\/www.webdo.tn\/fr\/actualite\/national\/arrestation-du-president-de-la-chambre-des-proprietaires-de-boulangeries\/207985\/#primaryimage","url":"https:\/\/www.webdo.tn\/fr\/wp-content\/uploads\/2023\/08\/991938a1c3fbf2720e48fbbd3ffc5db1.jpg","contentUrl":"https:\/\/www.webdo.tn\/fr\/wp-content\/uploads\/2023\/08\/991938a1c3fbf2720e48fbbd3ffc5db1.jpg","width":750,"height":400,"caption":"Arrestation du pr\u00e9sident de la chambre des propri\u00e9taires de boulangeries"},{"@type":"BreadcrumbList","@id":"https:\/\/www.webdo.tn\/fr\/actualite\/national\/arrestation-du-president-de-la-chambre-des-proprietaires-de-boulangeries\/207985\/#breadcrumb","itemListElement":[{"@type":"ListItem","position":1,"name":"Accueil","item":"https:\/\/www.webdo.tn\/fr\/"},{"@type":"ListItem","position":2,"name":"Arrestation du pr\u00e9sident de la chambre des propri\u00e9taires de boulangeries"}]},{"@type":"WebSite","@id":"https:\/\/www.webdo.tn\/fr\/#website","url":"https:\/\/www.webdo.tn\/fr\/","name":"webdo","description":"Tunisie - News en Tunisie et \u00e0 l&#039;international sur Webdo.tn","publisher":{"@id":"https:\/\/www.webdo.tn\/fr\/#organization"},"potentialAction":[{"@type":"SearchAction","target":{"@type":"EntryPoint","urlTemplate":"https:\/\/www.webdo.tn\/fr\/?s={search_term_string}"},"query-input":{"@type":"PropertyValueSpecification","valueRequired":true,"valueName":"search_term_string"}}],"inLanguage":"fr-FR"},{"@type":"Organization","@id":"https:\/\/www.webdo.tn\/fr\/#organization","name":"Webdo","alternateName":"Webdo.tn","url":"https:\/\/www.webdo.tn\/fr\/","logo":{"@type":"ImageObject","inLanguage":"fr-FR","@id":"https:\/\/www.webdo.tn\/fr\/#\/schema\/logo\/image\/","url":"https:\/\/www.webdo.tn\/fr\/wp-content\/uploads\/2025\/06\/Webdo-Tunisie_168377.jpg","contentUrl":"https:\/\/www.webdo.tn\/fr\/wp-content\/uploads\/2025\/06\/Webdo-Tunisie_168377.jpg","width":301,"height":301,"caption":"Webdo"},"image":{"@id":"https:\/\/www.webdo.tn\/fr\/#\/schema\/logo\/image\/"},"sameAs":["https:\/\/www.facebook.com\/webdotn","https:\/\/x.com\/webdo_tn"],"description":"Webdo est un m\u00e9dia num\u00e9rique tunisien fond\u00e9 en 2010, sp\u00e9cialis\u00e9 dans l\u2019actualit\u00e9 nationale et internationale, l\u2019\u00e9conomie, la soci\u00e9t\u00e9 et les analyses politiques. Le site s\u2019adresse \u00e0 un large public francophone et couvre l\u2019information tunisienne en temps r\u00e9el.","email":"redac@webdo.tn","legalName":"YNJ SARL","foundingDate":"2010-09-06","numberOfEmployees":{"@type":"QuantitativeValue","minValue":"11","maxValue":"50"}},{"@type":"Person","@id":"https:\/\/www.webdo.tn\/fr\/#\/schema\/person\/f35b42a42c5e2511bbd282959d6385cc","name":"CL","image":{"@type":"ImageObject","inLanguage":"fr-FR","@id":"https:\/\/secure.gravatar.com\/avatar\/1447a49909b67aa657c488aec6512e1dd6143a480c1ecfee9b5b5cd74eb3b59e?s=96&d=mm&r=g","url":"https:\/\/secure.gravatar.com\/avatar\/1447a49909b67aa657c488aec6512e1dd6143a480c1ecfee9b5b5cd74eb3b59e?s=96&d=mm&r=g","contentUrl":"https:\/\/secure.gravatar.com\/avatar\/1447a49909b67aa657c488aec6512e1dd6143a480c1ecfee9b5b5cd74eb3b59e?s=96&d=mm&r=g","caption":"CL"},"url":"https:\/\/www.webdo.tn\/fr\/actualite\/author\/cl\/"}]}},"_links":{"self":[{"href":"https:\/\/www.webdo.tn\/fr\/wp-json\/wp\/v2\/posts\/207985","targetHints":{"allow":["GET"]}}],"collection":[{"href":"https:\/\/www.webdo.tn\/fr\/wp-json\/wp\/v2\/posts"}],"about":[{"href":"https:\/\/www.webdo.tn\/fr\/wp-json\/wp\/v2\/types\/post"}],"author":[{"embeddable":true,"href":"https:\/\/www.webdo.tn\/fr\/wp-json\/wp\/v2\/users\/3175"}],"replies":[{"embeddable":true,"href":"https:\/\/www.webdo.tn\/fr\/wp-json\/wp\/v2\/comments?post=207985"}],"version-history":[{"count":0,"href":"https:\/\/www.webdo.tn\/fr\/wp-json\/wp\/v2\/posts\/207985\/revisions"}],"wp:featuredmedia":[{"embeddable":true,"href":"https:\/\/www.webdo.tn\/fr\/wp-json\/wp\/v2\/media\/249526"}],"wp:attachment":[{"href":"https:\/\/www.webdo.tn\/fr\/wp-json\/wp\/v2\/media?parent=207985"}],"wp:term":[{"taxonomy":"category","embeddable":true,"href":"https:\/\/www.webdo.tn\/fr\/wp-json\/wp\/v2\/categories?post=207985"},{"taxonomy":"post_tag","embeddable":true,"href":"https:\/\/www.webdo.tn\/fr\/wp-json\/wp\/v2\/tags?post=207985"}],"curies":[{"name":"wp","href":"https:\/\/api.w.org\/{rel}","templated":true}]}}