{"id":207984,"date":"2023-08-17T09:06:00","date_gmt":"2023-08-17T09:06:00","guid":{"rendered":"https:\/\/www.webdo.tn\/fr\/blog\/ammar-envoye-special-porteur-d-un-message-de-saied-a-tebboune\/207984\/"},"modified":"2025-05-20T22:41:38","modified_gmt":"2025-05-20T22:41:38","slug":"ammar-envoye-special-porteur-d-un-message-de-saied-a-tebboune","status":"publish","type":"post","link":"https:\/\/www.webdo.tn\/fr\/actualite\/national\/ammar-envoye-special-porteur-d-un-message-de-saied-a-tebboune\/207984\/","title":{"rendered":"Ammar envoy\u00e9 sp\u00e9cial porteur d&rsquo;un message de Sa\u00efed \u00e0 Tebboune"},"content":{"rendered":"<p>Le pr\u00e9sident alg\u00e9rien Abdelmadjid Tebboune, a re\u00e7u, hier mercredi 16 aout, le ministre des Affaires \u00e9trang\u00e8res, de la Migration et des Tunisiens \u00e0 l&rsquo;\u00e9tranger Nabil Ammar, envoy\u00e9 sp\u00e9cial porteur d&rsquo;un message de Ka\u00efs Sa\u00efed, pr\u00e9sident de la R\u00e9publique.<\/p>\n<p>L\u2019entretien s&rsquo;est d\u00e9roul\u00e9 en pr\u00e9sence du ministre alg\u00e9rien des Affaires \u00e9trang\u00e8res Ahmed Attaf.<br \/>\n\u00a0<\/p>\n<p>Rappelons que le chef de l&rsquo;Etat avait\u00a0charg\u00e9 Nabil Ammar de\u00a0remettre une lettre au pr\u00e9sident alg\u00e9rien, Abdelmadjid Tebboune.<\/p>\n","protected":false},"excerpt":{"rendered":"<p>Le pr\u00e9sident alg\u00e9rien Abdelmadjid Tebboune, a re\u00e7u, hier mercredi 16 aout, le ministre des Affaires \u00e9trang\u00e8res, de la Migration et des Tunisiens \u00e0 l&rsquo;\u00e9tranger Na&#8230;<\/p>\n","protected":false},"author":3175,"featured_media":249524,"comment_status":"open","ping_status":"closed","sticky":false,"template":"","format":"standard","meta":{"footnotes":""},"categories":[44],"tags":[2907,2614,2608],"class_list":["post-207984","post","type-post","status-publish","format-standard","has-post-thumbnail","hentry","category-national","tag-algerie","tag-kais-saied","tag-tunisie"],"yoast_head":"<!-- This site is optimized with the Yoast SEO Premium plugin v27.5 (Yoast SEO v27.5) - https:\/\/yoast.com\/product\/yoast-seo-premium-wordpress\/ -->\n<title>Ammar envoy\u00e9 sp\u00e9cial porteur d&#039;un message de Sa\u00efed \u00e0 Tebboune<\/title>\n<meta name=\"description\" content=\"Le pr\u00e9sident alg\u00e9rien Abdelmadjid Tebboune, a re\u00e7u, hier mercredi 16 aout, le ministre des Affaires \u00e9trang\u00e8res, de la Migration et des Tunisiens \u00e0 l&#039;\u00e9tranger Na...\" \/>\n<link rel=\"canonical\" href=\"https:\/\/www.webdo.tn\/fr\/actualite\/national\/ammar-envoye-special-porteur-d-un-message-de-saied-a-tebboune\/207984\/\" \/>\n<meta property=\"og:locale\" content=\"fr_FR\" \/>\n<meta property=\"og:type\" content=\"article\" \/>\n<meta property=\"og:title\" content=\"Ammar envoy\u00e9 sp\u00e9cial porteur d&#039;un message de Sa\u00efed \u00e0 Tebboune\" \/>\n<meta property=\"og:description\" content=\"Le pr\u00e9sident alg\u00e9rien Abdelmadjid Tebboune, a re\u00e7u, hier mercredi 16 aout, le ministre des Affaires \u00e9trang\u00e8res, de la Migration et des Tunisiens \u00e0 l&#039;\u00e9tranger Na...\" \/>\n<meta property=\"og:url\" content=\"https:\/\/www.webdo.tn\/fr\/actualite\/national\/ammar-envoye-special-porteur-d-un-message-de-saied-a-tebboune\/207984\/\" \/>\n<meta property=\"og:site_name\" content=\"webdo\" \/>\n<meta property=\"article:publisher\" content=\"https:\/\/www.facebook.com\/webdotn\" \/>\n<meta property=\"article:published_time\" content=\"2023-08-17T09:06:00+00:00\" \/>\n<meta property=\"article:modified_time\" content=\"2025-05-20T22:41:38+00:00\" \/>\n<meta property=\"og:image\" content=\"https:\/\/www.webdo.tn\/fr\/wp-content\/uploads\/2023\/08\/3410ce3ebd7fabefd921b3fc815f20eb.jpg\" \/>\n\t<meta property=\"og:image:width\" content=\"750\" \/>\n\t<meta property=\"og:image:height\" content=\"400\" \/>\n\t<meta property=\"og:image:type\" content=\"image\/jpeg\" \/>\n<meta name=\"author\" content=\"CL\" \/>\n<meta name=\"twitter:card\" content=\"summary_large_image\" \/>\n<meta name=\"twitter:creator\" content=\"@webdo_tn\" \/>\n<meta name=\"twitter:site\" content=\"@webdo_tn\" \/>\n<meta name=\"twitter:label1\" content=\"\u00c9crit par\" \/>\n\t<meta name=\"twitter:data1\" content=\"CL\" \/>\n<script type=\"application\/ld+json\" class=\"yoast-schema-graph\">{\"@context\":\"https:\\\/\\\/schema.org\",\"@graph\":[{\"@type\":\"NewsArticle\",\"@id\":\"https:\\\/\\\/www.webdo.tn\\\/fr\\\/actualite\\\/national\\\/ammar-envoye-special-porteur-d-un-message-de-saied-a-tebboune\\\/207984\\\/#article\",\"isPartOf\":{\"@id\":\"https:\\\/\\\/www.webdo.tn\\\/fr\\\/actualite\\\/national\\\/ammar-envoye-special-porteur-d-un-message-de-saied-a-tebboune\\\/207984\\\/\"},\"author\":{\"name\":\"CL\",\"@id\":\"https:\\\/\\\/www.webdo.tn\\\/fr\\\/#\\\/schema\\\/person\\\/f35b42a42c5e2511bbd282959d6385cc\"},\"headline\":\"Ammar envoy\u00e9 sp\u00e9cial porteur d&rsquo;un message de Sa\u00efed \u00e0 Tebboune\",\"datePublished\":\"2023-08-17T09:06:00+00:00\",\"dateModified\":\"2025-05-20T22:41:38+00:00\",\"mainEntityOfPage\":{\"@id\":\"https:\\\/\\\/www.webdo.tn\\\/fr\\\/actualite\\\/national\\\/ammar-envoye-special-porteur-d-un-message-de-saied-a-tebboune\\\/207984\\\/\"},\"wordCount\":100,\"commentCount\":0,\"publisher\":{\"@id\":\"https:\\\/\\\/www.webdo.tn\\\/fr\\\/#organization\"},\"image\":{\"@id\":\"https:\\\/\\\/www.webdo.tn\\\/fr\\\/actualite\\\/national\\\/ammar-envoye-special-porteur-d-un-message-de-saied-a-tebboune\\\/207984\\\/#primaryimage\"},\"thumbnailUrl\":\"https:\\\/\\\/www.webdo.tn\\\/fr\\\/wp-content\\\/uploads\\\/2023\\\/08\\\/3410ce3ebd7fabefd921b3fc815f20eb.jpg\",\"keywords\":[\"Alg\u00e9rie\",\"Kais Saied\",\"Tunisie\"],\"articleSection\":[\"National\"],\"inLanguage\":\"fr-FR\"},{\"@type\":\"WebPage\",\"@id\":\"https:\\\/\\\/www.webdo.tn\\\/fr\\\/actualite\\\/national\\\/ammar-envoye-special-porteur-d-un-message-de-saied-a-tebboune\\\/207984\\\/\",\"url\":\"https:\\\/\\\/www.webdo.tn\\\/fr\\\/actualite\\\/national\\\/ammar-envoye-special-porteur-d-un-message-de-saied-a-tebboune\\\/207984\\\/\",\"name\":\"Ammar envoy\u00e9 sp\u00e9cial porteur d'un message de Sa\u00efed \u00e0 Tebboune\",\"isPartOf\":{\"@id\":\"https:\\\/\\\/www.webdo.tn\\\/fr\\\/#website\"},\"primaryImageOfPage\":{\"@id\":\"https:\\\/\\\/www.webdo.tn\\\/fr\\\/actualite\\\/national\\\/ammar-envoye-special-porteur-d-un-message-de-saied-a-tebboune\\\/207984\\\/#primaryimage\"},\"image\":{\"@id\":\"https:\\\/\\\/www.webdo.tn\\\/fr\\\/actualite\\\/national\\\/ammar-envoye-special-porteur-d-un-message-de-saied-a-tebboune\\\/207984\\\/#primaryimage\"},\"thumbnailUrl\":\"https:\\\/\\\/www.webdo.tn\\\/fr\\\/wp-content\\\/uploads\\\/2023\\\/08\\\/3410ce3ebd7fabefd921b3fc815f20eb.jpg\",\"datePublished\":\"2023-08-17T09:06:00+00:00\",\"dateModified\":\"2025-05-20T22:41:38+00:00\",\"description\":\"Le pr\u00e9sident alg\u00e9rien Abdelmadjid Tebboune, a re\u00e7u, hier mercredi 16 aout, le ministre des Affaires \u00e9trang\u00e8res, de la Migration et des Tunisiens \u00e0 l'\u00e9tranger Na...\",\"breadcrumb\":{\"@id\":\"https:\\\/\\\/www.webdo.tn\\\/fr\\\/actualite\\\/national\\\/ammar-envoye-special-porteur-d-un-message-de-saied-a-tebboune\\\/207984\\\/#breadcrumb\"},\"inLanguage\":\"fr-FR\",\"potentialAction\":[{\"@type\":\"ReadAction\",\"target\":[\"https:\\\/\\\/www.webdo.tn\\\/fr\\\/actualite\\\/national\\\/ammar-envoye-special-porteur-d-un-message-de-saied-a-tebboune\\\/207984\\\/\"]}]},{\"@type\":\"ImageObject\",\"inLanguage\":\"fr-FR\",\"@id\":\"https:\\\/\\\/www.webdo.tn\\\/fr\\\/actualite\\\/national\\\/ammar-envoye-special-porteur-d-un-message-de-saied-a-tebboune\\\/207984\\\/#primaryimage\",\"url\":\"https:\\\/\\\/www.webdo.tn\\\/fr\\\/wp-content\\\/uploads\\\/2023\\\/08\\\/3410ce3ebd7fabefd921b3fc815f20eb.jpg\",\"contentUrl\":\"https:\\\/\\\/www.webdo.tn\\\/fr\\\/wp-content\\\/uploads\\\/2023\\\/08\\\/3410ce3ebd7fabefd921b3fc815f20eb.jpg\",\"width\":750,\"height\":400,\"caption\":\"Ammar envoy\u00e9 sp\u00e9cial porteur d'un message de Sa\u00efed \u00e0 Tebboune\"},{\"@type\":\"BreadcrumbList\",\"@id\":\"https:\\\/\\\/www.webdo.tn\\\/fr\\\/actualite\\\/national\\\/ammar-envoye-special-porteur-d-un-message-de-saied-a-tebboune\\\/207984\\\/#breadcrumb\",\"itemListElement\":[{\"@type\":\"ListItem\",\"position\":1,\"name\":\"Accueil\",\"item\":\"https:\\\/\\\/www.webdo.tn\\\/fr\\\/\"},{\"@type\":\"ListItem\",\"position\":2,\"name\":\"Ammar envoy\u00e9 sp\u00e9cial porteur d&#8217;un message de Sa\u00efed \u00e0 Tebboune\"}]},{\"@type\":\"WebSite\",\"@id\":\"https:\\\/\\\/www.webdo.tn\\\/fr\\\/#website\",\"url\":\"https:\\\/\\\/www.webdo.tn\\\/fr\\\/\",\"name\":\"webdo\",\"description\":\"Tunisie - News en Tunisie et \u00e0 l&#039;international sur Webdo.tn\",\"publisher\":{\"@id\":\"https:\\\/\\\/www.webdo.tn\\\/fr\\\/#organization\"},\"potentialAction\":[{\"@type\":\"SearchAction\",\"target\":{\"@type\":\"EntryPoint\",\"urlTemplate\":\"https:\\\/\\\/www.webdo.tn\\\/fr\\\/?s={search_term_string}\"},\"query-input\":{\"@type\":\"PropertyValueSpecification\",\"valueRequired\":true,\"valueName\":\"search_term_string\"}}],\"inLanguage\":\"fr-FR\"},{\"@type\":\"Organization\",\"@id\":\"https:\\\/\\\/www.webdo.tn\\\/fr\\\/#organization\",\"name\":\"Webdo\",\"alternateName\":\"Webdo.tn\",\"url\":\"https:\\\/\\\/www.webdo.tn\\\/fr\\\/\",\"logo\":{\"@type\":\"ImageObject\",\"inLanguage\":\"fr-FR\",\"@id\":\"https:\\\/\\\/www.webdo.tn\\\/fr\\\/#\\\/schema\\\/logo\\\/image\\\/\",\"url\":\"https:\\\/\\\/www.webdo.tn\\\/fr\\\/wp-content\\\/uploads\\\/2025\\\/06\\\/Webdo-Tunisie_168377.jpg\",\"contentUrl\":\"https:\\\/\\\/www.webdo.tn\\\/fr\\\/wp-content\\\/uploads\\\/2025\\\/06\\\/Webdo-Tunisie_168377.jpg\",\"width\":301,\"height\":301,\"caption\":\"Webdo\"},\"image\":{\"@id\":\"https:\\\/\\\/www.webdo.tn\\\/fr\\\/#\\\/schema\\\/logo\\\/image\\\/\"},\"sameAs\":[\"https:\\\/\\\/www.facebook.com\\\/webdotn\",\"https:\\\/\\\/x.com\\\/webdo_tn\"],\"description\":\"Webdo est un m\u00e9dia num\u00e9rique tunisien fond\u00e9 en 2010, sp\u00e9cialis\u00e9 dans l\u2019actualit\u00e9 nationale et internationale, l\u2019\u00e9conomie, la soci\u00e9t\u00e9 et les analyses politiques. Le site s\u2019adresse \u00e0 un large public francophone et couvre l\u2019information tunisienne en temps r\u00e9el.\",\"email\":\"redac@webdo.tn\",\"legalName\":\"YNJ SARL\",\"foundingDate\":\"2010-09-06\",\"numberOfEmployees\":{\"@type\":\"QuantitativeValue\",\"minValue\":\"11\",\"maxValue\":\"50\"}},{\"@type\":\"Person\",\"@id\":\"https:\\\/\\\/www.webdo.tn\\\/fr\\\/#\\\/schema\\\/person\\\/f35b42a42c5e2511bbd282959d6385cc\",\"name\":\"CL\",\"image\":{\"@type\":\"ImageObject\",\"inLanguage\":\"fr-FR\",\"@id\":\"https:\\\/\\\/secure.gravatar.com\\\/avatar\\\/1447a49909b67aa657c488aec6512e1dd6143a480c1ecfee9b5b5cd74eb3b59e?s=96&d=mm&r=g\",\"url\":\"https:\\\/\\\/secure.gravatar.com\\\/avatar\\\/1447a49909b67aa657c488aec6512e1dd6143a480c1ecfee9b5b5cd74eb3b59e?s=96&d=mm&r=g\",\"contentUrl\":\"https:\\\/\\\/secure.gravatar.com\\\/avatar\\\/1447a49909b67aa657c488aec6512e1dd6143a480c1ecfee9b5b5cd74eb3b59e?s=96&d=mm&r=g\",\"caption\":\"CL\"},\"url\":\"https:\\\/\\\/www.webdo.tn\\\/fr\\\/actualite\\\/author\\\/cl\\\/\"}]}<\/script>\n<!-- \/ Yoast SEO Premium plugin. -->","yoast_head_json":{"title":"Ammar envoy\u00e9 sp\u00e9cial porteur d'un message de Sa\u00efed \u00e0 Tebboune","description":"Le pr\u00e9sident alg\u00e9rien Abdelmadjid Tebboune, a re\u00e7u, hier mercredi 16 aout, le ministre des Affaires \u00e9trang\u00e8res, de la Migration et des Tunisiens \u00e0 l'\u00e9tranger Na...","canonical":"https:\/\/www.webdo.tn\/fr\/actualite\/national\/ammar-envoye-special-porteur-d-un-message-de-saied-a-tebboune\/207984\/","og_locale":"fr_FR","og_type":"article","og_title":"Ammar envoy\u00e9 sp\u00e9cial porteur d'un message de Sa\u00efed \u00e0 Tebboune","og_description":"Le pr\u00e9sident alg\u00e9rien Abdelmadjid Tebboune, a re\u00e7u, hier mercredi 16 aout, le ministre des Affaires \u00e9trang\u00e8res, de la Migration et des Tunisiens \u00e0 l'\u00e9tranger Na...","og_url":"https:\/\/www.webdo.tn\/fr\/actualite\/national\/ammar-envoye-special-porteur-d-un-message-de-saied-a-tebboune\/207984\/","og_site_name":"webdo","article_publisher":"https:\/\/www.facebook.com\/webdotn","article_published_time":"2023-08-17T09:06:00+00:00","article_modified_time":"2025-05-20T22:41:38+00:00","og_image":[{"width":750,"height":400,"url":"https:\/\/www.webdo.tn\/fr\/wp-content\/uploads\/2023\/08\/3410ce3ebd7fabefd921b3fc815f20eb.jpg","type":"image\/jpeg"}],"author":"CL","twitter_card":"summary_large_image","twitter_creator":"@webdo_tn","twitter_site":"@webdo_tn","twitter_misc":{"\u00c9crit par":"CL"},"schema":{"@context":"https:\/\/schema.org","@graph":[{"@type":"NewsArticle","@id":"https:\/\/www.webdo.tn\/fr\/actualite\/national\/ammar-envoye-special-porteur-d-un-message-de-saied-a-tebboune\/207984\/#article","isPartOf":{"@id":"https:\/\/www.webdo.tn\/fr\/actualite\/national\/ammar-envoye-special-porteur-d-un-message-de-saied-a-tebboune\/207984\/"},"author":{"name":"CL","@id":"https:\/\/www.webdo.tn\/fr\/#\/schema\/person\/f35b42a42c5e2511bbd282959d6385cc"},"headline":"Ammar envoy\u00e9 sp\u00e9cial porteur d&rsquo;un message de Sa\u00efed \u00e0 Tebboune","datePublished":"2023-08-17T09:06:00+00:00","dateModified":"2025-05-20T22:41:38+00:00","mainEntityOfPage":{"@id":"https:\/\/www.webdo.tn\/fr\/actualite\/national\/ammar-envoye-special-porteur-d-un-message-de-saied-a-tebboune\/207984\/"},"wordCount":100,"commentCount":0,"publisher":{"@id":"https:\/\/www.webdo.tn\/fr\/#organization"},"image":{"@id":"https:\/\/www.webdo.tn\/fr\/actualite\/national\/ammar-envoye-special-porteur-d-un-message-de-saied-a-tebboune\/207984\/#primaryimage"},"thumbnailUrl":"https:\/\/www.webdo.tn\/fr\/wp-content\/uploads\/2023\/08\/3410ce3ebd7fabefd921b3fc815f20eb.jpg","keywords":["Alg\u00e9rie","Kais Saied","Tunisie"],"articleSection":["National"],"inLanguage":"fr-FR"},{"@type":"WebPage","@id":"https:\/\/www.webdo.tn\/fr\/actualite\/national\/ammar-envoye-special-porteur-d-un-message-de-saied-a-tebboune\/207984\/","url":"https:\/\/www.webdo.tn\/fr\/actualite\/national\/ammar-envoye-special-porteur-d-un-message-de-saied-a-tebboune\/207984\/","name":"Ammar envoy\u00e9 sp\u00e9cial porteur d'un message de Sa\u00efed \u00e0 Tebboune","isPartOf":{"@id":"https:\/\/www.webdo.tn\/fr\/#website"},"primaryImageOfPage":{"@id":"https:\/\/www.webdo.tn\/fr\/actualite\/national\/ammar-envoye-special-porteur-d-un-message-de-saied-a-tebboune\/207984\/#primaryimage"},"image":{"@id":"https:\/\/www.webdo.tn\/fr\/actualite\/national\/ammar-envoye-special-porteur-d-un-message-de-saied-a-tebboune\/207984\/#primaryimage"},"thumbnailUrl":"https:\/\/www.webdo.tn\/fr\/wp-content\/uploads\/2023\/08\/3410ce3ebd7fabefd921b3fc815f20eb.jpg","datePublished":"2023-08-17T09:06:00+00:00","dateModified":"2025-05-20T22:41:38+00:00","description":"Le pr\u00e9sident alg\u00e9rien Abdelmadjid Tebboune, a re\u00e7u, hier mercredi 16 aout, le ministre des Affaires \u00e9trang\u00e8res, de la Migration et des Tunisiens \u00e0 l'\u00e9tranger Na...","breadcrumb":{"@id":"https:\/\/www.webdo.tn\/fr\/actualite\/national\/ammar-envoye-special-porteur-d-un-message-de-saied-a-tebboune\/207984\/#breadcrumb"},"inLanguage":"fr-FR","potentialAction":[{"@type":"ReadAction","target":["https:\/\/www.webdo.tn\/fr\/actualite\/national\/ammar-envoye-special-porteur-d-un-message-de-saied-a-tebboune\/207984\/"]}]},{"@type":"ImageObject","inLanguage":"fr-FR","@id":"https:\/\/www.webdo.tn\/fr\/actualite\/national\/ammar-envoye-special-porteur-d-un-message-de-saied-a-tebboune\/207984\/#primaryimage","url":"https:\/\/www.webdo.tn\/fr\/wp-content\/uploads\/2023\/08\/3410ce3ebd7fabefd921b3fc815f20eb.jpg","contentUrl":"https:\/\/www.webdo.tn\/fr\/wp-content\/uploads\/2023\/08\/3410ce3ebd7fabefd921b3fc815f20eb.jpg","width":750,"height":400,"caption":"Ammar envoy\u00e9 sp\u00e9cial porteur d'un message de Sa\u00efed \u00e0 Tebboune"},{"@type":"BreadcrumbList","@id":"https:\/\/www.webdo.tn\/fr\/actualite\/national\/ammar-envoye-special-porteur-d-un-message-de-saied-a-tebboune\/207984\/#breadcrumb","itemListElement":[{"@type":"ListItem","position":1,"name":"Accueil","item":"https:\/\/www.webdo.tn\/fr\/"},{"@type":"ListItem","position":2,"name":"Ammar envoy\u00e9 sp\u00e9cial porteur d&#8217;un message de Sa\u00efed \u00e0 Tebboune"}]},{"@type":"WebSite","@id":"https:\/\/www.webdo.tn\/fr\/#website","url":"https:\/\/www.webdo.tn\/fr\/","name":"webdo","description":"Tunisie - News en Tunisie et \u00e0 l&#039;international sur Webdo.tn","publisher":{"@id":"https:\/\/www.webdo.tn\/fr\/#organization"},"potentialAction":[{"@type":"SearchAction","target":{"@type":"EntryPoint","urlTemplate":"https:\/\/www.webdo.tn\/fr\/?s={search_term_string}"},"query-input":{"@type":"PropertyValueSpecification","valueRequired":true,"valueName":"search_term_string"}}],"inLanguage":"fr-FR"},{"@type":"Organization","@id":"https:\/\/www.webdo.tn\/fr\/#organization","name":"Webdo","alternateName":"Webdo.tn","url":"https:\/\/www.webdo.tn\/fr\/","logo":{"@type":"ImageObject","inLanguage":"fr-FR","@id":"https:\/\/www.webdo.tn\/fr\/#\/schema\/logo\/image\/","url":"https:\/\/www.webdo.tn\/fr\/wp-content\/uploads\/2025\/06\/Webdo-Tunisie_168377.jpg","contentUrl":"https:\/\/www.webdo.tn\/fr\/wp-content\/uploads\/2025\/06\/Webdo-Tunisie_168377.jpg","width":301,"height":301,"caption":"Webdo"},"image":{"@id":"https:\/\/www.webdo.tn\/fr\/#\/schema\/logo\/image\/"},"sameAs":["https:\/\/www.facebook.com\/webdotn","https:\/\/x.com\/webdo_tn"],"description":"Webdo est un m\u00e9dia num\u00e9rique tunisien fond\u00e9 en 2010, sp\u00e9cialis\u00e9 dans l\u2019actualit\u00e9 nationale et internationale, l\u2019\u00e9conomie, la soci\u00e9t\u00e9 et les analyses politiques. Le site s\u2019adresse \u00e0 un large public francophone et couvre l\u2019information tunisienne en temps r\u00e9el.","email":"redac@webdo.tn","legalName":"YNJ SARL","foundingDate":"2010-09-06","numberOfEmployees":{"@type":"QuantitativeValue","minValue":"11","maxValue":"50"}},{"@type":"Person","@id":"https:\/\/www.webdo.tn\/fr\/#\/schema\/person\/f35b42a42c5e2511bbd282959d6385cc","name":"CL","image":{"@type":"ImageObject","inLanguage":"fr-FR","@id":"https:\/\/secure.gravatar.com\/avatar\/1447a49909b67aa657c488aec6512e1dd6143a480c1ecfee9b5b5cd74eb3b59e?s=96&d=mm&r=g","url":"https:\/\/secure.gravatar.com\/avatar\/1447a49909b67aa657c488aec6512e1dd6143a480c1ecfee9b5b5cd74eb3b59e?s=96&d=mm&r=g","contentUrl":"https:\/\/secure.gravatar.com\/avatar\/1447a49909b67aa657c488aec6512e1dd6143a480c1ecfee9b5b5cd74eb3b59e?s=96&d=mm&r=g","caption":"CL"},"url":"https:\/\/www.webdo.tn\/fr\/actualite\/author\/cl\/"}]}},"_links":{"self":[{"href":"https:\/\/www.webdo.tn\/fr\/wp-json\/wp\/v2\/posts\/207984","targetHints":{"allow":["GET"]}}],"collection":[{"href":"https:\/\/www.webdo.tn\/fr\/wp-json\/wp\/v2\/posts"}],"about":[{"href":"https:\/\/www.webdo.tn\/fr\/wp-json\/wp\/v2\/types\/post"}],"author":[{"embeddable":true,"href":"https:\/\/www.webdo.tn\/fr\/wp-json\/wp\/v2\/users\/3175"}],"replies":[{"embeddable":true,"href":"https:\/\/www.webdo.tn\/fr\/wp-json\/wp\/v2\/comments?post=207984"}],"version-history":[{"count":0,"href":"https:\/\/www.webdo.tn\/fr\/wp-json\/wp\/v2\/posts\/207984\/revisions"}],"wp:featuredmedia":[{"embeddable":true,"href":"https:\/\/www.webdo.tn\/fr\/wp-json\/wp\/v2\/media\/249524"}],"wp:attachment":[{"href":"https:\/\/www.webdo.tn\/fr\/wp-json\/wp\/v2\/media?parent=207984"}],"wp:term":[{"taxonomy":"category","embeddable":true,"href":"https:\/\/www.webdo.tn\/fr\/wp-json\/wp\/v2\/categories?post=207984"},{"taxonomy":"post_tag","embeddable":true,"href":"https:\/\/www.webdo.tn\/fr\/wp-json\/wp\/v2\/tags?post=207984"}],"curies":[{"name":"wp","href":"https:\/\/api.w.org\/{rel}","templated":true}]}}