{"id":207982,"date":"2023-08-17T08:40:00","date_gmt":"2023-08-17T08:40:00","guid":{"rendered":"https:\/\/www.webdo.tn\/fr\/blog\/ministere-des-sports-comite-pour-verifier-les-diplomes-academiques\/207982\/"},"modified":"2025-05-20T22:41:38","modified_gmt":"2025-05-20T22:41:38","slug":"ministere-des-sports-comite-pour-verifier-les-diplomes-academiques","status":"publish","type":"post","link":"https:\/\/www.webdo.tn\/fr\/actualite\/national\/ministere-des-sports-comite-pour-verifier-les-diplomes-academiques\/207982\/","title":{"rendered":"Minist\u00e8re des Sports : Comit\u00e9 pour v\u00e9rifier les dipl\u00f4mes acad\u00e9miques"},"content":{"rendered":"<p>Le porte-parole du minist\u00e8re de la Jeunesse et des Sports, Chokri Hamda, a annonc\u00e9 ce jeudi 17 ao\u00fbt 2023 la formation d&rsquo;un comit\u00e9 central au sein du d\u00e9partement pour examiner les dipl\u00f4mes acad\u00e9miques.<\/p>\n<p>\t\t\t\t\t\t\t\t\tS\u2019exprimant sur les ondes de Shems FM il a expliqu\u00e9 que ce comit\u00e9 examinera les dipl\u00f4mes acad\u00e9miques en collaboration avec des comit\u00e9s r\u00e9gionaux et en v\u00e9rifiant aupr\u00e8s des institutions d&rsquo;enseignement sup\u00e9rieur.\u00a0<\/p>\n<p>Hamda a \u00e9galement d\u00e9clar\u00e9 que les quatre instituts sup\u00e9rieurs sp\u00e9cialis\u00e9s dans l&rsquo;\u00e9ducation physique sont concern\u00e9s par cette mesure.<\/p>\n<p>Lors de la c\u00e9r\u00e9monie d&rsquo;investiture du nouveau chef du gouvernement Ahmed Hachani, Kais Saied a appel\u00e9 \u00e0 une purge dans l&rsquo;administration.\u00a0<\/p>\n<p>Le chef de l\u2019Etat a \u00e9galement annonc\u00e9 la pr\u00e9paration d\u2019un projet de loi pour lutter contre les recurtuements douteux durant la derni\u00e8re d\u00e9cennie.<\/p>\n","protected":false},"excerpt":{"rendered":"<p>Le porte-parole du minist\u00e8re de la Jeunesse et des Sports, Chokri Hamda, a annonc\u00e9 ce jeudi 17 ao\u00fbt 2023 la formation d&rsquo;un comit\u00e9 central au sein du d\u00e9partement&#8230;<\/p>\n","protected":false},"author":3175,"featured_media":249525,"comment_status":"open","ping_status":"closed","sticky":false,"template":"","format":"standard","meta":{"footnotes":""},"categories":[44],"tags":[6505,3826,2608],"class_list":["post-207982","post","type-post","status-publish","format-standard","has-post-thumbnail","hentry","category-national","tag-diplomes","tag-ministere","tag-tunisie"],"yoast_head":"<!-- This site is optimized with the Yoast SEO Premium plugin v27.5 (Yoast SEO v27.5) - https:\/\/yoast.com\/product\/yoast-seo-premium-wordpress\/ -->\n<title>Minist\u00e8re des Sports : Comit\u00e9 pour v\u00e9rifier les dipl\u00f4mes acad\u00e9miques<\/title>\n<meta name=\"description\" content=\"Le porte-parole du minist\u00e8re de la Jeunesse et des Sports, Chokri Hamda, a annonc\u00e9 ce jeudi 17 ao\u00fbt 2023 la formation d&#039;un comit\u00e9 central au sein du d\u00e9partement...\" \/>\n<link rel=\"canonical\" href=\"https:\/\/www.webdo.tn\/fr\/actualite\/national\/ministere-des-sports-comite-pour-verifier-les-diplomes-academiques\/207982\/\" \/>\n<meta property=\"og:locale\" content=\"fr_FR\" \/>\n<meta property=\"og:type\" content=\"article\" \/>\n<meta property=\"og:title\" content=\"Minist\u00e8re des Sports : Comit\u00e9 pour v\u00e9rifier les dipl\u00f4mes acad\u00e9miques\" \/>\n<meta property=\"og:description\" content=\"Le porte-parole du minist\u00e8re de la Jeunesse et des Sports, Chokri Hamda, a annonc\u00e9 ce jeudi 17 ao\u00fbt 2023 la formation d&#039;un comit\u00e9 central au sein du d\u00e9partement...\" \/>\n<meta property=\"og:url\" content=\"https:\/\/www.webdo.tn\/fr\/actualite\/national\/ministere-des-sports-comite-pour-verifier-les-diplomes-academiques\/207982\/\" \/>\n<meta property=\"og:site_name\" content=\"webdo\" \/>\n<meta property=\"article:publisher\" content=\"https:\/\/www.facebook.com\/webdotn\" \/>\n<meta property=\"article:published_time\" content=\"2023-08-17T08:40:00+00:00\" \/>\n<meta property=\"article:modified_time\" content=\"2025-05-20T22:41:38+00:00\" \/>\n<meta property=\"og:image\" content=\"https:\/\/www.webdo.tn\/fr\/wp-content\/uploads\/2023\/08\/b8b40d5b516cda45baea40645a530dee.jpg\" \/>\n\t<meta property=\"og:image:width\" content=\"750\" \/>\n\t<meta property=\"og:image:height\" content=\"400\" \/>\n\t<meta property=\"og:image:type\" content=\"image\/jpeg\" \/>\n<meta name=\"author\" content=\"CL\" \/>\n<meta name=\"twitter:card\" content=\"summary_large_image\" \/>\n<meta name=\"twitter:creator\" content=\"@webdo_tn\" \/>\n<meta name=\"twitter:site\" content=\"@webdo_tn\" \/>\n<meta name=\"twitter:label1\" content=\"\u00c9crit par\" \/>\n\t<meta name=\"twitter:data1\" content=\"CL\" \/>\n\t<meta name=\"twitter:label2\" content=\"Dur\u00e9e de lecture estim\u00e9e\" \/>\n\t<meta name=\"twitter:data2\" content=\"1 minute\" \/>\n<script type=\"application\/ld+json\" class=\"yoast-schema-graph\">{\"@context\":\"https:\\\/\\\/schema.org\",\"@graph\":[{\"@type\":\"NewsArticle\",\"@id\":\"https:\\\/\\\/www.webdo.tn\\\/fr\\\/actualite\\\/national\\\/ministere-des-sports-comite-pour-verifier-les-diplomes-academiques\\\/207982\\\/#article\",\"isPartOf\":{\"@id\":\"https:\\\/\\\/www.webdo.tn\\\/fr\\\/actualite\\\/national\\\/ministere-des-sports-comite-pour-verifier-les-diplomes-academiques\\\/207982\\\/\"},\"author\":{\"name\":\"CL\",\"@id\":\"https:\\\/\\\/www.webdo.tn\\\/fr\\\/#\\\/schema\\\/person\\\/f35b42a42c5e2511bbd282959d6385cc\"},\"headline\":\"Minist\u00e8re des Sports : Comit\u00e9 pour v\u00e9rifier les dipl\u00f4mes acad\u00e9miques\",\"datePublished\":\"2023-08-17T08:40:00+00:00\",\"dateModified\":\"2025-05-20T22:41:38+00:00\",\"mainEntityOfPage\":{\"@id\":\"https:\\\/\\\/www.webdo.tn\\\/fr\\\/actualite\\\/national\\\/ministere-des-sports-comite-pour-verifier-les-diplomes-academiques\\\/207982\\\/\"},\"wordCount\":166,\"commentCount\":0,\"publisher\":{\"@id\":\"https:\\\/\\\/www.webdo.tn\\\/fr\\\/#organization\"},\"image\":{\"@id\":\"https:\\\/\\\/www.webdo.tn\\\/fr\\\/actualite\\\/national\\\/ministere-des-sports-comite-pour-verifier-les-diplomes-academiques\\\/207982\\\/#primaryimage\"},\"thumbnailUrl\":\"https:\\\/\\\/www.webdo.tn\\\/fr\\\/wp-content\\\/uploads\\\/2023\\\/08\\\/b8b40d5b516cda45baea40645a530dee.jpg\",\"keywords\":[\"dipl\u00f4mes\",\"minist\u00e8re\",\"Tunisie\"],\"articleSection\":[\"National\"],\"inLanguage\":\"fr-FR\"},{\"@type\":\"WebPage\",\"@id\":\"https:\\\/\\\/www.webdo.tn\\\/fr\\\/actualite\\\/national\\\/ministere-des-sports-comite-pour-verifier-les-diplomes-academiques\\\/207982\\\/\",\"url\":\"https:\\\/\\\/www.webdo.tn\\\/fr\\\/actualite\\\/national\\\/ministere-des-sports-comite-pour-verifier-les-diplomes-academiques\\\/207982\\\/\",\"name\":\"Minist\u00e8re des Sports : Comit\u00e9 pour v\u00e9rifier les dipl\u00f4mes acad\u00e9miques\",\"isPartOf\":{\"@id\":\"https:\\\/\\\/www.webdo.tn\\\/fr\\\/#website\"},\"primaryImageOfPage\":{\"@id\":\"https:\\\/\\\/www.webdo.tn\\\/fr\\\/actualite\\\/national\\\/ministere-des-sports-comite-pour-verifier-les-diplomes-academiques\\\/207982\\\/#primaryimage\"},\"image\":{\"@id\":\"https:\\\/\\\/www.webdo.tn\\\/fr\\\/actualite\\\/national\\\/ministere-des-sports-comite-pour-verifier-les-diplomes-academiques\\\/207982\\\/#primaryimage\"},\"thumbnailUrl\":\"https:\\\/\\\/www.webdo.tn\\\/fr\\\/wp-content\\\/uploads\\\/2023\\\/08\\\/b8b40d5b516cda45baea40645a530dee.jpg\",\"datePublished\":\"2023-08-17T08:40:00+00:00\",\"dateModified\":\"2025-05-20T22:41:38+00:00\",\"description\":\"Le porte-parole du minist\u00e8re de la Jeunesse et des Sports, Chokri Hamda, a annonc\u00e9 ce jeudi 17 ao\u00fbt 2023 la formation d'un comit\u00e9 central au sein du d\u00e9partement...\",\"breadcrumb\":{\"@id\":\"https:\\\/\\\/www.webdo.tn\\\/fr\\\/actualite\\\/national\\\/ministere-des-sports-comite-pour-verifier-les-diplomes-academiques\\\/207982\\\/#breadcrumb\"},\"inLanguage\":\"fr-FR\",\"potentialAction\":[{\"@type\":\"ReadAction\",\"target\":[\"https:\\\/\\\/www.webdo.tn\\\/fr\\\/actualite\\\/national\\\/ministere-des-sports-comite-pour-verifier-les-diplomes-academiques\\\/207982\\\/\"]}]},{\"@type\":\"ImageObject\",\"inLanguage\":\"fr-FR\",\"@id\":\"https:\\\/\\\/www.webdo.tn\\\/fr\\\/actualite\\\/national\\\/ministere-des-sports-comite-pour-verifier-les-diplomes-academiques\\\/207982\\\/#primaryimage\",\"url\":\"https:\\\/\\\/www.webdo.tn\\\/fr\\\/wp-content\\\/uploads\\\/2023\\\/08\\\/b8b40d5b516cda45baea40645a530dee.jpg\",\"contentUrl\":\"https:\\\/\\\/www.webdo.tn\\\/fr\\\/wp-content\\\/uploads\\\/2023\\\/08\\\/b8b40d5b516cda45baea40645a530dee.jpg\",\"width\":750,\"height\":400,\"caption\":\"Minist\u00e8re des Sports : Comit\u00e9 pour v\u00e9rifier les dipl\u00f4mes acad\u00e9miques\"},{\"@type\":\"BreadcrumbList\",\"@id\":\"https:\\\/\\\/www.webdo.tn\\\/fr\\\/actualite\\\/national\\\/ministere-des-sports-comite-pour-verifier-les-diplomes-academiques\\\/207982\\\/#breadcrumb\",\"itemListElement\":[{\"@type\":\"ListItem\",\"position\":1,\"name\":\"Accueil\",\"item\":\"https:\\\/\\\/www.webdo.tn\\\/fr\\\/\"},{\"@type\":\"ListItem\",\"position\":2,\"name\":\"Minist\u00e8re des Sports : Comit\u00e9 pour v\u00e9rifier les dipl\u00f4mes acad\u00e9miques\"}]},{\"@type\":\"WebSite\",\"@id\":\"https:\\\/\\\/www.webdo.tn\\\/fr\\\/#website\",\"url\":\"https:\\\/\\\/www.webdo.tn\\\/fr\\\/\",\"name\":\"webdo\",\"description\":\"Tunisie - News en Tunisie et \u00e0 l&#039;international sur Webdo.tn\",\"publisher\":{\"@id\":\"https:\\\/\\\/www.webdo.tn\\\/fr\\\/#organization\"},\"potentialAction\":[{\"@type\":\"SearchAction\",\"target\":{\"@type\":\"EntryPoint\",\"urlTemplate\":\"https:\\\/\\\/www.webdo.tn\\\/fr\\\/?s={search_term_string}\"},\"query-input\":{\"@type\":\"PropertyValueSpecification\",\"valueRequired\":true,\"valueName\":\"search_term_string\"}}],\"inLanguage\":\"fr-FR\"},{\"@type\":\"Organization\",\"@id\":\"https:\\\/\\\/www.webdo.tn\\\/fr\\\/#organization\",\"name\":\"Webdo\",\"alternateName\":\"Webdo.tn\",\"url\":\"https:\\\/\\\/www.webdo.tn\\\/fr\\\/\",\"logo\":{\"@type\":\"ImageObject\",\"inLanguage\":\"fr-FR\",\"@id\":\"https:\\\/\\\/www.webdo.tn\\\/fr\\\/#\\\/schema\\\/logo\\\/image\\\/\",\"url\":\"https:\\\/\\\/www.webdo.tn\\\/fr\\\/wp-content\\\/uploads\\\/2025\\\/06\\\/Webdo-Tunisie_168377.jpg\",\"contentUrl\":\"https:\\\/\\\/www.webdo.tn\\\/fr\\\/wp-content\\\/uploads\\\/2025\\\/06\\\/Webdo-Tunisie_168377.jpg\",\"width\":301,\"height\":301,\"caption\":\"Webdo\"},\"image\":{\"@id\":\"https:\\\/\\\/www.webdo.tn\\\/fr\\\/#\\\/schema\\\/logo\\\/image\\\/\"},\"sameAs\":[\"https:\\\/\\\/www.facebook.com\\\/webdotn\",\"https:\\\/\\\/x.com\\\/webdo_tn\"],\"description\":\"Webdo est un m\u00e9dia num\u00e9rique tunisien fond\u00e9 en 2010, sp\u00e9cialis\u00e9 dans l\u2019actualit\u00e9 nationale et internationale, l\u2019\u00e9conomie, la soci\u00e9t\u00e9 et les analyses politiques. Le site s\u2019adresse \u00e0 un large public francophone et couvre l\u2019information tunisienne en temps r\u00e9el.\",\"email\":\"redac@webdo.tn\",\"legalName\":\"YNJ SARL\",\"foundingDate\":\"2010-09-06\",\"numberOfEmployees\":{\"@type\":\"QuantitativeValue\",\"minValue\":\"11\",\"maxValue\":\"50\"}},{\"@type\":\"Person\",\"@id\":\"https:\\\/\\\/www.webdo.tn\\\/fr\\\/#\\\/schema\\\/person\\\/f35b42a42c5e2511bbd282959d6385cc\",\"name\":\"CL\",\"image\":{\"@type\":\"ImageObject\",\"inLanguage\":\"fr-FR\",\"@id\":\"https:\\\/\\\/secure.gravatar.com\\\/avatar\\\/1447a49909b67aa657c488aec6512e1dd6143a480c1ecfee9b5b5cd74eb3b59e?s=96&d=mm&r=g\",\"url\":\"https:\\\/\\\/secure.gravatar.com\\\/avatar\\\/1447a49909b67aa657c488aec6512e1dd6143a480c1ecfee9b5b5cd74eb3b59e?s=96&d=mm&r=g\",\"contentUrl\":\"https:\\\/\\\/secure.gravatar.com\\\/avatar\\\/1447a49909b67aa657c488aec6512e1dd6143a480c1ecfee9b5b5cd74eb3b59e?s=96&d=mm&r=g\",\"caption\":\"CL\"},\"url\":\"https:\\\/\\\/www.webdo.tn\\\/fr\\\/actualite\\\/author\\\/cl\\\/\"}]}<\/script>\n<!-- \/ Yoast SEO Premium plugin. -->","yoast_head_json":{"title":"Minist\u00e8re des Sports : Comit\u00e9 pour v\u00e9rifier les dipl\u00f4mes acad\u00e9miques","description":"Le porte-parole du minist\u00e8re de la Jeunesse et des Sports, Chokri Hamda, a annonc\u00e9 ce jeudi 17 ao\u00fbt 2023 la formation d'un comit\u00e9 central au sein du d\u00e9partement...","canonical":"https:\/\/www.webdo.tn\/fr\/actualite\/national\/ministere-des-sports-comite-pour-verifier-les-diplomes-academiques\/207982\/","og_locale":"fr_FR","og_type":"article","og_title":"Minist\u00e8re des Sports : Comit\u00e9 pour v\u00e9rifier les dipl\u00f4mes acad\u00e9miques","og_description":"Le porte-parole du minist\u00e8re de la Jeunesse et des Sports, Chokri Hamda, a annonc\u00e9 ce jeudi 17 ao\u00fbt 2023 la formation d'un comit\u00e9 central au sein du d\u00e9partement...","og_url":"https:\/\/www.webdo.tn\/fr\/actualite\/national\/ministere-des-sports-comite-pour-verifier-les-diplomes-academiques\/207982\/","og_site_name":"webdo","article_publisher":"https:\/\/www.facebook.com\/webdotn","article_published_time":"2023-08-17T08:40:00+00:00","article_modified_time":"2025-05-20T22:41:38+00:00","og_image":[{"width":750,"height":400,"url":"https:\/\/www.webdo.tn\/fr\/wp-content\/uploads\/2023\/08\/b8b40d5b516cda45baea40645a530dee.jpg","type":"image\/jpeg"}],"author":"CL","twitter_card":"summary_large_image","twitter_creator":"@webdo_tn","twitter_site":"@webdo_tn","twitter_misc":{"\u00c9crit par":"CL","Dur\u00e9e de lecture estim\u00e9e":"1 minute"},"schema":{"@context":"https:\/\/schema.org","@graph":[{"@type":"NewsArticle","@id":"https:\/\/www.webdo.tn\/fr\/actualite\/national\/ministere-des-sports-comite-pour-verifier-les-diplomes-academiques\/207982\/#article","isPartOf":{"@id":"https:\/\/www.webdo.tn\/fr\/actualite\/national\/ministere-des-sports-comite-pour-verifier-les-diplomes-academiques\/207982\/"},"author":{"name":"CL","@id":"https:\/\/www.webdo.tn\/fr\/#\/schema\/person\/f35b42a42c5e2511bbd282959d6385cc"},"headline":"Minist\u00e8re des Sports : Comit\u00e9 pour v\u00e9rifier les dipl\u00f4mes acad\u00e9miques","datePublished":"2023-08-17T08:40:00+00:00","dateModified":"2025-05-20T22:41:38+00:00","mainEntityOfPage":{"@id":"https:\/\/www.webdo.tn\/fr\/actualite\/national\/ministere-des-sports-comite-pour-verifier-les-diplomes-academiques\/207982\/"},"wordCount":166,"commentCount":0,"publisher":{"@id":"https:\/\/www.webdo.tn\/fr\/#organization"},"image":{"@id":"https:\/\/www.webdo.tn\/fr\/actualite\/national\/ministere-des-sports-comite-pour-verifier-les-diplomes-academiques\/207982\/#primaryimage"},"thumbnailUrl":"https:\/\/www.webdo.tn\/fr\/wp-content\/uploads\/2023\/08\/b8b40d5b516cda45baea40645a530dee.jpg","keywords":["dipl\u00f4mes","minist\u00e8re","Tunisie"],"articleSection":["National"],"inLanguage":"fr-FR"},{"@type":"WebPage","@id":"https:\/\/www.webdo.tn\/fr\/actualite\/national\/ministere-des-sports-comite-pour-verifier-les-diplomes-academiques\/207982\/","url":"https:\/\/www.webdo.tn\/fr\/actualite\/national\/ministere-des-sports-comite-pour-verifier-les-diplomes-academiques\/207982\/","name":"Minist\u00e8re des Sports : Comit\u00e9 pour v\u00e9rifier les dipl\u00f4mes acad\u00e9miques","isPartOf":{"@id":"https:\/\/www.webdo.tn\/fr\/#website"},"primaryImageOfPage":{"@id":"https:\/\/www.webdo.tn\/fr\/actualite\/national\/ministere-des-sports-comite-pour-verifier-les-diplomes-academiques\/207982\/#primaryimage"},"image":{"@id":"https:\/\/www.webdo.tn\/fr\/actualite\/national\/ministere-des-sports-comite-pour-verifier-les-diplomes-academiques\/207982\/#primaryimage"},"thumbnailUrl":"https:\/\/www.webdo.tn\/fr\/wp-content\/uploads\/2023\/08\/b8b40d5b516cda45baea40645a530dee.jpg","datePublished":"2023-08-17T08:40:00+00:00","dateModified":"2025-05-20T22:41:38+00:00","description":"Le porte-parole du minist\u00e8re de la Jeunesse et des Sports, Chokri Hamda, a annonc\u00e9 ce jeudi 17 ao\u00fbt 2023 la formation d'un comit\u00e9 central au sein du d\u00e9partement...","breadcrumb":{"@id":"https:\/\/www.webdo.tn\/fr\/actualite\/national\/ministere-des-sports-comite-pour-verifier-les-diplomes-academiques\/207982\/#breadcrumb"},"inLanguage":"fr-FR","potentialAction":[{"@type":"ReadAction","target":["https:\/\/www.webdo.tn\/fr\/actualite\/national\/ministere-des-sports-comite-pour-verifier-les-diplomes-academiques\/207982\/"]}]},{"@type":"ImageObject","inLanguage":"fr-FR","@id":"https:\/\/www.webdo.tn\/fr\/actualite\/national\/ministere-des-sports-comite-pour-verifier-les-diplomes-academiques\/207982\/#primaryimage","url":"https:\/\/www.webdo.tn\/fr\/wp-content\/uploads\/2023\/08\/b8b40d5b516cda45baea40645a530dee.jpg","contentUrl":"https:\/\/www.webdo.tn\/fr\/wp-content\/uploads\/2023\/08\/b8b40d5b516cda45baea40645a530dee.jpg","width":750,"height":400,"caption":"Minist\u00e8re des Sports : Comit\u00e9 pour v\u00e9rifier les dipl\u00f4mes acad\u00e9miques"},{"@type":"BreadcrumbList","@id":"https:\/\/www.webdo.tn\/fr\/actualite\/national\/ministere-des-sports-comite-pour-verifier-les-diplomes-academiques\/207982\/#breadcrumb","itemListElement":[{"@type":"ListItem","position":1,"name":"Accueil","item":"https:\/\/www.webdo.tn\/fr\/"},{"@type":"ListItem","position":2,"name":"Minist\u00e8re des Sports : Comit\u00e9 pour v\u00e9rifier les dipl\u00f4mes acad\u00e9miques"}]},{"@type":"WebSite","@id":"https:\/\/www.webdo.tn\/fr\/#website","url":"https:\/\/www.webdo.tn\/fr\/","name":"webdo","description":"Tunisie - News en Tunisie et \u00e0 l&#039;international sur Webdo.tn","publisher":{"@id":"https:\/\/www.webdo.tn\/fr\/#organization"},"potentialAction":[{"@type":"SearchAction","target":{"@type":"EntryPoint","urlTemplate":"https:\/\/www.webdo.tn\/fr\/?s={search_term_string}"},"query-input":{"@type":"PropertyValueSpecification","valueRequired":true,"valueName":"search_term_string"}}],"inLanguage":"fr-FR"},{"@type":"Organization","@id":"https:\/\/www.webdo.tn\/fr\/#organization","name":"Webdo","alternateName":"Webdo.tn","url":"https:\/\/www.webdo.tn\/fr\/","logo":{"@type":"ImageObject","inLanguage":"fr-FR","@id":"https:\/\/www.webdo.tn\/fr\/#\/schema\/logo\/image\/","url":"https:\/\/www.webdo.tn\/fr\/wp-content\/uploads\/2025\/06\/Webdo-Tunisie_168377.jpg","contentUrl":"https:\/\/www.webdo.tn\/fr\/wp-content\/uploads\/2025\/06\/Webdo-Tunisie_168377.jpg","width":301,"height":301,"caption":"Webdo"},"image":{"@id":"https:\/\/www.webdo.tn\/fr\/#\/schema\/logo\/image\/"},"sameAs":["https:\/\/www.facebook.com\/webdotn","https:\/\/x.com\/webdo_tn"],"description":"Webdo est un m\u00e9dia num\u00e9rique tunisien fond\u00e9 en 2010, sp\u00e9cialis\u00e9 dans l\u2019actualit\u00e9 nationale et internationale, l\u2019\u00e9conomie, la soci\u00e9t\u00e9 et les analyses politiques. Le site s\u2019adresse \u00e0 un large public francophone et couvre l\u2019information tunisienne en temps r\u00e9el.","email":"redac@webdo.tn","legalName":"YNJ SARL","foundingDate":"2010-09-06","numberOfEmployees":{"@type":"QuantitativeValue","minValue":"11","maxValue":"50"}},{"@type":"Person","@id":"https:\/\/www.webdo.tn\/fr\/#\/schema\/person\/f35b42a42c5e2511bbd282959d6385cc","name":"CL","image":{"@type":"ImageObject","inLanguage":"fr-FR","@id":"https:\/\/secure.gravatar.com\/avatar\/1447a49909b67aa657c488aec6512e1dd6143a480c1ecfee9b5b5cd74eb3b59e?s=96&d=mm&r=g","url":"https:\/\/secure.gravatar.com\/avatar\/1447a49909b67aa657c488aec6512e1dd6143a480c1ecfee9b5b5cd74eb3b59e?s=96&d=mm&r=g","contentUrl":"https:\/\/secure.gravatar.com\/avatar\/1447a49909b67aa657c488aec6512e1dd6143a480c1ecfee9b5b5cd74eb3b59e?s=96&d=mm&r=g","caption":"CL"},"url":"https:\/\/www.webdo.tn\/fr\/actualite\/author\/cl\/"}]}},"_links":{"self":[{"href":"https:\/\/www.webdo.tn\/fr\/wp-json\/wp\/v2\/posts\/207982","targetHints":{"allow":["GET"]}}],"collection":[{"href":"https:\/\/www.webdo.tn\/fr\/wp-json\/wp\/v2\/posts"}],"about":[{"href":"https:\/\/www.webdo.tn\/fr\/wp-json\/wp\/v2\/types\/post"}],"author":[{"embeddable":true,"href":"https:\/\/www.webdo.tn\/fr\/wp-json\/wp\/v2\/users\/3175"}],"replies":[{"embeddable":true,"href":"https:\/\/www.webdo.tn\/fr\/wp-json\/wp\/v2\/comments?post=207982"}],"version-history":[{"count":0,"href":"https:\/\/www.webdo.tn\/fr\/wp-json\/wp\/v2\/posts\/207982\/revisions"}],"wp:featuredmedia":[{"embeddable":true,"href":"https:\/\/www.webdo.tn\/fr\/wp-json\/wp\/v2\/media\/249525"}],"wp:attachment":[{"href":"https:\/\/www.webdo.tn\/fr\/wp-json\/wp\/v2\/media?parent=207982"}],"wp:term":[{"taxonomy":"category","embeddable":true,"href":"https:\/\/www.webdo.tn\/fr\/wp-json\/wp\/v2\/categories?post=207982"},{"taxonomy":"post_tag","embeddable":true,"href":"https:\/\/www.webdo.tn\/fr\/wp-json\/wp\/v2\/tags?post=207982"}],"curies":[{"name":"wp","href":"https:\/\/api.w.org\/{rel}","templated":true}]}}