{"id":207971,"date":"2023-08-16T18:09:00","date_gmt":"2023-08-16T18:09:00","guid":{"rendered":"https:\/\/www.webdo.tn\/fr\/blog\/sntri-reprise-des-lignes-tunis-matmata-et-tunis-el-hamma\/207971\/"},"modified":"2025-05-20T22:51:25","modified_gmt":"2025-05-20T22:51:25","slug":"sntri-reprise-des-lignes-tunis-matmata-et-tunis-el-hamma","status":"publish","type":"post","link":"https:\/\/www.webdo.tn\/fr\/actualite\/national\/sntri-reprise-des-lignes-tunis-matmata-et-tunis-el-hamma\/207971\/","title":{"rendered":"SNTRI : Reprise des lignes Tunis\/Matmata et Tunis\/El Hamma"},"content":{"rendered":"<p>La Soci\u00e9t\u00e9 nationale de transport interurbain (Sntri) annonce mercredi, la reprise, \u00e0 partir du 18 et du 19 ao\u00fbt, du trafic sur les lignes Tunis\/Matmata et Tunis\/El Hamma, apr\u00e8s plus de trois ans d&rsquo;arr\u00eat.<\/p>\n<p>Cette reprise s&rsquo;inscrit dans le cadre de la mise en \u0153uvre du programme de remise en service de certaines lignes, au titre de 2023 et 2024, a fait savoir la soci\u00e9t\u00e9 dans un communiqu\u00e9.<\/p>\n<p>Elle intervient suite \u00e0 l&rsquo;am\u00e9lioration et au renforcement du parc de la soci\u00e9t\u00e9 gr\u00e2ce \u00e0 de nouvelles acquisitions, au renforcement de l&rsquo;effectif de la soci\u00e9t\u00e9, notamment le recrutement des chauffeurs, et en r\u00e9ponse aux demandes des citoyens et des diff\u00e9rentes structures de la soci\u00e9t\u00e9 civile et des autorit\u00e9s locales, d&rsquo;apr\u00e8s la soci\u00e9t\u00e9.<\/p>\n<p>Le programme des deux lignes sera comme suit :<\/p>\n<p>\/\/Ligne Tunis\/Matmata<br \/>\nA partir de vendredi 18 ao\u00fbt 2023 : D\u00e9part de Tunis (gare Bab Alioua) vers Matmata \u00e0 21h30.<br \/>\nA partir de samedi 19 ao\u00fbt 2023 : D\u00e9part de Matmata vers Tunis \u00e0 20h30.<\/p>\n<p>\/\/Ligne Tunis\/El Hamma<br \/>\nA partir de samedi 19 ao\u00fbt 2023 : D\u00e9part de Tunis (gare Bab Alioua) vers El Hamma \u00e0 06h00.<br \/>\nA partir de dimanche 20 ao\u00fbt 2023 : D\u00e9part de El Hamma vers Tunis \u00e0 05h30.<\/p>\n","protected":false},"excerpt":{"rendered":"<p>La Soci\u00e9t\u00e9 nationale de transport interurbain (Sntri) annonce mercredi, la reprise, \u00e0 partir du 18 et du 19 ao\u00fbt, du trafic sur les lignes Tunis\/Matmata et Tuni&#8230;<\/p>\n","protected":false},"author":3175,"featured_media":278589,"comment_status":"open","ping_status":"closed","sticky":false,"template":"","format":"standard","meta":{"footnotes":""},"categories":[44],"tags":[7825,9653,2818,2640,2608],"class_list":["post-207971","post","type-post","status-publish","format-standard","has-post-thumbnail","hentry","category-national","tag-ligne","tag-matmata","tag-transport","tag-tunis","tag-tunisie"],"yoast_head":"<!-- This site is optimized with the Yoast SEO Premium plugin v27.4 (Yoast SEO v27.5) - https:\/\/yoast.com\/product\/yoast-seo-premium-wordpress\/ -->\n<title>SNTRI : Reprise des lignes Tunis\/Matmata et Tunis\/El Hamma<\/title>\n<meta name=\"description\" content=\"La Soci\u00e9t\u00e9 nationale de transport interurbain (Sntri) annonce mercredi, la reprise, \u00e0 partir du 18 et du 19 ao\u00fbt, du trafic sur les lignes Tunis\/Matmata et Tuni...\" \/>\n<link rel=\"canonical\" href=\"https:\/\/www.webdo.tn\/fr\/actualite\/national\/sntri-reprise-des-lignes-tunis-matmata-et-tunis-el-hamma\/207971\/\" \/>\n<meta property=\"og:locale\" content=\"fr_FR\" \/>\n<meta property=\"og:type\" content=\"article\" \/>\n<meta property=\"og:title\" content=\"SNTRI : Reprise des lignes Tunis\/Matmata et Tunis\/El Hamma\" \/>\n<meta property=\"og:description\" content=\"La Soci\u00e9t\u00e9 nationale de transport interurbain (Sntri) annonce mercredi, la reprise, \u00e0 partir du 18 et du 19 ao\u00fbt, du trafic sur les lignes Tunis\/Matmata et Tuni...\" \/>\n<meta property=\"og:url\" content=\"https:\/\/www.webdo.tn\/fr\/actualite\/national\/sntri-reprise-des-lignes-tunis-matmata-et-tunis-el-hamma\/207971\/\" \/>\n<meta property=\"og:site_name\" content=\"webdo\" \/>\n<meta property=\"article:publisher\" content=\"https:\/\/www.facebook.com\/webdotn\" \/>\n<meta property=\"article:published_time\" content=\"2023-08-16T18:09:00+00:00\" \/>\n<meta property=\"article:modified_time\" content=\"2025-05-20T22:51:25+00:00\" \/>\n<meta property=\"og:image\" content=\"https:\/\/www.webdo.tn\/fr\/wp-content\/uploads\/2023\/08\/239276efb17109240aca926e706a0ca8.jpg\" \/>\n\t<meta property=\"og:image:width\" content=\"750\" \/>\n\t<meta property=\"og:image:height\" content=\"400\" \/>\n\t<meta property=\"og:image:type\" content=\"image\/jpeg\" \/>\n<meta name=\"author\" content=\"CL\" \/>\n<meta name=\"twitter:card\" content=\"summary_large_image\" \/>\n<meta name=\"twitter:creator\" content=\"@webdo_tn\" \/>\n<meta name=\"twitter:site\" content=\"@webdo_tn\" \/>\n<meta name=\"twitter:label1\" content=\"\u00c9crit par\" \/>\n\t<meta name=\"twitter:data1\" content=\"CL\" \/>\n\t<meta name=\"twitter:label2\" content=\"Dur\u00e9e de lecture estim\u00e9e\" \/>\n\t<meta name=\"twitter:data2\" content=\"1 minute\" \/>\n<script type=\"application\/ld+json\" class=\"yoast-schema-graph\">{\"@context\":\"https:\\\/\\\/schema.org\",\"@graph\":[{\"@type\":\"NewsArticle\",\"@id\":\"https:\\\/\\\/www.webdo.tn\\\/fr\\\/actualite\\\/national\\\/sntri-reprise-des-lignes-tunis-matmata-et-tunis-el-hamma\\\/207971\\\/#article\",\"isPartOf\":{\"@id\":\"https:\\\/\\\/www.webdo.tn\\\/fr\\\/actualite\\\/national\\\/sntri-reprise-des-lignes-tunis-matmata-et-tunis-el-hamma\\\/207971\\\/\"},\"author\":{\"name\":\"CL\",\"@id\":\"https:\\\/\\\/www.webdo.tn\\\/fr\\\/#\\\/schema\\\/person\\\/f35b42a42c5e2511bbd282959d6385cc\"},\"headline\":\"SNTRI : Reprise des lignes Tunis\\\/Matmata et Tunis\\\/El Hamma\",\"datePublished\":\"2023-08-16T18:09:00+00:00\",\"dateModified\":\"2025-05-20T22:51:25+00:00\",\"mainEntityOfPage\":{\"@id\":\"https:\\\/\\\/www.webdo.tn\\\/fr\\\/actualite\\\/national\\\/sntri-reprise-des-lignes-tunis-matmata-et-tunis-el-hamma\\\/207971\\\/\"},\"wordCount\":220,\"commentCount\":0,\"publisher\":{\"@id\":\"https:\\\/\\\/www.webdo.tn\\\/fr\\\/#organization\"},\"image\":{\"@id\":\"https:\\\/\\\/www.webdo.tn\\\/fr\\\/actualite\\\/national\\\/sntri-reprise-des-lignes-tunis-matmata-et-tunis-el-hamma\\\/207971\\\/#primaryimage\"},\"thumbnailUrl\":\"https:\\\/\\\/www.webdo.tn\\\/fr\\\/wp-content\\\/uploads\\\/2023\\\/08\\\/239276efb17109240aca926e706a0ca8.jpg\",\"keywords\":[\"Ligne\",\"Matmata\",\"Transport\",\"Tunis\",\"Tunisie\"],\"articleSection\":[\"National\"],\"inLanguage\":\"fr-FR\"},{\"@type\":\"WebPage\",\"@id\":\"https:\\\/\\\/www.webdo.tn\\\/fr\\\/actualite\\\/national\\\/sntri-reprise-des-lignes-tunis-matmata-et-tunis-el-hamma\\\/207971\\\/\",\"url\":\"https:\\\/\\\/www.webdo.tn\\\/fr\\\/actualite\\\/national\\\/sntri-reprise-des-lignes-tunis-matmata-et-tunis-el-hamma\\\/207971\\\/\",\"name\":\"SNTRI : Reprise des lignes Tunis\\\/Matmata et Tunis\\\/El Hamma\",\"isPartOf\":{\"@id\":\"https:\\\/\\\/www.webdo.tn\\\/fr\\\/#website\"},\"primaryImageOfPage\":{\"@id\":\"https:\\\/\\\/www.webdo.tn\\\/fr\\\/actualite\\\/national\\\/sntri-reprise-des-lignes-tunis-matmata-et-tunis-el-hamma\\\/207971\\\/#primaryimage\"},\"image\":{\"@id\":\"https:\\\/\\\/www.webdo.tn\\\/fr\\\/actualite\\\/national\\\/sntri-reprise-des-lignes-tunis-matmata-et-tunis-el-hamma\\\/207971\\\/#primaryimage\"},\"thumbnailUrl\":\"https:\\\/\\\/www.webdo.tn\\\/fr\\\/wp-content\\\/uploads\\\/2023\\\/08\\\/239276efb17109240aca926e706a0ca8.jpg\",\"datePublished\":\"2023-08-16T18:09:00+00:00\",\"dateModified\":\"2025-05-20T22:51:25+00:00\",\"description\":\"La Soci\u00e9t\u00e9 nationale de transport interurbain (Sntri) annonce mercredi, la reprise, \u00e0 partir du 18 et du 19 ao\u00fbt, du trafic sur les lignes Tunis\\\/Matmata et Tuni...\",\"breadcrumb\":{\"@id\":\"https:\\\/\\\/www.webdo.tn\\\/fr\\\/actualite\\\/national\\\/sntri-reprise-des-lignes-tunis-matmata-et-tunis-el-hamma\\\/207971\\\/#breadcrumb\"},\"inLanguage\":\"fr-FR\",\"potentialAction\":[{\"@type\":\"ReadAction\",\"target\":[\"https:\\\/\\\/www.webdo.tn\\\/fr\\\/actualite\\\/national\\\/sntri-reprise-des-lignes-tunis-matmata-et-tunis-el-hamma\\\/207971\\\/\"]}]},{\"@type\":\"ImageObject\",\"inLanguage\":\"fr-FR\",\"@id\":\"https:\\\/\\\/www.webdo.tn\\\/fr\\\/actualite\\\/national\\\/sntri-reprise-des-lignes-tunis-matmata-et-tunis-el-hamma\\\/207971\\\/#primaryimage\",\"url\":\"https:\\\/\\\/www.webdo.tn\\\/fr\\\/wp-content\\\/uploads\\\/2023\\\/08\\\/239276efb17109240aca926e706a0ca8.jpg\",\"contentUrl\":\"https:\\\/\\\/www.webdo.tn\\\/fr\\\/wp-content\\\/uploads\\\/2023\\\/08\\\/239276efb17109240aca926e706a0ca8.jpg\",\"width\":750,\"height\":400,\"caption\":\"SNTRI : Reprise des lignes Tunis\\\/Matmata et Tunis\\\/El Hamma\"},{\"@type\":\"BreadcrumbList\",\"@id\":\"https:\\\/\\\/www.webdo.tn\\\/fr\\\/actualite\\\/national\\\/sntri-reprise-des-lignes-tunis-matmata-et-tunis-el-hamma\\\/207971\\\/#breadcrumb\",\"itemListElement\":[{\"@type\":\"ListItem\",\"position\":1,\"name\":\"Accueil\",\"item\":\"https:\\\/\\\/www.webdo.tn\\\/fr\\\/\"},{\"@type\":\"ListItem\",\"position\":2,\"name\":\"SNTRI : Reprise des lignes Tunis\\\/Matmata et Tunis\\\/El Hamma\"}]},{\"@type\":\"WebSite\",\"@id\":\"https:\\\/\\\/www.webdo.tn\\\/fr\\\/#website\",\"url\":\"https:\\\/\\\/www.webdo.tn\\\/fr\\\/\",\"name\":\"webdo\",\"description\":\"Tunisie - News en Tunisie et \u00e0 l&#039;international sur Webdo.tn\",\"publisher\":{\"@id\":\"https:\\\/\\\/www.webdo.tn\\\/fr\\\/#organization\"},\"potentialAction\":[{\"@type\":\"SearchAction\",\"target\":{\"@type\":\"EntryPoint\",\"urlTemplate\":\"https:\\\/\\\/www.webdo.tn\\\/fr\\\/?s={search_term_string}\"},\"query-input\":{\"@type\":\"PropertyValueSpecification\",\"valueRequired\":true,\"valueName\":\"search_term_string\"}}],\"inLanguage\":\"fr-FR\"},{\"@type\":\"Organization\",\"@id\":\"https:\\\/\\\/www.webdo.tn\\\/fr\\\/#organization\",\"name\":\"Webdo\",\"alternateName\":\"Webdo.tn\",\"url\":\"https:\\\/\\\/www.webdo.tn\\\/fr\\\/\",\"logo\":{\"@type\":\"ImageObject\",\"inLanguage\":\"fr-FR\",\"@id\":\"https:\\\/\\\/www.webdo.tn\\\/fr\\\/#\\\/schema\\\/logo\\\/image\\\/\",\"url\":\"https:\\\/\\\/www.webdo.tn\\\/fr\\\/wp-content\\\/uploads\\\/2025\\\/06\\\/Webdo-Tunisie_168377.jpg\",\"contentUrl\":\"https:\\\/\\\/www.webdo.tn\\\/fr\\\/wp-content\\\/uploads\\\/2025\\\/06\\\/Webdo-Tunisie_168377.jpg\",\"width\":301,\"height\":301,\"caption\":\"Webdo\"},\"image\":{\"@id\":\"https:\\\/\\\/www.webdo.tn\\\/fr\\\/#\\\/schema\\\/logo\\\/image\\\/\"},\"sameAs\":[\"https:\\\/\\\/www.facebook.com\\\/webdotn\",\"https:\\\/\\\/x.com\\\/webdo_tn\"],\"description\":\"Webdo est un m\u00e9dia num\u00e9rique tunisien fond\u00e9 en 2010, sp\u00e9cialis\u00e9 dans l\u2019actualit\u00e9 nationale et internationale, l\u2019\u00e9conomie, la soci\u00e9t\u00e9 et les analyses politiques. Le site s\u2019adresse \u00e0 un large public francophone et couvre l\u2019information tunisienne en temps r\u00e9el.\",\"email\":\"redac@webdo.tn\",\"legalName\":\"YNJ SARL\",\"foundingDate\":\"2010-09-06\",\"numberOfEmployees\":{\"@type\":\"QuantitativeValue\",\"minValue\":\"11\",\"maxValue\":\"50\"}},{\"@type\":\"Person\",\"@id\":\"https:\\\/\\\/www.webdo.tn\\\/fr\\\/#\\\/schema\\\/person\\\/f35b42a42c5e2511bbd282959d6385cc\",\"name\":\"CL\",\"image\":{\"@type\":\"ImageObject\",\"inLanguage\":\"fr-FR\",\"@id\":\"https:\\\/\\\/secure.gravatar.com\\\/avatar\\\/1447a49909b67aa657c488aec6512e1dd6143a480c1ecfee9b5b5cd74eb3b59e?s=96&d=mm&r=g\",\"url\":\"https:\\\/\\\/secure.gravatar.com\\\/avatar\\\/1447a49909b67aa657c488aec6512e1dd6143a480c1ecfee9b5b5cd74eb3b59e?s=96&d=mm&r=g\",\"contentUrl\":\"https:\\\/\\\/secure.gravatar.com\\\/avatar\\\/1447a49909b67aa657c488aec6512e1dd6143a480c1ecfee9b5b5cd74eb3b59e?s=96&d=mm&r=g\",\"caption\":\"CL\"},\"url\":\"https:\\\/\\\/www.webdo.tn\\\/fr\\\/actualite\\\/author\\\/cl\\\/\"}]}<\/script>\n<!-- \/ Yoast SEO Premium plugin. -->","yoast_head_json":{"title":"SNTRI : Reprise des lignes Tunis\/Matmata et Tunis\/El Hamma","description":"La Soci\u00e9t\u00e9 nationale de transport interurbain (Sntri) annonce mercredi, la reprise, \u00e0 partir du 18 et du 19 ao\u00fbt, du trafic sur les lignes Tunis\/Matmata et Tuni...","canonical":"https:\/\/www.webdo.tn\/fr\/actualite\/national\/sntri-reprise-des-lignes-tunis-matmata-et-tunis-el-hamma\/207971\/","og_locale":"fr_FR","og_type":"article","og_title":"SNTRI : Reprise des lignes Tunis\/Matmata et Tunis\/El Hamma","og_description":"La Soci\u00e9t\u00e9 nationale de transport interurbain (Sntri) annonce mercredi, la reprise, \u00e0 partir du 18 et du 19 ao\u00fbt, du trafic sur les lignes Tunis\/Matmata et Tuni...","og_url":"https:\/\/www.webdo.tn\/fr\/actualite\/national\/sntri-reprise-des-lignes-tunis-matmata-et-tunis-el-hamma\/207971\/","og_site_name":"webdo","article_publisher":"https:\/\/www.facebook.com\/webdotn","article_published_time":"2023-08-16T18:09:00+00:00","article_modified_time":"2025-05-20T22:51:25+00:00","og_image":[{"width":750,"height":400,"url":"https:\/\/www.webdo.tn\/fr\/wp-content\/uploads\/2023\/08\/239276efb17109240aca926e706a0ca8.jpg","type":"image\/jpeg"}],"author":"CL","twitter_card":"summary_large_image","twitter_creator":"@webdo_tn","twitter_site":"@webdo_tn","twitter_misc":{"\u00c9crit par":"CL","Dur\u00e9e de lecture estim\u00e9e":"1 minute"},"schema":{"@context":"https:\/\/schema.org","@graph":[{"@type":"NewsArticle","@id":"https:\/\/www.webdo.tn\/fr\/actualite\/national\/sntri-reprise-des-lignes-tunis-matmata-et-tunis-el-hamma\/207971\/#article","isPartOf":{"@id":"https:\/\/www.webdo.tn\/fr\/actualite\/national\/sntri-reprise-des-lignes-tunis-matmata-et-tunis-el-hamma\/207971\/"},"author":{"name":"CL","@id":"https:\/\/www.webdo.tn\/fr\/#\/schema\/person\/f35b42a42c5e2511bbd282959d6385cc"},"headline":"SNTRI : Reprise des lignes Tunis\/Matmata et Tunis\/El Hamma","datePublished":"2023-08-16T18:09:00+00:00","dateModified":"2025-05-20T22:51:25+00:00","mainEntityOfPage":{"@id":"https:\/\/www.webdo.tn\/fr\/actualite\/national\/sntri-reprise-des-lignes-tunis-matmata-et-tunis-el-hamma\/207971\/"},"wordCount":220,"commentCount":0,"publisher":{"@id":"https:\/\/www.webdo.tn\/fr\/#organization"},"image":{"@id":"https:\/\/www.webdo.tn\/fr\/actualite\/national\/sntri-reprise-des-lignes-tunis-matmata-et-tunis-el-hamma\/207971\/#primaryimage"},"thumbnailUrl":"https:\/\/www.webdo.tn\/fr\/wp-content\/uploads\/2023\/08\/239276efb17109240aca926e706a0ca8.jpg","keywords":["Ligne","Matmata","Transport","Tunis","Tunisie"],"articleSection":["National"],"inLanguage":"fr-FR"},{"@type":"WebPage","@id":"https:\/\/www.webdo.tn\/fr\/actualite\/national\/sntri-reprise-des-lignes-tunis-matmata-et-tunis-el-hamma\/207971\/","url":"https:\/\/www.webdo.tn\/fr\/actualite\/national\/sntri-reprise-des-lignes-tunis-matmata-et-tunis-el-hamma\/207971\/","name":"SNTRI : Reprise des lignes Tunis\/Matmata et Tunis\/El Hamma","isPartOf":{"@id":"https:\/\/www.webdo.tn\/fr\/#website"},"primaryImageOfPage":{"@id":"https:\/\/www.webdo.tn\/fr\/actualite\/national\/sntri-reprise-des-lignes-tunis-matmata-et-tunis-el-hamma\/207971\/#primaryimage"},"image":{"@id":"https:\/\/www.webdo.tn\/fr\/actualite\/national\/sntri-reprise-des-lignes-tunis-matmata-et-tunis-el-hamma\/207971\/#primaryimage"},"thumbnailUrl":"https:\/\/www.webdo.tn\/fr\/wp-content\/uploads\/2023\/08\/239276efb17109240aca926e706a0ca8.jpg","datePublished":"2023-08-16T18:09:00+00:00","dateModified":"2025-05-20T22:51:25+00:00","description":"La Soci\u00e9t\u00e9 nationale de transport interurbain (Sntri) annonce mercredi, la reprise, \u00e0 partir du 18 et du 19 ao\u00fbt, du trafic sur les lignes Tunis\/Matmata et Tuni...","breadcrumb":{"@id":"https:\/\/www.webdo.tn\/fr\/actualite\/national\/sntri-reprise-des-lignes-tunis-matmata-et-tunis-el-hamma\/207971\/#breadcrumb"},"inLanguage":"fr-FR","potentialAction":[{"@type":"ReadAction","target":["https:\/\/www.webdo.tn\/fr\/actualite\/national\/sntri-reprise-des-lignes-tunis-matmata-et-tunis-el-hamma\/207971\/"]}]},{"@type":"ImageObject","inLanguage":"fr-FR","@id":"https:\/\/www.webdo.tn\/fr\/actualite\/national\/sntri-reprise-des-lignes-tunis-matmata-et-tunis-el-hamma\/207971\/#primaryimage","url":"https:\/\/www.webdo.tn\/fr\/wp-content\/uploads\/2023\/08\/239276efb17109240aca926e706a0ca8.jpg","contentUrl":"https:\/\/www.webdo.tn\/fr\/wp-content\/uploads\/2023\/08\/239276efb17109240aca926e706a0ca8.jpg","width":750,"height":400,"caption":"SNTRI : Reprise des lignes Tunis\/Matmata et Tunis\/El Hamma"},{"@type":"BreadcrumbList","@id":"https:\/\/www.webdo.tn\/fr\/actualite\/national\/sntri-reprise-des-lignes-tunis-matmata-et-tunis-el-hamma\/207971\/#breadcrumb","itemListElement":[{"@type":"ListItem","position":1,"name":"Accueil","item":"https:\/\/www.webdo.tn\/fr\/"},{"@type":"ListItem","position":2,"name":"SNTRI : Reprise des lignes Tunis\/Matmata et Tunis\/El Hamma"}]},{"@type":"WebSite","@id":"https:\/\/www.webdo.tn\/fr\/#website","url":"https:\/\/www.webdo.tn\/fr\/","name":"webdo","description":"Tunisie - News en Tunisie et \u00e0 l&#039;international sur Webdo.tn","publisher":{"@id":"https:\/\/www.webdo.tn\/fr\/#organization"},"potentialAction":[{"@type":"SearchAction","target":{"@type":"EntryPoint","urlTemplate":"https:\/\/www.webdo.tn\/fr\/?s={search_term_string}"},"query-input":{"@type":"PropertyValueSpecification","valueRequired":true,"valueName":"search_term_string"}}],"inLanguage":"fr-FR"},{"@type":"Organization","@id":"https:\/\/www.webdo.tn\/fr\/#organization","name":"Webdo","alternateName":"Webdo.tn","url":"https:\/\/www.webdo.tn\/fr\/","logo":{"@type":"ImageObject","inLanguage":"fr-FR","@id":"https:\/\/www.webdo.tn\/fr\/#\/schema\/logo\/image\/","url":"https:\/\/www.webdo.tn\/fr\/wp-content\/uploads\/2025\/06\/Webdo-Tunisie_168377.jpg","contentUrl":"https:\/\/www.webdo.tn\/fr\/wp-content\/uploads\/2025\/06\/Webdo-Tunisie_168377.jpg","width":301,"height":301,"caption":"Webdo"},"image":{"@id":"https:\/\/www.webdo.tn\/fr\/#\/schema\/logo\/image\/"},"sameAs":["https:\/\/www.facebook.com\/webdotn","https:\/\/x.com\/webdo_tn"],"description":"Webdo est un m\u00e9dia num\u00e9rique tunisien fond\u00e9 en 2010, sp\u00e9cialis\u00e9 dans l\u2019actualit\u00e9 nationale et internationale, l\u2019\u00e9conomie, la soci\u00e9t\u00e9 et les analyses politiques. Le site s\u2019adresse \u00e0 un large public francophone et couvre l\u2019information tunisienne en temps r\u00e9el.","email":"redac@webdo.tn","legalName":"YNJ SARL","foundingDate":"2010-09-06","numberOfEmployees":{"@type":"QuantitativeValue","minValue":"11","maxValue":"50"}},{"@type":"Person","@id":"https:\/\/www.webdo.tn\/fr\/#\/schema\/person\/f35b42a42c5e2511bbd282959d6385cc","name":"CL","image":{"@type":"ImageObject","inLanguage":"fr-FR","@id":"https:\/\/secure.gravatar.com\/avatar\/1447a49909b67aa657c488aec6512e1dd6143a480c1ecfee9b5b5cd74eb3b59e?s=96&d=mm&r=g","url":"https:\/\/secure.gravatar.com\/avatar\/1447a49909b67aa657c488aec6512e1dd6143a480c1ecfee9b5b5cd74eb3b59e?s=96&d=mm&r=g","contentUrl":"https:\/\/secure.gravatar.com\/avatar\/1447a49909b67aa657c488aec6512e1dd6143a480c1ecfee9b5b5cd74eb3b59e?s=96&d=mm&r=g","caption":"CL"},"url":"https:\/\/www.webdo.tn\/fr\/actualite\/author\/cl\/"}]}},"_links":{"self":[{"href":"https:\/\/www.webdo.tn\/fr\/wp-json\/wp\/v2\/posts\/207971","targetHints":{"allow":["GET"]}}],"collection":[{"href":"https:\/\/www.webdo.tn\/fr\/wp-json\/wp\/v2\/posts"}],"about":[{"href":"https:\/\/www.webdo.tn\/fr\/wp-json\/wp\/v2\/types\/post"}],"author":[{"embeddable":true,"href":"https:\/\/www.webdo.tn\/fr\/wp-json\/wp\/v2\/users\/3175"}],"replies":[{"embeddable":true,"href":"https:\/\/www.webdo.tn\/fr\/wp-json\/wp\/v2\/comments?post=207971"}],"version-history":[{"count":0,"href":"https:\/\/www.webdo.tn\/fr\/wp-json\/wp\/v2\/posts\/207971\/revisions"}],"wp:featuredmedia":[{"embeddable":true,"href":"https:\/\/www.webdo.tn\/fr\/wp-json\/wp\/v2\/media\/278589"}],"wp:attachment":[{"href":"https:\/\/www.webdo.tn\/fr\/wp-json\/wp\/v2\/media?parent=207971"}],"wp:term":[{"taxonomy":"category","embeddable":true,"href":"https:\/\/www.webdo.tn\/fr\/wp-json\/wp\/v2\/categories?post=207971"},{"taxonomy":"post_tag","embeddable":true,"href":"https:\/\/www.webdo.tn\/fr\/wp-json\/wp\/v2\/tags?post=207971"}],"curies":[{"name":"wp","href":"https:\/\/api.w.org\/{rel}","templated":true}]}}