{"id":207940,"date":"2023-08-15T18:47:00","date_gmt":"2023-08-15T18:47:00","guid":{"rendered":"https:\/\/www.webdo.tn\/fr\/blog\/tunisie-un-taux-de-croissance-de-1-2-au-premier-semestre-2023\/207940\/"},"modified":"2023-08-15T18:47:00","modified_gmt":"2023-08-15T18:47:00","slug":"tunisie-un-taux-de-croissance-de-1-2-au-premier-semestre-2023","status":"publish","type":"post","link":"https:\/\/www.webdo.tn\/fr\/actualite\/national\/tunisie-un-taux-de-croissance-de-1-2-au-premier-semestre-2023\/207940\/","title":{"rendered":"Tunisie : Un taux de croissance de 0,6% au deuxi\u00e8me trimestre 2023"},"content":{"rendered":"<p>La Tunisie a enregistr\u00e9 une croissance de 0,6 % au cours du deuxi\u00e8me trimestre de l&rsquo;ann\u00e9e en cours, selon les estimations pr\u00e9liminaires des comptes nationaux trimestriels publi\u00e9s ce mardi 15 ao\u00fbt 2023 par l&rsquo;Institut National de la Statistique (INS).<\/p>\n<p>\t\t\t\t\t\t\t\t\tEn termes de variations trimestrielles, le PIB en volume a connu une baisse de 1,3 %, alors qu&rsquo;il avait augment\u00e9 de 0,7 % au cours du trimestre pr\u00e9c\u00e9dent. De ce fait, le taux de\u00a0croissance du premier semestre 2023 se situerait \u00e0 1,2%, en rappelant que la croisance du premier trimestre \u00e9tait de 1,9%.<\/p>\n<p>L&rsquo;INS souligne que la demande int\u00e9rieure en volume n&rsquo;a progress\u00e9 que de 0,2% avec une contribution pour 0,25 point de pourcentage \u00e0 la croissance \u00e9conomique du deuxi\u00e8me trimestre.<\/p>\n<p>Par ailleurs, toujours selo l&rsquo;INS, le solde des \u00e9changes ext\u00e9rieur a contribu\u00e9 \u00e0 hauteur de 0,35 point, du fait de la hausse du volume des exportations de biens et services de 11,4% qui a d\u00e9pass\u00e9 l\u00e9g\u00e8rement celle des importations, soit 9%.<\/p>\n","protected":false},"excerpt":{"rendered":"<p>La Tunisie a enregistr\u00e9 une croissance de 0,6 % au cours du deuxi\u00e8me trimestre de l&rsquo;ann\u00e9e en cours, selon les estimations pr\u00e9liminaires des comptes nationaux tr&#8230;<\/p>\n","protected":false},"author":3169,"featured_media":249542,"comment_status":"open","ping_status":"closed","sticky":false,"template":"","format":"standard","meta":{"footnotes":""},"categories":[44],"tags":[3854,3154,3374,4004,2608],"class_list":["post-207940","post","type-post","status-publish","format-standard","has-post-thumbnail","hentry","category-national","tag-croissance","tag-economie","tag-ins","tag-pib","tag-tunisie"],"yoast_head":"<!-- This site is optimized with the Yoast SEO Premium plugin v27.4 (Yoast SEO v27.5) - https:\/\/yoast.com\/product\/yoast-seo-premium-wordpress\/ -->\n<title>Tunisie : Un taux de croissance de 0,6% au deuxi\u00e8me trimestre 2023<\/title>\n<meta name=\"description\" content=\"La Tunisie a enregistr\u00e9 une croissance de 0,6 % au cours du deuxi\u00e8me trimestre de l&#039;ann\u00e9e en cours, selon les estimations pr\u00e9liminaires des comptes nationaux tr...\" \/>\n<link rel=\"canonical\" href=\"https:\/\/www.webdo.tn\/fr\/actualite\/national\/tunisie-un-taux-de-croissance-de-1-2-au-premier-semestre-2023\/207940\/\" \/>\n<meta property=\"og:locale\" content=\"fr_FR\" \/>\n<meta property=\"og:type\" content=\"article\" \/>\n<meta property=\"og:title\" content=\"Tunisie : Un taux de croissance de 0,6% au deuxi\u00e8me trimestre 2023\" \/>\n<meta property=\"og:description\" content=\"La Tunisie a enregistr\u00e9 une croissance de 0,6 % au cours du deuxi\u00e8me trimestre de l&#039;ann\u00e9e en cours, selon les estimations pr\u00e9liminaires des comptes nationaux tr...\" \/>\n<meta property=\"og:url\" content=\"https:\/\/www.webdo.tn\/fr\/actualite\/national\/tunisie-un-taux-de-croissance-de-1-2-au-premier-semestre-2023\/207940\/\" \/>\n<meta property=\"og:site_name\" content=\"webdo\" \/>\n<meta property=\"article:publisher\" content=\"https:\/\/www.facebook.com\/webdotn\" \/>\n<meta property=\"article:published_time\" content=\"2023-08-15T18:47:00+00:00\" \/>\n<meta property=\"og:image\" content=\"https:\/\/www.webdo.tn\/fr\/wp-content\/uploads\/2023\/08\/816c8226fabdc20e99dfa5454fc7a5dd.jpeg\" \/>\n\t<meta property=\"og:image:width\" content=\"750\" \/>\n\t<meta property=\"og:image:height\" content=\"400\" \/>\n\t<meta property=\"og:image:type\" content=\"image\/jpeg\" \/>\n<meta name=\"author\" content=\"Webdo\" \/>\n<meta name=\"twitter:card\" content=\"summary_large_image\" \/>\n<meta name=\"twitter:creator\" content=\"@webdo_tn\" \/>\n<meta name=\"twitter:site\" content=\"@webdo_tn\" \/>\n<meta name=\"twitter:label1\" content=\"\u00c9crit par\" \/>\n\t<meta name=\"twitter:data1\" content=\"Webdo\" \/>\n\t<meta name=\"twitter:label2\" content=\"Dur\u00e9e de lecture estim\u00e9e\" \/>\n\t<meta name=\"twitter:data2\" content=\"1 minute\" \/>\n<script type=\"application\/ld+json\" class=\"yoast-schema-graph\">{\"@context\":\"https:\\\/\\\/schema.org\",\"@graph\":[{\"@type\":\"NewsArticle\",\"@id\":\"https:\\\/\\\/www.webdo.tn\\\/fr\\\/actualite\\\/national\\\/tunisie-un-taux-de-croissance-de-1-2-au-premier-semestre-2023\\\/207940\\\/#article\",\"isPartOf\":{\"@id\":\"https:\\\/\\\/www.webdo.tn\\\/fr\\\/actualite\\\/national\\\/tunisie-un-taux-de-croissance-de-1-2-au-premier-semestre-2023\\\/207940\\\/\"},\"author\":{\"name\":\"Webdo\",\"@id\":\"https:\\\/\\\/www.webdo.tn\\\/fr\\\/#\\\/schema\\\/person\\\/1f4e491e0907b413d61089e8eb573acc\"},\"headline\":\"Tunisie : Un taux de croissance de 0,6% au deuxi\u00e8me trimestre 2023\",\"datePublished\":\"2023-08-15T18:47:00+00:00\",\"mainEntityOfPage\":{\"@id\":\"https:\\\/\\\/www.webdo.tn\\\/fr\\\/actualite\\\/national\\\/tunisie-un-taux-de-croissance-de-1-2-au-premier-semestre-2023\\\/207940\\\/\"},\"wordCount\":172,\"commentCount\":0,\"publisher\":{\"@id\":\"https:\\\/\\\/www.webdo.tn\\\/fr\\\/#organization\"},\"image\":{\"@id\":\"https:\\\/\\\/www.webdo.tn\\\/fr\\\/actualite\\\/national\\\/tunisie-un-taux-de-croissance-de-1-2-au-premier-semestre-2023\\\/207940\\\/#primaryimage\"},\"thumbnailUrl\":\"https:\\\/\\\/www.webdo.tn\\\/fr\\\/wp-content\\\/uploads\\\/2023\\\/08\\\/816c8226fabdc20e99dfa5454fc7a5dd.jpeg\",\"keywords\":[\"Croissance\",\"\u00e9conomie\",\"INS\",\"PIB\",\"Tunisie\"],\"articleSection\":[\"National\"],\"inLanguage\":\"fr-FR\"},{\"@type\":\"WebPage\",\"@id\":\"https:\\\/\\\/www.webdo.tn\\\/fr\\\/actualite\\\/national\\\/tunisie-un-taux-de-croissance-de-1-2-au-premier-semestre-2023\\\/207940\\\/\",\"url\":\"https:\\\/\\\/www.webdo.tn\\\/fr\\\/actualite\\\/national\\\/tunisie-un-taux-de-croissance-de-1-2-au-premier-semestre-2023\\\/207940\\\/\",\"name\":\"Tunisie : Un taux de croissance de 0,6% au deuxi\u00e8me trimestre 2023\",\"isPartOf\":{\"@id\":\"https:\\\/\\\/www.webdo.tn\\\/fr\\\/#website\"},\"primaryImageOfPage\":{\"@id\":\"https:\\\/\\\/www.webdo.tn\\\/fr\\\/actualite\\\/national\\\/tunisie-un-taux-de-croissance-de-1-2-au-premier-semestre-2023\\\/207940\\\/#primaryimage\"},\"image\":{\"@id\":\"https:\\\/\\\/www.webdo.tn\\\/fr\\\/actualite\\\/national\\\/tunisie-un-taux-de-croissance-de-1-2-au-premier-semestre-2023\\\/207940\\\/#primaryimage\"},\"thumbnailUrl\":\"https:\\\/\\\/www.webdo.tn\\\/fr\\\/wp-content\\\/uploads\\\/2023\\\/08\\\/816c8226fabdc20e99dfa5454fc7a5dd.jpeg\",\"datePublished\":\"2023-08-15T18:47:00+00:00\",\"description\":\"La Tunisie a enregistr\u00e9 une croissance de 0,6 % au cours du deuxi\u00e8me trimestre de l'ann\u00e9e en cours, selon les estimations pr\u00e9liminaires des comptes nationaux tr...\",\"breadcrumb\":{\"@id\":\"https:\\\/\\\/www.webdo.tn\\\/fr\\\/actualite\\\/national\\\/tunisie-un-taux-de-croissance-de-1-2-au-premier-semestre-2023\\\/207940\\\/#breadcrumb\"},\"inLanguage\":\"fr-FR\",\"potentialAction\":[{\"@type\":\"ReadAction\",\"target\":[\"https:\\\/\\\/www.webdo.tn\\\/fr\\\/actualite\\\/national\\\/tunisie-un-taux-de-croissance-de-1-2-au-premier-semestre-2023\\\/207940\\\/\"]}]},{\"@type\":\"ImageObject\",\"inLanguage\":\"fr-FR\",\"@id\":\"https:\\\/\\\/www.webdo.tn\\\/fr\\\/actualite\\\/national\\\/tunisie-un-taux-de-croissance-de-1-2-au-premier-semestre-2023\\\/207940\\\/#primaryimage\",\"url\":\"https:\\\/\\\/www.webdo.tn\\\/fr\\\/wp-content\\\/uploads\\\/2023\\\/08\\\/816c8226fabdc20e99dfa5454fc7a5dd.jpeg\",\"contentUrl\":\"https:\\\/\\\/www.webdo.tn\\\/fr\\\/wp-content\\\/uploads\\\/2023\\\/08\\\/816c8226fabdc20e99dfa5454fc7a5dd.jpeg\",\"width\":750,\"height\":400,\"caption\":\"Tunisie : Un taux de croissance de 0,6% au deuxi\u00e8me trimestre 2023\"},{\"@type\":\"BreadcrumbList\",\"@id\":\"https:\\\/\\\/www.webdo.tn\\\/fr\\\/actualite\\\/national\\\/tunisie-un-taux-de-croissance-de-1-2-au-premier-semestre-2023\\\/207940\\\/#breadcrumb\",\"itemListElement\":[{\"@type\":\"ListItem\",\"position\":1,\"name\":\"Accueil\",\"item\":\"https:\\\/\\\/www.webdo.tn\\\/fr\\\/\"},{\"@type\":\"ListItem\",\"position\":2,\"name\":\"Tunisie : Un taux de croissance de 0,6% au deuxi\u00e8me trimestre 2023\"}]},{\"@type\":\"WebSite\",\"@id\":\"https:\\\/\\\/www.webdo.tn\\\/fr\\\/#website\",\"url\":\"https:\\\/\\\/www.webdo.tn\\\/fr\\\/\",\"name\":\"webdo\",\"description\":\"Tunisie - News en Tunisie et \u00e0 l&#039;international sur Webdo.tn\",\"publisher\":{\"@id\":\"https:\\\/\\\/www.webdo.tn\\\/fr\\\/#organization\"},\"potentialAction\":[{\"@type\":\"SearchAction\",\"target\":{\"@type\":\"EntryPoint\",\"urlTemplate\":\"https:\\\/\\\/www.webdo.tn\\\/fr\\\/?s={search_term_string}\"},\"query-input\":{\"@type\":\"PropertyValueSpecification\",\"valueRequired\":true,\"valueName\":\"search_term_string\"}}],\"inLanguage\":\"fr-FR\"},{\"@type\":\"Organization\",\"@id\":\"https:\\\/\\\/www.webdo.tn\\\/fr\\\/#organization\",\"name\":\"Webdo\",\"alternateName\":\"Webdo.tn\",\"url\":\"https:\\\/\\\/www.webdo.tn\\\/fr\\\/\",\"logo\":{\"@type\":\"ImageObject\",\"inLanguage\":\"fr-FR\",\"@id\":\"https:\\\/\\\/www.webdo.tn\\\/fr\\\/#\\\/schema\\\/logo\\\/image\\\/\",\"url\":\"https:\\\/\\\/www.webdo.tn\\\/fr\\\/wp-content\\\/uploads\\\/2025\\\/06\\\/Webdo-Tunisie_168377.jpg\",\"contentUrl\":\"https:\\\/\\\/www.webdo.tn\\\/fr\\\/wp-content\\\/uploads\\\/2025\\\/06\\\/Webdo-Tunisie_168377.jpg\",\"width\":301,\"height\":301,\"caption\":\"Webdo\"},\"image\":{\"@id\":\"https:\\\/\\\/www.webdo.tn\\\/fr\\\/#\\\/schema\\\/logo\\\/image\\\/\"},\"sameAs\":[\"https:\\\/\\\/www.facebook.com\\\/webdotn\",\"https:\\\/\\\/x.com\\\/webdo_tn\"],\"description\":\"Webdo est un m\u00e9dia num\u00e9rique tunisien fond\u00e9 en 2010, sp\u00e9cialis\u00e9 dans l\u2019actualit\u00e9 nationale et internationale, l\u2019\u00e9conomie, la soci\u00e9t\u00e9 et les analyses politiques. Le site s\u2019adresse \u00e0 un large public francophone et couvre l\u2019information tunisienne en temps r\u00e9el.\",\"email\":\"redac@webdo.tn\",\"legalName\":\"YNJ SARL\",\"foundingDate\":\"2010-09-06\",\"numberOfEmployees\":{\"@type\":\"QuantitativeValue\",\"minValue\":\"11\",\"maxValue\":\"50\"}},{\"@type\":\"Person\",\"@id\":\"https:\\\/\\\/www.webdo.tn\\\/fr\\\/#\\\/schema\\\/person\\\/1f4e491e0907b413d61089e8eb573acc\",\"name\":\"Webdo\",\"image\":{\"@type\":\"ImageObject\",\"inLanguage\":\"fr-FR\",\"@id\":\"https:\\\/\\\/secure.gravatar.com\\\/avatar\\\/de97aeec1bb80978a9dbb127e47dfc88aaacb2f3c29aac907d8d3222e3495d49?s=96&d=mm&r=g\",\"url\":\"https:\\\/\\\/secure.gravatar.com\\\/avatar\\\/de97aeec1bb80978a9dbb127e47dfc88aaacb2f3c29aac907d8d3222e3495d49?s=96&d=mm&r=g\",\"contentUrl\":\"https:\\\/\\\/secure.gravatar.com\\\/avatar\\\/de97aeec1bb80978a9dbb127e47dfc88aaacb2f3c29aac907d8d3222e3495d49?s=96&d=mm&r=g\",\"caption\":\"Webdo\"},\"url\":\"https:\\\/\\\/www.webdo.tn\\\/fr\\\/actualite\\\/author\\\/webdo\\\/\"}]}<\/script>\n<!-- \/ Yoast SEO Premium plugin. -->","yoast_head_json":{"title":"Tunisie : Un taux de croissance de 0,6% au deuxi\u00e8me trimestre 2023","description":"La Tunisie a enregistr\u00e9 une croissance de 0,6 % au cours du deuxi\u00e8me trimestre de l'ann\u00e9e en cours, selon les estimations pr\u00e9liminaires des comptes nationaux tr...","canonical":"https:\/\/www.webdo.tn\/fr\/actualite\/national\/tunisie-un-taux-de-croissance-de-1-2-au-premier-semestre-2023\/207940\/","og_locale":"fr_FR","og_type":"article","og_title":"Tunisie : Un taux de croissance de 0,6% au deuxi\u00e8me trimestre 2023","og_description":"La Tunisie a enregistr\u00e9 une croissance de 0,6 % au cours du deuxi\u00e8me trimestre de l'ann\u00e9e en cours, selon les estimations pr\u00e9liminaires des comptes nationaux tr...","og_url":"https:\/\/www.webdo.tn\/fr\/actualite\/national\/tunisie-un-taux-de-croissance-de-1-2-au-premier-semestre-2023\/207940\/","og_site_name":"webdo","article_publisher":"https:\/\/www.facebook.com\/webdotn","article_published_time":"2023-08-15T18:47:00+00:00","og_image":[{"width":750,"height":400,"url":"https:\/\/www.webdo.tn\/fr\/wp-content\/uploads\/2023\/08\/816c8226fabdc20e99dfa5454fc7a5dd.jpeg","type":"image\/jpeg"}],"author":"Webdo","twitter_card":"summary_large_image","twitter_creator":"@webdo_tn","twitter_site":"@webdo_tn","twitter_misc":{"\u00c9crit par":"Webdo","Dur\u00e9e de lecture estim\u00e9e":"1 minute"},"schema":{"@context":"https:\/\/schema.org","@graph":[{"@type":"NewsArticle","@id":"https:\/\/www.webdo.tn\/fr\/actualite\/national\/tunisie-un-taux-de-croissance-de-1-2-au-premier-semestre-2023\/207940\/#article","isPartOf":{"@id":"https:\/\/www.webdo.tn\/fr\/actualite\/national\/tunisie-un-taux-de-croissance-de-1-2-au-premier-semestre-2023\/207940\/"},"author":{"name":"Webdo","@id":"https:\/\/www.webdo.tn\/fr\/#\/schema\/person\/1f4e491e0907b413d61089e8eb573acc"},"headline":"Tunisie : Un taux de croissance de 0,6% au deuxi\u00e8me trimestre 2023","datePublished":"2023-08-15T18:47:00+00:00","mainEntityOfPage":{"@id":"https:\/\/www.webdo.tn\/fr\/actualite\/national\/tunisie-un-taux-de-croissance-de-1-2-au-premier-semestre-2023\/207940\/"},"wordCount":172,"commentCount":0,"publisher":{"@id":"https:\/\/www.webdo.tn\/fr\/#organization"},"image":{"@id":"https:\/\/www.webdo.tn\/fr\/actualite\/national\/tunisie-un-taux-de-croissance-de-1-2-au-premier-semestre-2023\/207940\/#primaryimage"},"thumbnailUrl":"https:\/\/www.webdo.tn\/fr\/wp-content\/uploads\/2023\/08\/816c8226fabdc20e99dfa5454fc7a5dd.jpeg","keywords":["Croissance","\u00e9conomie","INS","PIB","Tunisie"],"articleSection":["National"],"inLanguage":"fr-FR"},{"@type":"WebPage","@id":"https:\/\/www.webdo.tn\/fr\/actualite\/national\/tunisie-un-taux-de-croissance-de-1-2-au-premier-semestre-2023\/207940\/","url":"https:\/\/www.webdo.tn\/fr\/actualite\/national\/tunisie-un-taux-de-croissance-de-1-2-au-premier-semestre-2023\/207940\/","name":"Tunisie : Un taux de croissance de 0,6% au deuxi\u00e8me trimestre 2023","isPartOf":{"@id":"https:\/\/www.webdo.tn\/fr\/#website"},"primaryImageOfPage":{"@id":"https:\/\/www.webdo.tn\/fr\/actualite\/national\/tunisie-un-taux-de-croissance-de-1-2-au-premier-semestre-2023\/207940\/#primaryimage"},"image":{"@id":"https:\/\/www.webdo.tn\/fr\/actualite\/national\/tunisie-un-taux-de-croissance-de-1-2-au-premier-semestre-2023\/207940\/#primaryimage"},"thumbnailUrl":"https:\/\/www.webdo.tn\/fr\/wp-content\/uploads\/2023\/08\/816c8226fabdc20e99dfa5454fc7a5dd.jpeg","datePublished":"2023-08-15T18:47:00+00:00","description":"La Tunisie a enregistr\u00e9 une croissance de 0,6 % au cours du deuxi\u00e8me trimestre de l'ann\u00e9e en cours, selon les estimations pr\u00e9liminaires des comptes nationaux tr...","breadcrumb":{"@id":"https:\/\/www.webdo.tn\/fr\/actualite\/national\/tunisie-un-taux-de-croissance-de-1-2-au-premier-semestre-2023\/207940\/#breadcrumb"},"inLanguage":"fr-FR","potentialAction":[{"@type":"ReadAction","target":["https:\/\/www.webdo.tn\/fr\/actualite\/national\/tunisie-un-taux-de-croissance-de-1-2-au-premier-semestre-2023\/207940\/"]}]},{"@type":"ImageObject","inLanguage":"fr-FR","@id":"https:\/\/www.webdo.tn\/fr\/actualite\/national\/tunisie-un-taux-de-croissance-de-1-2-au-premier-semestre-2023\/207940\/#primaryimage","url":"https:\/\/www.webdo.tn\/fr\/wp-content\/uploads\/2023\/08\/816c8226fabdc20e99dfa5454fc7a5dd.jpeg","contentUrl":"https:\/\/www.webdo.tn\/fr\/wp-content\/uploads\/2023\/08\/816c8226fabdc20e99dfa5454fc7a5dd.jpeg","width":750,"height":400,"caption":"Tunisie : Un taux de croissance de 0,6% au deuxi\u00e8me trimestre 2023"},{"@type":"BreadcrumbList","@id":"https:\/\/www.webdo.tn\/fr\/actualite\/national\/tunisie-un-taux-de-croissance-de-1-2-au-premier-semestre-2023\/207940\/#breadcrumb","itemListElement":[{"@type":"ListItem","position":1,"name":"Accueil","item":"https:\/\/www.webdo.tn\/fr\/"},{"@type":"ListItem","position":2,"name":"Tunisie : Un taux de croissance de 0,6% au deuxi\u00e8me trimestre 2023"}]},{"@type":"WebSite","@id":"https:\/\/www.webdo.tn\/fr\/#website","url":"https:\/\/www.webdo.tn\/fr\/","name":"webdo","description":"Tunisie - News en Tunisie et \u00e0 l&#039;international sur Webdo.tn","publisher":{"@id":"https:\/\/www.webdo.tn\/fr\/#organization"},"potentialAction":[{"@type":"SearchAction","target":{"@type":"EntryPoint","urlTemplate":"https:\/\/www.webdo.tn\/fr\/?s={search_term_string}"},"query-input":{"@type":"PropertyValueSpecification","valueRequired":true,"valueName":"search_term_string"}}],"inLanguage":"fr-FR"},{"@type":"Organization","@id":"https:\/\/www.webdo.tn\/fr\/#organization","name":"Webdo","alternateName":"Webdo.tn","url":"https:\/\/www.webdo.tn\/fr\/","logo":{"@type":"ImageObject","inLanguage":"fr-FR","@id":"https:\/\/www.webdo.tn\/fr\/#\/schema\/logo\/image\/","url":"https:\/\/www.webdo.tn\/fr\/wp-content\/uploads\/2025\/06\/Webdo-Tunisie_168377.jpg","contentUrl":"https:\/\/www.webdo.tn\/fr\/wp-content\/uploads\/2025\/06\/Webdo-Tunisie_168377.jpg","width":301,"height":301,"caption":"Webdo"},"image":{"@id":"https:\/\/www.webdo.tn\/fr\/#\/schema\/logo\/image\/"},"sameAs":["https:\/\/www.facebook.com\/webdotn","https:\/\/x.com\/webdo_tn"],"description":"Webdo est un m\u00e9dia num\u00e9rique tunisien fond\u00e9 en 2010, sp\u00e9cialis\u00e9 dans l\u2019actualit\u00e9 nationale et internationale, l\u2019\u00e9conomie, la soci\u00e9t\u00e9 et les analyses politiques. Le site s\u2019adresse \u00e0 un large public francophone et couvre l\u2019information tunisienne en temps r\u00e9el.","email":"redac@webdo.tn","legalName":"YNJ SARL","foundingDate":"2010-09-06","numberOfEmployees":{"@type":"QuantitativeValue","minValue":"11","maxValue":"50"}},{"@type":"Person","@id":"https:\/\/www.webdo.tn\/fr\/#\/schema\/person\/1f4e491e0907b413d61089e8eb573acc","name":"Webdo","image":{"@type":"ImageObject","inLanguage":"fr-FR","@id":"https:\/\/secure.gravatar.com\/avatar\/de97aeec1bb80978a9dbb127e47dfc88aaacb2f3c29aac907d8d3222e3495d49?s=96&d=mm&r=g","url":"https:\/\/secure.gravatar.com\/avatar\/de97aeec1bb80978a9dbb127e47dfc88aaacb2f3c29aac907d8d3222e3495d49?s=96&d=mm&r=g","contentUrl":"https:\/\/secure.gravatar.com\/avatar\/de97aeec1bb80978a9dbb127e47dfc88aaacb2f3c29aac907d8d3222e3495d49?s=96&d=mm&r=g","caption":"Webdo"},"url":"https:\/\/www.webdo.tn\/fr\/actualite\/author\/webdo\/"}]}},"_links":{"self":[{"href":"https:\/\/www.webdo.tn\/fr\/wp-json\/wp\/v2\/posts\/207940","targetHints":{"allow":["GET"]}}],"collection":[{"href":"https:\/\/www.webdo.tn\/fr\/wp-json\/wp\/v2\/posts"}],"about":[{"href":"https:\/\/www.webdo.tn\/fr\/wp-json\/wp\/v2\/types\/post"}],"author":[{"embeddable":true,"href":"https:\/\/www.webdo.tn\/fr\/wp-json\/wp\/v2\/users\/3169"}],"replies":[{"embeddable":true,"href":"https:\/\/www.webdo.tn\/fr\/wp-json\/wp\/v2\/comments?post=207940"}],"version-history":[{"count":0,"href":"https:\/\/www.webdo.tn\/fr\/wp-json\/wp\/v2\/posts\/207940\/revisions"}],"wp:featuredmedia":[{"embeddable":true,"href":"https:\/\/www.webdo.tn\/fr\/wp-json\/wp\/v2\/media\/249542"}],"wp:attachment":[{"href":"https:\/\/www.webdo.tn\/fr\/wp-json\/wp\/v2\/media?parent=207940"}],"wp:term":[{"taxonomy":"category","embeddable":true,"href":"https:\/\/www.webdo.tn\/fr\/wp-json\/wp\/v2\/categories?post=207940"},{"taxonomy":"post_tag","embeddable":true,"href":"https:\/\/www.webdo.tn\/fr\/wp-json\/wp\/v2\/tags?post=207940"}],"curies":[{"name":"wp","href":"https:\/\/api.w.org\/{rel}","templated":true}]}}