{"id":207930,"date":"2023-08-15T09:58:00","date_gmt":"2023-08-15T09:58:00","guid":{"rendered":"https:\/\/www.webdo.tn\/fr\/blog\/imed-trabelsi-entame-une-greve-de-la-faim\/207930\/"},"modified":"2025-05-20T22:51:24","modified_gmt":"2025-05-20T22:51:24","slug":"imed-trabelsi-entame-une-greve-de-la-faim","status":"publish","type":"post","link":"https:\/\/www.webdo.tn\/fr\/actualite\/national\/imed-trabelsi-entame-une-greve-de-la-faim\/207930\/","title":{"rendered":"Imed Trabelsi entame une gr\u00e8ve de la faim"},"content":{"rendered":"<p>Le neveu de Leila Trabelsi, l\u2019ancien homme d\u2019affaires Imed Trabelsi, a entam\u00e9 une gr\u00e8ve de la faim depuis la fin de la semaine derni\u00e8re \u00e0 sa prison de Mornaguia.<\/p>\n<p>Selon Mosa\u00efque FM, cette d\u00e9cision intervient en signe de protestation contre ce qu\u2019il appelle un blocage de son dossier de r\u00e9conciliation p\u00e9nale.<\/p>\n<p>Le membre du comit\u00e9 de d\u00e9fense de Imed Trabelsi, Issam Samaali avait affirm\u00e9 que son client a propos\u00e9 33 millions de dinars pour b\u00e9n\u00e9ficier de la r\u00e9conciliation p\u00e9nale.<\/p>\n<p>Selon cet avocat, le dossier de Imed Trabelsi a connu de nombreuses infractions affirmant que son comit\u00e9 de d\u00e9fense envisage de saisir la justice pour d\u00e9voiler toutes les v\u00e9rit\u00e9s autour de cette question.<\/p>\n","protected":false},"excerpt":{"rendered":"<p>Le neveu de Leila Trabelsi, l\u2019ancien homme d\u2019affaires Imed Trabelsi, a entam\u00e9 une gr\u00e8ve de la faim depuis la fin de la semaine derni\u00e8re \u00e0 sa prison de Mornaguia&#8230;<\/p>\n","protected":false},"author":3175,"featured_media":278585,"comment_status":"open","ping_status":"closed","sticky":false,"template":"","format":"standard","meta":{"footnotes":""},"categories":[44],"tags":[2647,8081,2608],"class_list":["post-207930","post","type-post","status-publish","format-standard","has-post-thumbnail","hentry","category-national","tag-greve","tag-imed-trabelsi","tag-tunisie"],"yoast_head":"<!-- This site is optimized with the Yoast SEO Premium plugin v27.5 (Yoast SEO v27.5) - https:\/\/yoast.com\/product\/yoast-seo-premium-wordpress\/ -->\n<title>Imed Trabelsi entame une gr\u00e8ve de la faim<\/title>\n<meta name=\"description\" content=\"Le neveu de Leila Trabelsi, l\u2019ancien homme d\u2019affaires Imed Trabelsi, a entam\u00e9 une gr\u00e8ve de la faim depuis la fin de la semaine derni\u00e8re \u00e0 sa prison de Mornaguia...\" \/>\n<link rel=\"canonical\" href=\"https:\/\/www.webdo.tn\/fr\/actualite\/national\/imed-trabelsi-entame-une-greve-de-la-faim\/207930\/\" \/>\n<meta property=\"og:locale\" content=\"fr_FR\" \/>\n<meta property=\"og:type\" content=\"article\" \/>\n<meta property=\"og:title\" content=\"Imed Trabelsi entame une gr\u00e8ve de la faim\" \/>\n<meta property=\"og:description\" content=\"Le neveu de Leila Trabelsi, l\u2019ancien homme d\u2019affaires Imed Trabelsi, a entam\u00e9 une gr\u00e8ve de la faim depuis la fin de la semaine derni\u00e8re \u00e0 sa prison de Mornaguia...\" \/>\n<meta property=\"og:url\" content=\"https:\/\/www.webdo.tn\/fr\/actualite\/national\/imed-trabelsi-entame-une-greve-de-la-faim\/207930\/\" \/>\n<meta property=\"og:site_name\" content=\"webdo\" \/>\n<meta property=\"article:publisher\" content=\"https:\/\/www.facebook.com\/webdotn\" \/>\n<meta property=\"article:published_time\" content=\"2023-08-15T09:58:00+00:00\" \/>\n<meta property=\"article:modified_time\" content=\"2025-05-20T22:51:24+00:00\" \/>\n<meta property=\"og:image\" content=\"https:\/\/www.webdo.tn\/fr\/wp-content\/uploads\/2023\/08\/1fb6382a4492cb9fcf3dfe562eebee68.jpg\" \/>\n\t<meta property=\"og:image:width\" content=\"703\" \/>\n\t<meta property=\"og:image:height\" content=\"375\" \/>\n\t<meta property=\"og:image:type\" content=\"image\/jpeg\" \/>\n<meta name=\"author\" content=\"CL\" \/>\n<meta name=\"twitter:card\" content=\"summary_large_image\" \/>\n<meta name=\"twitter:creator\" content=\"@webdo_tn\" \/>\n<meta name=\"twitter:site\" content=\"@webdo_tn\" \/>\n<meta name=\"twitter:label1\" content=\"\u00c9crit par\" \/>\n\t<meta name=\"twitter:data1\" content=\"CL\" \/>\n\t<meta name=\"twitter:label2\" content=\"Dur\u00e9e de lecture estim\u00e9e\" \/>\n\t<meta name=\"twitter:data2\" content=\"1 minute\" \/>\n<script type=\"application\/ld+json\" class=\"yoast-schema-graph\">{\"@context\":\"https:\\\/\\\/schema.org\",\"@graph\":[{\"@type\":\"NewsArticle\",\"@id\":\"https:\\\/\\\/www.webdo.tn\\\/fr\\\/actualite\\\/national\\\/imed-trabelsi-entame-une-greve-de-la-faim\\\/207930\\\/#article\",\"isPartOf\":{\"@id\":\"https:\\\/\\\/www.webdo.tn\\\/fr\\\/actualite\\\/national\\\/imed-trabelsi-entame-une-greve-de-la-faim\\\/207930\\\/\"},\"author\":{\"name\":\"CL\",\"@id\":\"https:\\\/\\\/www.webdo.tn\\\/fr\\\/#\\\/schema\\\/person\\\/f35b42a42c5e2511bbd282959d6385cc\"},\"headline\":\"Imed Trabelsi entame une gr\u00e8ve de la faim\",\"datePublished\":\"2023-08-15T09:58:00+00:00\",\"dateModified\":\"2025-05-20T22:51:24+00:00\",\"mainEntityOfPage\":{\"@id\":\"https:\\\/\\\/www.webdo.tn\\\/fr\\\/actualite\\\/national\\\/imed-trabelsi-entame-une-greve-de-la-faim\\\/207930\\\/\"},\"wordCount\":137,\"commentCount\":0,\"publisher\":{\"@id\":\"https:\\\/\\\/www.webdo.tn\\\/fr\\\/#organization\"},\"image\":{\"@id\":\"https:\\\/\\\/www.webdo.tn\\\/fr\\\/actualite\\\/national\\\/imed-trabelsi-entame-une-greve-de-la-faim\\\/207930\\\/#primaryimage\"},\"thumbnailUrl\":\"https:\\\/\\\/www.webdo.tn\\\/fr\\\/wp-content\\\/uploads\\\/2023\\\/08\\\/1fb6382a4492cb9fcf3dfe562eebee68.jpg\",\"keywords\":[\"Gr\u00e8ve\",\"imed trabelsi\",\"Tunisie\"],\"articleSection\":[\"National\"],\"inLanguage\":\"fr-FR\"},{\"@type\":\"WebPage\",\"@id\":\"https:\\\/\\\/www.webdo.tn\\\/fr\\\/actualite\\\/national\\\/imed-trabelsi-entame-une-greve-de-la-faim\\\/207930\\\/\",\"url\":\"https:\\\/\\\/www.webdo.tn\\\/fr\\\/actualite\\\/national\\\/imed-trabelsi-entame-une-greve-de-la-faim\\\/207930\\\/\",\"name\":\"Imed Trabelsi entame une gr\u00e8ve de la faim\",\"isPartOf\":{\"@id\":\"https:\\\/\\\/www.webdo.tn\\\/fr\\\/#website\"},\"primaryImageOfPage\":{\"@id\":\"https:\\\/\\\/www.webdo.tn\\\/fr\\\/actualite\\\/national\\\/imed-trabelsi-entame-une-greve-de-la-faim\\\/207930\\\/#primaryimage\"},\"image\":{\"@id\":\"https:\\\/\\\/www.webdo.tn\\\/fr\\\/actualite\\\/national\\\/imed-trabelsi-entame-une-greve-de-la-faim\\\/207930\\\/#primaryimage\"},\"thumbnailUrl\":\"https:\\\/\\\/www.webdo.tn\\\/fr\\\/wp-content\\\/uploads\\\/2023\\\/08\\\/1fb6382a4492cb9fcf3dfe562eebee68.jpg\",\"datePublished\":\"2023-08-15T09:58:00+00:00\",\"dateModified\":\"2025-05-20T22:51:24+00:00\",\"description\":\"Le neveu de Leila Trabelsi, l\u2019ancien homme d\u2019affaires Imed Trabelsi, a entam\u00e9 une gr\u00e8ve de la faim depuis la fin de la semaine derni\u00e8re \u00e0 sa prison de Mornaguia...\",\"breadcrumb\":{\"@id\":\"https:\\\/\\\/www.webdo.tn\\\/fr\\\/actualite\\\/national\\\/imed-trabelsi-entame-une-greve-de-la-faim\\\/207930\\\/#breadcrumb\"},\"inLanguage\":\"fr-FR\",\"potentialAction\":[{\"@type\":\"ReadAction\",\"target\":[\"https:\\\/\\\/www.webdo.tn\\\/fr\\\/actualite\\\/national\\\/imed-trabelsi-entame-une-greve-de-la-faim\\\/207930\\\/\"]}]},{\"@type\":\"ImageObject\",\"inLanguage\":\"fr-FR\",\"@id\":\"https:\\\/\\\/www.webdo.tn\\\/fr\\\/actualite\\\/national\\\/imed-trabelsi-entame-une-greve-de-la-faim\\\/207930\\\/#primaryimage\",\"url\":\"https:\\\/\\\/www.webdo.tn\\\/fr\\\/wp-content\\\/uploads\\\/2023\\\/08\\\/1fb6382a4492cb9fcf3dfe562eebee68.jpg\",\"contentUrl\":\"https:\\\/\\\/www.webdo.tn\\\/fr\\\/wp-content\\\/uploads\\\/2023\\\/08\\\/1fb6382a4492cb9fcf3dfe562eebee68.jpg\",\"width\":703,\"height\":375,\"caption\":\"Imed Trabelsi entame une gr\u00e8ve de la faim\"},{\"@type\":\"BreadcrumbList\",\"@id\":\"https:\\\/\\\/www.webdo.tn\\\/fr\\\/actualite\\\/national\\\/imed-trabelsi-entame-une-greve-de-la-faim\\\/207930\\\/#breadcrumb\",\"itemListElement\":[{\"@type\":\"ListItem\",\"position\":1,\"name\":\"Accueil\",\"item\":\"https:\\\/\\\/www.webdo.tn\\\/fr\\\/\"},{\"@type\":\"ListItem\",\"position\":2,\"name\":\"Imed Trabelsi entame une gr\u00e8ve de la faim\"}]},{\"@type\":\"WebSite\",\"@id\":\"https:\\\/\\\/www.webdo.tn\\\/fr\\\/#website\",\"url\":\"https:\\\/\\\/www.webdo.tn\\\/fr\\\/\",\"name\":\"webdo\",\"description\":\"Tunisie - News en Tunisie et \u00e0 l&#039;international sur Webdo.tn\",\"publisher\":{\"@id\":\"https:\\\/\\\/www.webdo.tn\\\/fr\\\/#organization\"},\"potentialAction\":[{\"@type\":\"SearchAction\",\"target\":{\"@type\":\"EntryPoint\",\"urlTemplate\":\"https:\\\/\\\/www.webdo.tn\\\/fr\\\/?s={search_term_string}\"},\"query-input\":{\"@type\":\"PropertyValueSpecification\",\"valueRequired\":true,\"valueName\":\"search_term_string\"}}],\"inLanguage\":\"fr-FR\"},{\"@type\":\"Organization\",\"@id\":\"https:\\\/\\\/www.webdo.tn\\\/fr\\\/#organization\",\"name\":\"Webdo\",\"alternateName\":\"Webdo.tn\",\"url\":\"https:\\\/\\\/www.webdo.tn\\\/fr\\\/\",\"logo\":{\"@type\":\"ImageObject\",\"inLanguage\":\"fr-FR\",\"@id\":\"https:\\\/\\\/www.webdo.tn\\\/fr\\\/#\\\/schema\\\/logo\\\/image\\\/\",\"url\":\"https:\\\/\\\/www.webdo.tn\\\/fr\\\/wp-content\\\/uploads\\\/2025\\\/06\\\/Webdo-Tunisie_168377.jpg\",\"contentUrl\":\"https:\\\/\\\/www.webdo.tn\\\/fr\\\/wp-content\\\/uploads\\\/2025\\\/06\\\/Webdo-Tunisie_168377.jpg\",\"width\":301,\"height\":301,\"caption\":\"Webdo\"},\"image\":{\"@id\":\"https:\\\/\\\/www.webdo.tn\\\/fr\\\/#\\\/schema\\\/logo\\\/image\\\/\"},\"sameAs\":[\"https:\\\/\\\/www.facebook.com\\\/webdotn\",\"https:\\\/\\\/x.com\\\/webdo_tn\"],\"description\":\"Webdo est un m\u00e9dia num\u00e9rique tunisien fond\u00e9 en 2010, sp\u00e9cialis\u00e9 dans l\u2019actualit\u00e9 nationale et internationale, l\u2019\u00e9conomie, la soci\u00e9t\u00e9 et les analyses politiques. Le site s\u2019adresse \u00e0 un large public francophone et couvre l\u2019information tunisienne en temps r\u00e9el.\",\"email\":\"redac@webdo.tn\",\"legalName\":\"YNJ SARL\",\"foundingDate\":\"2010-09-06\",\"numberOfEmployees\":{\"@type\":\"QuantitativeValue\",\"minValue\":\"11\",\"maxValue\":\"50\"}},{\"@type\":\"Person\",\"@id\":\"https:\\\/\\\/www.webdo.tn\\\/fr\\\/#\\\/schema\\\/person\\\/f35b42a42c5e2511bbd282959d6385cc\",\"name\":\"CL\",\"image\":{\"@type\":\"ImageObject\",\"inLanguage\":\"fr-FR\",\"@id\":\"https:\\\/\\\/secure.gravatar.com\\\/avatar\\\/1447a49909b67aa657c488aec6512e1dd6143a480c1ecfee9b5b5cd74eb3b59e?s=96&d=mm&r=g\",\"url\":\"https:\\\/\\\/secure.gravatar.com\\\/avatar\\\/1447a49909b67aa657c488aec6512e1dd6143a480c1ecfee9b5b5cd74eb3b59e?s=96&d=mm&r=g\",\"contentUrl\":\"https:\\\/\\\/secure.gravatar.com\\\/avatar\\\/1447a49909b67aa657c488aec6512e1dd6143a480c1ecfee9b5b5cd74eb3b59e?s=96&d=mm&r=g\",\"caption\":\"CL\"},\"url\":\"https:\\\/\\\/www.webdo.tn\\\/fr\\\/actualite\\\/author\\\/cl\\\/\"}]}<\/script>\n<!-- \/ Yoast SEO Premium plugin. -->","yoast_head_json":{"title":"Imed Trabelsi entame une gr\u00e8ve de la faim","description":"Le neveu de Leila Trabelsi, l\u2019ancien homme d\u2019affaires Imed Trabelsi, a entam\u00e9 une gr\u00e8ve de la faim depuis la fin de la semaine derni\u00e8re \u00e0 sa prison de Mornaguia...","canonical":"https:\/\/www.webdo.tn\/fr\/actualite\/national\/imed-trabelsi-entame-une-greve-de-la-faim\/207930\/","og_locale":"fr_FR","og_type":"article","og_title":"Imed Trabelsi entame une gr\u00e8ve de la faim","og_description":"Le neveu de Leila Trabelsi, l\u2019ancien homme d\u2019affaires Imed Trabelsi, a entam\u00e9 une gr\u00e8ve de la faim depuis la fin de la semaine derni\u00e8re \u00e0 sa prison de Mornaguia...","og_url":"https:\/\/www.webdo.tn\/fr\/actualite\/national\/imed-trabelsi-entame-une-greve-de-la-faim\/207930\/","og_site_name":"webdo","article_publisher":"https:\/\/www.facebook.com\/webdotn","article_published_time":"2023-08-15T09:58:00+00:00","article_modified_time":"2025-05-20T22:51:24+00:00","og_image":[{"width":703,"height":375,"url":"https:\/\/www.webdo.tn\/fr\/wp-content\/uploads\/2023\/08\/1fb6382a4492cb9fcf3dfe562eebee68.jpg","type":"image\/jpeg"}],"author":"CL","twitter_card":"summary_large_image","twitter_creator":"@webdo_tn","twitter_site":"@webdo_tn","twitter_misc":{"\u00c9crit par":"CL","Dur\u00e9e de lecture estim\u00e9e":"1 minute"},"schema":{"@context":"https:\/\/schema.org","@graph":[{"@type":"NewsArticle","@id":"https:\/\/www.webdo.tn\/fr\/actualite\/national\/imed-trabelsi-entame-une-greve-de-la-faim\/207930\/#article","isPartOf":{"@id":"https:\/\/www.webdo.tn\/fr\/actualite\/national\/imed-trabelsi-entame-une-greve-de-la-faim\/207930\/"},"author":{"name":"CL","@id":"https:\/\/www.webdo.tn\/fr\/#\/schema\/person\/f35b42a42c5e2511bbd282959d6385cc"},"headline":"Imed Trabelsi entame une gr\u00e8ve de la faim","datePublished":"2023-08-15T09:58:00+00:00","dateModified":"2025-05-20T22:51:24+00:00","mainEntityOfPage":{"@id":"https:\/\/www.webdo.tn\/fr\/actualite\/national\/imed-trabelsi-entame-une-greve-de-la-faim\/207930\/"},"wordCount":137,"commentCount":0,"publisher":{"@id":"https:\/\/www.webdo.tn\/fr\/#organization"},"image":{"@id":"https:\/\/www.webdo.tn\/fr\/actualite\/national\/imed-trabelsi-entame-une-greve-de-la-faim\/207930\/#primaryimage"},"thumbnailUrl":"https:\/\/www.webdo.tn\/fr\/wp-content\/uploads\/2023\/08\/1fb6382a4492cb9fcf3dfe562eebee68.jpg","keywords":["Gr\u00e8ve","imed trabelsi","Tunisie"],"articleSection":["National"],"inLanguage":"fr-FR"},{"@type":"WebPage","@id":"https:\/\/www.webdo.tn\/fr\/actualite\/national\/imed-trabelsi-entame-une-greve-de-la-faim\/207930\/","url":"https:\/\/www.webdo.tn\/fr\/actualite\/national\/imed-trabelsi-entame-une-greve-de-la-faim\/207930\/","name":"Imed Trabelsi entame une gr\u00e8ve de la faim","isPartOf":{"@id":"https:\/\/www.webdo.tn\/fr\/#website"},"primaryImageOfPage":{"@id":"https:\/\/www.webdo.tn\/fr\/actualite\/national\/imed-trabelsi-entame-une-greve-de-la-faim\/207930\/#primaryimage"},"image":{"@id":"https:\/\/www.webdo.tn\/fr\/actualite\/national\/imed-trabelsi-entame-une-greve-de-la-faim\/207930\/#primaryimage"},"thumbnailUrl":"https:\/\/www.webdo.tn\/fr\/wp-content\/uploads\/2023\/08\/1fb6382a4492cb9fcf3dfe562eebee68.jpg","datePublished":"2023-08-15T09:58:00+00:00","dateModified":"2025-05-20T22:51:24+00:00","description":"Le neveu de Leila Trabelsi, l\u2019ancien homme d\u2019affaires Imed Trabelsi, a entam\u00e9 une gr\u00e8ve de la faim depuis la fin de la semaine derni\u00e8re \u00e0 sa prison de Mornaguia...","breadcrumb":{"@id":"https:\/\/www.webdo.tn\/fr\/actualite\/national\/imed-trabelsi-entame-une-greve-de-la-faim\/207930\/#breadcrumb"},"inLanguage":"fr-FR","potentialAction":[{"@type":"ReadAction","target":["https:\/\/www.webdo.tn\/fr\/actualite\/national\/imed-trabelsi-entame-une-greve-de-la-faim\/207930\/"]}]},{"@type":"ImageObject","inLanguage":"fr-FR","@id":"https:\/\/www.webdo.tn\/fr\/actualite\/national\/imed-trabelsi-entame-une-greve-de-la-faim\/207930\/#primaryimage","url":"https:\/\/www.webdo.tn\/fr\/wp-content\/uploads\/2023\/08\/1fb6382a4492cb9fcf3dfe562eebee68.jpg","contentUrl":"https:\/\/www.webdo.tn\/fr\/wp-content\/uploads\/2023\/08\/1fb6382a4492cb9fcf3dfe562eebee68.jpg","width":703,"height":375,"caption":"Imed Trabelsi entame une gr\u00e8ve de la faim"},{"@type":"BreadcrumbList","@id":"https:\/\/www.webdo.tn\/fr\/actualite\/national\/imed-trabelsi-entame-une-greve-de-la-faim\/207930\/#breadcrumb","itemListElement":[{"@type":"ListItem","position":1,"name":"Accueil","item":"https:\/\/www.webdo.tn\/fr\/"},{"@type":"ListItem","position":2,"name":"Imed Trabelsi entame une gr\u00e8ve de la faim"}]},{"@type":"WebSite","@id":"https:\/\/www.webdo.tn\/fr\/#website","url":"https:\/\/www.webdo.tn\/fr\/","name":"webdo","description":"Tunisie - News en Tunisie et \u00e0 l&#039;international sur Webdo.tn","publisher":{"@id":"https:\/\/www.webdo.tn\/fr\/#organization"},"potentialAction":[{"@type":"SearchAction","target":{"@type":"EntryPoint","urlTemplate":"https:\/\/www.webdo.tn\/fr\/?s={search_term_string}"},"query-input":{"@type":"PropertyValueSpecification","valueRequired":true,"valueName":"search_term_string"}}],"inLanguage":"fr-FR"},{"@type":"Organization","@id":"https:\/\/www.webdo.tn\/fr\/#organization","name":"Webdo","alternateName":"Webdo.tn","url":"https:\/\/www.webdo.tn\/fr\/","logo":{"@type":"ImageObject","inLanguage":"fr-FR","@id":"https:\/\/www.webdo.tn\/fr\/#\/schema\/logo\/image\/","url":"https:\/\/www.webdo.tn\/fr\/wp-content\/uploads\/2025\/06\/Webdo-Tunisie_168377.jpg","contentUrl":"https:\/\/www.webdo.tn\/fr\/wp-content\/uploads\/2025\/06\/Webdo-Tunisie_168377.jpg","width":301,"height":301,"caption":"Webdo"},"image":{"@id":"https:\/\/www.webdo.tn\/fr\/#\/schema\/logo\/image\/"},"sameAs":["https:\/\/www.facebook.com\/webdotn","https:\/\/x.com\/webdo_tn"],"description":"Webdo est un m\u00e9dia num\u00e9rique tunisien fond\u00e9 en 2010, sp\u00e9cialis\u00e9 dans l\u2019actualit\u00e9 nationale et internationale, l\u2019\u00e9conomie, la soci\u00e9t\u00e9 et les analyses politiques. Le site s\u2019adresse \u00e0 un large public francophone et couvre l\u2019information tunisienne en temps r\u00e9el.","email":"redac@webdo.tn","legalName":"YNJ SARL","foundingDate":"2010-09-06","numberOfEmployees":{"@type":"QuantitativeValue","minValue":"11","maxValue":"50"}},{"@type":"Person","@id":"https:\/\/www.webdo.tn\/fr\/#\/schema\/person\/f35b42a42c5e2511bbd282959d6385cc","name":"CL","image":{"@type":"ImageObject","inLanguage":"fr-FR","@id":"https:\/\/secure.gravatar.com\/avatar\/1447a49909b67aa657c488aec6512e1dd6143a480c1ecfee9b5b5cd74eb3b59e?s=96&d=mm&r=g","url":"https:\/\/secure.gravatar.com\/avatar\/1447a49909b67aa657c488aec6512e1dd6143a480c1ecfee9b5b5cd74eb3b59e?s=96&d=mm&r=g","contentUrl":"https:\/\/secure.gravatar.com\/avatar\/1447a49909b67aa657c488aec6512e1dd6143a480c1ecfee9b5b5cd74eb3b59e?s=96&d=mm&r=g","caption":"CL"},"url":"https:\/\/www.webdo.tn\/fr\/actualite\/author\/cl\/"}]}},"_links":{"self":[{"href":"https:\/\/www.webdo.tn\/fr\/wp-json\/wp\/v2\/posts\/207930","targetHints":{"allow":["GET"]}}],"collection":[{"href":"https:\/\/www.webdo.tn\/fr\/wp-json\/wp\/v2\/posts"}],"about":[{"href":"https:\/\/www.webdo.tn\/fr\/wp-json\/wp\/v2\/types\/post"}],"author":[{"embeddable":true,"href":"https:\/\/www.webdo.tn\/fr\/wp-json\/wp\/v2\/users\/3175"}],"replies":[{"embeddable":true,"href":"https:\/\/www.webdo.tn\/fr\/wp-json\/wp\/v2\/comments?post=207930"}],"version-history":[{"count":0,"href":"https:\/\/www.webdo.tn\/fr\/wp-json\/wp\/v2\/posts\/207930\/revisions"}],"wp:featuredmedia":[{"embeddable":true,"href":"https:\/\/www.webdo.tn\/fr\/wp-json\/wp\/v2\/media\/278585"}],"wp:attachment":[{"href":"https:\/\/www.webdo.tn\/fr\/wp-json\/wp\/v2\/media?parent=207930"}],"wp:term":[{"taxonomy":"category","embeddable":true,"href":"https:\/\/www.webdo.tn\/fr\/wp-json\/wp\/v2\/categories?post=207930"},{"taxonomy":"post_tag","embeddable":true,"href":"https:\/\/www.webdo.tn\/fr\/wp-json\/wp\/v2\/tags?post=207930"}],"curies":[{"name":"wp","href":"https:\/\/api.w.org\/{rel}","templated":true}]}}