{"id":207927,"date":"2023-08-15T08:35:00","date_gmt":"2023-08-15T08:35:00","guid":{"rendered":"https:\/\/www.webdo.tn\/fr\/blog\/demarrage-de-l-inscription-a-distance-des-eleves-des-classes-preparatoires\/207927\/"},"modified":"2025-05-20T22:51:23","modified_gmt":"2025-05-20T22:51:23","slug":"demarrage-de-l-inscription-a-distance-des-eleves-des-classes-preparatoires","status":"publish","type":"post","link":"https:\/\/www.webdo.tn\/fr\/actualite\/national\/demarrage-de-l-inscription-a-distance-des-eleves-des-classes-preparatoires\/207927\/","title":{"rendered":"D\u00e9marrage de l&rsquo;inscription \u00e0 distance des \u00e9l\u00e8ves des classes pr\u00e9paratoires"},"content":{"rendered":"<p>L&rsquo;inscription \u00e0 distance des \u00e9l\u00e8ves des classes pr\u00e9paratoires (natifs de 2018) dans les \u00e9coles publiques et priv\u00e9es, les jardins d&rsquo;enfants et les \u00e9coles coraniques autoris\u00e9es d\u00e9marre ce mardi 15 aout 2023 selon un communiqu\u00e9 conjoint publi\u00e9 lundi par les minist\u00e8res de l&rsquo;\u00e9ducation, de la famille, de la femme, de l&rsquo;enfance et des personnes \u00e2g\u00e9es et des affaires religieuses..<\/p>\n<p>\t\t\t\t\t\t\t\t\tSelon le m\u00eame communiqu\u00e9 l&rsquo;inscription sera effectu\u00e9e \u00e0 partir de demain \u00e0 midi et se poursuivra jusqu&rsquo;au 5 septembre prochain.<\/p>\n<p>L&rsquo;inscription se fait uniquement via le lein www.preparatoire.education.tn selon la meme source.<\/p>\n","protected":false},"excerpt":{"rendered":"<p>L&rsquo;inscription \u00e0 distance des \u00e9l\u00e8ves des classes pr\u00e9paratoires (natifs de 2018) dans les \u00e9coles publiques et priv\u00e9es, les jardins d&rsquo;enfants et les \u00e9coles coraniq&#8230;<\/p>\n","protected":false},"author":3175,"featured_media":278579,"comment_status":"open","ping_status":"closed","sticky":false,"template":"","format":"standard","meta":{"footnotes":""},"categories":[44],"tags":[2634,9649,2608],"class_list":["post-207927","post","type-post","status-publish","format-standard","has-post-thumbnail","hentry","category-national","tag-education","tag-preparatoire","tag-tunisie"],"yoast_head":"<!-- This site is optimized with the Yoast SEO Premium plugin v27.4 (Yoast SEO v27.5) - https:\/\/yoast.com\/product\/yoast-seo-premium-wordpress\/ -->\n<title>D\u00e9marrage de l&#039;inscription \u00e0 distance des \u00e9l\u00e8ves des classes pr\u00e9paratoires<\/title>\n<meta name=\"description\" content=\"L&#039;inscription \u00e0 distance des \u00e9l\u00e8ves des classes pr\u00e9paratoires (natifs de 2018) dans les \u00e9coles publiques et priv\u00e9es, les jardins d&#039;enfants et les \u00e9coles coraniq...\" \/>\n<link rel=\"canonical\" href=\"https:\/\/www.webdo.tn\/fr\/actualite\/national\/demarrage-de-l-inscription-a-distance-des-eleves-des-classes-preparatoires\/207927\/\" \/>\n<meta property=\"og:locale\" content=\"fr_FR\" \/>\n<meta property=\"og:type\" content=\"article\" \/>\n<meta property=\"og:title\" content=\"D\u00e9marrage de l&#039;inscription \u00e0 distance des \u00e9l\u00e8ves des classes pr\u00e9paratoires\" \/>\n<meta property=\"og:description\" content=\"L&#039;inscription \u00e0 distance des \u00e9l\u00e8ves des classes pr\u00e9paratoires (natifs de 2018) dans les \u00e9coles publiques et priv\u00e9es, les jardins d&#039;enfants et les \u00e9coles coraniq...\" \/>\n<meta property=\"og:url\" content=\"https:\/\/www.webdo.tn\/fr\/actualite\/national\/demarrage-de-l-inscription-a-distance-des-eleves-des-classes-preparatoires\/207927\/\" \/>\n<meta property=\"og:site_name\" content=\"webdo\" \/>\n<meta property=\"article:publisher\" content=\"https:\/\/www.facebook.com\/webdotn\" \/>\n<meta property=\"article:published_time\" content=\"2023-08-15T08:35:00+00:00\" \/>\n<meta property=\"article:modified_time\" content=\"2025-05-20T22:51:23+00:00\" \/>\n<meta property=\"og:image\" content=\"https:\/\/www.webdo.tn\/fr\/wp-content\/uploads\/2023\/08\/6bf1ec4279550a8a1195faebdb234481.jpg\" \/>\n\t<meta property=\"og:image:width\" content=\"750\" \/>\n\t<meta property=\"og:image:height\" content=\"400\" \/>\n\t<meta property=\"og:image:type\" content=\"image\/jpeg\" \/>\n<meta name=\"author\" content=\"CL\" \/>\n<meta name=\"twitter:card\" content=\"summary_large_image\" \/>\n<meta name=\"twitter:creator\" content=\"@webdo_tn\" \/>\n<meta name=\"twitter:site\" content=\"@webdo_tn\" \/>\n<meta name=\"twitter:label1\" content=\"\u00c9crit par\" \/>\n\t<meta name=\"twitter:data1\" content=\"CL\" \/>\n<script type=\"application\/ld+json\" class=\"yoast-schema-graph\">{\"@context\":\"https:\\\/\\\/schema.org\",\"@graph\":[{\"@type\":\"NewsArticle\",\"@id\":\"https:\\\/\\\/www.webdo.tn\\\/fr\\\/actualite\\\/national\\\/demarrage-de-l-inscription-a-distance-des-eleves-des-classes-preparatoires\\\/207927\\\/#article\",\"isPartOf\":{\"@id\":\"https:\\\/\\\/www.webdo.tn\\\/fr\\\/actualite\\\/national\\\/demarrage-de-l-inscription-a-distance-des-eleves-des-classes-preparatoires\\\/207927\\\/\"},\"author\":{\"name\":\"CL\",\"@id\":\"https:\\\/\\\/www.webdo.tn\\\/fr\\\/#\\\/schema\\\/person\\\/f35b42a42c5e2511bbd282959d6385cc\"},\"headline\":\"D\u00e9marrage de l&rsquo;inscription \u00e0 distance des \u00e9l\u00e8ves des classes pr\u00e9paratoires\",\"datePublished\":\"2023-08-15T08:35:00+00:00\",\"dateModified\":\"2025-05-20T22:51:23+00:00\",\"mainEntityOfPage\":{\"@id\":\"https:\\\/\\\/www.webdo.tn\\\/fr\\\/actualite\\\/national\\\/demarrage-de-l-inscription-a-distance-des-eleves-des-classes-preparatoires\\\/207927\\\/\"},\"wordCount\":115,\"commentCount\":0,\"publisher\":{\"@id\":\"https:\\\/\\\/www.webdo.tn\\\/fr\\\/#organization\"},\"image\":{\"@id\":\"https:\\\/\\\/www.webdo.tn\\\/fr\\\/actualite\\\/national\\\/demarrage-de-l-inscription-a-distance-des-eleves-des-classes-preparatoires\\\/207927\\\/#primaryimage\"},\"thumbnailUrl\":\"https:\\\/\\\/www.webdo.tn\\\/fr\\\/wp-content\\\/uploads\\\/2023\\\/08\\\/6bf1ec4279550a8a1195faebdb234481.jpg\",\"keywords\":[\"\u00e9ducation\",\"preparatoire\",\"Tunisie\"],\"articleSection\":[\"National\"],\"inLanguage\":\"fr-FR\"},{\"@type\":\"WebPage\",\"@id\":\"https:\\\/\\\/www.webdo.tn\\\/fr\\\/actualite\\\/national\\\/demarrage-de-l-inscription-a-distance-des-eleves-des-classes-preparatoires\\\/207927\\\/\",\"url\":\"https:\\\/\\\/www.webdo.tn\\\/fr\\\/actualite\\\/national\\\/demarrage-de-l-inscription-a-distance-des-eleves-des-classes-preparatoires\\\/207927\\\/\",\"name\":\"D\u00e9marrage de l'inscription \u00e0 distance des \u00e9l\u00e8ves des classes pr\u00e9paratoires\",\"isPartOf\":{\"@id\":\"https:\\\/\\\/www.webdo.tn\\\/fr\\\/#website\"},\"primaryImageOfPage\":{\"@id\":\"https:\\\/\\\/www.webdo.tn\\\/fr\\\/actualite\\\/national\\\/demarrage-de-l-inscription-a-distance-des-eleves-des-classes-preparatoires\\\/207927\\\/#primaryimage\"},\"image\":{\"@id\":\"https:\\\/\\\/www.webdo.tn\\\/fr\\\/actualite\\\/national\\\/demarrage-de-l-inscription-a-distance-des-eleves-des-classes-preparatoires\\\/207927\\\/#primaryimage\"},\"thumbnailUrl\":\"https:\\\/\\\/www.webdo.tn\\\/fr\\\/wp-content\\\/uploads\\\/2023\\\/08\\\/6bf1ec4279550a8a1195faebdb234481.jpg\",\"datePublished\":\"2023-08-15T08:35:00+00:00\",\"dateModified\":\"2025-05-20T22:51:23+00:00\",\"description\":\"L'inscription \u00e0 distance des \u00e9l\u00e8ves des classes pr\u00e9paratoires (natifs de 2018) dans les \u00e9coles publiques et priv\u00e9es, les jardins d'enfants et les \u00e9coles coraniq...\",\"breadcrumb\":{\"@id\":\"https:\\\/\\\/www.webdo.tn\\\/fr\\\/actualite\\\/national\\\/demarrage-de-l-inscription-a-distance-des-eleves-des-classes-preparatoires\\\/207927\\\/#breadcrumb\"},\"inLanguage\":\"fr-FR\",\"potentialAction\":[{\"@type\":\"ReadAction\",\"target\":[\"https:\\\/\\\/www.webdo.tn\\\/fr\\\/actualite\\\/national\\\/demarrage-de-l-inscription-a-distance-des-eleves-des-classes-preparatoires\\\/207927\\\/\"]}]},{\"@type\":\"ImageObject\",\"inLanguage\":\"fr-FR\",\"@id\":\"https:\\\/\\\/www.webdo.tn\\\/fr\\\/actualite\\\/national\\\/demarrage-de-l-inscription-a-distance-des-eleves-des-classes-preparatoires\\\/207927\\\/#primaryimage\",\"url\":\"https:\\\/\\\/www.webdo.tn\\\/fr\\\/wp-content\\\/uploads\\\/2023\\\/08\\\/6bf1ec4279550a8a1195faebdb234481.jpg\",\"contentUrl\":\"https:\\\/\\\/www.webdo.tn\\\/fr\\\/wp-content\\\/uploads\\\/2023\\\/08\\\/6bf1ec4279550a8a1195faebdb234481.jpg\",\"width\":750,\"height\":400,\"caption\":\"D\u00e9marrage de l'inscription \u00e0 distance des \u00e9l\u00e8ves des classes pr\u00e9paratoires\"},{\"@type\":\"BreadcrumbList\",\"@id\":\"https:\\\/\\\/www.webdo.tn\\\/fr\\\/actualite\\\/national\\\/demarrage-de-l-inscription-a-distance-des-eleves-des-classes-preparatoires\\\/207927\\\/#breadcrumb\",\"itemListElement\":[{\"@type\":\"ListItem\",\"position\":1,\"name\":\"Accueil\",\"item\":\"https:\\\/\\\/www.webdo.tn\\\/fr\\\/\"},{\"@type\":\"ListItem\",\"position\":2,\"name\":\"D\u00e9marrage de l&rsquo;inscription \u00e0 distance des \u00e9l\u00e8ves des classes pr\u00e9paratoires\"}]},{\"@type\":\"WebSite\",\"@id\":\"https:\\\/\\\/www.webdo.tn\\\/fr\\\/#website\",\"url\":\"https:\\\/\\\/www.webdo.tn\\\/fr\\\/\",\"name\":\"webdo\",\"description\":\"Tunisie - News en Tunisie et \u00e0 l&#039;international sur Webdo.tn\",\"publisher\":{\"@id\":\"https:\\\/\\\/www.webdo.tn\\\/fr\\\/#organization\"},\"potentialAction\":[{\"@type\":\"SearchAction\",\"target\":{\"@type\":\"EntryPoint\",\"urlTemplate\":\"https:\\\/\\\/www.webdo.tn\\\/fr\\\/?s={search_term_string}\"},\"query-input\":{\"@type\":\"PropertyValueSpecification\",\"valueRequired\":true,\"valueName\":\"search_term_string\"}}],\"inLanguage\":\"fr-FR\"},{\"@type\":\"Organization\",\"@id\":\"https:\\\/\\\/www.webdo.tn\\\/fr\\\/#organization\",\"name\":\"Webdo\",\"alternateName\":\"Webdo.tn\",\"url\":\"https:\\\/\\\/www.webdo.tn\\\/fr\\\/\",\"logo\":{\"@type\":\"ImageObject\",\"inLanguage\":\"fr-FR\",\"@id\":\"https:\\\/\\\/www.webdo.tn\\\/fr\\\/#\\\/schema\\\/logo\\\/image\\\/\",\"url\":\"https:\\\/\\\/www.webdo.tn\\\/fr\\\/wp-content\\\/uploads\\\/2025\\\/06\\\/Webdo-Tunisie_168377.jpg\",\"contentUrl\":\"https:\\\/\\\/www.webdo.tn\\\/fr\\\/wp-content\\\/uploads\\\/2025\\\/06\\\/Webdo-Tunisie_168377.jpg\",\"width\":301,\"height\":301,\"caption\":\"Webdo\"},\"image\":{\"@id\":\"https:\\\/\\\/www.webdo.tn\\\/fr\\\/#\\\/schema\\\/logo\\\/image\\\/\"},\"sameAs\":[\"https:\\\/\\\/www.facebook.com\\\/webdotn\",\"https:\\\/\\\/x.com\\\/webdo_tn\"],\"description\":\"Webdo est un m\u00e9dia num\u00e9rique tunisien fond\u00e9 en 2010, sp\u00e9cialis\u00e9 dans l\u2019actualit\u00e9 nationale et internationale, l\u2019\u00e9conomie, la soci\u00e9t\u00e9 et les analyses politiques. Le site s\u2019adresse \u00e0 un large public francophone et couvre l\u2019information tunisienne en temps r\u00e9el.\",\"email\":\"redac@webdo.tn\",\"legalName\":\"YNJ SARL\",\"foundingDate\":\"2010-09-06\",\"numberOfEmployees\":{\"@type\":\"QuantitativeValue\",\"minValue\":\"11\",\"maxValue\":\"50\"}},{\"@type\":\"Person\",\"@id\":\"https:\\\/\\\/www.webdo.tn\\\/fr\\\/#\\\/schema\\\/person\\\/f35b42a42c5e2511bbd282959d6385cc\",\"name\":\"CL\",\"image\":{\"@type\":\"ImageObject\",\"inLanguage\":\"fr-FR\",\"@id\":\"https:\\\/\\\/secure.gravatar.com\\\/avatar\\\/1447a49909b67aa657c488aec6512e1dd6143a480c1ecfee9b5b5cd74eb3b59e?s=96&d=mm&r=g\",\"url\":\"https:\\\/\\\/secure.gravatar.com\\\/avatar\\\/1447a49909b67aa657c488aec6512e1dd6143a480c1ecfee9b5b5cd74eb3b59e?s=96&d=mm&r=g\",\"contentUrl\":\"https:\\\/\\\/secure.gravatar.com\\\/avatar\\\/1447a49909b67aa657c488aec6512e1dd6143a480c1ecfee9b5b5cd74eb3b59e?s=96&d=mm&r=g\",\"caption\":\"CL\"},\"url\":\"https:\\\/\\\/www.webdo.tn\\\/fr\\\/actualite\\\/author\\\/cl\\\/\"}]}<\/script>\n<!-- \/ Yoast SEO Premium plugin. -->","yoast_head_json":{"title":"D\u00e9marrage de l'inscription \u00e0 distance des \u00e9l\u00e8ves des classes pr\u00e9paratoires","description":"L'inscription \u00e0 distance des \u00e9l\u00e8ves des classes pr\u00e9paratoires (natifs de 2018) dans les \u00e9coles publiques et priv\u00e9es, les jardins d'enfants et les \u00e9coles coraniq...","canonical":"https:\/\/www.webdo.tn\/fr\/actualite\/national\/demarrage-de-l-inscription-a-distance-des-eleves-des-classes-preparatoires\/207927\/","og_locale":"fr_FR","og_type":"article","og_title":"D\u00e9marrage de l'inscription \u00e0 distance des \u00e9l\u00e8ves des classes pr\u00e9paratoires","og_description":"L'inscription \u00e0 distance des \u00e9l\u00e8ves des classes pr\u00e9paratoires (natifs de 2018) dans les \u00e9coles publiques et priv\u00e9es, les jardins d'enfants et les \u00e9coles coraniq...","og_url":"https:\/\/www.webdo.tn\/fr\/actualite\/national\/demarrage-de-l-inscription-a-distance-des-eleves-des-classes-preparatoires\/207927\/","og_site_name":"webdo","article_publisher":"https:\/\/www.facebook.com\/webdotn","article_published_time":"2023-08-15T08:35:00+00:00","article_modified_time":"2025-05-20T22:51:23+00:00","og_image":[{"width":750,"height":400,"url":"https:\/\/www.webdo.tn\/fr\/wp-content\/uploads\/2023\/08\/6bf1ec4279550a8a1195faebdb234481.jpg","type":"image\/jpeg"}],"author":"CL","twitter_card":"summary_large_image","twitter_creator":"@webdo_tn","twitter_site":"@webdo_tn","twitter_misc":{"\u00c9crit par":"CL"},"schema":{"@context":"https:\/\/schema.org","@graph":[{"@type":"NewsArticle","@id":"https:\/\/www.webdo.tn\/fr\/actualite\/national\/demarrage-de-l-inscription-a-distance-des-eleves-des-classes-preparatoires\/207927\/#article","isPartOf":{"@id":"https:\/\/www.webdo.tn\/fr\/actualite\/national\/demarrage-de-l-inscription-a-distance-des-eleves-des-classes-preparatoires\/207927\/"},"author":{"name":"CL","@id":"https:\/\/www.webdo.tn\/fr\/#\/schema\/person\/f35b42a42c5e2511bbd282959d6385cc"},"headline":"D\u00e9marrage de l&rsquo;inscription \u00e0 distance des \u00e9l\u00e8ves des classes pr\u00e9paratoires","datePublished":"2023-08-15T08:35:00+00:00","dateModified":"2025-05-20T22:51:23+00:00","mainEntityOfPage":{"@id":"https:\/\/www.webdo.tn\/fr\/actualite\/national\/demarrage-de-l-inscription-a-distance-des-eleves-des-classes-preparatoires\/207927\/"},"wordCount":115,"commentCount":0,"publisher":{"@id":"https:\/\/www.webdo.tn\/fr\/#organization"},"image":{"@id":"https:\/\/www.webdo.tn\/fr\/actualite\/national\/demarrage-de-l-inscription-a-distance-des-eleves-des-classes-preparatoires\/207927\/#primaryimage"},"thumbnailUrl":"https:\/\/www.webdo.tn\/fr\/wp-content\/uploads\/2023\/08\/6bf1ec4279550a8a1195faebdb234481.jpg","keywords":["\u00e9ducation","preparatoire","Tunisie"],"articleSection":["National"],"inLanguage":"fr-FR"},{"@type":"WebPage","@id":"https:\/\/www.webdo.tn\/fr\/actualite\/national\/demarrage-de-l-inscription-a-distance-des-eleves-des-classes-preparatoires\/207927\/","url":"https:\/\/www.webdo.tn\/fr\/actualite\/national\/demarrage-de-l-inscription-a-distance-des-eleves-des-classes-preparatoires\/207927\/","name":"D\u00e9marrage de l'inscription \u00e0 distance des \u00e9l\u00e8ves des classes pr\u00e9paratoires","isPartOf":{"@id":"https:\/\/www.webdo.tn\/fr\/#website"},"primaryImageOfPage":{"@id":"https:\/\/www.webdo.tn\/fr\/actualite\/national\/demarrage-de-l-inscription-a-distance-des-eleves-des-classes-preparatoires\/207927\/#primaryimage"},"image":{"@id":"https:\/\/www.webdo.tn\/fr\/actualite\/national\/demarrage-de-l-inscription-a-distance-des-eleves-des-classes-preparatoires\/207927\/#primaryimage"},"thumbnailUrl":"https:\/\/www.webdo.tn\/fr\/wp-content\/uploads\/2023\/08\/6bf1ec4279550a8a1195faebdb234481.jpg","datePublished":"2023-08-15T08:35:00+00:00","dateModified":"2025-05-20T22:51:23+00:00","description":"L'inscription \u00e0 distance des \u00e9l\u00e8ves des classes pr\u00e9paratoires (natifs de 2018) dans les \u00e9coles publiques et priv\u00e9es, les jardins d'enfants et les \u00e9coles coraniq...","breadcrumb":{"@id":"https:\/\/www.webdo.tn\/fr\/actualite\/national\/demarrage-de-l-inscription-a-distance-des-eleves-des-classes-preparatoires\/207927\/#breadcrumb"},"inLanguage":"fr-FR","potentialAction":[{"@type":"ReadAction","target":["https:\/\/www.webdo.tn\/fr\/actualite\/national\/demarrage-de-l-inscription-a-distance-des-eleves-des-classes-preparatoires\/207927\/"]}]},{"@type":"ImageObject","inLanguage":"fr-FR","@id":"https:\/\/www.webdo.tn\/fr\/actualite\/national\/demarrage-de-l-inscription-a-distance-des-eleves-des-classes-preparatoires\/207927\/#primaryimage","url":"https:\/\/www.webdo.tn\/fr\/wp-content\/uploads\/2023\/08\/6bf1ec4279550a8a1195faebdb234481.jpg","contentUrl":"https:\/\/www.webdo.tn\/fr\/wp-content\/uploads\/2023\/08\/6bf1ec4279550a8a1195faebdb234481.jpg","width":750,"height":400,"caption":"D\u00e9marrage de l'inscription \u00e0 distance des \u00e9l\u00e8ves des classes pr\u00e9paratoires"},{"@type":"BreadcrumbList","@id":"https:\/\/www.webdo.tn\/fr\/actualite\/national\/demarrage-de-l-inscription-a-distance-des-eleves-des-classes-preparatoires\/207927\/#breadcrumb","itemListElement":[{"@type":"ListItem","position":1,"name":"Accueil","item":"https:\/\/www.webdo.tn\/fr\/"},{"@type":"ListItem","position":2,"name":"D\u00e9marrage de l&rsquo;inscription \u00e0 distance des \u00e9l\u00e8ves des classes pr\u00e9paratoires"}]},{"@type":"WebSite","@id":"https:\/\/www.webdo.tn\/fr\/#website","url":"https:\/\/www.webdo.tn\/fr\/","name":"webdo","description":"Tunisie - News en Tunisie et \u00e0 l&#039;international sur Webdo.tn","publisher":{"@id":"https:\/\/www.webdo.tn\/fr\/#organization"},"potentialAction":[{"@type":"SearchAction","target":{"@type":"EntryPoint","urlTemplate":"https:\/\/www.webdo.tn\/fr\/?s={search_term_string}"},"query-input":{"@type":"PropertyValueSpecification","valueRequired":true,"valueName":"search_term_string"}}],"inLanguage":"fr-FR"},{"@type":"Organization","@id":"https:\/\/www.webdo.tn\/fr\/#organization","name":"Webdo","alternateName":"Webdo.tn","url":"https:\/\/www.webdo.tn\/fr\/","logo":{"@type":"ImageObject","inLanguage":"fr-FR","@id":"https:\/\/www.webdo.tn\/fr\/#\/schema\/logo\/image\/","url":"https:\/\/www.webdo.tn\/fr\/wp-content\/uploads\/2025\/06\/Webdo-Tunisie_168377.jpg","contentUrl":"https:\/\/www.webdo.tn\/fr\/wp-content\/uploads\/2025\/06\/Webdo-Tunisie_168377.jpg","width":301,"height":301,"caption":"Webdo"},"image":{"@id":"https:\/\/www.webdo.tn\/fr\/#\/schema\/logo\/image\/"},"sameAs":["https:\/\/www.facebook.com\/webdotn","https:\/\/x.com\/webdo_tn"],"description":"Webdo est un m\u00e9dia num\u00e9rique tunisien fond\u00e9 en 2010, sp\u00e9cialis\u00e9 dans l\u2019actualit\u00e9 nationale et internationale, l\u2019\u00e9conomie, la soci\u00e9t\u00e9 et les analyses politiques. Le site s\u2019adresse \u00e0 un large public francophone et couvre l\u2019information tunisienne en temps r\u00e9el.","email":"redac@webdo.tn","legalName":"YNJ SARL","foundingDate":"2010-09-06","numberOfEmployees":{"@type":"QuantitativeValue","minValue":"11","maxValue":"50"}},{"@type":"Person","@id":"https:\/\/www.webdo.tn\/fr\/#\/schema\/person\/f35b42a42c5e2511bbd282959d6385cc","name":"CL","image":{"@type":"ImageObject","inLanguage":"fr-FR","@id":"https:\/\/secure.gravatar.com\/avatar\/1447a49909b67aa657c488aec6512e1dd6143a480c1ecfee9b5b5cd74eb3b59e?s=96&d=mm&r=g","url":"https:\/\/secure.gravatar.com\/avatar\/1447a49909b67aa657c488aec6512e1dd6143a480c1ecfee9b5b5cd74eb3b59e?s=96&d=mm&r=g","contentUrl":"https:\/\/secure.gravatar.com\/avatar\/1447a49909b67aa657c488aec6512e1dd6143a480c1ecfee9b5b5cd74eb3b59e?s=96&d=mm&r=g","caption":"CL"},"url":"https:\/\/www.webdo.tn\/fr\/actualite\/author\/cl\/"}]}},"_links":{"self":[{"href":"https:\/\/www.webdo.tn\/fr\/wp-json\/wp\/v2\/posts\/207927","targetHints":{"allow":["GET"]}}],"collection":[{"href":"https:\/\/www.webdo.tn\/fr\/wp-json\/wp\/v2\/posts"}],"about":[{"href":"https:\/\/www.webdo.tn\/fr\/wp-json\/wp\/v2\/types\/post"}],"author":[{"embeddable":true,"href":"https:\/\/www.webdo.tn\/fr\/wp-json\/wp\/v2\/users\/3175"}],"replies":[{"embeddable":true,"href":"https:\/\/www.webdo.tn\/fr\/wp-json\/wp\/v2\/comments?post=207927"}],"version-history":[{"count":0,"href":"https:\/\/www.webdo.tn\/fr\/wp-json\/wp\/v2\/posts\/207927\/revisions"}],"wp:featuredmedia":[{"embeddable":true,"href":"https:\/\/www.webdo.tn\/fr\/wp-json\/wp\/v2\/media\/278579"}],"wp:attachment":[{"href":"https:\/\/www.webdo.tn\/fr\/wp-json\/wp\/v2\/media?parent=207927"}],"wp:term":[{"taxonomy":"category","embeddable":true,"href":"https:\/\/www.webdo.tn\/fr\/wp-json\/wp\/v2\/categories?post=207927"},{"taxonomy":"post_tag","embeddable":true,"href":"https:\/\/www.webdo.tn\/fr\/wp-json\/wp\/v2\/tags?post=207927"}],"curies":[{"name":"wp","href":"https:\/\/api.w.org\/{rel}","templated":true}]}}