{"id":207925,"date":"2023-08-15T08:25:00","date_gmt":"2023-08-15T08:25:00","guid":{"rendered":"https:\/\/www.webdo.tn\/fr\/blog\/voici-notre-dame-de-trapani-madone-de-la-goulette\/207925\/"},"modified":"2023-08-15T08:25:00","modified_gmt":"2023-08-15T08:25:00","slug":"voici-notre-dame-de-trapani-madone-de-la-goulette","status":"publish","type":"post","link":"https:\/\/www.webdo.tn\/fr\/actualite\/chroniques\/voici-notre-dame-de-trapani-madone-de-la-goulette\/207925\/","title":{"rendered":"Voici Notre-Dame de Trapani, madone de la Goulette !"},"content":{"rendered":"<p>Regards sur l&rsquo;histoire de l&rsquo;\u00e9glise de la Goulette et la procession de Notre-Dame de Trapani qui, depuis 2017, retrouve des couleurs.<\/p>\n<p>\t\t\t\t\t\t\t\t\tL&rsquo;histoire de l&rsquo;\u00e9glise de La Goulette commence en janvier 1848 lorsque, par l&rsquo;entremise de Joseph Raffo, le bey accorde un terrain \u00e0 Monseigneur Sutter, archev\u00eaque de Tunis, pour qu&rsquo;il puisse y construire un lieu de culte.<\/p>\n<p>Ce terrain qui se trouve \u00e0 l&rsquo;int\u00e9rieur de la ville verra le 19 mai 1848 la pose de la premi\u00e8re pierre de l&rsquo;\u00e9glise.<\/p>\n<p>Celle-ci ne sera compl\u00e8tement \u00e9difi\u00e9e qu&rsquo;en 1879. A l&rsquo;\u00e9poque, cinq pr\u00eatres s&rsquo;\u00e9taient succ\u00e9d\u00e9 \u00e0 la t\u00eate de la paroisse qui englobait alors Carthage et le Kram.<\/p>\n<p>Le plus fameux d&rsquo;entre eux est demeur\u00e9 le p\u00e8re Vincent qui compl\u00e9ta les travaux, proc\u00e9da \u00e0 la construction du clocher et installa les cloches de l&rsquo;\u00e9glise.<\/p>\n<p>Ce capucin quittera La Goulette en 1891 et sera remplac\u00e9 par l&rsquo;abb\u00e9 Leynaud qui restera dix ans \u00e0 la t\u00eate de la paroisse et \u00e0 qui l&rsquo;on doit les statues de Saint-Antoine, Saint-Vincent de Paul et Saint-Fran\u00e7ois d&rsquo;Assise. On lui doit aussi l&rsquo;autel de la vierge de Trapani.<\/p>\n<p>Viendra ensuite le fameux abb\u00e9 Xavier Saliba demeur\u00e9 dans la m\u00e9moire des sportifs comme le fondateur de la Jeanne d&rsquo;Arc, une \u00e9quipe de foot qui attira beaucoup de jeunes. Tr\u00e8s vite, la Jeanne d&rsquo;Arc aura un club de gymnastique et une clique de cinquante musiciens.<\/p>\n<p>L&rsquo;abb\u00e9 Saliba conduira la paroisse pendant 38 ans, de 1901 \u00e0 1939. C&rsquo;est de son \u00e9poque que date la fameuse procession de la vierge de Trapani.<\/p>\n<p>Cette procession de Notre-Dame de Trapani quittait l&rsquo;\u00e9glise vers le port pour b\u00e9nir les bateaux des p\u00eacheurs. Une foule se formait \u00e0 sa suite et comprenait de nombreux musulmans qui eux-aussi cherchaient la b\u00e9n\u00e9diction de la madone.<\/p>\n<p>A la mort de l&rsquo;abb\u00e9 Saliba, c&rsquo;est l&rsquo;abb\u00e9 B\u00e9du qui lui succ\u00e9dera. Ensuite, la vie de cette \u00e9glise sera marqu\u00e9e par la pr\u00e9sence des Augustiniens. C&rsquo;est depuis cette \u00e9poque que l&rsquo;\u00e9glise porte le double nom de Saint-Fid\u00e8le et Saint-Augustin.<\/p>\n<p>En effet, Fid\u00e8le \u00e9tait le pr\u00e9nom de Monseigneur Sutter, fondateur de cette \u00e9glise. On lui ajouta Saint-Augustin comme co-titulaire en 1954, apr\u00e8s la c\u00e9l\u00e9bration du seizi\u00e8me centenaire de la naissance de Saint-Augustin.<\/p>\n<p>La Goulette 2022<\/p>\n<p>\u00a0<\/p>\n<p>A l&rsquo;\u00e9poque, Sainte-Rita commencera \u00e0 \u00eatre c\u00e9l\u00e9br\u00e9e \u00e0 La Goulette. Une famille de Tunis, les Merciera, offrirent en 1952 une statue de Sainte-Rita et, depuis, des milliers de fid\u00e8les se sont press\u00e9s \u00e0 ses pieds pour lui demander des gu\u00e9risons miraculeuses.<\/p>\n<p>N\u00e9e en Ombrie, c\u00e9l\u00e9br\u00e9e \u00e0 Malte et en Italie, Sainte-Rita est nomm\u00e9e la sainte de l&rsquo;impossible et pare de ferveur la paroisse goulettoise.<\/p>\n<p>Ainsi va la vie de cette paroisse qui fut confirm\u00e9e dans son r\u00f4le, avec \u00e0 sa t\u00eate les ermites de Saint-Augustin dont le dernier rendit l&rsquo;\u00e2me \u00e0 l&rsquo;hopital de Sidi Daoud.<\/p>\n<p>Aujourd&rsquo;hui, cette \u00e9glise est sous la houlette des Lazaristes apr\u00e8s avoir \u00e9t\u00e9 dirig\u00e9e par des religieux sal\u00e9siens. Avec le p\u00e8re Narcisse et le p\u00e8re Eric, Lazaristes, quatre soeurs de M\u00e8re T\u00e9r\u00e9sa continuent \u00e0 faire vivre cette petite \u00e9glise de La Goulette.<\/p>\n<p>\u00a0A La Goulette, la tradition de la procession de la Madone remonte au d\u00e9but du vingti\u00e8me si\u00e8cle. Cette coutume est probablement n\u00e9e suite \u00e0 une initiative de l&rsquo;abb\u00e9 Leynaud, cur\u00e9 de l&rsquo;\u00e9glise de La Goulette. En ce sens, de tr\u00e8s nombreux paroissiens de l&rsquo;\u00e9glise de La Goulette \u00e9taient originaires de Trapani, en Italie.<\/p>\n<p>C&rsquo;est cet abb\u00e9 qui est en effet r\u00e9put\u00e9 avoir install\u00e9 les nombreuses statues de cette \u00e9glise ainsi que l&rsquo;autel de la Vierge de Trapani.<\/p>\n<p>Prenant sa succession, l&rsquo;abb\u00e9 Xavier Saliba confirmera cette tradition et lui donnera un caract\u00e8re embl\u00e9matique.<\/p>\n<p>Cet abb\u00e9 d&rsquo;origine maltaise veillera aux destin\u00e9es de cette paroisse pendant trente-huit ans, de 1901 \u00e0 1939. Une plaque comm\u00e9morative salue son d\u00e9vouement et se trouve \u00e0 l&rsquo;int\u00e9rieur de l&rsquo;\u00e9glise.<\/p>\n<p>Cette \u00e9glise est par illeurs plac\u00e9e sous le double patronage de Saint-Fid\u00e8le (car son fondateur Monseigneur Sutter portait ce pr\u00e9nom) et Saint-Augustin ( car des Ermites augustiniens de Malte ont longtemps \u00e9t\u00e9 cur\u00e9s de l&rsquo;\u00e9glise).<\/p>\n<p>La Goulette, ann\u00e9es cinquante\u00a0<\/p>\n<p>\u00a0<\/p>\n<p>Revenons maintenant \u00e0 la fameuse procession de la Vierge de Trapani, la madone, comme l&rsquo;ont toujours nomm\u00e9e les Goulettois.<\/p>\n<p>A ses d\u00e9buts, cette procession obeissait au rituel suivant: une messe pontificale suivie de v\u00eapres puis de la procession proprement dite. Ensuite avaient lieu des illuminations de l&rsquo;\u00e9glise, un feu d&rsquo;artifice et un concert sur la place publique.<\/p>\n<p>Pour la procession, la statue de la Vierge de Trapani est port\u00e9e sur un brancard par une dizaine d&rsquo;hommes. La foule, plut\u00f4t dense, tentait alors de toucher la statue qui passait les rues de la Petite Sicile pour se diriger vers le port afin d&rsquo;y b\u00e9nir les bateaux des p\u00eacheurs, pavois\u00e9s pour l&rsquo;occasion.<br \/>\nCette tradition s&rsquo;est maintenue fort longtemps et il est de temps en temps question de la r\u00e9tablir sans que l&rsquo;id\u00e9e ne connut de concr\u00e9tisation.<\/p>\n<p>La procession de la Vierge de Trapani avait lieu le 15 ao\u00fbt de chaque ann\u00e9e sur fond de c\u00e9l\u00e9bration de l&rsquo;Assomption. Elle donnait lieu \u00e0 des cort\u00e8ges impressionnants auxquels se joignaient Goulettois juifs et musulmans.<\/p>\n<p>Aujourd&rsquo;hui, la statue de Notre-Dame de Trapani se trouve toujours en l&rsquo;Eglise de La Goulette, au-dessus de l&rsquo;autel qui lui est consacr\u00e9. Elle compte parmi les exemplaires l\u00e9gendaires de la convivialit\u00e9 tunisienne et, placide et recueillie, attend un jour prochain, d&rsquo;heureux rendez-vous.<\/p>\n<p>\u00a0Et pour terminer cette \u00e9vocation, quelques lignes \u00e9crites le 15 ao\u00fbt de l&rsquo;ann\u00e9e derni\u00e8re lors de la c\u00e9l\u00e9bration de l&rsquo;Assomption.\u00a0<br \/>\n\u00ab\u00a0L&rsquo;\u00e9glise de la Goulette s\u2019est av\u00e9r\u00e9e trop petite pour accueillir toutes celles et tous ceux qui se sont rendus \u00e0 la messe du 15 ao\u00fbt pr\u00e9sid\u00e9e par Monseigneur Ilario Antoniazzi, archev\u00eaque de Tunis, et suivie de la procession symbolique de Notre-Dame de Trapani.<\/p>\n<p>Cette tradition goulettoise a \u00e9t\u00e9 pleinement respect\u00e9e et la statue de la Madone a d\u00e9ambul\u00e9 pour quelques instants sur le parvis de l\u2019\u00e9glise puis au-del\u00e0 du portail. \u00c0 l&rsquo;ext\u00e9rieur de l&rsquo;\u00e9glise, sur la placette et les balcons alentour, ils \u00e9taient \u00e9galement nombreux. Quant au parvis, avec un \u00e9cran g\u00e9ant en son centre, il \u00e9tait plein comme un \u0153uf et tout un chacun pouvait suivre par le son et l&rsquo;image, le d\u00e9roulement de la messe.\u00a0<\/p>\n<p>Dans la salle de pri\u00e8res et aussi sur le parvis de l\u2019\u00e9glise, des centaines de personnes communiaient donc autour d\u2019une tradition goulettoise, le symbole par excellence de la Goulette.\u00a0<\/p>\n<p>Et, pour respecter les coutumes, les plus \u00e2g\u00e9s parmi les pr\u00e9sents ont lanc\u00e9 le fameux \u00ab Viva la Madona di Trapani \u00bb qui a fus\u00e9 \u00e0 plusieurs reprises hier, dans le sillage de la Vierge de Trapani.\u00a0<\/p>\n<p>Selon une coutume bien tunisienne, le 15 ao\u00fbt marque la fin de l\u2019\u00e9t\u00e9. Ou du moins, cette date est cens\u00e9e nous rappeler que le temps n\u2019est plus aux bains de mer.<\/p>\n<p>Cette tradition a des origines pr\u00e9cises. G\u00e9ographiquement, elle est n\u00e9e \u00e0 la Goulette dans la communaut\u00e9 des p\u00eacheurs siciliens. Culturellement, elle a des origines chr\u00e9tiennes puisque le 15 ao\u00fbt est la f\u00eate de l\u2019Assomption durant laquelle est c\u00e9l\u00e9br\u00e9 l\u2019enl\u00e8vement miraculeux de la Sainte Vierge, au ciel, par des anges.<\/p>\n<p>Ainsi, \u00e0 la Goulette, les p\u00eacheurs siciliens avaient pour tradition de sortir le 15 ao\u00fbt avec une statue de la Vierge pour b\u00e9nir la mer. Cette procession suivie d\u2019une b\u00e9n\u00e9diction est peu \u00e0 peu devenue un moment oecum\u00e9nique pour les trois communaut\u00e9s de la Goulette. Et, du coup, chacun a compris le fait comme il l\u2019entendait.<\/p>\n<p>Ce qui nous en reste aujourd\u2019hui, c\u2019est l\u2019id\u00e9e diffuse qu\u2019apr\u00e8s le 15 ao\u00fbt, il faut \u00e9viter les bains de mer car l\u2019\u00e9t\u00e9 est fini. La preuve en \u00e9tant la statue de la Madone qu\u2019on sortait de l\u2019\u00e9glise jusqu\u2019au rivage, gage que la mer sera g\u00e9n\u00e9reuse.<\/p>\n<p>Ainsi, une fois l\u2019an, la statue de Notre-Dame de Trapani sortait de la paroisse de la Goulette pour la fameuse procession. Des t\u00e9moins du d\u00e9but du vingti\u00e8me si\u00e8cle racontent que cette procession n\u2019avan\u00e7ait pas en rang mais qu\u2019une petite foule entourait la statue port\u00e9e par une douzaine de relayeurs. On raconte ainsi que chacun voulait toucher la statue, la caresser d\u2019un mouchoir. Tout le monde prenait la direction du port o\u00f9, pavois\u00e9s, les bateaux de p\u00eacheurs attendent sur le quai.<\/p>\n<p>La Madone viendra alors les b\u00e9nir et augurer d\u2019une ann\u00e9e faste alors que juifs et musulmans se joignaient aux chr\u00e9tiens jusqu\u2019\u00e0 ce que la procession atteigne le rivage, apr\u00e8s avoir travers\u00e9 la ville.<\/p>\n<p>Cela fait d\u00e9sormais cinq ans successifs que la procession de la Vierge de Trapani a lieu le 15 ao\u00fbt de chaque ann\u00e9e sur fond de c\u00e9l\u00e9bration de l\u2019Assomption.<\/p>\n<p>Lundi dernier, l&rsquo;ambiance \u00e9tait bon enfant entre les youyous et les chants religieux. Acclam\u00e9e, la madone \u00e9tait au centre de toutes les attentions sous les spotlights et les objectifs des smartphones.\u00a0<\/p>\n<p>Surpris et enchant\u00e9 \u00e0 la fois, Leonardo \u00e9tait tout ou\u00efe, observant chaque geste. Venu de Trapani, la semaine derni\u00e8re, il d\u00e9couvrait par hasard le rituel goulettois et filmait fr\u00e9n\u00e9tiquement avec l&rsquo;objectif de montrer ses vid\u00e9os \u00e0 ses amis au pays. Leonardo n&rsquo;en croyait pas ses yeux et dans son cas, c&rsquo;\u00e9tait un v\u00e9ritable \u00e9blouissement.<\/p>\n<p>\u00c0 son image, ils pourraient \u00eatre nombreux \u00e0 d\u00e9couvrir cette identit\u00e9 conviviale de la Tunisie. En tout cas, cette procession du 15 ao\u00fbt nous invite \u00e0 r\u00e9fl\u00e9chir sur ces enjeux de rayonnement et pr\u00e9cis\u00e9ment sur ce que des \u00e9v\u00e9nements comme le p\u00e8lerinage de la Ghriba ou la procession de la Goulette disent de nous\u00a0\u00bb.<br \/>\nCes quelques lignes ne donnent-elles pas un avant-go\u00fbt de cette journ\u00e9e du 15 ao\u00fbt prochain qui se profile d\u00e9j\u00e0 \u00e0 l&rsquo;horizon ?<\/p>\n<p>\u00a0<\/p>\n<p>H.B.<\/p>\n","protected":false},"excerpt":{"rendered":"<p>Regards sur l&rsquo;histoire de l&rsquo;\u00e9glise de la Goulette et la procession de Notre-Dame de Trapani qui, depuis 2017, retrouve des couleurs.<\/p>\n","protected":false},"author":3229,"featured_media":249548,"comment_status":"open","ping_status":"closed","sticky":false,"template":"","format":"standard","meta":{"footnotes":""},"categories":[2596],"tags":[3364,3958,8100],"class_list":["post-207925","post","type-post","status-publish","format-standard","has-post-thumbnail","hentry","category-chroniques","tag-histoire","tag-la-goulette","tag-madonne"],"yoast_head":"<!-- This site is optimized with the Yoast SEO Premium plugin v27.4 (Yoast SEO v27.5) - https:\/\/yoast.com\/product\/yoast-seo-premium-wordpress\/ -->\n<title>Voici Notre-Dame de Trapani, madone de la Goulette !<\/title>\n<meta name=\"description\" content=\"Regards sur l&#039;histoire de l&#039;\u00e9glise de la Goulette et la procession de Notre-Dame de Trapani qui, depuis 2017, retrouve des couleurs.\" \/>\n<link rel=\"canonical\" href=\"https:\/\/www.webdo.tn\/fr\/actualite\/chroniques\/voici-notre-dame-de-trapani-madone-de-la-goulette\/207925\/\" \/>\n<meta property=\"og:locale\" content=\"fr_FR\" \/>\n<meta property=\"og:type\" content=\"article\" \/>\n<meta property=\"og:title\" content=\"Voici Notre-Dame de Trapani, madone de la Goulette !\" \/>\n<meta property=\"og:description\" content=\"Regards sur l&#039;histoire de l&#039;\u00e9glise de la Goulette et la procession de Notre-Dame de Trapani qui, depuis 2017, retrouve des couleurs.\" \/>\n<meta property=\"og:url\" content=\"https:\/\/www.webdo.tn\/fr\/actualite\/chroniques\/voici-notre-dame-de-trapani-madone-de-la-goulette\/207925\/\" \/>\n<meta property=\"og:site_name\" content=\"webdo\" \/>\n<meta property=\"article:publisher\" content=\"https:\/\/www.facebook.com\/webdotn\" \/>\n<meta property=\"article:author\" content=\"https:\/\/www.facebook.com\/hatem.bourial.2025\" \/>\n<meta property=\"article:published_time\" content=\"2023-08-15T08:25:00+00:00\" \/>\n<meta property=\"og:image\" content=\"https:\/\/www.webdo.tn\/fr\/wp-content\/uploads\/2023\/08\/ac8021f68d59d5b8ec99063b7083c47c.jpg\" \/>\n\t<meta property=\"og:image:width\" content=\"720\" \/>\n\t<meta property=\"og:image:height\" content=\"384\" \/>\n\t<meta property=\"og:image:type\" content=\"image\/jpeg\" \/>\n<meta name=\"author\" content=\"Hatem Bourial\" \/>\n<meta name=\"twitter:card\" content=\"summary_large_image\" \/>\n<meta name=\"twitter:creator\" content=\"@webdo_tn\" \/>\n<meta name=\"twitter:site\" content=\"@webdo_tn\" \/>\n<meta name=\"twitter:label1\" content=\"\u00c9crit par\" \/>\n\t<meta name=\"twitter:data1\" content=\"Hatem Bourial\" \/>\n\t<meta name=\"twitter:label2\" content=\"Dur\u00e9e de lecture estim\u00e9e\" \/>\n\t<meta name=\"twitter:data2\" content=\"9 minutes\" \/>\n<script type=\"application\/ld+json\" class=\"yoast-schema-graph\">{\"@context\":\"https:\\\/\\\/schema.org\",\"@graph\":[{\"@type\":\"NewsArticle\",\"@id\":\"https:\\\/\\\/www.webdo.tn\\\/fr\\\/actualite\\\/chroniques\\\/voici-notre-dame-de-trapani-madone-de-la-goulette\\\/207925\\\/#article\",\"isPartOf\":{\"@id\":\"https:\\\/\\\/www.webdo.tn\\\/fr\\\/actualite\\\/chroniques\\\/voici-notre-dame-de-trapani-madone-de-la-goulette\\\/207925\\\/\"},\"author\":{\"name\":\"Hatem Bourial\",\"@id\":\"https:\\\/\\\/www.webdo.tn\\\/fr\\\/#\\\/schema\\\/person\\\/6bc0beba2cd23aec27cb5df85ca2554f\"},\"headline\":\"Voici Notre-Dame de Trapani, madone de la Goulette !\",\"datePublished\":\"2023-08-15T08:25:00+00:00\",\"mainEntityOfPage\":{\"@id\":\"https:\\\/\\\/www.webdo.tn\\\/fr\\\/actualite\\\/chroniques\\\/voici-notre-dame-de-trapani-madone-de-la-goulette\\\/207925\\\/\"},\"wordCount\":1762,\"commentCount\":0,\"publisher\":{\"@id\":\"https:\\\/\\\/www.webdo.tn\\\/fr\\\/#organization\"},\"image\":{\"@id\":\"https:\\\/\\\/www.webdo.tn\\\/fr\\\/actualite\\\/chroniques\\\/voici-notre-dame-de-trapani-madone-de-la-goulette\\\/207925\\\/#primaryimage\"},\"thumbnailUrl\":\"https:\\\/\\\/www.webdo.tn\\\/fr\\\/wp-content\\\/uploads\\\/2023\\\/08\\\/ac8021f68d59d5b8ec99063b7083c47c.jpg\",\"keywords\":[\"histoire\",\"la goulette\",\"Madonne\"],\"articleSection\":[\"Chroniques\"],\"inLanguage\":\"fr-FR\"},{\"@type\":\"WebPage\",\"@id\":\"https:\\\/\\\/www.webdo.tn\\\/fr\\\/actualite\\\/chroniques\\\/voici-notre-dame-de-trapani-madone-de-la-goulette\\\/207925\\\/\",\"url\":\"https:\\\/\\\/www.webdo.tn\\\/fr\\\/actualite\\\/chroniques\\\/voici-notre-dame-de-trapani-madone-de-la-goulette\\\/207925\\\/\",\"name\":\"Voici Notre-Dame de Trapani, madone de la Goulette !\",\"isPartOf\":{\"@id\":\"https:\\\/\\\/www.webdo.tn\\\/fr\\\/#website\"},\"primaryImageOfPage\":{\"@id\":\"https:\\\/\\\/www.webdo.tn\\\/fr\\\/actualite\\\/chroniques\\\/voici-notre-dame-de-trapani-madone-de-la-goulette\\\/207925\\\/#primaryimage\"},\"image\":{\"@id\":\"https:\\\/\\\/www.webdo.tn\\\/fr\\\/actualite\\\/chroniques\\\/voici-notre-dame-de-trapani-madone-de-la-goulette\\\/207925\\\/#primaryimage\"},\"thumbnailUrl\":\"https:\\\/\\\/www.webdo.tn\\\/fr\\\/wp-content\\\/uploads\\\/2023\\\/08\\\/ac8021f68d59d5b8ec99063b7083c47c.jpg\",\"datePublished\":\"2023-08-15T08:25:00+00:00\",\"description\":\"Regards sur l'histoire de l'\u00e9glise de la Goulette et la procession de Notre-Dame de Trapani qui, depuis 2017, retrouve des couleurs.\",\"breadcrumb\":{\"@id\":\"https:\\\/\\\/www.webdo.tn\\\/fr\\\/actualite\\\/chroniques\\\/voici-notre-dame-de-trapani-madone-de-la-goulette\\\/207925\\\/#breadcrumb\"},\"inLanguage\":\"fr-FR\",\"potentialAction\":[{\"@type\":\"ReadAction\",\"target\":[\"https:\\\/\\\/www.webdo.tn\\\/fr\\\/actualite\\\/chroniques\\\/voici-notre-dame-de-trapani-madone-de-la-goulette\\\/207925\\\/\"]}]},{\"@type\":\"ImageObject\",\"inLanguage\":\"fr-FR\",\"@id\":\"https:\\\/\\\/www.webdo.tn\\\/fr\\\/actualite\\\/chroniques\\\/voici-notre-dame-de-trapani-madone-de-la-goulette\\\/207925\\\/#primaryimage\",\"url\":\"https:\\\/\\\/www.webdo.tn\\\/fr\\\/wp-content\\\/uploads\\\/2023\\\/08\\\/ac8021f68d59d5b8ec99063b7083c47c.jpg\",\"contentUrl\":\"https:\\\/\\\/www.webdo.tn\\\/fr\\\/wp-content\\\/uploads\\\/2023\\\/08\\\/ac8021f68d59d5b8ec99063b7083c47c.jpg\",\"width\":720,\"height\":384,\"caption\":\"Voici Notre-Dame de Trapani, madone de la Goulette !\"},{\"@type\":\"BreadcrumbList\",\"@id\":\"https:\\\/\\\/www.webdo.tn\\\/fr\\\/actualite\\\/chroniques\\\/voici-notre-dame-de-trapani-madone-de-la-goulette\\\/207925\\\/#breadcrumb\",\"itemListElement\":[{\"@type\":\"ListItem\",\"position\":1,\"name\":\"Accueil\",\"item\":\"https:\\\/\\\/www.webdo.tn\\\/fr\\\/\"},{\"@type\":\"ListItem\",\"position\":2,\"name\":\"Voici Notre-Dame de Trapani, madone de la Goulette !\"}]},{\"@type\":\"WebSite\",\"@id\":\"https:\\\/\\\/www.webdo.tn\\\/fr\\\/#website\",\"url\":\"https:\\\/\\\/www.webdo.tn\\\/fr\\\/\",\"name\":\"webdo\",\"description\":\"Tunisie - News en Tunisie et \u00e0 l&#039;international sur Webdo.tn\",\"publisher\":{\"@id\":\"https:\\\/\\\/www.webdo.tn\\\/fr\\\/#organization\"},\"potentialAction\":[{\"@type\":\"SearchAction\",\"target\":{\"@type\":\"EntryPoint\",\"urlTemplate\":\"https:\\\/\\\/www.webdo.tn\\\/fr\\\/?s={search_term_string}\"},\"query-input\":{\"@type\":\"PropertyValueSpecification\",\"valueRequired\":true,\"valueName\":\"search_term_string\"}}],\"inLanguage\":\"fr-FR\"},{\"@type\":\"Organization\",\"@id\":\"https:\\\/\\\/www.webdo.tn\\\/fr\\\/#organization\",\"name\":\"Webdo\",\"alternateName\":\"Webdo.tn\",\"url\":\"https:\\\/\\\/www.webdo.tn\\\/fr\\\/\",\"logo\":{\"@type\":\"ImageObject\",\"inLanguage\":\"fr-FR\",\"@id\":\"https:\\\/\\\/www.webdo.tn\\\/fr\\\/#\\\/schema\\\/logo\\\/image\\\/\",\"url\":\"https:\\\/\\\/www.webdo.tn\\\/fr\\\/wp-content\\\/uploads\\\/2025\\\/06\\\/Webdo-Tunisie_168377.jpg\",\"contentUrl\":\"https:\\\/\\\/www.webdo.tn\\\/fr\\\/wp-content\\\/uploads\\\/2025\\\/06\\\/Webdo-Tunisie_168377.jpg\",\"width\":301,\"height\":301,\"caption\":\"Webdo\"},\"image\":{\"@id\":\"https:\\\/\\\/www.webdo.tn\\\/fr\\\/#\\\/schema\\\/logo\\\/image\\\/\"},\"sameAs\":[\"https:\\\/\\\/www.facebook.com\\\/webdotn\",\"https:\\\/\\\/x.com\\\/webdo_tn\"],\"description\":\"Webdo est un m\u00e9dia num\u00e9rique tunisien fond\u00e9 en 2010, sp\u00e9cialis\u00e9 dans l\u2019actualit\u00e9 nationale et internationale, l\u2019\u00e9conomie, la soci\u00e9t\u00e9 et les analyses politiques. Le site s\u2019adresse \u00e0 un large public francophone et couvre l\u2019information tunisienne en temps r\u00e9el.\",\"email\":\"redac@webdo.tn\",\"legalName\":\"YNJ SARL\",\"foundingDate\":\"2010-09-06\",\"numberOfEmployees\":{\"@type\":\"QuantitativeValue\",\"minValue\":\"11\",\"maxValue\":\"50\"}},{\"@type\":\"Person\",\"@id\":\"https:\\\/\\\/www.webdo.tn\\\/fr\\\/#\\\/schema\\\/person\\\/6bc0beba2cd23aec27cb5df85ca2554f\",\"name\":\"Hatem Bourial\",\"image\":{\"@type\":\"ImageObject\",\"inLanguage\":\"fr-FR\",\"@id\":\"https:\\\/\\\/www.webdo.tn\\\/fr\\\/wp-content\\\/uploads\\\/2026\\\/04\\\/hatem-bourial_avatar-96x96.jpg\",\"url\":\"https:\\\/\\\/www.webdo.tn\\\/fr\\\/wp-content\\\/uploads\\\/2026\\\/04\\\/hatem-bourial_avatar-96x96.jpg\",\"contentUrl\":\"https:\\\/\\\/www.webdo.tn\\\/fr\\\/wp-content\\\/uploads\\\/2026\\\/04\\\/hatem-bourial_avatar-96x96.jpg\",\"caption\":\"Hatem Bourial\"},\"description\":\"Hatem Bourial est journaliste, \u00e9crivain et chroniqueur tunisien. Actif depuis plusieurs d\u00e9cennies, il s\u2019est impos\u00e9 comme un observateur attentif de la soci\u00e9t\u00e9 tunisienne, m\u00ealant dans ses \u00e9crits m\u00e9moire, culture et analyse du quotidien. Auteur de nombreux ouvrages, il d\u00e9veloppe une \u0153uvre \u00e0 la crois\u00e9e du r\u00e9cit, de la po\u00e9sie et de l\u2019observation sociologique. Parall\u00e8lement \u00e0 ses contributions dans la presse, il intervient r\u00e9guli\u00e8rement \u00e0 la radio et dans des espaces culturels, o\u00f9 il explore les enjeux li\u00e9s au patrimoine, \u00e0 l\u2019identit\u00e9 et aux transformations du monde contemporain. \u00c0 travers ses chroniques, Hatem Bourial propose une lecture sensible et approfondie de l\u2019actualit\u00e9, nourrie par une exp\u00e9rience journalistique et litt\u00e9raire reconnue. \ud83d\udd17 Facebook : https:\\\/\\\/www.facebook.com\\\/hatem.bourial.2025\",\"sameAs\":[\"https:\\\/\\\/www.facebook.com\\\/hatem.bourial.2025\",\"https:\\\/\\\/fr.wikipedia.org\\\/wiki\\\/Fichier:Hatem_Bourial.jpg\"],\"knowsAbout\":[\"Culture & patrimoine tunisien\",\"Chronique soci\u00e9tale\",\"Litt\u00e9rature & m\u00e9moire\",\"Cin\u00e9ma & critique culturelle\",\"Identit\u00e9 & mutations sociales\"],\"knowsLanguage\":[\"Arabe\",\"Fran\u00e7ais\",\"Anglais\",\"Italien\",\"Polonais\"],\"jobTitle\":\"Journaliste, \u00e9crivain et chroniqueur culturel\",\"worksFor\":\"Webdo\",\"url\":\"https:\\\/\\\/www.webdo.tn\\\/fr\\\/actualite\\\/author\\\/hatem-bourial-2\\\/\"}]}<\/script>\n<!-- \/ Yoast SEO Premium plugin. -->","yoast_head_json":{"title":"Voici Notre-Dame de Trapani, madone de la Goulette !","description":"Regards sur l'histoire de l'\u00e9glise de la Goulette et la procession de Notre-Dame de Trapani qui, depuis 2017, retrouve des couleurs.","canonical":"https:\/\/www.webdo.tn\/fr\/actualite\/chroniques\/voici-notre-dame-de-trapani-madone-de-la-goulette\/207925\/","og_locale":"fr_FR","og_type":"article","og_title":"Voici Notre-Dame de Trapani, madone de la Goulette !","og_description":"Regards sur l'histoire de l'\u00e9glise de la Goulette et la procession de Notre-Dame de Trapani qui, depuis 2017, retrouve des couleurs.","og_url":"https:\/\/www.webdo.tn\/fr\/actualite\/chroniques\/voici-notre-dame-de-trapani-madone-de-la-goulette\/207925\/","og_site_name":"webdo","article_publisher":"https:\/\/www.facebook.com\/webdotn","article_author":"https:\/\/www.facebook.com\/hatem.bourial.2025","article_published_time":"2023-08-15T08:25:00+00:00","og_image":[{"width":720,"height":384,"url":"https:\/\/www.webdo.tn\/fr\/wp-content\/uploads\/2023\/08\/ac8021f68d59d5b8ec99063b7083c47c.jpg","type":"image\/jpeg"}],"author":"Hatem Bourial","twitter_card":"summary_large_image","twitter_creator":"@webdo_tn","twitter_site":"@webdo_tn","twitter_misc":{"\u00c9crit par":"Hatem Bourial","Dur\u00e9e de lecture estim\u00e9e":"9 minutes"},"schema":{"@context":"https:\/\/schema.org","@graph":[{"@type":"NewsArticle","@id":"https:\/\/www.webdo.tn\/fr\/actualite\/chroniques\/voici-notre-dame-de-trapani-madone-de-la-goulette\/207925\/#article","isPartOf":{"@id":"https:\/\/www.webdo.tn\/fr\/actualite\/chroniques\/voici-notre-dame-de-trapani-madone-de-la-goulette\/207925\/"},"author":{"name":"Hatem Bourial","@id":"https:\/\/www.webdo.tn\/fr\/#\/schema\/person\/6bc0beba2cd23aec27cb5df85ca2554f"},"headline":"Voici Notre-Dame de Trapani, madone de la Goulette !","datePublished":"2023-08-15T08:25:00+00:00","mainEntityOfPage":{"@id":"https:\/\/www.webdo.tn\/fr\/actualite\/chroniques\/voici-notre-dame-de-trapani-madone-de-la-goulette\/207925\/"},"wordCount":1762,"commentCount":0,"publisher":{"@id":"https:\/\/www.webdo.tn\/fr\/#organization"},"image":{"@id":"https:\/\/www.webdo.tn\/fr\/actualite\/chroniques\/voici-notre-dame-de-trapani-madone-de-la-goulette\/207925\/#primaryimage"},"thumbnailUrl":"https:\/\/www.webdo.tn\/fr\/wp-content\/uploads\/2023\/08\/ac8021f68d59d5b8ec99063b7083c47c.jpg","keywords":["histoire","la goulette","Madonne"],"articleSection":["Chroniques"],"inLanguage":"fr-FR"},{"@type":"WebPage","@id":"https:\/\/www.webdo.tn\/fr\/actualite\/chroniques\/voici-notre-dame-de-trapani-madone-de-la-goulette\/207925\/","url":"https:\/\/www.webdo.tn\/fr\/actualite\/chroniques\/voici-notre-dame-de-trapani-madone-de-la-goulette\/207925\/","name":"Voici Notre-Dame de Trapani, madone de la Goulette !","isPartOf":{"@id":"https:\/\/www.webdo.tn\/fr\/#website"},"primaryImageOfPage":{"@id":"https:\/\/www.webdo.tn\/fr\/actualite\/chroniques\/voici-notre-dame-de-trapani-madone-de-la-goulette\/207925\/#primaryimage"},"image":{"@id":"https:\/\/www.webdo.tn\/fr\/actualite\/chroniques\/voici-notre-dame-de-trapani-madone-de-la-goulette\/207925\/#primaryimage"},"thumbnailUrl":"https:\/\/www.webdo.tn\/fr\/wp-content\/uploads\/2023\/08\/ac8021f68d59d5b8ec99063b7083c47c.jpg","datePublished":"2023-08-15T08:25:00+00:00","description":"Regards sur l'histoire de l'\u00e9glise de la Goulette et la procession de Notre-Dame de Trapani qui, depuis 2017, retrouve des couleurs.","breadcrumb":{"@id":"https:\/\/www.webdo.tn\/fr\/actualite\/chroniques\/voici-notre-dame-de-trapani-madone-de-la-goulette\/207925\/#breadcrumb"},"inLanguage":"fr-FR","potentialAction":[{"@type":"ReadAction","target":["https:\/\/www.webdo.tn\/fr\/actualite\/chroniques\/voici-notre-dame-de-trapani-madone-de-la-goulette\/207925\/"]}]},{"@type":"ImageObject","inLanguage":"fr-FR","@id":"https:\/\/www.webdo.tn\/fr\/actualite\/chroniques\/voici-notre-dame-de-trapani-madone-de-la-goulette\/207925\/#primaryimage","url":"https:\/\/www.webdo.tn\/fr\/wp-content\/uploads\/2023\/08\/ac8021f68d59d5b8ec99063b7083c47c.jpg","contentUrl":"https:\/\/www.webdo.tn\/fr\/wp-content\/uploads\/2023\/08\/ac8021f68d59d5b8ec99063b7083c47c.jpg","width":720,"height":384,"caption":"Voici Notre-Dame de Trapani, madone de la Goulette !"},{"@type":"BreadcrumbList","@id":"https:\/\/www.webdo.tn\/fr\/actualite\/chroniques\/voici-notre-dame-de-trapani-madone-de-la-goulette\/207925\/#breadcrumb","itemListElement":[{"@type":"ListItem","position":1,"name":"Accueil","item":"https:\/\/www.webdo.tn\/fr\/"},{"@type":"ListItem","position":2,"name":"Voici Notre-Dame de Trapani, madone de la Goulette !"}]},{"@type":"WebSite","@id":"https:\/\/www.webdo.tn\/fr\/#website","url":"https:\/\/www.webdo.tn\/fr\/","name":"webdo","description":"Tunisie - News en Tunisie et \u00e0 l&#039;international sur Webdo.tn","publisher":{"@id":"https:\/\/www.webdo.tn\/fr\/#organization"},"potentialAction":[{"@type":"SearchAction","target":{"@type":"EntryPoint","urlTemplate":"https:\/\/www.webdo.tn\/fr\/?s={search_term_string}"},"query-input":{"@type":"PropertyValueSpecification","valueRequired":true,"valueName":"search_term_string"}}],"inLanguage":"fr-FR"},{"@type":"Organization","@id":"https:\/\/www.webdo.tn\/fr\/#organization","name":"Webdo","alternateName":"Webdo.tn","url":"https:\/\/www.webdo.tn\/fr\/","logo":{"@type":"ImageObject","inLanguage":"fr-FR","@id":"https:\/\/www.webdo.tn\/fr\/#\/schema\/logo\/image\/","url":"https:\/\/www.webdo.tn\/fr\/wp-content\/uploads\/2025\/06\/Webdo-Tunisie_168377.jpg","contentUrl":"https:\/\/www.webdo.tn\/fr\/wp-content\/uploads\/2025\/06\/Webdo-Tunisie_168377.jpg","width":301,"height":301,"caption":"Webdo"},"image":{"@id":"https:\/\/www.webdo.tn\/fr\/#\/schema\/logo\/image\/"},"sameAs":["https:\/\/www.facebook.com\/webdotn","https:\/\/x.com\/webdo_tn"],"description":"Webdo est un m\u00e9dia num\u00e9rique tunisien fond\u00e9 en 2010, sp\u00e9cialis\u00e9 dans l\u2019actualit\u00e9 nationale et internationale, l\u2019\u00e9conomie, la soci\u00e9t\u00e9 et les analyses politiques. Le site s\u2019adresse \u00e0 un large public francophone et couvre l\u2019information tunisienne en temps r\u00e9el.","email":"redac@webdo.tn","legalName":"YNJ SARL","foundingDate":"2010-09-06","numberOfEmployees":{"@type":"QuantitativeValue","minValue":"11","maxValue":"50"}},{"@type":"Person","@id":"https:\/\/www.webdo.tn\/fr\/#\/schema\/person\/6bc0beba2cd23aec27cb5df85ca2554f","name":"Hatem Bourial","image":{"@type":"ImageObject","inLanguage":"fr-FR","@id":"https:\/\/www.webdo.tn\/fr\/wp-content\/uploads\/2026\/04\/hatem-bourial_avatar-96x96.jpg","url":"https:\/\/www.webdo.tn\/fr\/wp-content\/uploads\/2026\/04\/hatem-bourial_avatar-96x96.jpg","contentUrl":"https:\/\/www.webdo.tn\/fr\/wp-content\/uploads\/2026\/04\/hatem-bourial_avatar-96x96.jpg","caption":"Hatem Bourial"},"description":"Hatem Bourial est journaliste, \u00e9crivain et chroniqueur tunisien. Actif depuis plusieurs d\u00e9cennies, il s\u2019est impos\u00e9 comme un observateur attentif de la soci\u00e9t\u00e9 tunisienne, m\u00ealant dans ses \u00e9crits m\u00e9moire, culture et analyse du quotidien. Auteur de nombreux ouvrages, il d\u00e9veloppe une \u0153uvre \u00e0 la crois\u00e9e du r\u00e9cit, de la po\u00e9sie et de l\u2019observation sociologique. Parall\u00e8lement \u00e0 ses contributions dans la presse, il intervient r\u00e9guli\u00e8rement \u00e0 la radio et dans des espaces culturels, o\u00f9 il explore les enjeux li\u00e9s au patrimoine, \u00e0 l\u2019identit\u00e9 et aux transformations du monde contemporain. \u00c0 travers ses chroniques, Hatem Bourial propose une lecture sensible et approfondie de l\u2019actualit\u00e9, nourrie par une exp\u00e9rience journalistique et litt\u00e9raire reconnue. \ud83d\udd17 Facebook : https:\/\/www.facebook.com\/hatem.bourial.2025","sameAs":["https:\/\/www.facebook.com\/hatem.bourial.2025","https:\/\/fr.wikipedia.org\/wiki\/Fichier:Hatem_Bourial.jpg"],"knowsAbout":["Culture & patrimoine tunisien","Chronique soci\u00e9tale","Litt\u00e9rature & m\u00e9moire","Cin\u00e9ma & critique culturelle","Identit\u00e9 & mutations sociales"],"knowsLanguage":["Arabe","Fran\u00e7ais","Anglais","Italien","Polonais"],"jobTitle":"Journaliste, \u00e9crivain et chroniqueur culturel","worksFor":"Webdo","url":"https:\/\/www.webdo.tn\/fr\/actualite\/author\/hatem-bourial-2\/"}]}},"_links":{"self":[{"href":"https:\/\/www.webdo.tn\/fr\/wp-json\/wp\/v2\/posts\/207925","targetHints":{"allow":["GET"]}}],"collection":[{"href":"https:\/\/www.webdo.tn\/fr\/wp-json\/wp\/v2\/posts"}],"about":[{"href":"https:\/\/www.webdo.tn\/fr\/wp-json\/wp\/v2\/types\/post"}],"author":[{"embeddable":true,"href":"https:\/\/www.webdo.tn\/fr\/wp-json\/wp\/v2\/users\/3229"}],"replies":[{"embeddable":true,"href":"https:\/\/www.webdo.tn\/fr\/wp-json\/wp\/v2\/comments?post=207925"}],"version-history":[{"count":0,"href":"https:\/\/www.webdo.tn\/fr\/wp-json\/wp\/v2\/posts\/207925\/revisions"}],"wp:featuredmedia":[{"embeddable":true,"href":"https:\/\/www.webdo.tn\/fr\/wp-json\/wp\/v2\/media\/249548"}],"wp:attachment":[{"href":"https:\/\/www.webdo.tn\/fr\/wp-json\/wp\/v2\/media?parent=207925"}],"wp:term":[{"taxonomy":"category","embeddable":true,"href":"https:\/\/www.webdo.tn\/fr\/wp-json\/wp\/v2\/categories?post=207925"},{"taxonomy":"post_tag","embeddable":true,"href":"https:\/\/www.webdo.tn\/fr\/wp-json\/wp\/v2\/tags?post=207925"}],"curies":[{"name":"wp","href":"https:\/\/api.w.org\/{rel}","templated":true}]}}