{"id":207921,"date":"2023-08-14T18:53:00","date_gmt":"2023-08-14T18:53:00","guid":{"rendered":"https:\/\/www.webdo.tn\/fr\/blog\/tunisie-annulation-des-frais-de-scolarisation-mensuels-des-eleves-des-classes-preparatoires\/207921\/"},"modified":"2025-05-20T22:51:22","modified_gmt":"2025-05-20T22:51:22","slug":"tunisie-annulation-des-frais-de-scolarisation-mensuels-des-eleves-des-classes-preparatoires","status":"publish","type":"post","link":"https:\/\/www.webdo.tn\/fr\/actualite\/national\/tunisie-annulation-des-frais-de-scolarisation-mensuels-des-eleves-des-classes-preparatoires\/207921\/","title":{"rendered":"Tunisie : Annulation des frais de scolarisation mensuels des \u00e9l\u00e8ves des classes pr\u00e9paratoires"},"content":{"rendered":"<p>Le minist\u00e8re de l&rsquo;\u00e9ducation a d\u00e9cid\u00e9 d&rsquo;annuler les frais de scolarisation mensuels de 15 d pour l&rsquo;inscription des \u00e9l\u00e8ves des classes pr\u00e9paratoires, soulignant que les frais d&rsquo;inscription annuels (4 d) seront pay\u00e9s via les cartes bancaires ou par voie postale ou le t\u00e9l\u00e9phone mobile.<\/p>\n<p>\t\t\t\t\t\t\t\t\tA travers cette initiative, le minist\u00e8re de l&rsquo;\u00e9ducation vise \u00e0 g\u00e9n\u00e9raliser les classes pr\u00e9paratoires de mani\u00e8re \u00e0 enraciner le principe d&rsquo;\u00e9quit\u00e9 et d&rsquo;\u00e9galit\u00e9 des chances dans l&rsquo;enseignement, selon un circulaire envoy\u00e9 par le minist\u00e8re aux commissariat r\u00e9gionaux de l&rsquo;\u00e9ducation, aux inspecteurs des \u00e9coles primaires et aux directeurs des \u00e9coles primaires publics et priv\u00e9s.<\/p>\n<p>Par ailleurs, le minist\u00e8re de l&rsquo;\u00e9ducation a indiqu\u00e9 que les enfants handicap\u00e9s \u00e2g\u00e9s entre 5 et 8 ans auront la possibilit\u00e9 d&rsquo;acc\u00e9der aux classes pr\u00e9paratoires au cours de l&rsquo;ann\u00e9e scolaires 2023-2024 avec la possibilit\u00e9 d&rsquo;inscrire \u00e0 titre exceptionnel les enfants \u00e2g\u00e9s de 9 ans.<\/p>\n<p>A noter que l&rsquo;ann\u00e9e scolaire 2023-2024 d\u00e9marre le 2 octobre 2023 pour les \u00e9l\u00e8ves des classes pr\u00e9paratoires dans les \u00e9coles publiques et priv\u00e9es.<\/p>\n<p>Le minist\u00e8re de l&rsquo;\u00e9ducation a appel\u00e9 les enseignants des classes pr\u00e9paratoires \u00e0 rejoindre leur \u00e9tablissements scolaires \u00e0 partir du 14 septembre prochain.<\/p>\n","protected":false},"excerpt":{"rendered":"<p>Le minist\u00e8re de l&rsquo;\u00e9ducation a d\u00e9cid\u00e9 d&rsquo;annuler les frais de scolarisation mensuels de 15 d pour l&rsquo;inscription des \u00e9l\u00e8ves des classes pr\u00e9paratoires, soulignant q&#8230;<\/p>\n","protected":false},"author":3175,"featured_media":278572,"comment_status":"open","ping_status":"closed","sticky":false,"template":"","format":"standard","meta":{"footnotes":""},"categories":[44],"tags":[4376,9647,6767,2608],"class_list":["post-207921","post","type-post","status-publish","format-standard","has-post-thumbnail","hentry","category-national","tag-annulation","tag-classes-preparatoires","tag-frais","tag-tunisie"],"yoast_head":"<!-- This site is optimized with the Yoast SEO Premium plugin v27.4 (Yoast SEO v27.5) - https:\/\/yoast.com\/product\/yoast-seo-premium-wordpress\/ -->\n<title>Tunisie : Annulation des frais de scolarisation mensuels des \u00e9l\u00e8ves des classes pr\u00e9paratoires<\/title>\n<meta name=\"description\" content=\"Le minist\u00e8re de l&#039;\u00e9ducation a d\u00e9cid\u00e9 d&#039;annuler les frais de scolarisation mensuels de 15 d pour l&#039;inscription des \u00e9l\u00e8ves des classes pr\u00e9paratoires, soulignant q...\" \/>\n<link rel=\"canonical\" href=\"https:\/\/www.webdo.tn\/fr\/actualite\/national\/tunisie-annulation-des-frais-de-scolarisation-mensuels-des-eleves-des-classes-preparatoires\/207921\/\" \/>\n<meta property=\"og:locale\" content=\"fr_FR\" \/>\n<meta property=\"og:type\" content=\"article\" \/>\n<meta property=\"og:title\" content=\"Tunisie : Annulation des frais de scolarisation mensuels des \u00e9l\u00e8ves des classes pr\u00e9paratoires\" \/>\n<meta property=\"og:description\" content=\"Le minist\u00e8re de l&#039;\u00e9ducation a d\u00e9cid\u00e9 d&#039;annuler les frais de scolarisation mensuels de 15 d pour l&#039;inscription des \u00e9l\u00e8ves des classes pr\u00e9paratoires, soulignant q...\" \/>\n<meta property=\"og:url\" content=\"https:\/\/www.webdo.tn\/fr\/actualite\/national\/tunisie-annulation-des-frais-de-scolarisation-mensuels-des-eleves-des-classes-preparatoires\/207921\/\" \/>\n<meta property=\"og:site_name\" content=\"webdo\" \/>\n<meta property=\"article:publisher\" content=\"https:\/\/www.facebook.com\/webdotn\" \/>\n<meta property=\"article:published_time\" content=\"2023-08-14T18:53:00+00:00\" \/>\n<meta property=\"article:modified_time\" content=\"2025-05-20T22:51:22+00:00\" \/>\n<meta property=\"og:image\" content=\"https:\/\/www.webdo.tn\/fr\/wp-content\/uploads\/2023\/08\/ccfa778592e1134d167b2dbafff653cc.jpeg\" \/>\n\t<meta property=\"og:image:width\" content=\"480\" \/>\n\t<meta property=\"og:image:height\" content=\"256\" \/>\n\t<meta property=\"og:image:type\" content=\"image\/jpeg\" \/>\n<meta name=\"author\" content=\"CL\" \/>\n<meta name=\"twitter:card\" content=\"summary_large_image\" \/>\n<meta name=\"twitter:creator\" content=\"@webdo_tn\" \/>\n<meta name=\"twitter:site\" content=\"@webdo_tn\" \/>\n<meta name=\"twitter:label1\" content=\"\u00c9crit par\" \/>\n\t<meta name=\"twitter:data1\" content=\"CL\" \/>\n\t<meta name=\"twitter:label2\" content=\"Dur\u00e9e de lecture estim\u00e9e\" \/>\n\t<meta name=\"twitter:data2\" content=\"1 minute\" \/>\n<script type=\"application\/ld+json\" class=\"yoast-schema-graph\">{\"@context\":\"https:\\\/\\\/schema.org\",\"@graph\":[{\"@type\":\"NewsArticle\",\"@id\":\"https:\\\/\\\/www.webdo.tn\\\/fr\\\/actualite\\\/national\\\/tunisie-annulation-des-frais-de-scolarisation-mensuels-des-eleves-des-classes-preparatoires\\\/207921\\\/#article\",\"isPartOf\":{\"@id\":\"https:\\\/\\\/www.webdo.tn\\\/fr\\\/actualite\\\/national\\\/tunisie-annulation-des-frais-de-scolarisation-mensuels-des-eleves-des-classes-preparatoires\\\/207921\\\/\"},\"author\":{\"name\":\"CL\",\"@id\":\"https:\\\/\\\/www.webdo.tn\\\/fr\\\/#\\\/schema\\\/person\\\/f35b42a42c5e2511bbd282959d6385cc\"},\"headline\":\"Tunisie : Annulation des frais de scolarisation mensuels des \u00e9l\u00e8ves des classes pr\u00e9paratoires\",\"datePublished\":\"2023-08-14T18:53:00+00:00\",\"dateModified\":\"2025-05-20T22:51:22+00:00\",\"mainEntityOfPage\":{\"@id\":\"https:\\\/\\\/www.webdo.tn\\\/fr\\\/actualite\\\/national\\\/tunisie-annulation-des-frais-de-scolarisation-mensuels-des-eleves-des-classes-preparatoires\\\/207921\\\/\"},\"wordCount\":231,\"commentCount\":0,\"publisher\":{\"@id\":\"https:\\\/\\\/www.webdo.tn\\\/fr\\\/#organization\"},\"image\":{\"@id\":\"https:\\\/\\\/www.webdo.tn\\\/fr\\\/actualite\\\/national\\\/tunisie-annulation-des-frais-de-scolarisation-mensuels-des-eleves-des-classes-preparatoires\\\/207921\\\/#primaryimage\"},\"thumbnailUrl\":\"https:\\\/\\\/www.webdo.tn\\\/fr\\\/wp-content\\\/uploads\\\/2023\\\/08\\\/ccfa778592e1134d167b2dbafff653cc.jpeg\",\"keywords\":[\"annulation\",\"Classes pr\u00e9paratoires\",\"frais\",\"Tunisie\"],\"articleSection\":[\"National\"],\"inLanguage\":\"fr-FR\"},{\"@type\":\"WebPage\",\"@id\":\"https:\\\/\\\/www.webdo.tn\\\/fr\\\/actualite\\\/national\\\/tunisie-annulation-des-frais-de-scolarisation-mensuels-des-eleves-des-classes-preparatoires\\\/207921\\\/\",\"url\":\"https:\\\/\\\/www.webdo.tn\\\/fr\\\/actualite\\\/national\\\/tunisie-annulation-des-frais-de-scolarisation-mensuels-des-eleves-des-classes-preparatoires\\\/207921\\\/\",\"name\":\"Tunisie : Annulation des frais de scolarisation mensuels des \u00e9l\u00e8ves des classes pr\u00e9paratoires\",\"isPartOf\":{\"@id\":\"https:\\\/\\\/www.webdo.tn\\\/fr\\\/#website\"},\"primaryImageOfPage\":{\"@id\":\"https:\\\/\\\/www.webdo.tn\\\/fr\\\/actualite\\\/national\\\/tunisie-annulation-des-frais-de-scolarisation-mensuels-des-eleves-des-classes-preparatoires\\\/207921\\\/#primaryimage\"},\"image\":{\"@id\":\"https:\\\/\\\/www.webdo.tn\\\/fr\\\/actualite\\\/national\\\/tunisie-annulation-des-frais-de-scolarisation-mensuels-des-eleves-des-classes-preparatoires\\\/207921\\\/#primaryimage\"},\"thumbnailUrl\":\"https:\\\/\\\/www.webdo.tn\\\/fr\\\/wp-content\\\/uploads\\\/2023\\\/08\\\/ccfa778592e1134d167b2dbafff653cc.jpeg\",\"datePublished\":\"2023-08-14T18:53:00+00:00\",\"dateModified\":\"2025-05-20T22:51:22+00:00\",\"description\":\"Le minist\u00e8re de l'\u00e9ducation a d\u00e9cid\u00e9 d'annuler les frais de scolarisation mensuels de 15 d pour l'inscription des \u00e9l\u00e8ves des classes pr\u00e9paratoires, soulignant q...\",\"breadcrumb\":{\"@id\":\"https:\\\/\\\/www.webdo.tn\\\/fr\\\/actualite\\\/national\\\/tunisie-annulation-des-frais-de-scolarisation-mensuels-des-eleves-des-classes-preparatoires\\\/207921\\\/#breadcrumb\"},\"inLanguage\":\"fr-FR\",\"potentialAction\":[{\"@type\":\"ReadAction\",\"target\":[\"https:\\\/\\\/www.webdo.tn\\\/fr\\\/actualite\\\/national\\\/tunisie-annulation-des-frais-de-scolarisation-mensuels-des-eleves-des-classes-preparatoires\\\/207921\\\/\"]}]},{\"@type\":\"ImageObject\",\"inLanguage\":\"fr-FR\",\"@id\":\"https:\\\/\\\/www.webdo.tn\\\/fr\\\/actualite\\\/national\\\/tunisie-annulation-des-frais-de-scolarisation-mensuels-des-eleves-des-classes-preparatoires\\\/207921\\\/#primaryimage\",\"url\":\"https:\\\/\\\/www.webdo.tn\\\/fr\\\/wp-content\\\/uploads\\\/2023\\\/08\\\/ccfa778592e1134d167b2dbafff653cc.jpeg\",\"contentUrl\":\"https:\\\/\\\/www.webdo.tn\\\/fr\\\/wp-content\\\/uploads\\\/2023\\\/08\\\/ccfa778592e1134d167b2dbafff653cc.jpeg\",\"width\":480,\"height\":256,\"caption\":\"Tunisie : Annulation des frais de scolarisation mensuels des \u00e9l\u00e8ves des classes pr\u00e9paratoires\"},{\"@type\":\"BreadcrumbList\",\"@id\":\"https:\\\/\\\/www.webdo.tn\\\/fr\\\/actualite\\\/national\\\/tunisie-annulation-des-frais-de-scolarisation-mensuels-des-eleves-des-classes-preparatoires\\\/207921\\\/#breadcrumb\",\"itemListElement\":[{\"@type\":\"ListItem\",\"position\":1,\"name\":\"Accueil\",\"item\":\"https:\\\/\\\/www.webdo.tn\\\/fr\\\/\"},{\"@type\":\"ListItem\",\"position\":2,\"name\":\"Tunisie : Annulation des frais de scolarisation mensuels des \u00e9l\u00e8ves des classes pr\u00e9paratoires\"}]},{\"@type\":\"WebSite\",\"@id\":\"https:\\\/\\\/www.webdo.tn\\\/fr\\\/#website\",\"url\":\"https:\\\/\\\/www.webdo.tn\\\/fr\\\/\",\"name\":\"webdo\",\"description\":\"Tunisie - News en Tunisie et \u00e0 l&#039;international sur Webdo.tn\",\"publisher\":{\"@id\":\"https:\\\/\\\/www.webdo.tn\\\/fr\\\/#organization\"},\"potentialAction\":[{\"@type\":\"SearchAction\",\"target\":{\"@type\":\"EntryPoint\",\"urlTemplate\":\"https:\\\/\\\/www.webdo.tn\\\/fr\\\/?s={search_term_string}\"},\"query-input\":{\"@type\":\"PropertyValueSpecification\",\"valueRequired\":true,\"valueName\":\"search_term_string\"}}],\"inLanguage\":\"fr-FR\"},{\"@type\":\"Organization\",\"@id\":\"https:\\\/\\\/www.webdo.tn\\\/fr\\\/#organization\",\"name\":\"Webdo\",\"alternateName\":\"Webdo.tn\",\"url\":\"https:\\\/\\\/www.webdo.tn\\\/fr\\\/\",\"logo\":{\"@type\":\"ImageObject\",\"inLanguage\":\"fr-FR\",\"@id\":\"https:\\\/\\\/www.webdo.tn\\\/fr\\\/#\\\/schema\\\/logo\\\/image\\\/\",\"url\":\"https:\\\/\\\/www.webdo.tn\\\/fr\\\/wp-content\\\/uploads\\\/2025\\\/06\\\/Webdo-Tunisie_168377.jpg\",\"contentUrl\":\"https:\\\/\\\/www.webdo.tn\\\/fr\\\/wp-content\\\/uploads\\\/2025\\\/06\\\/Webdo-Tunisie_168377.jpg\",\"width\":301,\"height\":301,\"caption\":\"Webdo\"},\"image\":{\"@id\":\"https:\\\/\\\/www.webdo.tn\\\/fr\\\/#\\\/schema\\\/logo\\\/image\\\/\"},\"sameAs\":[\"https:\\\/\\\/www.facebook.com\\\/webdotn\",\"https:\\\/\\\/x.com\\\/webdo_tn\"],\"description\":\"Webdo est un m\u00e9dia num\u00e9rique tunisien fond\u00e9 en 2010, sp\u00e9cialis\u00e9 dans l\u2019actualit\u00e9 nationale et internationale, l\u2019\u00e9conomie, la soci\u00e9t\u00e9 et les analyses politiques. Le site s\u2019adresse \u00e0 un large public francophone et couvre l\u2019information tunisienne en temps r\u00e9el.\",\"email\":\"redac@webdo.tn\",\"legalName\":\"YNJ SARL\",\"foundingDate\":\"2010-09-06\",\"numberOfEmployees\":{\"@type\":\"QuantitativeValue\",\"minValue\":\"11\",\"maxValue\":\"50\"}},{\"@type\":\"Person\",\"@id\":\"https:\\\/\\\/www.webdo.tn\\\/fr\\\/#\\\/schema\\\/person\\\/f35b42a42c5e2511bbd282959d6385cc\",\"name\":\"CL\",\"image\":{\"@type\":\"ImageObject\",\"inLanguage\":\"fr-FR\",\"@id\":\"https:\\\/\\\/secure.gravatar.com\\\/avatar\\\/1447a49909b67aa657c488aec6512e1dd6143a480c1ecfee9b5b5cd74eb3b59e?s=96&d=mm&r=g\",\"url\":\"https:\\\/\\\/secure.gravatar.com\\\/avatar\\\/1447a49909b67aa657c488aec6512e1dd6143a480c1ecfee9b5b5cd74eb3b59e?s=96&d=mm&r=g\",\"contentUrl\":\"https:\\\/\\\/secure.gravatar.com\\\/avatar\\\/1447a49909b67aa657c488aec6512e1dd6143a480c1ecfee9b5b5cd74eb3b59e?s=96&d=mm&r=g\",\"caption\":\"CL\"},\"url\":\"https:\\\/\\\/www.webdo.tn\\\/fr\\\/actualite\\\/author\\\/cl\\\/\"}]}<\/script>\n<!-- \/ Yoast SEO Premium plugin. -->","yoast_head_json":{"title":"Tunisie : Annulation des frais de scolarisation mensuels des \u00e9l\u00e8ves des classes pr\u00e9paratoires","description":"Le minist\u00e8re de l'\u00e9ducation a d\u00e9cid\u00e9 d'annuler les frais de scolarisation mensuels de 15 d pour l'inscription des \u00e9l\u00e8ves des classes pr\u00e9paratoires, soulignant q...","canonical":"https:\/\/www.webdo.tn\/fr\/actualite\/national\/tunisie-annulation-des-frais-de-scolarisation-mensuels-des-eleves-des-classes-preparatoires\/207921\/","og_locale":"fr_FR","og_type":"article","og_title":"Tunisie : Annulation des frais de scolarisation mensuels des \u00e9l\u00e8ves des classes pr\u00e9paratoires","og_description":"Le minist\u00e8re de l'\u00e9ducation a d\u00e9cid\u00e9 d'annuler les frais de scolarisation mensuels de 15 d pour l'inscription des \u00e9l\u00e8ves des classes pr\u00e9paratoires, soulignant q...","og_url":"https:\/\/www.webdo.tn\/fr\/actualite\/national\/tunisie-annulation-des-frais-de-scolarisation-mensuels-des-eleves-des-classes-preparatoires\/207921\/","og_site_name":"webdo","article_publisher":"https:\/\/www.facebook.com\/webdotn","article_published_time":"2023-08-14T18:53:00+00:00","article_modified_time":"2025-05-20T22:51:22+00:00","og_image":[{"width":480,"height":256,"url":"https:\/\/www.webdo.tn\/fr\/wp-content\/uploads\/2023\/08\/ccfa778592e1134d167b2dbafff653cc.jpeg","type":"image\/jpeg"}],"author":"CL","twitter_card":"summary_large_image","twitter_creator":"@webdo_tn","twitter_site":"@webdo_tn","twitter_misc":{"\u00c9crit par":"CL","Dur\u00e9e de lecture estim\u00e9e":"1 minute"},"schema":{"@context":"https:\/\/schema.org","@graph":[{"@type":"NewsArticle","@id":"https:\/\/www.webdo.tn\/fr\/actualite\/national\/tunisie-annulation-des-frais-de-scolarisation-mensuels-des-eleves-des-classes-preparatoires\/207921\/#article","isPartOf":{"@id":"https:\/\/www.webdo.tn\/fr\/actualite\/national\/tunisie-annulation-des-frais-de-scolarisation-mensuels-des-eleves-des-classes-preparatoires\/207921\/"},"author":{"name":"CL","@id":"https:\/\/www.webdo.tn\/fr\/#\/schema\/person\/f35b42a42c5e2511bbd282959d6385cc"},"headline":"Tunisie : Annulation des frais de scolarisation mensuels des \u00e9l\u00e8ves des classes pr\u00e9paratoires","datePublished":"2023-08-14T18:53:00+00:00","dateModified":"2025-05-20T22:51:22+00:00","mainEntityOfPage":{"@id":"https:\/\/www.webdo.tn\/fr\/actualite\/national\/tunisie-annulation-des-frais-de-scolarisation-mensuels-des-eleves-des-classes-preparatoires\/207921\/"},"wordCount":231,"commentCount":0,"publisher":{"@id":"https:\/\/www.webdo.tn\/fr\/#organization"},"image":{"@id":"https:\/\/www.webdo.tn\/fr\/actualite\/national\/tunisie-annulation-des-frais-de-scolarisation-mensuels-des-eleves-des-classes-preparatoires\/207921\/#primaryimage"},"thumbnailUrl":"https:\/\/www.webdo.tn\/fr\/wp-content\/uploads\/2023\/08\/ccfa778592e1134d167b2dbafff653cc.jpeg","keywords":["annulation","Classes pr\u00e9paratoires","frais","Tunisie"],"articleSection":["National"],"inLanguage":"fr-FR"},{"@type":"WebPage","@id":"https:\/\/www.webdo.tn\/fr\/actualite\/national\/tunisie-annulation-des-frais-de-scolarisation-mensuels-des-eleves-des-classes-preparatoires\/207921\/","url":"https:\/\/www.webdo.tn\/fr\/actualite\/national\/tunisie-annulation-des-frais-de-scolarisation-mensuels-des-eleves-des-classes-preparatoires\/207921\/","name":"Tunisie : Annulation des frais de scolarisation mensuels des \u00e9l\u00e8ves des classes pr\u00e9paratoires","isPartOf":{"@id":"https:\/\/www.webdo.tn\/fr\/#website"},"primaryImageOfPage":{"@id":"https:\/\/www.webdo.tn\/fr\/actualite\/national\/tunisie-annulation-des-frais-de-scolarisation-mensuels-des-eleves-des-classes-preparatoires\/207921\/#primaryimage"},"image":{"@id":"https:\/\/www.webdo.tn\/fr\/actualite\/national\/tunisie-annulation-des-frais-de-scolarisation-mensuels-des-eleves-des-classes-preparatoires\/207921\/#primaryimage"},"thumbnailUrl":"https:\/\/www.webdo.tn\/fr\/wp-content\/uploads\/2023\/08\/ccfa778592e1134d167b2dbafff653cc.jpeg","datePublished":"2023-08-14T18:53:00+00:00","dateModified":"2025-05-20T22:51:22+00:00","description":"Le minist\u00e8re de l'\u00e9ducation a d\u00e9cid\u00e9 d'annuler les frais de scolarisation mensuels de 15 d pour l'inscription des \u00e9l\u00e8ves des classes pr\u00e9paratoires, soulignant q...","breadcrumb":{"@id":"https:\/\/www.webdo.tn\/fr\/actualite\/national\/tunisie-annulation-des-frais-de-scolarisation-mensuels-des-eleves-des-classes-preparatoires\/207921\/#breadcrumb"},"inLanguage":"fr-FR","potentialAction":[{"@type":"ReadAction","target":["https:\/\/www.webdo.tn\/fr\/actualite\/national\/tunisie-annulation-des-frais-de-scolarisation-mensuels-des-eleves-des-classes-preparatoires\/207921\/"]}]},{"@type":"ImageObject","inLanguage":"fr-FR","@id":"https:\/\/www.webdo.tn\/fr\/actualite\/national\/tunisie-annulation-des-frais-de-scolarisation-mensuels-des-eleves-des-classes-preparatoires\/207921\/#primaryimage","url":"https:\/\/www.webdo.tn\/fr\/wp-content\/uploads\/2023\/08\/ccfa778592e1134d167b2dbafff653cc.jpeg","contentUrl":"https:\/\/www.webdo.tn\/fr\/wp-content\/uploads\/2023\/08\/ccfa778592e1134d167b2dbafff653cc.jpeg","width":480,"height":256,"caption":"Tunisie : Annulation des frais de scolarisation mensuels des \u00e9l\u00e8ves des classes pr\u00e9paratoires"},{"@type":"BreadcrumbList","@id":"https:\/\/www.webdo.tn\/fr\/actualite\/national\/tunisie-annulation-des-frais-de-scolarisation-mensuels-des-eleves-des-classes-preparatoires\/207921\/#breadcrumb","itemListElement":[{"@type":"ListItem","position":1,"name":"Accueil","item":"https:\/\/www.webdo.tn\/fr\/"},{"@type":"ListItem","position":2,"name":"Tunisie : Annulation des frais de scolarisation mensuels des \u00e9l\u00e8ves des classes pr\u00e9paratoires"}]},{"@type":"WebSite","@id":"https:\/\/www.webdo.tn\/fr\/#website","url":"https:\/\/www.webdo.tn\/fr\/","name":"webdo","description":"Tunisie - News en Tunisie et \u00e0 l&#039;international sur Webdo.tn","publisher":{"@id":"https:\/\/www.webdo.tn\/fr\/#organization"},"potentialAction":[{"@type":"SearchAction","target":{"@type":"EntryPoint","urlTemplate":"https:\/\/www.webdo.tn\/fr\/?s={search_term_string}"},"query-input":{"@type":"PropertyValueSpecification","valueRequired":true,"valueName":"search_term_string"}}],"inLanguage":"fr-FR"},{"@type":"Organization","@id":"https:\/\/www.webdo.tn\/fr\/#organization","name":"Webdo","alternateName":"Webdo.tn","url":"https:\/\/www.webdo.tn\/fr\/","logo":{"@type":"ImageObject","inLanguage":"fr-FR","@id":"https:\/\/www.webdo.tn\/fr\/#\/schema\/logo\/image\/","url":"https:\/\/www.webdo.tn\/fr\/wp-content\/uploads\/2025\/06\/Webdo-Tunisie_168377.jpg","contentUrl":"https:\/\/www.webdo.tn\/fr\/wp-content\/uploads\/2025\/06\/Webdo-Tunisie_168377.jpg","width":301,"height":301,"caption":"Webdo"},"image":{"@id":"https:\/\/www.webdo.tn\/fr\/#\/schema\/logo\/image\/"},"sameAs":["https:\/\/www.facebook.com\/webdotn","https:\/\/x.com\/webdo_tn"],"description":"Webdo est un m\u00e9dia num\u00e9rique tunisien fond\u00e9 en 2010, sp\u00e9cialis\u00e9 dans l\u2019actualit\u00e9 nationale et internationale, l\u2019\u00e9conomie, la soci\u00e9t\u00e9 et les analyses politiques. Le site s\u2019adresse \u00e0 un large public francophone et couvre l\u2019information tunisienne en temps r\u00e9el.","email":"redac@webdo.tn","legalName":"YNJ SARL","foundingDate":"2010-09-06","numberOfEmployees":{"@type":"QuantitativeValue","minValue":"11","maxValue":"50"}},{"@type":"Person","@id":"https:\/\/www.webdo.tn\/fr\/#\/schema\/person\/f35b42a42c5e2511bbd282959d6385cc","name":"CL","image":{"@type":"ImageObject","inLanguage":"fr-FR","@id":"https:\/\/secure.gravatar.com\/avatar\/1447a49909b67aa657c488aec6512e1dd6143a480c1ecfee9b5b5cd74eb3b59e?s=96&d=mm&r=g","url":"https:\/\/secure.gravatar.com\/avatar\/1447a49909b67aa657c488aec6512e1dd6143a480c1ecfee9b5b5cd74eb3b59e?s=96&d=mm&r=g","contentUrl":"https:\/\/secure.gravatar.com\/avatar\/1447a49909b67aa657c488aec6512e1dd6143a480c1ecfee9b5b5cd74eb3b59e?s=96&d=mm&r=g","caption":"CL"},"url":"https:\/\/www.webdo.tn\/fr\/actualite\/author\/cl\/"}]}},"_links":{"self":[{"href":"https:\/\/www.webdo.tn\/fr\/wp-json\/wp\/v2\/posts\/207921","targetHints":{"allow":["GET"]}}],"collection":[{"href":"https:\/\/www.webdo.tn\/fr\/wp-json\/wp\/v2\/posts"}],"about":[{"href":"https:\/\/www.webdo.tn\/fr\/wp-json\/wp\/v2\/types\/post"}],"author":[{"embeddable":true,"href":"https:\/\/www.webdo.tn\/fr\/wp-json\/wp\/v2\/users\/3175"}],"replies":[{"embeddable":true,"href":"https:\/\/www.webdo.tn\/fr\/wp-json\/wp\/v2\/comments?post=207921"}],"version-history":[{"count":0,"href":"https:\/\/www.webdo.tn\/fr\/wp-json\/wp\/v2\/posts\/207921\/revisions"}],"wp:featuredmedia":[{"embeddable":true,"href":"https:\/\/www.webdo.tn\/fr\/wp-json\/wp\/v2\/media\/278572"}],"wp:attachment":[{"href":"https:\/\/www.webdo.tn\/fr\/wp-json\/wp\/v2\/media?parent=207921"}],"wp:term":[{"taxonomy":"category","embeddable":true,"href":"https:\/\/www.webdo.tn\/fr\/wp-json\/wp\/v2\/categories?post=207921"},{"taxonomy":"post_tag","embeddable":true,"href":"https:\/\/www.webdo.tn\/fr\/wp-json\/wp\/v2\/tags?post=207921"}],"curies":[{"name":"wp","href":"https:\/\/api.w.org\/{rel}","templated":true}]}}